{"id":184457,"date":"2017-05-22T01:22:56","date_gmt":"2017-05-22T01:22:56","guid":{"rendered":"https:\/\/www.meydan.tv\/article\/dord-ailelik-kend\/"},"modified":"2021-10-29T16:17:00","modified_gmt":"2021-10-29T12:17:00","slug":"dord-ailelik-kend","status":"publish","type":"post","link":"https:\/\/www.meydan.tv\/az\/article\/dord-ailelik-kend\/","title":{"rendered":"D\u00f6rd ail\u0259lik k\u0259nd"},"content":{"rendered":"<p>\n  Astaran\u0131n q\u0259dim k\u0259ndl\u0259rind\u0259n biri olan S\u0259k\u0259\u015fam k\u0259ndind\u0259 \u0259vv\u0259ll\u0259r 40-dan \u00e7ox ail\u0259 ya\u015fayard\u0131.\n<\/p>\n<p>\n  1996-c\u0131 ild\u0259 k\u0259ndin transformatorunda ba\u015f vermi\u015f partlay\u0131\u015f k\u0259ndi i\u015f\u0131qs\u0131z qoyub. O g\u00fcnd\u0259n ta bu g\u00fcn\u0259 kimi k\u0259nd\u0259 i\u015f\u0131q \u00e7\u0259kilm\u0259yib.\n<\/p>\n<p>\n  Bundan sonra k\u0259nd sakinl\u0259ri hiss\u0259-hiss\u0259 k\u0259ndi t\u0259rk etm\u0259y\u0259 ba\u015flay\u0131blar. Haz\u0131rda k\u0259ndd\u0259 4 ail\u0259 ya\u015fay\u0131r. \u00d6z ehtiyaclar\u0131n\u0131 \u00f6d\u0259m\u0259k \u00fc\u00e7\u00fcn k\u0259nd sakinl\u0259ri odundan istifad\u0259 edirl\u0259r.\n<\/p>\n<p>\n  Onlar TV v\u0259 dig\u0259r elektronik vasit\u0259l\u0259rd\u0259n istifad\u0259 etm\u0259k \u00fc\u00e7\u00fcn generatorlardan istifad\u0259 edirl\u0259r. K\u0259nd sakinl\u0259ri d\u0259f\u0259l\u0259rl\u0259 aiddiyyat\u0131 qurumlara m\u00fcraci\u0259t ets\u0259l\u0259r d\u0259, problem h\u0259l\u0259 \u00f6z h\u0259llini tapa bilm\u0259yib.\n<\/p>\n<figure class=\"wp-block-image size-large\">\n  <img decoding=\"async\" src=\"https:\/\/www.meydan.tv\/az\/astaranin-sekesam-kendine-geden-yol\/\" alt=\"Astaran\u0131n S\u0259k\u0259\u015fam k\u0259ndin\u0259 ged\u0259n yol\" class=\"wp-image-85105\"\/><figcaption>\n    Astaran\u0131n S\u0259k\u0259\u015fam k\u0259ndin\u0259 ged\u0259n yol<br \/>\n  <\/figcaption><\/figure>\n<figure class=\"wp-block-image size-large\">\n  <img decoding=\"async\" src=\"https:\/\/www.meydan.tv\/az\/siradan-cixmis-elektrik-direyi-ve-meftilleri\/\" alt=\"S\u0131radan \u00e7\u0131xm\u0131\u015f elektrik dir\u0259yi v\u0259 m\u0259ftill\u0259ri\" class=\"wp-image-85108\"\/><figcaption>\n    S\u0131radan \u00e7\u0131xm\u0131\u015f elektrik dir\u0259yi v\u0259 m\u0259ftill\u0259ri<br \/>\n  <\/figcaption><\/figure>\n<figure class=\"wp-block-image size-large\">\n  <img decoding=\"async\" src=\"https:\/\/www.meydan.tv\/az\/1996-ci-ilde-partlamis-transformatorun-qaligi\/\" alt=\"1996-c\u0131 ild\u0259 partlam\u0131\u015f transformatorun qal\u0131\u011f\u0131\" class=\"wp-image-85111\"\/><figcaption>\n    1996-c\u0131 ild\u0259 partlam\u0131\u015f transformatorun qal\u0131\u011f\u0131<br \/>\n  <\/figcaption><\/figure>\n<figure class=\"wp-block-image size-large\">\n  <img decoding=\"async\" src=\"https:\/\/www.meydan.tv\/az\/kendde-isiq-olmadigindan-kend-sakinleri-qurumus-agaclari-keserek-odun-hazirlayir\/\" alt=\"K\u0259ndd\u0259 i\u015f\u0131q olmad\u0131\u011f\u0131ndan k\u0259nd sakinl\u0259ri qurumu\u015f a\u011faclar\u0131 k\u0259s\u0259r\u0259k odun haz\u0131rlay\u0131r\" class=\"wp-image-85114\"\/><figcaption>\n    K\u0259ndd\u0259 i\u015f\u0131q olmad\u0131\u011f\u0131ndan k\u0259nd sakinl\u0259ri qurumu\u015f a\u011faclar\u0131 k\u0259s\u0259r\u0259k odun haz\u0131rlay\u0131r<br \/>\n  <\/figcaption><\/figure>\n<figure class=\"wp-block-image size-large\">\n  <img decoding=\"async\" src=\"https:\/\/www.meydan.tv\/az\/daglar-qoynundaki-evler\/\" alt=\"Da\u011flar qoynundak\u0131 evl\u0259r\" class=\"wp-image-85117\"\/><figcaption>\n    Da\u011flar qoynundak\u0131 evl\u0259r<br \/>\n  <\/figcaption><\/figure>\n<p>\n  &lt;\n<\/p>\n<figure class=\"wp-block-image size-large\">\n  <img decoding=\"async\" src=\"https:\/\/www.meydan.tv\/az\/isiqsiz-kendin-sakinleri\/\" alt=\"\u0130\u015f\u0131qs\u0131z k\u0259ndin sakinl\u0259ri\" class=\"wp-image-85102\"\/><figcaption>\n    \u0130\u015f\u0131qs\u0131z k\u0259ndin sakinl\u0259ri<br \/>\n  <\/figcaption><\/figure>\n<figure class=\"wp-block-image size-large\">\n  <img decoding=\"async\" src=\"https:\/\/www.meydan.tv\/az\/mirehmed-eliyev\/\" alt=\"Mir\u0259hm\u0259d \u018fliyev\" class=\"wp-image-85120\"\/><figcaption>\n    Mir\u0259hm\u0259d \u018fliyev<br \/>\n  <\/figcaption><\/figure>\n<figure class=\"wp-block-image size-large\">\n  <img decoding=\"async\" src=\"https:\/\/www.meydan.tv\/az\/cahan-eliyeva-80-yas-ve-mirehmed-eliyev-81-yas\/\" alt=\"Cahan \u018fliyeva (80 ya\u015f) v\u0259 Mir\u0259hm\u0259d \u018fliyev (81 ya\u015f)\" class=\"wp-image-85123\"\/><figcaption>\n    Cahan \u018fliyeva (80 ya\u015f) v\u0259 Mir\u0259hm\u0259d \u018fliyev (81 ya\u015f)<br \/>\n  <\/figcaption><\/figure>\n<figure class=\"wp-block-image size-large\">\n  <img decoding=\"async\" src=\"https:\/\/www.meydan.tv\/az\/kendde-evlerde-isiq-saygaci-olsa-da-1996-ci-ilden-kend-isiq-uzune-hesretdir\/\" alt=\"K\u0259ndd\u0259 evl\u0259rd\u0259 i\u015f\u0131q say\u011fac\u0131 olsa da 1996-c\u0131 ild\u0259n k\u0259nd i\u015f\u0131q \u00fcz\u00fcn\u0259 h\u0259sr\u0259tdir\" class=\"wp-image-85126\"\/><figcaption>\n    K\u0259ndd\u0259 evl\u0259rd\u0259 i\u015f\u0131q say\u011fac\u0131 olsa da 1996-c\u0131 ild\u0259n k\u0259nd i\u015f\u0131q \u00fcz\u00fcn\u0259 h\u0259sr\u0259tdir<br \/>\n  <\/figcaption><\/figure>\n<figure class=\"wp-block-image size-large\">\n  <img decoding=\"async\" src=\"https:\/\/www.meydan.tv\/az\/kendin-yollari-berbad-oldugundan-ancaq-uaz-markali-masin-isleyir\/\" alt=\"K\u0259ndin yollar\u0131 b\u0259rbad oldu\u011fundan ancaq UAZ markal\u0131 ma\u015f\u0131n i\u015fl\u0259yir\" class=\"wp-image-85129\"\/><figcaption>\n    K\u0259ndin yollar\u0131 b\u0259rbad oldu\u011fundan ancaq UAZ markal\u0131 ma\u015f\u0131n i\u015fl\u0259yir<br \/>\n  <\/figcaption><\/figure>\n<figure class=\"wp-block-image size-large\">\n  <img decoding=\"async\" src=\"https:\/\/www.meydan.tv\/az\/efqan-eliyev-qurumus-agaclari-misarla-kesir\/\" alt=\"\u018ffqan \u018fliyev qurumu\u015f a\u011faclar\u0131 mi\u015farla k\u0259sir\" class=\"wp-image-85132\"\/><figcaption>\n    \u018ffqan \u018fliyev qurumu\u015f a\u011faclar\u0131 mi\u015farla k\u0259sir<br \/>\n  <\/figcaption><\/figure>\n<figure class=\"wp-block-image size-large\">\n  <img decoding=\"async\" src=\"https:\/\/www.meydan.tv\/az\/kendde-qaz-da-olmadigindan-kend-sakinleri-qurumus-agaclardan-odun-hazirlayaraq-istifade-edirler\/\" alt=\"K\u0259ndd\u0259 qaz da olmad\u0131\u011f\u0131ndan k\u0259nd sakinl\u0259ri qurumu\u015f a\u011faclardan odun haz\u0131rlayaraq istifad\u0259 edirl\u0259r\" class=\"wp-image-85144\"\/><figcaption>\n    K\u0259ndd\u0259 qaz da olmad\u0131\u011f\u0131ndan k\u0259nd sakinl\u0259ri qurumu\u015f a\u011faclardan odun haz\u0131rlayaraq istifad\u0259 edirl\u0259r<br \/>\n  <\/figcaption><\/figure>\n<figure class=\"wp-block-image size-large\">\n  <img decoding=\"async\" src=\"https:\/\/www.meydan.tv\/az\/qurumus-agaclar-yegane-istilik-menbeyidir\/\" alt=\"Qurumu\u015f a\u011faclar yegan\u0259 istilik m\u0259nb\u0259yidir\" class=\"wp-image-85135\"\/><figcaption>\n    Qurumu\u015f a\u011faclar yegan\u0259 istilik m\u0259nb\u0259yidir<br \/>\n  <\/figcaption><\/figure>\n<figure class=\"wp-block-image size-large\">\n  <img decoding=\"async\" src=\"https:\/\/www.meydan.tv\/az\/bu-kendde-odunsuz-kecinmek-mumkunsuzdur\/\" alt=\"Bu k\u0259ndd\u0259 odunsuz ke\u00e7inm\u0259k m\u00fcmk\u00fcns\u00fczd\u00fcr\" class=\"wp-image-85138\"\/><figcaption>\n    Bu k\u0259ndd\u0259 odunsuz ke\u00e7inm\u0259k m\u00fcmk\u00fcns\u00fczd\u00fcr<br \/>\n  <\/figcaption><\/figure>\n<figure class=\"wp-block-image size-large\">\n  <img decoding=\"async\" src=\"https:\/\/www.meydan.tv\/az\/cahan-nene-axsamlar-lampa-yandirir\/\" alt=\"Cahan n\u0259n\u0259 ax\u015famlar lampa yand\u0131r\u0131r\" class=\"wp-image-85141\"\/><figcaption>\n    Cahan n\u0259n\u0259 ax\u015famlar lampa yand\u0131r\u0131r<br \/>\n  <\/figcaption><\/figure>\n<figure class=\"wp-block-image size-large\">\n  <img decoding=\"async\" src=\"https:\/\/www.meydan.tv\/az\/efqan-eliyevin-ovladlari\/\" alt=\"\u018ffqan \u018fliyevin \u00f6vladlar\u0131\" class=\"wp-image-85147\"\/><figcaption>\n    \u018ffqan \u018fliyevin \u00f6vladlar\u0131<br \/>\n  <\/figcaption><\/figure>\n<figure class=\"wp-block-image size-large\">\n  <img decoding=\"async\" src=\"https:\/\/www.meydan.tv\/az\/efqan-eliyev-oz-evi-ucun-generator-alib-ki-axsamlar-televizor-ve-diger-meiset-islerini-gormek-ucun-elektrikden-istifade-etsinler\/\" alt=\"\u018ffqan \u018fliyev \u00f6z evi \u00fc\u00e7\u00fcn generator al\u0131b ki, ax\u015famlar televizor v\u0259 dig\u0259r m\u0259i\u015f\u0259t i\u015fl\u0259rini g\u00f6rm\u0259k \u00fc\u00e7\u00fcn elektrikd\u0259n istifad\u0259 etsinl\u0259r\" class=\"wp-image-85153\"\/><figcaption>\n    \u018ffqan \u018fliyev \u00f6z evi \u00fc\u00e7\u00fcn generator al\u0131b ki, ax\u015famlar televizor v\u0259 dig\u0259r m\u0259i\u015f\u0259t i\u015fl\u0259rini g\u00f6rm\u0259k \u00fc\u00e7\u00fcn elektrikd\u0259n istifad\u0259 etsinl\u0259r<br \/>\n  <\/figcaption><\/figure>\n<figure class=\"wp-block-image size-large\">\n  <img decoding=\"async\" src=\"https:\/\/www.meydan.tv\/az\/kendliler-geleceye-umidlidir\/\" alt=\"K\u0259ndlil\u0259r g\u0259l\u0259c\u0259y\u0259 \u00fcmidlidir\" class=\"wp-image-85150\"\/><figcaption>\n    K\u0259ndlil\u0259r g\u0259l\u0259c\u0259y\u0259 \u00fcmidlidir<br \/>\n  <\/figcaption><\/figure>\n<figure class=\"wp-block-image size-large\">\n  <img decoding=\"async\" src=\"https:\/\/www.meydan.tv\/az\/bu-evlerde-umidler-boyuyur\/\" alt=\"Bu evl\u0259rd\u0259 \u00fcmidl\u0259r b\u00f6y\u00fcy\u00fcr\" class=\"wp-image-85159\"\/><figcaption>\n    Bu evl\u0259rd\u0259 \u00fcmidl\u0259r b\u00f6y\u00fcy\u00fcr<br \/>\n  <\/figcaption><\/figure>\n","protected":false},"excerpt":{"rendered":"<p>Astaran\u0131n q\u0259dim k\u0259ndl\u0259rind\u0259n biri olan S\u0259k\u0259\u015fam k\u0259ndind\u0259 \u0259vv\u0259ll\u0259r 40-dan \u00e7ox ail\u0259 ya\u015fayard\u0131.<\/p>\n","protected":false},"author":11,"featured_media":85102,"comment_status":"closed","ping_status":"open","sticky":false,"template":"","format":"standard","meta":{"_acf_changed":false,"_sitemap_exclude":false,"_sitemap_priority":"","_sitemap_frequency":"","footnotes":""},"categories":[58],"tags":[],"class_list":["post-184457","post","type-post","status-publish","format-standard","has-post-thumbnail","hentry","category-fotoreportaj","infinite-scroll-item","generate-columns","tablet-grid-50","mobile-grid-100","grid-parent","grid-33","no-featured-image-padding"],"acf":[],"yoast_head":"<!-- This site is optimized with the Yoast SEO plugin v27.4 - https:\/\/yoast.com\/product\/yoast-seo-wordpress\/ -->\n<title>D\u00f6rd ail\u0259lik k\u0259nd - MEYDAN.TV<\/title>\n<meta name=\"robots\" content=\"index, follow, max-snippet:-1, max-image-preview:large, max-video-preview:-1\" \/>\n<link rel=\"canonical\" href=\"https:\/\/www.meydan.tv\/az\/article\/dord-ailelik-kend\/\" \/>\n<meta property=\"og:locale\" content=\"az_AZ\" \/>\n<meta property=\"og:type\" content=\"article\" \/>\n<meta property=\"og:title\" content=\"D\u00f6rd ail\u0259lik k\u0259nd - MEYDAN.TV\" \/>\n<meta property=\"og:description\" content=\"Astaran\u0131n q\u0259dim k\u0259ndl\u0259rind\u0259n biri olan S\u0259k\u0259\u015fam k\u0259ndind\u0259 \u0259vv\u0259ll\u0259r 40-dan \u00e7ox ail\u0259 ya\u015fayard\u0131.\" \/>\n<meta property=\"og:url\" content=\"https:\/\/www.meydan.tv\/az\/article\/dord-ailelik-kend\/\" \/>\n<meta property=\"og:site_name\" content=\"MEYDAN.TV\" \/>\n<meta property=\"article:published_time\" content=\"2017-05-22T01:22:56+00:00\" \/>\n<meta property=\"article:modified_time\" content=\"2021-10-29T12:17:00+00:00\" \/>\n<meta property=\"og:image\" content=\"https:\/\/www.meydan.tv\/wp-content\/uploads\/33467.jpg\" \/>\n\t<meta property=\"og:image:width\" content=\"1600\" \/>\n\t<meta property=\"og:image:height\" content=\"1067\" \/>\n\t<meta property=\"og:image:type\" content=\"image\/jpeg\" \/>\n<meta name=\"author\" content=\"user-manager\" \/>\n<meta name=\"twitter:card\" content=\"summary_large_image\" \/>\n<script type=\"application\/ld+json\" class=\"yoast-schema-graph\">{\"@context\":\"https:\\\/\\\/schema.org\",\"@graph\":[{\"@type\":\"Article\",\"@id\":\"https:\\\/\\\/www.meydan.tv\\\/az\\\/article\\\/dord-ailelik-kend\\\/#article\",\"isPartOf\":{\"@id\":\"https:\\\/\\\/www.meydan.tv\\\/az\\\/article\\\/dord-ailelik-kend\\\/\"},\"author\":{\"name\":\"user-manager\",\"@id\":\"https:\\\/\\\/www.meydan.tv\\\/az\\\/#\\\/schema\\\/person\\\/10d11eccf6da3662cf5fdab9806ea91a\"},\"headline\":\"D\u00f6rd ail\u0259lik k\u0259nd\",\"datePublished\":\"2017-05-22T01:22:56+00:00\",\"dateModified\":\"2021-10-29T12:17:00+00:00\",\"mainEntityOfPage\":{\"@id\":\"https:\\\/\\\/www.meydan.tv\\\/az\\\/article\\\/dord-ailelik-kend\\\/\"},\"wordCount\":357,\"publisher\":{\"@id\":\"https:\\\/\\\/www.meydan.tv\\\/az\\\/#organization\"},\"image\":{\"@id\":\"https:\\\/\\\/www.meydan.tv\\\/az\\\/article\\\/dord-ailelik-kend\\\/#primaryimage\"},\"thumbnailUrl\":\"https:\\\/\\\/www.meydan.tv\\\/wp-content\\\/uploads\\\/33467.jpg\",\"articleSection\":[\"Fotoreportaj\"],\"inLanguage\":\"az\"},{\"@type\":\"WebPage\",\"@id\":\"https:\\\/\\\/www.meydan.tv\\\/az\\\/article\\\/dord-ailelik-kend\\\/\",\"url\":\"https:\\\/\\\/www.meydan.tv\\\/az\\\/article\\\/dord-ailelik-kend\\\/\",\"name\":\"D\u00f6rd ail\u0259lik k\u0259nd - MEYDAN.TV\",\"isPartOf\":{\"@id\":\"https:\\\/\\\/www.meydan.tv\\\/az\\\/#website\"},\"primaryImageOfPage\":{\"@id\":\"https:\\\/\\\/www.meydan.tv\\\/az\\\/article\\\/dord-ailelik-kend\\\/#primaryimage\"},\"image\":{\"@id\":\"https:\\\/\\\/www.meydan.tv\\\/az\\\/article\\\/dord-ailelik-kend\\\/#primaryimage\"},\"thumbnailUrl\":\"https:\\\/\\\/www.meydan.tv\\\/wp-content\\\/uploads\\\/33467.jpg\",\"datePublished\":\"2017-05-22T01:22:56+00:00\",\"dateModified\":\"2021-10-29T12:17:00+00:00\",\"breadcrumb\":{\"@id\":\"https:\\\/\\\/www.meydan.tv\\\/az\\\/article\\\/dord-ailelik-kend\\\/#breadcrumb\"},\"inLanguage\":\"az\",\"potentialAction\":[{\"@type\":\"ReadAction\",\"target\":[\"https:\\\/\\\/www.meydan.tv\\\/az\\\/article\\\/dord-ailelik-kend\\\/\"]}]},{\"@type\":\"ImageObject\",\"inLanguage\":\"az\",\"@id\":\"https:\\\/\\\/www.meydan.tv\\\/az\\\/article\\\/dord-ailelik-kend\\\/#primaryimage\",\"url\":\"https:\\\/\\\/www.meydan.tv\\\/wp-content\\\/uploads\\\/33467.jpg\",\"contentUrl\":\"https:\\\/\\\/www.meydan.tv\\\/wp-content\\\/uploads\\\/33467.jpg\",\"width\":1600,\"height\":1067,\"caption\":\"Source:\"},{\"@type\":\"BreadcrumbList\",\"@id\":\"https:\\\/\\\/www.meydan.tv\\\/az\\\/article\\\/dord-ailelik-kend\\\/#breadcrumb\",\"itemListElement\":[{\"@type\":\"ListItem\",\"position\":1,\"name\":\"Ana s\u0259hif\u0259\",\"item\":\"https:\\\/\\\/www.meydan.tv\\\/az\\\/\"},{\"@type\":\"ListItem\",\"position\":2,\"name\":\"Fotoreportaj\",\"item\":\"https:\\\/\\\/www.meydan.tv\\\/az\\\/section\\\/fotoreportaj\\\/\"},{\"@type\":\"ListItem\",\"position\":3,\"name\":\"D\u00f6rd ail\u0259lik k\u0259nd\"}]},{\"@type\":\"WebSite\",\"@id\":\"https:\\\/\\\/www.meydan.tv\\\/az\\\/#website\",\"url\":\"https:\\\/\\\/www.meydan.tv\\\/az\\\/\",\"name\":\"MEYDAN.TV\",\"description\":\"Meydan TV Az\u0259rbaycan\u0131n media m\u0259kan\u0131ndak\u0131 alternativ s\u0259sidir\",\"publisher\":{\"@id\":\"https:\\\/\\\/www.meydan.tv\\\/az\\\/#organization\"},\"potentialAction\":[{\"@type\":\"SearchAction\",\"target\":{\"@type\":\"EntryPoint\",\"urlTemplate\":\"https:\\\/\\\/www.meydan.tv\\\/az\\\/?s={search_term_string}\"},\"query-input\":{\"@type\":\"PropertyValueSpecification\",\"valueRequired\":true,\"valueName\":\"search_term_string\"}}],\"inLanguage\":\"az\"},{\"@type\":\"Organization\",\"@id\":\"https:\\\/\\\/www.meydan.tv\\\/az\\\/#organization\",\"name\":\"Meydan TV\",\"url\":\"https:\\\/\\\/www.meydan.tv\\\/az\\\/\",\"logo\":{\"@type\":\"ImageObject\",\"inLanguage\":\"az\",\"@id\":\"https:\\\/\\\/www.meydan.tv\\\/az\\\/#\\\/schema\\\/logo\\\/image\\\/\",\"url\":\"https:\\\/\\\/www.meydan.tv\\\/wp-content\\\/uploads\\\/2021\\\/07\\\/meydan-logo.svg\",\"contentUrl\":\"https:\\\/\\\/www.meydan.tv\\\/wp-content\\\/uploads\\\/2021\\\/07\\\/meydan-logo.svg\",\"width\":195,\"height\":46,\"caption\":\"Meydan TV\"},\"image\":{\"@id\":\"https:\\\/\\\/www.meydan.tv\\\/az\\\/#\\\/schema\\\/logo\\\/image\\\/\"}},{\"@type\":\"Person\",\"@id\":\"https:\\\/\\\/www.meydan.tv\\\/az\\\/#\\\/schema\\\/person\\\/10d11eccf6da3662cf5fdab9806ea91a\",\"name\":\"user-manager\"}]}<\/script>\n<!-- \/ Yoast SEO plugin. -->","yoast_head_json":{"title":"D\u00f6rd ail\u0259lik k\u0259nd - MEYDAN.TV","robots":{"index":"index","follow":"follow","max-snippet":"max-snippet:-1","max-image-preview":"max-image-preview:large","max-video-preview":"max-video-preview:-1"},"canonical":"https:\/\/www.meydan.tv\/az\/article\/dord-ailelik-kend\/","og_locale":"az_AZ","og_type":"article","og_title":"D\u00f6rd ail\u0259lik k\u0259nd - MEYDAN.TV","og_description":"Astaran\u0131n q\u0259dim k\u0259ndl\u0259rind\u0259n biri olan S\u0259k\u0259\u015fam k\u0259ndind\u0259 \u0259vv\u0259ll\u0259r 40-dan \u00e7ox ail\u0259 ya\u015fayard\u0131.","og_url":"https:\/\/www.meydan.tv\/az\/article\/dord-ailelik-kend\/","og_site_name":"MEYDAN.TV","article_published_time":"2017-05-22T01:22:56+00:00","article_modified_time":"2021-10-29T12:17:00+00:00","og_image":[{"width":1600,"height":1067,"url":"https:\/\/www.meydan.tv\/wp-content\/uploads\/33467.jpg","type":"image\/jpeg"}],"author":"user-manager","twitter_card":"summary_large_image","schema":{"@context":"https:\/\/schema.org","@graph":[{"@type":"Article","@id":"https:\/\/www.meydan.tv\/az\/article\/dord-ailelik-kend\/#article","isPartOf":{"@id":"https:\/\/www.meydan.tv\/az\/article\/dord-ailelik-kend\/"},"author":{"name":"user-manager","@id":"https:\/\/www.meydan.tv\/az\/#\/schema\/person\/10d11eccf6da3662cf5fdab9806ea91a"},"headline":"D\u00f6rd ail\u0259lik k\u0259nd","datePublished":"2017-05-22T01:22:56+00:00","dateModified":"2021-10-29T12:17:00+00:00","mainEntityOfPage":{"@id":"https:\/\/www.meydan.tv\/az\/article\/dord-ailelik-kend\/"},"wordCount":357,"publisher":{"@id":"https:\/\/www.meydan.tv\/az\/#organization"},"image":{"@id":"https:\/\/www.meydan.tv\/az\/article\/dord-ailelik-kend\/#primaryimage"},"thumbnailUrl":"https:\/\/www.meydan.tv\/wp-content\/uploads\/33467.jpg","articleSection":["Fotoreportaj"],"inLanguage":"az"},{"@type":"WebPage","@id":"https:\/\/www.meydan.tv\/az\/article\/dord-ailelik-kend\/","url":"https:\/\/www.meydan.tv\/az\/article\/dord-ailelik-kend\/","name":"D\u00f6rd ail\u0259lik k\u0259nd - MEYDAN.TV","isPartOf":{"@id":"https:\/\/www.meydan.tv\/az\/#website"},"primaryImageOfPage":{"@id":"https:\/\/www.meydan.tv\/az\/article\/dord-ailelik-kend\/#primaryimage"},"image":{"@id":"https:\/\/www.meydan.tv\/az\/article\/dord-ailelik-kend\/#primaryimage"},"thumbnailUrl":"https:\/\/www.meydan.tv\/wp-content\/uploads\/33467.jpg","datePublished":"2017-05-22T01:22:56+00:00","dateModified":"2021-10-29T12:17:00+00:00","breadcrumb":{"@id":"https:\/\/www.meydan.tv\/az\/article\/dord-ailelik-kend\/#breadcrumb"},"inLanguage":"az","potentialAction":[{"@type":"ReadAction","target":["https:\/\/www.meydan.tv\/az\/article\/dord-ailelik-kend\/"]}]},{"@type":"ImageObject","inLanguage":"az","@id":"https:\/\/www.meydan.tv\/az\/article\/dord-ailelik-kend\/#primaryimage","url":"https:\/\/www.meydan.tv\/wp-content\/uploads\/33467.jpg","contentUrl":"https:\/\/www.meydan.tv\/wp-content\/uploads\/33467.jpg","width":1600,"height":1067,"caption":"Source:"},{"@type":"BreadcrumbList","@id":"https:\/\/www.meydan.tv\/az\/article\/dord-ailelik-kend\/#breadcrumb","itemListElement":[{"@type":"ListItem","position":1,"name":"Ana s\u0259hif\u0259","item":"https:\/\/www.meydan.tv\/az\/"},{"@type":"ListItem","position":2,"name":"Fotoreportaj","item":"https:\/\/www.meydan.tv\/az\/section\/fotoreportaj\/"},{"@type":"ListItem","position":3,"name":"D\u00f6rd ail\u0259lik k\u0259nd"}]},{"@type":"WebSite","@id":"https:\/\/www.meydan.tv\/az\/#website","url":"https:\/\/www.meydan.tv\/az\/","name":"MEYDAN.TV","description":"Meydan TV Az\u0259rbaycan\u0131n media m\u0259kan\u0131ndak\u0131 alternativ s\u0259sidir","publisher":{"@id":"https:\/\/www.meydan.tv\/az\/#organization"},"potentialAction":[{"@type":"SearchAction","target":{"@type":"EntryPoint","urlTemplate":"https:\/\/www.meydan.tv\/az\/?s={search_term_string}"},"query-input":{"@type":"PropertyValueSpecification","valueRequired":true,"valueName":"search_term_string"}}],"inLanguage":"az"},{"@type":"Organization","@id":"https:\/\/www.meydan.tv\/az\/#organization","name":"Meydan TV","url":"https:\/\/www.meydan.tv\/az\/","logo":{"@type":"ImageObject","inLanguage":"az","@id":"https:\/\/www.meydan.tv\/az\/#\/schema\/logo\/image\/","url":"https:\/\/www.meydan.tv\/wp-content\/uploads\/2021\/07\/meydan-logo.svg","contentUrl":"https:\/\/www.meydan.tv\/wp-content\/uploads\/2021\/07\/meydan-logo.svg","width":195,"height":46,"caption":"Meydan TV"},"image":{"@id":"https:\/\/www.meydan.tv\/az\/#\/schema\/logo\/image\/"}},{"@type":"Person","@id":"https:\/\/www.meydan.tv\/az\/#\/schema\/person\/10d11eccf6da3662cf5fdab9806ea91a","name":"user-manager"}]}},"_links":{"self":[{"href":"https:\/\/www.meydan.tv\/az\/wp-json\/wp\/v2\/posts\/184457","targetHints":{"allow":["GET"]}}],"collection":[{"href":"https:\/\/www.meydan.tv\/az\/wp-json\/wp\/v2\/posts"}],"about":[{"href":"https:\/\/www.meydan.tv\/az\/wp-json\/wp\/v2\/types\/post"}],"author":[{"embeddable":true,"href":"https:\/\/www.meydan.tv\/az\/wp-json\/wp\/v2\/users\/11"}],"replies":[{"embeddable":true,"href":"https:\/\/www.meydan.tv\/az\/wp-json\/wp\/v2\/comments?post=184457"}],"version-history":[{"count":1,"href":"https:\/\/www.meydan.tv\/az\/wp-json\/wp\/v2\/posts\/184457\/revisions"}],"predecessor-version":[{"id":216721,"href":"https:\/\/www.meydan.tv\/az\/wp-json\/wp\/v2\/posts\/184457\/revisions\/216721"}],"wp:featuredmedia":[{"embeddable":true,"href":"https:\/\/www.meydan.tv\/az\/wp-json\/wp\/v2\/media\/85102"}],"wp:attachment":[{"href":"https:\/\/www.meydan.tv\/az\/wp-json\/wp\/v2\/media?parent=184457"}],"wp:term":[{"taxonomy":"category","embeddable":true,"href":"https:\/\/www.meydan.tv\/az\/wp-json\/wp\/v2\/categories?post=184457"},{"taxonomy":"post_tag","embeddable":true,"href":"https:\/\/www.meydan.tv\/az\/wp-json\/wp\/v2\/tags?post=184457"}],"curies":[{"name":"wp","href":"https:\/\/api.w.org\/{rel}","templated":true}]}}