{"id":184449,"date":"2017-05-21T01:11:45","date_gmt":"2017-05-21T01:11:45","guid":{"rendered":"https:\/\/www.meydan.tv\/article\/gozlenilen-gerginlik\/"},"modified":"2017-05-21T01:11:45","modified_gmt":"2017-05-21T01:11:45","slug":"gozlenilen-gerginlik","status":"publish","type":"post","link":"https:\/\/www.meydan.tv\/az\/article\/gozlenilen-gerginlik\/","title":{"rendered":"G\u00f6zl\u0259nil\u0259n g\u0259rginlik"},"content":{"rendered":"<figure class=\"wp-block-image size-large\">\n  <img decoding=\"async\" src=\"https:\/\/www.meydan.tv\/az\/85078\/\" alt=\"\" class=\"wp-image-85078\"\/><figcaption><\/figcaption><\/figure>\n<p>\n  Erm\u0259nistan Silahl\u0131 Q\u00fcvv\u0259l\u0259rinin Az\u0259rbaycan\u0131n La\u00e7\u0131n rayonunu i\u015f\u011fal etm\u0259sinin 25 illiyi Qaraba\u011f m\u00fcnaqi\u015f\u0259si zonas\u0131nda h\u0259rbi-diplomatik g\u0259rginlikl\u0259 qeyd edilib.\n<\/p>\n<p>\n  AT\u018fT-in Minsk Qrupunun h\u0259ms\u0259drl\u0259ri may\u0131n 18-d\u0259 bununla ba\u011fl\u0131 b\u0259yanat yay\u0131blar. S\u0259n\u0259din tonu t\u0259kc\u0259 h\u0259r iki at\u0259\u015fk\u0259s t\u0259r\u0259find\u0259 deyil, h\u0259m d\u0259 Az\u0259rbaycan v\u0259 Erm\u0259nistan aras\u0131nda qalan h\u0259ms\u0259dr \u00f6lk\u0259l\u0259r t\u0259r\u0259find\u0259 d\u0259 h\u0259dsiz g\u0259rginlik oldu\u011funu g\u00f6st\u0259rir.\n<\/p>\n<p>\n  Bu yax\u0131nlarda at\u0259\u015fk\u0259s sazi\u015finin pozulmas\u0131n\u0131 pisl\u0259yirik v\u0259 t\u0259r\u0259fl\u0259ri m\u00fcnaqi\u015f\u0259 zonas\u0131nda g\u0259l\u0259c\u0259k g\u0259rginliyin qar\u015f\u0131s\u0131n\u0131 almaq \u00fc\u00e7\u00fcn b\u00fct\u00fcn z\u0259ruri t\u0259dbirl\u0259ri g\u00f6rm\u0259y\u0259 \u00e7a\u011f\u0131r\u0131r\u0131q, AB\u015e, Rusiya v\u0259 Fransa n\u00fcmay\u0259nd\u0259l\u0259rinin birg\u0259 b\u0259yanat\u0131nda bel\u0259 deyilir.\n<\/p>\n<p>\n  MQ-nin bir ne\u00e7\u0259 etibarl\u0131 m\u0259nb\u0259d\u0259n toplad\u0131\u011f\u0131 m\u0259lumata \u0259sas\u0259n, may\u0131n 15-d\u0259 Az\u0259rbaycan silahl\u0131 q\u00fcvv\u0259l\u0259ri t\u0259mas x\u0259ttind\u0259 raket buraxaraq, Erm\u0259nistan t\u0259r\u0259fin h\u0259rbi texnikas\u0131n\u0131 m\u0259hv edibl\u0259r. May\u0131n 16-da ax\u015fam v\u0259 17-d\u0259 Erm\u0259nistan silahl\u0131 q\u00fcvv\u0259l\u0259ri m\u00fcxt\u0259lif \u00e7apl\u0131 minaatanlardan cavab z\u0259rb\u0259l\u0259ri endiribl\u0259r. Bu add\u0131mlar h\u0259r iki t\u0259r\u0259fd\u0259n at\u0259\u015fk\u0259s rejiminin ciddi \u015f\u0259kild\u0259 pozulmas\u0131 dem\u0259kdir v\u0259 narahatl\u0131q \u00fc\u00e7\u00fcn \u0259sas verir, dey\u0259 b\u0259yanatda qeyd edilir.\n<\/p>\n<p>\n  Az\u0259rbaycan M\u00fcdafi\u0259 Nazirliyi may\u0131n 15-d\u0259 operativ qaydada bildirib ki, Erm\u0259nistan\u0131n hava h\u00fccumundan m\u00fcdafi\u0259 qo\u015funlar\u0131n\u0131n &#8220;OSA&#8221; zenit-raket kompleksi el\u0259 h\u0259min g\u00fcn c\u0259bh\u0259nin F\u00fczuli-Xocav\u0259nd istiqam\u0259tind\u0259 yeni m\u00f6vqey\u0259 ke\u00e7irilib v\u0259 Az\u0259rbaycan\u0131n hava m\u0259kan\u0131n\u0131 n\u0259zar\u0259t alt\u0131na g\u00f6t\u00fcrm\u0259y\u0259 c\u0259hd edilib. &#8220;Az\u0259rbaycan\u0131n u\u00e7an aparatlar\u0131na qar\u015f\u0131 t\u0259hl\u00fck\u0259nin aradan qald\u0131r\u0131lmas\u0131 v\u0259 d\u00fc\u015fm\u0259nin f\u0259all\u0131\u011f\u0131n\u0131n yat\u0131r\u0131lmas\u0131 m\u0259qs\u0259dil\u0259 a\u00e7\u0131lan at\u0259\u015fl\u0259rl\u0259 &#8220;OSA&#8221; zenit-raket kompleksi v\u0259 n\u0259qliyyat-silah dolduran ma\u015f\u0131n tamamil\u0259 s\u0131radan \u00e7\u0131xar\u0131l\u0131b, \u015f\u0259xsi hey\u0259t m\u0259hv edilib&#8221;.\n<\/p>\n<p>\n  Bel\u0259 bir sual yaran\u0131r, Erm\u0259nistan komandanl\u0131\u011f\u0131 hans\u0131 m\u0259qs\u0259dl\u0259 ZRK-ni \u00f6n m\u00f6vqel\u0259r\u0259 \u00e7\u0131xar\u0131b? Turan-da olan m\u0259lumata g\u00f6r\u0259, ZRK h\u0259qiq\u0259t\u0259n d\u0259 \u00f6n m\u00f6vqel\u0259r\u0259 \u00e7\u0131xar\u0131l\u0131b. Ola bil\u0259r ki, bu add\u0131mlar indiy\u0259d\u0259k Erm\u0259nistan R\u018fM \u00fc\u00e7\u00fcn \u0259l\u00e7atmaz olan Az\u0259rbaycan\u0131n pilotsuz aparatlar\u0131n\u0131n rahat m\u0259hv edilm\u0259sin\u0259 imkan ver\u0259n m\u00f6vqenin \u0259l\u0259 ke\u00e7irilm\u0259si m\u0259qs\u0259din\u0259 xidm\u0259t edirdi. B\u0259lk\u0259 d\u0259, Erm\u0259nistan t\u0259r\u0259fi Az\u0259rbaycan ordusunun uzaqdak\u0131 qapal\u0131 h\u0259d\u0259fl\u0259r\u0259 qar\u015f\u0131 m\u00fcbariz\u0259 qabiliyy\u0259tini yoxlay\u0131rd\u0131.\n<\/p>\n<p>\n  \u0130st\u0259nil\u0259n halda, i\u015fl\u0259k v\u0259ziyy\u0259td\u0259 olan raket qur\u011fusunun t\u0259mas x\u0259ttin\u0259 do\u011fru k\u00f6\u00e7\u00fcr\u00fclm\u0259si t\u0259xribat idi v\u0259 Erm\u0259nistan SQ-nin \u015f\u0259xsi hey\u0259ti aras\u0131nda g\u0259r\u0259ksiz itkil\u0259r\u0259 s\u0259b\u0259b oldu ki, r\u0259smi Yerevan bu itkil\u0259ri inkar edir.\n<\/p>\n<p>\n  Bu hadis\u0259 g\u00f6st\u0259rir ki, b\u00fct\u00fcn Qaraba\u011f regionunun i\u015f\u011fal\u0131n\u0131n, qanl\u0131 m\u00fcharib\u0259nin v\u0259 iki C\u0259nubi Qafqaz d\u00f6vl\u0259tinin uzun ill\u0259r davam ed\u0259n da\u011f\u0131d\u0131c\u0131 qar\u015f\u0131durmas\u0131n\u0131n ba\u015flan\u011f\u0131c\u0131n\u0131 qoyan La\u00e7\u0131n\u0131n i\u015f\u011fal\u0131ndan 25 il sonra m\u00fcnaqi\u015f\u0259 t\u0259r\u0259fl\u0259ri onun nizamlanmas\u0131na h\u0259rbi-siyasi yana\u015fmalar\u0131n\u0131 d\u0259yi\u015fdirm\u0259yibl\u0259r.\n<\/p>\n<p>\n  T\u0259r\u0259fl\u0259rin mart ay\u0131nda y\u00fcz kilometrl\u0259rl\u0259 d\u0259rinlikd\u0259 yerl\u0259\u015f\u0259n infrastruktur obyektl\u0259rin\u0259 z\u0259rb\u0259 endirm\u0259y\u0259 haz\u0131r olduqlar\u0131 haqq\u0131nda r\u0259smi v\u0259 qeyri-r\u0259smi b\u0259yanatlar\u0131ndan sonra may\u0131n 15-17-d\u0259 ba\u015f vermi\u015f h\u0259rbi g\u0259rginlik g\u00f6zl\u0259nil\u0259n idi. Bu b\u0259yanatlar n\u00f6vb\u0259ti d\u0259f\u0259 silahlanman\u0131n v\u0259 qar\u015f\u0131l\u0131ql\u0131 h\u0259d\u0259l\u0259rin g\u00fccl\u0259nm\u0259sinin ba\u015flan\u011f\u0131c\u0131n\u0131 qoyan aprel d\u00f6y\u00fc\u015fl\u0259rinin birinci ild\u00f6n\u00fcm\u00fc \u0259r\u0259f\u0259sind\u0259 s\u0259sl\u0259nib.\n<\/p>\n<p>\n  Turan Analitika Xidm\u0259tinin 2 aprel 2017-ci il tarixli &#8220;Aprel m\u00fcharib\u0259si &#8211; g\u0259rginlik t\u0259may\u00fcl\u00fc&#8221; adl\u0131 m\u0259qal\u0259sind\u0259 m\u00fcnaqi\u015f\u0259nin nizamlanmas\u0131, Qaraba\u011f m\u00fcnaqi\u015f\u0259sinin h\u0259rbi komponentinin g\u00fccl\u0259nm\u0259si v\u0259 h\u0259rbi \u0259h\u0259miyy\u0259tli daha geni\u015fmiqyasl\u0131 hadis\u0259l\u0259rin inki\u015faf\u0131 kontekstind\u0259 Erm\u0259nistan v\u0259 Az\u0259rbaycan\u0131n g\u00fcc x\u0259ttinin g\u00fccl\u0259nm\u0259si bar\u0259d\u0259 q\u0259na\u0259t ifad\u0259 olunub.\n<\/p>\n<p>\n  Az\u0259rbaycan X\u0130N t\u0259r\u0259find\u0259n &#8220;Az\u0259rbaycan Respublikas\u0131n\u0131n Silahl\u0131 Q\u00fcvv\u0259l\u0259ri Az\u0259rbaycan\u0131n suveren \u0259razil\u0259rind\u0259 yerl\u0259\u015fir v\u0259 Erm\u0259nistan\u0131n Az\u0259rbaycan \u0259razil\u0259rini i\u015f\u011fal etm\u0259si fonunda \u00f6lk\u0259mizin m\u00fcdafi\u0259sini v\u0259 m\u00fclki \u0259halinin t\u0259hl\u00fck\u0259sizliyini t\u0259min edir&#8221; sitat\u0131nda ifad\u0259 olunan MQ h\u0259ms\u0259drl\u0259rinin reaksiyas\u0131na k\u0259skin qiym\u0259t v\u0259 ba\u015f ver\u0259nl\u0259rl\u0259 ba\u011fl\u0131 prinsipial m\u00f6vqe beyn\u0259lxalq m\u00fc\u015fahid\u0259\u00e7il\u0259rin m\u00fc\u015fahid\u0259\u00e7i m\u00f6vqeyi fonunda h\u0259rbi xarakterli yeni g\u0259rginlikl\u0259rin g\u00f6zl\u0259nildiyind\u0259n x\u0259b\u0259r verir.<\/p>\n","protected":false},"excerpt":{"rendered":"<p>Erm\u0259nistan Silahl\u0131 Q\u00fcvv\u0259l\u0259rinin Az\u0259rbaycan\u0131n La\u00e7\u0131n rayonunu i\u015f\u011fal etm\u0259sinin 25 illiyi &#8230; <\/p>\n<p class=\"read-more-container\"><a title=\"G\u00f6zl\u0259nil\u0259n g\u0259rginlik\" class=\"read-more button\" href=\"https:\/\/www.meydan.tv\/az\/article\/gozlenilen-gerginlik\/#more-184449\" aria-label=\"Read more about G\u00f6zl\u0259nil\u0259n g\u0259rginlik\">Davam\u0131<\/a><\/p>\n","protected":false},"author":11,"featured_media":85078,"comment_status":"closed","ping_status":"open","sticky":false,"template":"","format":"standard","meta":{"_acf_changed":false,"_sitemap_exclude":false,"_sitemap_priority":"","_sitemap_frequency":"","footnotes":""},"categories":[51],"tags":[],"class_list":["post-184449","post","type-post","status-publish","format-standard","has-post-thumbnail","hentry","category-analitika","infinite-scroll-item","generate-columns","tablet-grid-50","mobile-grid-100","grid-parent","grid-33","no-featured-image-padding"],"acf":[],"yoast_head":"<!-- This site is optimized with the Yoast SEO plugin v27.4 - https:\/\/yoast.com\/product\/yoast-seo-wordpress\/ -->\n<title>G\u00f6zl\u0259nil\u0259n g\u0259rginlik - MEYDAN.TV<\/title>\n<meta name=\"robots\" content=\"index, follow, max-snippet:-1, max-image-preview:large, max-video-preview:-1\" \/>\n<link rel=\"canonical\" href=\"https:\/\/www.meydan.tv\/az\/article\/gozlenilen-gerginlik\/\" \/>\n<meta property=\"og:locale\" content=\"az_AZ\" \/>\n<meta property=\"og:type\" content=\"article\" \/>\n<meta property=\"og:title\" content=\"G\u00f6zl\u0259nil\u0259n g\u0259rginlik - MEYDAN.TV\" \/>\n<meta property=\"og:description\" content=\"Erm\u0259nistan Silahl\u0131 Q\u00fcvv\u0259l\u0259rinin Az\u0259rbaycan\u0131n La\u00e7\u0131n rayonunu i\u015f\u011fal etm\u0259sinin 25 illiyi ... Davam\u0131\" \/>\n<meta property=\"og:url\" content=\"https:\/\/www.meydan.tv\/az\/article\/gozlenilen-gerginlik\/\" \/>\n<meta property=\"og:site_name\" content=\"MEYDAN.TV\" \/>\n<meta property=\"article:published_time\" content=\"2017-05-21T01:11:45+00:00\" \/>\n<meta property=\"og:image\" content=\"https:\/\/www.meydan.tv\/wp-content\/uploads\/33458.jpg\" \/>\n\t<meta property=\"og:image:width\" content=\"800\" \/>\n\t<meta property=\"og:image:height\" content=\"450\" \/>\n\t<meta property=\"og:image:type\" content=\"image\/jpeg\" \/>\n<meta name=\"author\" content=\"user-manager\" \/>\n<meta name=\"twitter:card\" content=\"summary_large_image\" \/>\n<script type=\"application\/ld+json\" class=\"yoast-schema-graph\">{\"@context\":\"https:\\\/\\\/schema.org\",\"@graph\":[{\"@type\":\"Article\",\"@id\":\"https:\\\/\\\/www.meydan.tv\\\/az\\\/article\\\/gozlenilen-gerginlik\\\/#article\",\"isPartOf\":{\"@id\":\"https:\\\/\\\/www.meydan.tv\\\/az\\\/article\\\/gozlenilen-gerginlik\\\/\"},\"author\":{\"name\":\"user-manager\",\"@id\":\"https:\\\/\\\/www.meydan.tv\\\/az\\\/#\\\/schema\\\/person\\\/10d11eccf6da3662cf5fdab9806ea91a\"},\"headline\":\"G\u00f6zl\u0259nil\u0259n g\u0259rginlik\",\"datePublished\":\"2017-05-21T01:11:45+00:00\",\"mainEntityOfPage\":{\"@id\":\"https:\\\/\\\/www.meydan.tv\\\/az\\\/article\\\/gozlenilen-gerginlik\\\/\"},\"wordCount\":887,\"publisher\":{\"@id\":\"https:\\\/\\\/www.meydan.tv\\\/az\\\/#organization\"},\"image\":{\"@id\":\"https:\\\/\\\/www.meydan.tv\\\/az\\\/article\\\/gozlenilen-gerginlik\\\/#primaryimage\"},\"thumbnailUrl\":\"https:\\\/\\\/www.meydan.tv\\\/wp-content\\\/uploads\\\/33458.jpg\",\"articleSection\":[\"Analitika\"],\"inLanguage\":\"az\"},{\"@type\":\"WebPage\",\"@id\":\"https:\\\/\\\/www.meydan.tv\\\/az\\\/article\\\/gozlenilen-gerginlik\\\/\",\"url\":\"https:\\\/\\\/www.meydan.tv\\\/az\\\/article\\\/gozlenilen-gerginlik\\\/\",\"name\":\"G\u00f6zl\u0259nil\u0259n g\u0259rginlik - MEYDAN.TV\",\"isPartOf\":{\"@id\":\"https:\\\/\\\/www.meydan.tv\\\/az\\\/#website\"},\"primaryImageOfPage\":{\"@id\":\"https:\\\/\\\/www.meydan.tv\\\/az\\\/article\\\/gozlenilen-gerginlik\\\/#primaryimage\"},\"image\":{\"@id\":\"https:\\\/\\\/www.meydan.tv\\\/az\\\/article\\\/gozlenilen-gerginlik\\\/#primaryimage\"},\"thumbnailUrl\":\"https:\\\/\\\/www.meydan.tv\\\/wp-content\\\/uploads\\\/33458.jpg\",\"datePublished\":\"2017-05-21T01:11:45+00:00\",\"breadcrumb\":{\"@id\":\"https:\\\/\\\/www.meydan.tv\\\/az\\\/article\\\/gozlenilen-gerginlik\\\/#breadcrumb\"},\"inLanguage\":\"az\",\"potentialAction\":[{\"@type\":\"ReadAction\",\"target\":[\"https:\\\/\\\/www.meydan.tv\\\/az\\\/article\\\/gozlenilen-gerginlik\\\/\"]}]},{\"@type\":\"ImageObject\",\"inLanguage\":\"az\",\"@id\":\"https:\\\/\\\/www.meydan.tv\\\/az\\\/article\\\/gozlenilen-gerginlik\\\/#primaryimage\",\"url\":\"https:\\\/\\\/www.meydan.tv\\\/wp-content\\\/uploads\\\/33458.jpg\",\"contentUrl\":\"https:\\\/\\\/www.meydan.tv\\\/wp-content\\\/uploads\\\/33458.jpg\",\"width\":800,\"height\":450,\"caption\":\"Source:\"},{\"@type\":\"BreadcrumbList\",\"@id\":\"https:\\\/\\\/www.meydan.tv\\\/az\\\/article\\\/gozlenilen-gerginlik\\\/#breadcrumb\",\"itemListElement\":[{\"@type\":\"ListItem\",\"position\":1,\"name\":\"Ana s\u0259hif\u0259\",\"item\":\"https:\\\/\\\/www.meydan.tv\\\/az\\\/\"},{\"@type\":\"ListItem\",\"position\":2,\"name\":\"Analitika\",\"item\":\"https:\\\/\\\/www.meydan.tv\\\/az\\\/section\\\/analitika\\\/\"},{\"@type\":\"ListItem\",\"position\":3,\"name\":\"G\u00f6zl\u0259nil\u0259n g\u0259rginlik\"}]},{\"@type\":\"WebSite\",\"@id\":\"https:\\\/\\\/www.meydan.tv\\\/az\\\/#website\",\"url\":\"https:\\\/\\\/www.meydan.tv\\\/az\\\/\",\"name\":\"MEYDAN.TV\",\"description\":\"Meydan TV Az\u0259rbaycan\u0131n media m\u0259kan\u0131ndak\u0131 alternativ s\u0259sidir\",\"publisher\":{\"@id\":\"https:\\\/\\\/www.meydan.tv\\\/az\\\/#organization\"},\"potentialAction\":[{\"@type\":\"SearchAction\",\"target\":{\"@type\":\"EntryPoint\",\"urlTemplate\":\"https:\\\/\\\/www.meydan.tv\\\/az\\\/?s={search_term_string}\"},\"query-input\":{\"@type\":\"PropertyValueSpecification\",\"valueRequired\":true,\"valueName\":\"search_term_string\"}}],\"inLanguage\":\"az\"},{\"@type\":\"Organization\",\"@id\":\"https:\\\/\\\/www.meydan.tv\\\/az\\\/#organization\",\"name\":\"Meydan TV\",\"url\":\"https:\\\/\\\/www.meydan.tv\\\/az\\\/\",\"logo\":{\"@type\":\"ImageObject\",\"inLanguage\":\"az\",\"@id\":\"https:\\\/\\\/www.meydan.tv\\\/az\\\/#\\\/schema\\\/logo\\\/image\\\/\",\"url\":\"https:\\\/\\\/www.meydan.tv\\\/wp-content\\\/uploads\\\/2021\\\/07\\\/meydan-logo.svg\",\"contentUrl\":\"https:\\\/\\\/www.meydan.tv\\\/wp-content\\\/uploads\\\/2021\\\/07\\\/meydan-logo.svg\",\"width\":195,\"height\":46,\"caption\":\"Meydan TV\"},\"image\":{\"@id\":\"https:\\\/\\\/www.meydan.tv\\\/az\\\/#\\\/schema\\\/logo\\\/image\\\/\"}},{\"@type\":\"Person\",\"@id\":\"https:\\\/\\\/www.meydan.tv\\\/az\\\/#\\\/schema\\\/person\\\/10d11eccf6da3662cf5fdab9806ea91a\",\"name\":\"user-manager\"}]}<\/script>\n<!-- \/ Yoast SEO plugin. -->","yoast_head_json":{"title":"G\u00f6zl\u0259nil\u0259n g\u0259rginlik - MEYDAN.TV","robots":{"index":"index","follow":"follow","max-snippet":"max-snippet:-1","max-image-preview":"max-image-preview:large","max-video-preview":"max-video-preview:-1"},"canonical":"https:\/\/www.meydan.tv\/az\/article\/gozlenilen-gerginlik\/","og_locale":"az_AZ","og_type":"article","og_title":"G\u00f6zl\u0259nil\u0259n g\u0259rginlik - MEYDAN.TV","og_description":"Erm\u0259nistan Silahl\u0131 Q\u00fcvv\u0259l\u0259rinin Az\u0259rbaycan\u0131n La\u00e7\u0131n rayonunu i\u015f\u011fal etm\u0259sinin 25 illiyi ... Davam\u0131","og_url":"https:\/\/www.meydan.tv\/az\/article\/gozlenilen-gerginlik\/","og_site_name":"MEYDAN.TV","article_published_time":"2017-05-21T01:11:45+00:00","og_image":[{"width":800,"height":450,"url":"https:\/\/www.meydan.tv\/wp-content\/uploads\/33458.jpg","type":"image\/jpeg"}],"author":"user-manager","twitter_card":"summary_large_image","schema":{"@context":"https:\/\/schema.org","@graph":[{"@type":"Article","@id":"https:\/\/www.meydan.tv\/az\/article\/gozlenilen-gerginlik\/#article","isPartOf":{"@id":"https:\/\/www.meydan.tv\/az\/article\/gozlenilen-gerginlik\/"},"author":{"name":"user-manager","@id":"https:\/\/www.meydan.tv\/az\/#\/schema\/person\/10d11eccf6da3662cf5fdab9806ea91a"},"headline":"G\u00f6zl\u0259nil\u0259n g\u0259rginlik","datePublished":"2017-05-21T01:11:45+00:00","mainEntityOfPage":{"@id":"https:\/\/www.meydan.tv\/az\/article\/gozlenilen-gerginlik\/"},"wordCount":887,"publisher":{"@id":"https:\/\/www.meydan.tv\/az\/#organization"},"image":{"@id":"https:\/\/www.meydan.tv\/az\/article\/gozlenilen-gerginlik\/#primaryimage"},"thumbnailUrl":"https:\/\/www.meydan.tv\/wp-content\/uploads\/33458.jpg","articleSection":["Analitika"],"inLanguage":"az"},{"@type":"WebPage","@id":"https:\/\/www.meydan.tv\/az\/article\/gozlenilen-gerginlik\/","url":"https:\/\/www.meydan.tv\/az\/article\/gozlenilen-gerginlik\/","name":"G\u00f6zl\u0259nil\u0259n g\u0259rginlik - MEYDAN.TV","isPartOf":{"@id":"https:\/\/www.meydan.tv\/az\/#website"},"primaryImageOfPage":{"@id":"https:\/\/www.meydan.tv\/az\/article\/gozlenilen-gerginlik\/#primaryimage"},"image":{"@id":"https:\/\/www.meydan.tv\/az\/article\/gozlenilen-gerginlik\/#primaryimage"},"thumbnailUrl":"https:\/\/www.meydan.tv\/wp-content\/uploads\/33458.jpg","datePublished":"2017-05-21T01:11:45+00:00","breadcrumb":{"@id":"https:\/\/www.meydan.tv\/az\/article\/gozlenilen-gerginlik\/#breadcrumb"},"inLanguage":"az","potentialAction":[{"@type":"ReadAction","target":["https:\/\/www.meydan.tv\/az\/article\/gozlenilen-gerginlik\/"]}]},{"@type":"ImageObject","inLanguage":"az","@id":"https:\/\/www.meydan.tv\/az\/article\/gozlenilen-gerginlik\/#primaryimage","url":"https:\/\/www.meydan.tv\/wp-content\/uploads\/33458.jpg","contentUrl":"https:\/\/www.meydan.tv\/wp-content\/uploads\/33458.jpg","width":800,"height":450,"caption":"Source:"},{"@type":"BreadcrumbList","@id":"https:\/\/www.meydan.tv\/az\/article\/gozlenilen-gerginlik\/#breadcrumb","itemListElement":[{"@type":"ListItem","position":1,"name":"Ana s\u0259hif\u0259","item":"https:\/\/www.meydan.tv\/az\/"},{"@type":"ListItem","position":2,"name":"Analitika","item":"https:\/\/www.meydan.tv\/az\/section\/analitika\/"},{"@type":"ListItem","position":3,"name":"G\u00f6zl\u0259nil\u0259n g\u0259rginlik"}]},{"@type":"WebSite","@id":"https:\/\/www.meydan.tv\/az\/#website","url":"https:\/\/www.meydan.tv\/az\/","name":"MEYDAN.TV","description":"Meydan TV Az\u0259rbaycan\u0131n media m\u0259kan\u0131ndak\u0131 alternativ s\u0259sidir","publisher":{"@id":"https:\/\/www.meydan.tv\/az\/#organization"},"potentialAction":[{"@type":"SearchAction","target":{"@type":"EntryPoint","urlTemplate":"https:\/\/www.meydan.tv\/az\/?s={search_term_string}"},"query-input":{"@type":"PropertyValueSpecification","valueRequired":true,"valueName":"search_term_string"}}],"inLanguage":"az"},{"@type":"Organization","@id":"https:\/\/www.meydan.tv\/az\/#organization","name":"Meydan TV","url":"https:\/\/www.meydan.tv\/az\/","logo":{"@type":"ImageObject","inLanguage":"az","@id":"https:\/\/www.meydan.tv\/az\/#\/schema\/logo\/image\/","url":"https:\/\/www.meydan.tv\/wp-content\/uploads\/2021\/07\/meydan-logo.svg","contentUrl":"https:\/\/www.meydan.tv\/wp-content\/uploads\/2021\/07\/meydan-logo.svg","width":195,"height":46,"caption":"Meydan TV"},"image":{"@id":"https:\/\/www.meydan.tv\/az\/#\/schema\/logo\/image\/"}},{"@type":"Person","@id":"https:\/\/www.meydan.tv\/az\/#\/schema\/person\/10d11eccf6da3662cf5fdab9806ea91a","name":"user-manager"}]}},"_links":{"self":[{"href":"https:\/\/www.meydan.tv\/az\/wp-json\/wp\/v2\/posts\/184449","targetHints":{"allow":["GET"]}}],"collection":[{"href":"https:\/\/www.meydan.tv\/az\/wp-json\/wp\/v2\/posts"}],"about":[{"href":"https:\/\/www.meydan.tv\/az\/wp-json\/wp\/v2\/types\/post"}],"author":[{"embeddable":true,"href":"https:\/\/www.meydan.tv\/az\/wp-json\/wp\/v2\/users\/11"}],"replies":[{"embeddable":true,"href":"https:\/\/www.meydan.tv\/az\/wp-json\/wp\/v2\/comments?post=184449"}],"version-history":[{"count":0,"href":"https:\/\/www.meydan.tv\/az\/wp-json\/wp\/v2\/posts\/184449\/revisions"}],"wp:featuredmedia":[{"embeddable":true,"href":"https:\/\/www.meydan.tv\/az\/wp-json\/wp\/v2\/media\/85078"}],"wp:attachment":[{"href":"https:\/\/www.meydan.tv\/az\/wp-json\/wp\/v2\/media?parent=184449"}],"wp:term":[{"taxonomy":"category","embeddable":true,"href":"https:\/\/www.meydan.tv\/az\/wp-json\/wp\/v2\/categories?post=184449"},{"taxonomy":"post_tag","embeddable":true,"href":"https:\/\/www.meydan.tv\/az\/wp-json\/wp\/v2\/tags?post=184449"}],"curies":[{"name":"wp","href":"https:\/\/api.w.org\/{rel}","templated":true}]}}