{"id":184437,"date":"2017-05-20T03:51:59","date_gmt":"2017-05-20T03:51:59","guid":{"rendered":"https:\/\/www.meydan.tv\/article\/en-boyuk-gun\/"},"modified":"2017-05-20T03:51:59","modified_gmt":"2017-05-20T03:51:59","slug":"en-boyuk-gun","status":"publish","type":"post","link":"https:\/\/www.meydan.tv\/az\/article\/en-boyuk-gun\/","title":{"rendered":"\u018fn b\u00f6y\u00fck g\u00fcn"},"content":{"rendered":"<p>\n  May\u0131n 16-da d\u00f6vl\u0259t ba\u015f\u00e7\u0131s\u0131 Az\u0259rbaycan Demokratik Respublikas\u0131n\u0131n yaranmas\u0131n\u0131n 100 illiyinin t\u0259nt\u0259n\u0259li qeyd olunmas\u0131 haqq\u0131nda s\u0259r\u0259ncam imzalad\u0131. S\u0259r\u0259ncam\u0131n \u0259lam\u0259tdar tarix\u0259 1 il qalm\u0131\u015f imzalanmas\u0131 bir q\u0259d\u0259r g\u00f6zl\u0259nilm\u0259z oldu. G\u00f6zl\u0259nil\u0259n v\u0259 art\u0131q al\u0131\u015fd\u0131\u011f\u0131m\u0131z hadis\u0259 is\u0259 R\u0259sulzad\u0259 ba\u015fda olmaqla C\u00fcmhuriyy\u0259t xadiml\u0259rin\u0259 m\u00fcnasib\u0259td\u0259 s\u0259rgil\u0259n\u0259n anla\u015f\u0131lmaz q\u0131sqanc m\u00fcnasib\u0259t idi.\n<\/p>\n<p>\n  Bel\u0259 ki, s\u0259r\u0259ncamda Abbasqulu a\u011fa Bak\u0131xanovdan ba\u015flayaraq XIX \u0259sr \u2013 XX \u0259sin \u0259vv\u0259ll\u0259rind\u0259 f\u0259aliyy\u0259t g\u00f6st\u0259r\u0259n maarif\u00e7il\u0259r, el\u0259c\u0259 d\u0259 Heyd\u0259r \u018fliyev xat\u0131rlansa da, C\u00fcmhuriyy\u0259t xadiml\u0259rind\u0259n birc\u0259ciyinin ad\u0131 \u00e7\u0259kilmir. Lakin, dediyim kimi, bu, he\u00e7 d\u0259 g\u00f6zl\u0259nilm\u0259z deyildi.\n<\/p>\n<p>\n  Sosial \u015f\u0259b\u0259lk\u0259l\u0259rd\u0259 tez-tez payla\u015f\u0131lan bir videog\u00f6r\u00fcnt\u00fc var. 1990-c\u0131 ill\u0259rin \u0259vv\u0259ll\u0259rind\u0259 Nax\u00e7\u0131van\u0131n r\u0259hb\u0259ri olan Heyd\u0259r \u018fliyev Bak\u0131da R\u0259sulzad\u0259nin abid\u0259sinin olmamas\u0131na g\u00f6r\u0259 M\u00fct\u0259llibov hakimiyy\u0259tini t\u0259nqid edir. Lakin H.\u018fliyev \u00f6z\u00fc hakimiyy\u0259ti \u0259l\u0259 ke\u00e7irdikd\u0259n sonra R\u0259sulzad\u0259y\u0259 v\u0259 dig\u0259r C\u00fcmhuriyy\u0259t xadiml\u0259rin\u0259 olan r\u0259smi m\u00fcnasib\u0259t he\u00e7 d\u0259 yax\u015f\u0131ya do\u011fru d\u0259yi\u015fm\u0259di.\n<\/p>\n<p>\n  \u018fksin\u0259, R\u0259sulzad\u0259y\u0259 \u00f6lk\u0259nin m\u00fcxt\u0259lif yerl\u0259rind\u0259 ucald\u0131lm\u0131\u015f abid\u0259l\u0259r, b\u00fcstl\u0259r m\u00fcxt\u0259lif b\u0259han\u0259l\u0259rl\u0259 g\u00f6t\u00fcr\u00fcld\u00fc. 2000-ci ild\u0259 Bak\u0131 D\u00f6vl\u0259t Universitetind\u0259n R\u0259sulzad\u0259nin ad\u0131 silindi. Kukla Teatr\u0131 il\u0259 \u00fczb\u0259\u00fcz \u0259razid\u0259 R\u0259sulzad\u0259y\u0259 abid\u0259 qoyulmas\u0131 \u00fc\u00e7\u00fcn n\u0259z\u0259rd\u0259 tutulan yerd\u0259 f\u0259vvar\u0259 tikildi. Bak\u0131 D\u00f6vl\u0259t Universitetinin \u0259razisind\u0259 R\u0259sulzad\u0259y\u0259 abid\u0259 qoyulaca\u011f\u0131n\u0131 anons ed\u0259n da\u015f is\u0259 25 ildir oldu\u011fu kimi durur. 2013-c\u00fc ild\u0259 metronun &#8220;28 may&#8221; stansiyas\u0131nda apar\u0131lan t\u0259mir i\u015fl\u0259rind\u0259n sonra R\u0259sulzad\u0259nin \u0259ks olundu\u011fu panno l\u0259\u011fv edildi.\n<\/p>\n<p>\n  D\u0259f\u0259l\u0259rl\u0259 s\u0259sl\u0259n\u0259n t\u0259klifl\u0259r\u0259 baxmayaraq, R\u0259sulzad\u0259nin ev-muzeyi yarad\u0131lmad\u0131. C\u00fcmhuriyy\u0259t xadiml\u0259rinin n\u0259\u015finin V\u0259t\u0259n\u0259 g\u0259tirilm\u0259si kimi bir zamanlar ictimai d\u00fc\u015f\u00fcnc\u0259d\u0259 hakim olan fikird\u0259n is\u0259 he\u00e7 dan\u0131\u015fma\u011fa da d\u0259ym\u0259z.\n<\/p>\n<p>\n  \u00d6z\u00fcn\u00fc Az\u0259rbaycan Demokratik Respublikas\u0131n\u0131n varisi hesab ed\u0259n \u00e7a\u011fda\u015f d\u00f6vl\u0259timizin r\u0259hb\u0259rliyinin apard\u0131\u011f\u0131 bu m\u0259ntiqsiz siyas\u0259t n\u0259tic\u0259sind\u0259 ac\u0131nacaql\u0131 v\u0259ziyy\u0259t yaran\u0131b. T\u0259k-t\u00fck istisnalarla \u00f6lk\u0259nin inzibati vahidl\u0259rinin b\u00f6y\u00fck \u0259ks\u0259riyy\u0259tind\u0259 28 May Respublika G\u00fcn\u00fc ziyar\u0259t etm\u0259k, \u0259klil qoymaq \u00fc\u00e7\u00fcn bir xatir\u0259 yoxdur. Paytaxt Bak\u0131n\u0131n \u00f6z\u00fcnd\u0259 bel\u0259 insanlar\n<\/p>\n<p>\n  R\u0259sulzad\u0259nin do\u011fuldu\u011fu Novxan\u0131 k\u0259ndin\u0259 getm\u0259li, orada bayram aksiyas\u0131 ke\u00e7irm\u0259li olurlar.\n<\/p>\n<p>\n  Maraql\u0131d\u0131r, 1 il sonra d\u00f6vl\u0259t ba\u015f\u00e7\u0131s\u0131n\u0131n s\u0259r\u0259ncam\u0131na uy\u011fun olaraq C\u00fcmhuriyy\u0259tin 100 illiyini t\u0259nt\u0259n\u0259li qeyd ed\u0259n rayon r\u0259hb\u0259rl\u0259ri haran\u0131 ziyar\u0259t ed\u0259c\u0259kl\u0259r? H\u0259r\u00e7\u0259nd s\u0259r\u0259ncam\u0131n n\u0259 q\u0259d\u0259r dol\u011fun h\u0259yata ke\u00e7iril\u0259c\u0259yi d\u0259 bir ba\u015fqa suald\u0131r. 3 il \u00f6nc\u0259 M\u0259h\u0259mm\u0259d \u018fmin R\u0259sulzad\u0259nin 130 illiyi m\u00fcnasib\u0259til\u0259 analoji s\u0259r\u0259ncam verilm\u0259sin\u0259 baxmayaraq, x\u00fcsusi t\u0259dbirl\u0259r ke\u00e7irilm\u0259di.\n<\/p>\n<p>\n  Sadalanan neqativl\u0259 yana\u015f\u0131 C\u00fcmhuriyy\u0259t v\u0259 onun xadiml\u0259rin\u0259 m\u00fcnasib\u0259td\u0259 pozitiv c\u0259h\u0259tl\u0259ri d\u0259 qeyd etm\u0259k laz\u0131md\u0131r. H\u0259r\u00e7\u0259nd ki, bu pozitiv hakimiyy\u0259td\u0259n deyil, ictimaiyy\u0259td\u0259n qaynaqlan\u0131r.\n<\/p>\n<p>\n  2012-ci ild\u0259 dostlarla birg\u0259 28 May G\u00fcn\u00fcn\u00fc Ankarada qeyd etm\u0259k q\u0259rar\u0131na g\u0259ldik. S\u0259f\u0259rimizin \u0259sas hadis\u0259si t\u0259bii ki, R\u0259sulzad\u0259nin T\u00fcrkiy\u0259 paytaxt\u0131n\u0131n Cebeci rayonunda yerl\u0259\u015f\u0259n Asri m\u0259zarl\u0131\u011f\u0131ndak\u0131 q\u0259brini ziyar\u0259t etm\u0259k oldu. Bu zaman n\u0259inki Ankarada, h\u0259tta yax\u0131n v\u0259 o q\u0259d\u0259r d\u0259 yax\u0131n olmayan \u015f\u0259h\u0259rl\u0259rd\u0259 ya\u015fayan v\u0259 ya oxuyan xeyli sayda az\u0259rbaycanl\u0131n\u0131n R\u0259sulzad\u0259ni ziyar\u0259t\u0259 g\u0259lm\u0259sini g\u00f6rm\u0259k \u00e7ox sevindirici idi.\n<\/p>\n<p>\n  Az\u0259rbaycan Demokratik Respublikas\u0131n\u0131n bani-atalar\u0131n\u0131n xidm\u0259tl\u0259rinin unutdurulmas\u0131 istiqam\u0259tind\u0259 g\u00f6r\u00fcl\u0259n i\u015fl\u0259r\u0259, bir \u00e7ox halda haqs\u0131z t\u0259nqid\u0259 m\u0259ruz qalmalar\u0131na baxmayaraq toplumda onlara qar\u015f\u0131 sevgi n\u0259inki azalm\u0131r, \u0259ksin\u0259 artmaqdad\u0131r. T\u0259qvimd\u0259ki 2 g\u00fcn (31 yanvar R\u0259sulzad\u0259nin do\u011fum g\u00fcn\u00fc v\u0259 28 May Respublika g\u00fcn\u00fc) \u0259r\u0259f\u0259sind\u0259 bunu x\u00fcsusil\u0259 ayd\u0131n sezm\u0259k olur.\n<\/p>\n<p>\n  Bu g\u00fcnl\u0259r \u0259r\u0259f\u0259sind\u0259 sosial \u015f\u0259b\u0259k\u0259l\u0259r C\u00fcmhuriyy\u0259t\u0259 aid \u015f\u0259kill\u0259r, \u015f\u00fcarlar, sitatlarla b\u0259z\u0259nir. \u018fg\u0259r \u0259vv\u0259ll\u0259r bu y\u00f6nd\u0259 s\u0131rf m\u00fcxalif d\u00fc\u015f\u0259rg\u0259y\u0259 aid insanlar f\u0259all\u0131q edirdil\u0259rs\u0259, indi s\u0131ravi v\u0259t\u0259nda\u015flardan da eyni add\u0131m\u0131 g\u00f6rm\u0259k nadir hal deyil.\n<\/p>\n<p>\n  Bu proses sevindirici oldu\u011fu kimi h\u0259m d\u0259 d\u00fc\u015f\u00fcnd\u00fcr\u00fcc\u00fcd\u00fcr. C\u00fcmhuriyy\u0259t xadiml\u0259ri orta m\u0259kt\u0259bl\u0259r d\u0259 daxil he\u00e7 yerd\u0259 x\u00fcsusi t\u0259bli\u011f olunmurlar. \u018fksin\u0259, yuxar\u0131da yazd\u0131qlar\u0131mdan da g\u00f6r\u00fcnd\u00fcy\u00fc kimi onlar\u0131 unutdurma\u011fa \u00e7al\u0131\u015f\u0131l\u0131r. Lakin \u0259ks proses gedir. C\u00fcmhuriyy\u0259t sevgisi artmaqdad\u0131r.\n<\/p>\n<p>\n  V\u0259t\u0259nda\u015flar\u0131m\u0131z\u0131n b\u00f6y\u00fck bir hiss\u0259si R\u0259sulzad\u0259nin z\u0259ngin publisistikas\u0131 il\u0259 kifay\u0259t q\u0259d\u0259r tan\u0131\u015f deyill\u0259r. \u00c7oxu onun yaln\u0131z 1953-c\u00fc ild\u0259 \u201cAmerikan\u0131n s\u0259si\u201d radiosu il\u0259 \u00e7\u0131x\u0131\u015f\u0131n\u0131 dinl\u0259yib v\u0259 ya bu \u00e7\u0131x\u0131\u015f\u0131n m\u0259tnini oxuyub. Bir q\u0259d\u0259r ir\u0259li ged\u0259nl\u0259r h\u0259m d\u0259 \u201c\u018fsrimizin Siyavu\u015fu\u201dnu oxuyublar. Lakin bu s\u0259thi tan\u0131\u015fl\u0131q bel\u0259 R\u0259sulzad\u0259nin sehrin\u0259 d\u00fc\u015fm\u0259k \u00fc\u00e7\u00fcn kifay\u0259t edir.\n<\/p>\n<p>\n  Bel\u0259 hal\u0131n s\u0259b\u0259bl\u0259ri haqq\u0131nda \u00e7ox fikir s\u00f6yl\u0259m\u0259k olar. Lakin z\u0259nnimc\u0259, ba\u015fl\u0131ca s\u0259b\u0259b insanlar\u0131n R\u0259sulzad\u0259v\u0259t\u0259np\u0259rv\u0259rliyinin s\u0259mimiyy\u0259tin\u0259 \u015f\u00fcbh\u0259 etm\u0259m\u0259sidir. \u00d6nd\u0259rin \u015f\u0259xsi n\u00fcmun\u0259si, ya\u015fad\u0131\u011f\u0131 faci\u0259l\u0259r\u0259 v\u0259 m\u0259rhumiyy\u0259tl\u0259r\u0259 baxmayaraq, b\u00fct\u00fcn h\u0259yat\u0131n\u0131 Az\u0259rbaycan istiqlal m\u00fcbariz\u0259sin\u0259 s\u0259rf etm\u0259si, \u201cAz\u0259rbaycan\u201d iniltisi d\u00fcnyadan k\u00f6\u00e7m\u0259si insanlarda onun s\u0259mimiyy\u0259tin\u0259 \u0259minlik yarad\u0131r.\n<\/p>\n<p>\n  Bununla bel\u0259, v\u0259t\u0259nda\u015flar\u0131m\u0131za R\u0259sulzad\u0259ni daha \u00e7ox oxuma\u011f\u0131 t\u00f6vsiy\u0259 ed\u0259rdim. Onu \u00e7ox oxuduqca, daha \u00e7ox sevm\u0259m\u0259k m\u00fcmk\u00fcn deyil. Bir \u00e7ox halda d\u00f6vr\u00fcn\u00fc qabaqlayan fikirl\u0259ri, ali t\u0259hsil almamas\u0131na r\u0259\u011fm\u0259n geni\u015f bilgil\u0259ri v\u0259 intellekti, o zaman milli z\u0259mind\u0259 ba\u015f ver\u0259n qanl\u0131 hadis\u0259l\u0259r\u0259 baxmayaraq azac\u0131q da olsa ksenofobiyaya yol verm\u0259m\u0259si heyranedicidir. He\u00e7 bir subyektivizm\u0259 yuvarlanmadan s\u00f6yl\u0259m\u0259k m\u00fcmk\u00fcnd\u00fcr ki, R\u0259sulzad\u0259 XX \u0259srin \u0259n b\u00f6y\u00fck demokrat v\u0259 humanistl\u0259rind\u0259n biridir.\n<\/p>\n<p>\n  Az\u0259rbaycan Demokratik Respublikas\u0131 is\u0259 bildiyimiz kimi 23 ay ya\u015fad\u0131. Olduqca m\u00fcr\u0259kk\u0259b bir d\u00f6vr oldu. Bir m\u00fcdd\u0259t \u0259razi b\u00fct\u00f6vl\u00fcy\u00fc u\u011frnda m\u00fcbariz\u0259 apar\u0131ld\u0131. Bir m\u00fcdd\u0259t Birinci Cahan sava\u015f\u0131n\u0131n n\u0259tic\u0259si olaraq ingilisl\u0259r Bak\u0131ya qo\u015fun \u00e7\u0131xard\u0131lar. Q\u0259rb \u0259razil\u0259rind\u0259 erm\u0259nil\u0259rin permanent t\u0259xribatlar\u0131, L\u0259nk\u0259randa ruslar\u0131n Mu\u011fan sovet respublikas\u0131, sonra da \u015fimaldan Denikin v\u0259 bol\u015fevik t\u0259hl\u00fck\u0259si, v\u0259 n\u0259hay\u0259t, i\u015f\u011fal&#8230;\n<\/p>\n<p>\n  N\u0259tic\u0259d\u0259 C\u00fcmhuriyy\u0259t xadiml\u0259ri x\u0259yal etdikl\u0259rinin \u00e7ox hiss\u0259sini h\u0259yata ke\u00e7ir\u0259 bilm\u0259dil\u0259r. H\u0259tta parlament\u0259 q\u0259bul olunmu\u015f m\u00fct\u0259r\u0259qqi qanunlar\u0131 bel\u0259 h\u0259yatda t\u0259tbiq etm\u0259y\u0259 imkan olmad\u0131. Lakin onlar\u0131n Az\u0259rbaycana g\u0259tirdikl\u0259ri ideallar, f\u0259xar\u0259tl\u0259 xat\u0131rlad\u0131\u011f\u0131mz n\u00fcmun\u0259l\u0259r c\u00fcmhuriyy\u0259t\u00e7ilik fikrinin \u015f\u00fcurlarda k\u00f6k salmas\u0131na s\u0259b\u0259b oldu.\n<\/p>\n<p>\n  M\u0259h\u0259mm\u0259d \u018fmin R\u0259sulzad\u0259 28 May\u0131 \u201cAz\u0259rbaycan tarixinin \u0259n b\u00f6y\u00fck g\u00fcn\u00fc\u201d adland\u0131r\u0131rd\u0131. Bu, inkarolunmaz bir h\u0259qiq\u0259tdir. M\u00f6vcud hakimiyy\u0259tin inkar\u0131na baxmayaraq, bundan sonra \u00f6lk\u0259d\u0259 hans\u0131 hadis\u0259l\u0259rin ba\u015f verm\u0259sind\u0259n, hans\u0131 \u0259lam\u0259tdar nailiyy\u0259tl\u0259r \u0259ld\u0259 etm\u0259mizd\u0259n as\u0131l\u0131 olmayaraq 28 May tariximizin \u0259n b\u00f6y\u00fck g\u00fcn\u00fc kimi qalacaq. \u0130nkar\u00e7\u0131lar da bununla bar\u0131\u015fsalar yax\u015f\u0131 olar.\n<\/p>\n<p>\n  <i><br \/>\n    <b><br \/>\n      Yaz\u0131 m\u00fc\u0259llifin fikirl\u0259rini \u0259ks etdirir v\u0259 Meydan TV-nin m\u00f6vqeyi il\u0259 \u00fcst-\u00fcst\u0259 d\u00fc\u015fm\u0259y\u0259 bil\u0259r.<br \/>\n    <\/b><br \/>\n  <\/i><\/p>\n","protected":false},"excerpt":{"rendered":"<p>May\u0131n 16-da d\u00f6vl\u0259t ba\u015f\u00e7\u0131s\u0131 Az\u0259rbaycan Demokratik Respublikas\u0131n\u0131n yaranmas\u0131n\u0131n 100 illiyinin t\u0259nt\u0259n\u0259li qeyd olunmas\u0131 haqq\u0131nda s\u0259r\u0259ncam imzalad\u0131<\/p>\n","protected":false},"author":11,"featured_media":79633,"comment_status":"closed","ping_status":"open","sticky":false,"template":"","format":"standard","meta":{"_acf_changed":false,"_sitemap_exclude":false,"_sitemap_priority":"","_sitemap_frequency":"","footnotes":""},"categories":[57],"tags":[],"class_list":["post-184437","post","type-post","status-publish","format-standard","has-post-thumbnail","hentry","category-menim-fikrimce","infinite-scroll-item","generate-columns","tablet-grid-50","mobile-grid-100","grid-parent","grid-33","no-featured-image-padding"],"acf":[],"yoast_head":"<!-- This site is optimized with the Yoast SEO plugin v27.5 - https:\/\/yoast.com\/product\/yoast-seo-wordpress\/ -->\n<title>\u018fn b\u00f6y\u00fck g\u00fcn - MEYDAN.TV<\/title>\n<meta name=\"robots\" content=\"index, follow, max-snippet:-1, max-image-preview:large, max-video-preview:-1\" \/>\n<link rel=\"canonical\" href=\"https:\/\/www.meydan.tv\/az\/article\/en-boyuk-gun\/\" \/>\n<meta property=\"og:locale\" content=\"az_AZ\" \/>\n<meta property=\"og:type\" content=\"article\" \/>\n<meta property=\"og:title\" content=\"\u018fn b\u00f6y\u00fck g\u00fcn - MEYDAN.TV\" \/>\n<meta property=\"og:description\" content=\"May\u0131n 16-da d\u00f6vl\u0259t ba\u015f\u00e7\u0131s\u0131 Az\u0259rbaycan Demokratik Respublikas\u0131n\u0131n yaranmas\u0131n\u0131n 100 illiyinin t\u0259nt\u0259n\u0259li qeyd olunmas\u0131 haqq\u0131nda s\u0259r\u0259ncam imzalad\u0131\" \/>\n<meta property=\"og:url\" content=\"https:\/\/www.meydan.tv\/az\/article\/en-boyuk-gun\/\" \/>\n<meta property=\"og:site_name\" content=\"MEYDAN.TV\" \/>\n<meta property=\"article:published_time\" content=\"2017-05-20T03:51:59+00:00\" \/>\n<meta property=\"og:image\" content=\"https:\/\/www.meydan.tv\/wp-content\/uploads\/31027-1095x821.png\" \/>\n\t<meta property=\"og:image:width\" content=\"1095\" \/>\n\t<meta property=\"og:image:height\" content=\"821\" \/>\n\t<meta property=\"og:image:type\" content=\"image\/png\" \/>\n<meta name=\"author\" content=\"user-manager\" \/>\n<meta name=\"twitter:card\" content=\"summary_large_image\" \/>\n<script type=\"application\/ld+json\" class=\"yoast-schema-graph\">{\"@context\":\"https:\\\/\\\/schema.org\",\"@graph\":[{\"@type\":\"Article\",\"@id\":\"https:\\\/\\\/www.meydan.tv\\\/az\\\/article\\\/en-boyuk-gun\\\/#article\",\"isPartOf\":{\"@id\":\"https:\\\/\\\/www.meydan.tv\\\/az\\\/article\\\/en-boyuk-gun\\\/\"},\"author\":{\"name\":\"user-manager\",\"@id\":\"https:\\\/\\\/www.meydan.tv\\\/az\\\/#\\\/schema\\\/person\\\/10d11eccf6da3662cf5fdab9806ea91a\"},\"headline\":\"\u018fn b\u00f6y\u00fck g\u00fcn\",\"datePublished\":\"2017-05-20T03:51:59+00:00\",\"mainEntityOfPage\":{\"@id\":\"https:\\\/\\\/www.meydan.tv\\\/az\\\/article\\\/en-boyuk-gun\\\/\"},\"wordCount\":1461,\"publisher\":{\"@id\":\"https:\\\/\\\/www.meydan.tv\\\/az\\\/#organization\"},\"image\":{\"@id\":\"https:\\\/\\\/www.meydan.tv\\\/az\\\/article\\\/en-boyuk-gun\\\/#primaryimage\"},\"thumbnailUrl\":\"https:\\\/\\\/www.meydan.tv\\\/wp-content\\\/uploads\\\/31027.png\",\"articleSection\":[\"M\u0259nim Fikrimc\u0259\"],\"inLanguage\":\"az\"},{\"@type\":\"WebPage\",\"@id\":\"https:\\\/\\\/www.meydan.tv\\\/az\\\/article\\\/en-boyuk-gun\\\/\",\"url\":\"https:\\\/\\\/www.meydan.tv\\\/az\\\/article\\\/en-boyuk-gun\\\/\",\"name\":\"\u018fn b\u00f6y\u00fck g\u00fcn - MEYDAN.TV\",\"isPartOf\":{\"@id\":\"https:\\\/\\\/www.meydan.tv\\\/az\\\/#website\"},\"primaryImageOfPage\":{\"@id\":\"https:\\\/\\\/www.meydan.tv\\\/az\\\/article\\\/en-boyuk-gun\\\/#primaryimage\"},\"image\":{\"@id\":\"https:\\\/\\\/www.meydan.tv\\\/az\\\/article\\\/en-boyuk-gun\\\/#primaryimage\"},\"thumbnailUrl\":\"https:\\\/\\\/www.meydan.tv\\\/wp-content\\\/uploads\\\/31027.png\",\"datePublished\":\"2017-05-20T03:51:59+00:00\",\"breadcrumb\":{\"@id\":\"https:\\\/\\\/www.meydan.tv\\\/az\\\/article\\\/en-boyuk-gun\\\/#breadcrumb\"},\"inLanguage\":\"az\",\"potentialAction\":[{\"@type\":\"ReadAction\",\"target\":[\"https:\\\/\\\/www.meydan.tv\\\/az\\\/article\\\/en-boyuk-gun\\\/\"]}]},{\"@type\":\"ImageObject\",\"inLanguage\":\"az\",\"@id\":\"https:\\\/\\\/www.meydan.tv\\\/az\\\/article\\\/en-boyuk-gun\\\/#primaryimage\",\"url\":\"https:\\\/\\\/www.meydan.tv\\\/wp-content\\\/uploads\\\/31027.png\",\"contentUrl\":\"https:\\\/\\\/www.meydan.tv\\\/wp-content\\\/uploads\\\/31027.png\",\"width\":2732,\"height\":2048,\"caption\":\"Source:\"},{\"@type\":\"BreadcrumbList\",\"@id\":\"https:\\\/\\\/www.meydan.tv\\\/az\\\/article\\\/en-boyuk-gun\\\/#breadcrumb\",\"itemListElement\":[{\"@type\":\"ListItem\",\"position\":1,\"name\":\"Ana s\u0259hif\u0259\",\"item\":\"https:\\\/\\\/www.meydan.tv\\\/az\\\/\"},{\"@type\":\"ListItem\",\"position\":2,\"name\":\"M\u0259nim Fikrimc\u0259\",\"item\":\"https:\\\/\\\/www.meydan.tv\\\/az\\\/section\\\/menim-fikrimce\\\/\"},{\"@type\":\"ListItem\",\"position\":3,\"name\":\"\u018fn b\u00f6y\u00fck g\u00fcn\"}]},{\"@type\":\"WebSite\",\"@id\":\"https:\\\/\\\/www.meydan.tv\\\/az\\\/#website\",\"url\":\"https:\\\/\\\/www.meydan.tv\\\/az\\\/\",\"name\":\"MEYDAN.TV\",\"description\":\"Meydan TV Az\u0259rbaycan\u0131n media m\u0259kan\u0131ndak\u0131 alternativ s\u0259sidir\",\"publisher\":{\"@id\":\"https:\\\/\\\/www.meydan.tv\\\/az\\\/#organization\"},\"potentialAction\":[{\"@type\":\"SearchAction\",\"target\":{\"@type\":\"EntryPoint\",\"urlTemplate\":\"https:\\\/\\\/www.meydan.tv\\\/az\\\/?s={search_term_string}\"},\"query-input\":{\"@type\":\"PropertyValueSpecification\",\"valueRequired\":true,\"valueName\":\"search_term_string\"}}],\"inLanguage\":\"az\"},{\"@type\":\"Organization\",\"@id\":\"https:\\\/\\\/www.meydan.tv\\\/az\\\/#organization\",\"name\":\"Meydan TV\",\"url\":\"https:\\\/\\\/www.meydan.tv\\\/az\\\/\",\"logo\":{\"@type\":\"ImageObject\",\"inLanguage\":\"az\",\"@id\":\"https:\\\/\\\/www.meydan.tv\\\/az\\\/#\\\/schema\\\/logo\\\/image\\\/\",\"url\":\"https:\\\/\\\/www.meydan.tv\\\/wp-content\\\/uploads\\\/2021\\\/07\\\/meydan-logo.svg\",\"contentUrl\":\"https:\\\/\\\/www.meydan.tv\\\/wp-content\\\/uploads\\\/2021\\\/07\\\/meydan-logo.svg\",\"width\":195,\"height\":46,\"caption\":\"Meydan TV\"},\"image\":{\"@id\":\"https:\\\/\\\/www.meydan.tv\\\/az\\\/#\\\/schema\\\/logo\\\/image\\\/\"}},{\"@type\":\"Person\",\"@id\":\"https:\\\/\\\/www.meydan.tv\\\/az\\\/#\\\/schema\\\/person\\\/10d11eccf6da3662cf5fdab9806ea91a\",\"name\":\"user-manager\"}]}<\/script>\n<!-- \/ Yoast SEO plugin. -->","yoast_head_json":{"title":"\u018fn b\u00f6y\u00fck g\u00fcn - MEYDAN.TV","robots":{"index":"index","follow":"follow","max-snippet":"max-snippet:-1","max-image-preview":"max-image-preview:large","max-video-preview":"max-video-preview:-1"},"canonical":"https:\/\/www.meydan.tv\/az\/article\/en-boyuk-gun\/","og_locale":"az_AZ","og_type":"article","og_title":"\u018fn b\u00f6y\u00fck g\u00fcn - MEYDAN.TV","og_description":"May\u0131n 16-da d\u00f6vl\u0259t ba\u015f\u00e7\u0131s\u0131 Az\u0259rbaycan Demokratik Respublikas\u0131n\u0131n yaranmas\u0131n\u0131n 100 illiyinin t\u0259nt\u0259n\u0259li qeyd olunmas\u0131 haqq\u0131nda s\u0259r\u0259ncam imzalad\u0131","og_url":"https:\/\/www.meydan.tv\/az\/article\/en-boyuk-gun\/","og_site_name":"MEYDAN.TV","article_published_time":"2017-05-20T03:51:59+00:00","og_image":[{"width":1095,"height":821,"url":"https:\/\/www.meydan.tv\/wp-content\/uploads\/31027-1095x821.png","type":"image\/png"}],"author":"user-manager","twitter_card":"summary_large_image","schema":{"@context":"https:\/\/schema.org","@graph":[{"@type":"Article","@id":"https:\/\/www.meydan.tv\/az\/article\/en-boyuk-gun\/#article","isPartOf":{"@id":"https:\/\/www.meydan.tv\/az\/article\/en-boyuk-gun\/"},"author":{"name":"user-manager","@id":"https:\/\/www.meydan.tv\/az\/#\/schema\/person\/10d11eccf6da3662cf5fdab9806ea91a"},"headline":"\u018fn b\u00f6y\u00fck g\u00fcn","datePublished":"2017-05-20T03:51:59+00:00","mainEntityOfPage":{"@id":"https:\/\/www.meydan.tv\/az\/article\/en-boyuk-gun\/"},"wordCount":1461,"publisher":{"@id":"https:\/\/www.meydan.tv\/az\/#organization"},"image":{"@id":"https:\/\/www.meydan.tv\/az\/article\/en-boyuk-gun\/#primaryimage"},"thumbnailUrl":"https:\/\/www.meydan.tv\/wp-content\/uploads\/31027.png","articleSection":["M\u0259nim Fikrimc\u0259"],"inLanguage":"az"},{"@type":"WebPage","@id":"https:\/\/www.meydan.tv\/az\/article\/en-boyuk-gun\/","url":"https:\/\/www.meydan.tv\/az\/article\/en-boyuk-gun\/","name":"\u018fn b\u00f6y\u00fck g\u00fcn - MEYDAN.TV","isPartOf":{"@id":"https:\/\/www.meydan.tv\/az\/#website"},"primaryImageOfPage":{"@id":"https:\/\/www.meydan.tv\/az\/article\/en-boyuk-gun\/#primaryimage"},"image":{"@id":"https:\/\/www.meydan.tv\/az\/article\/en-boyuk-gun\/#primaryimage"},"thumbnailUrl":"https:\/\/www.meydan.tv\/wp-content\/uploads\/31027.png","datePublished":"2017-05-20T03:51:59+00:00","breadcrumb":{"@id":"https:\/\/www.meydan.tv\/az\/article\/en-boyuk-gun\/#breadcrumb"},"inLanguage":"az","potentialAction":[{"@type":"ReadAction","target":["https:\/\/www.meydan.tv\/az\/article\/en-boyuk-gun\/"]}]},{"@type":"ImageObject","inLanguage":"az","@id":"https:\/\/www.meydan.tv\/az\/article\/en-boyuk-gun\/#primaryimage","url":"https:\/\/www.meydan.tv\/wp-content\/uploads\/31027.png","contentUrl":"https:\/\/www.meydan.tv\/wp-content\/uploads\/31027.png","width":2732,"height":2048,"caption":"Source:"},{"@type":"BreadcrumbList","@id":"https:\/\/www.meydan.tv\/az\/article\/en-boyuk-gun\/#breadcrumb","itemListElement":[{"@type":"ListItem","position":1,"name":"Ana s\u0259hif\u0259","item":"https:\/\/www.meydan.tv\/az\/"},{"@type":"ListItem","position":2,"name":"M\u0259nim Fikrimc\u0259","item":"https:\/\/www.meydan.tv\/az\/section\/menim-fikrimce\/"},{"@type":"ListItem","position":3,"name":"\u018fn b\u00f6y\u00fck g\u00fcn"}]},{"@type":"WebSite","@id":"https:\/\/www.meydan.tv\/az\/#website","url":"https:\/\/www.meydan.tv\/az\/","name":"MEYDAN.TV","description":"Meydan TV Az\u0259rbaycan\u0131n media m\u0259kan\u0131ndak\u0131 alternativ s\u0259sidir","publisher":{"@id":"https:\/\/www.meydan.tv\/az\/#organization"},"potentialAction":[{"@type":"SearchAction","target":{"@type":"EntryPoint","urlTemplate":"https:\/\/www.meydan.tv\/az\/?s={search_term_string}"},"query-input":{"@type":"PropertyValueSpecification","valueRequired":true,"valueName":"search_term_string"}}],"inLanguage":"az"},{"@type":"Organization","@id":"https:\/\/www.meydan.tv\/az\/#organization","name":"Meydan TV","url":"https:\/\/www.meydan.tv\/az\/","logo":{"@type":"ImageObject","inLanguage":"az","@id":"https:\/\/www.meydan.tv\/az\/#\/schema\/logo\/image\/","url":"https:\/\/www.meydan.tv\/wp-content\/uploads\/2021\/07\/meydan-logo.svg","contentUrl":"https:\/\/www.meydan.tv\/wp-content\/uploads\/2021\/07\/meydan-logo.svg","width":195,"height":46,"caption":"Meydan TV"},"image":{"@id":"https:\/\/www.meydan.tv\/az\/#\/schema\/logo\/image\/"}},{"@type":"Person","@id":"https:\/\/www.meydan.tv\/az\/#\/schema\/person\/10d11eccf6da3662cf5fdab9806ea91a","name":"user-manager"}]}},"_links":{"self":[{"href":"https:\/\/www.meydan.tv\/az\/wp-json\/wp\/v2\/posts\/184437","targetHints":{"allow":["GET"]}}],"collection":[{"href":"https:\/\/www.meydan.tv\/az\/wp-json\/wp\/v2\/posts"}],"about":[{"href":"https:\/\/www.meydan.tv\/az\/wp-json\/wp\/v2\/types\/post"}],"author":[{"embeddable":true,"href":"https:\/\/www.meydan.tv\/az\/wp-json\/wp\/v2\/users\/11"}],"replies":[{"embeddable":true,"href":"https:\/\/www.meydan.tv\/az\/wp-json\/wp\/v2\/comments?post=184437"}],"version-history":[{"count":0,"href":"https:\/\/www.meydan.tv\/az\/wp-json\/wp\/v2\/posts\/184437\/revisions"}],"wp:featuredmedia":[{"embeddable":true,"href":"https:\/\/www.meydan.tv\/az\/wp-json\/wp\/v2\/media\/79633"}],"wp:attachment":[{"href":"https:\/\/www.meydan.tv\/az\/wp-json\/wp\/v2\/media?parent=184437"}],"wp:term":[{"taxonomy":"category","embeddable":true,"href":"https:\/\/www.meydan.tv\/az\/wp-json\/wp\/v2\/categories?post=184437"},{"taxonomy":"post_tag","embeddable":true,"href":"https:\/\/www.meydan.tv\/az\/wp-json\/wp\/v2\/tags?post=184437"}],"curies":[{"name":"wp","href":"https:\/\/api.w.org\/{rel}","templated":true}]}}