{"id":184425,"date":"2017-05-19T17:32:14","date_gmt":"2017-05-19T17:32:14","guid":{"rendered":"https:\/\/www.meydan.tv\/article\/sen-oldurursen-men-de-oldureceyem\/"},"modified":"2017-05-19T17:32:14","modified_gmt":"2017-05-19T17:32:14","slug":"sen-oldurursen-men-de-oldureceyem","status":"publish","type":"post","link":"https:\/\/www.meydan.tv\/az\/article\/sen-oldurursen-men-de-oldureceyem\/","title":{"rendered":"&#8221;S\u0259n \u00f6ld\u00fcr\u00fcrs\u0259n, m\u0259n d\u0259 \u00f6ld\u00fcr\u0259c\u0259y\u0259m&#8230;&#8221;"},"content":{"rendered":"<p>\n  C\u0259miyy\u0259timizin g\u00fcn\u00fc-g\u00fcnd\u0259n \u00f6lm\u0259si g\u00f6z\u00fcm\u00fcz\u00fcn qaba\u011f\u0131nda ba\u015f verir. S\u00fcr\u0259t art\u0131b. Ke\u00e7\u0259n il sevgilisi Aytac\u0131 \u00f6ld\u00fcr\u0259nd\u0259 he\u00e7 olmasa sosial \u015f\u0259b\u0259k\u0259l\u0259r \u00e7\u0259r\u00e7iv\u0259sind\u0259 h\u0259r\u0259k\u0259tl\u0259nm\u0259 olmu\u015fdu, bildirdik ki, bu, ay\u0131bd\u0131r, d\u00f6zm\u0259k ist\u0259mirik.\n<\/p>\n<p>\n  Bu il is\u0259 bir qarda\u015f ev\u0259 gec g\u0259l\u0259n bac\u0131s\u0131n\u0131 \u00f6ld\u00fcrd\u00fc. He\u00e7 bunu q\u0131nayan payla\u015f\u0131ma da rast g\u0259lm\u0259dim. Bu d\u0259f\u0259 veril\u0259n mesaj \u201cTa neyn\u0259k?! Tez-tez olur onsuz da\u201d idi.\n<\/p>\n<p>\n  O g\u00fcn yen\u0259 \u201cqul bazar\u0131\u201d adland\u0131r\u0131lan f\u0259hl\u0259 bazar\u0131ndan bir reportaja bax\u0131rd\u0131m. F\u0259hl\u0259l\u0259rin \u00e7\u0131x\u0131\u015flar\u0131 adam\u0131n \u0259tini \u00fcrp\u0259\u015fdirir. \u00c7ox a\u011f\u0131r v\u0259ziyy\u0259td\u0259dirl\u0259r. \u0130ll\u0259r \u0259vv\u0259l \u00f6z\u00fcm\u00fcn yolu ordan d\u00fc\u015f\u0259nd\u0259 ba\u015f\u0131ma g\u0259l\u0259nl\u0259r psixoloji travma kimi qal\u0131b m\u0259nd\u0259. Ma\u015f\u0131nla yax\u0131nla\u015fd\u0131q, 1 f\u0259hl\u0259 laz\u0131m idi ki, tikinti materiallar\u0131n\u0131 ma\u015f\u0131na y\u00fckl\u0259sin, sonra bo\u015fald\u0131b ev\u0259 qald\u0131rs\u0131n.\n<\/p>\n<p>\n  Ma\u015f\u0131n\u0131m\u0131z dayanmam\u0131\u015f bir qrup adam cumdu \u00fcst\u00fcm\u00fcz\u0259. S\u00fcr\u00fcc\u00fc saxlama\u011fa macal tapmam\u0131\u015f biri qabaq \u015f\u00fc\u015f\u0259y\u0259 tullan\u0131b m\u0259n t\u0259r\u0259fd\u0259n ma\u015f\u0131n\u0131 qucaqlad\u0131. Biri yer\u0259 uzand\u0131 ki, ma\u015f\u0131n dayans\u0131n. Qap\u0131n\u0131 a\u00e7d\u0131lar, d\u00fc\u015fd\u00fcm, ham\u0131s\u0131 bird\u0259n i\u015fin n\u0259 oldu\u011funu soru\u015fma\u011fa ba\u015flad\u0131lar. Kar\u0131xd\u0131m. \u018fn yax\u0131n\u0131mda olan sif\u0259t\u0259 \u00fcz\u00fcm\u00fc tutub dedim:\n<\/p>\n<p>\n  &#8211; S\u0259n ged\u0259 bil\u0259rs\u0259n?<br \/>\n  <br \/>\n  &#8211; 20 manat.<br \/>\n  <br \/>\n  &#8211; Qarda\u015f, i\u015f n\u0259dir, bilmirs\u0259n, birba\u015fa qiym\u0259t deyirs\u0259n.<br \/>\n  <br \/>\n  M\u0259nim qiym\u0259ti baha hesab etdiyimi d\u00fc\u015f\u00fcn\u00fcb d\u0259rhal dedi:<br \/>\n  <br \/>\n  &#8211; 2 manat.<br \/>\n  <br \/>\n  Bu fantastik \u201cendirim\u201dd\u0259n \u00e7a\u015fd\u0131m:<br \/>\n  <br \/>\n  &#8211; S\u0259n 1 saniy\u0259y\u0259 20 manatdan 2 manata d\u00fc\u015fd\u00fcn.<br \/>\n  <br \/>\n  &#8211; Qarda\u015f, bilirs\u0259n nec\u0259dir?! M\u0259n bu 2 manat\u0131 almasam, bu g\u00fcn u\u015faqlar\u0131m ac yatacaq.\n<\/p>\n<p>\n  Bu, t\u0259xmin\u0259n 2009-cu ild\u0259 ba\u015f verib \u2013 neft g\u0259lirl\u0259rinin guya camaat\u0131n v\u0259ziyy\u0259tini bir az d\u00fcz\u0259ltdiyi d\u00f6vrd\u0259. \u0130ndi v\u0259ziyy\u0259t daha a\u011f\u0131rd\u0131r. V\u0259ziyy\u0259tin a\u011f\u0131r olmas\u0131ndan \u0259n \u00e7ox \u0259ziyy\u0259t \u00e7\u0259k\u0259nl\u0259r \u0259halinin z\u0259if t\u0259b\u0259q\u0259sidir.\n<\/p>\n<p>\n  Burada \u201cz\u0259if\u201d s\u00f6z\u00fc t\u0259k maddi v\u0259ziyy\u0259ti ifad\u0259 etmir. \u00c7\u00fcnki c\u0259miyy\u0259t insan s\u00fcr\u00fcs\u00fcnd\u0259n b\u00f6y\u00fck olanda idar\u0259etm\u0259 aparat\u0131na t\u0259bii ehtiyac meydana \u00e7\u0131x\u0131r. Bu aparat is\u0259 \u0259slind\u0259 maddi, fiziki, \u0259qli, psixoloji v\u0259 s. (situasiyadan as\u0131l\u0131 olaraq, h\u0259r insan bu kateqoriyaya d\u00fc\u015f\u0259 bil\u0259r) insanlar\u0131 ya\u015famaq u\u011frunda m\u00fcbariz\u0259nin v\u0259h\u015filiyind\u0259n, sosial darvinizmd\u0259n qorumal\u0131d\u0131r. Yeri g\u0259lmi\u015fk\u0259n, idar\u0259etm\u0259 formalar\u0131n\u0131n h\u0259l\u0259 ki \u0259n m\u00fck\u0259mm\u0259li hesab edil\u0259n demokratiya \u00e7oxlu\u011fun hakimiyy\u0259td\u0259 qalma \u00fcsulu yox, \u00e7oxlu\u011fun z\u0259ruri olan hakimiyy\u0259tin\u0259 qar\u015f\u0131 dig\u0259rl\u0259rini qoruma vasit\u0259sidir.\n<\/p>\n<p>\n  Bu idar\u0259etm\u0259 aparat\u0131n\u0131n i\u015fl\u0259m\u0259m\u0259si v\u0259 ya yax\u015f\u0131 i\u015fl\u0259m\u0259m\u0259si n\u0259tic\u0259sind\u0259 bu \u201cz\u0259if\u201d kateqoriyas\u0131na d\u00fc\u015f\u0259n insanlar \u0259zilirl\u0259r. G\u00fccl\u00fc g\u00fccs\u00fcz\u00fc d\u00f6y\u00fcr, \u00e7oxbilmi\u015f (bic) saf\u0131 aldad\u0131r, \u0259claf sa\u011flam adam \u0259qli problemli adam\u0131 \u0259l\u0259 sal\u0131r v\u0259 s. Bizd\u0259 bu aparat \u2013 d\u00f6vl\u0259t \u00e7ox pis i\u015fl\u0259yir, hans\u0131sa t\u0259sad\u00fcfi tarixi f\u00fcrs\u0259td\u0259 hakimiyy\u0259ti \u0259l\u0259 ke\u00e7ir\u0259 bilmi\u015f bir qrup adam\u0131n \u00f6z\u00fcnd\u0259n z\u0259ifl\u0259r \u00fcz\u0259rind\u0259 t\u0259zyiqini h\u0259yata ke\u00e7irm\u0259y\u0259 xidm\u0259t edir. K\u00fctl\u0259 is\u0259 h\u0259mi\u015f\u0259 yuxar\u0131 bax\u0131b h\u0259r\u0259k\u0259t edir. Yuxar\u0131dak\u0131lar n\u0259 edirs\u0259, k\u00fctl\u0259 d\u0259 onu yams\u0131lay\u0131r.\n<\/p>\n<p>\n  M\u0259s\u0259l\u0259n, Az\u0259rbaycanda d\u0259l\u0259duzluq o q\u0259d\u0259r art\u0131b ki, polis\u0259 bu bar\u0259d\u0259 edil\u0259n \u015fikay\u0259tl\u0259rin \u0259ks\u0259riyy\u0259ti qeyd\u0259 al\u0131nm\u0131r. Bir tan\u0131\u015f demi\u015fdi ki, \u0259g\u0259r ham\u0131s\u0131n\u0131 qeyd\u0259 alsaq, polisin illik hesabat\u0131n\u0131n 90%-i d\u0259l\u0259duzluq i\u015fl\u0259rind\u0259n ibar\u0259t olar. Yaxud m\u00fcdirl\u0259r i\u015f\u00e7il\u0259rin\u0259 z\u00fclm verirl\u0259r, \u00f6z hakimiyy\u0259tl\u0259rini s\u00fcbut etm\u0259k \u00fc\u00e7\u00fcn i\u015f vaxt\u0131ndan sonra saxlay\u0131rlar, ota\u011fa gir\u0259nd\u0259 aya\u011fa durmalar\u0131n\u0131 t\u0259l\u0259b edirl\u0259r, m\u0259zuniyy\u0259td\u0259n k\u0259sirl\u0259r v\u0259 s. Yaxud ki\u015fil\u0259r arvadlar\u0131n\u0131, bac\u0131lar\u0131n\u0131 d\u00f6y\u00fcrl\u0259r, \u00f6z analar\u0131na qad\u0131n olduqlar\u0131na g\u00f6r\u0259 m\u0259hdudiyy\u0259t t\u0259tbiq edirl\u0259r, ba\u015fqalar\u0131n\u0131n analar\u0131n\u0131 is\u0259 s\u00f6y\u00fcrl\u0259r, q\u0131z \u00f6vladlar\u0131n\u0131 d\u00fcnyaya g\u0259lm\u0259mi\u015f \u00f6ld\u00fcr\u00fcrl\u0259r, d\u00fcnyaya g\u0259l\u0259nd\u0259 is\u0259 g\u0259ldikl\u0259rin\u0259 pe\u015fman edirl\u0259r.\n<\/p>\n<p>\n  G\u00fccl\u00fcl\u0259rin z\u0259ifl\u0259r qar\u015f\u0131s\u0131nda bu az\u011f\u0131nl\u0131\u011f\u0131 biz\u0259 tan\u0131\u015fd\u0131r \u2013 ona g\u00f6r\u0259 yox ki, h\u0259r g\u00fcn ham\u0131s\u0131n\u0131 g\u00f6r\u00fcr\u00fck, ona g\u00f6r\u0259 ki, biz bunlar\u0131n hans\u0131 n\u00fcmun\u0259d\u0259n b\u0259hr\u0259l\u0259ndikl\u0259rini h\u0259r g\u00fcn g\u00f6r\u00fcr\u00fck. Bayaq dediyim, hakimiyy\u0259ti t\u0259sad\u00fcf\u0259n q\u0259sb ed\u0259 bilmi\u015f bir qrup adam a\u011fal\u0131qlar\u0131n\u0131 s\u00fcbut el\u0259m\u0259k \u00fc\u00e7\u00fcn bizi \u0259leyhl\u0259rin\u0259 dan\u0131\u015fma\u011fa qoymurlar, pulumuzu o\u011furlay\u0131rlar, ayaq \u00fcst\u0259 onlar\u0131 alq\u0131\u015flama\u011f\u0131m\u0131z\u0131 t\u0259l\u0259b edirl\u0259r, \u00f6lk\u0259d\u0259n getm\u0259y\u0259 m\u0259cbur edirl\u0259r, riay\u0259t etm\u0259y\u0259nd\u0259 tuturlar, d\u00f6y\u00fcrl\u0259r, sat\u0131n al\u0131rlar, b\u0259z\u0259n \u00f6ld\u00fcr\u00fcrl\u0259r&#8230;\n<\/p>\n<p>\n  N\u00fcmun\u0259 g\u00f6z qaba\u011f\u0131ndad\u0131r. Yuxar\u0131lar n\u0259 edirs\u0259, k\u00fctl\u0259 f\u0259rqin\u0259 varmadan t\u0259krarlay\u0131r. Bu axmaq spiralda bir xeyli ki\u015fi var ki, h\u0259r situasiyada \u201cz\u0259if\u201d v\u0259ziyy\u0259tin\u0259 d\u00fc\u015f\u00fcrl\u0259r \u2013 r\u0259is a\u015fa\u011f\u0131lay\u0131r, polisd\u0259n qorxur, hakimiyy\u0259t\u0259 nifr\u0259t ed\u0259-ed\u0259 yaltaqlan\u0131r, n\u0259tic\u0259d\u0259 b\u00fct\u00fcn bu al\u00e7almaq hirsini t\u00f6km\u0259y\u0259 bir \u201cz\u0259if\u201d axtar\u0131r, g\u0259lib onu da evd\u0259 tap\u0131r \u2013 arvad\u0131n\u0131 d\u00f6y\u00fcr, q\u0131z\u0131n\u0131 abort edir, bac\u0131s\u0131n\u0131n kosmetikas\u0131n\u0131 q\u0131r\u0131b, tullay\u0131r, lap \u00e7ox al\u00e7alanda da vurub bunlardan birini \u00f6ld\u00fcr\u00fcr.\n<\/p>\n<p>\n  Q\u0259tiyy\u0259n o fikird\u0259 deyil\u0259m ki, bu ki\u015fil\u0259r t\u0259qsirsizdir v\u0259 b\u00fct\u00fcn t\u0259qsir \u201c\u015f\u0259rait\u201dd\u0259dir, \u0259ksin\u0259 bu \u015f\u0259rait\u0259 etiraz\u0131n\u0131 \u00f6z\u00fcnd\u0259n z\u0259ifin \u00fcz\u0259rind\u0259 g\u00f6st\u0259r\u0259n adamlar ikiqat m\u0259suliyy\u0259t da\u015f\u0131y\u0131r. \u018fg\u0259r bir paranoya k\u00fctl\u0259vidirs\u0259, orada f\u0259rdi t\u0259qsirl\u0259rd\u0259n ba\u015fqa \u0259sas, ana x\u0259tt var ki, bunu idar\u0259edicil\u0259r yarad\u0131r, \u0259sas t\u0259qsiri onlar da\u015f\u0131y\u0131r. Evd\u0259 qad\u0131nlar\u0131m\u0131z\u0131 d\u00f6y\u0259n, \u00f6ld\u00fcr\u0259n, ana-bac\u0131 s\u00f6hb\u0259tind\u0259 g\u0259ncl\u0259ri b\u0131\u00e7aqlayan, selektiv abort q\u0259tliam\u0131n\u0131 t\u00f6r\u0259d\u0259n bu hakimiyy\u0259tdir. \u018fslind\u0259 bu v\u0259h\u015filikl\u0259r insanlar\u0131n hakimiyy\u0259t\u0259 bir etiraz\u0131d\u0131r \u2013 s\u0259n d\u00f6y\u00fcrs\u0259n, m\u0259n d\u0259 d\u00f6y\u0259c\u0259y\u0259m, s\u0259n al\u00e7ald\u0131rsan, m\u0259n d\u0259 al\u00e7aldaca\u011fam, s\u0259n \u00f6ld\u00fcr\u00fcrs\u0259n, m\u0259n d\u0259 \u00f6ld\u00fcr\u0259c\u0259y\u0259m.<\/p>\n","protected":false},"excerpt":{"rendered":"<p>C\u0259miyy\u0259timizin g\u00fcn\u00fc-g\u00fcnd\u0259n \u00f6lm\u0259si g\u00f6z\u00fcm\u00fcz\u00fcn qaba\u011f\u0131nda ba\u015f verir<\/p>\n","protected":false},"author":11,"featured_media":79618,"comment_status":"closed","ping_status":"open","sticky":false,"template":"","format":"standard","meta":{"_acf_changed":false,"_sitemap_exclude":false,"_sitemap_priority":"","_sitemap_frequency":"","footnotes":""},"categories":[57],"tags":[],"class_list":["post-184425","post","type-post","status-publish","format-standard","has-post-thumbnail","hentry","category-menim-fikrimce","infinite-scroll-item","generate-columns","tablet-grid-50","mobile-grid-100","grid-parent","grid-33","no-featured-image-padding"],"acf":[],"yoast_head":"<!-- This site is optimized with the Yoast SEO plugin v27.5 - https:\/\/yoast.com\/product\/yoast-seo-wordpress\/ -->\n<title>&#039;&#039;S\u0259n \u00f6ld\u00fcr\u00fcrs\u0259n, m\u0259n d\u0259 \u00f6ld\u00fcr\u0259c\u0259y\u0259m...&#039;&#039; - MEYDAN.TV<\/title>\n<meta name=\"robots\" content=\"index, follow, max-snippet:-1, max-image-preview:large, max-video-preview:-1\" \/>\n<link rel=\"canonical\" href=\"https:\/\/www.meydan.tv\/az\/article\/sen-oldurursen-men-de-oldureceyem\/\" \/>\n<meta property=\"og:locale\" content=\"az_AZ\" \/>\n<meta property=\"og:type\" content=\"article\" \/>\n<meta property=\"og:title\" content=\"&#039;&#039;S\u0259n \u00f6ld\u00fcr\u00fcrs\u0259n, m\u0259n d\u0259 \u00f6ld\u00fcr\u0259c\u0259y\u0259m...&#039;&#039; - MEYDAN.TV\" \/>\n<meta property=\"og:description\" content=\"C\u0259miyy\u0259timizin g\u00fcn\u00fc-g\u00fcnd\u0259n \u00f6lm\u0259si g\u00f6z\u00fcm\u00fcz\u00fcn qaba\u011f\u0131nda ba\u015f verir\" \/>\n<meta property=\"og:url\" content=\"https:\/\/www.meydan.tv\/az\/article\/sen-oldurursen-men-de-oldureceyem\/\" \/>\n<meta property=\"og:site_name\" content=\"MEYDAN.TV\" \/>\n<meta property=\"article:published_time\" content=\"2017-05-19T17:32:14+00:00\" \/>\n<meta property=\"og:image\" content=\"https:\/\/www.meydan.tv\/wp-content\/uploads\/31024-1095x821.png\" \/>\n\t<meta property=\"og:image:width\" content=\"1095\" \/>\n\t<meta property=\"og:image:height\" content=\"821\" \/>\n\t<meta property=\"og:image:type\" content=\"image\/png\" \/>\n<meta name=\"author\" content=\"user-manager\" \/>\n<meta name=\"twitter:card\" content=\"summary_large_image\" \/>\n<script type=\"application\/ld+json\" class=\"yoast-schema-graph\">{\"@context\":\"https:\\\/\\\/schema.org\",\"@graph\":[{\"@type\":\"Article\",\"@id\":\"https:\\\/\\\/www.meydan.tv\\\/az\\\/article\\\/sen-oldurursen-men-de-oldureceyem\\\/#article\",\"isPartOf\":{\"@id\":\"https:\\\/\\\/www.meydan.tv\\\/az\\\/article\\\/sen-oldurursen-men-de-oldureceyem\\\/\"},\"author\":{\"name\":\"user-manager\",\"@id\":\"https:\\\/\\\/www.meydan.tv\\\/az\\\/#\\\/schema\\\/person\\\/10d11eccf6da3662cf5fdab9806ea91a\"},\"headline\":\"&#8221;S\u0259n \u00f6ld\u00fcr\u00fcrs\u0259n, m\u0259n d\u0259 \u00f6ld\u00fcr\u0259c\u0259y\u0259m&#8230;&#8221;\",\"datePublished\":\"2017-05-19T17:32:14+00:00\",\"mainEntityOfPage\":{\"@id\":\"https:\\\/\\\/www.meydan.tv\\\/az\\\/article\\\/sen-oldurursen-men-de-oldureceyem\\\/\"},\"wordCount\":1249,\"publisher\":{\"@id\":\"https:\\\/\\\/www.meydan.tv\\\/az\\\/#organization\"},\"image\":{\"@id\":\"https:\\\/\\\/www.meydan.tv\\\/az\\\/article\\\/sen-oldurursen-men-de-oldureceyem\\\/#primaryimage\"},\"thumbnailUrl\":\"https:\\\/\\\/www.meydan.tv\\\/wp-content\\\/uploads\\\/31024.png\",\"articleSection\":[\"M\u0259nim Fikrimc\u0259\"],\"inLanguage\":\"az\"},{\"@type\":\"WebPage\",\"@id\":\"https:\\\/\\\/www.meydan.tv\\\/az\\\/article\\\/sen-oldurursen-men-de-oldureceyem\\\/\",\"url\":\"https:\\\/\\\/www.meydan.tv\\\/az\\\/article\\\/sen-oldurursen-men-de-oldureceyem\\\/\",\"name\":\"''S\u0259n \u00f6ld\u00fcr\u00fcrs\u0259n, m\u0259n d\u0259 \u00f6ld\u00fcr\u0259c\u0259y\u0259m...'' - MEYDAN.TV\",\"isPartOf\":{\"@id\":\"https:\\\/\\\/www.meydan.tv\\\/az\\\/#website\"},\"primaryImageOfPage\":{\"@id\":\"https:\\\/\\\/www.meydan.tv\\\/az\\\/article\\\/sen-oldurursen-men-de-oldureceyem\\\/#primaryimage\"},\"image\":{\"@id\":\"https:\\\/\\\/www.meydan.tv\\\/az\\\/article\\\/sen-oldurursen-men-de-oldureceyem\\\/#primaryimage\"},\"thumbnailUrl\":\"https:\\\/\\\/www.meydan.tv\\\/wp-content\\\/uploads\\\/31024.png\",\"datePublished\":\"2017-05-19T17:32:14+00:00\",\"breadcrumb\":{\"@id\":\"https:\\\/\\\/www.meydan.tv\\\/az\\\/article\\\/sen-oldurursen-men-de-oldureceyem\\\/#breadcrumb\"},\"inLanguage\":\"az\",\"potentialAction\":[{\"@type\":\"ReadAction\",\"target\":[\"https:\\\/\\\/www.meydan.tv\\\/az\\\/article\\\/sen-oldurursen-men-de-oldureceyem\\\/\"]}]},{\"@type\":\"ImageObject\",\"inLanguage\":\"az\",\"@id\":\"https:\\\/\\\/www.meydan.tv\\\/az\\\/article\\\/sen-oldurursen-men-de-oldureceyem\\\/#primaryimage\",\"url\":\"https:\\\/\\\/www.meydan.tv\\\/wp-content\\\/uploads\\\/31024.png\",\"contentUrl\":\"https:\\\/\\\/www.meydan.tv\\\/wp-content\\\/uploads\\\/31024.png\",\"width\":2732,\"height\":2048,\"caption\":\"Source:\"},{\"@type\":\"BreadcrumbList\",\"@id\":\"https:\\\/\\\/www.meydan.tv\\\/az\\\/article\\\/sen-oldurursen-men-de-oldureceyem\\\/#breadcrumb\",\"itemListElement\":[{\"@type\":\"ListItem\",\"position\":1,\"name\":\"Ana s\u0259hif\u0259\",\"item\":\"https:\\\/\\\/www.meydan.tv\\\/az\\\/\"},{\"@type\":\"ListItem\",\"position\":2,\"name\":\"M\u0259nim Fikrimc\u0259\",\"item\":\"https:\\\/\\\/www.meydan.tv\\\/az\\\/section\\\/menim-fikrimce\\\/\"},{\"@type\":\"ListItem\",\"position\":3,\"name\":\"&#8221;S\u0259n \u00f6ld\u00fcr\u00fcrs\u0259n, m\u0259n d\u0259 \u00f6ld\u00fcr\u0259c\u0259y\u0259m&#8230;&#8221;\"}]},{\"@type\":\"WebSite\",\"@id\":\"https:\\\/\\\/www.meydan.tv\\\/az\\\/#website\",\"url\":\"https:\\\/\\\/www.meydan.tv\\\/az\\\/\",\"name\":\"MEYDAN.TV\",\"description\":\"Meydan TV Az\u0259rbaycan\u0131n media m\u0259kan\u0131ndak\u0131 alternativ s\u0259sidir\",\"publisher\":{\"@id\":\"https:\\\/\\\/www.meydan.tv\\\/az\\\/#organization\"},\"potentialAction\":[{\"@type\":\"SearchAction\",\"target\":{\"@type\":\"EntryPoint\",\"urlTemplate\":\"https:\\\/\\\/www.meydan.tv\\\/az\\\/?s={search_term_string}\"},\"query-input\":{\"@type\":\"PropertyValueSpecification\",\"valueRequired\":true,\"valueName\":\"search_term_string\"}}],\"inLanguage\":\"az\"},{\"@type\":\"Organization\",\"@id\":\"https:\\\/\\\/www.meydan.tv\\\/az\\\/#organization\",\"name\":\"Meydan TV\",\"url\":\"https:\\\/\\\/www.meydan.tv\\\/az\\\/\",\"logo\":{\"@type\":\"ImageObject\",\"inLanguage\":\"az\",\"@id\":\"https:\\\/\\\/www.meydan.tv\\\/az\\\/#\\\/schema\\\/logo\\\/image\\\/\",\"url\":\"https:\\\/\\\/www.meydan.tv\\\/wp-content\\\/uploads\\\/2021\\\/07\\\/meydan-logo.svg\",\"contentUrl\":\"https:\\\/\\\/www.meydan.tv\\\/wp-content\\\/uploads\\\/2021\\\/07\\\/meydan-logo.svg\",\"width\":195,\"height\":46,\"caption\":\"Meydan TV\"},\"image\":{\"@id\":\"https:\\\/\\\/www.meydan.tv\\\/az\\\/#\\\/schema\\\/logo\\\/image\\\/\"}},{\"@type\":\"Person\",\"@id\":\"https:\\\/\\\/www.meydan.tv\\\/az\\\/#\\\/schema\\\/person\\\/10d11eccf6da3662cf5fdab9806ea91a\",\"name\":\"user-manager\"}]}<\/script>\n<!-- \/ Yoast SEO plugin. -->","yoast_head_json":{"title":"''S\u0259n \u00f6ld\u00fcr\u00fcrs\u0259n, m\u0259n d\u0259 \u00f6ld\u00fcr\u0259c\u0259y\u0259m...'' - MEYDAN.TV","robots":{"index":"index","follow":"follow","max-snippet":"max-snippet:-1","max-image-preview":"max-image-preview:large","max-video-preview":"max-video-preview:-1"},"canonical":"https:\/\/www.meydan.tv\/az\/article\/sen-oldurursen-men-de-oldureceyem\/","og_locale":"az_AZ","og_type":"article","og_title":"''S\u0259n \u00f6ld\u00fcr\u00fcrs\u0259n, m\u0259n d\u0259 \u00f6ld\u00fcr\u0259c\u0259y\u0259m...'' - MEYDAN.TV","og_description":"C\u0259miyy\u0259timizin g\u00fcn\u00fc-g\u00fcnd\u0259n \u00f6lm\u0259si g\u00f6z\u00fcm\u00fcz\u00fcn qaba\u011f\u0131nda ba\u015f verir","og_url":"https:\/\/www.meydan.tv\/az\/article\/sen-oldurursen-men-de-oldureceyem\/","og_site_name":"MEYDAN.TV","article_published_time":"2017-05-19T17:32:14+00:00","og_image":[{"width":1095,"height":821,"url":"https:\/\/www.meydan.tv\/wp-content\/uploads\/31024-1095x821.png","type":"image\/png"}],"author":"user-manager","twitter_card":"summary_large_image","schema":{"@context":"https:\/\/schema.org","@graph":[{"@type":"Article","@id":"https:\/\/www.meydan.tv\/az\/article\/sen-oldurursen-men-de-oldureceyem\/#article","isPartOf":{"@id":"https:\/\/www.meydan.tv\/az\/article\/sen-oldurursen-men-de-oldureceyem\/"},"author":{"name":"user-manager","@id":"https:\/\/www.meydan.tv\/az\/#\/schema\/person\/10d11eccf6da3662cf5fdab9806ea91a"},"headline":"&#8221;S\u0259n \u00f6ld\u00fcr\u00fcrs\u0259n, m\u0259n d\u0259 \u00f6ld\u00fcr\u0259c\u0259y\u0259m&#8230;&#8221;","datePublished":"2017-05-19T17:32:14+00:00","mainEntityOfPage":{"@id":"https:\/\/www.meydan.tv\/az\/article\/sen-oldurursen-men-de-oldureceyem\/"},"wordCount":1249,"publisher":{"@id":"https:\/\/www.meydan.tv\/az\/#organization"},"image":{"@id":"https:\/\/www.meydan.tv\/az\/article\/sen-oldurursen-men-de-oldureceyem\/#primaryimage"},"thumbnailUrl":"https:\/\/www.meydan.tv\/wp-content\/uploads\/31024.png","articleSection":["M\u0259nim Fikrimc\u0259"],"inLanguage":"az"},{"@type":"WebPage","@id":"https:\/\/www.meydan.tv\/az\/article\/sen-oldurursen-men-de-oldureceyem\/","url":"https:\/\/www.meydan.tv\/az\/article\/sen-oldurursen-men-de-oldureceyem\/","name":"''S\u0259n \u00f6ld\u00fcr\u00fcrs\u0259n, m\u0259n d\u0259 \u00f6ld\u00fcr\u0259c\u0259y\u0259m...'' - MEYDAN.TV","isPartOf":{"@id":"https:\/\/www.meydan.tv\/az\/#website"},"primaryImageOfPage":{"@id":"https:\/\/www.meydan.tv\/az\/article\/sen-oldurursen-men-de-oldureceyem\/#primaryimage"},"image":{"@id":"https:\/\/www.meydan.tv\/az\/article\/sen-oldurursen-men-de-oldureceyem\/#primaryimage"},"thumbnailUrl":"https:\/\/www.meydan.tv\/wp-content\/uploads\/31024.png","datePublished":"2017-05-19T17:32:14+00:00","breadcrumb":{"@id":"https:\/\/www.meydan.tv\/az\/article\/sen-oldurursen-men-de-oldureceyem\/#breadcrumb"},"inLanguage":"az","potentialAction":[{"@type":"ReadAction","target":["https:\/\/www.meydan.tv\/az\/article\/sen-oldurursen-men-de-oldureceyem\/"]}]},{"@type":"ImageObject","inLanguage":"az","@id":"https:\/\/www.meydan.tv\/az\/article\/sen-oldurursen-men-de-oldureceyem\/#primaryimage","url":"https:\/\/www.meydan.tv\/wp-content\/uploads\/31024.png","contentUrl":"https:\/\/www.meydan.tv\/wp-content\/uploads\/31024.png","width":2732,"height":2048,"caption":"Source:"},{"@type":"BreadcrumbList","@id":"https:\/\/www.meydan.tv\/az\/article\/sen-oldurursen-men-de-oldureceyem\/#breadcrumb","itemListElement":[{"@type":"ListItem","position":1,"name":"Ana s\u0259hif\u0259","item":"https:\/\/www.meydan.tv\/az\/"},{"@type":"ListItem","position":2,"name":"M\u0259nim Fikrimc\u0259","item":"https:\/\/www.meydan.tv\/az\/section\/menim-fikrimce\/"},{"@type":"ListItem","position":3,"name":"&#8221;S\u0259n \u00f6ld\u00fcr\u00fcrs\u0259n, m\u0259n d\u0259 \u00f6ld\u00fcr\u0259c\u0259y\u0259m&#8230;&#8221;"}]},{"@type":"WebSite","@id":"https:\/\/www.meydan.tv\/az\/#website","url":"https:\/\/www.meydan.tv\/az\/","name":"MEYDAN.TV","description":"Meydan TV Az\u0259rbaycan\u0131n media m\u0259kan\u0131ndak\u0131 alternativ s\u0259sidir","publisher":{"@id":"https:\/\/www.meydan.tv\/az\/#organization"},"potentialAction":[{"@type":"SearchAction","target":{"@type":"EntryPoint","urlTemplate":"https:\/\/www.meydan.tv\/az\/?s={search_term_string}"},"query-input":{"@type":"PropertyValueSpecification","valueRequired":true,"valueName":"search_term_string"}}],"inLanguage":"az"},{"@type":"Organization","@id":"https:\/\/www.meydan.tv\/az\/#organization","name":"Meydan TV","url":"https:\/\/www.meydan.tv\/az\/","logo":{"@type":"ImageObject","inLanguage":"az","@id":"https:\/\/www.meydan.tv\/az\/#\/schema\/logo\/image\/","url":"https:\/\/www.meydan.tv\/wp-content\/uploads\/2021\/07\/meydan-logo.svg","contentUrl":"https:\/\/www.meydan.tv\/wp-content\/uploads\/2021\/07\/meydan-logo.svg","width":195,"height":46,"caption":"Meydan TV"},"image":{"@id":"https:\/\/www.meydan.tv\/az\/#\/schema\/logo\/image\/"}},{"@type":"Person","@id":"https:\/\/www.meydan.tv\/az\/#\/schema\/person\/10d11eccf6da3662cf5fdab9806ea91a","name":"user-manager"}]}},"_links":{"self":[{"href":"https:\/\/www.meydan.tv\/az\/wp-json\/wp\/v2\/posts\/184425","targetHints":{"allow":["GET"]}}],"collection":[{"href":"https:\/\/www.meydan.tv\/az\/wp-json\/wp\/v2\/posts"}],"about":[{"href":"https:\/\/www.meydan.tv\/az\/wp-json\/wp\/v2\/types\/post"}],"author":[{"embeddable":true,"href":"https:\/\/www.meydan.tv\/az\/wp-json\/wp\/v2\/users\/11"}],"replies":[{"embeddable":true,"href":"https:\/\/www.meydan.tv\/az\/wp-json\/wp\/v2\/comments?post=184425"}],"version-history":[{"count":0,"href":"https:\/\/www.meydan.tv\/az\/wp-json\/wp\/v2\/posts\/184425\/revisions"}],"wp:featuredmedia":[{"embeddable":true,"href":"https:\/\/www.meydan.tv\/az\/wp-json\/wp\/v2\/media\/79618"}],"wp:attachment":[{"href":"https:\/\/www.meydan.tv\/az\/wp-json\/wp\/v2\/media?parent=184425"}],"wp:term":[{"taxonomy":"category","embeddable":true,"href":"https:\/\/www.meydan.tv\/az\/wp-json\/wp\/v2\/categories?post=184425"},{"taxonomy":"post_tag","embeddable":true,"href":"https:\/\/www.meydan.tv\/az\/wp-json\/wp\/v2\/tags?post=184425"}],"curies":[{"name":"wp","href":"https:\/\/api.w.org\/{rel}","templated":true}]}}