{"id":184310,"date":"2017-05-14T22:47:26","date_gmt":"2017-05-14T22:47:26","guid":{"rendered":"https:\/\/www.meydan.tv\/article\/qraffitiye-gore-10-il-azerbaycanda-heykel-mehbuslarinin-isi\/"},"modified":"2017-05-14T22:47:26","modified_gmt":"2017-05-14T22:47:26","slug":"qraffitiye-gore-10-il-azerbaycanda-heykel-mehbuslarinin-isi","status":"publish","type":"post","link":"https:\/\/www.meydan.tv\/az\/article\/qraffitiye-gore-10-il-azerbaycanda-heykel-mehbuslarinin-isi\/","title":{"rendered":"Qraffitiy\u0259 g\u00f6r\u0259 10 il: Az\u0259rbaycanda &#8221;heyk\u0259l m\u0259hbuslar\u0131&#8221;n\u0131n i\u015fi"},"content":{"rendered":"<figure class=\"wp-block-image size-large\">\n  <img decoding=\"async\" src=\"https:\/\/www.meydan.tv\/az\/84631\/\" alt=\"\" class=\"wp-image-84631\"\/><figcaption><\/figcaption><\/figure>\n<figure class=\"wp-block-image size-large\">\n  <img decoding=\"async\" src=\"https:\/\/www.meydan.tv\/az\/84631\/\" alt=\"\" class=\"wp-image-84631\"\/><figcaption><\/figcaption><\/figure>\n<p>\n  <i><br \/>\n    D\u00fcz bir il \u0259vv\u0259l, iki az\u0259rbaycanl\u0131 o\u011flan,\u00a0 Bak\u0131da, Heyd\u0259r \u018fliyev heyk\u0259linin \u00fcz\u0259rind\u0259 h\u00f6kum\u0259t \u0259leyhin\u0259 \u015f\u00fcarlar yazd\u0131, h\u0259bs edildi, narkotikl\u0259rin yay\u0131lmas\u0131nda ittiham olundu v\u0259 10 il h\u0259bs c\u0259zas\u0131na m\u0259hkum edildi.<br \/>\n  <\/i>\n<\/p>\n<p>\n  <i><br \/>\n    Meydan TV\u00a0 \u201cheyk\u0259l m\u0259hbuslar\u0131\u201dn\u0131n\u00a0 \u0259hvalat\u0131n\u0131 s\u00f6yl\u0259yir.<br \/>\n  <\/i>\n<\/p>\n<p>\n  <b><br \/>\n    <i><br \/>\n      Bayram<br \/>\n    <\/i><br \/>\n  <\/b>\n<\/p>\n<p>\n  &#8220;O\u011flum b\u00fct\u00fcn u\u015faqlar kimi idi. M\u0259kt\u0259b\u0259 ged\u0259r, d\u0259rsl\u0259rini haz\u0131rlayar,\u00a0 kitab oxuyard\u0131. Onunla \u0259laq\u0259l\u0259rim normal idi. Ordudan sonra \u0130taliyada magistraturaya q\u0259bul olmaq\u00a0 niyy\u0259tind\u0259 idi. M\u0259n ist\u0259m\u0259zdim,\u00a0 o,\u00a0 g\u0259ncliyini barmaql\u0131qlar arxas\u0131nda ke\u00e7irsin\u201d &#8211; F\u0259rman M\u0259mm\u0259dov\u00a0 k\u0259d\u0259rl\u0259 dan\u0131\u015f\u0131r.\n<\/p>\n<p>\n  Bak\u0131 Slavyan Universitetinin t\u0259l\u0259b\u0259si Bayram M\u0259mm\u0259dov magistratura \u0259v\u0259zin\u0259 h\u0259bsxanaya getdi. 2016-c\u0131 ild\u0259, may\u0131n 10-na ke\u00e7\u0259n gec\u0259, Bak\u0131da Bayram v\u0259 yolda\u015f\u0131, h\u0259m\u00e7inin t\u0259l\u0259b\u0259 olan Qiyas \u0130brahimov,\u00a0 Heyd\u0259r \u018fliyevin heyk\u0259lin\u0259\u00a0 \u201cQul Bayram\u0131n\u0131z m\u00fcbar\u0259k!\u201d,\u00a0 &#8220;R\u0259dd olsun sistem!&#8221; s\u00f6zl\u0259rini yazm\u0131\u015flar.\n<\/p>\n<figure class=\"wp-block-image size-large\">\n  <img decoding=\"async\" src=\"https:\/\/www.meydan.tv\/az\/bajram-mamedov-3\/\" alt=\"\u0411\u0430\u0439\u0440\u0430\u043c \u041c\u0430\u043c\u0435\u0434\u043e\u0432\" class=\"wp-image-84333\"\/><figcaption>\n    Bayram M\u0259mm\u0259dov<br \/>\n  <\/figcaption><\/figure>\n<p>\n  Az\u0259rbaycanda 2000-ci ild\u0259n b\u0259ri, may\u0131n 10-da ke\u00e7mi\u015f prezidentin v\u0259 cari prezident \u0130lham \u018fliyevin atas\u0131n\u0131n ad g\u00fcn\u00fcn\u0259 h\u0259sr edilmi\u015f G\u00fcl Bayram\u0131 ke\u00e7irilir. Qiyas v\u0259 Bayram\u00a0 &#8220;G\u00fcl bayram\u0131n\u0131z m\u00fcbar\u0259k!&#8221; ifad\u0259sini d\u0259yi\u015f\u0259r\u0259k, G\u00fcl s\u00f6z\u00fcn\u00fcn yerin\u0259 Qul\u00a0 yazm\u0131\u015flar v\u0259 n\u0259tic\u0259d\u0259 &#8220;Qul bayram\u0131n\u0131z m\u00fcbar\u0259k!&#8221; al\u0131nm\u0131\u015fd\u0131.\n<\/p>\n<\/p>\n<p>\n  \u201cR\u0259ssamlar\u201d el\u0259 h\u0259min gec\u0259 h\u0259bs edildi &#8211; axtar\u0131\u015f zaman\u0131 h\u00fcquq-m\u00fchafiz\u0259 orqanlar\u0131n\u0131n \u0259m\u0259kda\u015flar\u0131 t\u0259r\u0259find\u0259n h\u0259r birinin evind\u0259n 1 kq heroin tap\u0131ld\u0131. Onlara qar\u015f\u0131 Az\u0259rbaycan Cinay\u0259t M\u0259c\u0259ll\u0259sinin 234-c\u00fc madd\u0259sin\u0259 \u0259sas\u0259n\u00a0 (narkotikl\u0259rin qanunsuz saxlanmas\u0131, da\u015f\u0131nmas\u0131 v\u0259 sat\u0131\u015f\u0131) ittiham ir\u0259li s\u00fcr\u00fcld\u00fc. 2016-c\u0131 ilin dekabr ay\u0131n\u0131n 8-d\u0259 Bak\u0131 \u015f\u0259h\u0259r A\u011f\u0131r Cinay\u0259tl\u0259r\u00a0 M\u0259hk\u0259m\u0259si Bayram M\u0259mm\u0259dovu 10 il h\u0259bs c\u0259zas\u0131na m\u0259hkum etdi.\n<\/p>\n<p>\n  Bayram ittiham\u0131 r\u0259dd edirdi v\u0259 Qiyas kimi, o da, ifad\u0259sini i\u015fg\u0259nc\u0259 alt\u0131nda verdiyini israr edirdi. Az\u0259rbaycan\u00a0 Daxili \u0130\u015fl\u0259r Nazirliyi v\u0259 Ombudsman Aparat\u0131 i\u015fg\u0259nc\u0259l\u0259rin istifad\u0259 edilm\u0259sini\u00a0 t\u0259kzib etdi.\n<\/p>\n<p>\n  \u201cQon\u015fular onun nec\u0259 tutulmas\u0131n\u0131 g\u00f6rd\u00fcl\u0259r. Daha sonra\u00a0 onun heyk\u0259l \u00fcz\u0259rind\u0259 yaz\u0131 yazd\u0131\u011f\u0131na g\u00f6r\u0259 tutuldu\u011funu \u00f6yr\u0259ndik. Biz v\u0259kill\u0259rd\u0259n \u00f6yr\u0259ndik. Bunun heyk\u0259l m\u0259s\u0259l\u0259si oldu\u011funu da biz yaln\u0131z m\u0259hk\u0259m\u0259d\u0259 bildik\u201d- . Bayram\u0131n atas\u0131 xat\u0131rlay\u0131r.\n<\/p>\n<figure class=\"wp-block-image size-large\">\n  <img decoding=\"async\" src=\"https:\/\/www.meydan.tv\/az\/84634\/\" alt=\"\" class=\"wp-image-84634\"\/><figcaption><\/figcaption><\/figure>\n<p>\n  <b><br \/>\n    <i><br \/>\n      Qiyas<br \/>\n    <\/i><br \/>\n  <\/b>\n<\/p>\n<p>\n  Eyni \u015feyl\u0259ri d\u0259 ikinci \u201cabid\u0259 m\u0259hbusunun\u201d ail\u0259si dan\u0131\u015f\u0131r.\u00a0 \u201cH\u0259bs gec\u0259si bizim evimiz\u0259 narkotik qoydular\u201d- Qiyas\u0131n anas\u0131 \u015eura \u0130brahimova dan\u0131\u015f\u0131r, &#8211; \u201cQiyas sad\u0259c\u0259 yan\u0131mdan ke\u00e7\u0259nd\u0259 \u0259yilib m\u0259n\u0259 dedi : \u201cAna, qorxma, m\u0259ni siyas\u0259td\u0259 su\u00e7lay\u0131b narkotikl\u0259 tutmaq ist\u0259yirl\u0259r\u201d. Bir oglan m\u0259tb\u0259ximiz\u0259 ke\u00e7\u0259nd\u0259,\u00a0 Qiyas ondan soru\u015fdu: \u201c M\u0259tb\u0259x\u0259 narkotik qoymaq \u00fc\u00e7\u00fcn ke\u00e7mi\u015fdiniz?\u201d\u00a0 M\u0259n anlad\u0131m ki, Qiyasa b\u00f6htan atmaq ist\u0259yirl\u0259r, ancaq s\u0259b\u0259bini anlamad\u0131m. Sabah\u0131s\u0131 g\u00fcn- may\u0131n 11-i (o, may\u0131n 10-na ke\u00e7\u0259n gec\u0259 tutulub &#8211; m\u00fc\u0259llif) b\u0259lli oldu ki, \u015f\u0259h\u0259rd\u0259 H.\u018fliyevin heyk\u0259linin postamentin\u0259 kims\u0259 \u015f\u00fcar yaz\u0131b v\u0259 bunda iki o\u011flandan \u015f\u00fcbh\u0259l\u0259nirl\u0259r. Onda bildim ki, onlardan biri m\u0259nim o\u011flum Qiyasd\u0131r\u201d.\n<\/p>\n<p>\n  Qiyas \u0130brahimovun i\u015fi Bayram\u0131n \u0259hvalat\u0131n\u0131 eyni il\u0259 t\u0259krar edir:\u00a0 h\u0259bs, 1 kilogram a\u015fkar edilmi\u015f heroin, 25-i oktyabr 2016-c\u0131 ild\u0259 Baki m\u0259hk\u0259m\u0259si t\u0259r\u0259find\u0259n \u00e7\u0131xar\u0131lm\u0131\u015f 10 il azadl\u0131qdan m\u0259hrumluq.\n<\/p>\n<figure class=\"wp-block-image size-large\">\n  <img decoding=\"async\" src=\"https:\/\/www.meydan.tv\/az\/84336\/\" alt=\"\" class=\"wp-image-84336\"\/><figcaption><\/figcaption><\/figure>\n<p>\n  \u0130ndi Qiyas\u0131n 23,\u00a0 Bayram\u0131n is\u0259 22 ya\u015f\u0131 var. T\u0259l\u0259b\u0259dirl\u0259r, Az\u0259rbaycanda m\u0259\u015fhur intellektual oyunun i\u015ftirak\u00e7\u0131s\u0131d\u0131rlar.\n<\/p>\n<p>\n  F\u0259rman M\u0259mm\u0259dov\u00a0 Bayram\u0131n\u00a0 evd\u0259 h\u00f6kum\u0259t\u0259 qar\u015f\u0131 he\u00e7 vaxt dan\u0131\u015fmad\u0131\u011f\u0131n\u0131\u00a0 bildirir:\n<\/p>\n<p>\n  \u201cAnas\u0131\u00a0 h\u0259l\u0259 d\u0259 bar\u0131\u015fa bilmir. Onunla g\u00f6r\u00fc\u015f zaman\u0131 anas\u0131 ondan soru\u015fur ki, ax\u0131 s\u0259n nec\u0259 bura d\u00fc\u015fd\u00fcn? O is\u0259 cavab verir: \u201cAy ana, ba\u015flama, oldu d\u0259, el\u0259dim\u201d.\n<\/p>\n<p>\n  \u015eura \u0130brahimova\u00a0 da, o\u011flunun heyk\u0259l \u00fcz\u0259rind\u0259 yazmaq ideyalar\u0131 v\u0259 ya onun m\u00fcxalif\u00a0 bax\u0131\u015flar\u0131 bar\u0259d\u0259 he\u00e7 bir \u015fey bilm\u0259diyini deyir: \u201c\u00dcmumiyy\u0259tl\u0259, o, evd\u0259 n\u0259yis\u0259 b\u00f6l\u00fc\u015fm\u0259yi xo\u015flam\u0131rd\u0131, m\u0259n onun bax\u0131\u015flar\u0131 haqq\u0131nda he\u00e7 n\u0259 bilmirdim. O, h\u00f6kum\u0259t haqq\u0131nda pis bir \u015fey dan\u0131\u015fmay\u0131b,\u00a0 bu bar\u0259d\u0259 he\u00e7 bir s\u00f6hb\u0259t olmay\u0131b. Bir onu bilir\u0259m ki, onun fikrinc\u0259, \u00f6lk\u0259d\u0259 v\u0259ziyy\u0259t, g\u0259ncl\u0259r \u00fc\u00e7\u00fcn \u015f\u0259rait v\u0259 onlar\u0131n t\u0259hsili z\u0259ifdir&#8221;.\n<\/p>\n<figure class=\"wp-block-image size-large\">\n  <img decoding=\"async\" src=\"https:\/\/www.meydan.tv\/az\/neft-prinadlezhit-narodu\/\" alt=\"\u00ab\u041d\u0435\u0444\u0442\u044c \u043f\u0440\u0438\u043d\u0430\u0434\u043b\u0435\u0436\u0438\u0442 \u043d\u0430\u0440\u043e\u0434\u0443\u00bb\" class=\"wp-image-84637\"\/><figcaption><\/figcaption><\/figure>\n<p>\n  <b><br \/>\n    Divar \u00fcst\u00fc etiraz<br \/>\n  <\/b>\n<\/p>\n<p>\n  <i><br \/>\n    &#8220;Qraffiti&#8221; termininin\u00a0 ekspertl\u0259r t\u0259r\u0259find\u0259n geni\u015f anlam\u0131 var &#8211; k\u00fc\u00e7\u0259 divarlar\u0131nda r\u0259sml\u0259rin \u00e7\u0259kilm\u0259sinin h\u0259r hans\u0131 bir n\u00f6v\u00fc kimi, sad\u0259c\u0259 yaz\u0131lm\u0131\u015f s\u00f6zl\u0259rd\u0259n ba\u015flayaraq, m\u00fcr\u0259kk\u0259b kompozisiyalara q\u0259d\u0259r.\u00a0 Siyasi m\u00f6vzularda qraffitil\u0259r\u0259 d\u00fcnyan\u0131n b\u00fct\u00fcn gu\u015f\u0259l\u0259rind\u0259 rast g\u0259lm\u0259k olar\u00a0 &#8211; Berlin divarlar\u0131n\u0131n qal\u0131qlar\u0131 \u00fcz\u0259rind\u0259 Dmitri Vrubelin m\u0259\u015fhur \u201cBrejnev v\u0259 Xonekkerin \u00f6p\u00fc\u015f\u00fcnd\u0259n\u201d tutmu\u015f Benksinin r\u0259sml\u0259rin\u0259c\u0259n. Amma siyasi azadl\u0131qlda m\u0259hdud olan\u00a0 \u00f6lk\u0259l\u0259rd\u0259 qraffiti etiraz formas\u0131na \u00e7evrilir v\u0259 hakimiyy\u0259t orqanlar\u0131 t\u0259r\u0259find\u0259n t\u0259qib edilir.<br \/>\n  <\/i>\n<\/p>\n<p>\n  M\u00fcasir Az\u0259rbaycanda\u00a0 \u201cdivar \u00fcst\u00fc siyas\u0259t\u201d 2010-cu ild\u0259, sol\u00e7u g\u0259ncl\u0259r t\u0259r\u0259find\u0259n\u00a0 Bak\u0131n\u0131n m\u0259rk\u0259zi\u00a0 binalar\u0131nda m\u00fcxt\u0259lif \u015f\u00fcarlar\u0131n yaz\u0131lma\u011f\u0131 il\u0259 geni\u015f<br \/>\n  <a href=\"http:\/\/sandinist.livejournal.com\/129699.html\"><br \/>\n    yay\u0131lma\u011fa ba\u015flay\u0131b.<br \/>\n  <\/a><br \/>\n  \u00a0&#8211; &#8221; Neft xalqa m\u0259xsusdur&#8221;,\u00a0 \u201c R\u0259dd olsun i\u015fsizlik\u201d,\u00a0 \u201cS\u0259ssiz olma &#8211; t\u0259l\u0259b et&#8221; v\u0259 s. Bak\u0131da prezident kitabxanas\u0131n\u0131n divarlar\u0131nda &#8220;Kapitalizm g\u00f6st\u0259rir . Sosializm verir\u201d, \u201cNokia\u201d ofisinin divarlar\u0131nda is\u0259 \u00abRevolution \u2013 connecting people!\u00bb\u00a0 \u201c\u0130nqilab \u2013insanlar\u0131 birl\u0259\u015fdirir\u201d s\u00f6zl\u0259rini oxumaq olar.\n<\/p>\n<figure class=\"wp-block-image size-large\">\n  <img decoding=\"async\" src=\"https:\/\/www.meydan.tv\/az\/kapitalizm-pokazyvaet-soczializm-daet\/\" alt=\"\u00ab\u041a\u0430\u043f\u0438\u0442\u0430\u043b\u0438\u0437\u043c \u043f\u043e\u043a\u0430\u0437\u044b\u0432\u0430\u0435\u0442. \u0421\u043e\u0446\u0438\u0430\u043b\u0438\u0437\u043c \u0434\u0430\u0435\u0442\u00bb.\" class=\"wp-image-84640\"\/><figcaption><\/figcaption><\/figure>\n<figure class=\"wp-block-image size-large\">\n  <img decoding=\"async\" src=\"https:\/\/www.meydan.tv\/az\/pered-ofisom-nokia-pod-lozungom-nokia-connecting-people\/\" alt=\"\u041f\u0435\u0440\u0435\u0434 \u043e\u0444\u0438\u0441\u043e\u043c Nokia. \u041f\u043e\u0434 \u043b\u043e\u0437\u0443\u043d\u0433\u043e\u043c \u00abNokia connecting people\u00bb\" class=\"wp-image-84375\"\/><figcaption><\/figcaption><\/figure>\n<p>\n  \u018fvv\u0259ll\u0259r yaz\u0131lar \u0259traf\u0131nda ajiotaj yaranm\u0131rd\u0131. Sol\u00e7ular divarlarda gec\u0259 yazard\u0131, h\u00f6kum\u0259t o yaz\u0131lar\u0131 s\u0259h\u0259r sil\u0259rdi v\u0259 he\u00e7 kim h\u0259bs edilm\u0259zdi. Bayram v\u0259 Qiyas\u0131n m\u0259s\u0259l\u0259sind\u0259 n\u0259 d\u0259yi\u015fdi?\n<\/p>\n<p>\n  Publisist M\u0259mm\u0259d S\u00fcleymanov hesab edir ki, n\u0259\u00a0 m\u0259tn, n\u0259 d\u0259 onlar\u0131n etiraz \u00fc\u00e7\u00fcn se\u00e7diyi yer Bayram v\u0259 Qiyas\u0131n taleyin\u0259 q\u0259rar\u00a0 verm\u0259yib -sad\u0259c\u0259 zaman d\u0259yi\u015fib. Anna Axmatovan\u0131n s\u00f6zl\u0259rini xat\u0131rlasaq, veqetarian olma\u011f\u0131 t\u0259rgidibl\u0259r: \u201c Bu s\u00f6zl\u0259ri bir on il \u00f6nc\u0259 yazsayd\u0131lar, onlar\u0131 tutub 30 sutkal\u0131q h\u0259bs ed\u0259rdil\u0259r. Ancaq \u201c\u018fr\u0259b bahar\u0131ndan\u201d sonra ist\u0259nil\u0259n \u201cliberalla\u015fma\u201d h\u00f6kum\u0259t t\u0259r\u0259find\u0259n z\u0259iflik v\u0259 laz\u0131ms\u0131z g\u00fcz\u0259\u015ft kimi q\u0259bul edilm\u0259y\u0259 ba\u015flan\u0131b. M\u0259hz bu s\u0259b\u0259bd\u0259n, b\u0259nz\u0259r \u0259m\u0259ll\u0259rin c\u0259zas\u0131, 5-10 il bundan \u00f6nc\u0259 olanlardan\u00a0 radikal olaraq f\u0259rql\u0259nir\u201d.\n<\/p>\n<p>\n  <b><br \/>\n    \u201cB\u0259lk\u0259 d\u0259 m\u0259n d\u00fczg\u00fcn hesab etdiyim kimi h\u0259r\u0259k\u0259t ets\u0259ydi , daha da bet\u0259r olard\u0131\u201d<br \/>\n  <\/b>\n<\/p>\n<p>\n  H\u0259r iki f\u0259al\u0131n valideyinl\u0259ri, onlar\u0131n etdiyi il\u0259 raz\u0131 olmasalar da, h\u0259r\u0259k\u0259tl\u0259rini anlay\u0131\u015fla yana\u015f\u0131rlar:\n<\/p>\n<p>\n  \u201c O, \u00f6lk\u0259d\u0259ki probleml\u0259ri dem\u0259li idi, amma bel\u0259 yox. Ancaq m\u0259n onun fikril\u0259rin\u0259 h\u00f6rm\u0259tl\u0259\u00a0 yana\u015f\u0131ram, o, azad insand\u0131r\u201d,- Bayram\u0131n atas\u0131 deyir \u2013 \u201cH\u0259r halda o\u011flum ba\u011f\u0131\u015flan\u0131lmaz bir \u015fey etm\u0259yib. B\u0259zi \u015feyl\u0259r\u0259 baxanda, fikirl\u0259\u015fir\u0259m: m\u0259n dem\u0259s\u0259m, ba\u015fqas\u0131 dem\u0259s\u0259, bu da i\u015f deyil\u201d.\n<\/p>\n<\/p>\n<p>\n  Qiyas\u0131n anas\u0131, o\u011flunun \u00fcmummilli liderin, \u201cHeyd\u0259r Baban\u0131n\u201d\u00a0 heyk\u0259lini (ke\u00e7mi\u015f prezidenti bel\u0259 adland\u0131r\u0131rlar) n\u0259 \u00fc\u00e7\u00fcn yazd\u0131\u011f\u0131n\u0131 anlamasa da, h\u0259r \u015feyi sakit q\u0259bul edir:\n<\/p>\n<p>\n  \u201cG\u00f6r\u00fcn\u00fcr bizim d\u00fc\u015f\u00fcnc\u0259l\u0259r f\u0259rqlidir. O, savadl\u0131 o\u011fland\u0131r, d\u00fcnyan\u0131 m\u0259nim kimi g\u00f6rm\u00fcr. \u0130st\u0259m\u0259zdim o\u011flum heyk\u0259lin \u00fcz\u0259rind\u0259 yazs\u0131n, amma o\u011flum \u00f6z fikrini a\u00e7\u0131q s\u00f6yl\u0259s\u0259ydi bel\u0259, onu yen\u0259 d\u0259 h\u0259bs ed\u0259 bil\u0259rdil\u0259r. Qiyas g\u0259ncdir,\u00a0 onun \u00f6z\u00fcn\u00fcn ideya v\u0259 fikirl\u0259ri var,\u00a0 b\u0259lk\u0259 m\u0259n ist\u0259diyim kimi h\u0259r\u0259k\u0259t ets\u0259ydi, daha da bet\u0259r v\u0259ziyy\u0259t\u0259 d\u00fc\u015f\u0259rdi&#8230;\u201d\n<\/p>\n<figure class=\"wp-block-image size-large\">\n  <img decoding=\"async\" src=\"https:\/\/www.meydan.tv\/az\/84339\/\" alt=\"\" class=\"wp-image-84339\"\/><figcaption><\/figcaption><\/figure>\n<p>\n  <b><br \/>\n    \u201cM\u0259n sistemin yaz\u0131lmam\u0131\u015f qanununu pozdum\u201d<br \/>\n  <\/b>\n<\/p>\n<p>\n  Onlar\u0131 d\u0259mir barmaql\u0131q arxas\u0131nda uzun bir zaman g\u00f6zl\u0259m\u0259sin\u0259 baxmayaraq, m\u0259hk\u0259m\u0259 zal\u0131nda Qiyas v\u0259 Bayram, etdikl\u0259ri \u0259m\u0259l\u0259 g\u00f6r\u0259 t\u0259\u0259ss\u00fcf etm\u0259dikl\u0259rini bildirdil\u0259r.\u00a0 M\u0259hk\u0259m\u0259 zaman\u0131 sonuncu \u00e7\u0131x\u0131\u015f\u0131nda Qiyas dedi: \u201cM\u0259nim iddia olundu\u011fum cinay\u0259t\u0259 g\u00f6r\u0259 \u00f6z\u00fcm\u00fc m\u00fcdafi\u0259 etm\u0259k fikrim yoxdur. M\u0259nim real cinay\u0259timin r\u0259ngi istifad\u0259 etdiyim boya kimi \u201ca\u011fd\u0131r\u201d. M\u0259nim h\u0259bs edilm\u0259yimin \u0259sl s\u0259b\u0259bi \u2013g\u0259nc t\u0259l\u0259b\u0259 olaraq ya\u015fad\u0131\u011f\u0131m \u00f6lk\u0259nin siyasi sisteminin yalan v\u0259 qanunsuzlu\u011funa qar\u015f\u0131\u00a0 tam sivil etiraz\u0131md\u0131r. M\u0259n yaz\u0131lm\u0131\u015f qanunlar\u0131 pozmam\u0131\u015fam.\u00a0 Yaz\u0131lm\u0131\u015f qanunlara \u0259sas\u0259n, m\u0259nim h\u0259r\u0259k\u0259tim cinay\u0259t hesab edilmir. M\u0259n sistemin yaz\u0131lmam\u0131\u015f qanununu pozmu\u015fam.\u00a0 Sistem bu yaz\u0131lmam\u0131\u015f qanunlar\u0131 \u0259dal\u0259tsizliyi \u0259dal\u0259t, quldarl\u0131\u011f\u0131 azadl\u0131q kimi t\u0259qdim etm\u0259k m\u0259qs\u0259di il\u0259 istifad\u0259 edir\u201d.<\/p>\n","protected":false},"excerpt":{"rendered":"<p>Meydan TV  \u201cheyk\u0259l m\u0259hbuslar\u0131\u201dn\u0131n  \u0259hvalat\u0131n\u0131 s\u00f6yl\u0259yir<\/p>\n","protected":false},"author":11,"featured_media":84631,"comment_status":"closed","ping_status":"open","sticky":false,"template":"","format":"standard","meta":{"_acf_changed":false,"_sitemap_exclude":false,"_sitemap_priority":"","_sitemap_frequency":"","footnotes":""},"categories":[51],"tags":[],"class_list":["post-184310","post","type-post","status-publish","format-standard","has-post-thumbnail","hentry","category-analitika","infinite-scroll-item","generate-columns","tablet-grid-50","mobile-grid-100","grid-parent","grid-33","no-featured-image-padding"],"acf":[],"yoast_head":"<!-- This site is optimized with the Yoast SEO plugin v27.4 - https:\/\/yoast.com\/product\/yoast-seo-wordpress\/ -->\n<title>Qraffitiy\u0259 g\u00f6r\u0259 10 il: Az\u0259rbaycanda &#039;&#039;heyk\u0259l m\u0259hbuslar\u0131&#039;&#039;n\u0131n i\u015fi - MEYDAN.TV<\/title>\n<meta name=\"robots\" content=\"index, follow, max-snippet:-1, max-image-preview:large, max-video-preview:-1\" \/>\n<link rel=\"canonical\" href=\"https:\/\/www.meydan.tv\/az\/article\/qraffitiye-gore-10-il-azerbaycanda-heykel-mehbuslarinin-isi\/\" \/>\n<meta property=\"og:locale\" content=\"az_AZ\" \/>\n<meta property=\"og:type\" content=\"article\" \/>\n<meta property=\"og:title\" content=\"Qraffitiy\u0259 g\u00f6r\u0259 10 il: Az\u0259rbaycanda &#039;&#039;heyk\u0259l m\u0259hbuslar\u0131&#039;&#039;n\u0131n i\u015fi - MEYDAN.TV\" \/>\n<meta property=\"og:description\" content=\"Meydan TV \u201cheyk\u0259l m\u0259hbuslar\u0131\u201dn\u0131n \u0259hvalat\u0131n\u0131 s\u00f6yl\u0259yir\" \/>\n<meta property=\"og:url\" content=\"https:\/\/www.meydan.tv\/az\/article\/qraffitiye-gore-10-il-azerbaycanda-heykel-mehbuslarinin-isi\/\" \/>\n<meta property=\"og:site_name\" content=\"MEYDAN.TV\" \/>\n<meta property=\"article:published_time\" content=\"2017-05-14T22:47:26+00:00\" \/>\n<meta property=\"og:image\" content=\"https:\/\/www.meydan.tv\/wp-content\/uploads\/33295.jpg\" \/>\n\t<meta property=\"og:image:width\" content=\"1200\" \/>\n\t<meta property=\"og:image:height\" content=\"675\" \/>\n\t<meta property=\"og:image:type\" content=\"image\/jpeg\" \/>\n<meta name=\"author\" content=\"user-manager\" \/>\n<meta name=\"twitter:card\" content=\"summary_large_image\" \/>\n<script type=\"application\/ld+json\" class=\"yoast-schema-graph\">{\"@context\":\"https:\\\/\\\/schema.org\",\"@graph\":[{\"@type\":\"Article\",\"@id\":\"https:\\\/\\\/www.meydan.tv\\\/az\\\/article\\\/qraffitiye-gore-10-il-azerbaycanda-heykel-mehbuslarinin-isi\\\/#article\",\"isPartOf\":{\"@id\":\"https:\\\/\\\/www.meydan.tv\\\/az\\\/article\\\/qraffitiye-gore-10-il-azerbaycanda-heykel-mehbuslarinin-isi\\\/\"},\"author\":{\"name\":\"user-manager\",\"@id\":\"https:\\\/\\\/www.meydan.tv\\\/az\\\/#\\\/schema\\\/person\\\/10d11eccf6da3662cf5fdab9806ea91a\"},\"headline\":\"Qraffitiy\u0259 g\u00f6r\u0259 10 il: Az\u0259rbaycanda &#8221;heyk\u0259l m\u0259hbuslar\u0131&#8221;n\u0131n i\u015fi\",\"datePublished\":\"2017-05-14T22:47:26+00:00\",\"mainEntityOfPage\":{\"@id\":\"https:\\\/\\\/www.meydan.tv\\\/az\\\/article\\\/qraffitiye-gore-10-il-azerbaycanda-heykel-mehbuslarinin-isi\\\/\"},\"wordCount\":1615,\"publisher\":{\"@id\":\"https:\\\/\\\/www.meydan.tv\\\/az\\\/#organization\"},\"image\":{\"@id\":\"https:\\\/\\\/www.meydan.tv\\\/az\\\/article\\\/qraffitiye-gore-10-il-azerbaycanda-heykel-mehbuslarinin-isi\\\/#primaryimage\"},\"thumbnailUrl\":\"https:\\\/\\\/www.meydan.tv\\\/wp-content\\\/uploads\\\/33295.jpg\",\"articleSection\":[\"Analitika\"],\"inLanguage\":\"az\"},{\"@type\":\"WebPage\",\"@id\":\"https:\\\/\\\/www.meydan.tv\\\/az\\\/article\\\/qraffitiye-gore-10-il-azerbaycanda-heykel-mehbuslarinin-isi\\\/\",\"url\":\"https:\\\/\\\/www.meydan.tv\\\/az\\\/article\\\/qraffitiye-gore-10-il-azerbaycanda-heykel-mehbuslarinin-isi\\\/\",\"name\":\"Qraffitiy\u0259 g\u00f6r\u0259 10 il: Az\u0259rbaycanda ''heyk\u0259l m\u0259hbuslar\u0131''n\u0131n i\u015fi - MEYDAN.TV\",\"isPartOf\":{\"@id\":\"https:\\\/\\\/www.meydan.tv\\\/az\\\/#website\"},\"primaryImageOfPage\":{\"@id\":\"https:\\\/\\\/www.meydan.tv\\\/az\\\/article\\\/qraffitiye-gore-10-il-azerbaycanda-heykel-mehbuslarinin-isi\\\/#primaryimage\"},\"image\":{\"@id\":\"https:\\\/\\\/www.meydan.tv\\\/az\\\/article\\\/qraffitiye-gore-10-il-azerbaycanda-heykel-mehbuslarinin-isi\\\/#primaryimage\"},\"thumbnailUrl\":\"https:\\\/\\\/www.meydan.tv\\\/wp-content\\\/uploads\\\/33295.jpg\",\"datePublished\":\"2017-05-14T22:47:26+00:00\",\"breadcrumb\":{\"@id\":\"https:\\\/\\\/www.meydan.tv\\\/az\\\/article\\\/qraffitiye-gore-10-il-azerbaycanda-heykel-mehbuslarinin-isi\\\/#breadcrumb\"},\"inLanguage\":\"az\",\"potentialAction\":[{\"@type\":\"ReadAction\",\"target\":[\"https:\\\/\\\/www.meydan.tv\\\/az\\\/article\\\/qraffitiye-gore-10-il-azerbaycanda-heykel-mehbuslarinin-isi\\\/\"]}]},{\"@type\":\"ImageObject\",\"inLanguage\":\"az\",\"@id\":\"https:\\\/\\\/www.meydan.tv\\\/az\\\/article\\\/qraffitiye-gore-10-il-azerbaycanda-heykel-mehbuslarinin-isi\\\/#primaryimage\",\"url\":\"https:\\\/\\\/www.meydan.tv\\\/wp-content\\\/uploads\\\/33295.jpg\",\"contentUrl\":\"https:\\\/\\\/www.meydan.tv\\\/wp-content\\\/uploads\\\/33295.jpg\",\"width\":1200,\"height\":675,\"caption\":\"Source:\"},{\"@type\":\"BreadcrumbList\",\"@id\":\"https:\\\/\\\/www.meydan.tv\\\/az\\\/article\\\/qraffitiye-gore-10-il-azerbaycanda-heykel-mehbuslarinin-isi\\\/#breadcrumb\",\"itemListElement\":[{\"@type\":\"ListItem\",\"position\":1,\"name\":\"Ana s\u0259hif\u0259\",\"item\":\"https:\\\/\\\/www.meydan.tv\\\/az\\\/\"},{\"@type\":\"ListItem\",\"position\":2,\"name\":\"Analitika\",\"item\":\"https:\\\/\\\/www.meydan.tv\\\/az\\\/section\\\/analitika\\\/\"},{\"@type\":\"ListItem\",\"position\":3,\"name\":\"Qraffitiy\u0259 g\u00f6r\u0259 10 il: Az\u0259rbaycanda &#8221;heyk\u0259l m\u0259hbuslar\u0131&#8221;n\u0131n i\u015fi\"}]},{\"@type\":\"WebSite\",\"@id\":\"https:\\\/\\\/www.meydan.tv\\\/az\\\/#website\",\"url\":\"https:\\\/\\\/www.meydan.tv\\\/az\\\/\",\"name\":\"MEYDAN.TV\",\"description\":\"Meydan TV Az\u0259rbaycan\u0131n media m\u0259kan\u0131ndak\u0131 alternativ s\u0259sidir\",\"publisher\":{\"@id\":\"https:\\\/\\\/www.meydan.tv\\\/az\\\/#organization\"},\"potentialAction\":[{\"@type\":\"SearchAction\",\"target\":{\"@type\":\"EntryPoint\",\"urlTemplate\":\"https:\\\/\\\/www.meydan.tv\\\/az\\\/?s={search_term_string}\"},\"query-input\":{\"@type\":\"PropertyValueSpecification\",\"valueRequired\":true,\"valueName\":\"search_term_string\"}}],\"inLanguage\":\"az\"},{\"@type\":\"Organization\",\"@id\":\"https:\\\/\\\/www.meydan.tv\\\/az\\\/#organization\",\"name\":\"Meydan TV\",\"url\":\"https:\\\/\\\/www.meydan.tv\\\/az\\\/\",\"logo\":{\"@type\":\"ImageObject\",\"inLanguage\":\"az\",\"@id\":\"https:\\\/\\\/www.meydan.tv\\\/az\\\/#\\\/schema\\\/logo\\\/image\\\/\",\"url\":\"https:\\\/\\\/www.meydan.tv\\\/wp-content\\\/uploads\\\/2021\\\/07\\\/meydan-logo.svg\",\"contentUrl\":\"https:\\\/\\\/www.meydan.tv\\\/wp-content\\\/uploads\\\/2021\\\/07\\\/meydan-logo.svg\",\"width\":195,\"height\":46,\"caption\":\"Meydan TV\"},\"image\":{\"@id\":\"https:\\\/\\\/www.meydan.tv\\\/az\\\/#\\\/schema\\\/logo\\\/image\\\/\"}},{\"@type\":\"Person\",\"@id\":\"https:\\\/\\\/www.meydan.tv\\\/az\\\/#\\\/schema\\\/person\\\/10d11eccf6da3662cf5fdab9806ea91a\",\"name\":\"user-manager\"}]}<\/script>\n<!-- \/ Yoast SEO plugin. -->","yoast_head_json":{"title":"Qraffitiy\u0259 g\u00f6r\u0259 10 il: Az\u0259rbaycanda ''heyk\u0259l m\u0259hbuslar\u0131''n\u0131n i\u015fi - MEYDAN.TV","robots":{"index":"index","follow":"follow","max-snippet":"max-snippet:-1","max-image-preview":"max-image-preview:large","max-video-preview":"max-video-preview:-1"},"canonical":"https:\/\/www.meydan.tv\/az\/article\/qraffitiye-gore-10-il-azerbaycanda-heykel-mehbuslarinin-isi\/","og_locale":"az_AZ","og_type":"article","og_title":"Qraffitiy\u0259 g\u00f6r\u0259 10 il: Az\u0259rbaycanda ''heyk\u0259l m\u0259hbuslar\u0131''n\u0131n i\u015fi - MEYDAN.TV","og_description":"Meydan TV \u201cheyk\u0259l m\u0259hbuslar\u0131\u201dn\u0131n \u0259hvalat\u0131n\u0131 s\u00f6yl\u0259yir","og_url":"https:\/\/www.meydan.tv\/az\/article\/qraffitiye-gore-10-il-azerbaycanda-heykel-mehbuslarinin-isi\/","og_site_name":"MEYDAN.TV","article_published_time":"2017-05-14T22:47:26+00:00","og_image":[{"width":1200,"height":675,"url":"https:\/\/www.meydan.tv\/wp-content\/uploads\/33295.jpg","type":"image\/jpeg"}],"author":"user-manager","twitter_card":"summary_large_image","schema":{"@context":"https:\/\/schema.org","@graph":[{"@type":"Article","@id":"https:\/\/www.meydan.tv\/az\/article\/qraffitiye-gore-10-il-azerbaycanda-heykel-mehbuslarinin-isi\/#article","isPartOf":{"@id":"https:\/\/www.meydan.tv\/az\/article\/qraffitiye-gore-10-il-azerbaycanda-heykel-mehbuslarinin-isi\/"},"author":{"name":"user-manager","@id":"https:\/\/www.meydan.tv\/az\/#\/schema\/person\/10d11eccf6da3662cf5fdab9806ea91a"},"headline":"Qraffitiy\u0259 g\u00f6r\u0259 10 il: Az\u0259rbaycanda &#8221;heyk\u0259l m\u0259hbuslar\u0131&#8221;n\u0131n i\u015fi","datePublished":"2017-05-14T22:47:26+00:00","mainEntityOfPage":{"@id":"https:\/\/www.meydan.tv\/az\/article\/qraffitiye-gore-10-il-azerbaycanda-heykel-mehbuslarinin-isi\/"},"wordCount":1615,"publisher":{"@id":"https:\/\/www.meydan.tv\/az\/#organization"},"image":{"@id":"https:\/\/www.meydan.tv\/az\/article\/qraffitiye-gore-10-il-azerbaycanda-heykel-mehbuslarinin-isi\/#primaryimage"},"thumbnailUrl":"https:\/\/www.meydan.tv\/wp-content\/uploads\/33295.jpg","articleSection":["Analitika"],"inLanguage":"az"},{"@type":"WebPage","@id":"https:\/\/www.meydan.tv\/az\/article\/qraffitiye-gore-10-il-azerbaycanda-heykel-mehbuslarinin-isi\/","url":"https:\/\/www.meydan.tv\/az\/article\/qraffitiye-gore-10-il-azerbaycanda-heykel-mehbuslarinin-isi\/","name":"Qraffitiy\u0259 g\u00f6r\u0259 10 il: Az\u0259rbaycanda ''heyk\u0259l m\u0259hbuslar\u0131''n\u0131n i\u015fi - MEYDAN.TV","isPartOf":{"@id":"https:\/\/www.meydan.tv\/az\/#website"},"primaryImageOfPage":{"@id":"https:\/\/www.meydan.tv\/az\/article\/qraffitiye-gore-10-il-azerbaycanda-heykel-mehbuslarinin-isi\/#primaryimage"},"image":{"@id":"https:\/\/www.meydan.tv\/az\/article\/qraffitiye-gore-10-il-azerbaycanda-heykel-mehbuslarinin-isi\/#primaryimage"},"thumbnailUrl":"https:\/\/www.meydan.tv\/wp-content\/uploads\/33295.jpg","datePublished":"2017-05-14T22:47:26+00:00","breadcrumb":{"@id":"https:\/\/www.meydan.tv\/az\/article\/qraffitiye-gore-10-il-azerbaycanda-heykel-mehbuslarinin-isi\/#breadcrumb"},"inLanguage":"az","potentialAction":[{"@type":"ReadAction","target":["https:\/\/www.meydan.tv\/az\/article\/qraffitiye-gore-10-il-azerbaycanda-heykel-mehbuslarinin-isi\/"]}]},{"@type":"ImageObject","inLanguage":"az","@id":"https:\/\/www.meydan.tv\/az\/article\/qraffitiye-gore-10-il-azerbaycanda-heykel-mehbuslarinin-isi\/#primaryimage","url":"https:\/\/www.meydan.tv\/wp-content\/uploads\/33295.jpg","contentUrl":"https:\/\/www.meydan.tv\/wp-content\/uploads\/33295.jpg","width":1200,"height":675,"caption":"Source:"},{"@type":"BreadcrumbList","@id":"https:\/\/www.meydan.tv\/az\/article\/qraffitiye-gore-10-il-azerbaycanda-heykel-mehbuslarinin-isi\/#breadcrumb","itemListElement":[{"@type":"ListItem","position":1,"name":"Ana s\u0259hif\u0259","item":"https:\/\/www.meydan.tv\/az\/"},{"@type":"ListItem","position":2,"name":"Analitika","item":"https:\/\/www.meydan.tv\/az\/section\/analitika\/"},{"@type":"ListItem","position":3,"name":"Qraffitiy\u0259 g\u00f6r\u0259 10 il: Az\u0259rbaycanda &#8221;heyk\u0259l m\u0259hbuslar\u0131&#8221;n\u0131n i\u015fi"}]},{"@type":"WebSite","@id":"https:\/\/www.meydan.tv\/az\/#website","url":"https:\/\/www.meydan.tv\/az\/","name":"MEYDAN.TV","description":"Meydan TV Az\u0259rbaycan\u0131n media m\u0259kan\u0131ndak\u0131 alternativ s\u0259sidir","publisher":{"@id":"https:\/\/www.meydan.tv\/az\/#organization"},"potentialAction":[{"@type":"SearchAction","target":{"@type":"EntryPoint","urlTemplate":"https:\/\/www.meydan.tv\/az\/?s={search_term_string}"},"query-input":{"@type":"PropertyValueSpecification","valueRequired":true,"valueName":"search_term_string"}}],"inLanguage":"az"},{"@type":"Organization","@id":"https:\/\/www.meydan.tv\/az\/#organization","name":"Meydan TV","url":"https:\/\/www.meydan.tv\/az\/","logo":{"@type":"ImageObject","inLanguage":"az","@id":"https:\/\/www.meydan.tv\/az\/#\/schema\/logo\/image\/","url":"https:\/\/www.meydan.tv\/wp-content\/uploads\/2021\/07\/meydan-logo.svg","contentUrl":"https:\/\/www.meydan.tv\/wp-content\/uploads\/2021\/07\/meydan-logo.svg","width":195,"height":46,"caption":"Meydan TV"},"image":{"@id":"https:\/\/www.meydan.tv\/az\/#\/schema\/logo\/image\/"}},{"@type":"Person","@id":"https:\/\/www.meydan.tv\/az\/#\/schema\/person\/10d11eccf6da3662cf5fdab9806ea91a","name":"user-manager"}]}},"_links":{"self":[{"href":"https:\/\/www.meydan.tv\/az\/wp-json\/wp\/v2\/posts\/184310","targetHints":{"allow":["GET"]}}],"collection":[{"href":"https:\/\/www.meydan.tv\/az\/wp-json\/wp\/v2\/posts"}],"about":[{"href":"https:\/\/www.meydan.tv\/az\/wp-json\/wp\/v2\/types\/post"}],"author":[{"embeddable":true,"href":"https:\/\/www.meydan.tv\/az\/wp-json\/wp\/v2\/users\/11"}],"replies":[{"embeddable":true,"href":"https:\/\/www.meydan.tv\/az\/wp-json\/wp\/v2\/comments?post=184310"}],"version-history":[{"count":0,"href":"https:\/\/www.meydan.tv\/az\/wp-json\/wp\/v2\/posts\/184310\/revisions"}],"wp:featuredmedia":[{"embeddable":true,"href":"https:\/\/www.meydan.tv\/az\/wp-json\/wp\/v2\/media\/84631"}],"wp:attachment":[{"href":"https:\/\/www.meydan.tv\/az\/wp-json\/wp\/v2\/media?parent=184310"}],"wp:term":[{"taxonomy":"category","embeddable":true,"href":"https:\/\/www.meydan.tv\/az\/wp-json\/wp\/v2\/categories?post=184310"},{"taxonomy":"post_tag","embeddable":true,"href":"https:\/\/www.meydan.tv\/az\/wp-json\/wp\/v2\/tags?post=184310"}],"curies":[{"name":"wp","href":"https:\/\/api.w.org\/{rel}","templated":true}]}}