{"id":184281,"date":"2017-05-12T17:30:18","date_gmt":"2017-05-12T17:30:18","guid":{"rendered":"https:\/\/www.meydan.tv\/article\/uzaqgorenliyin-sebebi\/"},"modified":"2017-05-12T17:30:18","modified_gmt":"2017-05-12T17:30:18","slug":"uzaqgorenliyin-sebebi","status":"publish","type":"post","link":"https:\/\/www.meydan.tv\/az\/article\/uzaqgorenliyin-sebebi\/","title":{"rendered":"Uzaqg\u00f6r\u0259nliyin s\u0259b\u0259bi"},"content":{"rendered":"<figure class=\"wp-block-image size-large\">\n  <img decoding=\"async\" src=\"https:\/\/www.meydan.tv\/az\/qiyas-ibrahim-illustrasiya-2\/\" alt=\"Qiyas \u0130brahim (ill\u00fcstrasiya)\" class=\"wp-image-68895\"\/><figcaption>\n    Qiyas \u0130brahim (ill\u00fcstrasiya)<br \/>\n  <\/figcaption><\/figure>\n<p>\n  <b><br \/>\n    Qiyas \u0130brahim m\u0259hb\u0259sd\u0259n yaz\u0131r<br \/>\n  <\/b>\n<\/p>\n<p>\n  Salam, h\u00f6rm\u0259tli v\u0259kil El\u00e7in Sad\u0131qov m\u00fc\u0259llim. \u00dcmid edir\u0259m yax\u015f\u0131s\u0131z. M\u0259n d\u0259 yax\u015f\u0131yam, amma h\u0259l\u0259lik g\u00f6zl\u0259rim haqq\u0131nda bunu dey\u0259 bilmir\u0259m. Lakin bir m\u00fcdd\u0259t sonra y\u0259qin ki, dey\u0259c\u0259y\u0259m. El\u0259 siz\u0259 m\u0259ktub yazma\u011f\u0131ma s\u0259b\u0259b d\u0259 bununla ba\u011fl\u0131d\u0131r. Daha do\u011frusu, bir m\u00fcdd\u0259t sonra g\u00f6rm\u0259kl\u0259 ba\u011fl\u0131 problemimin aradan qalxaca\u011f\u0131 \u00fc\u00e7\u00fcn siz\u0259 t\u0259\u015f\u0259kk\u00fcr etm\u0259k ist\u0259yiml\u0259 ba\u011fl\u0131.\n<\/p>\n<p>\n  Ola bil\u0259r ki, Penitensiar Xidm\u0259t deyil\u0259n h\u00f6rm\u0259tli orqan, t\u0259\u015f\u0259kk\u00fcr\u00fc ona yox, siz\u0259 etdiyim \u00fc\u00e7\u00fcn m\u0259nd\u0259n incisin.\n<\/p>\n<p>\n  Ancaq g\u00f6zl\u0259rimi m\u00fcayin\u0259 edib, uzaqg\u00f6rm\u0259 eyn\u0259yi yazmas\u0131 \u00fc\u00e7\u00fcn etdiyim g\u00f6z h\u0259kimi t\u0259l\u0259bimi \u0259n tez \u00fc\u00e7 ayl\u0131q intizardan sonra t\u0259min ed\u0259n c\u0259nablara t\u0259\u015f\u0259kk\u00fcr etm\u0259k \u00fc\u00e7\u00fcn adam g\u0259r\u0259k Stokholm sindromuna tutulmu\u015f olsun.\n<\/p>\n<p>\n  M\u0259ns\u0259 bu sindromdan yox, sad\u0259c\u0259 miyopiyadan, uzaqg\u00f6rm\u0259zlikd\u0259n \u0259ziyy\u0259t \u00e7\u0259kir\u0259m.\n<\/p>\n<p>\n  Pentensiar\u0131n c\u0259nablar\u0131na t\u0259\u015f\u0259kk\u00fcr borcum olmad\u0131\u011f\u0131n\u0131 dem\u0259kl\u0259 m\u0259n he\u00e7 d\u0259 d\u00f6vl\u0259timizin norve\u00e7li cani Adres Breyviki \u2013 h\u0259, o, 70-d\u0259n art\u0131q insan\u0131 bir ne\u00e7\u0259 d\u0259qiq\u0259y\u0259 q\u0131r\u0131b, c\u0259mi 21 il\u0259 m\u0259hkum edil\u0259n v\u0259 oyun konsolu \u00fc\u00e7\u00fcn yeni oyunlar\u0131n verilm\u0259diyind\u0259n \u015fikay\u0259tl\u0259n\u0259n h\u0259min \u015fovinisti \u2013 bel\u0259 q\u0131sqand\u0131racaq humanizmin\u0259 k\u00f6lg\u0259 salmaq niyy\u0259tind\u0259 deyil\u0259m, \u0259sla. Bel\u0259 nankorlu\u011fa g\u00f6r\u0259 K\u00fcrd\u0259xan\u0131 t\u00fcrm\u0259sinin qara k\u0259rpic \u00e7\u00f6r\u0259yi adam\u0131n burnundan g\u0259l\u0259r.\n<\/p>\n<p>\n  M\u0259s\u0259l\u0259 bel\u0259dir ki, burda rahat v\u0259 isti h\u00fccr\u0259min ya\u015fatd\u0131\u011f\u0131 xo\u015fb\u0259xtlik n\u0259 q\u0259d\u0259r qaneedici olsa da, bir m\u00fcdd\u0259t sonra milli ruhdan yoxsun olub, h\u0259qiq\u0259tl\u0259ri, g\u00f6z\u0259llikl\u0259ri g\u00f6r\u0259 bilm\u0259yib, bunlar\u0131 m\u0259dh etm\u0259kd\u0259n uzaqla\u015fmaq v\u0259 bel\u0259c\u0259 d\u00f6vl\u0259t\u0259-mill\u0259t\u0259 yarars\u0131z biri hal\u0131na d\u00fc\u015fm\u0259k qorxusu m\u0259ni d\u0259h\u015f\u0259t\u0259 sal\u0131r.\n<\/p>\n<p>\n  Bel\u0259 bir yaramaza \u00e7evrilm\u0259yin uzaqg\u00f6rm\u0259 eyn\u0259yi il\u0259, dioptri il\u0259 n\u0259 \u0259laq\u0259si var dey\u0259 soru\u015fa bil\u0259rsiz. \u0130\u015f bel\u0259dir ki, ba\u015fda d\u00f6vl\u0259timizin, ya da d\u00fcnyan\u0131n xo\u015fb\u0259xti olan mill\u0259t v\u0259kilimizin h\u0259l\u0259 bir ne\u00e7\u0259 il \u0259vv\u0259lki co\u015fan humanizminin n\u0259tic\u0259si olaraq kamera divar\u0131na b\u0259rkidilmi\u015f teleekran, alt\u0131 kvadratmetrlik h\u00fccr\u0259min rahatl\u0131\u011f\u0131na el\u0259 bir humanist r\u0259ng qat\u0131r ki, bura \u00fc\u00e7\u00fcn t\u00fcrm\u0259 kameras\u0131 s\u00f6z\u00fcn\u00fc i\u015fl\u0259d\u0259n insafs\u0131z adama, y\u00fcz \u0259lli il \u0259vv\u0259l\u0259 qay\u0131d\u0131b, Petro-Pavlovsk qalas\u0131nda d\u00f6vr\u00fcn\u00fcn d\u0259lisi Mixail Bakuninl\u0259 dusdaq yolda\u015f\u0131 olmaq kimi anaxronik bir qar\u011f\u0131\u015f etm\u0259k laz\u0131md\u0131r, vallah!\n<\/p>\n<p>\n  Q\u0131sas\u0131, bu ekran m\u0259nim uzaqg\u00f6rm\u0259z g\u00f6zl\u0259rim\u00e7\u00fcn xeyli uzaq oldu\u011fundan, \u20181984\u2019-\u00fcn teleekran\u0131n\u0131 \u00e7atladacaq q\u0259d\u0259r h\u0259qiq\u0259tcilliy\u0259 sahib x\u0259b\u0259rl\u0259ri g\u00f6st\u0259r\u0259n telekanallar\u0131m\u0131z\u0131 d\u00f6vl\u0259t\u0259 sadiq bir v\u0259t\u0259nda\u015f kimi izl\u0259m\u0259y\u0259 \u00e7\u0259tinlik \u00e7\u0259kir\u0259m. D\u00fczd\u00fcr, TV deyil\u0259n icad\u0131n s\u0259si d\u0259 \u00e7\u0131x\u0131r v\u0259 m\u0259n milli televiziyalar\u0131m\u0131z\u0131m s\u0259sin\u0259 \u015f\u00fcbh\u0259 ed\u0259c\u0259k q\u0259d\u0259r yolumu azmam\u0131\u015fam, amma siz d\u0259, y\u00fcz e\u015fitm\u0259, bir g\u00f6r dey\u0259n atalar\u0131 bu m\u0259s\u0259l\u0259 g\u00f6r\u0259 bekar hesab ed\u0259c\u0259k q\u0259d\u0259r antimilli olmay\u0131n da! Odur ki, teleekran\u0131n g\u00f6st\u0259rdikl\u0259rini \u0259ksiksiz g\u00f6rm\u0259liy\u0259m ki, milli-m\u0259n\u0259vi, v\u0259t\u0259np\u0259rv\u0259r, d\u00f6vl\u0259t\u00e7i ruhdan yax\u0131nla\u015fmaq kimi bir d\u0259h\u015f\u0259td\u0259n qurtulum.\n<\/p>\n<p>\n  Eyn\u0259k d\u0259 m\u0259n\u0259 bu f\u0259lak\u0259t\u0259 u\u011framamaqdan \u00f6tr\u00fc teleekran\u0131 g\u00f6r\u0259 bilm\u0259k\u00e7\u00fcn laz\u0131md\u0131r, bunun\u00e7\u00fcn uzaqg\u00f6r\u0259n olmal\u0131yam! Ax\u0131 bir fikirl\u0259\u015fin, Avropa fa\u015fizminin m\u00fcs\u0259lmanlara nec\u0259 z\u00fclm etdiyini, az qala XXI \u0259srin Rekonkistas\u0131n\u0131 h\u0259yata ke\u00e7irdiyini teleekrandan g\u00f6r\u0259 bilm\u0259y\u0259n Nardaran sakinl\u0259rinin K\u00fcrd\u0259xan\u0131ya k\u00f6\u00e7\u00fcr\u00fclm\u0259sinin \u0130slam \u00fcmm\u0259tin\u0259 qar\u015f\u0131 \u0259n b\u00f6y\u00fck d\u00f6vl\u0259t qay\u011f\u0131s\u0131 oldu\u011funu nec\u0259 ba\u015fa d\u00fc\u015f\u0259 bil\u0259r v\u0259 bunu qanmadan d\u00f6vl\u0259t\u0259, din\u0259 (din b\u00f6y\u00fck h\u0259rfl\u0259rl\u0259 oxunur) sevgisi nec\u0259 hifz oluna bil\u0259r? Yaxud d\u00fc\u015f\u00fcn\u00fcn, frans\u0131z polisinin Paris k\u00fc\u00e7\u0259l\u0259rind\u0259n y\u0131\u011f\u0131\u015fmaq bilm\u0259y\u0259n anarxiya\u00e7\u0131lar\u0131 v\u0259h\u015fic\u0259sin\u0259 d\u00f6yd\u00fcy\u00fcn\u00fc g\u00f6rm\u0259d\u0259n \u2013 bunu g\u00f6rm\u0259k laz\u0131md\u0131, g\u00f6rm\u0259k v\u0259 \u00f6lm\u0259k! \u2013 d\u00f6vl\u0259timin \u015f\u0259r\u0259fli, namuslu polisin\u0259 \u015f\u0259r atan yaramazlara, milli ruhlu bir v\u0259t\u0259nda\u015f olaraq nifr\u0259t hissi \u0259skik qala bil\u0259r&#8230;\n<\/p>\n<p>\n  H\u0259l\u0259 t\u00fcrk qarda\u015flar\u0131m\u0131z\u0131 itin\u0259-k\u00f6p\u0259yin\u0259 yem ed\u0259n hollandlar\u0131 TV-d\u0259 g\u00f6r\u0259 bilm\u0259s\u0259k, onlar\u0131n ekranlar\u0131m\u0131zdan daha mavi olduqlar\u0131na \u015f\u00fcbh\u0259 duyub da milli m\u0259n\u0259viyy\u0259t\u0131m\u0131z\u0131 l\u0259k\u0259l\u0259y\u0259m\u0259zmiyik? \u00d6z\u00fc-s\u00f6z\u00fc azad \u00fc\u00e7bucaq kanal\u0131n\u0131n \u00f6z\u00fc turan\u00e7\u0131, s\u00f6z\u00fc az\u0259rbaycan\u00e7\u0131 s\u0259h\u0259r m\u00fcjd\u0259\u00e7isinin, ax\u015fambazar\u0131 el\u0259diyi politoloqlu\u011funu g\u00f6rm\u0259s\u0259n, bu k\u00fc\u00e7\u0259 zehniyy\u0259tli hollandlara b\u0259nd olub \u00f6z\u00fcm\u00fczd\u0259ki k\u00fc\u00e7\u0259 u\u015faqlar\u0131n\u0131 q\u0259hr\u0259man elan ed\u0259c\u0259k q\u0259d\u0259r antimilli olasan \u0259lb\u0259tt\u0259 ki.\n<\/p>\n<p>\n  Bu \u00f6z\u00fc g\u0259nc, ruhu qocan\u0131n dediyi kimi, bel\u0259 k\u00fc\u00e7\u0259 u\u015faqlar\u0131n\u0131 ad\u0131yla \u00e7a\u011f\u0131rmaq laz\u0131md\u0131r, daha q\u0259hr\u0259man elan etm\u0259k yox. Bel\u0259 d\u0259, B\u00f6y\u00fck Turan\u0131 olmasa da, ir\u0259lid\u0259 \u00f6z\u00fcn\u0259 Milli M\u0259clisd\u0259 kreslo, ya\u015famaq\u00e7\u00fcn babat \u015f\u0259rait qurmaq olur. Tenqri xeyir versin! Yaxud teleekrandan Cocuq M\u0259rcanl\u0131 k\u0259ndin\u0259 qay\u0131d\u0131\u015f\u0131, orda yeni h\u0259yat\u0131n ba\u015flanmas\u0131n\u0131 g\u00f6r\u0259 bilm\u0259y\u0259n \u0259n odlu v\u0259t\u0259np\u0259rv\u0259rin bel\u0259 \u00fcr\u0259yind\u0259 bir il \u0259vv\u0259l ba\u015f ver\u0259nl\u0259rin b\u00f6y\u00fck b\u00f6y\u00fck q\u0259l\u0259b\u0259 oldu\u011funa c\u0131qq\u0131l\u0131 da olsa \u015f\u00fcbh\u0259 qala bil\u0259r.\n<\/p>\n<p>\n  Bu m\u0259\u015fum c\u0131qq\u0131l\u0131 \u015f\u00fcbh\u0259ni k\u00f6r\u00fckl\u0259m\u0259y\u0259 can atan antimilli cocuqlar azd\u0131rm\u0131? Azd\u0131rm\u0131 bu q\u0259l\u0259b\u0259nin h\u0259rbi d\u0259rslikl\u0259r\u0259 sal\u0131nmal\u0131, Von Klausvitzin s\u00fcm\u00fckl\u0259rinin s\u0131zlamal\u0131 oldu\u011funu inkar ed\u0259c\u0259k, d\u00fc\u015fm\u0259nd\u0259n konfet alan cocuqlar? Bel\u0259 yaramaz coluq-cocu\u011fun, o k\u0259ndin iyirmi \u00fc\u00e7 il \u0259vv\u0259l \u00f6t\u00fcr\u00fcld\u00fcy\u00fcn\u00fc h\u0259r add\u0131mba\u015f\u0131 t\u0259krarlay\u0131b, ancaq \u2018orda, bir k\u0259nd var uzaqda, o k\u0259nd bizim k\u0259ndimizdir\u2019 mahn\u0131s\u0131n\u0131 oxuma\u011fa g\u0259lm\u0259y\u0259n cocuq dill\u0259rini q\u0131rm\u0131z\u0131 lent k\u0259s\u0259n qay\u00e7\u0131yla k\u0259sm\u0259k laz\u0131md\u0131r.\n<\/p>\n<p>\n  Bel\u0259l\u0259rinin, C.M\u0259rcanl\u0131n\u0131 Potyomkin k\u0259ndi qanan cocuq ba\u015flar\u0131na \u00f6z\u00fcu\u00e7an pilotsuz t\u0259yyar\u0259l\u0259rimiz d\u00fc\u015fs\u00fcn! Bax bel\u0259 coluq-cocuqlardan birin\u0259 \u00e7evrilm\u0259m\u0259k\u00e7\u00fcn g\u00f6r\u0259 bilm\u0259liy\u0259m teleekran\u0131. Yoxsa uzaqg\u00f6rm\u0259zlik ucbat\u0131ndan m\u0259cbur\u0259n ancaq yax\u0131na bax\u0131b, hans\u0131sa bo\u015f-bekar cizma-qara\u00e7\u0131n\u0131n uydurdu\u011fu \u2018M\u00fcharib\u0259 elan ed\u0259n t\u0259r\u0259fl\u0259r bunu g\u0259r\u0259k biletli tama\u015fa kimi t\u0259\u015fkil ed\u0259l\u0259r. Meydanasa h\u0259r iki t\u0259r\u0259fd\u0259n \u0259yinl\u0259rind\u0259 ancaq tuman, \u0259ll\u0259rind\u0259 \u00e7omaq olan yaln\u0131z nazirl\u0259r v\u0259 generallar burax\u0131la v\u0259 onlar\u0131n bir-birinin \u0259ngini \u0259zm\u0259sind\u0259 salamat qalan t\u0259r\u0259f qalib say\u0131la. Bel\u0259d\u0259 hans\u0131sa m\u00fcharib\u0259d\u0259 qalibiyy\u0259t\u0259 sevinm\u0259k olar b\u0259lk\u0259. H\u0259tta el\u0259 m\u0259\u011flubiyy\u0259t\u0259 d\u0259.\u2019 s\u00f6zl\u0259rini g\u00f6r\u0259 bilir, bel\u0259 gic-gic s\u00f6hb\u0259tl\u0259rl\u0259 milli-m\u0259n\u0259vi, d\u00f6vl\u0259t\u00e7i, v\u0259t\u0259np\u0259rv\u0259r hissl\u0259rini olmaz\u0131n z\u0259d\u0259l\u0259mi\u015f olursan. Bundan sonra onlarla \u0259sg\u0259r itirm\u0259yin \u0259v\u0259zind\u0259, d\u00fc\u015fm\u0259nin y\u00fczl\u0259rc\u0259sini itirdiyin\u0259 Ura! q\u0131\u015fq\u0131r\u0131b, bu q\u0259l\u0259b\u0259d\u0259n co\u015faraq, \u0130slamiadaya, Formula 1-\u0259 alq\u0131\u015f tutacaq, q\u0259lbi f\u0259r\u0259hl\u0259 dolu halda g\u0259z\u0259r\u0259k \u015foppinq festival\u0131nda vitrinl\u0259ri bo\u015faldacaq v\u0259t\u0259np\u0259rv\u0259rliy\u0259 sahib ol g\u00f6r\u00fcm nec\u0259 olursan.\n<\/p>\n<p>\n  \u00c7\u0259tindi\u2026 H\u0259r \u015fey bir yana, h\u0259yat\u0131n h\u0259r sah\u0259sind\u0259 s\u0259fal\u0259tin h\u00f6km s\u00fcrd\u00fcy\u00fc, camaat\u0131n ancaq sar\u0131 r\u0259ngli PAZ avtobusuna min\u0259 bildiyi \u00fczd\u0259niraq, k\u00f6n\u00fcld\u0259nuzaq, k\u00fcrk\u00fcy\u0131rt\u0131q qon\u015fumuz Erm\u0259nistan\u0131n ke\u00e7diyi pazdan qurtulmaq\u00e7\u00fcn mitinql\u0259rl\u0259 filan da\u011f\u0131ld\u0131\u011f\u0131n\u0131 ekrandan g\u00f6r\u0259 bilm\u0259s\u0259n.\n<\/p>\n<p>\n  Parlamentar respublikan\u0131n nec\u0259 bir sarsaql\u0131q oldu\u011funu qanmaz, c\u0259bh\u0259 x\u0259ttin\u0259 gedib h\u0259yat\u0131n\u0131 risk\u0259 atan prezidentd\u0259n ikincisini, \u00fc\u00e7\u00fcnc\u00fcs\u00fcn\u00fc d\u0259 ist\u0259m\u0259y\u0259c\u0259k q\u0259d\u0259r antimilli nankor olmayaca\u011f\u0131na inand\u0131ra bilm\u0259zs\u0259n.\n<\/p>\n<p>\n  Amerikadak\u0131 erm\u0259ni Tankiyan\u0131n basa-basa G\u00fcmr\u00fcy\u0259 se\u00e7ki m\u00fc\u015fahid\u0259 etm\u0259y\u0259 g\u0259ldiyini, se\u00e7kil\u0259rd\u0259 saxtakarl\u0131q a\u015fkarlad\u0131\u011f\u0131n\u0131 g\u00f6rm\u0259s\u0259n, onu Sarkisyan\u0131n \u0259traf\u0131nda s\u0131x birl\u0259\u015f\u0259 bilm\u0259y\u0259c\u0259k q\u0259d\u0259r b\u0259db\u0259xt oldu\u011funa inanmazsan.\n<\/p>\n<p>\n  Tankiyan\u0131n yaz\u0131ql\u0131\u011f\u0131n\u0131 teleekranda g\u00f6r\u0259 bilm\u0259k, g\u00f6r\u00fcb d\u0259 prezident sevgisind\u0259n yoxsunlu\u011funa g\u00fclm\u0259k v\u0259 \u2018Tanr\u0131m \u018ffruz xalam\u0131z\u0131 qoru!\u2019 hayq\u0131rma\u011f\u0131 g\u0259r\u0259kdir ki, milli ruhun g\u00f6yl\u0259r\u0259 qalxs\u0131n, g\u00f6zl\u0259rd\u0259n, qulaqlardan v\u0259t\u0259np\u0259rv\u0259rlik f\u0131sq\u0131rs\u0131n. B\u00fct\u00fcn bunlar\u00e7\u00fcn, bununla da milli ruhu hifz ed\u0259 bilm\u0259k, antimilli olmamaq\u00e7\u00fcn h\u00fccr\u0259nin divar\u0131ndak\u0131 teleekran\u0131 g\u00f6r\u0259 bilm\u0259liy\u0259m. Bax buna g\u00f6r\u0259 uzaqg\u00f6r\u0259n olmal\u0131yam!<\/p>\n","protected":false},"excerpt":{"rendered":"<p>Qiyas \u0130brahim m\u0259hb\u0259sd\u0259n yaz\u0131r<\/p>\n","protected":false},"author":11,"featured_media":68895,"comment_status":"closed","ping_status":"open","sticky":false,"template":"","format":"standard","meta":{"_acf_changed":false,"_sitemap_exclude":false,"_sitemap_priority":"","_sitemap_frequency":"","footnotes":""},"categories":[57],"tags":[],"class_list":["post-184281","post","type-post","status-publish","format-standard","has-post-thumbnail","hentry","category-menim-fikrimce","infinite-scroll-item","generate-columns","tablet-grid-50","mobile-grid-100","grid-parent","grid-33","no-featured-image-padding"],"acf":[],"yoast_head":"<!-- This site is optimized with the Yoast SEO plugin v27.5 - https:\/\/yoast.com\/product\/yoast-seo-wordpress\/ -->\n<title>Uzaqg\u00f6r\u0259nliyin s\u0259b\u0259bi - MEYDAN.TV<\/title>\n<meta name=\"robots\" content=\"index, follow, max-snippet:-1, max-image-preview:large, max-video-preview:-1\" \/>\n<link rel=\"canonical\" href=\"https:\/\/www.meydan.tv\/az\/article\/uzaqgorenliyin-sebebi\/\" \/>\n<meta property=\"og:locale\" content=\"az_AZ\" \/>\n<meta property=\"og:type\" content=\"article\" \/>\n<meta property=\"og:title\" content=\"Uzaqg\u00f6r\u0259nliyin s\u0259b\u0259bi - MEYDAN.TV\" \/>\n<meta property=\"og:description\" content=\"Qiyas \u0130brahim m\u0259hb\u0259sd\u0259n yaz\u0131r\" \/>\n<meta property=\"og:url\" content=\"https:\/\/www.meydan.tv\/az\/article\/uzaqgorenliyin-sebebi\/\" \/>\n<meta property=\"og:site_name\" content=\"MEYDAN.TV\" \/>\n<meta property=\"article:published_time\" content=\"2017-05-12T17:30:18+00:00\" \/>\n<meta property=\"og:image\" content=\"https:\/\/www.meydan.tv\/wp-content\/uploads\/26416.jpg\" \/>\n\t<meta property=\"og:image:width\" content=\"1280\" \/>\n\t<meta property=\"og:image:height\" content=\"843\" \/>\n\t<meta property=\"og:image:type\" content=\"image\/jpeg\" \/>\n<meta name=\"author\" content=\"user-manager\" \/>\n<meta name=\"twitter:card\" content=\"summary_large_image\" \/>\n<script type=\"application\/ld+json\" class=\"yoast-schema-graph\">{\"@context\":\"https:\\\/\\\/schema.org\",\"@graph\":[{\"@type\":\"Article\",\"@id\":\"https:\\\/\\\/www.meydan.tv\\\/az\\\/article\\\/uzaqgorenliyin-sebebi\\\/#article\",\"isPartOf\":{\"@id\":\"https:\\\/\\\/www.meydan.tv\\\/az\\\/article\\\/uzaqgorenliyin-sebebi\\\/\"},\"author\":{\"name\":\"user-manager\",\"@id\":\"https:\\\/\\\/www.meydan.tv\\\/az\\\/#\\\/schema\\\/person\\\/10d11eccf6da3662cf5fdab9806ea91a\"},\"headline\":\"Uzaqg\u00f6r\u0259nliyin s\u0259b\u0259bi\",\"datePublished\":\"2017-05-12T17:30:18+00:00\",\"mainEntityOfPage\":{\"@id\":\"https:\\\/\\\/www.meydan.tv\\\/az\\\/article\\\/uzaqgorenliyin-sebebi\\\/\"},\"wordCount\":1666,\"publisher\":{\"@id\":\"https:\\\/\\\/www.meydan.tv\\\/az\\\/#organization\"},\"image\":{\"@id\":\"https:\\\/\\\/www.meydan.tv\\\/az\\\/article\\\/uzaqgorenliyin-sebebi\\\/#primaryimage\"},\"thumbnailUrl\":\"https:\\\/\\\/www.meydan.tv\\\/wp-content\\\/uploads\\\/26416.jpg\",\"articleSection\":[\"M\u0259nim Fikrimc\u0259\"],\"inLanguage\":\"az\"},{\"@type\":\"WebPage\",\"@id\":\"https:\\\/\\\/www.meydan.tv\\\/az\\\/article\\\/uzaqgorenliyin-sebebi\\\/\",\"url\":\"https:\\\/\\\/www.meydan.tv\\\/az\\\/article\\\/uzaqgorenliyin-sebebi\\\/\",\"name\":\"Uzaqg\u00f6r\u0259nliyin s\u0259b\u0259bi - MEYDAN.TV\",\"isPartOf\":{\"@id\":\"https:\\\/\\\/www.meydan.tv\\\/az\\\/#website\"},\"primaryImageOfPage\":{\"@id\":\"https:\\\/\\\/www.meydan.tv\\\/az\\\/article\\\/uzaqgorenliyin-sebebi\\\/#primaryimage\"},\"image\":{\"@id\":\"https:\\\/\\\/www.meydan.tv\\\/az\\\/article\\\/uzaqgorenliyin-sebebi\\\/#primaryimage\"},\"thumbnailUrl\":\"https:\\\/\\\/www.meydan.tv\\\/wp-content\\\/uploads\\\/26416.jpg\",\"datePublished\":\"2017-05-12T17:30:18+00:00\",\"breadcrumb\":{\"@id\":\"https:\\\/\\\/www.meydan.tv\\\/az\\\/article\\\/uzaqgorenliyin-sebebi\\\/#breadcrumb\"},\"inLanguage\":\"az\",\"potentialAction\":[{\"@type\":\"ReadAction\",\"target\":[\"https:\\\/\\\/www.meydan.tv\\\/az\\\/article\\\/uzaqgorenliyin-sebebi\\\/\"]}]},{\"@type\":\"ImageObject\",\"inLanguage\":\"az\",\"@id\":\"https:\\\/\\\/www.meydan.tv\\\/az\\\/article\\\/uzaqgorenliyin-sebebi\\\/#primaryimage\",\"url\":\"https:\\\/\\\/www.meydan.tv\\\/wp-content\\\/uploads\\\/26416.jpg\",\"contentUrl\":\"https:\\\/\\\/www.meydan.tv\\\/wp-content\\\/uploads\\\/26416.jpg\",\"width\":1280,\"height\":843,\"caption\":\"Source:\"},{\"@type\":\"BreadcrumbList\",\"@id\":\"https:\\\/\\\/www.meydan.tv\\\/az\\\/article\\\/uzaqgorenliyin-sebebi\\\/#breadcrumb\",\"itemListElement\":[{\"@type\":\"ListItem\",\"position\":1,\"name\":\"Ana s\u0259hif\u0259\",\"item\":\"https:\\\/\\\/www.meydan.tv\\\/az\\\/\"},{\"@type\":\"ListItem\",\"position\":2,\"name\":\"M\u0259nim Fikrimc\u0259\",\"item\":\"https:\\\/\\\/www.meydan.tv\\\/az\\\/section\\\/menim-fikrimce\\\/\"},{\"@type\":\"ListItem\",\"position\":3,\"name\":\"Uzaqg\u00f6r\u0259nliyin s\u0259b\u0259bi\"}]},{\"@type\":\"WebSite\",\"@id\":\"https:\\\/\\\/www.meydan.tv\\\/az\\\/#website\",\"url\":\"https:\\\/\\\/www.meydan.tv\\\/az\\\/\",\"name\":\"MEYDAN.TV\",\"description\":\"Meydan TV Az\u0259rbaycan\u0131n media m\u0259kan\u0131ndak\u0131 alternativ s\u0259sidir\",\"publisher\":{\"@id\":\"https:\\\/\\\/www.meydan.tv\\\/az\\\/#organization\"},\"potentialAction\":[{\"@type\":\"SearchAction\",\"target\":{\"@type\":\"EntryPoint\",\"urlTemplate\":\"https:\\\/\\\/www.meydan.tv\\\/az\\\/?s={search_term_string}\"},\"query-input\":{\"@type\":\"PropertyValueSpecification\",\"valueRequired\":true,\"valueName\":\"search_term_string\"}}],\"inLanguage\":\"az\"},{\"@type\":\"Organization\",\"@id\":\"https:\\\/\\\/www.meydan.tv\\\/az\\\/#organization\",\"name\":\"Meydan TV\",\"url\":\"https:\\\/\\\/www.meydan.tv\\\/az\\\/\",\"logo\":{\"@type\":\"ImageObject\",\"inLanguage\":\"az\",\"@id\":\"https:\\\/\\\/www.meydan.tv\\\/az\\\/#\\\/schema\\\/logo\\\/image\\\/\",\"url\":\"https:\\\/\\\/www.meydan.tv\\\/wp-content\\\/uploads\\\/2021\\\/07\\\/meydan-logo.svg\",\"contentUrl\":\"https:\\\/\\\/www.meydan.tv\\\/wp-content\\\/uploads\\\/2021\\\/07\\\/meydan-logo.svg\",\"width\":195,\"height\":46,\"caption\":\"Meydan TV\"},\"image\":{\"@id\":\"https:\\\/\\\/www.meydan.tv\\\/az\\\/#\\\/schema\\\/logo\\\/image\\\/\"}},{\"@type\":\"Person\",\"@id\":\"https:\\\/\\\/www.meydan.tv\\\/az\\\/#\\\/schema\\\/person\\\/10d11eccf6da3662cf5fdab9806ea91a\",\"name\":\"user-manager\"}]}<\/script>\n<!-- \/ Yoast SEO plugin. -->","yoast_head_json":{"title":"Uzaqg\u00f6r\u0259nliyin s\u0259b\u0259bi - MEYDAN.TV","robots":{"index":"index","follow":"follow","max-snippet":"max-snippet:-1","max-image-preview":"max-image-preview:large","max-video-preview":"max-video-preview:-1"},"canonical":"https:\/\/www.meydan.tv\/az\/article\/uzaqgorenliyin-sebebi\/","og_locale":"az_AZ","og_type":"article","og_title":"Uzaqg\u00f6r\u0259nliyin s\u0259b\u0259bi - MEYDAN.TV","og_description":"Qiyas \u0130brahim m\u0259hb\u0259sd\u0259n yaz\u0131r","og_url":"https:\/\/www.meydan.tv\/az\/article\/uzaqgorenliyin-sebebi\/","og_site_name":"MEYDAN.TV","article_published_time":"2017-05-12T17:30:18+00:00","og_image":[{"width":1280,"height":843,"url":"https:\/\/www.meydan.tv\/wp-content\/uploads\/26416.jpg","type":"image\/jpeg"}],"author":"user-manager","twitter_card":"summary_large_image","schema":{"@context":"https:\/\/schema.org","@graph":[{"@type":"Article","@id":"https:\/\/www.meydan.tv\/az\/article\/uzaqgorenliyin-sebebi\/#article","isPartOf":{"@id":"https:\/\/www.meydan.tv\/az\/article\/uzaqgorenliyin-sebebi\/"},"author":{"name":"user-manager","@id":"https:\/\/www.meydan.tv\/az\/#\/schema\/person\/10d11eccf6da3662cf5fdab9806ea91a"},"headline":"Uzaqg\u00f6r\u0259nliyin s\u0259b\u0259bi","datePublished":"2017-05-12T17:30:18+00:00","mainEntityOfPage":{"@id":"https:\/\/www.meydan.tv\/az\/article\/uzaqgorenliyin-sebebi\/"},"wordCount":1666,"publisher":{"@id":"https:\/\/www.meydan.tv\/az\/#organization"},"image":{"@id":"https:\/\/www.meydan.tv\/az\/article\/uzaqgorenliyin-sebebi\/#primaryimage"},"thumbnailUrl":"https:\/\/www.meydan.tv\/wp-content\/uploads\/26416.jpg","articleSection":["M\u0259nim Fikrimc\u0259"],"inLanguage":"az"},{"@type":"WebPage","@id":"https:\/\/www.meydan.tv\/az\/article\/uzaqgorenliyin-sebebi\/","url":"https:\/\/www.meydan.tv\/az\/article\/uzaqgorenliyin-sebebi\/","name":"Uzaqg\u00f6r\u0259nliyin s\u0259b\u0259bi - MEYDAN.TV","isPartOf":{"@id":"https:\/\/www.meydan.tv\/az\/#website"},"primaryImageOfPage":{"@id":"https:\/\/www.meydan.tv\/az\/article\/uzaqgorenliyin-sebebi\/#primaryimage"},"image":{"@id":"https:\/\/www.meydan.tv\/az\/article\/uzaqgorenliyin-sebebi\/#primaryimage"},"thumbnailUrl":"https:\/\/www.meydan.tv\/wp-content\/uploads\/26416.jpg","datePublished":"2017-05-12T17:30:18+00:00","breadcrumb":{"@id":"https:\/\/www.meydan.tv\/az\/article\/uzaqgorenliyin-sebebi\/#breadcrumb"},"inLanguage":"az","potentialAction":[{"@type":"ReadAction","target":["https:\/\/www.meydan.tv\/az\/article\/uzaqgorenliyin-sebebi\/"]}]},{"@type":"ImageObject","inLanguage":"az","@id":"https:\/\/www.meydan.tv\/az\/article\/uzaqgorenliyin-sebebi\/#primaryimage","url":"https:\/\/www.meydan.tv\/wp-content\/uploads\/26416.jpg","contentUrl":"https:\/\/www.meydan.tv\/wp-content\/uploads\/26416.jpg","width":1280,"height":843,"caption":"Source:"},{"@type":"BreadcrumbList","@id":"https:\/\/www.meydan.tv\/az\/article\/uzaqgorenliyin-sebebi\/#breadcrumb","itemListElement":[{"@type":"ListItem","position":1,"name":"Ana s\u0259hif\u0259","item":"https:\/\/www.meydan.tv\/az\/"},{"@type":"ListItem","position":2,"name":"M\u0259nim Fikrimc\u0259","item":"https:\/\/www.meydan.tv\/az\/section\/menim-fikrimce\/"},{"@type":"ListItem","position":3,"name":"Uzaqg\u00f6r\u0259nliyin s\u0259b\u0259bi"}]},{"@type":"WebSite","@id":"https:\/\/www.meydan.tv\/az\/#website","url":"https:\/\/www.meydan.tv\/az\/","name":"MEYDAN.TV","description":"Meydan TV Az\u0259rbaycan\u0131n media m\u0259kan\u0131ndak\u0131 alternativ s\u0259sidir","publisher":{"@id":"https:\/\/www.meydan.tv\/az\/#organization"},"potentialAction":[{"@type":"SearchAction","target":{"@type":"EntryPoint","urlTemplate":"https:\/\/www.meydan.tv\/az\/?s={search_term_string}"},"query-input":{"@type":"PropertyValueSpecification","valueRequired":true,"valueName":"search_term_string"}}],"inLanguage":"az"},{"@type":"Organization","@id":"https:\/\/www.meydan.tv\/az\/#organization","name":"Meydan TV","url":"https:\/\/www.meydan.tv\/az\/","logo":{"@type":"ImageObject","inLanguage":"az","@id":"https:\/\/www.meydan.tv\/az\/#\/schema\/logo\/image\/","url":"https:\/\/www.meydan.tv\/wp-content\/uploads\/2021\/07\/meydan-logo.svg","contentUrl":"https:\/\/www.meydan.tv\/wp-content\/uploads\/2021\/07\/meydan-logo.svg","width":195,"height":46,"caption":"Meydan TV"},"image":{"@id":"https:\/\/www.meydan.tv\/az\/#\/schema\/logo\/image\/"}},{"@type":"Person","@id":"https:\/\/www.meydan.tv\/az\/#\/schema\/person\/10d11eccf6da3662cf5fdab9806ea91a","name":"user-manager"}]}},"_links":{"self":[{"href":"https:\/\/www.meydan.tv\/az\/wp-json\/wp\/v2\/posts\/184281","targetHints":{"allow":["GET"]}}],"collection":[{"href":"https:\/\/www.meydan.tv\/az\/wp-json\/wp\/v2\/posts"}],"about":[{"href":"https:\/\/www.meydan.tv\/az\/wp-json\/wp\/v2\/types\/post"}],"author":[{"embeddable":true,"href":"https:\/\/www.meydan.tv\/az\/wp-json\/wp\/v2\/users\/11"}],"replies":[{"embeddable":true,"href":"https:\/\/www.meydan.tv\/az\/wp-json\/wp\/v2\/comments?post=184281"}],"version-history":[{"count":0,"href":"https:\/\/www.meydan.tv\/az\/wp-json\/wp\/v2\/posts\/184281\/revisions"}],"wp:featuredmedia":[{"embeddable":true,"href":"https:\/\/www.meydan.tv\/az\/wp-json\/wp\/v2\/media\/68895"}],"wp:attachment":[{"href":"https:\/\/www.meydan.tv\/az\/wp-json\/wp\/v2\/media?parent=184281"}],"wp:term":[{"taxonomy":"category","embeddable":true,"href":"https:\/\/www.meydan.tv\/az\/wp-json\/wp\/v2\/categories?post=184281"},{"taxonomy":"post_tag","embeddable":true,"href":"https:\/\/www.meydan.tv\/az\/wp-json\/wp\/v2\/tags?post=184281"}],"curies":[{"name":"wp","href":"https:\/\/api.w.org\/{rel}","templated":true}]}}