{"id":184237,"date":"2017-05-11T15:36:22","date_gmt":"2017-05-11T15:36:22","guid":{"rendered":"https:\/\/www.meydan.tv\/article\/azerbaycanda-yeyilmek-ve-sag-qalmaq-haqqinda\/"},"modified":"2017-05-11T15:36:22","modified_gmt":"2017-05-11T15:36:22","slug":"azerbaycanda-yeyilmek-ve-sag-qalmaq-haqqinda","status":"publish","type":"post","link":"https:\/\/www.meydan.tv\/az\/article\/azerbaycanda-yeyilmek-ve-sag-qalmaq-haqqinda\/","title":{"rendered":"Az\u0259rbaycanda yeyilm\u0259k v\u0259 sa\u011f qalmaq haqq\u0131nda"},"content":{"rendered":"<p>\n  Seymur Baycan\u0131n h\u0259\u015f\u0259ratlar\u0131n \u0259traf m\u00fchit\u0259 uy\u011funla\u015fmas\u0131 il\u0259 c\u0259miyy\u0259t aras\u0131nda m\u00fcqayis\u0259sini g\u00f6r\u0259nd\u0259 c\u0259miyy\u0259tin deqredasiyas\u0131n\u0131n da t\u0259bii se\u00e7m\u0259 n\u0259z\u0259riyy\u0259sin\u0259 uy\u011fun \u015f\u0259kild\u0259 ba\u015f verdiyini xat\u0131rlad\u0131m. Seymur deyir, h\u0259\u015f\u0259ratlar n\u0259 q\u0259d\u0259r r\u0259ngini d\u0259yi\u015fs\u0259l\u0259r d\u0259, qu\u015flar onlar\u0131 yeyir, bizim c\u0259miyy\u0259td\u0259 d\u0259 bel\u0259dir, hakimiyy\u0259t\u0259 qulluq ed\u0259nl\u0259ri d\u0259 bir g\u00fcn g\u0259lir, hakimiyy\u0259t bas\u0131b yeyir (Yeri g\u0259lmi\u015fk\u0259n, qeyd edim ki, m\u0259n h\u0259\u015f\u0259rat s\u00f6z\u00fcn\u00fc q\u0259tiyy\u0259n t\u0259hqir m\u0259nas\u0131nda i\u015fl\u0259tmir\u0259m. Onlar\u0131n \u0259v\u0259zin\u0259 y\u0131rt\u0131c\u0131 heyvanlara qurban ged\u0259n insanlar\u0131 da yazmaq olar, f\u0259rqi yoxdur).\n<\/p>\n<p>\n  Bunlar h\u0259qiq\u0259tdir, amma h\u0259qiq\u0259tin ham\u0131s\u0131 deyil. Qu\u015flarda kamuflyaj olan h\u0259\u015f\u0259ratlar\u0131 tapa bilm\u0259 bacar\u0131\u011f\u0131n\u0131n inki\u015faf\u0131 t\u0259kam\u00fcl n\u0259tic\u0259sind\u0259 ba\u015f verir, eyni zamanda h\u0259\u015f\u0259ratlarda da kamuflyaj olunma x\u00fcsusiyy\u0259ti inki\u015fafa davam edir. \u00c7\u00fcnki \u0259ks halda uduza bil\u0259rl\u0259r, qu\u015flar uduzsa, ac qal\u0131b q\u0131r\u0131larlar, h\u0259\u015f\u0259ratlar uduzsa, yeyilib qurtararlar.\n<\/p>\n<p>\n  1993-d\u0259n b\u0259ri bizim c\u0259miyy\u0259td\u0259 yeyilm\u0259m\u0259k \u00fc\u00e7\u00fcn r\u00fc\u015fv\u0259t almal\u0131san, yax\u0131nlar\u0131n\u0131 satmal\u0131san, yaltaqlanmal\u0131san, u\u015faqlar\u0131n\u0131 da yaltaq, r\u00fc\u015fv\u0259txor b\u00f6y\u00fctm\u0259lis\u0259n, bir s\u00f6zl\u0259, \u0259claf olmal\u0131san, vicdan\u0131n\u0131 bo\u011fmal\u0131san. H\u0259, bir variant da var \u2013 ba\u015f\u0131n\u0131 a\u015fa\u011f\u0131 salmaq. Bunlar yax\u015f\u0131 kamuflyaj oluna bilm\u0259y\u0259n h\u0259\u015f\u0259ratlard\u0131r. Qu\u015flar daha asan g\u00f6z\u0259 batanlar\u0131 yeyirl\u0259r, sonra, \u0259lb\u0259tt\u0259, onlara da ke\u00e7\u0259c\u0259kl\u0259r. Daha asan g\u00f6z\u0259 batanlar is\u0259 kamuflyaj olma\u011f\u0131, iki\u00fczl\u00fc olma\u011f\u0131 \u00f6zl\u0259rin\u0259 s\u0131\u011f\u0131\u015fd\u0131ra bilm\u0259y\u0259nl\u0259rdir \u2013 \u201cM\u0259n h\u0259mi\u015f\u0259 ya\u015f\u0131l olmu\u015fam, indi yarpaq saral\u0131b dey\u0259 m\u0259n d\u0259 sar\u0131 olmayaca\u011fam. Bizim bir \u0259qid\u0259miz var, o da d\u0259yi\u015fmir\u201d. T\u0259bii ki, saral\u0131b yarpaq r\u0259ngi alanlar\u0131n g\u00f6z\u00fc qaba\u011f\u0131nda bu m\u00fcbariz ya\u015f\u0131l h\u0259\u015f\u0259rat amans\u0131zcas\u0131na yeyilir. Saral\u0131b-saralmamaq aras\u0131nda q\u0259rars\u0131z qalanlar\u0131n \u00e7oxu bu zaman d\u0259rhal saral\u0131rlar.\n<\/p>\n<p>\n  Bunun bir parlaq n\u00fcmun\u0259sini QHT-l\u0259rimizin timsalnda g\u00f6st\u0259rim. 2014-d\u0259 QHT-l\u0259r\u0259 h\u00fccum zaman\u0131 m\u00fcst\u0259qil QHT-l\u0259rin 2 se\u00e7imi vard\u0131: ya h\u00f6kum\u0259td\u0259n pul al\u0131b GONGO olacaqd\u0131lar, ya da h\u0259bs edil\u0259c\u0259kdil\u0259r. \u00c7ox az\u0131 r\u0259ngini d\u0259yi\u015fm\u0259m\u0259yi \u00fcst\u00fcn tutdu v\u0259 yeyildi. \u018fks\u0259riyy\u0259ti \u201cg\u00f6z\u00fc \u00e7\u0131xm\u0131\u015f qarda\u015f\u0131ndan\u201d n\u00fcmun\u0259 g\u00f6t\u00fcr\u00fcb n\u0259 r\u0259ng laz\u0131md\u0131r, o r\u0259ngi ald\u0131.\n<\/p>\n<p>\n  \u018flb\u0259tt\u0259, b\u0259z\u0259n r\u0259ngini d\u0259yi\u015fmi\u015fl\u0259r d\u0259 yeyilir, amma onlar ya n\u00f6vb\u0259ti r\u0259ng d\u0259yi\u015fimin\u0259 m\u00fcqavim\u0259t g\u00f6st\u0259r\u0259nl\u0259r, ya \u00f6zl\u0259ri r\u0259ng dikt\u0259 etm\u0259k ist\u0259y\u0259nl\u0259rdir, ya da k\u00fctl\u0259 i\u00e7\u0259risind\u0259 yeyilirl\u0259r. M\u0259s\u0259l\u0259n, r\u0259ngini daim kamuflyaj ed\u0259 bil\u0259n bir h\u0259\u015f\u0259rat t\u0259kam\u00fcl\u00fcn\u00fcn bir n\u00f6qt\u0259sind\u0259 qu\u015flar\u0131n yuxar\u0131da qeyd etdiyimiz anti-kamuflyaj hissiyyat\u0131na uduzur.\n<\/p>\n<p>\n  Gec d\u0259yi\u015fir r\u0259ngini, laz\u0131mi q\u0259d\u0259r kamuflyaj oluna bilmir v\u0259 yeyilir. Bizd\u0259 bu, k\u00f6hn\u0259 YAP-\u00e7\u0131lar\u0131n simas\u0131nda g\u00f6r\u00fcnd\u00fc. 2003-d\u0259 camaat\u0131 meydandan k\u00fcr\u00fcy\u0259nd\u0259, d\u0259y\u0259rli ziyal\u0131lar\u0131n siyasi q\u0259tll\u0259ri ard-arda ba\u015f ver\u0259nd\u0259 r\u0259ngini d\u0259yi\u015fib yaltaqlanma\u011fa davam ed\u0259n insanlar bir d\u00f6vrd\u0259 art\u0131q tab g\u0259tir\u0259 bilm\u0259dil\u0259r. Hakimiyy\u0259t dedi, \u201cb\u0259n\u00f6v\u015f\u0259yi ol\u201d, bunlar dedil\u0259r, \u201cyox, t\u00fcnd g\u00f6y d\u0259 b\u0259sdir\u201d&#8230; v\u0259 yeyildi. Yaxud biri hakimiyy\u0259t\u0259 yaltaqlan\u0131r, sabah onun evini s\u00f6k\u00fcrl\u0259r, \u00e7\u00fcnki b\u00fct\u00fcn \u201cSovetski\u201dni s\u00f6k\u0259nd\u0259 bir evi ortada saxlayas\u0131 deyill\u0259r. Bu situasiyada u\u011furlu kamuflyaj o olard\u0131 ki, s\u0259n \u00f6z\u00fcn \u00f6z evini s\u00f6k\u00fcb \u00e7\u0131x\u0131b ged\u0259rdin \u2013 material (maddi) yaltaql\u0131q, yaltaql\u0131\u011f\u0131 maddi olaraq g\u00f6st\u0259rirs\u0259n.\n<\/p>\n<p>\n  Qeyri-demokratik rejiml\u0259rd\u0259 bu kamuflyaj v\u0259 anti-kamuflyaj hissiyyat\u0131 aras\u0131nda m\u00fcbariz\u0259 artan x\u0259tt \u00fczr\u0259 daim davam edir. \u00c7\u00fcnki insan\u0131n kamuflyaj ed\u0259r\u0259k, gizl\u0259tm\u0259k ist\u0259diyi \u015fey \u00f6z vicdan\u0131d\u0131r. Rejim is\u0259 vicdan\u0131 tamamil\u0259 m\u0259hv etdiyin\u0259 \u0259min olmaq ist\u0259yir. \u00c7\u00fcnki rejimin anti-kamuflyaj hissi daim h\u0259d\u0259f olaraq vicdana istiqam\u0259tl\u0259nib.\n<\/p>\n<p>\n  Bu g\u00fcn rejim se\u00e7ki saxtala\u015fd\u0131rma\u011f\u0131 t\u0259l\u0259b edirs\u0259, sabah se\u00e7kid\u0259 azad m\u00fc\u015fahid\u0259\u00e7il\u0259ri d\u00f6ym\u0259yi t\u0259l\u0259b ed\u0259c\u0259k, birisig\u00fcn o m\u00fc\u015fahid\u0259\u00e7il\u0259ri zorlama\u011f\u0131. Hans\u0131sa m\u0259rh\u0259l\u0259d\u0259 ili\u015fdins\u0259, yeyil\u0259c\u0259ks\u0259n.\n<\/p>\n<p>\n  Oyunun qaydas\u0131 budur. Daha \u00e7ox, daha m\u00fcr\u0259kk\u0259b, daha h\u0259yas\u0131z, daha vicdans\u0131z&#8230;\n<\/p>\n<p>\n  Darvin m\u00fc\u015fahid\u0259l\u0259rin\u0259 \u0259sas\u0259n, t\u0259bii se\u00e7imd\u0259 maraql\u0131 bir fenomen haqq\u0131nda yaz\u0131rd\u0131: \u0259g\u0259r konkret \u0259razid\u0259 yem t\u0259\u015fkil ed\u0259n canl\u0131lar qurtarmaq \u00fczr\u0259dirs\u0259, onlar\u0131 yey\u0259n y\u0131rt\u0131c\u0131lar ba\u015fqa yem m\u0259nb\u0259l\u0259ri axtarma\u011fa meyll\u0259nirl\u0259r ki, h\u0259min n\u00f6v qurtarmas\u0131n. Y\u0259ni yemin, qurban\u0131n do\u011fub artmas\u0131na \u015f\u0259rait yarad\u0131rlar ki, yen\u0259 yey\u0259 bilsinl\u0259r. Bu, n\u00f6v olaraq t\u0259kam\u00fcl x\u00fcsusiyy\u0259tin\u0259 yiy\u0259l\u0259nm\u0259yin s\u00fcbutlar\u0131ndan biridir. Y\u0259ni bu x\u00fcsusiyy\u0259t f\u0259rd olaraq hans\u0131sa heyvana m\u0259xsus deyil, avtomatik olaraq, n\u00f6v\u00fcn b\u00fct\u00fcn \u00fczvl\u0259ri \u00f6z qurbanlar\u0131n\u0131n bel\u0259c\u0259 \u201cqay\u011f\u0131s\u0131na qal\u0131rlar\u201d.\n<\/p>\n<p>\n  Bir d\u0259f\u0259 m\u0259kt\u0259bd\u0259 tarix d\u0259rsind\u0259 u\u015faqlar\u0131n biri demi\u015fdi ki, Mirc\u0259f\u0259r Ba\u011f\u0131rovun az\u0259rbaycanl\u0131lara o yax\u015f\u0131l\u0131\u011f\u0131 olub ki, onlar\u0131n tamamil\u0259 Qazax\u0131stana k\u00f6\u00e7\u00fcr\u00fclm\u0259sinin qar\u015f\u0131s\u0131n\u0131 al\u0131b. M\u00fc\u0259llimimiz \u00e7ox vicdanl\u0131 adamd\u0131r, dedi ki, \u201cBu, bo\u015f \u0259fsan\u0259dir, Stalin k\u00f6\u00e7\u00fcrm\u0259k ist\u0259s\u0259, k\u00f6\u00e7\u00fcr\u0259c\u0259kdi. Lap \u0259g\u0259r bel\u0259 \u015fey olubsa da, onda Mirc\u0259f\u0259r Ba\u011f\u0131rovun az\u0259rbaycanl\u0131lar\u0131 saxlamas\u0131n\u0131n bir niyy\u0259ti var idi: bunlar k\u00f6\u00e7\u00fcr\u00fcls\u0259, o, kiml\u0259ri idar\u0259 ed\u0259rdi, kiml\u0259ri q\u0131rard\u0131, kiml\u0259ri repressiya ed\u0259rdi? Bizi saxlay\u0131b ki, g\u00fcll\u0259l\u0259y\u0259 bilsin, v\u0259zif\u0259d\u0259 qals\u0131n\u201d.\n<\/p>\n<p>\n  \u0130ndi ba\u015f\u0131n\u0131 a\u015fa\u011f\u0131 sal\u0131b ya\u015fayanlar da bu qurban funksiyas\u0131n\u0131 yerin\u0259 yetirir. Y\u0131rt\u0131c\u0131lara qurban laz\u0131md\u0131r, yoxsa kimi idar\u0259 ed\u0259rl\u0259r?! Ona g\u00f6r\u0259 d\u0259 ba\u015f\u0131n\u0131 a\u015fa\u011f\u0131 salmaq, ba\u015f\u0131n\u0131 yaln\u0131z yaltaqlanmaq \u00fc\u00e7\u00fcn qald\u0131rmaq Az\u0259rbaycanda ya\u015famaq u\u011frunda m\u00fcbariz\u0259nin \u0259sas \u015f\u0259rtl\u0259rind\u0259n biridir. Ba\u015fqa halda yeyil\u0259c\u0259ksiniz.\n<\/p>\n<p>\n  <i><br \/>\n    <b><br \/>\n      Yaz\u0131 m\u00fc\u0259llifin fikirl\u0259rini \u0259ks etdirir v\u0259 Meydan TV-nin m\u00f6vqeyi il\u0259 \u00fcst-\u00fcst\u0259 d\u00fc\u015fm\u0259y\u0259 bil\u0259r.<br \/>\n    <\/b><br \/>\n  <\/i><\/p>\n","protected":false},"excerpt":{"rendered":"<p>Seymur Baycan\u0131n h\u0259\u015f\u0259ratlar\u0131n \u0259traf m\u00fchit\u0259 uy\u011funla\u015fmas\u0131 il\u0259 c\u0259miyy\u0259t aras\u0131nda m\u00fcqayis\u0259sini g\u00f6r\u0259nd\u0259 c\u0259miyy\u0259tin deqredasiyas\u0131n\u0131n da t\u0259bii se\u00e7m\u0259 n\u0259z\u0259riyy\u0259sin\u0259 uy\u011fun \u015f\u0259kild\u0259 ba\u015f verdiyini xat\u0131rlad\u0131m.<\/p>\n","protected":false},"author":11,"featured_media":79618,"comment_status":"closed","ping_status":"open","sticky":false,"template":"","format":"standard","meta":{"_acf_changed":false,"_sitemap_exclude":false,"_sitemap_priority":"","_sitemap_frequency":"","footnotes":""},"categories":[57],"tags":[],"class_list":["post-184237","post","type-post","status-publish","format-standard","has-post-thumbnail","hentry","category-menim-fikrimce","infinite-scroll-item","generate-columns","tablet-grid-50","mobile-grid-100","grid-parent","grid-33","no-featured-image-padding"],"acf":[],"yoast_head":"<!-- This site is optimized with the Yoast SEO plugin v27.5 - https:\/\/yoast.com\/product\/yoast-seo-wordpress\/ -->\n<title>Az\u0259rbaycanda yeyilm\u0259k v\u0259 sa\u011f qalmaq haqq\u0131nda - MEYDAN.TV<\/title>\n<meta name=\"robots\" content=\"index, follow, max-snippet:-1, max-image-preview:large, max-video-preview:-1\" \/>\n<link rel=\"canonical\" href=\"https:\/\/www.meydan.tv\/az\/article\/azerbaycanda-yeyilmek-ve-sag-qalmaq-haqqinda\/\" \/>\n<meta property=\"og:locale\" content=\"az_AZ\" \/>\n<meta property=\"og:type\" content=\"article\" \/>\n<meta property=\"og:title\" content=\"Az\u0259rbaycanda yeyilm\u0259k v\u0259 sa\u011f qalmaq haqq\u0131nda - MEYDAN.TV\" \/>\n<meta property=\"og:description\" content=\"Seymur Baycan\u0131n h\u0259\u015f\u0259ratlar\u0131n \u0259traf m\u00fchit\u0259 uy\u011funla\u015fmas\u0131 il\u0259 c\u0259miyy\u0259t aras\u0131nda m\u00fcqayis\u0259sini g\u00f6r\u0259nd\u0259 c\u0259miyy\u0259tin deqredasiyas\u0131n\u0131n da t\u0259bii se\u00e7m\u0259 n\u0259z\u0259riyy\u0259sin\u0259 uy\u011fun \u015f\u0259kild\u0259 ba\u015f verdiyini xat\u0131rlad\u0131m.\" \/>\n<meta property=\"og:url\" content=\"https:\/\/www.meydan.tv\/az\/article\/azerbaycanda-yeyilmek-ve-sag-qalmaq-haqqinda\/\" \/>\n<meta property=\"og:site_name\" content=\"MEYDAN.TV\" \/>\n<meta property=\"article:published_time\" content=\"2017-05-11T15:36:22+00:00\" \/>\n<meta property=\"og:image\" content=\"https:\/\/www.meydan.tv\/wp-content\/uploads\/31024-1095x821.png\" \/>\n\t<meta property=\"og:image:width\" content=\"1095\" \/>\n\t<meta property=\"og:image:height\" content=\"821\" \/>\n\t<meta property=\"og:image:type\" content=\"image\/png\" \/>\n<meta name=\"author\" content=\"user-manager\" \/>\n<meta name=\"twitter:card\" content=\"summary_large_image\" \/>\n<script type=\"application\/ld+json\" class=\"yoast-schema-graph\">{\"@context\":\"https:\\\/\\\/schema.org\",\"@graph\":[{\"@type\":\"Article\",\"@id\":\"https:\\\/\\\/www.meydan.tv\\\/az\\\/article\\\/azerbaycanda-yeyilmek-ve-sag-qalmaq-haqqinda\\\/#article\",\"isPartOf\":{\"@id\":\"https:\\\/\\\/www.meydan.tv\\\/az\\\/article\\\/azerbaycanda-yeyilmek-ve-sag-qalmaq-haqqinda\\\/\"},\"author\":{\"name\":\"user-manager\",\"@id\":\"https:\\\/\\\/www.meydan.tv\\\/az\\\/#\\\/schema\\\/person\\\/10d11eccf6da3662cf5fdab9806ea91a\"},\"headline\":\"Az\u0259rbaycanda yeyilm\u0259k v\u0259 sa\u011f qalmaq haqq\u0131nda\",\"datePublished\":\"2017-05-11T15:36:22+00:00\",\"mainEntityOfPage\":{\"@id\":\"https:\\\/\\\/www.meydan.tv\\\/az\\\/article\\\/azerbaycanda-yeyilmek-ve-sag-qalmaq-haqqinda\\\/\"},\"wordCount\":1175,\"publisher\":{\"@id\":\"https:\\\/\\\/www.meydan.tv\\\/az\\\/#organization\"},\"image\":{\"@id\":\"https:\\\/\\\/www.meydan.tv\\\/az\\\/article\\\/azerbaycanda-yeyilmek-ve-sag-qalmaq-haqqinda\\\/#primaryimage\"},\"thumbnailUrl\":\"https:\\\/\\\/www.meydan.tv\\\/wp-content\\\/uploads\\\/31024.png\",\"articleSection\":[\"M\u0259nim Fikrimc\u0259\"],\"inLanguage\":\"az\"},{\"@type\":\"WebPage\",\"@id\":\"https:\\\/\\\/www.meydan.tv\\\/az\\\/article\\\/azerbaycanda-yeyilmek-ve-sag-qalmaq-haqqinda\\\/\",\"url\":\"https:\\\/\\\/www.meydan.tv\\\/az\\\/article\\\/azerbaycanda-yeyilmek-ve-sag-qalmaq-haqqinda\\\/\",\"name\":\"Az\u0259rbaycanda yeyilm\u0259k v\u0259 sa\u011f qalmaq haqq\u0131nda - MEYDAN.TV\",\"isPartOf\":{\"@id\":\"https:\\\/\\\/www.meydan.tv\\\/az\\\/#website\"},\"primaryImageOfPage\":{\"@id\":\"https:\\\/\\\/www.meydan.tv\\\/az\\\/article\\\/azerbaycanda-yeyilmek-ve-sag-qalmaq-haqqinda\\\/#primaryimage\"},\"image\":{\"@id\":\"https:\\\/\\\/www.meydan.tv\\\/az\\\/article\\\/azerbaycanda-yeyilmek-ve-sag-qalmaq-haqqinda\\\/#primaryimage\"},\"thumbnailUrl\":\"https:\\\/\\\/www.meydan.tv\\\/wp-content\\\/uploads\\\/31024.png\",\"datePublished\":\"2017-05-11T15:36:22+00:00\",\"breadcrumb\":{\"@id\":\"https:\\\/\\\/www.meydan.tv\\\/az\\\/article\\\/azerbaycanda-yeyilmek-ve-sag-qalmaq-haqqinda\\\/#breadcrumb\"},\"inLanguage\":\"az\",\"potentialAction\":[{\"@type\":\"ReadAction\",\"target\":[\"https:\\\/\\\/www.meydan.tv\\\/az\\\/article\\\/azerbaycanda-yeyilmek-ve-sag-qalmaq-haqqinda\\\/\"]}]},{\"@type\":\"ImageObject\",\"inLanguage\":\"az\",\"@id\":\"https:\\\/\\\/www.meydan.tv\\\/az\\\/article\\\/azerbaycanda-yeyilmek-ve-sag-qalmaq-haqqinda\\\/#primaryimage\",\"url\":\"https:\\\/\\\/www.meydan.tv\\\/wp-content\\\/uploads\\\/31024.png\",\"contentUrl\":\"https:\\\/\\\/www.meydan.tv\\\/wp-content\\\/uploads\\\/31024.png\",\"width\":2732,\"height\":2048,\"caption\":\"Source:\"},{\"@type\":\"BreadcrumbList\",\"@id\":\"https:\\\/\\\/www.meydan.tv\\\/az\\\/article\\\/azerbaycanda-yeyilmek-ve-sag-qalmaq-haqqinda\\\/#breadcrumb\",\"itemListElement\":[{\"@type\":\"ListItem\",\"position\":1,\"name\":\"Ana s\u0259hif\u0259\",\"item\":\"https:\\\/\\\/www.meydan.tv\\\/az\\\/\"},{\"@type\":\"ListItem\",\"position\":2,\"name\":\"M\u0259nim Fikrimc\u0259\",\"item\":\"https:\\\/\\\/www.meydan.tv\\\/az\\\/section\\\/menim-fikrimce\\\/\"},{\"@type\":\"ListItem\",\"position\":3,\"name\":\"Az\u0259rbaycanda yeyilm\u0259k v\u0259 sa\u011f qalmaq haqq\u0131nda\"}]},{\"@type\":\"WebSite\",\"@id\":\"https:\\\/\\\/www.meydan.tv\\\/az\\\/#website\",\"url\":\"https:\\\/\\\/www.meydan.tv\\\/az\\\/\",\"name\":\"MEYDAN.TV\",\"description\":\"Meydan TV Az\u0259rbaycan\u0131n media m\u0259kan\u0131ndak\u0131 alternativ s\u0259sidir\",\"publisher\":{\"@id\":\"https:\\\/\\\/www.meydan.tv\\\/az\\\/#organization\"},\"potentialAction\":[{\"@type\":\"SearchAction\",\"target\":{\"@type\":\"EntryPoint\",\"urlTemplate\":\"https:\\\/\\\/www.meydan.tv\\\/az\\\/?s={search_term_string}\"},\"query-input\":{\"@type\":\"PropertyValueSpecification\",\"valueRequired\":true,\"valueName\":\"search_term_string\"}}],\"inLanguage\":\"az\"},{\"@type\":\"Organization\",\"@id\":\"https:\\\/\\\/www.meydan.tv\\\/az\\\/#organization\",\"name\":\"Meydan TV\",\"url\":\"https:\\\/\\\/www.meydan.tv\\\/az\\\/\",\"logo\":{\"@type\":\"ImageObject\",\"inLanguage\":\"az\",\"@id\":\"https:\\\/\\\/www.meydan.tv\\\/az\\\/#\\\/schema\\\/logo\\\/image\\\/\",\"url\":\"https:\\\/\\\/www.meydan.tv\\\/wp-content\\\/uploads\\\/2021\\\/07\\\/meydan-logo.svg\",\"contentUrl\":\"https:\\\/\\\/www.meydan.tv\\\/wp-content\\\/uploads\\\/2021\\\/07\\\/meydan-logo.svg\",\"width\":195,\"height\":46,\"caption\":\"Meydan TV\"},\"image\":{\"@id\":\"https:\\\/\\\/www.meydan.tv\\\/az\\\/#\\\/schema\\\/logo\\\/image\\\/\"}},{\"@type\":\"Person\",\"@id\":\"https:\\\/\\\/www.meydan.tv\\\/az\\\/#\\\/schema\\\/person\\\/10d11eccf6da3662cf5fdab9806ea91a\",\"name\":\"user-manager\"}]}<\/script>\n<!-- \/ Yoast SEO plugin. -->","yoast_head_json":{"title":"Az\u0259rbaycanda yeyilm\u0259k v\u0259 sa\u011f qalmaq haqq\u0131nda - MEYDAN.TV","robots":{"index":"index","follow":"follow","max-snippet":"max-snippet:-1","max-image-preview":"max-image-preview:large","max-video-preview":"max-video-preview:-1"},"canonical":"https:\/\/www.meydan.tv\/az\/article\/azerbaycanda-yeyilmek-ve-sag-qalmaq-haqqinda\/","og_locale":"az_AZ","og_type":"article","og_title":"Az\u0259rbaycanda yeyilm\u0259k v\u0259 sa\u011f qalmaq haqq\u0131nda - MEYDAN.TV","og_description":"Seymur Baycan\u0131n h\u0259\u015f\u0259ratlar\u0131n \u0259traf m\u00fchit\u0259 uy\u011funla\u015fmas\u0131 il\u0259 c\u0259miyy\u0259t aras\u0131nda m\u00fcqayis\u0259sini g\u00f6r\u0259nd\u0259 c\u0259miyy\u0259tin deqredasiyas\u0131n\u0131n da t\u0259bii se\u00e7m\u0259 n\u0259z\u0259riyy\u0259sin\u0259 uy\u011fun \u015f\u0259kild\u0259 ba\u015f verdiyini xat\u0131rlad\u0131m.","og_url":"https:\/\/www.meydan.tv\/az\/article\/azerbaycanda-yeyilmek-ve-sag-qalmaq-haqqinda\/","og_site_name":"MEYDAN.TV","article_published_time":"2017-05-11T15:36:22+00:00","og_image":[{"width":1095,"height":821,"url":"https:\/\/www.meydan.tv\/wp-content\/uploads\/31024-1095x821.png","type":"image\/png"}],"author":"user-manager","twitter_card":"summary_large_image","schema":{"@context":"https:\/\/schema.org","@graph":[{"@type":"Article","@id":"https:\/\/www.meydan.tv\/az\/article\/azerbaycanda-yeyilmek-ve-sag-qalmaq-haqqinda\/#article","isPartOf":{"@id":"https:\/\/www.meydan.tv\/az\/article\/azerbaycanda-yeyilmek-ve-sag-qalmaq-haqqinda\/"},"author":{"name":"user-manager","@id":"https:\/\/www.meydan.tv\/az\/#\/schema\/person\/10d11eccf6da3662cf5fdab9806ea91a"},"headline":"Az\u0259rbaycanda yeyilm\u0259k v\u0259 sa\u011f qalmaq haqq\u0131nda","datePublished":"2017-05-11T15:36:22+00:00","mainEntityOfPage":{"@id":"https:\/\/www.meydan.tv\/az\/article\/azerbaycanda-yeyilmek-ve-sag-qalmaq-haqqinda\/"},"wordCount":1175,"publisher":{"@id":"https:\/\/www.meydan.tv\/az\/#organization"},"image":{"@id":"https:\/\/www.meydan.tv\/az\/article\/azerbaycanda-yeyilmek-ve-sag-qalmaq-haqqinda\/#primaryimage"},"thumbnailUrl":"https:\/\/www.meydan.tv\/wp-content\/uploads\/31024.png","articleSection":["M\u0259nim Fikrimc\u0259"],"inLanguage":"az"},{"@type":"WebPage","@id":"https:\/\/www.meydan.tv\/az\/article\/azerbaycanda-yeyilmek-ve-sag-qalmaq-haqqinda\/","url":"https:\/\/www.meydan.tv\/az\/article\/azerbaycanda-yeyilmek-ve-sag-qalmaq-haqqinda\/","name":"Az\u0259rbaycanda yeyilm\u0259k v\u0259 sa\u011f qalmaq haqq\u0131nda - MEYDAN.TV","isPartOf":{"@id":"https:\/\/www.meydan.tv\/az\/#website"},"primaryImageOfPage":{"@id":"https:\/\/www.meydan.tv\/az\/article\/azerbaycanda-yeyilmek-ve-sag-qalmaq-haqqinda\/#primaryimage"},"image":{"@id":"https:\/\/www.meydan.tv\/az\/article\/azerbaycanda-yeyilmek-ve-sag-qalmaq-haqqinda\/#primaryimage"},"thumbnailUrl":"https:\/\/www.meydan.tv\/wp-content\/uploads\/31024.png","datePublished":"2017-05-11T15:36:22+00:00","breadcrumb":{"@id":"https:\/\/www.meydan.tv\/az\/article\/azerbaycanda-yeyilmek-ve-sag-qalmaq-haqqinda\/#breadcrumb"},"inLanguage":"az","potentialAction":[{"@type":"ReadAction","target":["https:\/\/www.meydan.tv\/az\/article\/azerbaycanda-yeyilmek-ve-sag-qalmaq-haqqinda\/"]}]},{"@type":"ImageObject","inLanguage":"az","@id":"https:\/\/www.meydan.tv\/az\/article\/azerbaycanda-yeyilmek-ve-sag-qalmaq-haqqinda\/#primaryimage","url":"https:\/\/www.meydan.tv\/wp-content\/uploads\/31024.png","contentUrl":"https:\/\/www.meydan.tv\/wp-content\/uploads\/31024.png","width":2732,"height":2048,"caption":"Source:"},{"@type":"BreadcrumbList","@id":"https:\/\/www.meydan.tv\/az\/article\/azerbaycanda-yeyilmek-ve-sag-qalmaq-haqqinda\/#breadcrumb","itemListElement":[{"@type":"ListItem","position":1,"name":"Ana s\u0259hif\u0259","item":"https:\/\/www.meydan.tv\/az\/"},{"@type":"ListItem","position":2,"name":"M\u0259nim Fikrimc\u0259","item":"https:\/\/www.meydan.tv\/az\/section\/menim-fikrimce\/"},{"@type":"ListItem","position":3,"name":"Az\u0259rbaycanda yeyilm\u0259k v\u0259 sa\u011f qalmaq haqq\u0131nda"}]},{"@type":"WebSite","@id":"https:\/\/www.meydan.tv\/az\/#website","url":"https:\/\/www.meydan.tv\/az\/","name":"MEYDAN.TV","description":"Meydan TV Az\u0259rbaycan\u0131n media m\u0259kan\u0131ndak\u0131 alternativ s\u0259sidir","publisher":{"@id":"https:\/\/www.meydan.tv\/az\/#organization"},"potentialAction":[{"@type":"SearchAction","target":{"@type":"EntryPoint","urlTemplate":"https:\/\/www.meydan.tv\/az\/?s={search_term_string}"},"query-input":{"@type":"PropertyValueSpecification","valueRequired":true,"valueName":"search_term_string"}}],"inLanguage":"az"},{"@type":"Organization","@id":"https:\/\/www.meydan.tv\/az\/#organization","name":"Meydan TV","url":"https:\/\/www.meydan.tv\/az\/","logo":{"@type":"ImageObject","inLanguage":"az","@id":"https:\/\/www.meydan.tv\/az\/#\/schema\/logo\/image\/","url":"https:\/\/www.meydan.tv\/wp-content\/uploads\/2021\/07\/meydan-logo.svg","contentUrl":"https:\/\/www.meydan.tv\/wp-content\/uploads\/2021\/07\/meydan-logo.svg","width":195,"height":46,"caption":"Meydan TV"},"image":{"@id":"https:\/\/www.meydan.tv\/az\/#\/schema\/logo\/image\/"}},{"@type":"Person","@id":"https:\/\/www.meydan.tv\/az\/#\/schema\/person\/10d11eccf6da3662cf5fdab9806ea91a","name":"user-manager"}]}},"_links":{"self":[{"href":"https:\/\/www.meydan.tv\/az\/wp-json\/wp\/v2\/posts\/184237","targetHints":{"allow":["GET"]}}],"collection":[{"href":"https:\/\/www.meydan.tv\/az\/wp-json\/wp\/v2\/posts"}],"about":[{"href":"https:\/\/www.meydan.tv\/az\/wp-json\/wp\/v2\/types\/post"}],"author":[{"embeddable":true,"href":"https:\/\/www.meydan.tv\/az\/wp-json\/wp\/v2\/users\/11"}],"replies":[{"embeddable":true,"href":"https:\/\/www.meydan.tv\/az\/wp-json\/wp\/v2\/comments?post=184237"}],"version-history":[{"count":0,"href":"https:\/\/www.meydan.tv\/az\/wp-json\/wp\/v2\/posts\/184237\/revisions"}],"wp:featuredmedia":[{"embeddable":true,"href":"https:\/\/www.meydan.tv\/az\/wp-json\/wp\/v2\/media\/79618"}],"wp:attachment":[{"href":"https:\/\/www.meydan.tv\/az\/wp-json\/wp\/v2\/media?parent=184237"}],"wp:term":[{"taxonomy":"category","embeddable":true,"href":"https:\/\/www.meydan.tv\/az\/wp-json\/wp\/v2\/categories?post=184237"},{"taxonomy":"post_tag","embeddable":true,"href":"https:\/\/www.meydan.tv\/az\/wp-json\/wp\/v2\/tags?post=184237"}],"curies":[{"name":"wp","href":"https:\/\/api.w.org\/{rel}","templated":true}]}}