{"id":184137,"date":"2017-05-04T22:35:03","date_gmt":"2017-05-04T22:35:03","guid":{"rendered":"https:\/\/www.meydan.tv\/article\/azadliq-qezetinin-emekdasi-xuliqanliqda-ittiham-edilir\/"},"modified":"2017-05-04T22:35:03","modified_gmt":"2017-05-04T22:35:03","slug":"azadliq-qezetinin-emekdasi-xuliqanliqda-ittiham-edilir","status":"publish","type":"post","link":"https:\/\/www.meydan.tv\/az\/article\/azadliq-qezetinin-emekdasi-xuliqanliqda-ittiham-edilir\/","title":{"rendered":"&#8221;Azadl\u0131q&#8221; q\u0259zetinin \u0259m\u0259kda\u015f\u0131 xuliqanl\u0131qda ittiham edilir"},"content":{"rendered":"<figure class=\"wp-block-image size-large\">\n  <img decoding=\"async\" src=\"https:\/\/www.meydan.tv\/az\/ziya-esedli\/\" alt=\"Ziya \u018fs\u0259dli\" class=\"wp-image-84133\"\/><figcaption>\n    Ziya \u018fs\u0259dli<br \/>\n  <\/figcaption><\/figure>\n<p>\n  <i><br \/>\n    B\u00f6lg\u0259 m\u00fcxbirin\u0259 qar\u015f\u0131 cinay\u0259t i\u015fi ba\u015flay\u0131b<br \/>\n  <\/i>\n<\/p>\n<p>\n  Bil\u0259suvarda &#8220;Azadl\u0131q&#8221; q\u0259zetinin b\u00f6lg\u0259 m\u00fcxbiri Ziya \u018fs\u0259dliy\u0259 qar\u015f\u0131 cinay\u0259t i\u015fi qald\u0131r\u0131l\u0131b. Yerli polis ona qar\u015f\u0131 Cinay\u0259t M\u0259c\u0259ll\u0259sinin 221-ci madd\u0259si il\u0259 cinay\u0259t i\u015fi qald\u0131r\u0131b. M\u0259lumat\u0131 &#8220;azadl\u0131q.info&#8221; yay\u0131b.\n<\/p>\n<p>\n  Polisin ittiham\u0131na g\u00f6r\u0259, Ziya \u018fs\u0259dli rayonda yerl\u0259\u015f\u0259n \u00e7ayxanalar\u0131n birind\u0259 xuliqanl\u0131q h\u0259r\u0259k\u0259ti edib. Jurnalist ittiham\u0131 q\u0259bul etmir. Bildirilir ki, \u0259slind\u0259 uydurma cinay\u0259t hadis\u0259sinin ba\u015f verdiyi zaman Ziya \u018fs\u0259dli h\u0259min \u00e7ayxanada olmay\u0131b v\u0259 he\u00e7 kiml\u0259 d\u0259 he\u00e7 bir konflikt ya\u015famay\u0131b:\n<\/p>\n<p>\n  &#8220;Yerli polis onun \u00fcz\u00fcn\u0259 durma\u011fa adam da tap\u0131b ki, bu, Az\u0259rbaycan polisinin praktikas\u0131nda adi hallardan birin\u0259 \u00e7evrilib. Ziya \u018fs\u0259dlinin guya xuliqanl\u0131q etdiyi deyil\u0259n \u00e7ayxana yerli polisin mayor r\u00fctb\u0259li Vaqif adl\u0131 zabitin\u0259 m\u0259xsusdur. Polis zabiti \u00f6z \u00e7ayxanas\u0131nda m\u00fcxalif\u0259t\u00e7il\u0259r\u0259 \u00e7ay sat\u0131lmas\u0131n\u0131 qada\u011fan edib v\u0259 buna g\u00f6r\u0259 d\u0259 Ziya \u018fs\u0259dli h\u0259min \u00e7ayxanaya getmir. Onun \u00fcz\u00fcn\u0259 duran \u015f\u0259xs is\u0259 iddia edir ki, Ziya \u018fs\u0259dli h\u0259min \u00e7ayxanaya g\u0259lib v\u0259 d\u00f6vl\u0259t\u0259 qar\u015f\u0131 t\u0259xribat\u00e7\u0131 fikirl\u0259r s\u0259sl\u0259ndirib&#8221; &#8211; sayt iddia edir.\n<\/p>\n<p>\n  D\u0130N m\u0259tbuat xidm\u0259ti m\u0259s\u0259l\u0259 il\u0259 ba\u011fl\u0131 h\u0259r hans\u0131 a\u00e7\u0131qlama vermir.<\/p>\n","protected":false},"excerpt":{"rendered":"<p>B\u00f6lg\u0259 m\u00fcxbirin\u0259 qar\u015f\u0131 cinay\u0259t i\u015fi ba\u015flay\u0131b<\/p>\n","protected":false},"author":11,"featured_media":84133,"comment_status":"closed","ping_status":"open","sticky":false,"template":"","format":"standard","meta":{"_acf_changed":false,"_sitemap_exclude":false,"_sitemap_priority":"","_sitemap_frequency":"","footnotes":""},"categories":[56],"tags":[],"class_list":["post-184137","post","type-post","status-publish","format-standard","has-post-thumbnail","hentry","category-xeberler","infinite-scroll-item","generate-columns","tablet-grid-50","mobile-grid-100","grid-parent","grid-33","no-featured-image-padding"],"acf":[],"yoast_head":"<!-- This site is optimized with the Yoast SEO plugin v27.4 - https:\/\/yoast.com\/product\/yoast-seo-wordpress\/ -->\n<title>&#039;&#039;Azadl\u0131q&#039;&#039; q\u0259zetinin \u0259m\u0259kda\u015f\u0131 xuliqanl\u0131qda ittiham edilir - MEYDAN.TV<\/title>\n<meta name=\"robots\" content=\"index, follow, max-snippet:-1, max-image-preview:large, max-video-preview:-1\" \/>\n<link rel=\"canonical\" href=\"https:\/\/www.meydan.tv\/az\/article\/azadliq-qezetinin-emekdasi-xuliqanliqda-ittiham-edilir\/\" \/>\n<meta property=\"og:locale\" content=\"az_AZ\" \/>\n<meta property=\"og:type\" content=\"article\" \/>\n<meta property=\"og:title\" content=\"&#039;&#039;Azadl\u0131q&#039;&#039; q\u0259zetinin \u0259m\u0259kda\u015f\u0131 xuliqanl\u0131qda ittiham edilir - MEYDAN.TV\" \/>\n<meta property=\"og:description\" content=\"B\u00f6lg\u0259 m\u00fcxbirin\u0259 qar\u015f\u0131 cinay\u0259t i\u015fi ba\u015flay\u0131b\" \/>\n<meta property=\"og:url\" content=\"https:\/\/www.meydan.tv\/az\/article\/azadliq-qezetinin-emekdasi-xuliqanliqda-ittiham-edilir\/\" \/>\n<meta property=\"og:site_name\" content=\"MEYDAN.TV\" \/>\n<meta property=\"article:published_time\" content=\"2017-05-04T22:35:03+00:00\" \/>\n<meta property=\"og:image\" content=\"https:\/\/www.meydan.tv\/wp-content\/uploads\/33049.jpg\" \/>\n\t<meta property=\"og:image:width\" content=\"810\" \/>\n\t<meta property=\"og:image:height\" content=\"450\" \/>\n\t<meta property=\"og:image:type\" content=\"image\/jpeg\" \/>\n<meta name=\"author\" content=\"user-manager\" \/>\n<meta name=\"twitter:card\" content=\"summary_large_image\" \/>\n<script type=\"application\/ld+json\" class=\"yoast-schema-graph\">{\"@context\":\"https:\\\/\\\/schema.org\",\"@graph\":[{\"@type\":\"Article\",\"@id\":\"https:\\\/\\\/www.meydan.tv\\\/az\\\/article\\\/azadliq-qezetinin-emekdasi-xuliqanliqda-ittiham-edilir\\\/#article\",\"isPartOf\":{\"@id\":\"https:\\\/\\\/www.meydan.tv\\\/az\\\/article\\\/azadliq-qezetinin-emekdasi-xuliqanliqda-ittiham-edilir\\\/\"},\"author\":{\"name\":\"user-manager\",\"@id\":\"https:\\\/\\\/www.meydan.tv\\\/az\\\/#\\\/schema\\\/person\\\/10d11eccf6da3662cf5fdab9806ea91a\"},\"headline\":\"&#8221;Azadl\u0131q&#8221; q\u0259zetinin \u0259m\u0259kda\u015f\u0131 xuliqanl\u0131qda ittiham edilir\",\"datePublished\":\"2017-05-04T22:35:03+00:00\",\"mainEntityOfPage\":{\"@id\":\"https:\\\/\\\/www.meydan.tv\\\/az\\\/article\\\/azadliq-qezetinin-emekdasi-xuliqanliqda-ittiham-edilir\\\/\"},\"wordCount\":253,\"publisher\":{\"@id\":\"https:\\\/\\\/www.meydan.tv\\\/az\\\/#organization\"},\"image\":{\"@id\":\"https:\\\/\\\/www.meydan.tv\\\/az\\\/article\\\/azadliq-qezetinin-emekdasi-xuliqanliqda-ittiham-edilir\\\/#primaryimage\"},\"thumbnailUrl\":\"https:\\\/\\\/www.meydan.tv\\\/wp-content\\\/uploads\\\/33049.jpg\",\"articleSection\":[\"X\u0259b\u0259rl\u0259r\"],\"inLanguage\":\"az\"},{\"@type\":\"WebPage\",\"@id\":\"https:\\\/\\\/www.meydan.tv\\\/az\\\/article\\\/azadliq-qezetinin-emekdasi-xuliqanliqda-ittiham-edilir\\\/\",\"url\":\"https:\\\/\\\/www.meydan.tv\\\/az\\\/article\\\/azadliq-qezetinin-emekdasi-xuliqanliqda-ittiham-edilir\\\/\",\"name\":\"''Azadl\u0131q'' q\u0259zetinin \u0259m\u0259kda\u015f\u0131 xuliqanl\u0131qda ittiham edilir - MEYDAN.TV\",\"isPartOf\":{\"@id\":\"https:\\\/\\\/www.meydan.tv\\\/az\\\/#website\"},\"primaryImageOfPage\":{\"@id\":\"https:\\\/\\\/www.meydan.tv\\\/az\\\/article\\\/azadliq-qezetinin-emekdasi-xuliqanliqda-ittiham-edilir\\\/#primaryimage\"},\"image\":{\"@id\":\"https:\\\/\\\/www.meydan.tv\\\/az\\\/article\\\/azadliq-qezetinin-emekdasi-xuliqanliqda-ittiham-edilir\\\/#primaryimage\"},\"thumbnailUrl\":\"https:\\\/\\\/www.meydan.tv\\\/wp-content\\\/uploads\\\/33049.jpg\",\"datePublished\":\"2017-05-04T22:35:03+00:00\",\"breadcrumb\":{\"@id\":\"https:\\\/\\\/www.meydan.tv\\\/az\\\/article\\\/azadliq-qezetinin-emekdasi-xuliqanliqda-ittiham-edilir\\\/#breadcrumb\"},\"inLanguage\":\"az\",\"potentialAction\":[{\"@type\":\"ReadAction\",\"target\":[\"https:\\\/\\\/www.meydan.tv\\\/az\\\/article\\\/azadliq-qezetinin-emekdasi-xuliqanliqda-ittiham-edilir\\\/\"]}]},{\"@type\":\"ImageObject\",\"inLanguage\":\"az\",\"@id\":\"https:\\\/\\\/www.meydan.tv\\\/az\\\/article\\\/azadliq-qezetinin-emekdasi-xuliqanliqda-ittiham-edilir\\\/#primaryimage\",\"url\":\"https:\\\/\\\/www.meydan.tv\\\/wp-content\\\/uploads\\\/33049.jpg\",\"contentUrl\":\"https:\\\/\\\/www.meydan.tv\\\/wp-content\\\/uploads\\\/33049.jpg\",\"width\":810,\"height\":450,\"caption\":\"Source:\"},{\"@type\":\"BreadcrumbList\",\"@id\":\"https:\\\/\\\/www.meydan.tv\\\/az\\\/article\\\/azadliq-qezetinin-emekdasi-xuliqanliqda-ittiham-edilir\\\/#breadcrumb\",\"itemListElement\":[{\"@type\":\"ListItem\",\"position\":1,\"name\":\"Ana s\u0259hif\u0259\",\"item\":\"https:\\\/\\\/www.meydan.tv\\\/az\\\/\"},{\"@type\":\"ListItem\",\"position\":2,\"name\":\"X\u0259b\u0259rl\u0259r\",\"item\":\"https:\\\/\\\/www.meydan.tv\\\/az\\\/section\\\/xeberler\\\/\"},{\"@type\":\"ListItem\",\"position\":3,\"name\":\"&#8221;Azadl\u0131q&#8221; q\u0259zetinin \u0259m\u0259kda\u015f\u0131 xuliqanl\u0131qda ittiham edilir\"}]},{\"@type\":\"WebSite\",\"@id\":\"https:\\\/\\\/www.meydan.tv\\\/az\\\/#website\",\"url\":\"https:\\\/\\\/www.meydan.tv\\\/az\\\/\",\"name\":\"MEYDAN.TV\",\"description\":\"Meydan TV Az\u0259rbaycan\u0131n media m\u0259kan\u0131ndak\u0131 alternativ s\u0259sidir\",\"publisher\":{\"@id\":\"https:\\\/\\\/www.meydan.tv\\\/az\\\/#organization\"},\"potentialAction\":[{\"@type\":\"SearchAction\",\"target\":{\"@type\":\"EntryPoint\",\"urlTemplate\":\"https:\\\/\\\/www.meydan.tv\\\/az\\\/?s={search_term_string}\"},\"query-input\":{\"@type\":\"PropertyValueSpecification\",\"valueRequired\":true,\"valueName\":\"search_term_string\"}}],\"inLanguage\":\"az\"},{\"@type\":\"Organization\",\"@id\":\"https:\\\/\\\/www.meydan.tv\\\/az\\\/#organization\",\"name\":\"Meydan TV\",\"url\":\"https:\\\/\\\/www.meydan.tv\\\/az\\\/\",\"logo\":{\"@type\":\"ImageObject\",\"inLanguage\":\"az\",\"@id\":\"https:\\\/\\\/www.meydan.tv\\\/az\\\/#\\\/schema\\\/logo\\\/image\\\/\",\"url\":\"https:\\\/\\\/www.meydan.tv\\\/wp-content\\\/uploads\\\/2021\\\/07\\\/meydan-logo.svg\",\"contentUrl\":\"https:\\\/\\\/www.meydan.tv\\\/wp-content\\\/uploads\\\/2021\\\/07\\\/meydan-logo.svg\",\"width\":195,\"height\":46,\"caption\":\"Meydan TV\"},\"image\":{\"@id\":\"https:\\\/\\\/www.meydan.tv\\\/az\\\/#\\\/schema\\\/logo\\\/image\\\/\"}},{\"@type\":\"Person\",\"@id\":\"https:\\\/\\\/www.meydan.tv\\\/az\\\/#\\\/schema\\\/person\\\/10d11eccf6da3662cf5fdab9806ea91a\",\"name\":\"user-manager\"}]}<\/script>\n<!-- \/ Yoast SEO plugin. -->","yoast_head_json":{"title":"''Azadl\u0131q'' q\u0259zetinin \u0259m\u0259kda\u015f\u0131 xuliqanl\u0131qda ittiham edilir - MEYDAN.TV","robots":{"index":"index","follow":"follow","max-snippet":"max-snippet:-1","max-image-preview":"max-image-preview:large","max-video-preview":"max-video-preview:-1"},"canonical":"https:\/\/www.meydan.tv\/az\/article\/azadliq-qezetinin-emekdasi-xuliqanliqda-ittiham-edilir\/","og_locale":"az_AZ","og_type":"article","og_title":"''Azadl\u0131q'' q\u0259zetinin \u0259m\u0259kda\u015f\u0131 xuliqanl\u0131qda ittiham edilir - MEYDAN.TV","og_description":"B\u00f6lg\u0259 m\u00fcxbirin\u0259 qar\u015f\u0131 cinay\u0259t i\u015fi ba\u015flay\u0131b","og_url":"https:\/\/www.meydan.tv\/az\/article\/azadliq-qezetinin-emekdasi-xuliqanliqda-ittiham-edilir\/","og_site_name":"MEYDAN.TV","article_published_time":"2017-05-04T22:35:03+00:00","og_image":[{"width":810,"height":450,"url":"https:\/\/www.meydan.tv\/wp-content\/uploads\/33049.jpg","type":"image\/jpeg"}],"author":"user-manager","twitter_card":"summary_large_image","schema":{"@context":"https:\/\/schema.org","@graph":[{"@type":"Article","@id":"https:\/\/www.meydan.tv\/az\/article\/azadliq-qezetinin-emekdasi-xuliqanliqda-ittiham-edilir\/#article","isPartOf":{"@id":"https:\/\/www.meydan.tv\/az\/article\/azadliq-qezetinin-emekdasi-xuliqanliqda-ittiham-edilir\/"},"author":{"name":"user-manager","@id":"https:\/\/www.meydan.tv\/az\/#\/schema\/person\/10d11eccf6da3662cf5fdab9806ea91a"},"headline":"&#8221;Azadl\u0131q&#8221; q\u0259zetinin \u0259m\u0259kda\u015f\u0131 xuliqanl\u0131qda ittiham edilir","datePublished":"2017-05-04T22:35:03+00:00","mainEntityOfPage":{"@id":"https:\/\/www.meydan.tv\/az\/article\/azadliq-qezetinin-emekdasi-xuliqanliqda-ittiham-edilir\/"},"wordCount":253,"publisher":{"@id":"https:\/\/www.meydan.tv\/az\/#organization"},"image":{"@id":"https:\/\/www.meydan.tv\/az\/article\/azadliq-qezetinin-emekdasi-xuliqanliqda-ittiham-edilir\/#primaryimage"},"thumbnailUrl":"https:\/\/www.meydan.tv\/wp-content\/uploads\/33049.jpg","articleSection":["X\u0259b\u0259rl\u0259r"],"inLanguage":"az"},{"@type":"WebPage","@id":"https:\/\/www.meydan.tv\/az\/article\/azadliq-qezetinin-emekdasi-xuliqanliqda-ittiham-edilir\/","url":"https:\/\/www.meydan.tv\/az\/article\/azadliq-qezetinin-emekdasi-xuliqanliqda-ittiham-edilir\/","name":"''Azadl\u0131q'' q\u0259zetinin \u0259m\u0259kda\u015f\u0131 xuliqanl\u0131qda ittiham edilir - MEYDAN.TV","isPartOf":{"@id":"https:\/\/www.meydan.tv\/az\/#website"},"primaryImageOfPage":{"@id":"https:\/\/www.meydan.tv\/az\/article\/azadliq-qezetinin-emekdasi-xuliqanliqda-ittiham-edilir\/#primaryimage"},"image":{"@id":"https:\/\/www.meydan.tv\/az\/article\/azadliq-qezetinin-emekdasi-xuliqanliqda-ittiham-edilir\/#primaryimage"},"thumbnailUrl":"https:\/\/www.meydan.tv\/wp-content\/uploads\/33049.jpg","datePublished":"2017-05-04T22:35:03+00:00","breadcrumb":{"@id":"https:\/\/www.meydan.tv\/az\/article\/azadliq-qezetinin-emekdasi-xuliqanliqda-ittiham-edilir\/#breadcrumb"},"inLanguage":"az","potentialAction":[{"@type":"ReadAction","target":["https:\/\/www.meydan.tv\/az\/article\/azadliq-qezetinin-emekdasi-xuliqanliqda-ittiham-edilir\/"]}]},{"@type":"ImageObject","inLanguage":"az","@id":"https:\/\/www.meydan.tv\/az\/article\/azadliq-qezetinin-emekdasi-xuliqanliqda-ittiham-edilir\/#primaryimage","url":"https:\/\/www.meydan.tv\/wp-content\/uploads\/33049.jpg","contentUrl":"https:\/\/www.meydan.tv\/wp-content\/uploads\/33049.jpg","width":810,"height":450,"caption":"Source:"},{"@type":"BreadcrumbList","@id":"https:\/\/www.meydan.tv\/az\/article\/azadliq-qezetinin-emekdasi-xuliqanliqda-ittiham-edilir\/#breadcrumb","itemListElement":[{"@type":"ListItem","position":1,"name":"Ana s\u0259hif\u0259","item":"https:\/\/www.meydan.tv\/az\/"},{"@type":"ListItem","position":2,"name":"X\u0259b\u0259rl\u0259r","item":"https:\/\/www.meydan.tv\/az\/section\/xeberler\/"},{"@type":"ListItem","position":3,"name":"&#8221;Azadl\u0131q&#8221; q\u0259zetinin \u0259m\u0259kda\u015f\u0131 xuliqanl\u0131qda ittiham edilir"}]},{"@type":"WebSite","@id":"https:\/\/www.meydan.tv\/az\/#website","url":"https:\/\/www.meydan.tv\/az\/","name":"MEYDAN.TV","description":"Meydan TV Az\u0259rbaycan\u0131n media m\u0259kan\u0131ndak\u0131 alternativ s\u0259sidir","publisher":{"@id":"https:\/\/www.meydan.tv\/az\/#organization"},"potentialAction":[{"@type":"SearchAction","target":{"@type":"EntryPoint","urlTemplate":"https:\/\/www.meydan.tv\/az\/?s={search_term_string}"},"query-input":{"@type":"PropertyValueSpecification","valueRequired":true,"valueName":"search_term_string"}}],"inLanguage":"az"},{"@type":"Organization","@id":"https:\/\/www.meydan.tv\/az\/#organization","name":"Meydan TV","url":"https:\/\/www.meydan.tv\/az\/","logo":{"@type":"ImageObject","inLanguage":"az","@id":"https:\/\/www.meydan.tv\/az\/#\/schema\/logo\/image\/","url":"https:\/\/www.meydan.tv\/wp-content\/uploads\/2021\/07\/meydan-logo.svg","contentUrl":"https:\/\/www.meydan.tv\/wp-content\/uploads\/2021\/07\/meydan-logo.svg","width":195,"height":46,"caption":"Meydan TV"},"image":{"@id":"https:\/\/www.meydan.tv\/az\/#\/schema\/logo\/image\/"}},{"@type":"Person","@id":"https:\/\/www.meydan.tv\/az\/#\/schema\/person\/10d11eccf6da3662cf5fdab9806ea91a","name":"user-manager"}]}},"_links":{"self":[{"href":"https:\/\/www.meydan.tv\/az\/wp-json\/wp\/v2\/posts\/184137","targetHints":{"allow":["GET"]}}],"collection":[{"href":"https:\/\/www.meydan.tv\/az\/wp-json\/wp\/v2\/posts"}],"about":[{"href":"https:\/\/www.meydan.tv\/az\/wp-json\/wp\/v2\/types\/post"}],"author":[{"embeddable":true,"href":"https:\/\/www.meydan.tv\/az\/wp-json\/wp\/v2\/users\/11"}],"replies":[{"embeddable":true,"href":"https:\/\/www.meydan.tv\/az\/wp-json\/wp\/v2\/comments?post=184137"}],"version-history":[{"count":0,"href":"https:\/\/www.meydan.tv\/az\/wp-json\/wp\/v2\/posts\/184137\/revisions"}],"wp:featuredmedia":[{"embeddable":true,"href":"https:\/\/www.meydan.tv\/az\/wp-json\/wp\/v2\/media\/84133"}],"wp:attachment":[{"href":"https:\/\/www.meydan.tv\/az\/wp-json\/wp\/v2\/media?parent=184137"}],"wp:term":[{"taxonomy":"category","embeddable":true,"href":"https:\/\/www.meydan.tv\/az\/wp-json\/wp\/v2\/categories?post=184137"},{"taxonomy":"post_tag","embeddable":true,"href":"https:\/\/www.meydan.tv\/az\/wp-json\/wp\/v2\/tags?post=184137"}],"curies":[{"name":"wp","href":"https:\/\/api.w.org\/{rel}","templated":true}]}}