{"id":184104,"date":"2017-05-03T17:52:41","date_gmt":"2017-05-03T17:52:41","guid":{"rendered":"https:\/\/www.meydan.tv\/article\/3-may-doyus-uduzulub-cenablar\/"},"modified":"2017-05-03T17:52:41","modified_gmt":"2017-05-03T17:52:41","slug":"3-may-doyus-uduzulub-cenablar","status":"publish","type":"post","link":"https:\/\/www.meydan.tv\/az\/article\/3-may-doyus-uduzulub-cenablar\/","title":{"rendered":"3 may: D\u00f6y\u00fc\u015f uduzulub, c\u0259nablar"},"content":{"rendered":"<figure class=\"wp-block-image size-large\">\n  <img decoding=\"async\" src=\"https:\/\/www.meydan.tv\/az\/elmar-huseynov\/\" alt=\"Elmar Huseynov\" class=\"wp-image-84019\"\/><figcaption>\n    Elmar Huseynov<br \/>\n  <\/figcaption><\/figure>\n<p>\n  Az\u0259rbaycan \u0259n\u0259n\u0259vi olaraq 3 May &#8211; D\u00fcnya M\u0259tbuat G\u00fcn\u00fcn\u00fc \u00f6z\u00fcn\u0259m\u0259xsus amans\u0131zl\u0131qla qar\u015f\u0131lay\u0131r. Bu bayram \u0259r\u0259f\u0259sind\u0259 bloger Q\u0259l\u0259nd\u0259rov h\u0259bsxanada v\u0259fat edir, m\u0259hk\u0259m\u0259d\u0259 h\u00f6kum\u0259t bir s\u0131ra Az\u0259rbaycan saytlar\u0131n\u0131n \u2013 rejimin amans\u0131z t\u0259nqid\u00e7il\u0259rin\u0259 m\u0259xsus saytlar\u0131n bloklanmas\u0131 haqq\u0131nda q\u0259rar\u0131n m\u00fcdd\u0259tini uzad\u0131r.\n<\/p>\n<p>\n  H\u0259r iki \u0259lam\u0259tdar hadis\u0259 son bir ild\u0259 artan h\u0259bsl\u0259rin, d\u00f6y\u00fclm\u0259l\u0259rin, qorxutmalar\u0131n, Az\u0259rbaycan\u0131n t\u0259nqidi media v\u0259 bloq sah\u0259sinin c\u0259zaland\u0131r\u0131lmas\u0131n\u0131n m\u00fcxt\u0259lif n\u00f6vl\u0259rinin \u015fleyfidir. R\u0259smi Bak\u0131n\u0131n D\u00fcnya M\u0259tbuat G\u00fcn\u00fc \u2013 2016-n\u0131n \u201c\u0130nformasiya v\u0259 \u0259sas azadl\u0131qlar\u0131n \u0259ld\u0259 edilm\u0259si sizin haqq\u0131n\u0131zd\u0131r!\u201d m\u00f6vzusuna cavab\u0131 v\u0259 BMT-nin haz\u0131rki \u201cKritik m\u0259qamlarda t\u0259nqidi yana\u015fmalar: dinc, \u0259dal\u0259tli v\u0259 inkl\u00fcziv c\u0259miyy\u0259tin t\u0259\u015fviqind\u0259 K\u0130V-in rolu\u201d \u00e7a\u011f\u0131r\u0131\u015f\u0131n\u0131 salamlamas\u0131 bel\u0259 oldu.\n<\/p>\n<p>\n  Son bir ild\u0259 bu h\u00fcquqlar g\u00fcnd\u0259n-g\u00fcn\u0259 azal\u0131b. \u018fvv\u0259ll\u0259r, qanunvericiliy\u0259 m\u0259hdudla\u015fd\u0131r\u0131c\u0131 d\u0259yi\u015fiklikl\u0259r v\u0259 h\u0259bsl\u0259r d\u0259 daxil olmaqla, hakimiyy\u0259t he\u00e7 vaxt informasiya m\u0259kan\u0131na qar\u015f\u0131 \u00f6z\u00fcn\u00fc \u00f6t\u0259n d\u00f6vrd\u0259 oldu\u011fu q\u0259d\u0259r t\u0259cav\u00fczkar g\u00f6st\u0259rm\u0259yib. Media resurslar\u0131 il\u0259 ba\u011fl\u0131 m\u0259hk\u0259m\u0259l\u0259r pe\u015f\u0259kar jurnalistika v\u0259 blogerl\u0259rin v\u0259 \u00f6z fikirl\u0259rini ist\u0259dikl\u0259ri kimi, laz\u0131m bildikl\u0259ri kimi ifad\u0259 ed\u0259n sad\u0259 \u015f\u0259b\u0259k\u0259 istifad\u0259\u00e7il\u0259rinin \u2013 yuzerl\u0259rin xalq jurnalistikas\u0131 aras\u0131nda s\u0259rh\u0259din aradan qalxmas\u0131 \u0259srind\u0259 K\u0130V-in qalmaqda olan \u0259h\u0259miyy\u0259tini g\u00f6st\u0259rir. Amma etiraf etm\u0259liyik ki, 1993-c\u00fc ild\u0259 BMT t\u0259r\u0259find\u0259n t\u0259sis edilmi\u015f M\u0259tbuat Azadl\u0131\u011f\u0131 bayram\u0131 m\u0259naca v\u0259 faktiki c\u0259h\u0259td\u0259n art\u0131q k\u00f6hn\u0259lib v\u0259 m\u0259murlar\u0131n irad\u0259sind\u0259n as\u0131l\u0131 olmayaraq, s\u0259rh\u0259dl\u0259rini qlobal informasiya m\u0259kan\u0131 s\u0259viyy\u0259sin\u0259 q\u0259d\u0259r geni\u015fl\u0259ndirib. V\u0259 bu g\u00fcn K\u0130V K\u00fctl\u0259vi Kommunikasiya Vasit\u0259l\u0259ri (KKV) ad\u0131 alt\u0131nda informasiya m\u0259kan\u0131n\u0131n bir hiss\u0259sin\u0259 \u00e7evrilib, onlar h\u0259l\u0259 d\u0259 m\u00fch\u00fcm rol oynay\u0131r v\u0259 eyni zamanda, sosial informasiya resurslar\u0131n\u0131n v\u0259 t\u0259kba\u015f\u0131na informasiya m\u0259nb\u0259l\u0259rinin rolunu daha \u00e7ox n\u0259z\u0259r\u0259 almaq v\u0259 q\u0259bul etm\u0259k m\u0259cburiyy\u0259tind\u0259dirl\u0259r.\n<\/p>\n<p>\n  Az\u0259rbaycan hakimiyy\u0259ti, \u00f6z\u00fc kimi avtoritar rejiml\u0259r kimi, K\u0130V v\u0259 KKV-y\u0259 qar\u015f\u0131 siyas\u0259tind\u0259 kobud s\u0259hv\u0259 yol verib. B\u00fct\u00fcn bu qar\u015f\u0131l\u0131ql\u0131 m\u00fcnasib\u0259tl\u0259r siyas\u0259ti informasiya m\u0259kan\u0131 \u00fcz\u0259rind\u0259 tam n\u0259zar\u0259t\u0259 nail olmaq \u00fcz\u0259rind\u0259 qurulub. Bunun \u00fc\u00e7\u00fcn a\u015fa\u011f\u0131dak\u0131 neytralla\u015fd\u0131rma metodlar\u0131ndan istifad\u0259 olunub: iqtisadi as\u0131l\u0131l\u0131qla m\u0259hv etm\u0259, m\u0259hk\u0259m\u0259 t\u0259qibl\u0259ri, h\u0259bsl\u0259r, qorxutmalar, q\u0259tll\u0259r, pulla c\u0259lb etm\u0259l\u0259r, loyal K\u0130V yarad\u0131lmas\u0131 v\u0259 maliyy\u0259l\u0259\u015fdirilm\u0259si. Amma informasiya m\u0259kan\u0131n\u0131n v\u0259ziyy\u0259ti v\u0259 onun inki\u015faf t\u0259may\u00fcl\u00fc g\u00f6st\u0259rir ki, bu siyas\u0259t u\u011fursuz olub v\u0259 g\u0259l\u0259c\u0259kd\u0259 azad informasiya ictimaiyy\u0259tinin m\u0259hvi prosesin\u0259 c\u0259lb edilmi\u015f q\u00fcvv\u0259l\u0259rin tamamil\u0259 darmada\u011f\u0131n edil\u0259c\u0259yi t\u0259hl\u00fck\u0259si yarad\u0131r.\n<\/p>\n<p>\n  Monitor jurnal\u0131n\u0131n ba\u015f redaktoru Elmar H\u00fcseynovun q\u0259tli v\u0259 m\u0259tbuat\u0131n bo\u011fulmas\u0131 \u00fczr\u0259 y\u00fcks\u0259l\u0259n x\u0259ttin ba\u015flamas\u0131 il\u0259 yadda qal\u0131b, b\u00fct\u00fcn m\u00fcxalif v\u0259 m\u00fcst\u0259qil \u00e7ap K\u0130V-l\u0259rinin \u00fcmumi g\u00fcnd\u0259lik tiraj\u0131 t\u0259xmin\u0259n 50 min t\u0259\u015fkil edirdi. Bu, t\u0259xmin\u0259n 150 min oxucu dem\u0259kdir. \u0130nternet yenic\u0259 d\u0259b\u0259 d\u00fc\u015f\u00fcrd\u00fc v\u0259 t\u0259sir c\u0259h\u0259td\u0259n h\u0259l\u0259 m\u0259tbuatdan gerid\u0259 idi. Bu g\u00fcn yaln\u0131z hakimiyy\u0259td\u0259n as\u0131l\u0131 olmayan median\u0131n auditoriyas\u0131 milyondan \u00e7ox istifad\u0259\u00e7id\u0259n v\u0259 \u0259n az bir milyon f\u0259al sosial \u015f\u0259b\u0259k\u0259 i\u015ftirak\u00e7\u0131s\u0131ndan ibar\u0259tdir.\n<\/p>\n<p>\n  Texniki c\u0259h\u0259td\u0259n d\u0259 hakimiyy\u0259t informasiya azadl\u0131\u011f\u0131n\u0131n m\u00fcdafi\u0259\u00e7il\u0259rin\u0259 uduzur \u2013 rejim h\u0259l\u0259 d\u0259 saytlar\u0131n bloklanmas\u0131nda v\u0259 m\u00fcst\u0259qil s\u0259sl\u0259rin t\u0259qibind\u0259 \u00e7\u0259tinlik ya\u015fay\u0131r. Bel\u0259 texnologiyalar\u0131n inki\u015faf\u0131 t\u0259may\u00fcl\u00fc is\u0259 g\u00f6st\u0259rir ki, getdikc\u0259 daha da \u00e7\u0259tin olacaq.\n<\/p>\n<p>\n  Faktiki olaraq, bunun n\u0259tic\u0259sind\u0259 biz m\u00fcst\u0259qil K\u0130V institutunun m\u0259hv edildiyi, onunla birlikd\u0259 is\u0259 pe\u015f\u0259-etika prinsipl\u0259rinin, \u0259xlaq \u0259n\u0259n\u0259l\u0259rinin m\u0259hv edildiyi bir v\u0259ziyy\u0259t\u0259 d\u00fc\u015fm\u00fc\u015f\u00fck. Real olaraq biz qayda v\u0259 prinsipl\u0259rin \u00f6z\u00fcn\u00fc z\u0259if g\u00f6st\u0259rdiyi informasiyada h\u0259r \u015fey\u0259 yol veril\u0259n d\u00f6vr\u0259 q\u0259d\u0259m qoyuruq. Bu g\u00fcn informasiya m\u0259kan\u0131nda \u00fcst\u00fcnl\u00fck t\u0259\u015fkil ed\u0259n sosial \u015f\u0259b\u0259k\u0259 i\u015ftirak\u00e7\u0131lar\u0131, jurnalistl\u0259rd\u0259n f\u0259rqli olaraq, qanunvericilik, pe\u015f\u0259-etika normalar\u0131na m\u0259hkum deyill\u0259r v\u0259 onlar \u00fc\u00e7\u00fcn b\u00f6htan v\u0259 t\u0259nqid, \u00a0t\u0259hqir v\u0259 q\u0131nama aras\u0131nda s\u0259rh\u0259d yoxdur. Ona g\u00f6r\u0259 yox ki, onlar bel\u0259 ist\u0259yirl\u0259r, sad\u0259c\u0259 olaraq, onlar, \u00f6z\u00fcn\u00fcifad\u0259nin pe\u015f\u0259karlar\u0131 deyil, h\u0259v\u0259skarlar\u0131d\u0131r.\n<\/p>\n<p>\n  B\u00fct\u00fcn bu s\u00f6z azadl\u0131\u011f\u0131n\u0131n bo\u011fulmas\u0131 siyas\u0259ti d\u00f6vl\u0259t t\u0259hl\u00fck\u0259sizliyi maraqlar\u0131ndan ir\u0259li g\u0259l\u0259n z\u0259rur\u0259t kimi t\u0259qdim olunurdu. Amma reall\u0131qda motivl\u0259r ba\u015fqa idi: m\u0259mur aparat\u0131n\u0131n \u015f\u0259xsi tamahkar maraqlar\u0131n\u0131n t\u0259\u015fviqinin K\u0130V-in v\u0259 sonradan KKV-nin n\u0259zar\u0259tind\u0259n qorunmas\u0131.\n<\/p>\n<p>\n  K\u0130V-in z\u0259ifl\u0259diyi bu d\u00f6vr korrupsiyan\u0131n, r\u00fc\u015fv\u0259txorlu\u011fun, inhisarlar\u0131n son d\u0259r\u0259c\u0259 artmas\u0131, hakimiyy\u0259tin t\u0259n\u0259zz\u00fcl\u00fc il\u0259 s\u0259ciyy\u0259l\u0259nir, bu da qanunauy\u011fun olaraq d\u00f6vl\u0259ti idar\u0259etm\u0259 sisteminin b\u00f6hran\u0131n\u0131 \u00fcz\u0259 \u00e7\u0131xaran iqtisadi b\u00f6hranla ba\u015fa \u00e7at\u0131b.\n<\/p>\n<p>\n  H\u00f6kum\u0259tin n\u0259zar\u0259ti alt\u0131nda olan b\u00fct\u00fcn m\u00fcmk\u00fcn K\u0130V-l\u0259r say n\u00f6qteyi-n\u0259z\u0259rd\u0259n, dem\u0259k olar ki, b\u00fct\u00fcn informasiya m\u0259kan\u0131n\u0131 z\u0259bt edir, amma keyfiyy\u0259t v\u0259 t\u0259sir n\u00f6qteyi-n\u0259z\u0259rd\u0259n \u00e7ox a\u015fa\u011f\u0131 faydal\u0131 i\u015f \u0259msal\u0131na malikdirl\u0259r. T\u0259nqidi K\u0130V-l\u0259r\u0259 qar\u015f\u0131 sonuncu m\u0259hk\u0259m\u0259 prosesi g\u00f6st\u0259rir ki, bu sat\u0131lm\u0131\u015f jurnalistl\u0259r ordusu \u00f6nl\u0259rin\u0259 at\u0131lm\u0131\u015f milyonlar\u0131 m\u0259nims\u0259m\u0259y\u0259 qadirdirl\u0259r, amma qazanma\u011fa yox.\n<\/p>\n<p>\n  Niy\u0259 bel\u0259 olur? Cavab sad\u0259dir. Oxucunun h\u00f6kum\u0259t\u0259 alternativ olan informasiyaya ehtiyac\u0131 var. Bu, f\u0259rdin azadl\u0131q ist\u0259yinin t\u0259bi\u0259ti v\u0259 mahiyy\u0259tidir. V\u0259 bu c\u0259h\u0259td\u0259n bo\u011fma v\u0259 m\u0259hvetm\u0259 siyas\u0259ti u\u011fursuzdur, x\u00fcsus\u0259n informasiya d\u00f6vr\u00fcnd\u0259.\n<\/p>\n<p>\n  Avtoritar hakimiyy\u0259t \u00fc\u00e7\u00fcn v\u0259ziyy\u0259t sovet ill\u0259rind\u0259 oldu\u011fundan daha da a\u011f\u0131rd\u0131r. Orada qapal\u0131 m\u0259kan, d\u0259mir p\u0259rd\u0259, kommunist partiyas\u0131n\u0131n n\u0259zar\u0259ti alt\u0131nda olan b\u00fct\u00fcn K\u0130V-l\u0259rin g\u00fcnd\u0259lik milyard tiraj\u0131 var idi \u2013 ba\u015fqa K\u0130V yox idi. V\u0259 buna alternativ q\u0131sa v\u0259 \u00e7ox az insan \u00fc\u00e7\u00fcn \u0259l\u00e7atan olan dal\u011falarda yay\u0131mlanan c\u0259mi \u00fc\u00e7 radiostansiya \u2013 Azadl\u0131q, BBC, Amerikan\u0131n S\u0259si radiostansiyalar\u0131 idi. Amma qapal\u0131 sistemin \u00e7\u00f6km\u0259si \u00fc\u00e7\u00fcn bu, kifay\u0259t etdi. Bu, h\u0259min informasiya m\u0259nb\u0259l\u0259rinin i\u015find\u0259n daha \u00e7ox, insan\u0131n b\u00f6y\u00fck v\u0259 t\u0259bii h\u0259qiq\u0259ti bilm\u0259k ist\u0259yinin n\u0259tic\u0259si oldu.\n<\/p>\n<p>\n  Bu g\u00fcn d\u0259mir p\u0259rd\u0259 yoxdur, s\u0259rh\u0259dl\u0259r yar\u0131l\u0131b v\u0259 informasiya m\u0259kan\u0131 t\u0259r\u0259find\u0259n udulub, b\u00fct\u00fcn d\u00fcnyan\u0131n internet \u015f\u0259b\u0259k\u0259si d\u00f6vl\u0259tl\u0259ri v\u0259 c\u0259miyy\u0259tl\u0259ri \u0259hat\u0259 edib. D\u00f6y\u00fc\u015f uduzulub,c\u0259nablar.<\/p>\n","protected":false},"excerpt":{"rendered":"<p>Elmar Huseynov Az\u0259rbaycan \u0259n\u0259n\u0259vi olaraq 3 May &#8211; D\u00fcnya M\u0259tbuat &#8230; <\/p>\n<p class=\"read-more-container\"><a title=\"3 may: D\u00f6y\u00fc\u015f uduzulub, c\u0259nablar\" class=\"read-more button\" href=\"https:\/\/www.meydan.tv\/az\/article\/3-may-doyus-uduzulub-cenablar\/#more-184104\" aria-label=\"Read more about 3 may: D\u00f6y\u00fc\u015f uduzulub, c\u0259nablar\">Davam\u0131<\/a><\/p>\n","protected":false},"author":11,"featured_media":84019,"comment_status":"closed","ping_status":"open","sticky":false,"template":"","format":"standard","meta":{"_acf_changed":false,"_sitemap_exclude":false,"_sitemap_priority":"","_sitemap_frequency":"","footnotes":""},"categories":[51],"tags":[],"class_list":["post-184104","post","type-post","status-publish","format-standard","has-post-thumbnail","hentry","category-analitika","infinite-scroll-item","generate-columns","tablet-grid-50","mobile-grid-100","grid-parent","grid-33","no-featured-image-padding"],"acf":[],"yoast_head":"<!-- This site is optimized with the Yoast SEO plugin v27.4 - https:\/\/yoast.com\/product\/yoast-seo-wordpress\/ -->\n<title>3 may: D\u00f6y\u00fc\u015f uduzulub, c\u0259nablar - MEYDAN.TV<\/title>\n<meta name=\"robots\" content=\"index, follow, max-snippet:-1, max-image-preview:large, max-video-preview:-1\" \/>\n<link rel=\"canonical\" href=\"https:\/\/www.meydan.tv\/az\/article\/3-may-doyus-uduzulub-cenablar\/\" \/>\n<meta property=\"og:locale\" content=\"az_AZ\" \/>\n<meta property=\"og:type\" content=\"article\" \/>\n<meta property=\"og:title\" content=\"3 may: D\u00f6y\u00fc\u015f uduzulub, c\u0259nablar - MEYDAN.TV\" \/>\n<meta property=\"og:description\" content=\"Elmar Huseynov Az\u0259rbaycan \u0259n\u0259n\u0259vi olaraq 3 May &#8211; D\u00fcnya M\u0259tbuat ... Davam\u0131\" \/>\n<meta property=\"og:url\" content=\"https:\/\/www.meydan.tv\/az\/article\/3-may-doyus-uduzulub-cenablar\/\" \/>\n<meta property=\"og:site_name\" content=\"MEYDAN.TV\" \/>\n<meta property=\"article:published_time\" content=\"2017-05-03T17:52:41+00:00\" \/>\n<meta property=\"og:image\" content=\"https:\/\/www.meydan.tv\/wp-content\/uploads\/33017.jpg\" \/>\n\t<meta property=\"og:image:width\" content=\"1023\" \/>\n\t<meta property=\"og:image:height\" content=\"575\" \/>\n\t<meta property=\"og:image:type\" content=\"image\/jpeg\" \/>\n<meta name=\"author\" content=\"user-manager\" \/>\n<meta name=\"twitter:card\" content=\"summary_large_image\" \/>\n<script type=\"application\/ld+json\" class=\"yoast-schema-graph\">{\"@context\":\"https:\\\/\\\/schema.org\",\"@graph\":[{\"@type\":\"Article\",\"@id\":\"https:\\\/\\\/www.meydan.tv\\\/az\\\/article\\\/3-may-doyus-uduzulub-cenablar\\\/#article\",\"isPartOf\":{\"@id\":\"https:\\\/\\\/www.meydan.tv\\\/az\\\/article\\\/3-may-doyus-uduzulub-cenablar\\\/\"},\"author\":{\"name\":\"user-manager\",\"@id\":\"https:\\\/\\\/www.meydan.tv\\\/az\\\/#\\\/schema\\\/person\\\/10d11eccf6da3662cf5fdab9806ea91a\"},\"headline\":\"3 may: D\u00f6y\u00fc\u015f uduzulub, c\u0259nablar\",\"datePublished\":\"2017-05-03T17:52:41+00:00\",\"mainEntityOfPage\":{\"@id\":\"https:\\\/\\\/www.meydan.tv\\\/az\\\/article\\\/3-may-doyus-uduzulub-cenablar\\\/\"},\"wordCount\":1348,\"publisher\":{\"@id\":\"https:\\\/\\\/www.meydan.tv\\\/az\\\/#organization\"},\"image\":{\"@id\":\"https:\\\/\\\/www.meydan.tv\\\/az\\\/article\\\/3-may-doyus-uduzulub-cenablar\\\/#primaryimage\"},\"thumbnailUrl\":\"https:\\\/\\\/www.meydan.tv\\\/wp-content\\\/uploads\\\/33017.jpg\",\"articleSection\":[\"Analitika\"],\"inLanguage\":\"az\"},{\"@type\":\"WebPage\",\"@id\":\"https:\\\/\\\/www.meydan.tv\\\/az\\\/article\\\/3-may-doyus-uduzulub-cenablar\\\/\",\"url\":\"https:\\\/\\\/www.meydan.tv\\\/az\\\/article\\\/3-may-doyus-uduzulub-cenablar\\\/\",\"name\":\"3 may: D\u00f6y\u00fc\u015f uduzulub, c\u0259nablar - MEYDAN.TV\",\"isPartOf\":{\"@id\":\"https:\\\/\\\/www.meydan.tv\\\/az\\\/#website\"},\"primaryImageOfPage\":{\"@id\":\"https:\\\/\\\/www.meydan.tv\\\/az\\\/article\\\/3-may-doyus-uduzulub-cenablar\\\/#primaryimage\"},\"image\":{\"@id\":\"https:\\\/\\\/www.meydan.tv\\\/az\\\/article\\\/3-may-doyus-uduzulub-cenablar\\\/#primaryimage\"},\"thumbnailUrl\":\"https:\\\/\\\/www.meydan.tv\\\/wp-content\\\/uploads\\\/33017.jpg\",\"datePublished\":\"2017-05-03T17:52:41+00:00\",\"breadcrumb\":{\"@id\":\"https:\\\/\\\/www.meydan.tv\\\/az\\\/article\\\/3-may-doyus-uduzulub-cenablar\\\/#breadcrumb\"},\"inLanguage\":\"az\",\"potentialAction\":[{\"@type\":\"ReadAction\",\"target\":[\"https:\\\/\\\/www.meydan.tv\\\/az\\\/article\\\/3-may-doyus-uduzulub-cenablar\\\/\"]}]},{\"@type\":\"ImageObject\",\"inLanguage\":\"az\",\"@id\":\"https:\\\/\\\/www.meydan.tv\\\/az\\\/article\\\/3-may-doyus-uduzulub-cenablar\\\/#primaryimage\",\"url\":\"https:\\\/\\\/www.meydan.tv\\\/wp-content\\\/uploads\\\/33017.jpg\",\"contentUrl\":\"https:\\\/\\\/www.meydan.tv\\\/wp-content\\\/uploads\\\/33017.jpg\",\"width\":1023,\"height\":575,\"caption\":\"Source:\"},{\"@type\":\"BreadcrumbList\",\"@id\":\"https:\\\/\\\/www.meydan.tv\\\/az\\\/article\\\/3-may-doyus-uduzulub-cenablar\\\/#breadcrumb\",\"itemListElement\":[{\"@type\":\"ListItem\",\"position\":1,\"name\":\"Ana s\u0259hif\u0259\",\"item\":\"https:\\\/\\\/www.meydan.tv\\\/az\\\/\"},{\"@type\":\"ListItem\",\"position\":2,\"name\":\"Analitika\",\"item\":\"https:\\\/\\\/www.meydan.tv\\\/az\\\/section\\\/analitika\\\/\"},{\"@type\":\"ListItem\",\"position\":3,\"name\":\"3 may: D\u00f6y\u00fc\u015f uduzulub, c\u0259nablar\"}]},{\"@type\":\"WebSite\",\"@id\":\"https:\\\/\\\/www.meydan.tv\\\/az\\\/#website\",\"url\":\"https:\\\/\\\/www.meydan.tv\\\/az\\\/\",\"name\":\"MEYDAN.TV\",\"description\":\"Meydan TV Az\u0259rbaycan\u0131n media m\u0259kan\u0131ndak\u0131 alternativ s\u0259sidir\",\"publisher\":{\"@id\":\"https:\\\/\\\/www.meydan.tv\\\/az\\\/#organization\"},\"potentialAction\":[{\"@type\":\"SearchAction\",\"target\":{\"@type\":\"EntryPoint\",\"urlTemplate\":\"https:\\\/\\\/www.meydan.tv\\\/az\\\/?s={search_term_string}\"},\"query-input\":{\"@type\":\"PropertyValueSpecification\",\"valueRequired\":true,\"valueName\":\"search_term_string\"}}],\"inLanguage\":\"az\"},{\"@type\":\"Organization\",\"@id\":\"https:\\\/\\\/www.meydan.tv\\\/az\\\/#organization\",\"name\":\"Meydan TV\",\"url\":\"https:\\\/\\\/www.meydan.tv\\\/az\\\/\",\"logo\":{\"@type\":\"ImageObject\",\"inLanguage\":\"az\",\"@id\":\"https:\\\/\\\/www.meydan.tv\\\/az\\\/#\\\/schema\\\/logo\\\/image\\\/\",\"url\":\"https:\\\/\\\/www.meydan.tv\\\/wp-content\\\/uploads\\\/2021\\\/07\\\/meydan-logo.svg\",\"contentUrl\":\"https:\\\/\\\/www.meydan.tv\\\/wp-content\\\/uploads\\\/2021\\\/07\\\/meydan-logo.svg\",\"width\":195,\"height\":46,\"caption\":\"Meydan TV\"},\"image\":{\"@id\":\"https:\\\/\\\/www.meydan.tv\\\/az\\\/#\\\/schema\\\/logo\\\/image\\\/\"}},{\"@type\":\"Person\",\"@id\":\"https:\\\/\\\/www.meydan.tv\\\/az\\\/#\\\/schema\\\/person\\\/10d11eccf6da3662cf5fdab9806ea91a\",\"name\":\"user-manager\"}]}<\/script>\n<!-- \/ Yoast SEO plugin. -->","yoast_head_json":{"title":"3 may: D\u00f6y\u00fc\u015f uduzulub, c\u0259nablar - MEYDAN.TV","robots":{"index":"index","follow":"follow","max-snippet":"max-snippet:-1","max-image-preview":"max-image-preview:large","max-video-preview":"max-video-preview:-1"},"canonical":"https:\/\/www.meydan.tv\/az\/article\/3-may-doyus-uduzulub-cenablar\/","og_locale":"az_AZ","og_type":"article","og_title":"3 may: D\u00f6y\u00fc\u015f uduzulub, c\u0259nablar - MEYDAN.TV","og_description":"Elmar Huseynov Az\u0259rbaycan \u0259n\u0259n\u0259vi olaraq 3 May &#8211; D\u00fcnya M\u0259tbuat ... Davam\u0131","og_url":"https:\/\/www.meydan.tv\/az\/article\/3-may-doyus-uduzulub-cenablar\/","og_site_name":"MEYDAN.TV","article_published_time":"2017-05-03T17:52:41+00:00","og_image":[{"width":1023,"height":575,"url":"https:\/\/www.meydan.tv\/wp-content\/uploads\/33017.jpg","type":"image\/jpeg"}],"author":"user-manager","twitter_card":"summary_large_image","schema":{"@context":"https:\/\/schema.org","@graph":[{"@type":"Article","@id":"https:\/\/www.meydan.tv\/az\/article\/3-may-doyus-uduzulub-cenablar\/#article","isPartOf":{"@id":"https:\/\/www.meydan.tv\/az\/article\/3-may-doyus-uduzulub-cenablar\/"},"author":{"name":"user-manager","@id":"https:\/\/www.meydan.tv\/az\/#\/schema\/person\/10d11eccf6da3662cf5fdab9806ea91a"},"headline":"3 may: D\u00f6y\u00fc\u015f uduzulub, c\u0259nablar","datePublished":"2017-05-03T17:52:41+00:00","mainEntityOfPage":{"@id":"https:\/\/www.meydan.tv\/az\/article\/3-may-doyus-uduzulub-cenablar\/"},"wordCount":1348,"publisher":{"@id":"https:\/\/www.meydan.tv\/az\/#organization"},"image":{"@id":"https:\/\/www.meydan.tv\/az\/article\/3-may-doyus-uduzulub-cenablar\/#primaryimage"},"thumbnailUrl":"https:\/\/www.meydan.tv\/wp-content\/uploads\/33017.jpg","articleSection":["Analitika"],"inLanguage":"az"},{"@type":"WebPage","@id":"https:\/\/www.meydan.tv\/az\/article\/3-may-doyus-uduzulub-cenablar\/","url":"https:\/\/www.meydan.tv\/az\/article\/3-may-doyus-uduzulub-cenablar\/","name":"3 may: D\u00f6y\u00fc\u015f uduzulub, c\u0259nablar - MEYDAN.TV","isPartOf":{"@id":"https:\/\/www.meydan.tv\/az\/#website"},"primaryImageOfPage":{"@id":"https:\/\/www.meydan.tv\/az\/article\/3-may-doyus-uduzulub-cenablar\/#primaryimage"},"image":{"@id":"https:\/\/www.meydan.tv\/az\/article\/3-may-doyus-uduzulub-cenablar\/#primaryimage"},"thumbnailUrl":"https:\/\/www.meydan.tv\/wp-content\/uploads\/33017.jpg","datePublished":"2017-05-03T17:52:41+00:00","breadcrumb":{"@id":"https:\/\/www.meydan.tv\/az\/article\/3-may-doyus-uduzulub-cenablar\/#breadcrumb"},"inLanguage":"az","potentialAction":[{"@type":"ReadAction","target":["https:\/\/www.meydan.tv\/az\/article\/3-may-doyus-uduzulub-cenablar\/"]}]},{"@type":"ImageObject","inLanguage":"az","@id":"https:\/\/www.meydan.tv\/az\/article\/3-may-doyus-uduzulub-cenablar\/#primaryimage","url":"https:\/\/www.meydan.tv\/wp-content\/uploads\/33017.jpg","contentUrl":"https:\/\/www.meydan.tv\/wp-content\/uploads\/33017.jpg","width":1023,"height":575,"caption":"Source:"},{"@type":"BreadcrumbList","@id":"https:\/\/www.meydan.tv\/az\/article\/3-may-doyus-uduzulub-cenablar\/#breadcrumb","itemListElement":[{"@type":"ListItem","position":1,"name":"Ana s\u0259hif\u0259","item":"https:\/\/www.meydan.tv\/az\/"},{"@type":"ListItem","position":2,"name":"Analitika","item":"https:\/\/www.meydan.tv\/az\/section\/analitika\/"},{"@type":"ListItem","position":3,"name":"3 may: D\u00f6y\u00fc\u015f uduzulub, c\u0259nablar"}]},{"@type":"WebSite","@id":"https:\/\/www.meydan.tv\/az\/#website","url":"https:\/\/www.meydan.tv\/az\/","name":"MEYDAN.TV","description":"Meydan TV Az\u0259rbaycan\u0131n media m\u0259kan\u0131ndak\u0131 alternativ s\u0259sidir","publisher":{"@id":"https:\/\/www.meydan.tv\/az\/#organization"},"potentialAction":[{"@type":"SearchAction","target":{"@type":"EntryPoint","urlTemplate":"https:\/\/www.meydan.tv\/az\/?s={search_term_string}"},"query-input":{"@type":"PropertyValueSpecification","valueRequired":true,"valueName":"search_term_string"}}],"inLanguage":"az"},{"@type":"Organization","@id":"https:\/\/www.meydan.tv\/az\/#organization","name":"Meydan TV","url":"https:\/\/www.meydan.tv\/az\/","logo":{"@type":"ImageObject","inLanguage":"az","@id":"https:\/\/www.meydan.tv\/az\/#\/schema\/logo\/image\/","url":"https:\/\/www.meydan.tv\/wp-content\/uploads\/2021\/07\/meydan-logo.svg","contentUrl":"https:\/\/www.meydan.tv\/wp-content\/uploads\/2021\/07\/meydan-logo.svg","width":195,"height":46,"caption":"Meydan TV"},"image":{"@id":"https:\/\/www.meydan.tv\/az\/#\/schema\/logo\/image\/"}},{"@type":"Person","@id":"https:\/\/www.meydan.tv\/az\/#\/schema\/person\/10d11eccf6da3662cf5fdab9806ea91a","name":"user-manager"}]}},"_links":{"self":[{"href":"https:\/\/www.meydan.tv\/az\/wp-json\/wp\/v2\/posts\/184104","targetHints":{"allow":["GET"]}}],"collection":[{"href":"https:\/\/www.meydan.tv\/az\/wp-json\/wp\/v2\/posts"}],"about":[{"href":"https:\/\/www.meydan.tv\/az\/wp-json\/wp\/v2\/types\/post"}],"author":[{"embeddable":true,"href":"https:\/\/www.meydan.tv\/az\/wp-json\/wp\/v2\/users\/11"}],"replies":[{"embeddable":true,"href":"https:\/\/www.meydan.tv\/az\/wp-json\/wp\/v2\/comments?post=184104"}],"version-history":[{"count":0,"href":"https:\/\/www.meydan.tv\/az\/wp-json\/wp\/v2\/posts\/184104\/revisions"}],"wp:featuredmedia":[{"embeddable":true,"href":"https:\/\/www.meydan.tv\/az\/wp-json\/wp\/v2\/media\/84019"}],"wp:attachment":[{"href":"https:\/\/www.meydan.tv\/az\/wp-json\/wp\/v2\/media?parent=184104"}],"wp:term":[{"taxonomy":"category","embeddable":true,"href":"https:\/\/www.meydan.tv\/az\/wp-json\/wp\/v2\/categories?post=184104"},{"taxonomy":"post_tag","embeddable":true,"href":"https:\/\/www.meydan.tv\/az\/wp-json\/wp\/v2\/tags?post=184104"}],"curies":[{"name":"wp","href":"https:\/\/api.w.org\/{rel}","templated":true}]}}