{"id":184047,"date":"2017-05-01T00:21:07","date_gmt":"2017-05-01T00:21:07","guid":{"rendered":"https:\/\/www.meydan.tv\/article\/mehmani-birlikde-oldurduk\/"},"modified":"2017-05-01T00:21:07","modified_gmt":"2017-05-01T00:21:07","slug":"mehmani-birlikde-oldurduk","status":"publish","type":"post","link":"https:\/\/www.meydan.tv\/az\/article\/mehmani-birlikde-oldurduk\/","title":{"rendered":"Mehman\u0131 birlikd\u0259 \u00f6ld\u00fcrd\u00fck"},"content":{"rendered":"<p>\n  Bir vaxtlar m\u0259ni d\u0259 \u00f6ld\u00fcrm\u00fc\u015fd\u00fcz zindanda, Siz, v\u0259t\u0259nda\u015f c\u0259miyy\u0259ti. Siz, siyasil\u0259r, demokratlar, insan haqlar\u0131 hayq\u0131ranlar.\n<\/p>\n<p>\n  \u0130ndi Mehman\u0131 \u00f6ld\u00fcrd\u00fck, bu d\u0259f\u0259 siz\u0259 \u015f\u0259rik\u0259m. Birlikd\u0259 \u00f6ld\u00fcrd\u00fck Mehman\u0131!\n<\/p>\n<p>\n  2012-ci ilin iyun ay\u0131n\u0131n 18-d\u0259 h\u0259bs edilmi\u015fdim. \u018fslind\u0259 Milli T\u0259hl\u00fck\u0259sizlik Nazirliyi \u0259m\u0259kda\u015flar\u0131 h\u0259bs etm\u0259mi\u015fdi, girov g\u00f6t\u00fcrm\u00fc\u015fd\u00fc m\u0259ni. Yeddi g\u00fcn durmadan \u0259n a\u011f\u0131r i\u015fg\u0259nc\u0259l\u0259r\u0259 m\u0259ruz qald\u0131m (h\u0259l\u0259 d\u0259 ac\u0131s\u0131n\u0131 \u00e7\u0259kir\u0259m). Yaln\u0131z 26 iyun tarixind\u0259 r\u0259smi a\u00e7\u0131qlama oldu \u2013 s\u0259rh\u0259d pozark\u0259n yaxalanm\u0131\u015fam. Suallar\u0131n \u00fcst\u00fcnd\u0259n ke\u00e7ir\u0259m \u2013 s\u0259rh\u0259d pozurdumsa, MTN niy\u0259 tuturdu, s\u0259rh\u0259d pozana elektrikli i\u015fg\u0259nc\u0259 niy\u0259 verirl\u0259r, s\u0259rh\u0259d pozan\u0131 7 g\u00fcn girovluqda niy\u0259 saxlay\u0131rlar v\u0259 \u0259n \u0259sas\u0131 bir d\u0259lil varm\u0131 g\u00f6st\u0259rm\u0259y\u0259 s\u0259rh\u0259d pozdu\u011fuma dair?..\n<\/p>\n<p>\n  Daha sonra S\u0259bail Rayon M\u0259hk\u0259m\u0259si 2 ayl\u0131q sanksiya il\u0259 MTN d\u0259n can\u0131m\u0131 qurtar\u0131b K\u00fcrd\u0259xan\u0131ya g\u00f6nd\u0259rdi. 2 ay ke\u00e7m\u0259mi\u015f siyasil\u0259r h\u0259bsimd\u0259n x\u0259b\u0259r tutdu. Ancaq bu x\u0259b\u0259rtutma Mehman\u0131n h\u0259bsi kimi s\u0259ssizc\u0259 qar\u015f\u0131land\u0131.\n<\/p>\n<p>\n  Hans\u0131 ki, el\u0259 2-3 ay \u00f6nc\u0259 \u00e7iyin- \u00e7iyin\u0259 meydanlarda davaml\u0131 aksiyalar ke\u00e7irirdik, \u00e7iyin-\u00e7iyin\u0259. Halbuki h\u0259r aksiyada h\u0259bs edilir, d\u00f6y\u00fcl\u00fcr, s\u00f6y\u00fcl\u00fcrd\u00fck, b\u0259rab\u0259r, eyni m\u0259kan, eyni meydanda. Amma m\u0259n art\u0131q laz\u0131m deyildim he\u00e7 kim\u0259. T\u0259l\u0259m \u2013t\u0259l\u0259sik K\u00fcrd\u0259xan\u0131dan G\u0259nc\u0259y\u0259 etap olundum. Tam blokadada idim \u2013 telefon dan\u0131\u015f\u0131\u011f\u0131, g\u00f6r\u00fc\u015f yasaqd\u0131. Meydan dostlar\u0131ma x\u0259b\u0259r etdim, v\u0259kil tutun m\u0259n\u0259, ciddi i\u015fl\u0259r d\u00f6n\u00fcr ba\u015f\u0131mda. S\u0259ssizlik\u2026 Mehman kimi \u00f6l\u00fcm\u0259 t\u0259rk edilmi\u015fdim.\n<\/p>\n<p>\n  556 g\u00fcn (MTN d\u0259 saxlan\u0131ld\u0131\u011f\u0131m 7 g\u00fcn c\u0259za m\u00fcdd\u0259tim\u0259 say\u0131lmad\u0131, h\u0259min g\u00fcnl\u0259ri yoxmu\u015f kimi hesab etdil\u0259r v\u0259 \u00fcz\u00fcm\u0259 durdular ki, s\u0259n 26 iyunda h\u0259bs edilmis\u0259n, v\u0259ssalam) h\u0259bsd\u0259 yatd\u0131m. N\u0259 telefon dan\u0131\u015f\u0131\u011f\u0131, n\u0259 d\u0259 g\u00f6r\u00fc\u015f h\u00fcququm vard\u0131 (m\u0259niml\u0259 h\u0259bsd\u0259 olan dig\u0259r siyasi m\u0259hbuslar bunu t\u0259sdiql\u0259y\u0259r). Ail\u0259m rayonda, m\u0259n Bak\u0131da h\u0259bsxanada idim. \u0130ndi e\u015fidir\u0259m ki, siyasi m\u0259hbuslara yard\u0131m edilirmi\u015f (maddi). Bir n\u0259f\u0259r barma\u011f\u0131n\u0131 qatlas\u0131n ki, bir paket siqaret g\u0259tirib, g\u00f6nd\u0259rib\u2026 Yard\u0131m bel\u0259 \u201cbizim kruq\u201dun u\u015faqlar\u0131na edilib &#8211; Mehmanlara olmaz. Yan\u0131mda ba\u015fqa bir siyasi m\u0259hbus vard\u0131, partiyas\u0131 n\u00fcfuzlu idi. Onun yan\u0131na g\u0259l\u0259nd\u0259 bir kitab da m\u0259n\u0259 verm\u0259k olmazd\u0131? Bu bilirsiz siyasi m\u0259hbus \u00fc\u00e7\u00fcn n\u0259 anlama g\u0259lir? Amma he\u00e7 vaxt olmad\u0131. Ail\u0259m ayda bir d\u0259f\u0259 ba\u011flama g\u00f6nd\u0259rirdi, onu da m\u0259hkumlara demokratik d\u00fc\u015f\u0259rg\u0259, m\u00fcxalif\u0259t g\u00f6nd\u0259rib deyirdim. \u0130nam\u0131 q\u0131rmamaq \u00fc\u00e7\u00fcn. Bildikl\u0259ri halda ki, ziyar\u0259t\u0259 getdikl\u0259ri zonda iki siyasi m\u0259hbus yat\u0131r, yaln\u0131z ona g\u0259lirdi x\u00fcsusi ba\u011flama. He\u00e7 olmasa bir m\u0259ktub bel\u0259 atm\u0131rd\u0131lar i\u00e7in\u0259 ki, bunu da dig\u0259r siyasi m\u0259hbusa ver.\n<\/p>\n<p>\n  Mehmanda bel\u0259 ya\u015fayacaqd\u0131, \u201csrok\u201dunun axr\u0131na kimi unudulmu\u015f oldu\u011fu \u00fc\u00e7\u00fcn rejim t\u0259r\u0259find\u0259n daima t\u0259zyiq alt\u0131nda. Nec\u0259 ki h\u0259bsim boyu unudulmu\u015f siyasi m\u0259hbus olaraq t\u0259zyiq, kars, d\u00f6y\u00fclm\u0259 il\u0259 qald\u0131m.\n<\/p>\n<p>\n  Mehmana da he\u00e7 kim kitab g\u00f6nd\u0259rm\u0259y\u0259c\u0259kdi. Mehman\u0131 da kims\u0259 yad etm\u0259y\u0259c\u0259kdi v\u0259 buna g\u00f6r\u0259 d\u0259 rejim basq\u0131s\u0131 daima \u00fcz\u0259rind\u0259 olacaqd\u0131.\n<\/p>\n<p>\n  Daha nec\u0259 q\u0259tl\u0259 yetirilm\u0259y\u0259 namiz\u0259d mehmanlar var zindanda. Onlar\u0131 da biz \u00f6ld\u00fcr\u0259c\u0259yik, n\u0259 \u0130lham \u018fliyev, n\u0259 d\u0259 Mehrian \u018fliyeva.\n<\/p>\n<p>\n  Mehman\u0131 biz \u00f6ld\u00fcrd\u00fck, birlikd\u0259, s\u0259ssiz qalaraq.\n<\/p>\n<p>\n  Siz m\u0259ni \u00f6ld\u00fcrm\u00fc\u015fd\u00fcz, m\u0259n d\u0259 \u00e7\u0131x\u0131b sizinl\u0259 birlikd\u0259 Mehman\u0131 \u00f6ld\u00fcrd\u00fcm.\n<\/p>\n<p>\n  Biz birlikd\u0259 h\u0259l\u0259 \u00e7ox Mehmanlar\u0131 \u00f6ld\u00fcr\u0259c\u0259yik. \u00c7\u00fcnki Mehmanlar N\u0130DA-\u00e7\u0131, C\u0259bh\u0259\u00e7i, M\u00fcsavat\u00e7\u0131 deyil. \u00c7\u00fcnki Mehmanlar bizim \u201ckruqun\u201d u\u015fa\u011f\u0131 deyil.\n<\/p>\n<p>\n  \u00a0***\n<\/p>\n<p>\n  Ba\u015fqa bir xat\u0131rlatma edim, birlikd\u0259 t\u00f6r\u0259tdiyimiz q\u0259tliamlar haqq\u0131nda.\n<\/p>\n<p>\n  2015-ci ilin may ay\u0131nda ail\u0259m, i\u00e7ind\u0259 5 ya\u015fl\u0131 u\u015faqdan, hamil\u0259 qad\u0131ndan, ya\u015fl\u0131s\u0131na kimi, toplam 12 n\u0259f\u0259r girov g\u00f6t\u00fcr\u00fcld\u00fc. Fikrimc\u0259, bu, ilk bel\u0259 hal idi. He\u00e7 kimd\u0259n s\u0259s \u00e7\u0131xmad\u0131. \u00c7\u00fcnki m\u0259n bu \u201ckruq\u201dun u\u015fa\u011f\u0131 deyildim. S\u0259ssizlik bu yolun \u00f6n\u00fcn\u00fc a\u00e7d\u0131. Rejim g\u00f6rd\u00fc ki, bu c\u00fcr olay g\u00fcn \u00fcz\u00fcn\u0259 \u00e7\u0131xm\u0131rsa, dem\u0259li, bu metodla daha nec\u0259 insanlara \u201cxox\u201d g\u0259lm\u0259k olar. Ard\u0131nca bir yazar, ba\u015fqa bir jurnalist v\u0259 s. bu durumla \u00fcz-\u00fcz\u0259 qald\u0131. Yaln\u0131z o zaman m\u0259s\u0259l\u0259 ictimai s\u0259viyy\u0259d\u0259 etiraza, beyn\u0259lxalq s\u0259viyy\u0259d\u0259 masaya yat\u0131r\u0131la bildi. \u00c7\u00fcnki o jurnalistin, yazar\u0131n v\u0259 dig\u0259rl\u0259rinin m\u0259tbuat\u0131 vard\u0131, onlar \u201cbizim kruqun\u201d u\u015faqlar\u0131 idi.\n<\/p>\n<p>\n  Rejim s\u0131naqdan ke\u00e7irir, n\u0259yi, nec\u0259, kim\u0259 etm\u0259kl\u0259 c\u0259miyy\u0259td\u0259 qorxu yarada bil\u0259r\u0259m. Biz susduqca, davam ed\u0259c\u0259k. Yarad\u0131b, yaradacaq.\n<\/p>\n<p>\n  H\u0259l\u0259 Mehmanla bitm\u0259di, bitm\u0259y\u0259c\u0259k.\n<\/p>\n<p>\n  \u018fsas olan \u201cbizim kruq\u201ddu, onlara he\u00e7 n\u0259 olmas\u0131n. Mehmanlar da g\u0259lsin, m\u00fcbariz\u0259 apars\u0131n, t\u0259\u015fkilat \u00fczv\u00fc deyils\u0259, m\u0259hv olsun.\n<\/p>\n<p>\n  Kims\u0259 daha dem\u0259sin insanlar niy\u0259 biz\u0259 qo\u015fulmur &#8211; Mehman olmamaq \u00fc\u00e7\u00fcn. \u00c7\u00fcnki biz mehmanlar\u0131 \u00f6ld\u00fcr\u00fcr, monopoliyam\u0131za daxil olanlar\u0131 g\u00f6y\u0259 qald\u0131r\u0131r\u0131q.\n<\/p>\n<p>\n  Mehman Q\u0259l\u0259nd\u0259rovu say\u011f\u0131 il\u0259 yad edir\u0259m. O, demokratiyan\u0131n n\u00f6vb\u0259ti f\u0259daisi oldu.\n<\/p>\n<p>\n  <i><br \/>\n    <b><br \/>\n      Yaz\u0131 m\u00fc\u0259llifin fikirl\u0259rini \u0259ks etdirir v\u0259 Meydan TV-nin m\u00f6vqeyi il\u0259 \u00fcst-\u00fcst\u0259 d\u00fc\u015fm\u0259y\u0259 bil\u0259r.<br \/>\n    <\/b><br \/>\n  <\/i><\/p>\n","protected":false},"excerpt":{"rendered":"<p>Mehman Q\u0259l\u0259nd\u0259rovu say\u011f\u0131 il\u0259 yad edir\u0259m. O, demokratiyan\u0131n n\u00f6vb\u0259ti f\u0259daisi oldu.<\/p>\n","protected":false},"author":11,"featured_media":83820,"comment_status":"closed","ping_status":"open","sticky":false,"template":"","format":"standard","meta":{"_acf_changed":false,"_sitemap_exclude":false,"_sitemap_priority":"","_sitemap_frequency":"","footnotes":""},"categories":[57],"tags":[],"class_list":["post-184047","post","type-post","status-publish","format-standard","has-post-thumbnail","hentry","category-menim-fikrimce","infinite-scroll-item","generate-columns","tablet-grid-50","mobile-grid-100","grid-parent","grid-33","no-featured-image-padding"],"acf":[],"yoast_head":"<!-- This site is optimized with the Yoast SEO plugin v27.5 - https:\/\/yoast.com\/product\/yoast-seo-wordpress\/ -->\n<title>Mehman\u0131 birlikd\u0259 \u00f6ld\u00fcrd\u00fck - MEYDAN.TV<\/title>\n<meta name=\"robots\" content=\"index, follow, max-snippet:-1, max-image-preview:large, max-video-preview:-1\" \/>\n<link rel=\"canonical\" href=\"https:\/\/www.meydan.tv\/az\/article\/mehmani-birlikde-oldurduk\/\" \/>\n<meta property=\"og:locale\" content=\"az_AZ\" \/>\n<meta property=\"og:type\" content=\"article\" \/>\n<meta property=\"og:title\" content=\"Mehman\u0131 birlikd\u0259 \u00f6ld\u00fcrd\u00fck - MEYDAN.TV\" \/>\n<meta property=\"og:description\" content=\"Mehman Q\u0259l\u0259nd\u0259rovu say\u011f\u0131 il\u0259 yad edir\u0259m. O, demokratiyan\u0131n n\u00f6vb\u0259ti f\u0259daisi oldu.\" \/>\n<meta property=\"og:url\" content=\"https:\/\/www.meydan.tv\/az\/article\/mehmani-birlikde-oldurduk\/\" \/>\n<meta property=\"og:site_name\" content=\"MEYDAN.TV\" \/>\n<meta property=\"article:published_time\" content=\"2017-05-01T00:21:07+00:00\" \/>\n<meta property=\"og:image\" content=\"https:\/\/www.meydan.tv\/wp-content\/uploads\/32913.jpg\" \/>\n\t<meta property=\"og:image:width\" content=\"1366\" \/>\n\t<meta property=\"og:image:height\" content=\"1024\" \/>\n\t<meta property=\"og:image:type\" content=\"image\/jpeg\" \/>\n<meta name=\"author\" content=\"user-manager\" \/>\n<meta name=\"twitter:card\" content=\"summary_large_image\" \/>\n<script type=\"application\/ld+json\" class=\"yoast-schema-graph\">{\"@context\":\"https:\\\/\\\/schema.org\",\"@graph\":[{\"@type\":\"Article\",\"@id\":\"https:\\\/\\\/www.meydan.tv\\\/az\\\/article\\\/mehmani-birlikde-oldurduk\\\/#article\",\"isPartOf\":{\"@id\":\"https:\\\/\\\/www.meydan.tv\\\/az\\\/article\\\/mehmani-birlikde-oldurduk\\\/\"},\"author\":{\"name\":\"user-manager\",\"@id\":\"https:\\\/\\\/www.meydan.tv\\\/az\\\/#\\\/schema\\\/person\\\/10d11eccf6da3662cf5fdab9806ea91a\"},\"headline\":\"Mehman\u0131 birlikd\u0259 \u00f6ld\u00fcrd\u00fck\",\"datePublished\":\"2017-05-01T00:21:07+00:00\",\"mainEntityOfPage\":{\"@id\":\"https:\\\/\\\/www.meydan.tv\\\/az\\\/article\\\/mehmani-birlikde-oldurduk\\\/\"},\"wordCount\":1000,\"publisher\":{\"@id\":\"https:\\\/\\\/www.meydan.tv\\\/az\\\/#organization\"},\"image\":{\"@id\":\"https:\\\/\\\/www.meydan.tv\\\/az\\\/article\\\/mehmani-birlikde-oldurduk\\\/#primaryimage\"},\"thumbnailUrl\":\"https:\\\/\\\/www.meydan.tv\\\/wp-content\\\/uploads\\\/32913.jpg\",\"articleSection\":[\"M\u0259nim Fikrimc\u0259\"],\"inLanguage\":\"az\"},{\"@type\":\"WebPage\",\"@id\":\"https:\\\/\\\/www.meydan.tv\\\/az\\\/article\\\/mehmani-birlikde-oldurduk\\\/\",\"url\":\"https:\\\/\\\/www.meydan.tv\\\/az\\\/article\\\/mehmani-birlikde-oldurduk\\\/\",\"name\":\"Mehman\u0131 birlikd\u0259 \u00f6ld\u00fcrd\u00fck - MEYDAN.TV\",\"isPartOf\":{\"@id\":\"https:\\\/\\\/www.meydan.tv\\\/az\\\/#website\"},\"primaryImageOfPage\":{\"@id\":\"https:\\\/\\\/www.meydan.tv\\\/az\\\/article\\\/mehmani-birlikde-oldurduk\\\/#primaryimage\"},\"image\":{\"@id\":\"https:\\\/\\\/www.meydan.tv\\\/az\\\/article\\\/mehmani-birlikde-oldurduk\\\/#primaryimage\"},\"thumbnailUrl\":\"https:\\\/\\\/www.meydan.tv\\\/wp-content\\\/uploads\\\/32913.jpg\",\"datePublished\":\"2017-05-01T00:21:07+00:00\",\"breadcrumb\":{\"@id\":\"https:\\\/\\\/www.meydan.tv\\\/az\\\/article\\\/mehmani-birlikde-oldurduk\\\/#breadcrumb\"},\"inLanguage\":\"az\",\"potentialAction\":[{\"@type\":\"ReadAction\",\"target\":[\"https:\\\/\\\/www.meydan.tv\\\/az\\\/article\\\/mehmani-birlikde-oldurduk\\\/\"]}]},{\"@type\":\"ImageObject\",\"inLanguage\":\"az\",\"@id\":\"https:\\\/\\\/www.meydan.tv\\\/az\\\/article\\\/mehmani-birlikde-oldurduk\\\/#primaryimage\",\"url\":\"https:\\\/\\\/www.meydan.tv\\\/wp-content\\\/uploads\\\/32913.jpg\",\"contentUrl\":\"https:\\\/\\\/www.meydan.tv\\\/wp-content\\\/uploads\\\/32913.jpg\",\"width\":1366,\"height\":1024,\"caption\":\"Source:\"},{\"@type\":\"BreadcrumbList\",\"@id\":\"https:\\\/\\\/www.meydan.tv\\\/az\\\/article\\\/mehmani-birlikde-oldurduk\\\/#breadcrumb\",\"itemListElement\":[{\"@type\":\"ListItem\",\"position\":1,\"name\":\"Ana s\u0259hif\u0259\",\"item\":\"https:\\\/\\\/www.meydan.tv\\\/az\\\/\"},{\"@type\":\"ListItem\",\"position\":2,\"name\":\"M\u0259nim Fikrimc\u0259\",\"item\":\"https:\\\/\\\/www.meydan.tv\\\/az\\\/section\\\/menim-fikrimce\\\/\"},{\"@type\":\"ListItem\",\"position\":3,\"name\":\"Mehman\u0131 birlikd\u0259 \u00f6ld\u00fcrd\u00fck\"}]},{\"@type\":\"WebSite\",\"@id\":\"https:\\\/\\\/www.meydan.tv\\\/az\\\/#website\",\"url\":\"https:\\\/\\\/www.meydan.tv\\\/az\\\/\",\"name\":\"MEYDAN.TV\",\"description\":\"Meydan TV Az\u0259rbaycan\u0131n media m\u0259kan\u0131ndak\u0131 alternativ s\u0259sidir\",\"publisher\":{\"@id\":\"https:\\\/\\\/www.meydan.tv\\\/az\\\/#organization\"},\"potentialAction\":[{\"@type\":\"SearchAction\",\"target\":{\"@type\":\"EntryPoint\",\"urlTemplate\":\"https:\\\/\\\/www.meydan.tv\\\/az\\\/?s={search_term_string}\"},\"query-input\":{\"@type\":\"PropertyValueSpecification\",\"valueRequired\":true,\"valueName\":\"search_term_string\"}}],\"inLanguage\":\"az\"},{\"@type\":\"Organization\",\"@id\":\"https:\\\/\\\/www.meydan.tv\\\/az\\\/#organization\",\"name\":\"Meydan TV\",\"url\":\"https:\\\/\\\/www.meydan.tv\\\/az\\\/\",\"logo\":{\"@type\":\"ImageObject\",\"inLanguage\":\"az\",\"@id\":\"https:\\\/\\\/www.meydan.tv\\\/az\\\/#\\\/schema\\\/logo\\\/image\\\/\",\"url\":\"https:\\\/\\\/www.meydan.tv\\\/wp-content\\\/uploads\\\/2021\\\/07\\\/meydan-logo.svg\",\"contentUrl\":\"https:\\\/\\\/www.meydan.tv\\\/wp-content\\\/uploads\\\/2021\\\/07\\\/meydan-logo.svg\",\"width\":195,\"height\":46,\"caption\":\"Meydan TV\"},\"image\":{\"@id\":\"https:\\\/\\\/www.meydan.tv\\\/az\\\/#\\\/schema\\\/logo\\\/image\\\/\"}},{\"@type\":\"Person\",\"@id\":\"https:\\\/\\\/www.meydan.tv\\\/az\\\/#\\\/schema\\\/person\\\/10d11eccf6da3662cf5fdab9806ea91a\",\"name\":\"user-manager\"}]}<\/script>\n<!-- \/ Yoast SEO plugin. -->","yoast_head_json":{"title":"Mehman\u0131 birlikd\u0259 \u00f6ld\u00fcrd\u00fck - MEYDAN.TV","robots":{"index":"index","follow":"follow","max-snippet":"max-snippet:-1","max-image-preview":"max-image-preview:large","max-video-preview":"max-video-preview:-1"},"canonical":"https:\/\/www.meydan.tv\/az\/article\/mehmani-birlikde-oldurduk\/","og_locale":"az_AZ","og_type":"article","og_title":"Mehman\u0131 birlikd\u0259 \u00f6ld\u00fcrd\u00fck - MEYDAN.TV","og_description":"Mehman Q\u0259l\u0259nd\u0259rovu say\u011f\u0131 il\u0259 yad edir\u0259m. O, demokratiyan\u0131n n\u00f6vb\u0259ti f\u0259daisi oldu.","og_url":"https:\/\/www.meydan.tv\/az\/article\/mehmani-birlikde-oldurduk\/","og_site_name":"MEYDAN.TV","article_published_time":"2017-05-01T00:21:07+00:00","og_image":[{"width":1366,"height":1024,"url":"https:\/\/www.meydan.tv\/wp-content\/uploads\/32913.jpg","type":"image\/jpeg"}],"author":"user-manager","twitter_card":"summary_large_image","schema":{"@context":"https:\/\/schema.org","@graph":[{"@type":"Article","@id":"https:\/\/www.meydan.tv\/az\/article\/mehmani-birlikde-oldurduk\/#article","isPartOf":{"@id":"https:\/\/www.meydan.tv\/az\/article\/mehmani-birlikde-oldurduk\/"},"author":{"name":"user-manager","@id":"https:\/\/www.meydan.tv\/az\/#\/schema\/person\/10d11eccf6da3662cf5fdab9806ea91a"},"headline":"Mehman\u0131 birlikd\u0259 \u00f6ld\u00fcrd\u00fck","datePublished":"2017-05-01T00:21:07+00:00","mainEntityOfPage":{"@id":"https:\/\/www.meydan.tv\/az\/article\/mehmani-birlikde-oldurduk\/"},"wordCount":1000,"publisher":{"@id":"https:\/\/www.meydan.tv\/az\/#organization"},"image":{"@id":"https:\/\/www.meydan.tv\/az\/article\/mehmani-birlikde-oldurduk\/#primaryimage"},"thumbnailUrl":"https:\/\/www.meydan.tv\/wp-content\/uploads\/32913.jpg","articleSection":["M\u0259nim Fikrimc\u0259"],"inLanguage":"az"},{"@type":"WebPage","@id":"https:\/\/www.meydan.tv\/az\/article\/mehmani-birlikde-oldurduk\/","url":"https:\/\/www.meydan.tv\/az\/article\/mehmani-birlikde-oldurduk\/","name":"Mehman\u0131 birlikd\u0259 \u00f6ld\u00fcrd\u00fck - MEYDAN.TV","isPartOf":{"@id":"https:\/\/www.meydan.tv\/az\/#website"},"primaryImageOfPage":{"@id":"https:\/\/www.meydan.tv\/az\/article\/mehmani-birlikde-oldurduk\/#primaryimage"},"image":{"@id":"https:\/\/www.meydan.tv\/az\/article\/mehmani-birlikde-oldurduk\/#primaryimage"},"thumbnailUrl":"https:\/\/www.meydan.tv\/wp-content\/uploads\/32913.jpg","datePublished":"2017-05-01T00:21:07+00:00","breadcrumb":{"@id":"https:\/\/www.meydan.tv\/az\/article\/mehmani-birlikde-oldurduk\/#breadcrumb"},"inLanguage":"az","potentialAction":[{"@type":"ReadAction","target":["https:\/\/www.meydan.tv\/az\/article\/mehmani-birlikde-oldurduk\/"]}]},{"@type":"ImageObject","inLanguage":"az","@id":"https:\/\/www.meydan.tv\/az\/article\/mehmani-birlikde-oldurduk\/#primaryimage","url":"https:\/\/www.meydan.tv\/wp-content\/uploads\/32913.jpg","contentUrl":"https:\/\/www.meydan.tv\/wp-content\/uploads\/32913.jpg","width":1366,"height":1024,"caption":"Source:"},{"@type":"BreadcrumbList","@id":"https:\/\/www.meydan.tv\/az\/article\/mehmani-birlikde-oldurduk\/#breadcrumb","itemListElement":[{"@type":"ListItem","position":1,"name":"Ana s\u0259hif\u0259","item":"https:\/\/www.meydan.tv\/az\/"},{"@type":"ListItem","position":2,"name":"M\u0259nim Fikrimc\u0259","item":"https:\/\/www.meydan.tv\/az\/section\/menim-fikrimce\/"},{"@type":"ListItem","position":3,"name":"Mehman\u0131 birlikd\u0259 \u00f6ld\u00fcrd\u00fck"}]},{"@type":"WebSite","@id":"https:\/\/www.meydan.tv\/az\/#website","url":"https:\/\/www.meydan.tv\/az\/","name":"MEYDAN.TV","description":"Meydan TV Az\u0259rbaycan\u0131n media m\u0259kan\u0131ndak\u0131 alternativ s\u0259sidir","publisher":{"@id":"https:\/\/www.meydan.tv\/az\/#organization"},"potentialAction":[{"@type":"SearchAction","target":{"@type":"EntryPoint","urlTemplate":"https:\/\/www.meydan.tv\/az\/?s={search_term_string}"},"query-input":{"@type":"PropertyValueSpecification","valueRequired":true,"valueName":"search_term_string"}}],"inLanguage":"az"},{"@type":"Organization","@id":"https:\/\/www.meydan.tv\/az\/#organization","name":"Meydan TV","url":"https:\/\/www.meydan.tv\/az\/","logo":{"@type":"ImageObject","inLanguage":"az","@id":"https:\/\/www.meydan.tv\/az\/#\/schema\/logo\/image\/","url":"https:\/\/www.meydan.tv\/wp-content\/uploads\/2021\/07\/meydan-logo.svg","contentUrl":"https:\/\/www.meydan.tv\/wp-content\/uploads\/2021\/07\/meydan-logo.svg","width":195,"height":46,"caption":"Meydan TV"},"image":{"@id":"https:\/\/www.meydan.tv\/az\/#\/schema\/logo\/image\/"}},{"@type":"Person","@id":"https:\/\/www.meydan.tv\/az\/#\/schema\/person\/10d11eccf6da3662cf5fdab9806ea91a","name":"user-manager"}]}},"_links":{"self":[{"href":"https:\/\/www.meydan.tv\/az\/wp-json\/wp\/v2\/posts\/184047","targetHints":{"allow":["GET"]}}],"collection":[{"href":"https:\/\/www.meydan.tv\/az\/wp-json\/wp\/v2\/posts"}],"about":[{"href":"https:\/\/www.meydan.tv\/az\/wp-json\/wp\/v2\/types\/post"}],"author":[{"embeddable":true,"href":"https:\/\/www.meydan.tv\/az\/wp-json\/wp\/v2\/users\/11"}],"replies":[{"embeddable":true,"href":"https:\/\/www.meydan.tv\/az\/wp-json\/wp\/v2\/comments?post=184047"}],"version-history":[{"count":0,"href":"https:\/\/www.meydan.tv\/az\/wp-json\/wp\/v2\/posts\/184047\/revisions"}],"wp:featuredmedia":[{"embeddable":true,"href":"https:\/\/www.meydan.tv\/az\/wp-json\/wp\/v2\/media\/83820"}],"wp:attachment":[{"href":"https:\/\/www.meydan.tv\/az\/wp-json\/wp\/v2\/media?parent=184047"}],"wp:term":[{"taxonomy":"category","embeddable":true,"href":"https:\/\/www.meydan.tv\/az\/wp-json\/wp\/v2\/categories?post=184047"},{"taxonomy":"post_tag","embeddable":true,"href":"https:\/\/www.meydan.tv\/az\/wp-json\/wp\/v2\/tags?post=184047"}],"curies":[{"name":"wp","href":"https:\/\/api.w.org\/{rel}","templated":true}]}}