{"id":184039,"date":"2017-04-29T21:55:30","date_gmt":"2017-04-29T21:55:30","guid":{"rendered":"https:\/\/www.meydan.tv\/article\/siyasi-fealin-bacisi-mehman-tecridxanada-intihar-edib\/"},"modified":"2017-04-29T21:55:30","modified_gmt":"2017-04-29T21:55:30","slug":"siyasi-fealin-bacisi-mehman-tecridxanada-intihar-edib","status":"publish","type":"post","link":"https:\/\/www.meydan.tv\/az\/article\/siyasi-fealin-bacisi-mehman-tecridxanada-intihar-edib\/","title":{"rendered":"Siyasi f\u0259al\u0131n bac\u0131s\u0131: Mehman t\u0259cridxanada intihar edib"},"content":{"rendered":"<figure class=\"wp-block-embed is-type-video is-provider-youtube wp-block-embed-youtube wp-embed-aspect-16-9 wp-has-aspect-ratio\">\n<div class=\"wp-block-embed__wrapper\">\n    <iframe\ttitle=\"\" width=\"1200\" height=\"675\" data-src=\"https:\/\/www.youtube.com\/embed\/fOwq8yV0nbc\"\tframeborder=\"0\"\tallow=\"accelerometer; autoplay; clipboard-write; encrypted-media; gyroscope; picture-in-picture\" allowfullscreen src=\"data:image\/svg+xml;base64,PHN2ZyB3aWR0aD0iMSIgaGVpZ2h0PSIxIiB4bWxucz0iaHR0cDovL3d3dy53My5vcmcvMjAwMC9zdmciPjwvc3ZnPg==\" class=\"lazyload\" data-load-mode=\"1\"><\/iframe>\n  <\/div><figcaption><\/figcaption><\/figure>\n<p>\n  <i><br \/>\n    Partiyan\u0131n s\u0259dri: B\u0259d\u0259nind\u0259ki z\u0259d\u0259l\u0259ri, tiki\u015fl\u0259ri \u00f6z g\u00f6zl\u0259riml\u0259 g\u00f6rd\u00fcm<br \/>\n  <\/i>\n<\/p>\n<p>\n  1 sayl\u0131 Bak\u0131 \u0130stintaq T\u0259cridxanas\u0131nda (K\u00fcrd\u0259xan\u0131 t\u0259cridxanas\u0131) saxlan\u0131lan bloger Mehman Q\u0259l\u0259nd\u0259rov aprelin 28-d\u0259 intihar edib. O, kamerada \u00f6z\u00fcn\u00fc d\u00f6\u015f\u0259k a\u011f\u0131 il\u0259 as\u0131b. Bu bar\u0259d\u0259 h\u00fcquq m\u00fcdafi\u0259\u00e7il\u0259ri \u00f6z facebook s\u0259hif\u0259l\u0259rind\u0259 yaz\u0131b.\n<\/p>\n<p>\n  Penitensiar Xidm\u0259tin ictimaiyy\u0259tl\u0259 \u0259laq\u0259l\u0259r \u015f\u00f6b\u0259si yay\u0131lan x\u0259b\u0259rl\u0259ri t\u0259kzib edib: \u201c1 sayl\u0131 Bak\u0131 \u0130stintaq T\u0259cridxanas\u0131n\u0131n r\u0259hb\u0259rliyi il\u0259 \u0259laq\u0259 saxlam\u0131\u015f\u0131q. Bildirib ki, yay\u0131lm\u0131\u015f m\u0259lumatlar tam yanl\u0131\u015f v\u0259 yaland\u0131r. Mehman Q\u0259l\u0259nd\u0259rov sa\u011f-salamatd\u0131r. He\u00e7 bir \u015fikay\u0259ti d\u0259 yoxdur\u201d, ictimaiyy\u0259tl\u0259 \u0259laq\u0259l\u0259r \u015f\u00f6b\u0259sinin \u0259m\u0259kda\u015f\u0131 Amerikan\u0131n S\u0259sin\u0259 bildirib.\n<\/p>\n<p>\n  \u00d6z n\u00f6vb\u0259sind\u0259, Mehman Q\u0259l\u0259nd\u0259rovun bac\u0131s\u0131 M\u0259rziyy\u0259 xan\u0131m qarda\u015f\u0131n\u0131n intihar etdiyini t\u0259sdiq edib: \u201cBiz h\u0259l\u0259 intihar\u0131n s\u0259b\u0259bini bilmirik. H\u0259yat yolda\u015f\u0131m onun c\u0259s\u0259dini morqdan g\u00f6t\u00fcrm\u0259k \u00fc\u00e7\u00fcn gedib\u201d, o qeyd edib.\n<\/p>\n<p>\n  Mehman Q\u0259l\u0259nd\u0259rov Milliyy\u0259t\u00e7i Demokrat Partiyas\u0131n\u0131n f\u0259al\u0131 olub. Milliyy\u0259t\u00e7i Demokrat Partiyas\u0131n\u0131n s\u0259dri Q\u0259l\u0259nd\u0259r Muxtarl\u0131 Amerikan\u0131n S\u0259sin\u0259 deyib ki, bu g\u00fcn saat 14 rad\u0259l\u0259rind\u0259 Mehman Q\u0259l\u0259nd\u0259rovun c\u0259s\u0259dini Sabun\u00e7u rayonundak\u0131 x\u0259st\u0259xanan\u0131n morqunda \u00f6z\u00fc g\u00f6r\u00fcb.\n<\/p>\n<p>\n  \u201cBu g\u00fcn s\u0259h\u0259r t\u0259cridxanada Mehmanla g\u00f6r\u00fc\u015fm\u0259li idik. M\u0259n\u0259 z\u0259ng edib onun r\u0259hm\u0259t\u0259 getdiyini dedil\u0259r. \u00d6z\u00fcm morqa getdim, onun \u00fcz\u00fcn\u00fc a\u00e7d\u0131rd\u0131m baxd\u0131m, bo\u011faz\u0131ndak\u0131 k\u0259ndir izini, b\u0259d\u0259nind\u0259ki z\u0259d\u0259l\u0259ri, tiki\u015fl\u0259ri \u00f6z g\u00f6zl\u0259riml\u0259 g\u00f6rd\u00fcm. Bac\u0131s\u0131n\u0131n h\u0259yat yolda\u015f\u0131 Yaqub onun c\u0259s\u0259dini morqdan g\u00f6t\u00fcrd\u00fc\u201d, Muxtarl\u0131 Amerikan\u0131n S\u0259sin\u0259 deyib.\n<\/p>\n<p>\n  2017-ci il fevral\u0131n 7-d\u0259 M.Q\u0259l\u0259nd\u0259rovun bar\u0259sind\u0259 \u00fc\u00e7 ayl\u0131q h\u0259bs q\u0259timkan t\u0259dbiri se\u00e7ilib. O, Cinay\u0259t M\u0259c\u0259ll\u0259sinin 234.2-ci madd\u0259sil\u0259 (Sat\u0131\u015f m\u0259qs\u0259di il\u0259 qanunsuz olaraq narkotik vasit\u0259l\u0259ri v\u0259 ya psixotrop madd\u0259l\u0259ri \u0259ld\u0259 etm\u0259 v\u0259 ya saxlama, haz\u0131rlama, istehsal etm\u0259, emal etm\u0259, da\u015f\u0131ma, g\u00f6nd\u0259rm\u0259, yaxud qanunsuz olaraq narkotik vasit\u0259l\u0259ri v\u0259 ya psixotrop madd\u0259l\u0259ri satma) ittiham olunub.\n<\/p>\n<p>\n  H\u0259bs g\u00fcn\u00fc M.Q\u0259l\u0259nd\u0259rov Facebook s\u0259hif\u0259sind\u0259 yazm\u0131\u015fd\u0131: \u201cHam\u0131m\u0131z Qiyas (Heyd\u0259r \u018fliyevin abid\u0259sin\u0259 \u015f\u00fcar yazan Qiyas \u0130brahimov n\u0259z\u0259rd\u0259 tutulur. Bundan sonra 10 il azadl\u0131qdan m\u0259hrum edilib) kimi olaq. Qul olma!\u201d\n<\/p>\n<p>\n  Bir saatdan sonra polis \u0259m\u0259kda\u015flar\u0131 M.Q\u0259l\u0259nd\u0259rovun kiray\u0259d\u0259 ya\u015fad\u0131\u011f\u0131 m\u0259nzil\u0259 g\u0259l\u0259r\u0259k onu tutublar.\n<\/p>\n<p>\n  N\u0259simi Rayon M\u0259hk\u0259m\u0259si M.Q\u0259l\u0259nd\u0259rovu istintaq m\u00fcdd\u0259tind\u0259 3 ay h\u0259bs edib.\n<\/p>\n<p>\n  Bak\u0131 v\u0259 Tbilisid\u0259 h\u00f6kum\u0259t \u0259leyhin\u0259 mitinql\u0259rd\u0259 i\u015ftirak edib.\n<\/p>\n<p>\n  2016-c\u0131 il sentyabr\u0131n 26-da Tbilisid\u0259 Az\u0259rbaycan s\u0259firliyinin qar\u015f\u0131s\u0131nda \u201cBiz kral ist\u0259mirik!\u201d \u015f\u00fcar\u0131 il\u0259 ke\u00e7iril\u0259n aksiyan\u0131n t\u0259\u015fkilat\u00e7\u0131lar\u0131ndan biri olub.\n<\/p>\n<p>\n  Sosial \u015f\u0259b\u0259k\u0259l\u0259rd\u0259 hakimiyy\u0259ti t\u0259nqid edib, \u00f6lk\u0259 r\u0259hb\u0259rliyinin karikaturalar\u0131n\u0131 \u00e7\u0259k\u0259r\u0259k &#8220;Facebook&#8221; s\u0259hif\u0259sind\u0259 d\u0259rc edib.<\/p>\n","protected":false},"excerpt":{"rendered":"<p>Partiyan\u0131n s\u0259dri: B\u0259d\u0259nind\u0259ki z\u0259d\u0259l\u0259ri, tiki\u015fl\u0259ri \u00f6z g\u00f6zl\u0259riml\u0259 g\u00f6rd\u00fcm<\/p>\n","protected":false},"author":11,"featured_media":83799,"comment_status":"closed","ping_status":"open","sticky":false,"template":"","format":"standard","meta":{"_acf_changed":false,"_sitemap_exclude":false,"_sitemap_priority":"","_sitemap_frequency":"","footnotes":""},"categories":[56],"tags":[],"class_list":["post-184039","post","type-post","status-publish","format-standard","has-post-thumbnail","hentry","category-xeberler","infinite-scroll-item","generate-columns","tablet-grid-50","mobile-grid-100","grid-parent","grid-33","no-featured-image-padding"],"acf":[],"yoast_head":"<!-- This site is optimized with the Yoast SEO plugin v27.4 - https:\/\/yoast.com\/product\/yoast-seo-wordpress\/ -->\n<title>Siyasi f\u0259al\u0131n bac\u0131s\u0131: Mehman t\u0259cridxanada intihar edib - MEYDAN.TV<\/title>\n<meta name=\"robots\" content=\"index, follow, max-snippet:-1, max-image-preview:large, max-video-preview:-1\" \/>\n<link rel=\"canonical\" href=\"https:\/\/www.meydan.tv\/az\/article\/siyasi-fealin-bacisi-mehman-tecridxanada-intihar-edib\/\" \/>\n<meta property=\"og:locale\" content=\"az_AZ\" \/>\n<meta property=\"og:type\" content=\"article\" \/>\n<meta property=\"og:title\" content=\"Siyasi f\u0259al\u0131n bac\u0131s\u0131: Mehman t\u0259cridxanada intihar edib - MEYDAN.TV\" \/>\n<meta property=\"og:description\" content=\"Partiyan\u0131n s\u0259dri: B\u0259d\u0259nind\u0259ki z\u0259d\u0259l\u0259ri, tiki\u015fl\u0259ri \u00f6z g\u00f6zl\u0259riml\u0259 g\u00f6rd\u00fcm\" \/>\n<meta property=\"og:url\" content=\"https:\/\/www.meydan.tv\/az\/article\/siyasi-fealin-bacisi-mehman-tecridxanada-intihar-edib\/\" \/>\n<meta property=\"og:site_name\" content=\"MEYDAN.TV\" \/>\n<meta property=\"article:published_time\" content=\"2017-04-29T21:55:30+00:00\" \/>\n<meta property=\"og:image\" content=\"https:\/\/www.meydan.tv\/wp-content\/uploads\/32904.jpg\" \/>\n\t<meta property=\"og:image:width\" content=\"810\" \/>\n\t<meta property=\"og:image:height\" content=\"450\" \/>\n\t<meta property=\"og:image:type\" content=\"image\/jpeg\" \/>\n<meta name=\"author\" content=\"user-manager\" \/>\n<meta name=\"twitter:card\" content=\"summary_large_image\" \/>\n<script type=\"application\/ld+json\" class=\"yoast-schema-graph\">{\"@context\":\"https:\\\/\\\/schema.org\",\"@graph\":[{\"@type\":\"Article\",\"@id\":\"https:\\\/\\\/www.meydan.tv\\\/az\\\/article\\\/siyasi-fealin-bacisi-mehman-tecridxanada-intihar-edib\\\/#article\",\"isPartOf\":{\"@id\":\"https:\\\/\\\/www.meydan.tv\\\/az\\\/article\\\/siyasi-fealin-bacisi-mehman-tecridxanada-intihar-edib\\\/\"},\"author\":{\"name\":\"user-manager\",\"@id\":\"https:\\\/\\\/www.meydan.tv\\\/az\\\/#\\\/schema\\\/person\\\/10d11eccf6da3662cf5fdab9806ea91a\"},\"headline\":\"Siyasi f\u0259al\u0131n bac\u0131s\u0131: Mehman t\u0259cridxanada intihar edib\",\"datePublished\":\"2017-04-29T21:55:30+00:00\",\"mainEntityOfPage\":{\"@id\":\"https:\\\/\\\/www.meydan.tv\\\/az\\\/article\\\/siyasi-fealin-bacisi-mehman-tecridxanada-intihar-edib\\\/\"},\"wordCount\":589,\"publisher\":{\"@id\":\"https:\\\/\\\/www.meydan.tv\\\/az\\\/#organization\"},\"image\":{\"@id\":\"https:\\\/\\\/www.meydan.tv\\\/az\\\/article\\\/siyasi-fealin-bacisi-mehman-tecridxanada-intihar-edib\\\/#primaryimage\"},\"thumbnailUrl\":\"https:\\\/\\\/www.meydan.tv\\\/wp-content\\\/uploads\\\/32904.jpg\",\"articleSection\":[\"X\u0259b\u0259rl\u0259r\"],\"inLanguage\":\"az\"},{\"@type\":\"WebPage\",\"@id\":\"https:\\\/\\\/www.meydan.tv\\\/az\\\/article\\\/siyasi-fealin-bacisi-mehman-tecridxanada-intihar-edib\\\/\",\"url\":\"https:\\\/\\\/www.meydan.tv\\\/az\\\/article\\\/siyasi-fealin-bacisi-mehman-tecridxanada-intihar-edib\\\/\",\"name\":\"Siyasi f\u0259al\u0131n bac\u0131s\u0131: Mehman t\u0259cridxanada intihar edib - MEYDAN.TV\",\"isPartOf\":{\"@id\":\"https:\\\/\\\/www.meydan.tv\\\/az\\\/#website\"},\"primaryImageOfPage\":{\"@id\":\"https:\\\/\\\/www.meydan.tv\\\/az\\\/article\\\/siyasi-fealin-bacisi-mehman-tecridxanada-intihar-edib\\\/#primaryimage\"},\"image\":{\"@id\":\"https:\\\/\\\/www.meydan.tv\\\/az\\\/article\\\/siyasi-fealin-bacisi-mehman-tecridxanada-intihar-edib\\\/#primaryimage\"},\"thumbnailUrl\":\"https:\\\/\\\/www.meydan.tv\\\/wp-content\\\/uploads\\\/32904.jpg\",\"datePublished\":\"2017-04-29T21:55:30+00:00\",\"breadcrumb\":{\"@id\":\"https:\\\/\\\/www.meydan.tv\\\/az\\\/article\\\/siyasi-fealin-bacisi-mehman-tecridxanada-intihar-edib\\\/#breadcrumb\"},\"inLanguage\":\"az\",\"potentialAction\":[{\"@type\":\"ReadAction\",\"target\":[\"https:\\\/\\\/www.meydan.tv\\\/az\\\/article\\\/siyasi-fealin-bacisi-mehman-tecridxanada-intihar-edib\\\/\"]}]},{\"@type\":\"ImageObject\",\"inLanguage\":\"az\",\"@id\":\"https:\\\/\\\/www.meydan.tv\\\/az\\\/article\\\/siyasi-fealin-bacisi-mehman-tecridxanada-intihar-edib\\\/#primaryimage\",\"url\":\"https:\\\/\\\/www.meydan.tv\\\/wp-content\\\/uploads\\\/32904.jpg\",\"contentUrl\":\"https:\\\/\\\/www.meydan.tv\\\/wp-content\\\/uploads\\\/32904.jpg\",\"width\":810,\"height\":450,\"caption\":\"Source:\"},{\"@type\":\"BreadcrumbList\",\"@id\":\"https:\\\/\\\/www.meydan.tv\\\/az\\\/article\\\/siyasi-fealin-bacisi-mehman-tecridxanada-intihar-edib\\\/#breadcrumb\",\"itemListElement\":[{\"@type\":\"ListItem\",\"position\":1,\"name\":\"Ana s\u0259hif\u0259\",\"item\":\"https:\\\/\\\/www.meydan.tv\\\/az\\\/\"},{\"@type\":\"ListItem\",\"position\":2,\"name\":\"X\u0259b\u0259rl\u0259r\",\"item\":\"https:\\\/\\\/www.meydan.tv\\\/az\\\/section\\\/xeberler\\\/\"},{\"@type\":\"ListItem\",\"position\":3,\"name\":\"Siyasi f\u0259al\u0131n bac\u0131s\u0131: Mehman t\u0259cridxanada intihar edib\"}]},{\"@type\":\"WebSite\",\"@id\":\"https:\\\/\\\/www.meydan.tv\\\/az\\\/#website\",\"url\":\"https:\\\/\\\/www.meydan.tv\\\/az\\\/\",\"name\":\"MEYDAN.TV\",\"description\":\"Meydan TV Az\u0259rbaycan\u0131n media m\u0259kan\u0131ndak\u0131 alternativ s\u0259sidir\",\"publisher\":{\"@id\":\"https:\\\/\\\/www.meydan.tv\\\/az\\\/#organization\"},\"potentialAction\":[{\"@type\":\"SearchAction\",\"target\":{\"@type\":\"EntryPoint\",\"urlTemplate\":\"https:\\\/\\\/www.meydan.tv\\\/az\\\/?s={search_term_string}\"},\"query-input\":{\"@type\":\"PropertyValueSpecification\",\"valueRequired\":true,\"valueName\":\"search_term_string\"}}],\"inLanguage\":\"az\"},{\"@type\":\"Organization\",\"@id\":\"https:\\\/\\\/www.meydan.tv\\\/az\\\/#organization\",\"name\":\"Meydan TV\",\"url\":\"https:\\\/\\\/www.meydan.tv\\\/az\\\/\",\"logo\":{\"@type\":\"ImageObject\",\"inLanguage\":\"az\",\"@id\":\"https:\\\/\\\/www.meydan.tv\\\/az\\\/#\\\/schema\\\/logo\\\/image\\\/\",\"url\":\"https:\\\/\\\/www.meydan.tv\\\/wp-content\\\/uploads\\\/2021\\\/07\\\/meydan-logo.svg\",\"contentUrl\":\"https:\\\/\\\/www.meydan.tv\\\/wp-content\\\/uploads\\\/2021\\\/07\\\/meydan-logo.svg\",\"width\":195,\"height\":46,\"caption\":\"Meydan TV\"},\"image\":{\"@id\":\"https:\\\/\\\/www.meydan.tv\\\/az\\\/#\\\/schema\\\/logo\\\/image\\\/\"}},{\"@type\":\"Person\",\"@id\":\"https:\\\/\\\/www.meydan.tv\\\/az\\\/#\\\/schema\\\/person\\\/10d11eccf6da3662cf5fdab9806ea91a\",\"name\":\"user-manager\"}]}<\/script>\n<!-- \/ Yoast SEO plugin. -->","yoast_head_json":{"title":"Siyasi f\u0259al\u0131n bac\u0131s\u0131: Mehman t\u0259cridxanada intihar edib - MEYDAN.TV","robots":{"index":"index","follow":"follow","max-snippet":"max-snippet:-1","max-image-preview":"max-image-preview:large","max-video-preview":"max-video-preview:-1"},"canonical":"https:\/\/www.meydan.tv\/az\/article\/siyasi-fealin-bacisi-mehman-tecridxanada-intihar-edib\/","og_locale":"az_AZ","og_type":"article","og_title":"Siyasi f\u0259al\u0131n bac\u0131s\u0131: Mehman t\u0259cridxanada intihar edib - MEYDAN.TV","og_description":"Partiyan\u0131n s\u0259dri: B\u0259d\u0259nind\u0259ki z\u0259d\u0259l\u0259ri, tiki\u015fl\u0259ri \u00f6z g\u00f6zl\u0259riml\u0259 g\u00f6rd\u00fcm","og_url":"https:\/\/www.meydan.tv\/az\/article\/siyasi-fealin-bacisi-mehman-tecridxanada-intihar-edib\/","og_site_name":"MEYDAN.TV","article_published_time":"2017-04-29T21:55:30+00:00","og_image":[{"width":810,"height":450,"url":"https:\/\/www.meydan.tv\/wp-content\/uploads\/32904.jpg","type":"image\/jpeg"}],"author":"user-manager","twitter_card":"summary_large_image","schema":{"@context":"https:\/\/schema.org","@graph":[{"@type":"Article","@id":"https:\/\/www.meydan.tv\/az\/article\/siyasi-fealin-bacisi-mehman-tecridxanada-intihar-edib\/#article","isPartOf":{"@id":"https:\/\/www.meydan.tv\/az\/article\/siyasi-fealin-bacisi-mehman-tecridxanada-intihar-edib\/"},"author":{"name":"user-manager","@id":"https:\/\/www.meydan.tv\/az\/#\/schema\/person\/10d11eccf6da3662cf5fdab9806ea91a"},"headline":"Siyasi f\u0259al\u0131n bac\u0131s\u0131: Mehman t\u0259cridxanada intihar edib","datePublished":"2017-04-29T21:55:30+00:00","mainEntityOfPage":{"@id":"https:\/\/www.meydan.tv\/az\/article\/siyasi-fealin-bacisi-mehman-tecridxanada-intihar-edib\/"},"wordCount":589,"publisher":{"@id":"https:\/\/www.meydan.tv\/az\/#organization"},"image":{"@id":"https:\/\/www.meydan.tv\/az\/article\/siyasi-fealin-bacisi-mehman-tecridxanada-intihar-edib\/#primaryimage"},"thumbnailUrl":"https:\/\/www.meydan.tv\/wp-content\/uploads\/32904.jpg","articleSection":["X\u0259b\u0259rl\u0259r"],"inLanguage":"az"},{"@type":"WebPage","@id":"https:\/\/www.meydan.tv\/az\/article\/siyasi-fealin-bacisi-mehman-tecridxanada-intihar-edib\/","url":"https:\/\/www.meydan.tv\/az\/article\/siyasi-fealin-bacisi-mehman-tecridxanada-intihar-edib\/","name":"Siyasi f\u0259al\u0131n bac\u0131s\u0131: Mehman t\u0259cridxanada intihar edib - MEYDAN.TV","isPartOf":{"@id":"https:\/\/www.meydan.tv\/az\/#website"},"primaryImageOfPage":{"@id":"https:\/\/www.meydan.tv\/az\/article\/siyasi-fealin-bacisi-mehman-tecridxanada-intihar-edib\/#primaryimage"},"image":{"@id":"https:\/\/www.meydan.tv\/az\/article\/siyasi-fealin-bacisi-mehman-tecridxanada-intihar-edib\/#primaryimage"},"thumbnailUrl":"https:\/\/www.meydan.tv\/wp-content\/uploads\/32904.jpg","datePublished":"2017-04-29T21:55:30+00:00","breadcrumb":{"@id":"https:\/\/www.meydan.tv\/az\/article\/siyasi-fealin-bacisi-mehman-tecridxanada-intihar-edib\/#breadcrumb"},"inLanguage":"az","potentialAction":[{"@type":"ReadAction","target":["https:\/\/www.meydan.tv\/az\/article\/siyasi-fealin-bacisi-mehman-tecridxanada-intihar-edib\/"]}]},{"@type":"ImageObject","inLanguage":"az","@id":"https:\/\/www.meydan.tv\/az\/article\/siyasi-fealin-bacisi-mehman-tecridxanada-intihar-edib\/#primaryimage","url":"https:\/\/www.meydan.tv\/wp-content\/uploads\/32904.jpg","contentUrl":"https:\/\/www.meydan.tv\/wp-content\/uploads\/32904.jpg","width":810,"height":450,"caption":"Source:"},{"@type":"BreadcrumbList","@id":"https:\/\/www.meydan.tv\/az\/article\/siyasi-fealin-bacisi-mehman-tecridxanada-intihar-edib\/#breadcrumb","itemListElement":[{"@type":"ListItem","position":1,"name":"Ana s\u0259hif\u0259","item":"https:\/\/www.meydan.tv\/az\/"},{"@type":"ListItem","position":2,"name":"X\u0259b\u0259rl\u0259r","item":"https:\/\/www.meydan.tv\/az\/section\/xeberler\/"},{"@type":"ListItem","position":3,"name":"Siyasi f\u0259al\u0131n bac\u0131s\u0131: Mehman t\u0259cridxanada intihar edib"}]},{"@type":"WebSite","@id":"https:\/\/www.meydan.tv\/az\/#website","url":"https:\/\/www.meydan.tv\/az\/","name":"MEYDAN.TV","description":"Meydan TV Az\u0259rbaycan\u0131n media m\u0259kan\u0131ndak\u0131 alternativ s\u0259sidir","publisher":{"@id":"https:\/\/www.meydan.tv\/az\/#organization"},"potentialAction":[{"@type":"SearchAction","target":{"@type":"EntryPoint","urlTemplate":"https:\/\/www.meydan.tv\/az\/?s={search_term_string}"},"query-input":{"@type":"PropertyValueSpecification","valueRequired":true,"valueName":"search_term_string"}}],"inLanguage":"az"},{"@type":"Organization","@id":"https:\/\/www.meydan.tv\/az\/#organization","name":"Meydan TV","url":"https:\/\/www.meydan.tv\/az\/","logo":{"@type":"ImageObject","inLanguage":"az","@id":"https:\/\/www.meydan.tv\/az\/#\/schema\/logo\/image\/","url":"https:\/\/www.meydan.tv\/wp-content\/uploads\/2021\/07\/meydan-logo.svg","contentUrl":"https:\/\/www.meydan.tv\/wp-content\/uploads\/2021\/07\/meydan-logo.svg","width":195,"height":46,"caption":"Meydan TV"},"image":{"@id":"https:\/\/www.meydan.tv\/az\/#\/schema\/logo\/image\/"}},{"@type":"Person","@id":"https:\/\/www.meydan.tv\/az\/#\/schema\/person\/10d11eccf6da3662cf5fdab9806ea91a","name":"user-manager"}]}},"_links":{"self":[{"href":"https:\/\/www.meydan.tv\/az\/wp-json\/wp\/v2\/posts\/184039","targetHints":{"allow":["GET"]}}],"collection":[{"href":"https:\/\/www.meydan.tv\/az\/wp-json\/wp\/v2\/posts"}],"about":[{"href":"https:\/\/www.meydan.tv\/az\/wp-json\/wp\/v2\/types\/post"}],"author":[{"embeddable":true,"href":"https:\/\/www.meydan.tv\/az\/wp-json\/wp\/v2\/users\/11"}],"replies":[{"embeddable":true,"href":"https:\/\/www.meydan.tv\/az\/wp-json\/wp\/v2\/comments?post=184039"}],"version-history":[{"count":0,"href":"https:\/\/www.meydan.tv\/az\/wp-json\/wp\/v2\/posts\/184039\/revisions"}],"wp:featuredmedia":[{"embeddable":true,"href":"https:\/\/www.meydan.tv\/az\/wp-json\/wp\/v2\/media\/83799"}],"wp:attachment":[{"href":"https:\/\/www.meydan.tv\/az\/wp-json\/wp\/v2\/media?parent=184039"}],"wp:term":[{"taxonomy":"category","embeddable":true,"href":"https:\/\/www.meydan.tv\/az\/wp-json\/wp\/v2\/categories?post=184039"},{"taxonomy":"post_tag","embeddable":true,"href":"https:\/\/www.meydan.tv\/az\/wp-json\/wp\/v2\/tags?post=184039"}],"curies":[{"name":"wp","href":"https:\/\/api.w.org\/{rel}","templated":true}]}}