{"id":184017,"date":"2017-04-28T19:25:13","date_gmt":"2017-04-28T19:25:13","guid":{"rendered":"https:\/\/www.meydan.tv\/article\/rauf-mirqedirov-moskva-gorusu-neticesizdir\/"},"modified":"2017-04-28T19:25:13","modified_gmt":"2017-04-28T19:25:13","slug":"rauf-mirqedirov-moskva-gorusu-neticesizdir","status":"publish","type":"post","link":"https:\/\/www.meydan.tv\/az\/article\/rauf-mirqedirov-moskva-gorusu-neticesizdir\/","title":{"rendered":"Rauf Mirq\u0259dirov: &#8221;Moskva g\u00f6r\u00fc\u015f\u00fc n\u0259tic\u0259sizdir&#8221;"},"content":{"rendered":"<figure class=\"wp-block-image size-large\">\n  <img decoding=\"async\" src=\"https:\/\/www.meydan.tv\/az\/83078\/\" alt=\"\" class=\"wp-image-83078\"\/><figcaption><\/figcaption><\/figure>\n<p>\n  <i><br \/>\n    Elxan \u015eahino\u011flu: &#8221;Bu, \u0259h\u0259miyy\u0259t k\u0259sb etm\u0259y\u0259n n\u00f6vb\u0259t\u00e7i g\u00f6r\u00fc\u015f idi&#8221;<br \/>\n  <\/i>\n<\/p>\n<p>\n  &#8220;Rusiya, Az\u0259rbaycan v\u0259 Erm\u0259nistan xarici i\u015fl\u0259r nazirl\u0259ri Da\u011fl\u0131q Qaraba\u011f m\u00fcnaqi\u015f\u0259sinin nizamlanmas\u0131 \u00fczr\u0259 dan\u0131\u015f\u0131qlar prosesinin inki\u015faf perspektivl\u0259rini m\u00fczakir\u0259 edibl\u0259r&#8221;.\n<\/p>\n<p>\n  A\u00e7\u0131qlama \u00fc\u00e7 \u00f6lk\u0259nin X\u0130N ba\u015f\u00e7\u0131lar\u0131n\u0131n aprelin 28-d\u0259 Moskva ke\u00e7iril\u0259n g\u00f6r\u00fc\u015f\u00fcn\u00fcn yekununa dair birg\u0259 b\u0259yanat\u0131nda yer al\u0131b.\n<\/p>\n<p>\n  B\u0259yanatda vur\u011fulan\u0131b ki, Az\u0259rbaycan, Erm\u0259nistan v\u0259 Rusiya xarici i\u015fl\u0259r nazirl\u0259ri aras\u0131nda g\u00f6r\u00fc\u015f Rusiya t\u0259r\u0259finin t\u0259\u015f\u0259bb\u00fcs\u00fc il\u0259 ke\u00e7irilib. Az\u0259rbaycan xarici i\u015fl\u0259r naziri Elmar M\u0259mm\u0259dyarov v\u0259 onun erm\u0259nistanl\u0131 h\u0259mkar\u0131 Edvard Nalbandyan Da\u011fl\u0131q Qaraba\u011f m\u00fcnaqi\u015f\u0259sinin s\u00fclh yolu il\u0259 h\u0259lli \u00fc\u00e7\u00fcn g\u00f6st\u0259rdiyi s\u0259yl\u0259r\u0259 g\u00f6r\u0259 Rusiyan\u0131n xarici i\u015fl\u0259r naziri Sergey Lavrova minn\u0259tdarl\u0131qlar\u0131n\u0131 bildiribl\u0259r.\n<\/p>\n<p>\n  &#8220;G\u00f6r\u00fc\u015fd\u0259 t\u0259r\u0259fl\u0259r Vyana v\u0259 Sankt-Peterburq sammitl\u0259rind\u0259 \u0259ld\u0259 edilmi\u015f raz\u0131la\u015fmalar\u0131n h\u0259yata ke\u00e7irilm\u0259sinin z\u0259ruri oldu\u011funu vur\u011fulay\u0131blar. \u00dc\u00e7t\u0259r\u0259fli dan\u0131\u015f\u0131qlar\u0131n yekunlar\u0131 \u0259sas\u0131nda X\u0130N ba\u015f\u00e7\u0131lar\u0131n\u0131n AT\u018fT-in Minsk qrupunun h\u0259ms\u0259drl\u0259ri, el\u0259c\u0259 d\u0259 AT\u018fT-in f\u0259aliyy\u0259td\u0259 olan s\u0259drinin x\u00fcsusi n\u00fcmay\u0259nd\u0259si il\u0259 g\u00f6r\u00fc\u015f\u00fc ke\u00e7irilib. G\u00f6r\u00fc\u015f zaman\u0131 Da\u011fl\u0131q Qaraba\u011f m\u00fcnaqi\u015f\u0259si il\u0259 ba\u011fl\u0131 v\u0259ziyy\u0259t bar\u0259d\u0259 fikir m\u00fcbadil\u0259si apar\u0131l\u0131b&#8221;, &#8211; s\u0259firlikd\u0259n bildirilib.\n<\/p>\n<p>\n  Az\u0259rbaycan X\u0130N-nin m\u0259tbuat xidm\u0259tinin r\u0259hb\u0259ri Hikm\u0259t Hac\u0131yev report.az-a \u201cMoskva g\u00f6r\u00fc\u015f\u00fcn\u00fcn n\u0259tic\u0259l\u0259ri xarici i\u015fl\u0259r nazirl\u0259ri t\u0259r\u0259find\u0259n aidiyy\u0259ti \u00fczr\u0259 d\u00f6vl\u0259t ba\u015f\u00e7\u0131lar\u0131na m\u0259ruz\u0259 edil\u0259c\u0259k\u201d, &#8211; dey\u0259 bildirib.\n<\/p>\n<p>\n  Onun s\u00f6zl\u0259rin\u0259 g\u00f6r\u0259, aprelin 28-d\u0259 Moskvada Rusiyan\u0131n xarici i\u015fl\u0259r naziri Serqey Lavrovun t\u0259\u015f\u0259bb\u00fcs\u00fc v\u0259 d\u0259v\u0259ti \u0259sas\u0131nda Rusiya, Az\u0259rbaycan v\u0259 Erm\u0259nistan xarici i\u015fl\u0259r nazirinin \u00fc\u00e7t\u0259r\u0259fli g\u00f6r\u00fc\u015fd\u0259 \u00f6t\u0259n il Vyana v\u0259 Sankt-Peterburqda ke\u00e7iril\u0259n g\u00f6r\u00fc\u015fl\u0259r \u0259snas\u0131nda prezidentl\u0259r s\u0259viyy\u0259sind\u0259 apar\u0131lan substantiv dan\u0131\u015f\u0131qlar \u0259trafl\u0131 m\u00fczakir\u0259 edilib.\n<\/p>\n<p>\n  Siyasi \u015f\u0259rh\u00e7i Elxan \u015eahino\u011flu Meydan TV-y\u0259 Moskva g\u00f6r\u00fc\u015f\u00fcn\u00fc n\u00f6vb\u0259ti t\u0259maslardan biri oldu\u011funu deyib:\n<\/p>\n<p>\n  &#8220;Yekun b\u0259yanat he\u00e7 n\u0259yi ifad\u0259 etm\u0259y\u0259n 3-4 c\u00fcml\u0259d\u0259n ibar\u0259tdir. \u018fsas m\u0259qam t\u0259r\u0259fl\u0259rin Vyana v\u0259 Sankt-Peterburq sammitind\u0259 \u0259ld\u0259 olunmu\u015f raz\u0131la\u015fmalar\u0131n h\u0259yata ke\u00e7irilm\u0259sinin z\u0259ruriliyini vur\u011fulamalar\u0131d\u0131r. Sual yaran\u0131r, m\u0259g\u0259r prezidentl\u0259rin Vyana v\u0259 Sankt-Peterburqda hans\u0131sa raz\u0131l\u0131\u011f\u0131 olub? Sad\u0259c\u0259 \u015fifahi raz\u0131l\u0131qlar dan\u0131\u015f\u0131qlar\u0131n davam etdirilm\u0259si v\u0259 at\u0259\u015fk\u0259s\u0259 riay\u0259t olunmas\u0131 haqdayd\u0131. Bu is\u0259 raz\u0131l\u0131q say\u0131lm\u0131r, \u0259ksin\u0259, Az\u0259rbaycan\u0131n maraqlar\u0131na ziddir. Bundan \u0259lav\u0259, Rusiya medias\u0131n\u0131 izl\u0259dim, tan\u0131nm\u0131\u015f icmal\u00e7\u0131lardan, yaxud r\u0259smil\u0259rd\u0259n biri d\u0259 xarici i\u015fl\u0259r nazirl\u0259rinin 28 aprel Moskva g\u00f6r\u00fc\u015f\u00fcn\u0259 yer ay\u0131rmay\u0131b. \u00c7\u00fcnki maraqlar\u0131 yoxdur. Bu fakt\u0131n \u00f6z\u00fc d\u0259 g\u00f6st\u0259rir ki, he\u00e7 bir \u0259h\u0259miyy\u0259t k\u0259sb etm\u0259y\u0259n n\u00f6vb\u0259t\u00e7i g\u00f6r\u00fc\u015f idi&#8221;.\n<\/p>\n<figure class=\"wp-block-image size-large\">\n  <img decoding=\"async\" src=\"https:\/\/www.meydan.tv\/az\/68087\/\" alt=\"\" class=\"wp-image-68087\"\/><figcaption>\n    Elxan \u015eahino\u011flu<br \/>\n  <\/figcaption><\/figure>\n<p>\n  E.\u015eahino\u011flu hesab edir ki, Moskva g\u00f6r\u00fc\u015f\u00fcn\u00fcn m\u0259qs\u0259di Kremlin Bak\u0131n\u0131n m\u00fcharib\u0259y\u0259 ba\u015flamayaca\u011f\u0131na \u0259min olmaq ist\u0259yidir. Yax\u0131n aylarda Moskvan\u0131n \u0259min olub-olmamas\u0131 m\u0259lum olacaq:\n<\/p>\n<p>\n  &#8220;Eyni zamanda, Rusiya nazirl\u0259rin g\u00f6r\u00fc\u015f\u00fcn\u00fc t\u0259\u015fkil etm\u0259kl\u0259 \u00f6z\u00fcn\u00fcn patronajl\u0131\u011f\u0131n\u0131 t\u0259sdiq etm\u0259k ist\u0259yir. Moskva beyn\u0259lxalq al\u0259m\u0259 g\u00f6st\u0259rir ki, C\u0259nubi Qafqaz onlar\u0131n maraq dair\u0259sind\u0259dir, probleml\u0259r d\u0259 inhisar\u0131ndad\u0131r. \u018fslind\u0259 6-7 ildir ki, t\u0259r\u0259fl\u0259rin \u0259ks\u0259r g\u00f6r\u00fc\u015fl\u0259ri Rusiyada ke\u00e7irilir. Fransa v\u0259 Amerika sanki k\u0259nara \u00e7\u0259kilib. Rusiyan\u0131n ikinci h\u0259d\u0259fi Az\u0259rbaycan\u0131n m\u00fcharib\u0259 ba\u015flatmayaca\u011f\u0131na \u0259min olmaqd\u0131r. H\u0259r iki m\u0259qs\u0259din\u0259 d\u0259 nail olub. Son vaxtlar Rusiya r\u0259smil\u0259rinin iki \u00f6lk\u0259y\u0259 s\u0259f\u0259rl\u0259ri t\u0259r\u0259fl\u0259r\u0259 at\u0259\u015fk\u0259si pozacaqlar\u0131 t\u0259qdird\u0259 onlar\u0131 hans\u0131 c\u0259zan\u0131n g\u00f6zl\u0259diyini dem\u0259k olub&#8221;.\n<\/p>\n<p>\n  Siyasi icmal\u00e7\u0131 Rauf Mirq\u0259dirov Moskva g\u00f6r\u00fc\u015f\u00fcn\u00fc Rusiya xarici siyas\u0259tinin &#8220;u\u011furlu&#8221; olmas\u0131 m\u0259qs\u0259diyl\u0259 t\u0259\u015fkil oldu\u011funu d\u00fc\u015f\u00fcn\u00fcr:\n<\/p>\n<p>\n  &#8220;\u00c7\u00fcnki Rusiya xarici siyas\u0259ti ciddi t\u0259zyiql\u0259rl\u0259 qar\u015f\u0131la\u015f\u0131b. Kremlin Amerikada Trump\u0131n prezident se\u00e7ilm\u0259sil\u0259 ba\u011fl\u0131 \u00e7ox b\u00f6y\u00fck \u00fcmidl\u0259r vard\u0131. Bunlar do\u011frulmur. Kremlin Suriya, \u015eimali, Koreya, \u0130ran istiqam\u0259tind\u0259ki xarici siyas\u0259tind\u0259 \u00e7ox ciddi t\u0259hidl\u0259r var. \u00dcmumiyy\u0259tl\u0259, Rusiyan\u0131n t\u0259crid olunma t\u0259hl\u00fck\u0259si var. H\u0259tta \u00c7in BMT T\u0259hl\u00fck\u0259sizlik \u015euras\u0131nda b\u0259zi m\u0259s\u0259l\u0259l\u0259rd\u0259 Rusiyan\u0131n t\u0259\u015f\u0259bb\u00fcsl\u0259rini d\u0259st\u0259kl\u0259mir. Suriyayla ba\u011fl\u0131 q\u0259tnam\u0259d\u0259 bu g\u00f6r\u00fcnd\u00fc. Yaxud Yaponiya ba\u015f naziriyl\u0259 prezident Putinin g\u00f6r\u00fc\u015f\u00fcn\u00fcn n\u0259tic\u0259l\u0259ri s\u0131f\u0131rd\u0131r. Ona g\u00f6r\u0259 Rusiyan\u0131n Xarici \u0130\u015fl\u0259r Nazirliyi 28 aprel g\u00f6r\u00fc\u015f\u00fcyl\u0259 pozitiv ruh g\u0259tirm\u0259k ist\u0259yir&#8221;.\n<\/p>\n<p>\n  R.Mirq\u0259dirov Moskva g\u00f6r\u00fc\u015f\u00fcn\u00fcn d\u0259 ger\u00e7\u0259k n\u0259tic\u0259l\u0259rinin s\u0131fra b\u0259rab\u0259r oldu\u011funu deyib.\n<\/p>\n<p>\n  &#8220;Bu yax\u0131nlarda rusiyal\u0131 nazir Sergey Lavrov Da\u011fl\u0131q Qaraba\u011f m\u00fcnaqi\u015f\u0259sinin h\u0259llind\u0259 ciddi ir\u0259lil\u0259yi\u015fl\u0259rin \u0259ld\u0259 olunmas\u0131n\u0131 m\u00fcmk\u00fcns\u00fczl\u00fcy\u00fcn\u00fc bildirmi\u015fdi. Onun a\u00e7\u0131qlamas\u0131n\u0131n mahiyy\u0259ti o idi ki, t\u0259r\u0259fl\u0259r s\u00fclh\u0259 haz\u0131r deyil. \u018fg\u0259r bel\u0259dirs\u0259, nazirl\u0259rin g\u00f6r\u00fc\u015f\u00fcn\u00fc t\u0259\u015fkil etm\u0259kd\u0259 m\u0259qs\u0259d pozitiv imic yaratmaq c\u0259hdidir, v\u0259ssalam! \u00a0Yaxud Az\u0259rbaycan xarici i\u015fl\u0259r naziri Elmar M\u0259mm\u0259dyarov demi\u015fdi ki, \u0259g\u0259r Rusiya ist\u0259s\u0259, m\u00fcnaqi\u015f\u0259 \u00e7ox q\u0131sa vaxtda h\u0259ll olunar v\u0259 i\u015f\u011fal olunan \u0259razil\u0259r azad edil\u0259r. Bu, art\u0131q m\u00fcnaqi\u015f\u0259 t\u0259r\u0259fl\u0259rind\u0259n birinin b\u0259yanat\u0131 idi. Ona g\u00f6r\u0259 Rusiyan\u0131n f\u0259all\u0131\u011f\u0131 pozitiv imic, g\u00f6r\u00fcn\u00fct\u00fc yaratmaq c\u0259hdidir. Ba\u015fqa he\u00e7 bir real n\u0259tic\u0259si olmayacaq&#8221;.<\/p>\n","protected":false},"excerpt":{"rendered":"<p>Elxan \u015eahino\u011flu: &#8221;Bu, \u0259h\u0259miyy\u0259t k\u0259sb etm\u0259y\u0259n n\u00f6vb\u0259t\u00e7i g\u00f6r\u00fc\u015f idi&#8221;<\/p>\n","protected":false},"author":11,"featured_media":83078,"comment_status":"closed","ping_status":"open","sticky":false,"template":"","format":"standard","meta":{"_acf_changed":false,"_sitemap_exclude":false,"_sitemap_priority":"","_sitemap_frequency":"","footnotes":""},"categories":[51],"tags":[],"class_list":["post-184017","post","type-post","status-publish","format-standard","has-post-thumbnail","hentry","category-analitika","infinite-scroll-item","generate-columns","tablet-grid-50","mobile-grid-100","grid-parent","grid-33","no-featured-image-padding"],"acf":[],"yoast_head":"<!-- This site is optimized with the Yoast SEO plugin v27.4 - https:\/\/yoast.com\/product\/yoast-seo-wordpress\/ -->\n<title>Rauf Mirq\u0259dirov: &#039;&#039;Moskva g\u00f6r\u00fc\u015f\u00fc n\u0259tic\u0259sizdir&#039;&#039; - MEYDAN.TV<\/title>\n<meta name=\"robots\" content=\"index, follow, max-snippet:-1, max-image-preview:large, max-video-preview:-1\" \/>\n<link rel=\"canonical\" href=\"https:\/\/www.meydan.tv\/az\/article\/rauf-mirqedirov-moskva-gorusu-neticesizdir\/\" \/>\n<meta property=\"og:locale\" content=\"az_AZ\" \/>\n<meta property=\"og:type\" content=\"article\" \/>\n<meta property=\"og:title\" content=\"Rauf Mirq\u0259dirov: &#039;&#039;Moskva g\u00f6r\u00fc\u015f\u00fc n\u0259tic\u0259sizdir&#039;&#039; - MEYDAN.TV\" \/>\n<meta property=\"og:description\" content=\"Elxan \u015eahino\u011flu: &#039;&#039;Bu, \u0259h\u0259miyy\u0259t k\u0259sb etm\u0259y\u0259n n\u00f6vb\u0259t\u00e7i g\u00f6r\u00fc\u015f idi&#039;&#039;\" \/>\n<meta property=\"og:url\" content=\"https:\/\/www.meydan.tv\/az\/article\/rauf-mirqedirov-moskva-gorusu-neticesizdir\/\" \/>\n<meta property=\"og:site_name\" content=\"MEYDAN.TV\" \/>\n<meta property=\"article:published_time\" content=\"2017-04-28T19:25:13+00:00\" \/>\n<meta property=\"og:image\" content=\"https:\/\/www.meydan.tv\/wp-content\/uploads\/32871.png\" \/>\n\t<meta property=\"og:image:width\" content=\"768\" \/>\n\t<meta property=\"og:image:height\" content=\"512\" \/>\n\t<meta property=\"og:image:type\" content=\"image\/png\" \/>\n<meta name=\"author\" content=\"user-manager\" \/>\n<meta name=\"twitter:card\" content=\"summary_large_image\" \/>\n<script type=\"application\/ld+json\" class=\"yoast-schema-graph\">{\"@context\":\"https:\\\/\\\/schema.org\",\"@graph\":[{\"@type\":\"Article\",\"@id\":\"https:\\\/\\\/www.meydan.tv\\\/az\\\/article\\\/rauf-mirqedirov-moskva-gorusu-neticesizdir\\\/#article\",\"isPartOf\":{\"@id\":\"https:\\\/\\\/www.meydan.tv\\\/az\\\/article\\\/rauf-mirqedirov-moskva-gorusu-neticesizdir\\\/\"},\"author\":{\"name\":\"user-manager\",\"@id\":\"https:\\\/\\\/www.meydan.tv\\\/az\\\/#\\\/schema\\\/person\\\/10d11eccf6da3662cf5fdab9806ea91a\"},\"headline\":\"Rauf Mirq\u0259dirov: &#8221;Moskva g\u00f6r\u00fc\u015f\u00fc n\u0259tic\u0259sizdir&#8221;\",\"datePublished\":\"2017-04-28T19:25:13+00:00\",\"mainEntityOfPage\":{\"@id\":\"https:\\\/\\\/www.meydan.tv\\\/az\\\/article\\\/rauf-mirqedirov-moskva-gorusu-neticesizdir\\\/\"},\"wordCount\":1096,\"publisher\":{\"@id\":\"https:\\\/\\\/www.meydan.tv\\\/az\\\/#organization\"},\"image\":{\"@id\":\"https:\\\/\\\/www.meydan.tv\\\/az\\\/article\\\/rauf-mirqedirov-moskva-gorusu-neticesizdir\\\/#primaryimage\"},\"thumbnailUrl\":\"https:\\\/\\\/www.meydan.tv\\\/wp-content\\\/uploads\\\/32871.png\",\"articleSection\":[\"Analitika\"],\"inLanguage\":\"az\"},{\"@type\":\"WebPage\",\"@id\":\"https:\\\/\\\/www.meydan.tv\\\/az\\\/article\\\/rauf-mirqedirov-moskva-gorusu-neticesizdir\\\/\",\"url\":\"https:\\\/\\\/www.meydan.tv\\\/az\\\/article\\\/rauf-mirqedirov-moskva-gorusu-neticesizdir\\\/\",\"name\":\"Rauf Mirq\u0259dirov: ''Moskva g\u00f6r\u00fc\u015f\u00fc n\u0259tic\u0259sizdir'' - MEYDAN.TV\",\"isPartOf\":{\"@id\":\"https:\\\/\\\/www.meydan.tv\\\/az\\\/#website\"},\"primaryImageOfPage\":{\"@id\":\"https:\\\/\\\/www.meydan.tv\\\/az\\\/article\\\/rauf-mirqedirov-moskva-gorusu-neticesizdir\\\/#primaryimage\"},\"image\":{\"@id\":\"https:\\\/\\\/www.meydan.tv\\\/az\\\/article\\\/rauf-mirqedirov-moskva-gorusu-neticesizdir\\\/#primaryimage\"},\"thumbnailUrl\":\"https:\\\/\\\/www.meydan.tv\\\/wp-content\\\/uploads\\\/32871.png\",\"datePublished\":\"2017-04-28T19:25:13+00:00\",\"breadcrumb\":{\"@id\":\"https:\\\/\\\/www.meydan.tv\\\/az\\\/article\\\/rauf-mirqedirov-moskva-gorusu-neticesizdir\\\/#breadcrumb\"},\"inLanguage\":\"az\",\"potentialAction\":[{\"@type\":\"ReadAction\",\"target\":[\"https:\\\/\\\/www.meydan.tv\\\/az\\\/article\\\/rauf-mirqedirov-moskva-gorusu-neticesizdir\\\/\"]}]},{\"@type\":\"ImageObject\",\"inLanguage\":\"az\",\"@id\":\"https:\\\/\\\/www.meydan.tv\\\/az\\\/article\\\/rauf-mirqedirov-moskva-gorusu-neticesizdir\\\/#primaryimage\",\"url\":\"https:\\\/\\\/www.meydan.tv\\\/wp-content\\\/uploads\\\/32871.png\",\"contentUrl\":\"https:\\\/\\\/www.meydan.tv\\\/wp-content\\\/uploads\\\/32871.png\",\"width\":768,\"height\":512,\"caption\":\"Source:\"},{\"@type\":\"BreadcrumbList\",\"@id\":\"https:\\\/\\\/www.meydan.tv\\\/az\\\/article\\\/rauf-mirqedirov-moskva-gorusu-neticesizdir\\\/#breadcrumb\",\"itemListElement\":[{\"@type\":\"ListItem\",\"position\":1,\"name\":\"Ana s\u0259hif\u0259\",\"item\":\"https:\\\/\\\/www.meydan.tv\\\/az\\\/\"},{\"@type\":\"ListItem\",\"position\":2,\"name\":\"Analitika\",\"item\":\"https:\\\/\\\/www.meydan.tv\\\/az\\\/section\\\/analitika\\\/\"},{\"@type\":\"ListItem\",\"position\":3,\"name\":\"Rauf Mirq\u0259dirov: &#8221;Moskva g\u00f6r\u00fc\u015f\u00fc n\u0259tic\u0259sizdir&#8221;\"}]},{\"@type\":\"WebSite\",\"@id\":\"https:\\\/\\\/www.meydan.tv\\\/az\\\/#website\",\"url\":\"https:\\\/\\\/www.meydan.tv\\\/az\\\/\",\"name\":\"MEYDAN.TV\",\"description\":\"Meydan TV Az\u0259rbaycan\u0131n media m\u0259kan\u0131ndak\u0131 alternativ s\u0259sidir\",\"publisher\":{\"@id\":\"https:\\\/\\\/www.meydan.tv\\\/az\\\/#organization\"},\"potentialAction\":[{\"@type\":\"SearchAction\",\"target\":{\"@type\":\"EntryPoint\",\"urlTemplate\":\"https:\\\/\\\/www.meydan.tv\\\/az\\\/?s={search_term_string}\"},\"query-input\":{\"@type\":\"PropertyValueSpecification\",\"valueRequired\":true,\"valueName\":\"search_term_string\"}}],\"inLanguage\":\"az\"},{\"@type\":\"Organization\",\"@id\":\"https:\\\/\\\/www.meydan.tv\\\/az\\\/#organization\",\"name\":\"Meydan TV\",\"url\":\"https:\\\/\\\/www.meydan.tv\\\/az\\\/\",\"logo\":{\"@type\":\"ImageObject\",\"inLanguage\":\"az\",\"@id\":\"https:\\\/\\\/www.meydan.tv\\\/az\\\/#\\\/schema\\\/logo\\\/image\\\/\",\"url\":\"https:\\\/\\\/www.meydan.tv\\\/wp-content\\\/uploads\\\/2021\\\/07\\\/meydan-logo.svg\",\"contentUrl\":\"https:\\\/\\\/www.meydan.tv\\\/wp-content\\\/uploads\\\/2021\\\/07\\\/meydan-logo.svg\",\"width\":195,\"height\":46,\"caption\":\"Meydan TV\"},\"image\":{\"@id\":\"https:\\\/\\\/www.meydan.tv\\\/az\\\/#\\\/schema\\\/logo\\\/image\\\/\"}},{\"@type\":\"Person\",\"@id\":\"https:\\\/\\\/www.meydan.tv\\\/az\\\/#\\\/schema\\\/person\\\/10d11eccf6da3662cf5fdab9806ea91a\",\"name\":\"user-manager\"}]}<\/script>\n<!-- \/ Yoast SEO plugin. -->","yoast_head_json":{"title":"Rauf Mirq\u0259dirov: ''Moskva g\u00f6r\u00fc\u015f\u00fc n\u0259tic\u0259sizdir'' - MEYDAN.TV","robots":{"index":"index","follow":"follow","max-snippet":"max-snippet:-1","max-image-preview":"max-image-preview:large","max-video-preview":"max-video-preview:-1"},"canonical":"https:\/\/www.meydan.tv\/az\/article\/rauf-mirqedirov-moskva-gorusu-neticesizdir\/","og_locale":"az_AZ","og_type":"article","og_title":"Rauf Mirq\u0259dirov: ''Moskva g\u00f6r\u00fc\u015f\u00fc n\u0259tic\u0259sizdir'' - MEYDAN.TV","og_description":"Elxan \u015eahino\u011flu: ''Bu, \u0259h\u0259miyy\u0259t k\u0259sb etm\u0259y\u0259n n\u00f6vb\u0259t\u00e7i g\u00f6r\u00fc\u015f idi''","og_url":"https:\/\/www.meydan.tv\/az\/article\/rauf-mirqedirov-moskva-gorusu-neticesizdir\/","og_site_name":"MEYDAN.TV","article_published_time":"2017-04-28T19:25:13+00:00","og_image":[{"width":768,"height":512,"url":"https:\/\/www.meydan.tv\/wp-content\/uploads\/32871.png","type":"image\/png"}],"author":"user-manager","twitter_card":"summary_large_image","schema":{"@context":"https:\/\/schema.org","@graph":[{"@type":"Article","@id":"https:\/\/www.meydan.tv\/az\/article\/rauf-mirqedirov-moskva-gorusu-neticesizdir\/#article","isPartOf":{"@id":"https:\/\/www.meydan.tv\/az\/article\/rauf-mirqedirov-moskva-gorusu-neticesizdir\/"},"author":{"name":"user-manager","@id":"https:\/\/www.meydan.tv\/az\/#\/schema\/person\/10d11eccf6da3662cf5fdab9806ea91a"},"headline":"Rauf Mirq\u0259dirov: &#8221;Moskva g\u00f6r\u00fc\u015f\u00fc n\u0259tic\u0259sizdir&#8221;","datePublished":"2017-04-28T19:25:13+00:00","mainEntityOfPage":{"@id":"https:\/\/www.meydan.tv\/az\/article\/rauf-mirqedirov-moskva-gorusu-neticesizdir\/"},"wordCount":1096,"publisher":{"@id":"https:\/\/www.meydan.tv\/az\/#organization"},"image":{"@id":"https:\/\/www.meydan.tv\/az\/article\/rauf-mirqedirov-moskva-gorusu-neticesizdir\/#primaryimage"},"thumbnailUrl":"https:\/\/www.meydan.tv\/wp-content\/uploads\/32871.png","articleSection":["Analitika"],"inLanguage":"az"},{"@type":"WebPage","@id":"https:\/\/www.meydan.tv\/az\/article\/rauf-mirqedirov-moskva-gorusu-neticesizdir\/","url":"https:\/\/www.meydan.tv\/az\/article\/rauf-mirqedirov-moskva-gorusu-neticesizdir\/","name":"Rauf Mirq\u0259dirov: ''Moskva g\u00f6r\u00fc\u015f\u00fc n\u0259tic\u0259sizdir'' - MEYDAN.TV","isPartOf":{"@id":"https:\/\/www.meydan.tv\/az\/#website"},"primaryImageOfPage":{"@id":"https:\/\/www.meydan.tv\/az\/article\/rauf-mirqedirov-moskva-gorusu-neticesizdir\/#primaryimage"},"image":{"@id":"https:\/\/www.meydan.tv\/az\/article\/rauf-mirqedirov-moskva-gorusu-neticesizdir\/#primaryimage"},"thumbnailUrl":"https:\/\/www.meydan.tv\/wp-content\/uploads\/32871.png","datePublished":"2017-04-28T19:25:13+00:00","breadcrumb":{"@id":"https:\/\/www.meydan.tv\/az\/article\/rauf-mirqedirov-moskva-gorusu-neticesizdir\/#breadcrumb"},"inLanguage":"az","potentialAction":[{"@type":"ReadAction","target":["https:\/\/www.meydan.tv\/az\/article\/rauf-mirqedirov-moskva-gorusu-neticesizdir\/"]}]},{"@type":"ImageObject","inLanguage":"az","@id":"https:\/\/www.meydan.tv\/az\/article\/rauf-mirqedirov-moskva-gorusu-neticesizdir\/#primaryimage","url":"https:\/\/www.meydan.tv\/wp-content\/uploads\/32871.png","contentUrl":"https:\/\/www.meydan.tv\/wp-content\/uploads\/32871.png","width":768,"height":512,"caption":"Source:"},{"@type":"BreadcrumbList","@id":"https:\/\/www.meydan.tv\/az\/article\/rauf-mirqedirov-moskva-gorusu-neticesizdir\/#breadcrumb","itemListElement":[{"@type":"ListItem","position":1,"name":"Ana s\u0259hif\u0259","item":"https:\/\/www.meydan.tv\/az\/"},{"@type":"ListItem","position":2,"name":"Analitika","item":"https:\/\/www.meydan.tv\/az\/section\/analitika\/"},{"@type":"ListItem","position":3,"name":"Rauf Mirq\u0259dirov: &#8221;Moskva g\u00f6r\u00fc\u015f\u00fc n\u0259tic\u0259sizdir&#8221;"}]},{"@type":"WebSite","@id":"https:\/\/www.meydan.tv\/az\/#website","url":"https:\/\/www.meydan.tv\/az\/","name":"MEYDAN.TV","description":"Meydan TV Az\u0259rbaycan\u0131n media m\u0259kan\u0131ndak\u0131 alternativ s\u0259sidir","publisher":{"@id":"https:\/\/www.meydan.tv\/az\/#organization"},"potentialAction":[{"@type":"SearchAction","target":{"@type":"EntryPoint","urlTemplate":"https:\/\/www.meydan.tv\/az\/?s={search_term_string}"},"query-input":{"@type":"PropertyValueSpecification","valueRequired":true,"valueName":"search_term_string"}}],"inLanguage":"az"},{"@type":"Organization","@id":"https:\/\/www.meydan.tv\/az\/#organization","name":"Meydan TV","url":"https:\/\/www.meydan.tv\/az\/","logo":{"@type":"ImageObject","inLanguage":"az","@id":"https:\/\/www.meydan.tv\/az\/#\/schema\/logo\/image\/","url":"https:\/\/www.meydan.tv\/wp-content\/uploads\/2021\/07\/meydan-logo.svg","contentUrl":"https:\/\/www.meydan.tv\/wp-content\/uploads\/2021\/07\/meydan-logo.svg","width":195,"height":46,"caption":"Meydan TV"},"image":{"@id":"https:\/\/www.meydan.tv\/az\/#\/schema\/logo\/image\/"}},{"@type":"Person","@id":"https:\/\/www.meydan.tv\/az\/#\/schema\/person\/10d11eccf6da3662cf5fdab9806ea91a","name":"user-manager"}]}},"_links":{"self":[{"href":"https:\/\/www.meydan.tv\/az\/wp-json\/wp\/v2\/posts\/184017","targetHints":{"allow":["GET"]}}],"collection":[{"href":"https:\/\/www.meydan.tv\/az\/wp-json\/wp\/v2\/posts"}],"about":[{"href":"https:\/\/www.meydan.tv\/az\/wp-json\/wp\/v2\/types\/post"}],"author":[{"embeddable":true,"href":"https:\/\/www.meydan.tv\/az\/wp-json\/wp\/v2\/users\/11"}],"replies":[{"embeddable":true,"href":"https:\/\/www.meydan.tv\/az\/wp-json\/wp\/v2\/comments?post=184017"}],"version-history":[{"count":0,"href":"https:\/\/www.meydan.tv\/az\/wp-json\/wp\/v2\/posts\/184017\/revisions"}],"wp:featuredmedia":[{"embeddable":true,"href":"https:\/\/www.meydan.tv\/az\/wp-json\/wp\/v2\/media\/83078"}],"wp:attachment":[{"href":"https:\/\/www.meydan.tv\/az\/wp-json\/wp\/v2\/media?parent=184017"}],"wp:term":[{"taxonomy":"category","embeddable":true,"href":"https:\/\/www.meydan.tv\/az\/wp-json\/wp\/v2\/categories?post=184017"},{"taxonomy":"post_tag","embeddable":true,"href":"https:\/\/www.meydan.tv\/az\/wp-json\/wp\/v2\/tags?post=184017"}],"curies":[{"name":"wp","href":"https:\/\/api.w.org\/{rel}","templated":true}]}}