{"id":183941,"date":"2017-04-26T00:35:04","date_gmt":"2017-04-26T00:35:04","guid":{"rendered":"https:\/\/www.meydan.tv\/article\/muhacirete-aparan-sebeb\/"},"modified":"2017-04-26T00:35:04","modified_gmt":"2017-04-26T00:35:04","slug":"muhacirete-aparan-sebeb","status":"publish","type":"post","link":"https:\/\/www.meydan.tv\/az\/article\/muhacirete-aparan-sebeb\/","title":{"rendered":"M\u00fchacir\u0259t\u0259 aparan s\u0259b\u0259b"},"content":{"rendered":"<figure class=\"wp-block-image size-large\">\n  <img decoding=\"async\" src=\"https:\/\/www.meydan.tv\/az\/83495\/\" alt=\"\" class=\"wp-image-83495\"\/><figcaption><\/figcaption><\/figure>\n<p>\n  \u201cM\u00fchacir\u0259t\u201d x\u0259rit\u0259si Az\u0259rbaycanda rejimin siyasi opponentl\u0259rin\u0259 qar\u015f\u0131 t\u0259zyiqi \u00fc\u00e7\u00fcn n\u00f6vb\u0259ti b\u0259han\u0259 oldu. Ba\u015f Prokurorluq Q\u0259rbd\u0259n siyasi s\u0131\u011f\u0131nacaq ist\u0259y\u0259n \u015f\u0259xsl\u0259r\u0259 m\u00fcxalif partiyaya m\u0259nsubluq v\u0259 ya siyasi motivl\u0259rl\u0259 t\u0259qib haqq\u0131nda saxta s\u0259n\u0259dl\u0259rin verilm\u0259si faktlar\u0131n\u0131n ara\u015fd\u0131r\u0131lmas\u0131 \u00e7\u0259r\u00e7iv\u0259sind\u0259 t\u0259cili qaydada rejimin opponentl\u0259rini dindirm\u0259y\u0259 ba\u015flay\u0131b.\n<\/p>\n<p>\n  Ba\u015fda s\u0259dr \u018fli K\u0259rimli olmaqla, dem\u0259k olar ki, b\u00fct\u00fcn AXCP r\u0259hb\u0259rliyi prokurorlu\u011fa \u00e7a\u011f\u0131r\u0131l\u0131b v\u0259 \u00f6lk\u0259 \u00fc\u00e7\u00fcn h\u0259ssas olan bu m\u0259s\u0259l\u0259 il\u0259 ba\u011fl\u0131 saatlarla dindirilib. \u201c\u018fsl cinay\u0259tkarlar\u0131 axtarmaq yerin\u0259, prokurorluq bizi dindirir, AXCP-y\u0259 qar\u015f\u0131 qara piar kampaniyas\u0131 \u00fc\u00e7\u00fcn \u0259sas verir. Amma bu t\u0259zyiq formalar\u0131 m\u00fcbariz\u0259miz\u0259 mane ola bilm\u0259y\u0259c\u0259k\u201d, dey\u0259 K\u0259rimli bildirib.\n<\/p>\n<p>\n  \u201cM\u00fchacir\u0259t i\u015fi\u201d Milli \u015euran\u0131n aprelin 8-d\u0259 \u201cM\u0259hsul\u201d stadionunda ke\u00e7irdiyi, hakimiyy\u0259tin k\u0259skin t\u0259nqid edildiyi v\u0259 geni\u015f etiraz\u00e7\u0131 auditoriyan\u0131n mara\u011f\u0131na s\u0259b\u0259b olan mintinqind\u0259n d\u0259rhal sonra ortaya \u00e7\u0131x\u0131b.\n<\/p>\n<p>\n  \u018fslind\u0259, saxta s\u0259n\u0259dl\u0259rl\u0259 siyasi s\u0131\u011f\u0131nacaq axtar\u0131\u015f\u0131 var. Siyasi motivl\u0259rl\u0259 Avropa \u00f6lk\u0259l\u0259rind\u0259 m\u0259skunla\u015fm\u0131\u015f Az\u0259rbaycan v\u0259t\u0259nda\u015flar\u0131n\u0131n \u0259ks\u0259riyy\u0259tinin maddi ehtiyac i\u00e7ind\u0259 olmas\u0131 v\u0259 d\u00f6z\u00fclm\u0259z sosial-iqtisadi \u015f\u0259raitl\u0259 \u0259laq\u0259dar, c\u0259nn\u0259tin bir gu\u015f\u0259sind\u0259 deyil, bu d\u00fcnyada h\u0259sr\u0259ti \u00e7\u0259kil\u0259n yerl\u0259rd\u0259 &#8211; Q\u0259rbi Avropa m\u0259kan\u0131n\u0131 buraya aid etm\u0259k olar, &#8211; daha yax\u015f\u0131 h\u0259yat ya\u015famaq \u00fcmidil\u0259 \u00f6lk\u0259ni t\u0259rk etm\u0259si faktd\u0131r.\n<\/p>\n<p>\n  M\u00fchacir\u0259t m\u0259s\u0259l\u0259sini qald\u0131ran Az\u0259rbaycan hakimiyy\u0259ti c\u0259miyy\u0259ti b\u00f6hran\u0131n a\u011fu\u015funa atmaqla daha da k\u0259skinl\u0259\u015fdirdiyi m\u00f6vzunu q\u0131z\u0131\u015fd\u0131r\u0131b.\n<\/p>\n<p>\n  Son m\u0259lumatlara g\u00f6r\u0259, 2015-ci ild\u0259 ba\u015flayan iqtisadi b\u00f6hran d\u00f6vr\u00fcnd\u0259 Az\u0259rbaycandan Avropaya m\u00fchacir\u0259t ed\u0259nl\u0259rin say\u0131 k\u0259skin \u015f\u0259kild\u0259 art\u0131b. \u201c\u018fvv\u0259ll\u0259r Almaniyada bir ayda s\u0131\u011f\u0131nacaq \u00fc\u00e7\u00fcn 30 Az\u0259rbaycan ail\u0259si m\u00fcraci\u0259t edirdis\u0259, bu g\u00fcn bu r\u0259q\u0259m bir g\u00fcn\u0259 d\u00fc\u015f\u00fcr\u201d, dey\u0259 bu yax\u0131nlarda Berlind\u0259n qay\u0131dan Az\u0259rbaycanl\u0131 siyasi ekspert Turan-a bildirib.\n<\/p>\n<p>\n  K\u00f6\u00e7k\u00fcnl\u0259ri iqtisadi (m\u00fcxt\u0259lif iqtisadi inki\u015faf s\u0259viyy\u0259si, \u0259m\u0259k haqq\u0131nda f\u0259rql\u0259r, \u00a0i\u015fsizlik, kapital ixrac\u0131, iqtisadiyyat\u0131n q\u0259sb edilm\u0259si) v\u0259 qeyri-iqtisadi (siyasi, milli, regional, ail\u0259, m\u0259d\u0259niyy\u0259t, ekoloji, psixoloji, h\u00fcquqi, humanitar v\u0259 s.) amill\u0259r q\u00fcrb\u0259t\u0259 getm\u0259y\u0259 m\u0259cbur edir. Az\u0259rbaycanda h\u0259r iki amil qar\u0131\u015f\u0131b \u2013 bir t\u0259r\u0259fd\u0259n \u0259halinin k\u0259skin \u015f\u0259kild\u0259 yoxsulla\u015fmas\u0131, i\u015fin, g\u0259lirl\u0259rin itirilm\u0259si, dig\u0259r t\u0259r\u0259fd\u0259n is\u0259 kim &#8211; d\u00f6vl\u0259t qulluq\u00e7usu, biznesmen, m\u00fc\u0259llim &#8211; olmas\u0131ndan as\u0131l\u0131 olmayaraq, \u015f\u0259xsiyy\u0259t azadl\u0131\u011f\u0131n\u0131n total \u015f\u0259kild\u0259 pozulmas\u0131. \u015e\u00fcbh\u0259siz ki, b\u00fct\u00fcnl\u00fckd\u0259 amill\u0259rin qar\u0131\u015fmas\u0131 problemi siyasil\u0259\u015fdirir v\u0259 Avropa n\u00f6qteyi-n\u0259z\u0259rd\u0259n sosial qa\u00e7q\u0131nlar\u0131n siyasi qa\u00e7q\u0131n kimi t\u0259snif edilm\u0259si \u00fc\u00e7\u00fcn bu, kifay\u0259tdir. \u00a0H\u0259tta neft qiym\u0259tl\u0259rinin 100 dollar\u0131 ke\u00e7diyi \u0259n \u201cfir\u0259van\u201d d\u00f6vrd\u0259 bel\u0259 v\u0259t\u0259nda\u015flar\u0131n \u0259ks\u0259riyy\u0259ti tarixi v\u0259t\u0259ni t\u0259rk etm\u0259k arzusu il\u0259 tutu\u015fub yan\u0131rd\u0131.\n<\/p>\n<p>\n  2012-ci ilin avqustunda hakimiyy\u0259tin n\u0259zar\u0259ti alt\u0131nda olmayan yegan\u0259 Sosioloji Xidm\u0259t \u2013 ADAM Az\u0259rbaycan \u0259halisinin sosial-siyasi v\u0259ziyy\u0259tinin v\u0259 dini azadl\u0131q probleml\u0259rinin m\u00fc\u0259yy\u0259n edilm\u0259si m\u0259qs\u0259dil\u0259 1000 respondent aras\u0131nda \u00fcmummilli ictimai r\u0259y sor\u011fusu ke\u00e7irib.\n<\/p>\n<p>\n  Sor\u011fu neft g\u0259lirl\u0259rinin t\u0259min etdiyi nisbi iqtisadi sabitlik; Eurovision musiqi m\u00fcsabiq\u0259si; v\u0259t\u0259nda\u015f f\u0259allar\u0131na v\u0259 siyasi f\u0259allara qar\u015f\u0131 davam ed\u0259n repressiyalar d\u00f6vr\u00fcnd\u0259, habel\u0259 c\u0259miyy\u0259tin d\u00fcny\u0259vi v\u0259 dini seqmentl\u0259ri aras\u0131nda g\u0259rginliyin artd\u0131\u011f\u0131 bir ild\u0259 ke\u00e7irilib. Sosial suallardan ibar\u0259t sor\u011fu anketin\u0259 dini azadl\u0131q v\u0259 xarici siyas\u0259t istiqam\u0259ti il\u0259 ba\u011fl\u0131 suallar daxil edilib. Sor\u011fu g\u00f6st\u0259rib ki, respondentl\u0259rin c\u0259mi 6,9%-i maddi v\u0259ziyy\u0259tind\u0259n tamamil\u0259 raz\u0131d\u0131r, 52,4%-i qism\u0259n raz\u0131d\u0131r, 30%-i maddi \u00e7\u0259tinlikl\u0259r; 9,5%-i is\u0259 b\u00f6y\u00fck maddi \u00e7\u0259tinlikl\u0259r ya\u015fay\u0131r.\n<\/p>\n<p>\n  Sor\u011funun n\u0259tic\u0259l\u0259ri c\u0259miyy\u0259td\u0259 etiraz \u0259hval-ruhiyy\u0259sinin y\u00fcks\u0259k oldu\u011funu g\u00f6st\u0259rib: Respondentl\u0259rin 60%-i Az\u0259rbaycanda v\u0259t\u0259nda\u015f azadl\u0131qlar\u0131na d\u0259st\u0259k \u00fc\u00e7\u00fcn ke\u00e7iril\u0259n etirazlar\u0131 d\u0259st\u0259kl\u0259yib, 10%-i bu etirazlar\u0131 pisl\u0259yib, 25,4% \u201cbu, bizim i\u015fimiz deyil\u201d cavab\u0131 verib.\n<\/p>\n<p>\n  M\u00fchacir\u0259t m\u0259s\u0259l\u0259sin\u0259 g\u0259linc\u0259, respondentl\u0259rin 62,1%-i h\u0259mi\u015f\u0259lik v\u0259 ya m\u00fcv\u0259qq\u0259ti olaraq \u00f6lk\u0259ni t\u0259rk etm\u0259k ist\u0259yibl\u0259r.\n<\/p>\n<p>\n  Diqq\u0259t yetirin, nisbi sabitlik ill\u0259rind\u0259 c\u0259mi 6,9% maddi n\u00f6qteyi-n\u0259z\u0259rd\u0259n h\u0259yat\u0131n\u0131 \u0259lveri\u015fli hesab edib. Bu zaman r\u0259yi soru\u015fulanlar\u0131n 60%-i siyasi c\u0259h\u0259td\u0259n etiraz\u00e7\u0131 olub.\n<\/p>\n<p>\n  Bu, insanlar\u0131 \u00f6lk\u0259d\u0259n m\u00fchacir\u0259t etm\u0259y\u0259 m\u0259cbur ed\u0259n siyasi v\u0259 iqtisadi etirazlar\u0131n qar\u0131\u015f\u0131\u011f\u0131n\u0131n g\u00f6st\u0259ricisidir.\n<\/p>\n<p>\n  Amma, yuxar\u0131da deyildiyi kimi, fir\u0259van rejimin ba\u015fqa iqtisadi qa\u00e7q\u0131nlar kateqoriyas\u0131 da var \u2013 bu, y\u00fcks\u0259k d\u00f6vl\u0259t elitas\u0131na aid olan \u015f\u0259xsl\u0259rdir. Bu qa\u00e7an kapital qrupu qa\u00e7q\u0131nlar \u00fc\u00e7\u00fcn ke\u00e7id d\u00fc\u015f\u0259rg\u0259l\u0259rind\u0259n ke\u00e7mir, \u00f6z\u00fc d\u0259 g\u0259l\u0259c\u0259yin\u0259 inanmad\u0131\u011f\u0131 \u00f6lk\u0259d\u0259n qa\u00e7araq qeyri-leqal qazan\u0131lm\u0131\u015f v\u0259saitl\u0259rl\u0259 leqal olaraq m\u0259skunla\u015f\u0131r. Dem\u0259k olar ki, \u00f6lk\u0259nin ali r\u0259hb\u0259rliyinin b\u00fct\u00fcn \u00f6vladlar\u0131 Q\u0259rbd\u0259 m\u0259skunla\u015f\u0131b, n\u00fcfuzlu ali m\u0259kt\u0259bl\u0259r v\u0259 saxta firmalar vasit\u0259sil\u0259 leqalla\u015f\u0131blar.\n<\/p>\n<p>\n  Sonuncu elitar s\u0259b\u0259bl\u0259r d\u0259 Az\u0259rbaycandan m\u00fchacir\u0259tin ifad\u0259 azadl\u0131\u011f\u0131n\u0131n olmamas\u0131, h\u00fcquqi m\u00fcdafi\u0259sizlik v\u0259 humanitar qeyri-m\u00fc\u0259yy\u0259nlik kimi siyasi k\u00f6kl\u0259ri oldu\u011fu haqq\u0131nda tezisi g\u00fccl\u0259ndirir. V\u0259 ictimai-siyasi s\u0259hn\u0259nin b\u00fct\u00fcn personajlar\u0131 (m\u00fcxalif\u0259t, hakimiyy\u0259t, sakinl\u0259r) m\u00f6vcud d\u00f6vl\u0259t sisteminin situativ girovlar\u0131d\u0131r.\n<\/p>\n<p>\n  Bizim v\u0259ziyy\u0259td\u0259 hakimiyy\u0259t saxta siyasi m\u00fchacirl\u0259rin if\u015fas\u0131 m\u00f6vzusunu davam etdir\u0259 bil\u0259r, amma onlar\u0131n hakimiyy\u0259tin \u00f6z anormal siyas\u0259tinin v\u0259 \u0259xlaq qaydalar\u0131na zidd t\u0259f\u0259kk\u00fcr\u00fcn\u00fcn m\u0259hsulu oldu\u011fu fakt\u0131na m\u0259h\u0259l qoymaya bilm\u0259z.<\/p>\n","protected":false},"excerpt":{"rendered":"<p>\u201cM\u00fchacir\u0259t\u201d x\u0259rit\u0259si Az\u0259rbaycanda rejimin siyasi opponentl\u0259rin\u0259 qar\u015f\u0131 t\u0259zyiqi \u00fc\u00e7\u00fcn n\u00f6vb\u0259ti &#8230; <\/p>\n<p class=\"read-more-container\"><a title=\"M\u00fchacir\u0259t\u0259 aparan s\u0259b\u0259b\" class=\"read-more button\" href=\"https:\/\/www.meydan.tv\/az\/article\/muhacirete-aparan-sebeb\/#more-183941\" aria-label=\"Read more about M\u00fchacir\u0259t\u0259 aparan s\u0259b\u0259b\">Davam\u0131<\/a><\/p>\n","protected":false},"author":11,"featured_media":83495,"comment_status":"closed","ping_status":"open","sticky":false,"template":"","format":"standard","meta":{"_acf_changed":false,"_sitemap_exclude":false,"_sitemap_priority":"","_sitemap_frequency":"","footnotes":""},"categories":[51],"tags":[],"class_list":["post-183941","post","type-post","status-publish","format-standard","has-post-thumbnail","hentry","category-analitika","infinite-scroll-item","generate-columns","tablet-grid-50","mobile-grid-100","grid-parent","grid-33","no-featured-image-padding"],"acf":[],"yoast_head":"<!-- This site is optimized with the Yoast SEO plugin v27.4 - https:\/\/yoast.com\/product\/yoast-seo-wordpress\/ -->\n<title>M\u00fchacir\u0259t\u0259 aparan s\u0259b\u0259b - MEYDAN.TV<\/title>\n<meta name=\"robots\" content=\"index, follow, max-snippet:-1, max-image-preview:large, max-video-preview:-1\" \/>\n<link rel=\"canonical\" href=\"https:\/\/www.meydan.tv\/az\/article\/muhacirete-aparan-sebeb\/\" \/>\n<meta property=\"og:locale\" content=\"az_AZ\" \/>\n<meta property=\"og:type\" content=\"article\" \/>\n<meta property=\"og:title\" content=\"M\u00fchacir\u0259t\u0259 aparan s\u0259b\u0259b - MEYDAN.TV\" \/>\n<meta property=\"og:description\" content=\"\u201cM\u00fchacir\u0259t\u201d x\u0259rit\u0259si Az\u0259rbaycanda rejimin siyasi opponentl\u0259rin\u0259 qar\u015f\u0131 t\u0259zyiqi \u00fc\u00e7\u00fcn n\u00f6vb\u0259ti ... Davam\u0131\" \/>\n<meta property=\"og:url\" content=\"https:\/\/www.meydan.tv\/az\/article\/muhacirete-aparan-sebeb\/\" \/>\n<meta property=\"og:site_name\" content=\"MEYDAN.TV\" \/>\n<meta property=\"article:published_time\" content=\"2017-04-26T00:35:04+00:00\" \/>\n<meta property=\"og:image\" content=\"https:\/\/www.meydan.tv\/wp-content\/uploads\/32763.jpg\" \/>\n\t<meta property=\"og:image:width\" content=\"800\" \/>\n\t<meta property=\"og:image:height\" content=\"450\" \/>\n\t<meta property=\"og:image:type\" content=\"image\/jpeg\" \/>\n<meta name=\"author\" content=\"user-manager\" \/>\n<meta name=\"twitter:card\" content=\"summary_large_image\" \/>\n<script type=\"application\/ld+json\" class=\"yoast-schema-graph\">{\"@context\":\"https:\\\/\\\/schema.org\",\"@graph\":[{\"@type\":\"Article\",\"@id\":\"https:\\\/\\\/www.meydan.tv\\\/az\\\/article\\\/muhacirete-aparan-sebeb\\\/#article\",\"isPartOf\":{\"@id\":\"https:\\\/\\\/www.meydan.tv\\\/az\\\/article\\\/muhacirete-aparan-sebeb\\\/\"},\"author\":{\"name\":\"user-manager\",\"@id\":\"https:\\\/\\\/www.meydan.tv\\\/az\\\/#\\\/schema\\\/person\\\/10d11eccf6da3662cf5fdab9806ea91a\"},\"headline\":\"M\u00fchacir\u0259t\u0259 aparan s\u0259b\u0259b\",\"datePublished\":\"2017-04-26T00:35:04+00:00\",\"mainEntityOfPage\":{\"@id\":\"https:\\\/\\\/www.meydan.tv\\\/az\\\/article\\\/muhacirete-aparan-sebeb\\\/\"},\"wordCount\":1124,\"publisher\":{\"@id\":\"https:\\\/\\\/www.meydan.tv\\\/az\\\/#organization\"},\"image\":{\"@id\":\"https:\\\/\\\/www.meydan.tv\\\/az\\\/article\\\/muhacirete-aparan-sebeb\\\/#primaryimage\"},\"thumbnailUrl\":\"https:\\\/\\\/www.meydan.tv\\\/wp-content\\\/uploads\\\/32763.jpg\",\"articleSection\":[\"Analitika\"],\"inLanguage\":\"az\"},{\"@type\":\"WebPage\",\"@id\":\"https:\\\/\\\/www.meydan.tv\\\/az\\\/article\\\/muhacirete-aparan-sebeb\\\/\",\"url\":\"https:\\\/\\\/www.meydan.tv\\\/az\\\/article\\\/muhacirete-aparan-sebeb\\\/\",\"name\":\"M\u00fchacir\u0259t\u0259 aparan s\u0259b\u0259b - MEYDAN.TV\",\"isPartOf\":{\"@id\":\"https:\\\/\\\/www.meydan.tv\\\/az\\\/#website\"},\"primaryImageOfPage\":{\"@id\":\"https:\\\/\\\/www.meydan.tv\\\/az\\\/article\\\/muhacirete-aparan-sebeb\\\/#primaryimage\"},\"image\":{\"@id\":\"https:\\\/\\\/www.meydan.tv\\\/az\\\/article\\\/muhacirete-aparan-sebeb\\\/#primaryimage\"},\"thumbnailUrl\":\"https:\\\/\\\/www.meydan.tv\\\/wp-content\\\/uploads\\\/32763.jpg\",\"datePublished\":\"2017-04-26T00:35:04+00:00\",\"breadcrumb\":{\"@id\":\"https:\\\/\\\/www.meydan.tv\\\/az\\\/article\\\/muhacirete-aparan-sebeb\\\/#breadcrumb\"},\"inLanguage\":\"az\",\"potentialAction\":[{\"@type\":\"ReadAction\",\"target\":[\"https:\\\/\\\/www.meydan.tv\\\/az\\\/article\\\/muhacirete-aparan-sebeb\\\/\"]}]},{\"@type\":\"ImageObject\",\"inLanguage\":\"az\",\"@id\":\"https:\\\/\\\/www.meydan.tv\\\/az\\\/article\\\/muhacirete-aparan-sebeb\\\/#primaryimage\",\"url\":\"https:\\\/\\\/www.meydan.tv\\\/wp-content\\\/uploads\\\/32763.jpg\",\"contentUrl\":\"https:\\\/\\\/www.meydan.tv\\\/wp-content\\\/uploads\\\/32763.jpg\",\"width\":800,\"height\":450,\"caption\":\"Source:\"},{\"@type\":\"BreadcrumbList\",\"@id\":\"https:\\\/\\\/www.meydan.tv\\\/az\\\/article\\\/muhacirete-aparan-sebeb\\\/#breadcrumb\",\"itemListElement\":[{\"@type\":\"ListItem\",\"position\":1,\"name\":\"Ana s\u0259hif\u0259\",\"item\":\"https:\\\/\\\/www.meydan.tv\\\/az\\\/\"},{\"@type\":\"ListItem\",\"position\":2,\"name\":\"Analitika\",\"item\":\"https:\\\/\\\/www.meydan.tv\\\/az\\\/section\\\/analitika\\\/\"},{\"@type\":\"ListItem\",\"position\":3,\"name\":\"M\u00fchacir\u0259t\u0259 aparan s\u0259b\u0259b\"}]},{\"@type\":\"WebSite\",\"@id\":\"https:\\\/\\\/www.meydan.tv\\\/az\\\/#website\",\"url\":\"https:\\\/\\\/www.meydan.tv\\\/az\\\/\",\"name\":\"MEYDAN.TV\",\"description\":\"Meydan TV Az\u0259rbaycan\u0131n media m\u0259kan\u0131ndak\u0131 alternativ s\u0259sidir\",\"publisher\":{\"@id\":\"https:\\\/\\\/www.meydan.tv\\\/az\\\/#organization\"},\"potentialAction\":[{\"@type\":\"SearchAction\",\"target\":{\"@type\":\"EntryPoint\",\"urlTemplate\":\"https:\\\/\\\/www.meydan.tv\\\/az\\\/?s={search_term_string}\"},\"query-input\":{\"@type\":\"PropertyValueSpecification\",\"valueRequired\":true,\"valueName\":\"search_term_string\"}}],\"inLanguage\":\"az\"},{\"@type\":\"Organization\",\"@id\":\"https:\\\/\\\/www.meydan.tv\\\/az\\\/#organization\",\"name\":\"Meydan TV\",\"url\":\"https:\\\/\\\/www.meydan.tv\\\/az\\\/\",\"logo\":{\"@type\":\"ImageObject\",\"inLanguage\":\"az\",\"@id\":\"https:\\\/\\\/www.meydan.tv\\\/az\\\/#\\\/schema\\\/logo\\\/image\\\/\",\"url\":\"https:\\\/\\\/www.meydan.tv\\\/wp-content\\\/uploads\\\/2021\\\/07\\\/meydan-logo.svg\",\"contentUrl\":\"https:\\\/\\\/www.meydan.tv\\\/wp-content\\\/uploads\\\/2021\\\/07\\\/meydan-logo.svg\",\"width\":195,\"height\":46,\"caption\":\"Meydan TV\"},\"image\":{\"@id\":\"https:\\\/\\\/www.meydan.tv\\\/az\\\/#\\\/schema\\\/logo\\\/image\\\/\"}},{\"@type\":\"Person\",\"@id\":\"https:\\\/\\\/www.meydan.tv\\\/az\\\/#\\\/schema\\\/person\\\/10d11eccf6da3662cf5fdab9806ea91a\",\"name\":\"user-manager\"}]}<\/script>\n<!-- \/ Yoast SEO plugin. -->","yoast_head_json":{"title":"M\u00fchacir\u0259t\u0259 aparan s\u0259b\u0259b - MEYDAN.TV","robots":{"index":"index","follow":"follow","max-snippet":"max-snippet:-1","max-image-preview":"max-image-preview:large","max-video-preview":"max-video-preview:-1"},"canonical":"https:\/\/www.meydan.tv\/az\/article\/muhacirete-aparan-sebeb\/","og_locale":"az_AZ","og_type":"article","og_title":"M\u00fchacir\u0259t\u0259 aparan s\u0259b\u0259b - MEYDAN.TV","og_description":"\u201cM\u00fchacir\u0259t\u201d x\u0259rit\u0259si Az\u0259rbaycanda rejimin siyasi opponentl\u0259rin\u0259 qar\u015f\u0131 t\u0259zyiqi \u00fc\u00e7\u00fcn n\u00f6vb\u0259ti ... Davam\u0131","og_url":"https:\/\/www.meydan.tv\/az\/article\/muhacirete-aparan-sebeb\/","og_site_name":"MEYDAN.TV","article_published_time":"2017-04-26T00:35:04+00:00","og_image":[{"width":800,"height":450,"url":"https:\/\/www.meydan.tv\/wp-content\/uploads\/32763.jpg","type":"image\/jpeg"}],"author":"user-manager","twitter_card":"summary_large_image","schema":{"@context":"https:\/\/schema.org","@graph":[{"@type":"Article","@id":"https:\/\/www.meydan.tv\/az\/article\/muhacirete-aparan-sebeb\/#article","isPartOf":{"@id":"https:\/\/www.meydan.tv\/az\/article\/muhacirete-aparan-sebeb\/"},"author":{"name":"user-manager","@id":"https:\/\/www.meydan.tv\/az\/#\/schema\/person\/10d11eccf6da3662cf5fdab9806ea91a"},"headline":"M\u00fchacir\u0259t\u0259 aparan s\u0259b\u0259b","datePublished":"2017-04-26T00:35:04+00:00","mainEntityOfPage":{"@id":"https:\/\/www.meydan.tv\/az\/article\/muhacirete-aparan-sebeb\/"},"wordCount":1124,"publisher":{"@id":"https:\/\/www.meydan.tv\/az\/#organization"},"image":{"@id":"https:\/\/www.meydan.tv\/az\/article\/muhacirete-aparan-sebeb\/#primaryimage"},"thumbnailUrl":"https:\/\/www.meydan.tv\/wp-content\/uploads\/32763.jpg","articleSection":["Analitika"],"inLanguage":"az"},{"@type":"WebPage","@id":"https:\/\/www.meydan.tv\/az\/article\/muhacirete-aparan-sebeb\/","url":"https:\/\/www.meydan.tv\/az\/article\/muhacirete-aparan-sebeb\/","name":"M\u00fchacir\u0259t\u0259 aparan s\u0259b\u0259b - MEYDAN.TV","isPartOf":{"@id":"https:\/\/www.meydan.tv\/az\/#website"},"primaryImageOfPage":{"@id":"https:\/\/www.meydan.tv\/az\/article\/muhacirete-aparan-sebeb\/#primaryimage"},"image":{"@id":"https:\/\/www.meydan.tv\/az\/article\/muhacirete-aparan-sebeb\/#primaryimage"},"thumbnailUrl":"https:\/\/www.meydan.tv\/wp-content\/uploads\/32763.jpg","datePublished":"2017-04-26T00:35:04+00:00","breadcrumb":{"@id":"https:\/\/www.meydan.tv\/az\/article\/muhacirete-aparan-sebeb\/#breadcrumb"},"inLanguage":"az","potentialAction":[{"@type":"ReadAction","target":["https:\/\/www.meydan.tv\/az\/article\/muhacirete-aparan-sebeb\/"]}]},{"@type":"ImageObject","inLanguage":"az","@id":"https:\/\/www.meydan.tv\/az\/article\/muhacirete-aparan-sebeb\/#primaryimage","url":"https:\/\/www.meydan.tv\/wp-content\/uploads\/32763.jpg","contentUrl":"https:\/\/www.meydan.tv\/wp-content\/uploads\/32763.jpg","width":800,"height":450,"caption":"Source:"},{"@type":"BreadcrumbList","@id":"https:\/\/www.meydan.tv\/az\/article\/muhacirete-aparan-sebeb\/#breadcrumb","itemListElement":[{"@type":"ListItem","position":1,"name":"Ana s\u0259hif\u0259","item":"https:\/\/www.meydan.tv\/az\/"},{"@type":"ListItem","position":2,"name":"Analitika","item":"https:\/\/www.meydan.tv\/az\/section\/analitika\/"},{"@type":"ListItem","position":3,"name":"M\u00fchacir\u0259t\u0259 aparan s\u0259b\u0259b"}]},{"@type":"WebSite","@id":"https:\/\/www.meydan.tv\/az\/#website","url":"https:\/\/www.meydan.tv\/az\/","name":"MEYDAN.TV","description":"Meydan TV Az\u0259rbaycan\u0131n media m\u0259kan\u0131ndak\u0131 alternativ s\u0259sidir","publisher":{"@id":"https:\/\/www.meydan.tv\/az\/#organization"},"potentialAction":[{"@type":"SearchAction","target":{"@type":"EntryPoint","urlTemplate":"https:\/\/www.meydan.tv\/az\/?s={search_term_string}"},"query-input":{"@type":"PropertyValueSpecification","valueRequired":true,"valueName":"search_term_string"}}],"inLanguage":"az"},{"@type":"Organization","@id":"https:\/\/www.meydan.tv\/az\/#organization","name":"Meydan TV","url":"https:\/\/www.meydan.tv\/az\/","logo":{"@type":"ImageObject","inLanguage":"az","@id":"https:\/\/www.meydan.tv\/az\/#\/schema\/logo\/image\/","url":"https:\/\/www.meydan.tv\/wp-content\/uploads\/2021\/07\/meydan-logo.svg","contentUrl":"https:\/\/www.meydan.tv\/wp-content\/uploads\/2021\/07\/meydan-logo.svg","width":195,"height":46,"caption":"Meydan TV"},"image":{"@id":"https:\/\/www.meydan.tv\/az\/#\/schema\/logo\/image\/"}},{"@type":"Person","@id":"https:\/\/www.meydan.tv\/az\/#\/schema\/person\/10d11eccf6da3662cf5fdab9806ea91a","name":"user-manager"}]}},"_links":{"self":[{"href":"https:\/\/www.meydan.tv\/az\/wp-json\/wp\/v2\/posts\/183941","targetHints":{"allow":["GET"]}}],"collection":[{"href":"https:\/\/www.meydan.tv\/az\/wp-json\/wp\/v2\/posts"}],"about":[{"href":"https:\/\/www.meydan.tv\/az\/wp-json\/wp\/v2\/types\/post"}],"author":[{"embeddable":true,"href":"https:\/\/www.meydan.tv\/az\/wp-json\/wp\/v2\/users\/11"}],"replies":[{"embeddable":true,"href":"https:\/\/www.meydan.tv\/az\/wp-json\/wp\/v2\/comments?post=183941"}],"version-history":[{"count":0,"href":"https:\/\/www.meydan.tv\/az\/wp-json\/wp\/v2\/posts\/183941\/revisions"}],"wp:featuredmedia":[{"embeddable":true,"href":"https:\/\/www.meydan.tv\/az\/wp-json\/wp\/v2\/media\/83495"}],"wp:attachment":[{"href":"https:\/\/www.meydan.tv\/az\/wp-json\/wp\/v2\/media?parent=183941"}],"wp:term":[{"taxonomy":"category","embeddable":true,"href":"https:\/\/www.meydan.tv\/az\/wp-json\/wp\/v2\/categories?post=183941"},{"taxonomy":"post_tag","embeddable":true,"href":"https:\/\/www.meydan.tv\/az\/wp-json\/wp\/v2\/tags?post=183941"}],"curies":[{"name":"wp","href":"https:\/\/api.w.org\/{rel}","templated":true}]}}