{"id":183890,"date":"2017-04-24T14:58:37","date_gmt":"2017-04-24T14:58:37","guid":{"rendered":"https:\/\/www.meydan.tv\/article\/aciz-insanlarin-kecmisi-arzulamasi\/"},"modified":"2017-04-24T14:58:37","modified_gmt":"2017-04-24T14:58:37","slug":"aciz-insanlarin-kecmisi-arzulamasi","status":"publish","type":"post","link":"https:\/\/www.meydan.tv\/az\/article\/aciz-insanlarin-kecmisi-arzulamasi\/","title":{"rendered":"Aciz insanlar\u0131n ke\u00e7mi\u015fi arzulamas\u0131"},"content":{"rendered":"<p>\n  \u00d6lk\u0259mizd\u0259ki \u0259ks\u0259r insanlar\u0131n arzular\u0131 bel\u0259 aciz v\u0259 c\u0259sar\u0259td\u0259n uzaqd\u0131r.\n<\/p>\n<p>\n  Qay\u011f\u0131 v\u0259 probleml\u0259r \u00e7oxdur. \u0130nsanlar\u0131m\u0131z\u0131n h\u0259yat\u0131nda h\u0259zz v\u0259 \u0259yl\u0259nc\u0259 \u0259h\u0259miyy\u0259tli d\u0259r\u0259c\u0259d\u0259 azd\u0131r. H\u0259tta &#8216;yoxdur&#8217; da dem\u0259k olar. Qay\u011f\u0131 v\u0259 probleml\u0259rin m\u0259nb\u0259yi, m\u0259n\u015f\u0259yi, geni\u015fmiqyasl\u0131 olmas\u0131n\u0131n s\u0259b\u0259bl\u0259ri ham\u0131m\u0131za m\u0259lumdur. Adamlar\u0131m\u0131z\u0131n \u00fcz\u00fcnd\u0259n b\u0259dbinlik t\u00f6k\u00fcl\u00fcr.\n<\/p>\n<p>\n  Bax, bu c\u00fcr \u015f\u0259xsl\u0259rin arzular\u0131 v\u0259 ist\u0259kl\u0259ri d\u0259 miskinlik v\u0259 i\u015f\u0131qs\u0131z olur. Siz d\u0259 tez-tez e\u015fid\u0259rsiniz, m\u0259n \u00e7ox e\u015fidir\u0259m, kiminl\u0259s\u0259 s\u00f6hb\u0259t zaman\u0131 arzu v\u0259 x\u0259yallar bar\u0259sind\u0259 dan\u0131\u015f\u0131rsan v\u0259 o adam \u00fcz\u00fcnd\u0259 q\u0259mgin g\u00fcl\u00fcms\u0259m\u0259 yarad\u0131r, g\u00f6zl\u0259rini bir n\u00f6qt\u0259y\u0259 zill\u0259yir v\u0259 \u201cka\u015f yen\u0259 u\u015faq olayd\u0131m\u201d &#8211; deyir. S\u00f6hb\u0259t arzudan, x\u0259yaldan gedir, adam u\u015faql\u0131\u011f\u0131n\u0131 arzulay\u0131r. U\u015faql\u0131q ke\u00e7mi\u015fd\u0259 qalm\u0131\u015f, k\u00f6hn\u0259lmi\u015f \u015feydir.\n<\/p>\n<p>\n  Arzu is\u0259 g\u0259l\u0259c\u0259kl\u0259 ba\u011fl\u0131 hadis\u0259 v\u0259 aktlar\u0131 \u00f6z\u00fcnd\u0259 ehtiva ed\u0259n n\u0259sn\u0259dir. T\u0259bii ki, arzular v\u0259 ist\u0259kl\u0259r m\u00fcxt\u0259lifdir v\u0259 onlar h\u0259tta realla\u015fmas\u0131 m\u00fcmk\u00fcn olmayan arzular da ola bil\u0259r.\n<\/p>\n<p>\n  U\u015faql\u0131q qay\u011f\u0131s\u0131zd\u0131r, g\u00fcnahlardan v\u0259 probleml\u0259rd\u0259n uzaqd\u0131r. M\u0259suliyy\u0259t d\u0259rk etmirs\u0259n, s\u0259ni qoruyurlar, b\u0259sl\u0259yirl\u0259r v\u0259 bu kimi qay\u011f\u0131s\u0131zl\u0131qlar, h\u0259yat\u0131nda dolu olur. Bunlar g\u00f6z\u0259ldir, amma g\u0259nclik v\u0259 yetkinl\u0259\u015fm\u0259k ondan da g\u00f6z\u0259ldir. \u00c7ox maraql\u0131 v\u0259 g\u00f6z\u0259l u\u015faql\u0131\u011f\u0131m olub, xat\u0131rlay\u0131ram. B\u0259s ora geri d\u00f6nm\u0259yi arzulay\u0131ramm\u0131? \u018fsla! M\u0259n\u0259 g\u0259l\u0259c\u0259k maraql\u0131d\u0131r. G\u0259l\u0259c\u0259yin m\u00fc\u0259mmal\u0131 varl\u0131\u011f\u0131 m\u0259ni daha \u00e7ox c\u0259lb edir.\n<\/p>\n<p>\n  U\u015faql\u0131\u011fa d\u00f6n\u00fc\u015f bar\u0259d\u0259 arzu utopiyad\u0131r. Bu arzu \u00f6z\u00fcnd\u0259 bir acizlik v\u0259 t\u0259slimiyy\u0259ti gizl\u0259dir. N\u0259 \u00fc\u00e7\u00fcn? Ona g\u00f6r\u0259 ki, bax, h\u0259min arzunu o \u015f\u0259kild\u0259 dil\u0259 g\u0259tir\u0259nl\u0259r n\u0259 \u00e7al\u0131\u015fqand\u0131lar, n\u0259 d\u0259 c\u0259sar\u0259tli. Bel\u0259 insanlar\u0131n m\u0259qs\u0259dl\u0259ri, prinsipl\u0259ri v\u0259 q\u0259tiyy\u0259tl\u0259ri yoxdur ki, g\u0259l\u0259c\u0259kl\u0259 ba\u011fl\u0131 planlar\u0131 il\u0259 b\u0259rab\u0259r h\u0259m d\u0259 arzular\u0131 olsun.\n<\/p>\n<p>\n  G\u0259l\u0259c\u0259k onlar \u00fc\u00e7\u00fcn qaranl\u0131q g\u00f6r\u00fcn\u00fcr. Halbuki insan\u0131n m\u0259qs\u0259dl\u0259ri olanda i\u00e7ind\u0259 h\u0259m d\u0259 bir ehtiras yaran\u0131r.\n<\/p>\n<p>\n  M\u0259qs\u0259dl\u0259rin\u0259 \u00e7atmaq ehtiras\u0131. O ehtiras adam\u0131n b\u0259d\u0259nini, beynini h\u0259r g\u00fcn alovland\u0131r\u0131r. G\u00f6z \u00f6n\u00fcn\u0259 h\u0259d\u0259fl\u0259ri v\u0259 arzulad\u0131\u011f\u0131 \u015feyl\u0259rin realla\u015fd\u0131\u011f\u0131 il\u0259 ba\u011fl\u0131 t\u0259s\u0259vv\u00fcrl\u0259r g\u0259lir. H\u0259min ehtiras ona g\u00fcc verir. Bu c\u00fcr insanlar\u0131n g\u00f6zl\u0259rind\u0259 bir parlaql\u0131q var. Diqq\u0259tl\u0259 baxanda o parlaql\u0131\u011f\u0131 sezm\u0259k olar. O parlaql\u0131q q\u0259tiyy\u0259td\u0259n x\u0259b\u0259r verir.\n<\/p>\n<p>\n  \u00c7\u0259tinliyi v\u0259 imkanlar\u0131n, resurslar\u0131n azl\u0131\u011f\u0131 ba\u015fa d\u00fc\u015f\u00fcl\u0259ndir, amma reall\u0131\u011f\u0131 q\u0259bul etm\u0259k v\u0259 m\u00fcbariz\u0259 aparma\u011fa ba\u015flamaqdan ba\u015fqa \u00e7ar\u0259 yoxdur. Bizi \u00f6z\u00fcm\u00fczd\u0259n ba\u015fqa he\u00e7 kim xilas ed\u0259 bilm\u0259z. Bir d\u0259 bel\u0259 bir sual havada u\u00e7u\u015fur. Biz, \u00fcmumiyy\u0259tl\u0259, indiki zill\u0259td\u0259n v\u0259 s\u0259fal\u0259td\u0259n xilas olmaq ist\u0259yirikmi?\n<\/p>\n<p>\n  \u0130st\u0259kli olanlar birinci \u00f6zl\u0259ri \u00fc\u00e7\u00fcn m\u0259qs\u0259dl\u0259rini m\u00fc\u0259yy\u0259n etm\u0259lidil\u0259r. Bu ba\u015fl\u0131ca \u015f\u0259rtdir. Se\u00e7im etm\u0259liyik, h\u0259m d\u0259 q\u0259ti se\u00e7im. Ya biz dig\u0259rl\u0259ri kimi pal\u00e7\u0131qda e\u015f\u0259l\u0259nib, h\u0259r g\u00fcn onun qoxusunu \u00e7\u0259kib, \u00fcst-ba\u015f\u0131 kirli boz, b\u0259dbin olmal\u0131, ya da m\u00fcbariz\u0259 apar\u0131b, bu pal\u00e7\u0131q bataql\u0131\u011f\u0131ndan \u00e7\u0131x\u0131b, t\u0259miz v\u0259 r\u0259ngli d\u00fcnyan\u0131n bir par\u00e7as\u0131na \u00e7evrilm\u0259liyik.\n<\/p>\n<p>\n  Bu c\u00fcr m\u0259s\u0259l\u0259l\u0259ri h\u0259ll edib, m\u0259qs\u0259dl\u0259rimizi m\u00fc\u0259yy\u0259n etdikd\u0259n sonra komfort zonas\u0131ndan \u00e7\u0131xmal\u0131y\u0131q. Komfort zonas\u0131 n\u0259dir?\n<\/p>\n<p>\n  Komfort zonas\u0131\u00a0insan \u00fc\u00e7\u00fcn komfort, rahatl\u0131q v\u0259 t\u0259hl\u00fck\u0259sizlik hissi yaradan psixoloji sah\u0259dir. Komfort zonas\u0131nda bizim nisb\u0259t\u0259n \u00f6yr\u0259\u015fdiyimiz hadis\u0259l\u0259r ba\u015f verir ki, bu da \u015f\u00fcurumuzu rahatl\u0131\u011fa qovu\u015fdurur. Y\u0259ni komfort zonas\u0131 dedikd\u0259, a\u011fl\u0131n\u0131za rahat divan, yaxud yum\u015faq kreslo kimi xo\u015fhall\u0131q yaradan komfortlu yer g\u0259lm\u0259sin. Bu zona ruhumuzun el\u0259 bir hal\u0131d\u0131r ki, bizd\u0259 ancaq ad\u0259t etdiyimiz \u015fablon fikir v\u0259 davran\u0131\u015flar \u00fczr\u0259 h\u0259r\u0259k\u0259t etm\u0259k v\u0259rdi\u015fi yarad\u0131r.\n<\/p>\n<p>\n  Komfort zonas\u0131 he\u00e7 d\u0259 ad\u0131 kimi rahat v\u0259 t\u0259hl\u00fck\u0259siz deyil. \u018fslind\u0259 komfort zonas\u0131 insan\u0131 dur\u011funla\u015fd\u0131ran, h\u0259r\u0259k\u0259tsizl\u0259\u015fdir\u0259n, inki\u015fafdan saxlayan ciddi t\u0259hl\u00fck\u0259 sah\u0259sidir.\n<\/p>\n<p>\n  M\u0259s\u0259l\u0259n, kims\u0259 h\u0259r g\u00fcn i\u015f\u0259 gedib-g\u0259lirs\u0259, n\u0259qliyyatda v\u0259 i\u015fd\u0259 n\u0259 q\u0259d\u0259r vaxt v\u0259 enerji itirirs\u0259, bu komfort zonas\u0131ndan \u00e7\u0131xmaq say\u0131lm\u0131r. Onlar el\u0259 m\u0259hz komfort zonas\u0131ndad\u0131lar. D\u00fczd\u00fcr, onlardan indiki v\u0259ziyy\u0259tl\u0259ri, rahatl\u0131qlar\u0131 bar\u0259d\u0259 soru\u015fsan, 95 faizi naraz\u0131 oldu\u011funu qeyd ed\u0259c\u0259kl\u0259r.\n<\/p>\n<p>\n  Komfort zonas\u0131ndan \u00e7\u0131x\u0131\u015f is\u0259 b\u00f6y\u00fck d\u0259yi\u015fiklik t\u0259l\u0259b edir. Buna \u00f6z\u00fcn\u00fcyeti\u015fdirm\u0259k d\u0259 deyilir. N\u00fcmun\u0259 verir\u0259m:\n<\/p>\n<p>\n  \u018fg\u0259r siz yax\u015f\u0131, pe\u015f\u0259kar marketoloq olmaq ist\u0259yirsinizs\u0259, bu sah\u0259ni dig\u0259rl\u0259rind\u0259n daha \u00e7ox m\u0259nims\u0259m\u0259y\u0259 ba\u015flamal\u0131s\u0131n\u0131z. M\u0259s\u0259l\u0259n, marketinqin t\u0259m\u0259l prinsipl\u0259rin\u0259 yiy\u0259l\u0259ndikd\u0259n sonra, h\u0259r g\u00fcn marketinq\u0259 aid \u00e7oxlu yerli v\u0259 xarici m\u0259qal\u0259rd\u0259n ba\u015fqa, h\u0259m d\u0259 bu sah\u0259 \u00fczr\u0259 kitablar oxumal\u0131s\u0131n\u0131z. Dil bilikl\u0259rinizi inki\u015faf etdirm\u0259li v\u0259 imkan d\u00fc\u015fd\u00fckc\u0259, marketinq t\u0259liml\u0259rin\u0259 qo\u015fulmal\u0131s\u0131n\u0131z. Bu m\u0259s\u0259l\u0259ri i\u015fd\u0259n k\u0259nar etm\u0259li v\u0259 i\u015f yolda\u015flar\u0131n\u0131z i\u015fd\u0259n ev\u0259 gedib, dinc\u0259ldikl\u0259ri v\u0259 sabah eyni i\u015f saat\u0131n\u0131 g\u00f6zl\u0259diyi halda, siz z\u0259hm\u0259tl\u0259 \u00f6z\u00fcn\u00fcz\u00fc yeti\u015fdirm\u0259lisiniz. Bu gedi\u015fl\u0259 siz, 1 il\u0259 b\u00f6y\u00fck bilgi y\u0131\u011f\u0131b, dig\u0259rl\u0259rind\u0259n daha t\u0259cr\u00fcb\u0259li \u015f\u0259xs\u0259 \u00e7eviril\u0259c\u0259ksiniz. Bel\u0259 olan halda is\u0259 qar\u015f\u0131n\u0131zda daha geni\u015f imkanlar a\u00e7\u0131lacaq. Buna \u015f\u00fcbh\u0259niz olmas\u0131n.\n<\/p>\n<p>\n  \u0130ndi is\u0259 q\u0259rar sizindir. Hans\u0131n\u0131 se\u00e7irsiniz? Q\u0259rar q\u0259bul edib, komfort zonas\u0131ndan \u00e7\u0131x\u0131b, u\u011furlara do\u011fru ir\u0259lil\u0259m\u0259yi, yoxsa yerind\u0259 add\u0131mlay\u0131b, u\u015faql\u0131\u011f\u0131n\u0131 arzulama\u011f\u0131?\n<\/p>\n<p>\n  <i><br \/>\n    <b><br \/>\n      Yaz\u0131 m\u00fc\u0259llifin fikirl\u0259rini \u0259ks etdirir v\u0259 Meydan TV-nin m\u00f6vqeyi il\u0259 \u00fcst-\u00fcst\u0259 d\u00fc\u015fm\u0259y\u0259 bil\u0259r.<br \/>\n    <\/b><br \/>\n  <\/i><\/p>\n","protected":false},"excerpt":{"rendered":"<p>\u00d6lk\u0259mizd\u0259ki \u0259ks\u0259r insanlar\u0131n arzular\u0131 bel\u0259 aciz v\u0259 c\u0259sar\u0259td\u0259n uzaqd\u0131r.<\/p>\n","protected":false},"author":11,"featured_media":80446,"comment_status":"closed","ping_status":"open","sticky":false,"template":"","format":"standard","meta":{"_acf_changed":false,"_sitemap_exclude":false,"_sitemap_priority":"","_sitemap_frequency":"","footnotes":""},"categories":[57],"tags":[],"class_list":["post-183890","post","type-post","status-publish","format-standard","has-post-thumbnail","hentry","category-menim-fikrimce","infinite-scroll-item","generate-columns","tablet-grid-50","mobile-grid-100","grid-parent","grid-33","no-featured-image-padding"],"acf":[],"yoast_head":"<!-- This site is optimized with the Yoast SEO plugin v27.5 - https:\/\/yoast.com\/product\/yoast-seo-wordpress\/ -->\n<title>Aciz insanlar\u0131n ke\u00e7mi\u015fi arzulamas\u0131 - MEYDAN.TV<\/title>\n<meta name=\"robots\" content=\"index, follow, max-snippet:-1, max-image-preview:large, max-video-preview:-1\" \/>\n<link rel=\"canonical\" href=\"https:\/\/www.meydan.tv\/az\/article\/aciz-insanlarin-kecmisi-arzulamasi\/\" \/>\n<meta property=\"og:locale\" content=\"az_AZ\" \/>\n<meta property=\"og:type\" content=\"article\" \/>\n<meta property=\"og:title\" content=\"Aciz insanlar\u0131n ke\u00e7mi\u015fi arzulamas\u0131 - MEYDAN.TV\" \/>\n<meta property=\"og:description\" content=\"\u00d6lk\u0259mizd\u0259ki \u0259ks\u0259r insanlar\u0131n arzular\u0131 bel\u0259 aciz v\u0259 c\u0259sar\u0259td\u0259n uzaqd\u0131r.\" \/>\n<meta property=\"og:url\" content=\"https:\/\/www.meydan.tv\/az\/article\/aciz-insanlarin-kecmisi-arzulamasi\/\" \/>\n<meta property=\"og:site_name\" content=\"MEYDAN.TV\" \/>\n<meta property=\"article:published_time\" content=\"2017-04-24T14:58:37+00:00\" \/>\n<meta property=\"og:image\" content=\"https:\/\/www.meydan.tv\/wp-content\/uploads\/31395.jpg\" \/>\n\t<meta property=\"og:image:width\" content=\"1366\" \/>\n\t<meta property=\"og:image:height\" content=\"1024\" \/>\n\t<meta property=\"og:image:type\" content=\"image\/jpeg\" \/>\n<meta name=\"author\" content=\"user-manager\" \/>\n<meta name=\"twitter:card\" content=\"summary_large_image\" \/>\n<script type=\"application\/ld+json\" class=\"yoast-schema-graph\">{\"@context\":\"https:\\\/\\\/schema.org\",\"@graph\":[{\"@type\":\"Article\",\"@id\":\"https:\\\/\\\/www.meydan.tv\\\/az\\\/article\\\/aciz-insanlarin-kecmisi-arzulamasi\\\/#article\",\"isPartOf\":{\"@id\":\"https:\\\/\\\/www.meydan.tv\\\/az\\\/article\\\/aciz-insanlarin-kecmisi-arzulamasi\\\/\"},\"author\":{\"name\":\"user-manager\",\"@id\":\"https:\\\/\\\/www.meydan.tv\\\/az\\\/#\\\/schema\\\/person\\\/10d11eccf6da3662cf5fdab9806ea91a\"},\"headline\":\"Aciz insanlar\u0131n ke\u00e7mi\u015fi arzulamas\u0131\",\"datePublished\":\"2017-04-24T14:58:37+00:00\",\"mainEntityOfPage\":{\"@id\":\"https:\\\/\\\/www.meydan.tv\\\/az\\\/article\\\/aciz-insanlarin-kecmisi-arzulamasi\\\/\"},\"wordCount\":1172,\"publisher\":{\"@id\":\"https:\\\/\\\/www.meydan.tv\\\/az\\\/#organization\"},\"image\":{\"@id\":\"https:\\\/\\\/www.meydan.tv\\\/az\\\/article\\\/aciz-insanlarin-kecmisi-arzulamasi\\\/#primaryimage\"},\"thumbnailUrl\":\"https:\\\/\\\/www.meydan.tv\\\/wp-content\\\/uploads\\\/31395.jpg\",\"articleSection\":[\"M\u0259nim Fikrimc\u0259\"],\"inLanguage\":\"az\"},{\"@type\":\"WebPage\",\"@id\":\"https:\\\/\\\/www.meydan.tv\\\/az\\\/article\\\/aciz-insanlarin-kecmisi-arzulamasi\\\/\",\"url\":\"https:\\\/\\\/www.meydan.tv\\\/az\\\/article\\\/aciz-insanlarin-kecmisi-arzulamasi\\\/\",\"name\":\"Aciz insanlar\u0131n ke\u00e7mi\u015fi arzulamas\u0131 - MEYDAN.TV\",\"isPartOf\":{\"@id\":\"https:\\\/\\\/www.meydan.tv\\\/az\\\/#website\"},\"primaryImageOfPage\":{\"@id\":\"https:\\\/\\\/www.meydan.tv\\\/az\\\/article\\\/aciz-insanlarin-kecmisi-arzulamasi\\\/#primaryimage\"},\"image\":{\"@id\":\"https:\\\/\\\/www.meydan.tv\\\/az\\\/article\\\/aciz-insanlarin-kecmisi-arzulamasi\\\/#primaryimage\"},\"thumbnailUrl\":\"https:\\\/\\\/www.meydan.tv\\\/wp-content\\\/uploads\\\/31395.jpg\",\"datePublished\":\"2017-04-24T14:58:37+00:00\",\"breadcrumb\":{\"@id\":\"https:\\\/\\\/www.meydan.tv\\\/az\\\/article\\\/aciz-insanlarin-kecmisi-arzulamasi\\\/#breadcrumb\"},\"inLanguage\":\"az\",\"potentialAction\":[{\"@type\":\"ReadAction\",\"target\":[\"https:\\\/\\\/www.meydan.tv\\\/az\\\/article\\\/aciz-insanlarin-kecmisi-arzulamasi\\\/\"]}]},{\"@type\":\"ImageObject\",\"inLanguage\":\"az\",\"@id\":\"https:\\\/\\\/www.meydan.tv\\\/az\\\/article\\\/aciz-insanlarin-kecmisi-arzulamasi\\\/#primaryimage\",\"url\":\"https:\\\/\\\/www.meydan.tv\\\/wp-content\\\/uploads\\\/31395.jpg\",\"contentUrl\":\"https:\\\/\\\/www.meydan.tv\\\/wp-content\\\/uploads\\\/31395.jpg\",\"width\":1366,\"height\":1024,\"caption\":\"Source:\"},{\"@type\":\"BreadcrumbList\",\"@id\":\"https:\\\/\\\/www.meydan.tv\\\/az\\\/article\\\/aciz-insanlarin-kecmisi-arzulamasi\\\/#breadcrumb\",\"itemListElement\":[{\"@type\":\"ListItem\",\"position\":1,\"name\":\"Ana s\u0259hif\u0259\",\"item\":\"https:\\\/\\\/www.meydan.tv\\\/az\\\/\"},{\"@type\":\"ListItem\",\"position\":2,\"name\":\"M\u0259nim Fikrimc\u0259\",\"item\":\"https:\\\/\\\/www.meydan.tv\\\/az\\\/section\\\/menim-fikrimce\\\/\"},{\"@type\":\"ListItem\",\"position\":3,\"name\":\"Aciz insanlar\u0131n ke\u00e7mi\u015fi arzulamas\u0131\"}]},{\"@type\":\"WebSite\",\"@id\":\"https:\\\/\\\/www.meydan.tv\\\/az\\\/#website\",\"url\":\"https:\\\/\\\/www.meydan.tv\\\/az\\\/\",\"name\":\"MEYDAN.TV\",\"description\":\"Meydan TV Az\u0259rbaycan\u0131n media m\u0259kan\u0131ndak\u0131 alternativ s\u0259sidir\",\"publisher\":{\"@id\":\"https:\\\/\\\/www.meydan.tv\\\/az\\\/#organization\"},\"potentialAction\":[{\"@type\":\"SearchAction\",\"target\":{\"@type\":\"EntryPoint\",\"urlTemplate\":\"https:\\\/\\\/www.meydan.tv\\\/az\\\/?s={search_term_string}\"},\"query-input\":{\"@type\":\"PropertyValueSpecification\",\"valueRequired\":true,\"valueName\":\"search_term_string\"}}],\"inLanguage\":\"az\"},{\"@type\":\"Organization\",\"@id\":\"https:\\\/\\\/www.meydan.tv\\\/az\\\/#organization\",\"name\":\"Meydan TV\",\"url\":\"https:\\\/\\\/www.meydan.tv\\\/az\\\/\",\"logo\":{\"@type\":\"ImageObject\",\"inLanguage\":\"az\",\"@id\":\"https:\\\/\\\/www.meydan.tv\\\/az\\\/#\\\/schema\\\/logo\\\/image\\\/\",\"url\":\"https:\\\/\\\/www.meydan.tv\\\/wp-content\\\/uploads\\\/2021\\\/07\\\/meydan-logo.svg\",\"contentUrl\":\"https:\\\/\\\/www.meydan.tv\\\/wp-content\\\/uploads\\\/2021\\\/07\\\/meydan-logo.svg\",\"width\":195,\"height\":46,\"caption\":\"Meydan TV\"},\"image\":{\"@id\":\"https:\\\/\\\/www.meydan.tv\\\/az\\\/#\\\/schema\\\/logo\\\/image\\\/\"}},{\"@type\":\"Person\",\"@id\":\"https:\\\/\\\/www.meydan.tv\\\/az\\\/#\\\/schema\\\/person\\\/10d11eccf6da3662cf5fdab9806ea91a\",\"name\":\"user-manager\"}]}<\/script>\n<!-- \/ Yoast SEO plugin. -->","yoast_head_json":{"title":"Aciz insanlar\u0131n ke\u00e7mi\u015fi arzulamas\u0131 - MEYDAN.TV","robots":{"index":"index","follow":"follow","max-snippet":"max-snippet:-1","max-image-preview":"max-image-preview:large","max-video-preview":"max-video-preview:-1"},"canonical":"https:\/\/www.meydan.tv\/az\/article\/aciz-insanlarin-kecmisi-arzulamasi\/","og_locale":"az_AZ","og_type":"article","og_title":"Aciz insanlar\u0131n ke\u00e7mi\u015fi arzulamas\u0131 - MEYDAN.TV","og_description":"\u00d6lk\u0259mizd\u0259ki \u0259ks\u0259r insanlar\u0131n arzular\u0131 bel\u0259 aciz v\u0259 c\u0259sar\u0259td\u0259n uzaqd\u0131r.","og_url":"https:\/\/www.meydan.tv\/az\/article\/aciz-insanlarin-kecmisi-arzulamasi\/","og_site_name":"MEYDAN.TV","article_published_time":"2017-04-24T14:58:37+00:00","og_image":[{"width":1366,"height":1024,"url":"https:\/\/www.meydan.tv\/wp-content\/uploads\/31395.jpg","type":"image\/jpeg"}],"author":"user-manager","twitter_card":"summary_large_image","schema":{"@context":"https:\/\/schema.org","@graph":[{"@type":"Article","@id":"https:\/\/www.meydan.tv\/az\/article\/aciz-insanlarin-kecmisi-arzulamasi\/#article","isPartOf":{"@id":"https:\/\/www.meydan.tv\/az\/article\/aciz-insanlarin-kecmisi-arzulamasi\/"},"author":{"name":"user-manager","@id":"https:\/\/www.meydan.tv\/az\/#\/schema\/person\/10d11eccf6da3662cf5fdab9806ea91a"},"headline":"Aciz insanlar\u0131n ke\u00e7mi\u015fi arzulamas\u0131","datePublished":"2017-04-24T14:58:37+00:00","mainEntityOfPage":{"@id":"https:\/\/www.meydan.tv\/az\/article\/aciz-insanlarin-kecmisi-arzulamasi\/"},"wordCount":1172,"publisher":{"@id":"https:\/\/www.meydan.tv\/az\/#organization"},"image":{"@id":"https:\/\/www.meydan.tv\/az\/article\/aciz-insanlarin-kecmisi-arzulamasi\/#primaryimage"},"thumbnailUrl":"https:\/\/www.meydan.tv\/wp-content\/uploads\/31395.jpg","articleSection":["M\u0259nim Fikrimc\u0259"],"inLanguage":"az"},{"@type":"WebPage","@id":"https:\/\/www.meydan.tv\/az\/article\/aciz-insanlarin-kecmisi-arzulamasi\/","url":"https:\/\/www.meydan.tv\/az\/article\/aciz-insanlarin-kecmisi-arzulamasi\/","name":"Aciz insanlar\u0131n ke\u00e7mi\u015fi arzulamas\u0131 - MEYDAN.TV","isPartOf":{"@id":"https:\/\/www.meydan.tv\/az\/#website"},"primaryImageOfPage":{"@id":"https:\/\/www.meydan.tv\/az\/article\/aciz-insanlarin-kecmisi-arzulamasi\/#primaryimage"},"image":{"@id":"https:\/\/www.meydan.tv\/az\/article\/aciz-insanlarin-kecmisi-arzulamasi\/#primaryimage"},"thumbnailUrl":"https:\/\/www.meydan.tv\/wp-content\/uploads\/31395.jpg","datePublished":"2017-04-24T14:58:37+00:00","breadcrumb":{"@id":"https:\/\/www.meydan.tv\/az\/article\/aciz-insanlarin-kecmisi-arzulamasi\/#breadcrumb"},"inLanguage":"az","potentialAction":[{"@type":"ReadAction","target":["https:\/\/www.meydan.tv\/az\/article\/aciz-insanlarin-kecmisi-arzulamasi\/"]}]},{"@type":"ImageObject","inLanguage":"az","@id":"https:\/\/www.meydan.tv\/az\/article\/aciz-insanlarin-kecmisi-arzulamasi\/#primaryimage","url":"https:\/\/www.meydan.tv\/wp-content\/uploads\/31395.jpg","contentUrl":"https:\/\/www.meydan.tv\/wp-content\/uploads\/31395.jpg","width":1366,"height":1024,"caption":"Source:"},{"@type":"BreadcrumbList","@id":"https:\/\/www.meydan.tv\/az\/article\/aciz-insanlarin-kecmisi-arzulamasi\/#breadcrumb","itemListElement":[{"@type":"ListItem","position":1,"name":"Ana s\u0259hif\u0259","item":"https:\/\/www.meydan.tv\/az\/"},{"@type":"ListItem","position":2,"name":"M\u0259nim Fikrimc\u0259","item":"https:\/\/www.meydan.tv\/az\/section\/menim-fikrimce\/"},{"@type":"ListItem","position":3,"name":"Aciz insanlar\u0131n ke\u00e7mi\u015fi arzulamas\u0131"}]},{"@type":"WebSite","@id":"https:\/\/www.meydan.tv\/az\/#website","url":"https:\/\/www.meydan.tv\/az\/","name":"MEYDAN.TV","description":"Meydan TV Az\u0259rbaycan\u0131n media m\u0259kan\u0131ndak\u0131 alternativ s\u0259sidir","publisher":{"@id":"https:\/\/www.meydan.tv\/az\/#organization"},"potentialAction":[{"@type":"SearchAction","target":{"@type":"EntryPoint","urlTemplate":"https:\/\/www.meydan.tv\/az\/?s={search_term_string}"},"query-input":{"@type":"PropertyValueSpecification","valueRequired":true,"valueName":"search_term_string"}}],"inLanguage":"az"},{"@type":"Organization","@id":"https:\/\/www.meydan.tv\/az\/#organization","name":"Meydan TV","url":"https:\/\/www.meydan.tv\/az\/","logo":{"@type":"ImageObject","inLanguage":"az","@id":"https:\/\/www.meydan.tv\/az\/#\/schema\/logo\/image\/","url":"https:\/\/www.meydan.tv\/wp-content\/uploads\/2021\/07\/meydan-logo.svg","contentUrl":"https:\/\/www.meydan.tv\/wp-content\/uploads\/2021\/07\/meydan-logo.svg","width":195,"height":46,"caption":"Meydan TV"},"image":{"@id":"https:\/\/www.meydan.tv\/az\/#\/schema\/logo\/image\/"}},{"@type":"Person","@id":"https:\/\/www.meydan.tv\/az\/#\/schema\/person\/10d11eccf6da3662cf5fdab9806ea91a","name":"user-manager"}]}},"_links":{"self":[{"href":"https:\/\/www.meydan.tv\/az\/wp-json\/wp\/v2\/posts\/183890","targetHints":{"allow":["GET"]}}],"collection":[{"href":"https:\/\/www.meydan.tv\/az\/wp-json\/wp\/v2\/posts"}],"about":[{"href":"https:\/\/www.meydan.tv\/az\/wp-json\/wp\/v2\/types\/post"}],"author":[{"embeddable":true,"href":"https:\/\/www.meydan.tv\/az\/wp-json\/wp\/v2\/users\/11"}],"replies":[{"embeddable":true,"href":"https:\/\/www.meydan.tv\/az\/wp-json\/wp\/v2\/comments?post=183890"}],"version-history":[{"count":0,"href":"https:\/\/www.meydan.tv\/az\/wp-json\/wp\/v2\/posts\/183890\/revisions"}],"wp:featuredmedia":[{"embeddable":true,"href":"https:\/\/www.meydan.tv\/az\/wp-json\/wp\/v2\/media\/80446"}],"wp:attachment":[{"href":"https:\/\/www.meydan.tv\/az\/wp-json\/wp\/v2\/media?parent=183890"}],"wp:term":[{"taxonomy":"category","embeddable":true,"href":"https:\/\/www.meydan.tv\/az\/wp-json\/wp\/v2\/categories?post=183890"},{"taxonomy":"post_tag","embeddable":true,"href":"https:\/\/www.meydan.tv\/az\/wp-json\/wp\/v2\/tags?post=183890"}],"curies":[{"name":"wp","href":"https:\/\/api.w.org\/{rel}","templated":true}]}}