{"id":183874,"date":"2017-04-21T18:59:55","date_gmt":"2017-04-21T18:59:55","guid":{"rendered":"https:\/\/www.meydan.tv\/article\/issizliyin-seviyyesi-gunbegun-boyuyur-neinki-azalir\/"},"modified":"2017-04-21T18:59:55","modified_gmt":"2017-04-21T18:59:55","slug":"issizliyin-seviyyesi-gunbegun-boyuyur-neinki-azalir","status":"publish","type":"post","link":"https:\/\/www.meydan.tv\/az\/article\/issizliyin-seviyyesi-gunbegun-boyuyur-neinki-azalir\/","title":{"rendered":"&#8221;\u0130\u015fsizliyin s\u0259viyy\u0259si g\u00fcnb\u0259g\u00fcn b\u00f6y\u00fcy\u00fcr, n\u0259inki azal\u0131r&#8221;"},"content":{"rendered":"<figure class=\"wp-block-image size-large\">\n  <img decoding=\"async\" src=\"https:\/\/www.meydan.tv\/az\/83303\/\" alt=\"\" class=\"wp-image-83303\"\/><figcaption><\/figcaption><\/figure>\n<p>\n  <i><br \/>\n    Ekspertl\u0259r nazir m\u00fcavinin fikirl\u0259ri il\u0259 raz\u0131la\u015fm\u0131rlar<br \/>\n  <\/i>\n<\/p>\n<p>\n  Beyn\u0259lxalq \u018fm\u0259k T\u0259\u015fkilat\u0131n\u0131n (B\u018fT) 2016-2017-ci ill\u0259r \u00fc\u00e7\u00fcn Qlobal \u018fm\u0259k Haqq\u0131 hesabat\u0131n\u0131n t\u0259qdimat\u0131 olub.\n<\/p>\n<p>\n  APA m\u0259lumat\u0131 \u018fm\u0259k v\u0259 \u018fhalinin Sosial M\u00fcdafi\u0259si Nazirliyinin \u0130ctimaiyy\u0259tl\u0259 \u0259laq\u0259l\u0259r sektoruna istinad\u0259n yay\u0131b.\n<\/p>\n<p>\n  T\u0259qdimatda \u00e7\u0131x\u0131\u015f ed\u0259n \u0259m\u0259k v\u0259 \u0259halinin sosial m\u00fcdafi\u0259si nazirinin m\u00fcavini \u0130dris \u0130sayev son on ild\u0259 Az\u0259rbaycanda minimum \u0259m\u0259khaqq\u0131n\u0131n 3,5, orta ayl\u0131q \u0259m\u0259khaqq\u0131n\u0131n is\u0259 3,3 d\u0259f\u0259 artd\u0131\u011f\u0131n\u0131 deyib:\n<\/p>\n<p>\n  \u201cYoxsulluq s\u0259viyy\u0259si 6, i\u015fsizlik 5 faiz a\u015fa\u011f\u0131 enib. 2016-c\u0131 ild\u0259 \u00f6lk\u0259d\u0259 muzdla \u00e7al\u0131\u015fanlar\u0131n orta ayl\u0131q \u0259m\u0259k haqq\u0131 2015-ci ill\u0259 m\u00fcqayis\u0259d\u0259 6,9 faiz artaraq 498,6 manat olub. Orta ayl\u0131q \u0259m\u0259k haqq\u0131 neft sektorunda 2805, qeyri-neft sektorunda 444 manatd\u0131r. D\u00f6vl\u0259t m\u00fc\u0259ssis\u0259l\u0259rind\u0259 \u00e7al\u0131\u015fan i\u015f\u00e7il\u0259rin \u0259m\u0259k haqlar\u0131 375, \u00f6z\u0259l m\u00fc\u0259ssis\u0259l\u0259rd\u0259 \u00e7al\u0131\u015fanlar\u0131nki is\u0259 674 manat olub\u201d.\n<\/p>\n<p>\n  Nazir m\u00fcavini 2015-ci ill\u0259 m\u00fcqayis\u0259d\u0259 2016-c\u0131 ild\u0259 i\u015f\u00e7il\u0259rin orta ayl\u0131q \u0259m\u0259k haqq\u0131n\u0131n s\u0259nayed\u0259 14,9 faiz artaraq 900 manata \u00e7atd\u0131\u011f\u0131n\u0131 deyib:\n<\/p>\n<p>\n  \u201cBu r\u0259q\u0259m in\u015faat sektorunda 18,6 faiz artaraq 814 manata, k\u0259nd t\u0259s\u0259rr\u00fcfat\u0131 m\u00fc\u0259ssis\u0259 v\u0259 t\u0259\u015fkilatlar\u0131nda 4 faiz artaraq 256,6 manata \u00e7at\u0131b\u201d.\n<\/p>\n<p>\n  \u018fm\u0259k haqq\u0131n\u0131n \u0259halinin g\u0259lirl\u0259rinin formala\u015fmas\u0131nda v\u0259 m\u0259cmu istehlak\u0131n stimulla\u015fd\u0131r\u0131lmas\u0131nda m\u00fch\u00fcm rol oynad\u0131\u011f\u0131n\u0131 qeyd ed\u0259n \u0130.\u0130sayev bildirib ki, 2016-c\u0131 ild\u0259 \u00f6lk\u0259 \u0259halisinin g\u0259lirl\u0259ri 2015-ci ill\u0259 m\u00fcqayis\u0259d\u0259 nominal ifad\u0259d\u0259 8,7 faiz artaraq 45 mlrd. 395 mln. manata \u00e7at\u0131b. G\u0259lirl\u0259rin \u0259halinin h\u0259r n\u0259f\u0259rin\u0259 d\u00fc\u015f\u0259n h\u0259cmi is\u0259 orta hesabla 4710 manat v\u0259 ya ayda 392,5 manat t\u0259\u015fkil ed\u0259r\u0259k 7,5 faiz art\u0131b:\n<\/p>\n<p>\n  \u201cDSK-nin m\u0259lumat\u0131na \u0259sas\u0259n \u00f6lk\u0259mizd\u0259 iqtisadiyyatda m\u0259\u015f\u011ful olanlar\u0131n yaln\u0131z 31,8 faizi muzdla i\u015fl\u0259y\u0259nl\u0259r, y\u0259ni \u0259m\u0259k m\u00fcqavil\u0259si ba\u011flayan \u015f\u0259xsl\u0259rdir&#8221;.\n<\/p>\n<figure class=\"wp-block-image size-large\">\n  <img decoding=\"async\" src=\"https:\/\/www.meydan.tv\/az\/55472\/\" alt=\"\" class=\"wp-image-55472\"\/><figcaption>\n    Qubad \u0130bado\u011flu<br \/>\n  <\/figcaption><\/figure>\n<p>\n  Demokratiya v\u0259 Rifah H\u0259r\u0259kat\u0131n\u0131n r\u0259hb\u0259ri, iqtisad\u00e7\u0131 Qubad \u0130bado\u011flu deyir ki, \u00f6lk\u0259d\u0259 iqtisadi f\u0259al \u0259hali 5 milyon 14 min 500 n\u0259f\u0259rdir. Bunun 2 milyonu xaricd\u0259 \u00e7\u00f6r\u0259k qazanmaq m\u0259cburiyy\u0259tind\u0259dir:\n<\/p>\n<p>\n  \u201cAz\u0259rbaycanda \u00f6z\u00fcn\u00fc i\u015fl\u0259 t\u0259min etm\u0259k \u015fanslar\u0131 y\u00fcks\u0259kdirs\u0259, onlar niy\u0259 Rusiyada, T\u00fcrkiy\u0259d\u0259, Ukraynada, Qazax\u0131standa i\u015f axtarmal\u0131d\u0131r?!\u201d\n<\/p>\n<p>\n  Q.\u0130bado\u011flu i\u015fsizliyin b\u00f6y\u00fck potensial\u0131n\u0131n s\u0259naye sektorunda oldu\u011funu deyir. Onun s\u00f6zl\u0259rin\u0259 g\u00f6r\u0259, son 10 ild\u0259 s\u0259naye sektorunda t\u0259n\u0259zz\u00fcl tempi bu s\u0259viyy\u0259d\u0259 olmam\u0131\u015fd\u0131:\n<\/p>\n<p>\n  \u201cDig\u0259r m\u0259\u015f\u011fulluq potensial\u0131n\u0131n y\u00fcks\u0259k olan sah\u0259l\u0259rind\u0259n biri tikintidir. Bu sektorda t\u0259n\u0259zz\u00fcl daha d\u0259rindir. Tikinti sektorunda i\u015f yerl\u0259rinin t\u0259minat\u0131 ild\u0259n-il\u0259 m\u0259hdudla\u015f\u0131r. \u00c7\u00fcnki tikinti-qura\u015fd\u0131rma i\u015fl\u0259rinin h\u0259cmi \u00e7ox a\u015fa\u011f\u0131 d\u00fc\u015f\u00fcb\u201d.\n<\/p>\n<figure class=\"wp-block-image size-large\">\n  <img decoding=\"async\" src=\"https:\/\/www.meydan.tv\/az\/83309\/\" alt=\"\" class=\"wp-image-83309\"\/><figcaption>\n    \u0130qtisad\u00e7\u0131 Nem\u0259t \u018fliyev<br \/>\n  <\/figcaption><\/figure>\n<p>\n  Az\u0259rbaycanda orta minimum v\u0259 orta ayl\u0131q \u0259m\u0259k haqq\u0131n\u0131n qalxmas\u0131na g\u0259linc\u0259, iqtisad\u00e7\u0131 Nem\u0259t \u018fliyev deyir ki, bu g\u00fcn Az\u0259rbaycan iqtisadiyyat\u0131 t\u0259lat\u00fcml\u0259r ya\u015fay\u0131r v\u0259 bu, insanlar\u0131n h\u0259yat\u0131na t\u0259sirsiz \u00f6t\u00fc\u015fm\u00fcr. Orta ayl\u0131q \u0259m\u0259k haqq\u0131 iki ild\u0259 566 dollardan 310 dollara q\u0259d\u0259r d\u00fc\u015f\u00fcb:\n<\/p>\n<p>\n  \u201cBank sistemi tamamil\u0259 s\u0131radan \u00e7\u0131xb, bunu art\u0131q deputatlar da deyir. \u0130\u015fsizlik s\u0259viyy\u0259si is\u0259 s\u00fcr\u0259tl\u0259 b\u00f6y\u00fcm\u0259kd\u0259dir. N\u0259inki azal\u0131b\u201d.<\/p>\n","protected":false},"excerpt":{"rendered":"<p>Ekspertl\u0259r nazir m\u00fcavinin fikirl\u0259ri il\u0259 raz\u0131la\u015fm\u0131rlar<\/p>\n","protected":false},"author":11,"featured_media":83303,"comment_status":"closed","ping_status":"open","sticky":false,"template":"","format":"standard","meta":{"_acf_changed":false,"_sitemap_exclude":false,"_sitemap_priority":"","_sitemap_frequency":"","footnotes":""},"categories":[56],"tags":[],"class_list":["post-183874","post","type-post","status-publish","format-standard","has-post-thumbnail","hentry","category-xeberler","infinite-scroll-item","generate-columns","tablet-grid-50","mobile-grid-100","grid-parent","grid-33","no-featured-image-padding"],"acf":[],"yoast_head":"<!-- This site is optimized with the Yoast SEO plugin v27.4 - https:\/\/yoast.com\/product\/yoast-seo-wordpress\/ -->\n<title>&#039;&#039;\u0130\u015fsizliyin s\u0259viyy\u0259si g\u00fcnb\u0259g\u00fcn b\u00f6y\u00fcy\u00fcr, n\u0259inki azal\u0131r&#039;&#039; - MEYDAN.TV<\/title>\n<meta name=\"robots\" content=\"index, follow, max-snippet:-1, max-image-preview:large, max-video-preview:-1\" \/>\n<link rel=\"canonical\" href=\"https:\/\/www.meydan.tv\/az\/article\/issizliyin-seviyyesi-gunbegun-boyuyur-neinki-azalir\/\" \/>\n<meta property=\"og:locale\" content=\"az_AZ\" \/>\n<meta property=\"og:type\" content=\"article\" \/>\n<meta property=\"og:title\" content=\"&#039;&#039;\u0130\u015fsizliyin s\u0259viyy\u0259si g\u00fcnb\u0259g\u00fcn b\u00f6y\u00fcy\u00fcr, n\u0259inki azal\u0131r&#039;&#039; - MEYDAN.TV\" \/>\n<meta property=\"og:description\" content=\"Ekspertl\u0259r nazir m\u00fcavinin fikirl\u0259ri il\u0259 raz\u0131la\u015fm\u0131rlar\" \/>\n<meta property=\"og:url\" content=\"https:\/\/www.meydan.tv\/az\/article\/issizliyin-seviyyesi-gunbegun-boyuyur-neinki-azalir\/\" \/>\n<meta property=\"og:site_name\" content=\"MEYDAN.TV\" \/>\n<meta property=\"article:published_time\" content=\"2017-04-21T18:59:55+00:00\" \/>\n<meta property=\"og:image\" content=\"https:\/\/www.meydan.tv\/wp-content\/uploads\/32665.jpg\" \/>\n\t<meta property=\"og:image:width\" content=\"1000\" \/>\n\t<meta property=\"og:image:height\" content=\"562\" \/>\n\t<meta property=\"og:image:type\" content=\"image\/jpeg\" \/>\n<meta name=\"author\" content=\"user-manager\" \/>\n<meta name=\"twitter:card\" content=\"summary_large_image\" \/>\n<script type=\"application\/ld+json\" class=\"yoast-schema-graph\">{\"@context\":\"https:\\\/\\\/schema.org\",\"@graph\":[{\"@type\":\"Article\",\"@id\":\"https:\\\/\\\/www.meydan.tv\\\/az\\\/article\\\/issizliyin-seviyyesi-gunbegun-boyuyur-neinki-azalir\\\/#article\",\"isPartOf\":{\"@id\":\"https:\\\/\\\/www.meydan.tv\\\/az\\\/article\\\/issizliyin-seviyyesi-gunbegun-boyuyur-neinki-azalir\\\/\"},\"author\":{\"name\":\"user-manager\",\"@id\":\"https:\\\/\\\/www.meydan.tv\\\/az\\\/#\\\/schema\\\/person\\\/10d11eccf6da3662cf5fdab9806ea91a\"},\"headline\":\"&#8221;\u0130\u015fsizliyin s\u0259viyy\u0259si g\u00fcnb\u0259g\u00fcn b\u00f6y\u00fcy\u00fcr, n\u0259inki azal\u0131r&#8221;\",\"datePublished\":\"2017-04-21T18:59:55+00:00\",\"mainEntityOfPage\":{\"@id\":\"https:\\\/\\\/www.meydan.tv\\\/az\\\/article\\\/issizliyin-seviyyesi-gunbegun-boyuyur-neinki-azalir\\\/\"},\"wordCount\":617,\"publisher\":{\"@id\":\"https:\\\/\\\/www.meydan.tv\\\/az\\\/#organization\"},\"image\":{\"@id\":\"https:\\\/\\\/www.meydan.tv\\\/az\\\/article\\\/issizliyin-seviyyesi-gunbegun-boyuyur-neinki-azalir\\\/#primaryimage\"},\"thumbnailUrl\":\"https:\\\/\\\/www.meydan.tv\\\/wp-content\\\/uploads\\\/32665.jpg\",\"articleSection\":[\"X\u0259b\u0259rl\u0259r\"],\"inLanguage\":\"az\"},{\"@type\":\"WebPage\",\"@id\":\"https:\\\/\\\/www.meydan.tv\\\/az\\\/article\\\/issizliyin-seviyyesi-gunbegun-boyuyur-neinki-azalir\\\/\",\"url\":\"https:\\\/\\\/www.meydan.tv\\\/az\\\/article\\\/issizliyin-seviyyesi-gunbegun-boyuyur-neinki-azalir\\\/\",\"name\":\"''\u0130\u015fsizliyin s\u0259viyy\u0259si g\u00fcnb\u0259g\u00fcn b\u00f6y\u00fcy\u00fcr, n\u0259inki azal\u0131r'' - MEYDAN.TV\",\"isPartOf\":{\"@id\":\"https:\\\/\\\/www.meydan.tv\\\/az\\\/#website\"},\"primaryImageOfPage\":{\"@id\":\"https:\\\/\\\/www.meydan.tv\\\/az\\\/article\\\/issizliyin-seviyyesi-gunbegun-boyuyur-neinki-azalir\\\/#primaryimage\"},\"image\":{\"@id\":\"https:\\\/\\\/www.meydan.tv\\\/az\\\/article\\\/issizliyin-seviyyesi-gunbegun-boyuyur-neinki-azalir\\\/#primaryimage\"},\"thumbnailUrl\":\"https:\\\/\\\/www.meydan.tv\\\/wp-content\\\/uploads\\\/32665.jpg\",\"datePublished\":\"2017-04-21T18:59:55+00:00\",\"breadcrumb\":{\"@id\":\"https:\\\/\\\/www.meydan.tv\\\/az\\\/article\\\/issizliyin-seviyyesi-gunbegun-boyuyur-neinki-azalir\\\/#breadcrumb\"},\"inLanguage\":\"az\",\"potentialAction\":[{\"@type\":\"ReadAction\",\"target\":[\"https:\\\/\\\/www.meydan.tv\\\/az\\\/article\\\/issizliyin-seviyyesi-gunbegun-boyuyur-neinki-azalir\\\/\"]}]},{\"@type\":\"ImageObject\",\"inLanguage\":\"az\",\"@id\":\"https:\\\/\\\/www.meydan.tv\\\/az\\\/article\\\/issizliyin-seviyyesi-gunbegun-boyuyur-neinki-azalir\\\/#primaryimage\",\"url\":\"https:\\\/\\\/www.meydan.tv\\\/wp-content\\\/uploads\\\/32665.jpg\",\"contentUrl\":\"https:\\\/\\\/www.meydan.tv\\\/wp-content\\\/uploads\\\/32665.jpg\",\"width\":1000,\"height\":562,\"caption\":\"Source:\"},{\"@type\":\"BreadcrumbList\",\"@id\":\"https:\\\/\\\/www.meydan.tv\\\/az\\\/article\\\/issizliyin-seviyyesi-gunbegun-boyuyur-neinki-azalir\\\/#breadcrumb\",\"itemListElement\":[{\"@type\":\"ListItem\",\"position\":1,\"name\":\"Ana s\u0259hif\u0259\",\"item\":\"https:\\\/\\\/www.meydan.tv\\\/az\\\/\"},{\"@type\":\"ListItem\",\"position\":2,\"name\":\"X\u0259b\u0259rl\u0259r\",\"item\":\"https:\\\/\\\/www.meydan.tv\\\/az\\\/section\\\/xeberler\\\/\"},{\"@type\":\"ListItem\",\"position\":3,\"name\":\"&#8221;\u0130\u015fsizliyin s\u0259viyy\u0259si g\u00fcnb\u0259g\u00fcn b\u00f6y\u00fcy\u00fcr, n\u0259inki azal\u0131r&#8221;\"}]},{\"@type\":\"WebSite\",\"@id\":\"https:\\\/\\\/www.meydan.tv\\\/az\\\/#website\",\"url\":\"https:\\\/\\\/www.meydan.tv\\\/az\\\/\",\"name\":\"MEYDAN.TV\",\"description\":\"Meydan TV Az\u0259rbaycan\u0131n media m\u0259kan\u0131ndak\u0131 alternativ s\u0259sidir\",\"publisher\":{\"@id\":\"https:\\\/\\\/www.meydan.tv\\\/az\\\/#organization\"},\"potentialAction\":[{\"@type\":\"SearchAction\",\"target\":{\"@type\":\"EntryPoint\",\"urlTemplate\":\"https:\\\/\\\/www.meydan.tv\\\/az\\\/?s={search_term_string}\"},\"query-input\":{\"@type\":\"PropertyValueSpecification\",\"valueRequired\":true,\"valueName\":\"search_term_string\"}}],\"inLanguage\":\"az\"},{\"@type\":\"Organization\",\"@id\":\"https:\\\/\\\/www.meydan.tv\\\/az\\\/#organization\",\"name\":\"Meydan TV\",\"url\":\"https:\\\/\\\/www.meydan.tv\\\/az\\\/\",\"logo\":{\"@type\":\"ImageObject\",\"inLanguage\":\"az\",\"@id\":\"https:\\\/\\\/www.meydan.tv\\\/az\\\/#\\\/schema\\\/logo\\\/image\\\/\",\"url\":\"https:\\\/\\\/www.meydan.tv\\\/wp-content\\\/uploads\\\/2021\\\/07\\\/meydan-logo.svg\",\"contentUrl\":\"https:\\\/\\\/www.meydan.tv\\\/wp-content\\\/uploads\\\/2021\\\/07\\\/meydan-logo.svg\",\"width\":195,\"height\":46,\"caption\":\"Meydan TV\"},\"image\":{\"@id\":\"https:\\\/\\\/www.meydan.tv\\\/az\\\/#\\\/schema\\\/logo\\\/image\\\/\"}},{\"@type\":\"Person\",\"@id\":\"https:\\\/\\\/www.meydan.tv\\\/az\\\/#\\\/schema\\\/person\\\/10d11eccf6da3662cf5fdab9806ea91a\",\"name\":\"user-manager\"}]}<\/script>\n<!-- \/ Yoast SEO plugin. -->","yoast_head_json":{"title":"''\u0130\u015fsizliyin s\u0259viyy\u0259si g\u00fcnb\u0259g\u00fcn b\u00f6y\u00fcy\u00fcr, n\u0259inki azal\u0131r'' - MEYDAN.TV","robots":{"index":"index","follow":"follow","max-snippet":"max-snippet:-1","max-image-preview":"max-image-preview:large","max-video-preview":"max-video-preview:-1"},"canonical":"https:\/\/www.meydan.tv\/az\/article\/issizliyin-seviyyesi-gunbegun-boyuyur-neinki-azalir\/","og_locale":"az_AZ","og_type":"article","og_title":"''\u0130\u015fsizliyin s\u0259viyy\u0259si g\u00fcnb\u0259g\u00fcn b\u00f6y\u00fcy\u00fcr, n\u0259inki azal\u0131r'' - MEYDAN.TV","og_description":"Ekspertl\u0259r nazir m\u00fcavinin fikirl\u0259ri il\u0259 raz\u0131la\u015fm\u0131rlar","og_url":"https:\/\/www.meydan.tv\/az\/article\/issizliyin-seviyyesi-gunbegun-boyuyur-neinki-azalir\/","og_site_name":"MEYDAN.TV","article_published_time":"2017-04-21T18:59:55+00:00","og_image":[{"width":1000,"height":562,"url":"https:\/\/www.meydan.tv\/wp-content\/uploads\/32665.jpg","type":"image\/jpeg"}],"author":"user-manager","twitter_card":"summary_large_image","schema":{"@context":"https:\/\/schema.org","@graph":[{"@type":"Article","@id":"https:\/\/www.meydan.tv\/az\/article\/issizliyin-seviyyesi-gunbegun-boyuyur-neinki-azalir\/#article","isPartOf":{"@id":"https:\/\/www.meydan.tv\/az\/article\/issizliyin-seviyyesi-gunbegun-boyuyur-neinki-azalir\/"},"author":{"name":"user-manager","@id":"https:\/\/www.meydan.tv\/az\/#\/schema\/person\/10d11eccf6da3662cf5fdab9806ea91a"},"headline":"&#8221;\u0130\u015fsizliyin s\u0259viyy\u0259si g\u00fcnb\u0259g\u00fcn b\u00f6y\u00fcy\u00fcr, n\u0259inki azal\u0131r&#8221;","datePublished":"2017-04-21T18:59:55+00:00","mainEntityOfPage":{"@id":"https:\/\/www.meydan.tv\/az\/article\/issizliyin-seviyyesi-gunbegun-boyuyur-neinki-azalir\/"},"wordCount":617,"publisher":{"@id":"https:\/\/www.meydan.tv\/az\/#organization"},"image":{"@id":"https:\/\/www.meydan.tv\/az\/article\/issizliyin-seviyyesi-gunbegun-boyuyur-neinki-azalir\/#primaryimage"},"thumbnailUrl":"https:\/\/www.meydan.tv\/wp-content\/uploads\/32665.jpg","articleSection":["X\u0259b\u0259rl\u0259r"],"inLanguage":"az"},{"@type":"WebPage","@id":"https:\/\/www.meydan.tv\/az\/article\/issizliyin-seviyyesi-gunbegun-boyuyur-neinki-azalir\/","url":"https:\/\/www.meydan.tv\/az\/article\/issizliyin-seviyyesi-gunbegun-boyuyur-neinki-azalir\/","name":"''\u0130\u015fsizliyin s\u0259viyy\u0259si g\u00fcnb\u0259g\u00fcn b\u00f6y\u00fcy\u00fcr, n\u0259inki azal\u0131r'' - MEYDAN.TV","isPartOf":{"@id":"https:\/\/www.meydan.tv\/az\/#website"},"primaryImageOfPage":{"@id":"https:\/\/www.meydan.tv\/az\/article\/issizliyin-seviyyesi-gunbegun-boyuyur-neinki-azalir\/#primaryimage"},"image":{"@id":"https:\/\/www.meydan.tv\/az\/article\/issizliyin-seviyyesi-gunbegun-boyuyur-neinki-azalir\/#primaryimage"},"thumbnailUrl":"https:\/\/www.meydan.tv\/wp-content\/uploads\/32665.jpg","datePublished":"2017-04-21T18:59:55+00:00","breadcrumb":{"@id":"https:\/\/www.meydan.tv\/az\/article\/issizliyin-seviyyesi-gunbegun-boyuyur-neinki-azalir\/#breadcrumb"},"inLanguage":"az","potentialAction":[{"@type":"ReadAction","target":["https:\/\/www.meydan.tv\/az\/article\/issizliyin-seviyyesi-gunbegun-boyuyur-neinki-azalir\/"]}]},{"@type":"ImageObject","inLanguage":"az","@id":"https:\/\/www.meydan.tv\/az\/article\/issizliyin-seviyyesi-gunbegun-boyuyur-neinki-azalir\/#primaryimage","url":"https:\/\/www.meydan.tv\/wp-content\/uploads\/32665.jpg","contentUrl":"https:\/\/www.meydan.tv\/wp-content\/uploads\/32665.jpg","width":1000,"height":562,"caption":"Source:"},{"@type":"BreadcrumbList","@id":"https:\/\/www.meydan.tv\/az\/article\/issizliyin-seviyyesi-gunbegun-boyuyur-neinki-azalir\/#breadcrumb","itemListElement":[{"@type":"ListItem","position":1,"name":"Ana s\u0259hif\u0259","item":"https:\/\/www.meydan.tv\/az\/"},{"@type":"ListItem","position":2,"name":"X\u0259b\u0259rl\u0259r","item":"https:\/\/www.meydan.tv\/az\/section\/xeberler\/"},{"@type":"ListItem","position":3,"name":"&#8221;\u0130\u015fsizliyin s\u0259viyy\u0259si g\u00fcnb\u0259g\u00fcn b\u00f6y\u00fcy\u00fcr, n\u0259inki azal\u0131r&#8221;"}]},{"@type":"WebSite","@id":"https:\/\/www.meydan.tv\/az\/#website","url":"https:\/\/www.meydan.tv\/az\/","name":"MEYDAN.TV","description":"Meydan TV Az\u0259rbaycan\u0131n media m\u0259kan\u0131ndak\u0131 alternativ s\u0259sidir","publisher":{"@id":"https:\/\/www.meydan.tv\/az\/#organization"},"potentialAction":[{"@type":"SearchAction","target":{"@type":"EntryPoint","urlTemplate":"https:\/\/www.meydan.tv\/az\/?s={search_term_string}"},"query-input":{"@type":"PropertyValueSpecification","valueRequired":true,"valueName":"search_term_string"}}],"inLanguage":"az"},{"@type":"Organization","@id":"https:\/\/www.meydan.tv\/az\/#organization","name":"Meydan TV","url":"https:\/\/www.meydan.tv\/az\/","logo":{"@type":"ImageObject","inLanguage":"az","@id":"https:\/\/www.meydan.tv\/az\/#\/schema\/logo\/image\/","url":"https:\/\/www.meydan.tv\/wp-content\/uploads\/2021\/07\/meydan-logo.svg","contentUrl":"https:\/\/www.meydan.tv\/wp-content\/uploads\/2021\/07\/meydan-logo.svg","width":195,"height":46,"caption":"Meydan TV"},"image":{"@id":"https:\/\/www.meydan.tv\/az\/#\/schema\/logo\/image\/"}},{"@type":"Person","@id":"https:\/\/www.meydan.tv\/az\/#\/schema\/person\/10d11eccf6da3662cf5fdab9806ea91a","name":"user-manager"}]}},"_links":{"self":[{"href":"https:\/\/www.meydan.tv\/az\/wp-json\/wp\/v2\/posts\/183874","targetHints":{"allow":["GET"]}}],"collection":[{"href":"https:\/\/www.meydan.tv\/az\/wp-json\/wp\/v2\/posts"}],"about":[{"href":"https:\/\/www.meydan.tv\/az\/wp-json\/wp\/v2\/types\/post"}],"author":[{"embeddable":true,"href":"https:\/\/www.meydan.tv\/az\/wp-json\/wp\/v2\/users\/11"}],"replies":[{"embeddable":true,"href":"https:\/\/www.meydan.tv\/az\/wp-json\/wp\/v2\/comments?post=183874"}],"version-history":[{"count":0,"href":"https:\/\/www.meydan.tv\/az\/wp-json\/wp\/v2\/posts\/183874\/revisions"}],"wp:featuredmedia":[{"embeddable":true,"href":"https:\/\/www.meydan.tv\/az\/wp-json\/wp\/v2\/media\/83303"}],"wp:attachment":[{"href":"https:\/\/www.meydan.tv\/az\/wp-json\/wp\/v2\/media?parent=183874"}],"wp:term":[{"taxonomy":"category","embeddable":true,"href":"https:\/\/www.meydan.tv\/az\/wp-json\/wp\/v2\/categories?post=183874"},{"taxonomy":"post_tag","embeddable":true,"href":"https:\/\/www.meydan.tv\/az\/wp-json\/wp\/v2\/tags?post=183874"}],"curies":[{"name":"wp","href":"https:\/\/api.w.org\/{rel}","templated":true}]}}