{"id":183871,"date":"2017-04-21T17:38:20","date_gmt":"2017-04-21T17:38:20","guid":{"rendered":"https:\/\/www.meydan.tv\/article\/himnimiz-calinanda\/"},"modified":"2017-04-21T17:38:20","modified_gmt":"2017-04-21T17:38:20","slug":"himnimiz-calinanda","status":"publish","type":"post","link":"https:\/\/www.meydan.tv\/az\/article\/himnimiz-calinanda\/","title":{"rendered":"Himnimiz \u00e7al\u0131nanda&#8230;"},"content":{"rendered":"<figure class=\"wp-block-image size-large\">\n  <img decoding=\"async\" src=\"https:\/\/www.meydan.tv\/az\/zerdust-elizade-12\/\" alt=\"Z\u0259rd\u00fc\u015ft \u018flizad\u0259\" class=\"wp-image-81375\"\/><figcaption>\n    Z\u0259rd\u00fc\u015ft \u018flizad\u0259<br \/>\n  <\/figcaption><\/figure>\n<p>\n  N\u0259v\u0259m deyir: \u201cH\u0259r g\u00fcn s\u0259h\u0259r m\u0259kt\u0259bd\u0259 himnimizi oxuyuruq\u201d.\n<\/p>\n<p>\n  U\u015fa\u011fa he\u00e7 n\u0259 demir\u0259m. Qoy oxusun. Allah el\u0259sin, b\u00f6y\u00fcs\u00fcn v\u0259 el\u0259 g\u00fcn\u00fc g\u00f6rs\u00fcn ki, xalq\u0131m\u0131n t\u0259f\u0259kk\u00fcr\u00fc v\u0259 davran\u0131\u015f\u0131 himnimizin s\u00f6zl\u0259rin\u0259 uy\u011fun g\u0259lsin. H\u0259l\u0259liks\u0259, m\u0259nc\u0259, himnimizin s\u00f6zl\u0259rinin m\u0259nas\u0131na d\u0259rind\u0259n varsaq, \u0259halinin m\u00fctl\u0259q \u0259ks\u0259riyy\u0259tinin t\u0259f\u0259kk\u00fcr v\u0259 davran\u0131\u015f\u0131 himnin s\u00f6zl\u0259ri il\u0259 tam ziddiyy\u0259t t\u0259\u015fkil edir.\n<\/p>\n<p>\n  M\u0259n pis, q\u0259mb\u0259rqulu, f\u00fczul, c\u0131rtqoz v\u0259 d\u0259md\u0259m\u0259ki adamam. Bunu etiraf etm\u0259y\u0259 bel\u0259 ehtiyac yoxdur, ham\u0131 bilir. Ham\u0131 himni oxuyub v\u0259cd\u0259 g\u0259lir v\u0259 iftixarla bir-birin\u0259 bax\u0131r. M\u0259n is\u0259 oxumuram, ayaq \u00fcst\u0259 durub qan\u0131qara fikirl\u0259\u015fir\u0259m ki, \u201cinanan da\u015fa d\u00f6ns\u00fcn\u201d.\n<\/p>\n<p>\n  D\u00f6vl\u0259t t\u0259dbiridir. Zal doludur y\u00fcks\u0259k r\u00fctb\u0259li m\u0259murlarla. R\u0259yas\u0259t hey\u0259tind\u0259 r\u0259hb\u0259r, lap r\u0259hb\u0259r v\u0259zif\u0259 tutanlar ayaq \u00fcst\u0259 durub ehtirasla himni oxuyur.\n<\/p>\n<p>\n  EY Q\u018fHR\u018fMAN \u00d6VLADIN \u015eANLI V\u018fT\u018fN\u0130&#8230;\n<\/p>\n<p>\n  Onlar \u015fanl\u0131 V\u0259t\u0259nin q\u0259hr\u0259man \u00f6vlad\u0131ndan oxuyurlar, m\u0259n is\u0259 d\u00fc\u015f\u00fcn\u00fcr\u0259m ki, bu q\u0259hr\u0259man \u00f6vlad\u0131n \u015fanl\u0131 V\u0259t\u0259ninin alt\u0131da biri 25 ildir i\u015f\u011fal alt\u0131ndad\u0131r, he\u00e7 k\u0259s, o c\u00fcml\u0259d\u0259n Milli M\u0259clisd\u0259 \u0259yl\u0259\u015f\u0259n 125 n\u0259f\u0259r mill\u0259tin qayma\u011f\u0131 i\u015f\u011fal\u0131n b\u00f6yl\u0259 uzanmas\u0131n\u0131n s\u0259b\u0259bl\u0259rini m\u00fczakir\u0259 bel\u0259 etm\u0259y\u0259 c\u00fcr\u0259t etmir. Ali Ba\u015f Komandandan soru\u015fmur ki, \u201cLaz\u0131m a\u011fa n\u0259 vaxt t\u0259\u015frif buyuracaq\u201d? Bu n\u0259 t\u0259h\u0259r q\u0259hr\u0259man \u00f6vladd\u0131r ki, d\u00f6y\u00fc\u015f meydan\u0131nda can verm\u0259yi demir\u0259m, h\u0259tta iclas zal\u0131nda a\u011fz\u0131n\u0131 a\u00e7\u0131b soru\u015fma\u011fa c\u00fcr\u0259ti \u00e7atm\u0131r?\n<\/p>\n<p>\n  Q\u0259hr\u0259man \u00f6vlad\u0131n bir hiss\u0259sinin yad\u0131ndan bu \u015fanl\u0131 V\u0259t\u0259n bilm\u0259rr\u0259 \u00e7\u0131x\u0131b. Onu t\u0259rk edib k\u00f6\u00e7\u00fcbl\u0259r ya\u015fay\u0131\u015f \u00fc\u00e7\u00fcn daha m\u00fcnasib sayd\u0131qlar\u0131 ba\u015fqa diyarlara. Bu sabiq q\u0259hr\u0259man \u00f6vlad\u0131n indiki \u015fanl\u0131 V\u0259t\u0259ni Rusiya, Belarus, Qazax\u0131stan, Almaniya, \u0130sve\u00e7, Fransa, \u00c7exiya, T\u00fcrkiy\u0259, Amerika v\u0259 sair\u0259dir. Halal xo\u015flar\u0131 olsun.\n<\/p>\n<p>\n  D\u00fc\u015f\u00fcnm\u00fcr\u0259m ki, onlar bizim himnimiz \u00e7al\u0131nanda yeni v\u0259t\u0259nl\u0259rind\u0259 oturduqlar\u0131 rahat yerd\u0259n qovzan\u0131b bir-birl\u0259rin\u0259 f\u0259xrl\u0259 bax\u0131rlar. \u018fksin\u0259, sevinirl\u0259r ki, \u201cn\u0259 yax\u015f\u0131, vaxt\u0131nda aradan \u00e7\u0131x\u0131b bu \u015fanl\u0131 V\u0259t\u0259nd\u0259n can\u0131m\u0131z\u0131 qurtard\u0131q\u201d. \u00c7ox g\u00fcman ki, \u015fanl\u0131 V\u0259t\u0259nd\u0259 qalmaq n\u0259sibini ya\u015fayan q\u0259hr\u0259man \u00f6vlad\u0131n qara b\u0259xtin\u0259 ac\u0131y\u0131rlar.\n<\/p>\n<p>\n  S\u018fND\u018fN \u00d6TR\u00dc CAN VERM\u018fY\u018f C\u00dcML\u018f HAZIRIZ&#8230;\n<\/p>\n<p>\n  Kim? Kiml\u0259rdir bu can verm\u0259y\u0259, \u015firin can\u0131ndan ke\u00e7m\u0259y\u0259 haz\u0131r olanlar? Bax\u0131ram t\u0259nt\u0259n\u0259li iclas\u0131n salonunda \u0259yl\u0259\u015f\u0259n q\u0259hr\u0259man \u00f6vlada v\u0259 onlar\u0131n \u015fanl\u0131 V\u0259t\u0259nd\u0259n \u00f6tr\u00fc canlar\u0131ndan ke\u00e7m\u0259y\u0259 haz\u0131r olduqlar\u0131na d\u0259rind\u0259n \u015f\u00fcbh\u0259 edir\u0259m. Bax\u0131n bizim nazirl\u0259r\u0259, nazir m\u00fcavinl\u0259rin\u0259, nazirlikl\u0259rin \u015f\u00f6b\u0259 m\u00fcdirl\u0259rin\u0259, d\u00f6vl\u0259t MMC-l\u0259rinin prezident v\u0259 vitse-prezidentl\u0259rin\u0259, hakiml\u0259r\u0259, prokurorlara, adl\u0131-sanl\u0131 ziyal\u0131lar\u0131m\u0131za, akademikl\u0259rimiz\u0259 v\u0259 professorlar\u0131m\u0131za, bankirl\u0259rimiz\u0259 v\u0259 imkanl\u0131 i\u015f adamlar\u0131na v\u0259 sual\u0131ma s\u0259mimi cavab verin: inan\u0131rs\u0131n\u0131z? Siz inan\u0131rs\u0131n\u0131zm\u0131 ki, h\u0259min bu adamlar \u015fanl\u0131 V\u0259t\u0259nd\u0259n \u00f6tr\u00fc canlar\u0131ndan ke\u00e7m\u0259y\u0259 \u201cc\u00fcml\u0259 haz\u0131rd\u0131rlar\u201d? Onlar bu \u015fanl\u0131 V\u0259t\u0259n namin\u0259 r\u00fc\u015fv\u0259t almaqdan bel\u0259 imtina ed\u0259 bilmirl\u0259r, qals\u0131n ki, \u201ccan verm\u0259y\u0259&#8230;\u201d\n<\/p>\n<p>\n  Lakin he\u00e7 bir insan m\u0259qs\u0259dsiz ya\u015fam\u0131r. T\u0259bii ki, onlar\u0131n da h\u0259yat\u0131n\u0131n m\u0259qs\u0259di var. Onlar da n\u0259y\u0259 is\u0259 haz\u0131rd\u0131rlar. N\u0259y\u0259? B\u0259s n\u0259y\u0259 \u201cc\u00fcml\u0259 haz\u0131r\u0131z\u201d? V\u0259zif\u0259 tutma\u011fa, nazirliy\u0259 ayr\u0131lm\u0131\u015f b\u00fcdc\u0259ni h\u0259zme-rabed\u0259n ke\u00e7irm\u0259y\u0259, ail\u0259sinin, n\u0259slinin madd\u0131 v\u0259ziyy\u0259tini yax\u015f\u0131la\u015fd\u0131rma\u011fa, tabeliyind\u0259 olan insanlar\u0131 hakim qurulu\u015fu d\u0259st\u0259kl\u0259m\u0259k \u00fc\u00e7\u00fcn s\u0259f\u0259rb\u0259r etm\u0259y\u0259, dig\u0259r nazirl\u0259rin aya\u011f\u0131n\u0131n alt\u0131n\u0131 qazma\u011fa, r\u0259hb\u0259rliyi t\u0259rifl\u0259m\u0259y\u0259, a\u011fa qara dem\u0259y\u0259, qaran\u0131 a\u011f adland\u0131rma\u011fa c\u00fcml\u0259 haz\u0131rd\u0131rlar. Buna \u015f\u00fcbh\u0259 yoxdur. Lakin sadalad\u0131\u011f\u0131m siyah\u0131da \u015fanl\u0131 V\u0259t\u0259nd\u0259n \u00f6tr\u00fc can verm\u0259k b\u0259ndi yoxdur.\n<\/p>\n<p>\n  Onlar\u0131 v\u0259zif\u0259y\u0259 t\u0259yin ed\u0259nd\u0259 onlara he\u00e7 bel\u0259 tap\u015f\u0131r\u0131q da verilmir. Verils\u0259ydi, ciddi verils\u0259ydi, \u00e7ox g\u00fcman ki, \u0259ks\u0259riyy\u0259ti y\u00fcks\u0259k v\u0259zif\u0259ni tutma\u011fa he\u00e7 raz\u0131 olmazd\u0131. N\u0259yl\u0259rin\u0259 laz\u0131md\u0131r? T\u0259s\u0259vv\u00fcr edirsinizmi ki, nazirin v\u0259zif\u0259 t\u0259limatlar\u0131nda birinci b\u0259nd kimi yaz\u0131ls\u0131n:\n<\/p>\n<p>\n  1.Nazirin birinci v\u0259zif\u0259 m\u0259suliyy\u0259ti \u015fanl\u0131 V\u0259t\u0259n namin\u0259 can verm\u0259kdir.\n<\/p>\n<p>\n  Bu b\u0259ndi oxuyandan sonra h\u0259r bir y\u00fcks\u0259k v\u0259zif\u0259y\u0259 namiz\u0259d dig\u0259r b\u0259ndl\u0259ri d\u0259xi oxumay\u0131b qoltuq cibind\u0259 h\u0259r ehtimala qar\u015f\u0131 daim g\u0259zdirdiyi h\u0259kim aray\u0131\u015f\u0131n\u0131 \u00e7\u0131xar\u0131b dey\u0259c\u0259k ki, b\u0259s m\u0259n \u00f6l\u00fcml\u0259 \u0259ll\u0259\u015f\u0259n a\u011f\u0131r x\u0259st\u0259y\u0259m, bax\u0131n, t\u0259zyiqim daima 220 \u2013 127-dir, x\u0259r\u00e7\u0259ngin sonuncu m\u0259rh\u0259l\u0259sind\u0259y\u0259m, be\u015f d\u0259f\u0259 infarkt ke\u00e7irmi\u015f\u0259m, v\u0259r\u0259m ciy\u0259rl\u0259rimin ikisini d\u0259 yeyib qurtar\u0131r, h\u0259l\u0259 c\u00fczam\u0131 demir\u0259m&#8230;\n<\/p>\n<p>\n  M\u0259lum otaqdan \u00e7\u0131xandan sonra is\u0259 xata-baladan salamat qurtuldu\u011fu \u00fc\u00e7\u00fcn sevincind\u0259n madyan kimi ki\u015fn\u0259yib m\u00fcalic\u0259 \u00fc\u00e7\u00fcn iki illiy\u0259 xaric\u0259 ged\u0259c\u0259k.\n<\/p>\n<p>\n  Xub, himnin s\u00f6zl\u0259rin\u0259 yuxar\u0131lar\u0131n inanmamas\u0131 m\u0259lum m\u0259s\u0259l\u0259dir. Himni \u00e7ald\u0131rmaq, oxumaq, oxutdurmaq sad\u0259c\u0259 ayindir. Ayin is\u0259 s\u0131rf funksional s\u0259ciyy\u0259 da\u015f\u0131y\u0131r, y\u0259ni bu musiqi n\u00f6mr\u0259sini ifa etm\u0259k v\u0259 dinl\u0259m\u0259k ayini toplan\u0131b birl\u0259\u015fmi\u015f adamlar\u0131n hans\u0131sa \u00fcmumi i\u015fi g\u00f6rm\u0259k niyy\u0259tini s\u00fcbut edir. Y\u0259ni bu adamlar \u015f\u0259rti olaraq \u201c\u015fanl\u0131 V\u0259t\u0259nd\u0259n \u00f6tr\u00fc can verm\u0259y\u0259 c\u00fcml\u0259 haz\u0131r\u0131z\u201d oxuyanda-dinl\u0259y\u0259nd\u0259, \u0259slind\u0259 bu g\u00f6z\u0259l V\u0259t\u0259nin b\u0259hr\u0259sind\u0259n imkan daxilind\u0259 nu\u015f etm\u0259y\u0259 m\u00fct\u0259\u015f\u0259kkil halda haz\u0131r olduqlar\u0131n\u0131 bildirirl\u0259r.\n<\/p>\n<p>\n  G\u0259lin d\u00fc\u015f\u00fcn\u0259k g\u00f6r\u0259k a\u015fa\u011f\u0131lar bu zavall\u0131 v\u0259 b\u0259xtiqara \u015fanl\u0131 V\u0259t\u0259nd\u0259n \u00f6tr\u00fc canlar\u0131ndan ke\u00e7m\u0259y\u0259 nec\u0259 haz\u0131rd\u0131rlar.\n<\/p>\n<p>\n  V\u0259t\u0259ni \u015f\u00fcurla v\u0259 irad\u0259 il\u0259 se\u00e7mirl\u0259r. V\u0259t\u0259nd\u0259 do\u011fulurlar. Do\u011fulan k\u00f6rp\u0259nin n\u0259 \u015f\u00fcuru, n\u0259 d\u0259 irad\u0259si olur. \u00c7a\u011fa do\u011fulur, b\u00f6y\u00fcy\u00fcr, m\u0259kt\u0259b\u0259 gedir v\u0259 ona orada h\u0259r s\u0259h\u0259r himn oxutdurub \u015fanl\u0131 V\u0259t\u0259ni sevm\u0259k d\u0259rsi ke\u00e7irl\u0259r. Qism\u0259t onu yuxar\u0131lara aid edibs\u0259, bu \u015fanl\u0131 V\u0259t\u0259ni n\u0259 \u00fc\u00e7\u00fcn sevdiyini h\u0259yat\u0131n\u0131n b\u00fct\u00fcn t\u0259zah\u00fcrl\u0259rind\u0259 h\u0259r g\u00fcn g\u00f6r\u00fcr v\u0259 anlay\u0131r. Yox, \u0259g\u0259r qism\u0259ti onu a\u015fa\u011f\u0131lara aid edibs\u0259, onda \u015fanl\u0131 V\u0259t\u0259ni sevm\u0259yi himni oxumaq v\u0259 dinl\u0259m\u0259k ayinind\u0259n \u00f6yr\u0259n\u0259c\u0259k. \u015e\u00fcurlu v\u0259t\u0259nda\u015fl\u0131q m\u0259fhumu bu \u015fanl\u0131 V\u0259t\u0259nin m\u00fcq\u0259dd\u0259rat\u0131 il\u0259 maraqlanma\u011f\u0131 t\u0259l\u0259b edir, lakin tipik az\u0259ri m\u0259xluqu V\u0259t\u0259nin m\u00fcq\u0259dd\u0259rat\u0131 il\u0259 maraqlanma\u011f\u0131n n\u0259 q\u0259d\u0259r t\u0259hl\u00fck\u0259li i\u015f oldu\u011funu bildiyind\u0259n himni oxuyanda can verm\u0259y\u0259 haz\u0131r oldu\u011funu h\u0259r g\u00fcn bildirs\u0259 d\u0259, \u0259slind\u0259 a\u011fz\u0131n\u0131 a\u00e7\u0131b hakimiyy\u0259td\u0259n \u00f6z haqq\u0131n\u0131 v\u0259 V\u0259t\u0259nin taleyini soru\u015fma\u011fa qorxur. Zira soru\u015fmu\u015flar\u0131n ac\u0131 taleyini g\u00f6r\u00fcr. Odur ki, a\u015fa\u011f\u0131lar da himnimizi oxuyanda \u0259sla s\u0259mimi olmurlar.\n<\/p>\n<p>\n  Lakin o q\u0259d\u0259r d\u0259 b\u0259dbin olmay\u0131n. Bir yer var ki, orada h\u0259r bir az\u0259ri v\u0259t\u0259np\u0259rv\u0259ri ist\u0259di-ist\u0259m\u0259di, \u015fanl\u0131 V\u0259t\u0259nd\u0259n \u00f6tr\u00fc can verm\u0259y\u0259 haz\u0131rd\u0131r. Bu yerin ad\u0131 ordu, c\u0259bh\u0259 x\u0259tti, s\u0259ng\u0259r v\u0259 d\u00f6y\u00fc\u015f meydan\u0131d\u0131r. Orada s\u0259f\u0259rb\u0259rlik n\u0259tic\u0259sind\u0259 topla\u015fm\u0131\u015f q\u0259hr\u0259man \u00f6vlad \u015fimaldak\u0131 bir m\u0259lum ya\u011f\u0131 d\u00fc\u015fm\u0259nin x\u0259bis n\u0259q\u015f\u0259l\u0259rini h\u0259yata ke\u00e7irm\u0259k m\u0259qs\u0259dil\u0259 ba\u015flayan h\u0259rbi \u0259m\u0259liyyatlarda q\u0259rbd\u0259ki ba\u015fqa m\u0259lum ya\u011f\u0131 d\u00fc\u015fm\u0259nin atd\u0131\u011f\u0131 g\u00fcll\u0259y\u0259 sin\u0259sini sip\u0259r edib \u015fanl\u0131 V\u0259t\u0259nd\u0259n \u00f6tr\u00fc can verm\u0259y\u0259 haz\u0131r oldu\u011funu s\u00fcbut edir.\n<\/p>\n<p>\n  A\u011fz\u0131 n\u0259dir etm\u0259sin? Hakimiyy\u0259t deyil\u0259n d\u0259st\u0259 var, onun c\u0259bri v\u0259 zoru var. H\u0259min bu c\u0259br v\u0259 zorun say\u0259sind\u0259 xalq\u0131m\u0131z\u0131n i\u00e7ind\u0259 himnimizin s\u00f6zl\u0259rini azca da olsa s\u0259mimiyy\u0259tl\u0259 oxuyan ki\u00e7ik bir hiss\u0259 yaran\u0131r v\u0259 ya\u015fay\u0131r.\n<\/p>\n<p>\n  <i><br \/>\n    <b><br \/>\n      Yaz\u0131 m\u00fc\u0259llifin fikirl\u0259rini \u0259ks etdirir v\u0259 Meydan TV-nin m\u00f6vqeyi il\u0259 \u00fcst-\u00fcst\u0259 d\u00fc\u015fm\u0259y\u0259 bil\u0259r.<br \/>\n    <\/b><br \/>\n  <\/i><\/p>\n","protected":false},"excerpt":{"rendered":"<p>N\u0259v\u0259m deyir: \u201cH\u0259r g\u00fcn s\u0259h\u0259r m\u0259kt\u0259bd\u0259 himnimizi oxuyuruq\u201d.<\/p>\n","protected":false},"author":11,"featured_media":81375,"comment_status":"closed","ping_status":"open","sticky":false,"template":"","format":"standard","meta":{"_acf_changed":false,"_sitemap_exclude":false,"_sitemap_priority":"","_sitemap_frequency":"","footnotes":""},"categories":[57],"tags":[],"class_list":["post-183871","post","type-post","status-publish","format-standard","has-post-thumbnail","hentry","category-menim-fikrimce","infinite-scroll-item","generate-columns","tablet-grid-50","mobile-grid-100","grid-parent","grid-33","no-featured-image-padding"],"acf":[],"yoast_head":"<!-- This site is optimized with the Yoast SEO plugin v27.5 - https:\/\/yoast.com\/product\/yoast-seo-wordpress\/ -->\n<title>Himnimiz \u00e7al\u0131nanda... - MEYDAN.TV<\/title>\n<meta name=\"robots\" content=\"index, follow, max-snippet:-1, max-image-preview:large, max-video-preview:-1\" \/>\n<link rel=\"canonical\" href=\"https:\/\/www.meydan.tv\/az\/article\/himnimiz-calinanda\/\" \/>\n<meta property=\"og:locale\" content=\"az_AZ\" \/>\n<meta property=\"og:type\" content=\"article\" \/>\n<meta property=\"og:title\" content=\"Himnimiz \u00e7al\u0131nanda... - MEYDAN.TV\" \/>\n<meta property=\"og:description\" content=\"N\u0259v\u0259m deyir: \u201cH\u0259r g\u00fcn s\u0259h\u0259r m\u0259kt\u0259bd\u0259 himnimizi oxuyuruq\u201d.\" \/>\n<meta property=\"og:url\" content=\"https:\/\/www.meydan.tv\/az\/article\/himnimiz-calinanda\/\" \/>\n<meta property=\"og:site_name\" content=\"MEYDAN.TV\" \/>\n<meta property=\"article:published_time\" content=\"2017-04-21T17:38:20+00:00\" \/>\n<meta property=\"og:image\" content=\"https:\/\/www.meydan.tv\/wp-content\/uploads\/31837-1095x821.png\" \/>\n\t<meta property=\"og:image:width\" content=\"1095\" \/>\n\t<meta property=\"og:image:height\" content=\"821\" \/>\n\t<meta property=\"og:image:type\" content=\"image\/png\" \/>\n<meta name=\"author\" content=\"user-manager\" \/>\n<meta name=\"twitter:card\" content=\"summary_large_image\" \/>\n<script type=\"application\/ld+json\" class=\"yoast-schema-graph\">{\"@context\":\"https:\\\/\\\/schema.org\",\"@graph\":[{\"@type\":\"Article\",\"@id\":\"https:\\\/\\\/www.meydan.tv\\\/az\\\/article\\\/himnimiz-calinanda\\\/#article\",\"isPartOf\":{\"@id\":\"https:\\\/\\\/www.meydan.tv\\\/az\\\/article\\\/himnimiz-calinanda\\\/\"},\"author\":{\"name\":\"user-manager\",\"@id\":\"https:\\\/\\\/www.meydan.tv\\\/az\\\/#\\\/schema\\\/person\\\/10d11eccf6da3662cf5fdab9806ea91a\"},\"headline\":\"Himnimiz \u00e7al\u0131nanda&#8230;\",\"datePublished\":\"2017-04-21T17:38:20+00:00\",\"mainEntityOfPage\":{\"@id\":\"https:\\\/\\\/www.meydan.tv\\\/az\\\/article\\\/himnimiz-calinanda\\\/\"},\"wordCount\":1588,\"publisher\":{\"@id\":\"https:\\\/\\\/www.meydan.tv\\\/az\\\/#organization\"},\"image\":{\"@id\":\"https:\\\/\\\/www.meydan.tv\\\/az\\\/article\\\/himnimiz-calinanda\\\/#primaryimage\"},\"thumbnailUrl\":\"https:\\\/\\\/www.meydan.tv\\\/wp-content\\\/uploads\\\/31837.png\",\"articleSection\":[\"M\u0259nim Fikrimc\u0259\"],\"inLanguage\":\"az\"},{\"@type\":\"WebPage\",\"@id\":\"https:\\\/\\\/www.meydan.tv\\\/az\\\/article\\\/himnimiz-calinanda\\\/\",\"url\":\"https:\\\/\\\/www.meydan.tv\\\/az\\\/article\\\/himnimiz-calinanda\\\/\",\"name\":\"Himnimiz \u00e7al\u0131nanda... - MEYDAN.TV\",\"isPartOf\":{\"@id\":\"https:\\\/\\\/www.meydan.tv\\\/az\\\/#website\"},\"primaryImageOfPage\":{\"@id\":\"https:\\\/\\\/www.meydan.tv\\\/az\\\/article\\\/himnimiz-calinanda\\\/#primaryimage\"},\"image\":{\"@id\":\"https:\\\/\\\/www.meydan.tv\\\/az\\\/article\\\/himnimiz-calinanda\\\/#primaryimage\"},\"thumbnailUrl\":\"https:\\\/\\\/www.meydan.tv\\\/wp-content\\\/uploads\\\/31837.png\",\"datePublished\":\"2017-04-21T17:38:20+00:00\",\"breadcrumb\":{\"@id\":\"https:\\\/\\\/www.meydan.tv\\\/az\\\/article\\\/himnimiz-calinanda\\\/#breadcrumb\"},\"inLanguage\":\"az\",\"potentialAction\":[{\"@type\":\"ReadAction\",\"target\":[\"https:\\\/\\\/www.meydan.tv\\\/az\\\/article\\\/himnimiz-calinanda\\\/\"]}]},{\"@type\":\"ImageObject\",\"inLanguage\":\"az\",\"@id\":\"https:\\\/\\\/www.meydan.tv\\\/az\\\/article\\\/himnimiz-calinanda\\\/#primaryimage\",\"url\":\"https:\\\/\\\/www.meydan.tv\\\/wp-content\\\/uploads\\\/31837.png\",\"contentUrl\":\"https:\\\/\\\/www.meydan.tv\\\/wp-content\\\/uploads\\\/31837.png\",\"width\":2732,\"height\":2048,\"caption\":\"Source:\"},{\"@type\":\"BreadcrumbList\",\"@id\":\"https:\\\/\\\/www.meydan.tv\\\/az\\\/article\\\/himnimiz-calinanda\\\/#breadcrumb\",\"itemListElement\":[{\"@type\":\"ListItem\",\"position\":1,\"name\":\"Ana s\u0259hif\u0259\",\"item\":\"https:\\\/\\\/www.meydan.tv\\\/az\\\/\"},{\"@type\":\"ListItem\",\"position\":2,\"name\":\"M\u0259nim Fikrimc\u0259\",\"item\":\"https:\\\/\\\/www.meydan.tv\\\/az\\\/section\\\/menim-fikrimce\\\/\"},{\"@type\":\"ListItem\",\"position\":3,\"name\":\"Himnimiz \u00e7al\u0131nanda&#8230;\"}]},{\"@type\":\"WebSite\",\"@id\":\"https:\\\/\\\/www.meydan.tv\\\/az\\\/#website\",\"url\":\"https:\\\/\\\/www.meydan.tv\\\/az\\\/\",\"name\":\"MEYDAN.TV\",\"description\":\"Meydan TV Az\u0259rbaycan\u0131n media m\u0259kan\u0131ndak\u0131 alternativ s\u0259sidir\",\"publisher\":{\"@id\":\"https:\\\/\\\/www.meydan.tv\\\/az\\\/#organization\"},\"potentialAction\":[{\"@type\":\"SearchAction\",\"target\":{\"@type\":\"EntryPoint\",\"urlTemplate\":\"https:\\\/\\\/www.meydan.tv\\\/az\\\/?s={search_term_string}\"},\"query-input\":{\"@type\":\"PropertyValueSpecification\",\"valueRequired\":true,\"valueName\":\"search_term_string\"}}],\"inLanguage\":\"az\"},{\"@type\":\"Organization\",\"@id\":\"https:\\\/\\\/www.meydan.tv\\\/az\\\/#organization\",\"name\":\"Meydan TV\",\"url\":\"https:\\\/\\\/www.meydan.tv\\\/az\\\/\",\"logo\":{\"@type\":\"ImageObject\",\"inLanguage\":\"az\",\"@id\":\"https:\\\/\\\/www.meydan.tv\\\/az\\\/#\\\/schema\\\/logo\\\/image\\\/\",\"url\":\"https:\\\/\\\/www.meydan.tv\\\/wp-content\\\/uploads\\\/2021\\\/07\\\/meydan-logo.svg\",\"contentUrl\":\"https:\\\/\\\/www.meydan.tv\\\/wp-content\\\/uploads\\\/2021\\\/07\\\/meydan-logo.svg\",\"width\":195,\"height\":46,\"caption\":\"Meydan TV\"},\"image\":{\"@id\":\"https:\\\/\\\/www.meydan.tv\\\/az\\\/#\\\/schema\\\/logo\\\/image\\\/\"}},{\"@type\":\"Person\",\"@id\":\"https:\\\/\\\/www.meydan.tv\\\/az\\\/#\\\/schema\\\/person\\\/10d11eccf6da3662cf5fdab9806ea91a\",\"name\":\"user-manager\"}]}<\/script>\n<!-- \/ Yoast SEO plugin. -->","yoast_head_json":{"title":"Himnimiz \u00e7al\u0131nanda... - MEYDAN.TV","robots":{"index":"index","follow":"follow","max-snippet":"max-snippet:-1","max-image-preview":"max-image-preview:large","max-video-preview":"max-video-preview:-1"},"canonical":"https:\/\/www.meydan.tv\/az\/article\/himnimiz-calinanda\/","og_locale":"az_AZ","og_type":"article","og_title":"Himnimiz \u00e7al\u0131nanda... - MEYDAN.TV","og_description":"N\u0259v\u0259m deyir: \u201cH\u0259r g\u00fcn s\u0259h\u0259r m\u0259kt\u0259bd\u0259 himnimizi oxuyuruq\u201d.","og_url":"https:\/\/www.meydan.tv\/az\/article\/himnimiz-calinanda\/","og_site_name":"MEYDAN.TV","article_published_time":"2017-04-21T17:38:20+00:00","og_image":[{"width":1095,"height":821,"url":"https:\/\/www.meydan.tv\/wp-content\/uploads\/31837-1095x821.png","type":"image\/png"}],"author":"user-manager","twitter_card":"summary_large_image","schema":{"@context":"https:\/\/schema.org","@graph":[{"@type":"Article","@id":"https:\/\/www.meydan.tv\/az\/article\/himnimiz-calinanda\/#article","isPartOf":{"@id":"https:\/\/www.meydan.tv\/az\/article\/himnimiz-calinanda\/"},"author":{"name":"user-manager","@id":"https:\/\/www.meydan.tv\/az\/#\/schema\/person\/10d11eccf6da3662cf5fdab9806ea91a"},"headline":"Himnimiz \u00e7al\u0131nanda&#8230;","datePublished":"2017-04-21T17:38:20+00:00","mainEntityOfPage":{"@id":"https:\/\/www.meydan.tv\/az\/article\/himnimiz-calinanda\/"},"wordCount":1588,"publisher":{"@id":"https:\/\/www.meydan.tv\/az\/#organization"},"image":{"@id":"https:\/\/www.meydan.tv\/az\/article\/himnimiz-calinanda\/#primaryimage"},"thumbnailUrl":"https:\/\/www.meydan.tv\/wp-content\/uploads\/31837.png","articleSection":["M\u0259nim Fikrimc\u0259"],"inLanguage":"az"},{"@type":"WebPage","@id":"https:\/\/www.meydan.tv\/az\/article\/himnimiz-calinanda\/","url":"https:\/\/www.meydan.tv\/az\/article\/himnimiz-calinanda\/","name":"Himnimiz \u00e7al\u0131nanda... - MEYDAN.TV","isPartOf":{"@id":"https:\/\/www.meydan.tv\/az\/#website"},"primaryImageOfPage":{"@id":"https:\/\/www.meydan.tv\/az\/article\/himnimiz-calinanda\/#primaryimage"},"image":{"@id":"https:\/\/www.meydan.tv\/az\/article\/himnimiz-calinanda\/#primaryimage"},"thumbnailUrl":"https:\/\/www.meydan.tv\/wp-content\/uploads\/31837.png","datePublished":"2017-04-21T17:38:20+00:00","breadcrumb":{"@id":"https:\/\/www.meydan.tv\/az\/article\/himnimiz-calinanda\/#breadcrumb"},"inLanguage":"az","potentialAction":[{"@type":"ReadAction","target":["https:\/\/www.meydan.tv\/az\/article\/himnimiz-calinanda\/"]}]},{"@type":"ImageObject","inLanguage":"az","@id":"https:\/\/www.meydan.tv\/az\/article\/himnimiz-calinanda\/#primaryimage","url":"https:\/\/www.meydan.tv\/wp-content\/uploads\/31837.png","contentUrl":"https:\/\/www.meydan.tv\/wp-content\/uploads\/31837.png","width":2732,"height":2048,"caption":"Source:"},{"@type":"BreadcrumbList","@id":"https:\/\/www.meydan.tv\/az\/article\/himnimiz-calinanda\/#breadcrumb","itemListElement":[{"@type":"ListItem","position":1,"name":"Ana s\u0259hif\u0259","item":"https:\/\/www.meydan.tv\/az\/"},{"@type":"ListItem","position":2,"name":"M\u0259nim Fikrimc\u0259","item":"https:\/\/www.meydan.tv\/az\/section\/menim-fikrimce\/"},{"@type":"ListItem","position":3,"name":"Himnimiz \u00e7al\u0131nanda&#8230;"}]},{"@type":"WebSite","@id":"https:\/\/www.meydan.tv\/az\/#website","url":"https:\/\/www.meydan.tv\/az\/","name":"MEYDAN.TV","description":"Meydan TV Az\u0259rbaycan\u0131n media m\u0259kan\u0131ndak\u0131 alternativ s\u0259sidir","publisher":{"@id":"https:\/\/www.meydan.tv\/az\/#organization"},"potentialAction":[{"@type":"SearchAction","target":{"@type":"EntryPoint","urlTemplate":"https:\/\/www.meydan.tv\/az\/?s={search_term_string}"},"query-input":{"@type":"PropertyValueSpecification","valueRequired":true,"valueName":"search_term_string"}}],"inLanguage":"az"},{"@type":"Organization","@id":"https:\/\/www.meydan.tv\/az\/#organization","name":"Meydan TV","url":"https:\/\/www.meydan.tv\/az\/","logo":{"@type":"ImageObject","inLanguage":"az","@id":"https:\/\/www.meydan.tv\/az\/#\/schema\/logo\/image\/","url":"https:\/\/www.meydan.tv\/wp-content\/uploads\/2021\/07\/meydan-logo.svg","contentUrl":"https:\/\/www.meydan.tv\/wp-content\/uploads\/2021\/07\/meydan-logo.svg","width":195,"height":46,"caption":"Meydan TV"},"image":{"@id":"https:\/\/www.meydan.tv\/az\/#\/schema\/logo\/image\/"}},{"@type":"Person","@id":"https:\/\/www.meydan.tv\/az\/#\/schema\/person\/10d11eccf6da3662cf5fdab9806ea91a","name":"user-manager"}]}},"_links":{"self":[{"href":"https:\/\/www.meydan.tv\/az\/wp-json\/wp\/v2\/posts\/183871","targetHints":{"allow":["GET"]}}],"collection":[{"href":"https:\/\/www.meydan.tv\/az\/wp-json\/wp\/v2\/posts"}],"about":[{"href":"https:\/\/www.meydan.tv\/az\/wp-json\/wp\/v2\/types\/post"}],"author":[{"embeddable":true,"href":"https:\/\/www.meydan.tv\/az\/wp-json\/wp\/v2\/users\/11"}],"replies":[{"embeddable":true,"href":"https:\/\/www.meydan.tv\/az\/wp-json\/wp\/v2\/comments?post=183871"}],"version-history":[{"count":0,"href":"https:\/\/www.meydan.tv\/az\/wp-json\/wp\/v2\/posts\/183871\/revisions"}],"wp:featuredmedia":[{"embeddable":true,"href":"https:\/\/www.meydan.tv\/az\/wp-json\/wp\/v2\/media\/81375"}],"wp:attachment":[{"href":"https:\/\/www.meydan.tv\/az\/wp-json\/wp\/v2\/media?parent=183871"}],"wp:term":[{"taxonomy":"category","embeddable":true,"href":"https:\/\/www.meydan.tv\/az\/wp-json\/wp\/v2\/categories?post=183871"},{"taxonomy":"post_tag","embeddable":true,"href":"https:\/\/www.meydan.tv\/az\/wp-json\/wp\/v2\/tags?post=183871"}],"curies":[{"name":"wp","href":"https:\/\/api.w.org\/{rel}","templated":true}]}}