{"id":183817,"date":"2017-04-19T18:27:31","date_gmt":"2017-04-19T18:27:31","guid":{"rendered":"https:\/\/www.meydan.tv\/article\/olu-layiheler\/"},"modified":"2017-04-19T18:27:31","modified_gmt":"2017-04-19T18:27:31","slug":"olu-layiheler","status":"publish","type":"post","link":"https:\/\/www.meydan.tv\/az\/article\/olu-layiheler\/","title":{"rendered":"\u00d6l\u00fc layih\u0259l\u0259r"},"content":{"rendered":"<p>\n  Aprelin 18-d\u0259 g\u00fcnd\u0259md\u0259 \u0259n \u00e7ox yer tutan, m\u00fczakir\u0259l\u0259r\u0259 s\u0259b\u0259b olan m\u00f6vzu Az\u0259rbaycan\u0131n mobil telefon istehsal\u0131na ba\u015flayaca\u011f\u0131 haqq\u0131nda x\u0259b\u0259r oldu. M\u00fczakir\u0259l\u0259r \u0259sas\u0259n neqativ ruhda apar\u0131l\u0131rd\u0131, bir \u00e7ox halda is\u0259 x\u0259b\u0259r la\u011fla\u011f\u0131 obyektin\u0259 \u00e7evrildi.\n<\/p>\n<p>\n  Az\u0259rbaycan reall\u0131\u011f\u0131na b\u0259l\u0259d olmayan \u0259cn\u0259bi bu m\u00fczakir\u0259l\u0259ri izl\u0259s\u0259 idi, y\u0259qin ki, \u00e7ox t\u0259\u0259cc\u00fcbl\u0259n\u0259rdi. Ax\u0131 \u00f6lk\u0259d\u0259 yeni istehsal sah\u0259sinin, \u00f6z\u00fc d\u0259 \u0130T texnologiyal\u0131 bir sah\u0259nin a\u00e7\u0131lmas\u0131 x\u0259b\u0259ri m\u0259ntiql\u0259 \u00e7ox pozitiv qar\u015f\u0131lanmal\u0131 idi. Amma \u0259cn\u0259bid\u0259n f\u0259rqli olaraq, Anadolu t\u00fcrkl\u0259ri demi\u015fk\u0259n, biz bizi biliriz. Y\u0259ni iqtidar\u0131m\u0131z\u0131.\n<\/p>\n<p>\n  \u0130lk d\u0259f\u0259 deyil ki, \u00f6z \u00e7ap\u0131m\u0131zda \u201c\u00e7\u0131l\u011f\u0131n proje\u201d dey\u0259 bil\u0259c\u0259yimiz bel\u0259 t\u0259\u015f\u0259bb\u00fcsl\u0259 qar\u015f\u0131la\u015f\u0131r\u0131q. H\u0259r d\u0259f\u0259 d\u0259 \u015fahid olmu\u015fuq ki, \u0259vv\u0259la, \u201cistehsal\u201d ifad\u0259si \u00e7ox \u015fi\u015firdilmi\u015f olub, \u0259slind\u0259 haz\u0131r detallardan son m\u0259hsulun y\u0131\u011f\u0131m sexi a\u00e7\u0131l\u0131b. \u0130kincisi d\u0259 normal sat\u0131\u015f bazar\u0131 tap\u0131lmad\u0131\u011f\u0131ndan s\u00f6z\u00fcged\u0259n sah\u0259l\u0259r bir m\u00fcdd\u0259t sonra qapad\u0131l\u0131b. G\u0259lin, b\u0259zi n\u00fcmun\u0259l\u0259ri xat\u0131rlayaq.\n<\/p>\n<p>\n  2004-c\u00fc ild\u0259 Az\u0259rbaycanda ilk \u201cRegionlar\u0131n sosial iqtisadi inki\u015faf\u0131 haqq\u0131nda D\u00f6vl\u0259t proqram\u0131\u201d q\u0259bul edildi. Bundan sonra rayonlarda yeni istehsal sah\u0259l\u0259rinin a\u00e7\u0131lmas\u0131na maliyy\u0259 ayr\u0131ld\u0131. Bunlardan biri \u015eamax\u0131da f\u0259aliyy\u0259t g\u00f6st\u0259r\u0259n \u201cStar\u201d televizor istehsal\u0131 zavodu idi.\n<\/p>\n<p>\n  R\u0259smi m\u0259lumata g\u00f6r\u0259, zavoda 7 milyon AB\u015e dollar\u0131 h\u0259cmind\u0259 investiya qoyulub. Tam istehsal g\u00fcc\u00fc ild\u0259 1 milyon 200 min \u0259d\u0259d olan zavodda 250 n\u0259f\u0259rd\u0259n art\u0131q i\u015f\u00e7i \u00e7al\u0131\u015fmal\u0131 idi. Lakin D\u00f6vl\u0259t Statistika Komit\u0259sinin m\u0259lumat\u0131na g\u00f6r\u0259, 2015-ci ild\u0259 c\u0259mi 788 televizor istehsal olunub. Y\u0259ni istehsal g\u00fcc\u00fcn\u00fcn 0,066% h\u0259cmind\u0259.\n<\/p>\n<p>\n  \u015eamax\u0131da daha bir diqq\u0259t\u00e7\u0259k\u0259n layih\u0259 Avtomobil istehsal\u0131 zavodu idi. 10 milyon AB\u015e dollar\u0131 h\u0259cmind\u0259 investisiya qoyulan zavodda 1000-\u0259 q\u0259d\u0259r i\u015f\u00e7i \u00e7al\u0131\u015fmal\u0131 v\u0259 ild\u0259 2880 \u201cAzsamand\u201d markal\u0131 avtomobil istehsal edilm\u0259li idi. Lakin burada son d\u0259f\u0259 2012-ci ild\u0259 25 \u0259d\u0259d avtomobil istehsal olunub. Y\u0259ni planla\u015fd\u0131r\u0131lan istehsal g\u00fcc\u00fcn\u00fcn 0,87%-i h\u0259cmind\u0259. Sonrak\u0131 ill\u0259rd\u0259 is\u0259 istehsal dayand\u0131r\u0131l\u0131b.\n<\/p>\n<p>\n  Avtomobil istehsal ed\u0259n daha bir zavod da Nax\u00e7\u0131van Avtomobil Zavodudur (NAZ). 2009-cu ild\u0259 Pekind\u0259 ke\u00e7iril\u0259n biznes-forum \u00e7\u0259r\u00e7iv\u0259sind\u0259 NAZ v\u0259 \u00c7inin Lifan \u015firk\u0259ti aras\u0131nda imzalanan \u0259m\u0259kda\u015fl\u0131q sazi\u015fin\u0259 g\u00f6r\u0259 burada \u201cNAZ-Lifan\u201d avtomobill\u0259ri istehsal olunacaqd\u0131.\n<\/p>\n<p>\n  Simvolikdir ki, telefon istehsal\u0131 haqq\u0131ndak\u0131 x\u0259b\u0259rl\u0259 eyni g\u00fcnd\u0259 NAZ-\u0131n istehsal\u0131 dayand\u0131rmas\u0131 haqq\u0131nda informasiya m\u0259tbuatda \u0259ks olundu. D\u00f6vl\u0259t Statistika Komit\u0259sinin m\u0259lumat\u0131ndan ayd\u0131n olurdu ki, cari ilin yanvar-mart aylar\u0131nda \u00f6lk\u0259d\u0259 minik avtomobili istehsal olunmay\u0131b.\n<\/p>\n<p>\n  Do\u011frudur, bir ne\u00e7\u0259 saat sonra NAZ-\u0131n direktoru yay\u0131lan informasiyan\u0131 t\u0259kzib etdi. Onun s\u00f6zl\u0259rin\u0259 g\u00f6r\u0259, istehsal m\u00fcv\u0259qq\u0259ti dayand\u0131r\u0131l\u0131b, buna s\u0259b\u0259b d\u0259 \u00c7ind\u0259ki Lifan zavodunda apar\u0131lan t\u0259mir i\u015fl\u0259ri il\u0259 \u0259laq\u0259dar ehtiyat hiss\u0259l\u0259rin al\u0131nmas\u0131nda yaranan \u00e7\u0259tinlik olub. Lakin bu arqument o q\u0259d\u0259r d\u0259 inand\u0131r\u0131c\u0131 g\u00f6r\u00fcnm\u0259di. Ola bilsin ki, istehsal, do\u011frudan da, m\u00fcv\u0259qq\u0259ti dayand\u0131r\u0131l\u0131b. S\u0259b\u0259b is\u0259 ehtiyat hiss\u0259l\u0259ri deyil, sat\u0131\u015f\u0131n olmamas\u0131d\u0131r.\n<\/p>\n<p>\n  Onu da qeyd etm\u0259k laz\u0131md\u0131r ki, planla\u015fd\u0131r\u0131lan mobil telefon istehsal\u0131 Az\u0259rbaycanda \u0130T texnologiyalar\u0131n istehsal\u0131 il\u0259 ba\u011fl\u0131 ilk add\u0131m olmayacaq. H\u0259l\u0259 2005-ci ild\u0259 Ming\u0259\u00e7evird\u0259 \u201cK\u00fcr\u201d Elektron Avadanl\u0131qlar\u0131 \u0130stehsal\u0131\u201d MMC f\u0259aliyy\u0259t\u0259 ba\u015flam\u0131\u015fd\u0131. Komp\u00fcter avadanl\u0131qlar\u0131 istehsal ed\u0259n m\u00fc\u0259ssis\u0259d\u0259 110 i\u015f\u00e7inin \u00e7al\u0131\u015fd\u0131\u011f\u0131 v\u0259 tam g\u00fcc\u00fcn\u00fcn ild\u0259 7 milyon manatl\u0131q m\u0259hsul oldu\u011fu bildirilirdi. Bu g\u00fcn he\u00e7 komp\u00fcter si\u00e7an\u0131 da istehsal etmir.\n<\/p>\n<p>\n  Y\u00fcng\u00fcl s\u0259naye sah\u0259sin\u0259 aid olan m\u00fc\u0259ssis\u0259l\u0259rin analoji taleyi bar\u0259d\u0259 d\u0259 xeyli n\u00fcmun\u0259l\u0259r g\u0259tirm\u0259k olar. M\u0259s\u0259l\u0259n, 2005-ci ild\u0259 L\u0259nk\u0259randa tiki\u015f fabriki a\u00e7\u0131ld\u0131 v\u0259 burada 200 n\u0259f\u0259rin \u00e7al\u0131\u015faca\u011f\u0131 s\u00f6yl\u0259nildi (h\u0259r\u00e7\u0259nd, m\u0259lumatl\u0131 adamlar orada i\u015fl\u0259y\u0259nl\u0259rin 50-n\u0259f\u0259rd\u0259n \u00e7ox olmad\u0131\u011f\u0131n\u0131 iddia edirdil\u0259r). Fabrik c\u0259mi bir m\u00f6vs\u00fcm i\u015fl\u0259di.\n<\/p>\n<p>\n  Bel\u0259 n\u00fcmun\u0259l\u0259r aras\u0131nda rekord is\u0259 \u0130smay\u0131ll\u0131 velosiped zavoduna m\u0259xsus oldu. \u00d6nc\u0259 50, bir il sonra is\u0259 100 n\u0259f\u0259rin i\u015fl\u0259y\u0259c\u0259yi bildiril\u0259n m\u00fc\u0259ssis\u0259y\u0259 7 milyon manat m\u0259bl\u0259\u011find\u0259 s\u0259rmay\u0259 yat\u0131r\u0131lm\u0131\u015fd\u0131. Zavodda ild\u0259 30 min\u0259 q\u0259d\u0259r velosiped v\u0259 \u0259lil arabas\u0131n\u0131n burax\u0131laca\u011f\u0131 s\u00f6yl\u0259nilirdi. Lakin sat\u0131\u015fa birc\u0259 n\u00fcmun\u0259 \u00e7\u0131xarmadan bel\u0259 f\u0259aliyy\u0259ti dayand\u0131r\u0131ld\u0131.\n<\/p>\n<p>\n  Bu layih\u0259l\u0259rin u\u011fursuzlu\u011funu n\u0259 il\u0259 izah etm\u0259k olar? \u018fsas s\u0259b\u0259b odur ki, m\u00fc\u0259ssis\u0259l\u0259r normal r\u0259qab\u0259t m\u00fchiti \u00fc\u00e7\u00fcn planla\u015fd\u0131r\u0131lmam\u0131\u015fd\u0131lar. Onlar\u0131 az-\u00e7ox ayaqda tutan is\u0259 m\u0259hsullar\u0131n b\u00f6y\u00fck \u0259ks\u0259riyy\u0259tinin d\u00f6vl\u0259t t\u0259r\u0259find\u0259n al\u0131nmas\u0131 idi.\n<\/p>\n<p>\n  M\u0259s\u0259l\u0259n, d\u00f6vl\u0259t idar\u0259l\u0259rinin, el\u0259c\u0259 d\u0259 t\u0259hsil m\u00fc\u0259ssis\u0259l\u0259rinin komp\u00fcterl\u0259\u015fdirilm\u0259si zaman\u0131 d\u00f6vl\u0259t \u201cK\u00fcr\u201d komp\u00fcterl\u0259rin\u0259 \u00fcst\u00fcnl\u00fck verirdi. S\u0131ravi v\u0259t\u0259nda\u015flar is\u0259 d\u00fcnyaca m\u0259\u015fhur firmalar\u0131n m\u0259hsulunu qoyub, yerli komp\u00fcterl\u0259r alm\u0131rd\u0131lar. D\u00f6vl\u0259t m\u00fc\u0259ssis\u0259l\u0259rinin ehtiyac\u0131 \u00f6d\u0259nildikd\u0259n sonra is\u0259 istehsal t\u0259n\u0259zz\u00fcl etdi.\n<\/p>\n<p>\n  Ba\u015fqa bir n\u00fcmun\u0259ni \u201cNAZ-Lifanla\u201d ba\u011fl\u0131 g\u0259tirm\u0259k m\u00fcmk\u00fcnd\u00fcr. Zavodun \u0259n \u00e7ox m\u0259hsul istehsal etdiyi il 2014-c\u00fc il\u0259 t\u0259sad\u00fcf edir \u2013 1800 \u0259d\u0259d. Bu da h\u0259min il d\u00f6vl\u0259tin Qaraba\u011f \u0259lill\u0259rini avtomobill\u0259 t\u0259min etm\u0259k siyas\u0259ti il\u0259 ba\u011fl\u0131 idi. Art\u0131q n\u00f6vb\u0259ti ild\u0259 istehsal 2 d\u0259f\u0259 a\u015fa\u011f\u0131 d\u00fc\u015fd\u00fc. 2016-c\u0131 ilin \u0259vv\u0259ll\u0259rind\u0259 d\u00f6vl\u0259t ba\u015f\u00e7\u0131s\u0131n\u0131n m\u0259murlar\u0131 \u201cNAZ-Lifan\u201ddan istifad\u0259y\u0259 \u00e7a\u011f\u0131rmas\u0131 bel\u0259 v\u0259ziyy\u0259ti d\u0259yi\u015fm\u0259di.\n<\/p>\n<p>\n  L\u0259nk\u0259randak\u0131 tiki\u015f fabriki is\u0259 yaln\u0131z m\u0259kt\u0259b formas\u0131 tikib m\u0259cburi qaydada \u015fagirdl\u0259r\u0259 satmas\u0131 il\u0259 yadda qald\u0131. Lakin g\u00f6r\u00fcn\u00fcr h\u0259tta bel\u0259 m\u0259cburi sat\u0131\u015f da rentabelli olmad\u0131. N\u0259tic\u0259d\u0259 m\u00fc\u0259ssis\u0259 1 illik f\u0259aliyy\u0259td\u0259n sonra dayand\u0131.\n<\/p>\n<p>\n  Bu reall\u0131\u011f\u0131n n\u0259tic\u0259si idi ki, s\u00f6z\u00fcged\u0259n m\u00fc\u0259ssis\u0259l\u0259r he\u00e7 zaman tam istehsal g\u00fcc\u00fc il\u0259 i\u015fl\u0259m\u0259dil\u0259r. \u015eamax\u0131da n\u0259 1 milyon 200 min televizor, n\u0259 d\u0259 2880 avtomobil istehsal olunmad\u0131. \u018flil arabas\u0131 istisna olmaqla d\u00f6vl\u0259t sifari\u015finin t\u0259s\u0259vv\u00fcr olunmad\u0131\u011f\u0131 \u0130smay\u0131ll\u0131 velosiped zavodunun 30 min \u0259d\u0259d m\u0259hsulu haraya sata bil\u0259c\u0259yi tam qaranl\u0131q qal\u0131rd\u0131.\n<\/p>\n<p>\n  Dig\u0259r m\u00fch\u00fcm s\u0259b\u0259b is\u0259 yuxar\u0131da toxundu\u011fumuz amil, y\u0259ni bu m\u00fc\u0259ssis\u0259l\u0259rin \u0259slind\u0259 istehsal deyil, y\u0131\u011f\u0131mla m\u0259\u015f\u011ful olmas\u0131d\u0131r. Manat\u0131n iki devalvasiyas\u0131ndan sonra xaricd\u0259n al\u0131nan hiss\u0259l\u0259r \u00e7ox baha ba\u015fa g\u0259ldi v\u0259 bu da son m\u0259hsulun qiym\u0259tin\u0259 \u00f6ld\u00fcr\u00fcc\u00fc t\u0259sir etdi.\n<\/p>\n<p>\n  \u018fslind\u0259 bel\u0259 n\u0259tic\u0259l\u0259r g\u00f6zl\u0259nilm\u0259z deyildi. R\u0259qab\u0259t\u0259 davam g\u0259tirm\u0259y\u0259n m\u0259hsullar\u0131n istehsal\u0131 yaln\u0131z ke\u00e7mi\u015f SSR\u0130 tipli \u00f6lk\u0259 \u00fc\u00e7\u00fcn ke\u00e7\u0259rli idi. Ya\u015fl\u0131 n\u0259sil sosialist d\u00fc\u015f\u0259rg\u0259sinin Qar\u015f\u0131l\u0131ql\u0131 \u0130qtisadi Yard\u0131m \u015euras\u0131 adl\u0131 t\u0259\u015fkilat\u0131n\u0131 yax\u015f\u0131 xat\u0131rlay\u0131r. Daha keyfiyy\u0259tli Q\u0259rbi Avropa, Amerika, Yaponiya m\u0259hsullar\u0131n\u0131n bu \u00f6lk\u0259l\u0259r\u0259 burax\u0131lmamas\u0131 (v\u0259 ya c\u00fczi sayda burax\u0131lmas\u0131) n\u0259tic\u0259sind\u0259 yerli istehsal inki\u015faf edirdi. Se\u00e7im imkan\u0131 olmayan v\u0259t\u0259nda\u015flar bolqar siqareti \u00e7\u0259kir, sovet ma\u015f\u0131n\u0131 s\u00fcr\u00fcr, Riqa maqnitofonlar\u0131n\u0131 v\u0259 Bak\u0131 kondinsionerl\u0259rini al\u0131rd\u0131lar.\n<\/p>\n<p>\n  Lakin m\u00fcasir Az\u0259rbaycanda buna nail olmaq m\u00fcmk\u00fcn deyil. \u0130stehlak\u00e7\u0131lar yerli m\u0259hsullardansa daha tan\u0131nm\u0131\u015f brendl\u0259r\u0259 \u00fcst\u00fcnl\u00fck ver\u0259c\u0259kl\u0259r. H\u0259tta sonuncular bir q\u0259d\u0259r baha ba\u015fa g\u0259ls\u0259 bel\u0259. H\u0259r\u00e7\u0259nd, yerli m\u0259hsullar\u0131n ucuz olmamas\u0131 da ba\u015fqa bir m\u00f6vzudur.\n<\/p>\n<p>\n  B\u00fct\u00fcn bu s\u0259b\u0259bl\u0259rd\u0259n haqq\u0131nda dan\u0131\u015fd\u0131\u011f\u0131m\u0131z istehsal m\u00fc\u0259ssis\u0259l\u0259rinin g\u00f6z\u0259 k\u00fcl \u00fcf\u00fcrm\u0259k v\u0259 lov\u011fal\u0131q \u00fc\u00e7\u00fcn a\u00e7\u0131ld\u0131\u011f\u0131 lap \u00f6nc\u0259d\u0259n \u015f\u00fcbh\u0259siz idi. N\u0259tic\u0259 d\u0259 d\u00f6vl\u0259t r\u0259smil\u0259rinin deyil, m\u00fcst\u0259qil iqtisad\u00e7\u0131lar\u0131n v\u0259 h\u0259tta iqtisad\u00e7\u0131 olmayan v\u0259t\u0259nda\u015flar\u0131n proqnozla\u015fd\u0131rd\u0131\u011f\u0131 kimi oldu. Milyonlarla \u00f6l\u00e7\u00fcl\u0259n s\u0259rmay\u0259l\u0259r n\u0259inki d\u00f6vl\u0259t b\u00fcdc\u0259sin\u0259 g\u0259lir g\u0259tirm\u0259di, h\u0259tta x\u0259rcini d\u0259 \u00e7\u0131xarmad\u0131. Bunlar anadan \u00f6l\u00fc do\u011fulan layih\u0259l\u0259r idi.\n<\/p>\n<p>\n  Mobil telefon istehsal\u0131n\u0131 eyni aqib\u0259t g\u00f6zl\u0259y\u0259c\u0259yini s\u00f6yl\u0259m\u0259k \u00fc\u00e7\u00fcn d\u0259 ekstrasenslik keyfiyy\u0259ti laz\u0131m deyil.\n<\/p>\n<p>\n  <i><br \/>\n    <b><br \/>\n      Yaz\u0131 m\u00fc\u0259llifin fikirl\u0259rini \u0259ks etdirir v\u0259 Meydan TV-nin m\u00f6vqeyi il\u0259 \u00fcst-\u00fcst\u0259 d\u00fc\u015fm\u0259y\u0259 bil\u0259r.<br \/>\n    <\/b><br \/>\n  <\/i><\/p>\n","protected":false},"excerpt":{"rendered":"<p>Aprelin 18-d\u0259 g\u00fcnd\u0259md\u0259 \u0259n \u00e7ox yer tutan, m\u00fczakir\u0259l\u0259r\u0259 s\u0259b\u0259b olan m\u00f6vzu Az\u0259rbaycan\u0131n mobil telefon istehsal\u0131na ba\u015flayaca\u011f\u0131 haqq\u0131nda x\u0259b\u0259r oldu.<\/p>\n","protected":false},"author":11,"featured_media":79633,"comment_status":"closed","ping_status":"open","sticky":false,"template":"","format":"standard","meta":{"_acf_changed":false,"_sitemap_exclude":false,"_sitemap_priority":"","_sitemap_frequency":"","footnotes":""},"categories":[57],"tags":[],"class_list":["post-183817","post","type-post","status-publish","format-standard","has-post-thumbnail","hentry","category-menim-fikrimce","infinite-scroll-item","generate-columns","tablet-grid-50","mobile-grid-100","grid-parent","grid-33","no-featured-image-padding"],"acf":[],"yoast_head":"<!-- This site is optimized with the Yoast SEO plugin v27.5 - https:\/\/yoast.com\/product\/yoast-seo-wordpress\/ -->\n<title>\u00d6l\u00fc layih\u0259l\u0259r - MEYDAN.TV<\/title>\n<meta name=\"robots\" content=\"index, follow, max-snippet:-1, max-image-preview:large, max-video-preview:-1\" \/>\n<link rel=\"canonical\" href=\"https:\/\/www.meydan.tv\/az\/article\/olu-layiheler\/\" \/>\n<meta property=\"og:locale\" content=\"az_AZ\" \/>\n<meta property=\"og:type\" content=\"article\" \/>\n<meta property=\"og:title\" content=\"\u00d6l\u00fc layih\u0259l\u0259r - MEYDAN.TV\" \/>\n<meta property=\"og:description\" content=\"Aprelin 18-d\u0259 g\u00fcnd\u0259md\u0259 \u0259n \u00e7ox yer tutan, m\u00fczakir\u0259l\u0259r\u0259 s\u0259b\u0259b olan m\u00f6vzu Az\u0259rbaycan\u0131n mobil telefon istehsal\u0131na ba\u015flayaca\u011f\u0131 haqq\u0131nda x\u0259b\u0259r oldu.\" \/>\n<meta property=\"og:url\" content=\"https:\/\/www.meydan.tv\/az\/article\/olu-layiheler\/\" \/>\n<meta property=\"og:site_name\" content=\"MEYDAN.TV\" \/>\n<meta property=\"article:published_time\" content=\"2017-04-19T18:27:31+00:00\" \/>\n<meta property=\"og:image\" content=\"https:\/\/www.meydan.tv\/wp-content\/uploads\/31027-1095x821.png\" \/>\n\t<meta property=\"og:image:width\" content=\"1095\" \/>\n\t<meta property=\"og:image:height\" content=\"821\" \/>\n\t<meta property=\"og:image:type\" content=\"image\/png\" \/>\n<meta name=\"author\" content=\"user-manager\" \/>\n<meta name=\"twitter:card\" content=\"summary_large_image\" \/>\n<script type=\"application\/ld+json\" class=\"yoast-schema-graph\">{\"@context\":\"https:\\\/\\\/schema.org\",\"@graph\":[{\"@type\":\"Article\",\"@id\":\"https:\\\/\\\/www.meydan.tv\\\/az\\\/article\\\/olu-layiheler\\\/#article\",\"isPartOf\":{\"@id\":\"https:\\\/\\\/www.meydan.tv\\\/az\\\/article\\\/olu-layiheler\\\/\"},\"author\":{\"name\":\"user-manager\",\"@id\":\"https:\\\/\\\/www.meydan.tv\\\/az\\\/#\\\/schema\\\/person\\\/10d11eccf6da3662cf5fdab9806ea91a\"},\"headline\":\"\u00d6l\u00fc layih\u0259l\u0259r\",\"datePublished\":\"2017-04-19T18:27:31+00:00\",\"mainEntityOfPage\":{\"@id\":\"https:\\\/\\\/www.meydan.tv\\\/az\\\/article\\\/olu-layiheler\\\/\"},\"wordCount\":1598,\"publisher\":{\"@id\":\"https:\\\/\\\/www.meydan.tv\\\/az\\\/#organization\"},\"image\":{\"@id\":\"https:\\\/\\\/www.meydan.tv\\\/az\\\/article\\\/olu-layiheler\\\/#primaryimage\"},\"thumbnailUrl\":\"https:\\\/\\\/www.meydan.tv\\\/wp-content\\\/uploads\\\/31027.png\",\"articleSection\":[\"M\u0259nim Fikrimc\u0259\"],\"inLanguage\":\"az\"},{\"@type\":\"WebPage\",\"@id\":\"https:\\\/\\\/www.meydan.tv\\\/az\\\/article\\\/olu-layiheler\\\/\",\"url\":\"https:\\\/\\\/www.meydan.tv\\\/az\\\/article\\\/olu-layiheler\\\/\",\"name\":\"\u00d6l\u00fc layih\u0259l\u0259r - MEYDAN.TV\",\"isPartOf\":{\"@id\":\"https:\\\/\\\/www.meydan.tv\\\/az\\\/#website\"},\"primaryImageOfPage\":{\"@id\":\"https:\\\/\\\/www.meydan.tv\\\/az\\\/article\\\/olu-layiheler\\\/#primaryimage\"},\"image\":{\"@id\":\"https:\\\/\\\/www.meydan.tv\\\/az\\\/article\\\/olu-layiheler\\\/#primaryimage\"},\"thumbnailUrl\":\"https:\\\/\\\/www.meydan.tv\\\/wp-content\\\/uploads\\\/31027.png\",\"datePublished\":\"2017-04-19T18:27:31+00:00\",\"breadcrumb\":{\"@id\":\"https:\\\/\\\/www.meydan.tv\\\/az\\\/article\\\/olu-layiheler\\\/#breadcrumb\"},\"inLanguage\":\"az\",\"potentialAction\":[{\"@type\":\"ReadAction\",\"target\":[\"https:\\\/\\\/www.meydan.tv\\\/az\\\/article\\\/olu-layiheler\\\/\"]}]},{\"@type\":\"ImageObject\",\"inLanguage\":\"az\",\"@id\":\"https:\\\/\\\/www.meydan.tv\\\/az\\\/article\\\/olu-layiheler\\\/#primaryimage\",\"url\":\"https:\\\/\\\/www.meydan.tv\\\/wp-content\\\/uploads\\\/31027.png\",\"contentUrl\":\"https:\\\/\\\/www.meydan.tv\\\/wp-content\\\/uploads\\\/31027.png\",\"width\":2732,\"height\":2048,\"caption\":\"Source:\"},{\"@type\":\"BreadcrumbList\",\"@id\":\"https:\\\/\\\/www.meydan.tv\\\/az\\\/article\\\/olu-layiheler\\\/#breadcrumb\",\"itemListElement\":[{\"@type\":\"ListItem\",\"position\":1,\"name\":\"Ana s\u0259hif\u0259\",\"item\":\"https:\\\/\\\/www.meydan.tv\\\/az\\\/\"},{\"@type\":\"ListItem\",\"position\":2,\"name\":\"M\u0259nim Fikrimc\u0259\",\"item\":\"https:\\\/\\\/www.meydan.tv\\\/az\\\/section\\\/menim-fikrimce\\\/\"},{\"@type\":\"ListItem\",\"position\":3,\"name\":\"\u00d6l\u00fc layih\u0259l\u0259r\"}]},{\"@type\":\"WebSite\",\"@id\":\"https:\\\/\\\/www.meydan.tv\\\/az\\\/#website\",\"url\":\"https:\\\/\\\/www.meydan.tv\\\/az\\\/\",\"name\":\"MEYDAN.TV\",\"description\":\"Meydan TV Az\u0259rbaycan\u0131n media m\u0259kan\u0131ndak\u0131 alternativ s\u0259sidir\",\"publisher\":{\"@id\":\"https:\\\/\\\/www.meydan.tv\\\/az\\\/#organization\"},\"potentialAction\":[{\"@type\":\"SearchAction\",\"target\":{\"@type\":\"EntryPoint\",\"urlTemplate\":\"https:\\\/\\\/www.meydan.tv\\\/az\\\/?s={search_term_string}\"},\"query-input\":{\"@type\":\"PropertyValueSpecification\",\"valueRequired\":true,\"valueName\":\"search_term_string\"}}],\"inLanguage\":\"az\"},{\"@type\":\"Organization\",\"@id\":\"https:\\\/\\\/www.meydan.tv\\\/az\\\/#organization\",\"name\":\"Meydan TV\",\"url\":\"https:\\\/\\\/www.meydan.tv\\\/az\\\/\",\"logo\":{\"@type\":\"ImageObject\",\"inLanguage\":\"az\",\"@id\":\"https:\\\/\\\/www.meydan.tv\\\/az\\\/#\\\/schema\\\/logo\\\/image\\\/\",\"url\":\"https:\\\/\\\/www.meydan.tv\\\/wp-content\\\/uploads\\\/2021\\\/07\\\/meydan-logo.svg\",\"contentUrl\":\"https:\\\/\\\/www.meydan.tv\\\/wp-content\\\/uploads\\\/2021\\\/07\\\/meydan-logo.svg\",\"width\":195,\"height\":46,\"caption\":\"Meydan TV\"},\"image\":{\"@id\":\"https:\\\/\\\/www.meydan.tv\\\/az\\\/#\\\/schema\\\/logo\\\/image\\\/\"}},{\"@type\":\"Person\",\"@id\":\"https:\\\/\\\/www.meydan.tv\\\/az\\\/#\\\/schema\\\/person\\\/10d11eccf6da3662cf5fdab9806ea91a\",\"name\":\"user-manager\"}]}<\/script>\n<!-- \/ Yoast SEO plugin. -->","yoast_head_json":{"title":"\u00d6l\u00fc layih\u0259l\u0259r - MEYDAN.TV","robots":{"index":"index","follow":"follow","max-snippet":"max-snippet:-1","max-image-preview":"max-image-preview:large","max-video-preview":"max-video-preview:-1"},"canonical":"https:\/\/www.meydan.tv\/az\/article\/olu-layiheler\/","og_locale":"az_AZ","og_type":"article","og_title":"\u00d6l\u00fc layih\u0259l\u0259r - MEYDAN.TV","og_description":"Aprelin 18-d\u0259 g\u00fcnd\u0259md\u0259 \u0259n \u00e7ox yer tutan, m\u00fczakir\u0259l\u0259r\u0259 s\u0259b\u0259b olan m\u00f6vzu Az\u0259rbaycan\u0131n mobil telefon istehsal\u0131na ba\u015flayaca\u011f\u0131 haqq\u0131nda x\u0259b\u0259r oldu.","og_url":"https:\/\/www.meydan.tv\/az\/article\/olu-layiheler\/","og_site_name":"MEYDAN.TV","article_published_time":"2017-04-19T18:27:31+00:00","og_image":[{"width":1095,"height":821,"url":"https:\/\/www.meydan.tv\/wp-content\/uploads\/31027-1095x821.png","type":"image\/png"}],"author":"user-manager","twitter_card":"summary_large_image","schema":{"@context":"https:\/\/schema.org","@graph":[{"@type":"Article","@id":"https:\/\/www.meydan.tv\/az\/article\/olu-layiheler\/#article","isPartOf":{"@id":"https:\/\/www.meydan.tv\/az\/article\/olu-layiheler\/"},"author":{"name":"user-manager","@id":"https:\/\/www.meydan.tv\/az\/#\/schema\/person\/10d11eccf6da3662cf5fdab9806ea91a"},"headline":"\u00d6l\u00fc layih\u0259l\u0259r","datePublished":"2017-04-19T18:27:31+00:00","mainEntityOfPage":{"@id":"https:\/\/www.meydan.tv\/az\/article\/olu-layiheler\/"},"wordCount":1598,"publisher":{"@id":"https:\/\/www.meydan.tv\/az\/#organization"},"image":{"@id":"https:\/\/www.meydan.tv\/az\/article\/olu-layiheler\/#primaryimage"},"thumbnailUrl":"https:\/\/www.meydan.tv\/wp-content\/uploads\/31027.png","articleSection":["M\u0259nim Fikrimc\u0259"],"inLanguage":"az"},{"@type":"WebPage","@id":"https:\/\/www.meydan.tv\/az\/article\/olu-layiheler\/","url":"https:\/\/www.meydan.tv\/az\/article\/olu-layiheler\/","name":"\u00d6l\u00fc layih\u0259l\u0259r - MEYDAN.TV","isPartOf":{"@id":"https:\/\/www.meydan.tv\/az\/#website"},"primaryImageOfPage":{"@id":"https:\/\/www.meydan.tv\/az\/article\/olu-layiheler\/#primaryimage"},"image":{"@id":"https:\/\/www.meydan.tv\/az\/article\/olu-layiheler\/#primaryimage"},"thumbnailUrl":"https:\/\/www.meydan.tv\/wp-content\/uploads\/31027.png","datePublished":"2017-04-19T18:27:31+00:00","breadcrumb":{"@id":"https:\/\/www.meydan.tv\/az\/article\/olu-layiheler\/#breadcrumb"},"inLanguage":"az","potentialAction":[{"@type":"ReadAction","target":["https:\/\/www.meydan.tv\/az\/article\/olu-layiheler\/"]}]},{"@type":"ImageObject","inLanguage":"az","@id":"https:\/\/www.meydan.tv\/az\/article\/olu-layiheler\/#primaryimage","url":"https:\/\/www.meydan.tv\/wp-content\/uploads\/31027.png","contentUrl":"https:\/\/www.meydan.tv\/wp-content\/uploads\/31027.png","width":2732,"height":2048,"caption":"Source:"},{"@type":"BreadcrumbList","@id":"https:\/\/www.meydan.tv\/az\/article\/olu-layiheler\/#breadcrumb","itemListElement":[{"@type":"ListItem","position":1,"name":"Ana s\u0259hif\u0259","item":"https:\/\/www.meydan.tv\/az\/"},{"@type":"ListItem","position":2,"name":"M\u0259nim Fikrimc\u0259","item":"https:\/\/www.meydan.tv\/az\/section\/menim-fikrimce\/"},{"@type":"ListItem","position":3,"name":"\u00d6l\u00fc layih\u0259l\u0259r"}]},{"@type":"WebSite","@id":"https:\/\/www.meydan.tv\/az\/#website","url":"https:\/\/www.meydan.tv\/az\/","name":"MEYDAN.TV","description":"Meydan TV Az\u0259rbaycan\u0131n media m\u0259kan\u0131ndak\u0131 alternativ s\u0259sidir","publisher":{"@id":"https:\/\/www.meydan.tv\/az\/#organization"},"potentialAction":[{"@type":"SearchAction","target":{"@type":"EntryPoint","urlTemplate":"https:\/\/www.meydan.tv\/az\/?s={search_term_string}"},"query-input":{"@type":"PropertyValueSpecification","valueRequired":true,"valueName":"search_term_string"}}],"inLanguage":"az"},{"@type":"Organization","@id":"https:\/\/www.meydan.tv\/az\/#organization","name":"Meydan TV","url":"https:\/\/www.meydan.tv\/az\/","logo":{"@type":"ImageObject","inLanguage":"az","@id":"https:\/\/www.meydan.tv\/az\/#\/schema\/logo\/image\/","url":"https:\/\/www.meydan.tv\/wp-content\/uploads\/2021\/07\/meydan-logo.svg","contentUrl":"https:\/\/www.meydan.tv\/wp-content\/uploads\/2021\/07\/meydan-logo.svg","width":195,"height":46,"caption":"Meydan TV"},"image":{"@id":"https:\/\/www.meydan.tv\/az\/#\/schema\/logo\/image\/"}},{"@type":"Person","@id":"https:\/\/www.meydan.tv\/az\/#\/schema\/person\/10d11eccf6da3662cf5fdab9806ea91a","name":"user-manager"}]}},"_links":{"self":[{"href":"https:\/\/www.meydan.tv\/az\/wp-json\/wp\/v2\/posts\/183817","targetHints":{"allow":["GET"]}}],"collection":[{"href":"https:\/\/www.meydan.tv\/az\/wp-json\/wp\/v2\/posts"}],"about":[{"href":"https:\/\/www.meydan.tv\/az\/wp-json\/wp\/v2\/types\/post"}],"author":[{"embeddable":true,"href":"https:\/\/www.meydan.tv\/az\/wp-json\/wp\/v2\/users\/11"}],"replies":[{"embeddable":true,"href":"https:\/\/www.meydan.tv\/az\/wp-json\/wp\/v2\/comments?post=183817"}],"version-history":[{"count":0,"href":"https:\/\/www.meydan.tv\/az\/wp-json\/wp\/v2\/posts\/183817\/revisions"}],"wp:featuredmedia":[{"embeddable":true,"href":"https:\/\/www.meydan.tv\/az\/wp-json\/wp\/v2\/media\/79633"}],"wp:attachment":[{"href":"https:\/\/www.meydan.tv\/az\/wp-json\/wp\/v2\/media?parent=183817"}],"wp:term":[{"taxonomy":"category","embeddable":true,"href":"https:\/\/www.meydan.tv\/az\/wp-json\/wp\/v2\/categories?post=183817"},{"taxonomy":"post_tag","embeddable":true,"href":"https:\/\/www.meydan.tv\/az\/wp-json\/wp\/v2\/tags?post=183817"}],"curies":[{"name":"wp","href":"https:\/\/api.w.org\/{rel}","templated":true}]}}