{"id":183775,"date":"2017-04-18T15:14:19","date_gmt":"2017-04-18T15:14:19","guid":{"rendered":"https:\/\/www.meydan.tv\/article\/azerbaycanda-masin-istehsali-azalib\/"},"modified":"2017-04-18T15:14:19","modified_gmt":"2017-04-18T15:14:19","slug":"azerbaycanda-masin-istehsali-azalib","status":"publish","type":"post","link":"https:\/\/www.meydan.tv\/az\/article\/azerbaycanda-masin-istehsali-azalib\/","title":{"rendered":"Az\u0259rbaycanda ma\u015f\u0131n istehsal\u0131 azal\u0131b"},"content":{"rendered":"<figure class=\"wp-block-image size-large\">\n  <img decoding=\"async\" src=\"https:\/\/www.meydan.tv\/az\/82991\/\" alt=\"\" class=\"wp-image-82991\"\/><figcaption><\/figcaption><\/figure>\n<p>\n  <i><br \/>\n    M\u0259h\u0259mm\u0259d Tal\u0131bl\u0131: &#8221;Bu avtomobill\u0259r ixracy\u00f6n\u00fcml\u00fc olmad\u0131\u011f\u0131ndan zavodlar da ba\u011flanmaq m\u0259cburiyy\u0259tind\u0259 qal\u0131blar&#8221;<br \/>\n  <\/i>\n<\/p>\n<p>\n  2017-ci ilin yanvar-mart aylar\u0131nda ma\u015f\u0131n v\u0259 avadanl\u0131qlar\u0131n,<br \/>\n  <a href=\"\/az\/article\/azerbaycanda-yuk-masinlarinin-istehsali-dayanib\/\"><br \/>\n    sair n\u0259qliyyat vasit\u0259l\u0259rin<br \/>\n  <\/a><br \/>\n  in, avtomobil, qo\u015fqu v\u0259 yar\u0131mqo\u015fqular\u0131n istehsal\u0131 sah\u0259l\u0259rind\u0259 34,5 mln. manatl\u0131q m\u0259hsul istehsal edilib,<br \/>\n  <a href=\"\/az\/article\/azerbaycanda-masin-ve-avadanliqlarin-istehsali-109-faiz-azalib\/\"><br \/>\n    \u0259vv\u0259lki ilin<br \/>\n  <\/a><br \/>\n  analoji d\u00f6vr\u00fc il\u0259 m\u00fcqayis\u0259d\u0259 ma\u015f\u0131n v\u0259 avadanl\u0131qlar\u0131n istehsal\u0131 42,4 faiz azal\u0131b, sair n\u0259qliyyat vasit\u0259l\u0259rinin istehsal\u0131 is\u0259 24,7 faiz art\u0131b.\n<\/p>\n<p>\n  D\u00f6vl\u0259t Statistika Komit\u0259sind\u0259n &#8220;APA -Economics&#8221;\u0259 veril\u0259n m\u0259lumata g\u00f6r\u0259, 3 ay \u0259rzind\u0259 y\u00fck v\u0259 minik avtomobill\u0259rinin, qo\u015fqular v\u0259 yar\u0131mqo\u015fqular\u0131n, f\u0259vvar\u0259 armaturunun istehsal\u0131 olmam\u0131\u015f, \u015ftanql\u0131 quyu nasoslar\u0131n\u0131n istehsal\u0131 21,2 faiz azal\u0131b.\n<\/p>\n<p>\n  \u00a0Bununla yana\u015f\u0131, hesabat d\u00f6vr\u00fcnd\u0259 770 \u0259d\u0259d x\u00fcsusi t\u0259yinatl\u0131 kommunal ma\u015f\u0131nlar v\u0259 67 \u0259d\u0259d traktor istehsal edilib.\n<\/p>\n<p>\n  Azalman\u0131 Meydan TV-y\u0259 \u015f\u0259rh ed\u0259n AXCP R\u0259yas\u0259t Hey\u0259tinin \u00fczv\u00fc, iqtisad\u00e7\u0131 M\u0259h\u0259mm\u0259d Tal\u0131bl\u0131 yaranm\u0131\u015f v\u0259ziyy\u0259tin birinci s\u0259b\u0259bini avtomobil bazar\u0131nda alq\u0131-satq\u0131 d\u00f6vriyy\u0259sinin azalmas\u0131nda g\u00f6r\u00fcr:\n<\/p>\n<p>\n  &#8220;T\u0259bii ki, bu, \u0259halinin al\u0131c\u0131l\u0131q qabiliyy\u0259tinin a\u015fa\u011f\u0131 olmas\u0131 v\u0259 avtomobil bazar\u0131nda \u00fcmumi dinamizmin s\u00fcstl\u00fckl\u0259 \u0259v\u0259z olunmas\u0131n\u0131n g\u00f6st\u0259ricisidir. H\u0259m d\u0259 avtomobil istehsal\u00e7\u0131s\u0131 olan m\u00fc\u0259ssis\u0259l\u0259r, &#8220;NAZ-Lifan&#8221; v\u0259 dig\u0259rl\u0259ri \u0259sas\u0259n d\u00f6vl\u0259t qurumlar\u0131 \u00fc\u00e7\u00fcn istehsal edirdi v\u0259 bunlar \u00fcmumi r\u0259qab\u0259t\u0259 davaml\u0131 deyildil\u0259r. Ona g\u00f6r\u0259 \u0259hali k\u00f6hn\u0259 istehsal olan v\u0259 ba\u015fqa \u00f6lk\u0259l\u0259rd\u0259n g\u0259tiril\u0259n ma\u015f\u0131nlar\u0131 al\u0131rd\u0131&#8221;.\n<\/p>\n<p>\n  \u00a0M.Tal\u0131bl\u0131 deyib ki, n\u0259inki avtomobil istehsal\u0131, eyni zamanda, avtomobil idxal\u0131 da \u0259h\u0259miyy\u0259tli d\u0259r\u0259c\u0259d\u0259 azal\u0131b:\n<\/p>\n<p>\n  \u201c\u018fvv\u0259lki ill\u0259rd\u0259 100-110 ma\u015f\u0131n g\u0259tirilirdis\u0259, b\u00f6hrandan sonra bu r\u0259q\u0259m d\u0259f\u0259l\u0259rl\u0259 a\u015fa\u011f\u0131 d\u00fc\u015f\u00fcb. Bu amil g\u00f6st\u0259rir ki, v\u0259t\u0259nda\u015flar\u0131n l\u00fcks mal v\u0259 xidm\u0259tl\u0259r\u0259, h\u0259r hans\u0131 bahal\u0131 istehlaka \u00f6d\u0259m\u0259 qabiliyy\u0259ti a\u015fa\u011f\u0131 d\u00fc\u015f\u00fcb. \u0130nsanlar daha \u00e7ox g\u00fcnd\u0259lik istehlaka x\u0259rcl\u0259m\u0259yi \u00fcst\u00fcnl\u00fck verirl\u0259r. Bundan \u0259lav\u0259, b\u00f6hran \u00f6lk\u0259 iqtisadiyyat\u0131na t\u0259sir etm\u0259kl\u0259 b\u0259rab\u0259r v\u0259t\u0259nda\u015flar\u0131n g\u0259lirlik s\u0259viyy\u0259sin\u0259 \u0259h\u0259miyy\u0259tli d\u0259r\u0259c\u0259d\u0259 t\u0259sir edib. Diqq\u0259t edin, avtomobill\u0259rin sat\u0131\u015f\u0131nda m\u00fcxt\u0259lif \u00a0bonuslar, stimulla\u015fd\u0131r\u0131c\u0131 t\u0259dbirl\u0259r d\u0259 h\u0259yata ke\u00e7irilir, qiym\u0259tl\u0259r endirilir, uzunm\u00fcdd\u0131\u0259tli kredit\u0259 verilir, ancaq yen\u0259 d\u0259 al\u0131c\u0131lar\u0131 artmaq \u0259v\u0259zin\u0259 d\u0259f\u0259l\u0259rl\u0259 a\u015fa\u011f\u0131 d\u00fc\u015f\u00fcb\u201d.\n<\/p>\n<figure class=\"wp-block-image size-large\">\n  <img decoding=\"async\" src=\"https:\/\/www.meydan.tv\/az\/78546\/\" alt=\"\" class=\"wp-image-78546\"\/><figcaption>\n    M\u0259h\u0259mm\u0259d Tal\u0131bl\u0131<br \/>\n  <\/figcaption><\/figure>\n<p>\n  \u00a0\u0130qtisad\u00e7\u0131n\u0131n q\u0259na\u0259tinc\u0259, b\u00f6hran yaln\u0131z avtomobil s\u0259nayesin\u0259 deyil, \u0259halinin h\u0259yat \u015f\u0259raitin\u0259 t\u0259sirini g\u00f6st\u0259rib:\n<\/p>\n<p>\n  \u201cYerli m\u00fc\u0259ssisl\u0259rin avtomobill\u0259ri a\u015fa\u011f\u0131 keyfiyy\u0259tlidir. Bu bax\u0131mdan \u00a0onlar\u0131 ya inzibati yolla d\u00f6vl\u0259t qurumlar\u0131na, yaxud h\u0259r hans\u0131 v\u0259t\u0259nda\u015flara sat\u0131rlar. Bu avtomobill\u0259r ixracy\u00f6n\u00fcml\u00fc olmad\u0131\u011f\u0131ndan zavodlar da ba\u011flanmaq m\u0259cburiyy\u0259tind\u0259 qal\u0131blar. Ona g\u00f6r\u0259 d\u0259 h\u0259r hans\u0131 m\u0259hsulu istehsal etm\u0259zd\u0259n \u0259vv\u0259l bunun r\u0259qab\u0259t\u0259 davaml\u0131l\u0131\u011f\u0131, xarici bazarlara \u00e7\u0131x\u0131\u015f\u0131 bar\u0259d\u0259 \u00e7ox ciddi marketinq ara\u015fd\u0131rmas\u0131 apar\u0131lmal\u0131yd\u0131. Ancaq Az\u0259rbaycanda velisoped, avtomobil, traktor<br \/>\n  <a href=\"\/az\/article\/acilan-ve-baglanan-zavodlar\/\"><br \/>\n    zavodlar\u0131<br \/>\n  <\/a><br \/>\n  a\u00e7\u0131l\u0131r, n\u0259tic\u0259d\u0259 bunlar\u0131n bazar\u0131n\u0131n olmad\u0131\u011f\u0131 m\u0259lum olur. B\u0259lk\u0259 d\u0259 bazar\u0131n r\u0259qab\u0259tliliyi haqda he\u00e7 d\u00fc\u015f\u00fcn\u00fclm\u0259yib d\u0259. Sad\u0259c\u0259, qeydiyyat, yaxud statistika xatirin\u0259 bu i\u015fl\u0259r qurulur. Bel\u0259likl\u0259, yerli m\u00fc\u0259ssis\u0259l\u0259rin i\u015fl\u0259k imkanlar\u0131 s\u0131radan \u00e7\u0131x\u0131r\u201d.\n<\/p>\n<p>\n  &#8220;H\u00f6kum\u0259t b\u00fct\u00fcn m\u0259hsullar\u0131 istehsal etm\u0259yi qar\u015f\u0131s\u0131na m\u0259qs\u0259d kimi qoymamal\u0131d\u0131r. Barmaqla say\u0131la bil\u0259c\u0259k el\u0259 m\u0259hsul sah\u0259l\u0259ri se\u00e7ilm\u0259lidir ki, h\u0259min m\u0259hsullar\u0131 uzun m\u00fcdd\u0259t bazarda saxlamaq m\u00fcmk\u00fcn olsun. Haz\u0131rk\u0131 v\u0259ziyy\u0259t h\u00f6kum\u0259tin sad\u0259l\u00f6hv v\u0259 populist yana\u015fmalar\u0131n\u0131n n\u0259tic\u0259sidir&#8221;,-dey\u0259 Tal\u0131bl\u0131 fikrini yekunla\u015fd\u0131r\u0131b.<\/p>\n","protected":false},"excerpt":{"rendered":"<p>M\u0259h\u0259mm\u0259d Tal\u0131bl\u0131: &#8221;Bu avtomobill\u0259r ixracy\u00f6n\u00fcml\u00fc olmad\u0131\u011f\u0131ndan zavodlar da ba\u011flanmaq m\u0259cburiyy\u0259tind\u0259 qal\u0131blar&#8221;<\/p>\n","protected":false},"author":11,"featured_media":82991,"comment_status":"closed","ping_status":"open","sticky":false,"template":"","format":"standard","meta":{"_acf_changed":false,"_sitemap_exclude":false,"_sitemap_priority":"","_sitemap_frequency":"","footnotes":""},"categories":[51],"tags":[],"class_list":["post-183775","post","type-post","status-publish","format-standard","has-post-thumbnail","hentry","category-analitika","infinite-scroll-item","generate-columns","tablet-grid-50","mobile-grid-100","grid-parent","grid-33","no-featured-image-padding"],"acf":[],"yoast_head":"<!-- This site is optimized with the Yoast SEO plugin v27.4 - https:\/\/yoast.com\/product\/yoast-seo-wordpress\/ -->\n<title>Az\u0259rbaycanda ma\u015f\u0131n istehsal\u0131 azal\u0131b - MEYDAN.TV<\/title>\n<meta name=\"robots\" content=\"index, follow, max-snippet:-1, max-image-preview:large, max-video-preview:-1\" \/>\n<link rel=\"canonical\" href=\"https:\/\/www.meydan.tv\/az\/article\/azerbaycanda-masin-istehsali-azalib\/\" \/>\n<meta property=\"og:locale\" content=\"az_AZ\" \/>\n<meta property=\"og:type\" content=\"article\" \/>\n<meta property=\"og:title\" content=\"Az\u0259rbaycanda ma\u015f\u0131n istehsal\u0131 azal\u0131b - MEYDAN.TV\" \/>\n<meta property=\"og:description\" content=\"M\u0259h\u0259mm\u0259d Tal\u0131bl\u0131: &#039;&#039;Bu avtomobill\u0259r ixracy\u00f6n\u00fcml\u00fc olmad\u0131\u011f\u0131ndan zavodlar da ba\u011flanmaq m\u0259cburiyy\u0259tind\u0259 qal\u0131blar&#039;&#039;\" \/>\n<meta property=\"og:url\" content=\"https:\/\/www.meydan.tv\/az\/article\/azerbaycanda-masin-istehsali-azalib\/\" \/>\n<meta property=\"og:site_name\" content=\"MEYDAN.TV\" \/>\n<meta property=\"article:published_time\" content=\"2017-04-18T15:14:19+00:00\" \/>\n<meta property=\"og:image\" content=\"https:\/\/www.meydan.tv\/wp-content\/uploads\/32528.jpg\" \/>\n\t<meta property=\"og:image:width\" content=\"738\" \/>\n\t<meta property=\"og:image:height\" content=\"500\" \/>\n\t<meta property=\"og:image:type\" content=\"image\/jpeg\" \/>\n<meta name=\"author\" content=\"user-manager\" \/>\n<meta name=\"twitter:card\" content=\"summary_large_image\" \/>\n<script type=\"application\/ld+json\" class=\"yoast-schema-graph\">{\"@context\":\"https:\\\/\\\/schema.org\",\"@graph\":[{\"@type\":\"Article\",\"@id\":\"https:\\\/\\\/www.meydan.tv\\\/az\\\/article\\\/azerbaycanda-masin-istehsali-azalib\\\/#article\",\"isPartOf\":{\"@id\":\"https:\\\/\\\/www.meydan.tv\\\/az\\\/article\\\/azerbaycanda-masin-istehsali-azalib\\\/\"},\"author\":{\"name\":\"user-manager\",\"@id\":\"https:\\\/\\\/www.meydan.tv\\\/az\\\/#\\\/schema\\\/person\\\/10d11eccf6da3662cf5fdab9806ea91a\"},\"headline\":\"Az\u0259rbaycanda ma\u015f\u0131n istehsal\u0131 azal\u0131b\",\"datePublished\":\"2017-04-18T15:14:19+00:00\",\"mainEntityOfPage\":{\"@id\":\"https:\\\/\\\/www.meydan.tv\\\/az\\\/article\\\/azerbaycanda-masin-istehsali-azalib\\\/\"},\"wordCount\":723,\"publisher\":{\"@id\":\"https:\\\/\\\/www.meydan.tv\\\/az\\\/#organization\"},\"image\":{\"@id\":\"https:\\\/\\\/www.meydan.tv\\\/az\\\/article\\\/azerbaycanda-masin-istehsali-azalib\\\/#primaryimage\"},\"thumbnailUrl\":\"https:\\\/\\\/www.meydan.tv\\\/wp-content\\\/uploads\\\/32528.jpg\",\"articleSection\":[\"Analitika\"],\"inLanguage\":\"az\"},{\"@type\":\"WebPage\",\"@id\":\"https:\\\/\\\/www.meydan.tv\\\/az\\\/article\\\/azerbaycanda-masin-istehsali-azalib\\\/\",\"url\":\"https:\\\/\\\/www.meydan.tv\\\/az\\\/article\\\/azerbaycanda-masin-istehsali-azalib\\\/\",\"name\":\"Az\u0259rbaycanda ma\u015f\u0131n istehsal\u0131 azal\u0131b - MEYDAN.TV\",\"isPartOf\":{\"@id\":\"https:\\\/\\\/www.meydan.tv\\\/az\\\/#website\"},\"primaryImageOfPage\":{\"@id\":\"https:\\\/\\\/www.meydan.tv\\\/az\\\/article\\\/azerbaycanda-masin-istehsali-azalib\\\/#primaryimage\"},\"image\":{\"@id\":\"https:\\\/\\\/www.meydan.tv\\\/az\\\/article\\\/azerbaycanda-masin-istehsali-azalib\\\/#primaryimage\"},\"thumbnailUrl\":\"https:\\\/\\\/www.meydan.tv\\\/wp-content\\\/uploads\\\/32528.jpg\",\"datePublished\":\"2017-04-18T15:14:19+00:00\",\"breadcrumb\":{\"@id\":\"https:\\\/\\\/www.meydan.tv\\\/az\\\/article\\\/azerbaycanda-masin-istehsali-azalib\\\/#breadcrumb\"},\"inLanguage\":\"az\",\"potentialAction\":[{\"@type\":\"ReadAction\",\"target\":[\"https:\\\/\\\/www.meydan.tv\\\/az\\\/article\\\/azerbaycanda-masin-istehsali-azalib\\\/\"]}]},{\"@type\":\"ImageObject\",\"inLanguage\":\"az\",\"@id\":\"https:\\\/\\\/www.meydan.tv\\\/az\\\/article\\\/azerbaycanda-masin-istehsali-azalib\\\/#primaryimage\",\"url\":\"https:\\\/\\\/www.meydan.tv\\\/wp-content\\\/uploads\\\/32528.jpg\",\"contentUrl\":\"https:\\\/\\\/www.meydan.tv\\\/wp-content\\\/uploads\\\/32528.jpg\",\"width\":738,\"height\":500,\"caption\":\"Source:\"},{\"@type\":\"BreadcrumbList\",\"@id\":\"https:\\\/\\\/www.meydan.tv\\\/az\\\/article\\\/azerbaycanda-masin-istehsali-azalib\\\/#breadcrumb\",\"itemListElement\":[{\"@type\":\"ListItem\",\"position\":1,\"name\":\"Ana s\u0259hif\u0259\",\"item\":\"https:\\\/\\\/www.meydan.tv\\\/az\\\/\"},{\"@type\":\"ListItem\",\"position\":2,\"name\":\"Analitika\",\"item\":\"https:\\\/\\\/www.meydan.tv\\\/az\\\/section\\\/analitika\\\/\"},{\"@type\":\"ListItem\",\"position\":3,\"name\":\"Az\u0259rbaycanda ma\u015f\u0131n istehsal\u0131 azal\u0131b\"}]},{\"@type\":\"WebSite\",\"@id\":\"https:\\\/\\\/www.meydan.tv\\\/az\\\/#website\",\"url\":\"https:\\\/\\\/www.meydan.tv\\\/az\\\/\",\"name\":\"MEYDAN.TV\",\"description\":\"Meydan TV Az\u0259rbaycan\u0131n media m\u0259kan\u0131ndak\u0131 alternativ s\u0259sidir\",\"publisher\":{\"@id\":\"https:\\\/\\\/www.meydan.tv\\\/az\\\/#organization\"},\"potentialAction\":[{\"@type\":\"SearchAction\",\"target\":{\"@type\":\"EntryPoint\",\"urlTemplate\":\"https:\\\/\\\/www.meydan.tv\\\/az\\\/?s={search_term_string}\"},\"query-input\":{\"@type\":\"PropertyValueSpecification\",\"valueRequired\":true,\"valueName\":\"search_term_string\"}}],\"inLanguage\":\"az\"},{\"@type\":\"Organization\",\"@id\":\"https:\\\/\\\/www.meydan.tv\\\/az\\\/#organization\",\"name\":\"Meydan TV\",\"url\":\"https:\\\/\\\/www.meydan.tv\\\/az\\\/\",\"logo\":{\"@type\":\"ImageObject\",\"inLanguage\":\"az\",\"@id\":\"https:\\\/\\\/www.meydan.tv\\\/az\\\/#\\\/schema\\\/logo\\\/image\\\/\",\"url\":\"https:\\\/\\\/www.meydan.tv\\\/wp-content\\\/uploads\\\/2021\\\/07\\\/meydan-logo.svg\",\"contentUrl\":\"https:\\\/\\\/www.meydan.tv\\\/wp-content\\\/uploads\\\/2021\\\/07\\\/meydan-logo.svg\",\"width\":195,\"height\":46,\"caption\":\"Meydan TV\"},\"image\":{\"@id\":\"https:\\\/\\\/www.meydan.tv\\\/az\\\/#\\\/schema\\\/logo\\\/image\\\/\"}},{\"@type\":\"Person\",\"@id\":\"https:\\\/\\\/www.meydan.tv\\\/az\\\/#\\\/schema\\\/person\\\/10d11eccf6da3662cf5fdab9806ea91a\",\"name\":\"user-manager\"}]}<\/script>\n<!-- \/ Yoast SEO plugin. -->","yoast_head_json":{"title":"Az\u0259rbaycanda ma\u015f\u0131n istehsal\u0131 azal\u0131b - MEYDAN.TV","robots":{"index":"index","follow":"follow","max-snippet":"max-snippet:-1","max-image-preview":"max-image-preview:large","max-video-preview":"max-video-preview:-1"},"canonical":"https:\/\/www.meydan.tv\/az\/article\/azerbaycanda-masin-istehsali-azalib\/","og_locale":"az_AZ","og_type":"article","og_title":"Az\u0259rbaycanda ma\u015f\u0131n istehsal\u0131 azal\u0131b - MEYDAN.TV","og_description":"M\u0259h\u0259mm\u0259d Tal\u0131bl\u0131: ''Bu avtomobill\u0259r ixracy\u00f6n\u00fcml\u00fc olmad\u0131\u011f\u0131ndan zavodlar da ba\u011flanmaq m\u0259cburiyy\u0259tind\u0259 qal\u0131blar''","og_url":"https:\/\/www.meydan.tv\/az\/article\/azerbaycanda-masin-istehsali-azalib\/","og_site_name":"MEYDAN.TV","article_published_time":"2017-04-18T15:14:19+00:00","og_image":[{"width":738,"height":500,"url":"https:\/\/www.meydan.tv\/wp-content\/uploads\/32528.jpg","type":"image\/jpeg"}],"author":"user-manager","twitter_card":"summary_large_image","schema":{"@context":"https:\/\/schema.org","@graph":[{"@type":"Article","@id":"https:\/\/www.meydan.tv\/az\/article\/azerbaycanda-masin-istehsali-azalib\/#article","isPartOf":{"@id":"https:\/\/www.meydan.tv\/az\/article\/azerbaycanda-masin-istehsali-azalib\/"},"author":{"name":"user-manager","@id":"https:\/\/www.meydan.tv\/az\/#\/schema\/person\/10d11eccf6da3662cf5fdab9806ea91a"},"headline":"Az\u0259rbaycanda ma\u015f\u0131n istehsal\u0131 azal\u0131b","datePublished":"2017-04-18T15:14:19+00:00","mainEntityOfPage":{"@id":"https:\/\/www.meydan.tv\/az\/article\/azerbaycanda-masin-istehsali-azalib\/"},"wordCount":723,"publisher":{"@id":"https:\/\/www.meydan.tv\/az\/#organization"},"image":{"@id":"https:\/\/www.meydan.tv\/az\/article\/azerbaycanda-masin-istehsali-azalib\/#primaryimage"},"thumbnailUrl":"https:\/\/www.meydan.tv\/wp-content\/uploads\/32528.jpg","articleSection":["Analitika"],"inLanguage":"az"},{"@type":"WebPage","@id":"https:\/\/www.meydan.tv\/az\/article\/azerbaycanda-masin-istehsali-azalib\/","url":"https:\/\/www.meydan.tv\/az\/article\/azerbaycanda-masin-istehsali-azalib\/","name":"Az\u0259rbaycanda ma\u015f\u0131n istehsal\u0131 azal\u0131b - MEYDAN.TV","isPartOf":{"@id":"https:\/\/www.meydan.tv\/az\/#website"},"primaryImageOfPage":{"@id":"https:\/\/www.meydan.tv\/az\/article\/azerbaycanda-masin-istehsali-azalib\/#primaryimage"},"image":{"@id":"https:\/\/www.meydan.tv\/az\/article\/azerbaycanda-masin-istehsali-azalib\/#primaryimage"},"thumbnailUrl":"https:\/\/www.meydan.tv\/wp-content\/uploads\/32528.jpg","datePublished":"2017-04-18T15:14:19+00:00","breadcrumb":{"@id":"https:\/\/www.meydan.tv\/az\/article\/azerbaycanda-masin-istehsali-azalib\/#breadcrumb"},"inLanguage":"az","potentialAction":[{"@type":"ReadAction","target":["https:\/\/www.meydan.tv\/az\/article\/azerbaycanda-masin-istehsali-azalib\/"]}]},{"@type":"ImageObject","inLanguage":"az","@id":"https:\/\/www.meydan.tv\/az\/article\/azerbaycanda-masin-istehsali-azalib\/#primaryimage","url":"https:\/\/www.meydan.tv\/wp-content\/uploads\/32528.jpg","contentUrl":"https:\/\/www.meydan.tv\/wp-content\/uploads\/32528.jpg","width":738,"height":500,"caption":"Source:"},{"@type":"BreadcrumbList","@id":"https:\/\/www.meydan.tv\/az\/article\/azerbaycanda-masin-istehsali-azalib\/#breadcrumb","itemListElement":[{"@type":"ListItem","position":1,"name":"Ana s\u0259hif\u0259","item":"https:\/\/www.meydan.tv\/az\/"},{"@type":"ListItem","position":2,"name":"Analitika","item":"https:\/\/www.meydan.tv\/az\/section\/analitika\/"},{"@type":"ListItem","position":3,"name":"Az\u0259rbaycanda ma\u015f\u0131n istehsal\u0131 azal\u0131b"}]},{"@type":"WebSite","@id":"https:\/\/www.meydan.tv\/az\/#website","url":"https:\/\/www.meydan.tv\/az\/","name":"MEYDAN.TV","description":"Meydan TV Az\u0259rbaycan\u0131n media m\u0259kan\u0131ndak\u0131 alternativ s\u0259sidir","publisher":{"@id":"https:\/\/www.meydan.tv\/az\/#organization"},"potentialAction":[{"@type":"SearchAction","target":{"@type":"EntryPoint","urlTemplate":"https:\/\/www.meydan.tv\/az\/?s={search_term_string}"},"query-input":{"@type":"PropertyValueSpecification","valueRequired":true,"valueName":"search_term_string"}}],"inLanguage":"az"},{"@type":"Organization","@id":"https:\/\/www.meydan.tv\/az\/#organization","name":"Meydan TV","url":"https:\/\/www.meydan.tv\/az\/","logo":{"@type":"ImageObject","inLanguage":"az","@id":"https:\/\/www.meydan.tv\/az\/#\/schema\/logo\/image\/","url":"https:\/\/www.meydan.tv\/wp-content\/uploads\/2021\/07\/meydan-logo.svg","contentUrl":"https:\/\/www.meydan.tv\/wp-content\/uploads\/2021\/07\/meydan-logo.svg","width":195,"height":46,"caption":"Meydan TV"},"image":{"@id":"https:\/\/www.meydan.tv\/az\/#\/schema\/logo\/image\/"}},{"@type":"Person","@id":"https:\/\/www.meydan.tv\/az\/#\/schema\/person\/10d11eccf6da3662cf5fdab9806ea91a","name":"user-manager"}]}},"_links":{"self":[{"href":"https:\/\/www.meydan.tv\/az\/wp-json\/wp\/v2\/posts\/183775","targetHints":{"allow":["GET"]}}],"collection":[{"href":"https:\/\/www.meydan.tv\/az\/wp-json\/wp\/v2\/posts"}],"about":[{"href":"https:\/\/www.meydan.tv\/az\/wp-json\/wp\/v2\/types\/post"}],"author":[{"embeddable":true,"href":"https:\/\/www.meydan.tv\/az\/wp-json\/wp\/v2\/users\/11"}],"replies":[{"embeddable":true,"href":"https:\/\/www.meydan.tv\/az\/wp-json\/wp\/v2\/comments?post=183775"}],"version-history":[{"count":0,"href":"https:\/\/www.meydan.tv\/az\/wp-json\/wp\/v2\/posts\/183775\/revisions"}],"wp:featuredmedia":[{"embeddable":true,"href":"https:\/\/www.meydan.tv\/az\/wp-json\/wp\/v2\/media\/82991"}],"wp:attachment":[{"href":"https:\/\/www.meydan.tv\/az\/wp-json\/wp\/v2\/media?parent=183775"}],"wp:term":[{"taxonomy":"category","embeddable":true,"href":"https:\/\/www.meydan.tv\/az\/wp-json\/wp\/v2\/categories?post=183775"},{"taxonomy":"post_tag","embeddable":true,"href":"https:\/\/www.meydan.tv\/az\/wp-json\/wp\/v2\/tags?post=183775"}],"curies":[{"name":"wp","href":"https:\/\/api.w.org\/{rel}","templated":true}]}}