{"id":183767,"date":"2017-04-18T01:39:13","date_gmt":"2017-04-18T01:39:13","guid":{"rendered":"https:\/\/www.meydan.tv\/article\/turkiye-cumhuriyyeti-niye-cokdu\/"},"modified":"2017-04-18T01:39:13","modified_gmt":"2017-04-18T01:39:13","slug":"turkiye-cumhuriyyeti-niye-cokdu","status":"publish","type":"post","link":"https:\/\/www.meydan.tv\/az\/article\/turkiye-cumhuriyyeti-niye-cokdu\/","title":{"rendered":"T\u00fcrkiy\u0259 C\u00fcmhuriyy\u0259ti niy\u0259 &#8221;\u00e7\u00f6kd\u00fc&#8221;?"},"content":{"rendered":"<figure class=\"wp-block-image size-large\">\n  <img decoding=\"async\" src=\"https:\/\/www.meydan.tv\/az\/referendumdan-sonra\/\" alt=\"Referendumdan sonra\" class=\"wp-image-82711\"\/><figcaption>\n    Referendumdan sonra<br \/>\n  <\/figcaption><\/figure>\n<p>\n  T\u00fcrkiy\u0259d\u0259ki referendumda g\u00f6zl\u0259nilm\u0259z bir \u015fey ba\u015f verm\u0259di, m\u0259nc\u0259. Bir q\u0259d\u0259r \u2013 laz\u0131m olan q\u0259d\u0259r saxtakarl\u0131q v\u0259 Atat\u00fcrk c\u00fcmhuriyy\u0259tinin y\u0131x\u0131lmas\u0131. Niy\u0259, bu, ba\u015f verdi? T\u00fcrkiy\u0259 bundan sonra hara ged\u0259c\u0259k?\n<\/p>\n<p>\n  Bu hadis\u0259nin h\u0259m tarixi, h\u0259m d\u0259 indiki d\u00f6vr\u00fcn t\u0259l\u0259bl\u0259rin\u0259 aid edil\u0259 bil\u0259n s\u0259b\u0259bl\u0259ri var. Tarixi s\u0259b\u0259bl\u0259r odur ki, T\u00fcrkiy\u0259 demokratiyan\u0131 \u00e7ox unikal yolla qurmu\u015f \u00f6lk\u0259dir. T\u00fcrkiy\u0259d\u0259 modernist-liberal \u0259saslar Atat\u00fcrk t\u0259r\u0259find\u0259n qurulub. Atat\u00fcrk \u00f6z\u00fc diktator olsa da, \u00f6lk\u0259sinin orta \u0259srl\u0259r qaranl\u0131\u011f\u0131ndan qurtulmas\u0131 \u00fc\u00e7\u00fcn \u0259v\u0259zsiz i\u015fl\u0259r g\u00f6r\u00fcb v\u0259 xeyli m\u0259nada buna nail olub. T\u00fcrkiy\u0259nin demokratikl\u0259\u015fm\u0259si is\u0259 NATO-nun t\u0259l\u0259bl\u0259ri \u0259sas\u0131nda ba\u015f verib. T\u00fcrkiy\u0259 1952-ci ild\u0259 NATO-ya \u00fczv olmaqla Q\u0259rb ail\u0259sin\u0259 qo\u015fuldu, SSR\u0130-d\u0259n uzaqla\u015fd\u0131 v\u0259 Q\u0259rbin bir \u00e7ox x\u00fcsusiyy\u0259ti kimi demokratiyas\u0131n\u0131 da t\u0259tbiq etm\u0259y\u0259 m\u0259cbur oldu.\n<\/p>\n<p>\n  Amma demokratiyan\u0131 \u00f6z\u00fcn\u0259m\u0259xsus formada t\u0259tbiq etdi. Bel\u0259 ki, T\u00fcrkiy\u0259d\u0259 ordu demokratiyan\u0131n qoruyucusu say\u0131l\u0131rd\u0131. Atat\u00fcrk \u00f6z\u00fc general idi v\u0259 T\u00fcrkiy\u0259 C\u00fcmhuriyy\u0259ti \u00f6z\u00fc \u0259slind\u0259 bir darbe n\u0259tic\u0259sind\u0259 yarad\u0131l\u0131b. Ona g\u00f6r\u0259 d\u0259 T\u00fcrkiy\u0259d\u0259 ordunun darbe ed\u0259r\u0259k, qeyri-demokratik meyll\u0259ri olan q\u00fcvv\u0259l\u0259ri hakimiyy\u0259td\u0259n uzaqla\u015fd\u0131rmas\u0131 v\u0259 ya bel\u0259 q\u00fcvv\u0259l\u0259r\u0259 qar\u015f\u0131 m\u00fcbariz\u0259 \u00e7\u0259r\u00e7iv\u0259sind\u0259 hakimiyy\u0259ti \u0259l\u0259 ke\u00e7irm\u0259si tarix\u0259n adi hal al\u0131b.\n<\/p>\n<p>\n  Ordu \u0259sas 2 qeyri-demokratik q\u00fcvv\u0259y\u0259 qar\u015f\u0131 bu m\u00fcbariz\u0259ni apar\u0131b \u2013 dindarlara v\u0259 kommunistl\u0259r\u0259 qar\u015f\u0131. H\u0259r iki q\u00fcvv\u0259nin m\u0259qs\u0259di demokratik \u00fcsuldan sui-istifad\u0259 ed\u0259r\u0259k, liberal-modernist demokratiyan\u0131 m\u0259hv etm\u0259k olub. 1960-c\u0131 ilin darbesi Adnan Menderesin dini hakimiyy\u0259t meyll\u0259rin\u0259 qar\u015f\u0131 idis\u0259, 1980-ci ilin darbesi \u00f6z inki\u015faf\u0131n\u0131n zirv\u0259sind\u0259 olan SSR\u0130-d\u0259n c\u0259nub qon\u015fular\u0131na qar\u015f\u0131 g\u0259l\u0259n kommunizm t\u0259hl\u00fck\u0259sini \u00f6nl\u0259m\u0259y\u0259 y\u00f6n\u0259lmi\u015fdi. \u018ffqan\u0131stan v\u0259 \u0130randa art\u0131q hakimiyy\u0259tl\u0259r d\u0259yi\u015fmi\u015f, anti-Q\u0259rb q\u00fcvv\u0259l\u0259r hakimiyy\u0259ti \u0259l\u0259 ke\u00e7irmi\u015fdi. Amma bu d\u00f6vl\u0259tl\u0259rd\u0259 bu d\u0259yi\u015fiklikl\u0259rd\u0259n d\u0259 \u0259vv\u0259l demokratik hakimiyy\u0259tl\u0259r olmad\u0131\u011f\u0131na g\u00f6r\u0259, onlarda rejimi d\u0259yi\u015fm\u0259k i\u015f\u011fal v\u0259 inqilab yolu il\u0259 m\u00fcmk\u00fcn olmu\u015fdu. T\u00fcrkiy\u0259d\u0259 is\u0259 demokratiya, y\u0259ni k\u00fctl\u0259l\u0259ri manipulyasiya etm\u0259yin leqal yollar\u0131 var idi.\n<\/p>\n<p>\n  N\u0259tic\u0259 T\u00fcrkiy\u0259 \u00fc\u00e7\u00fcn da\u011f\u0131d\u0131c\u0131 idi, sol\u00e7u v\u0259 sa\u011f\u00e7\u0131 g\u0259ncl\u0259rin aras\u0131nda olan g\u00fcnd\u0259lik toqqu\u015fmalar tez-tez qanl\u0131 xarakter al\u0131rd\u0131. Ordu b\u00f6y\u00fcy\u0259n t\u0259hl\u00fck\u0259ni \u00f6nl\u0259m\u0259k m\u0259qs\u0259dil\u0259 hakimiyy\u0259t\u0259 \u0259l qoydu v\u0259 m\u00fcv\u0259qq\u0259ti olaraq, demokratiyan\u0131 r\u0259f\u0259 qald\u0131rd\u0131. Ordunun m\u00fcv\u0259qq\u0259ti olan bu qeyri-demokratik idar\u0259etm\u0259si \u00e7ox q\u0259ddar oldu v\u0259 T\u00fcrkiy\u0259d\u0259 dindarlardan ba\u015fqa ayaq \u00fcst\u0259 qala bil\u0259n qeyri-h\u0259rbi toplum buraxmad\u0131. \u00c7\u00fcnki 1980 darbesind\u0259 \u0259sas h\u0259d\u0259f toqqu\u015fan sol\u00e7ular v\u0259 mill\u0259t\u00e7il\u0259r idi. T\u0259sad\u00fcfi deyil ki, h\u0259rbi xuntan\u0131n idar\u0259\u00e7iliyi davam ed\u0259n m\u00fcdd\u0259td\u0259 prezidentlik etmi\u015f \u015f\u0259xs \u2013 Turqut \u00d6zal da dini hakimiyy\u0259t\u0259 meylli olmas\u0131 il\u0259 tan\u0131n\u0131r.\n<\/p>\n<p>\n  Amma Turqut \u00d6zal bu niyy\u0259tini h\u0259yata ke\u00e7ir\u0259 bilm\u0259di v\u0259 ondan sonra tez-tez d\u0259yi\u015f\u0259n h\u00f6kum\u0259tl\u0259r fonunda demokratik hakimiyy\u0259t b\u00f6hranlar\u0131 ya\u015fand\u0131. Necmettin Erbakan da 1997-d\u0259 dini hakimiyy\u0259t\u0259 meyl ets\u0259 d\u0259, ordunun \u201cpost-modern darbe\u201d ad\u0131 il\u0259 tan\u0131nan \u0259m\u0259liyyat\u0131 n\u0259tic\u0259sind\u0259 o, hakimiyy\u0259td\u0259n getdi. B\u00fct\u00fcn bu \u201cg\u00f6z\u00fc \u00e7\u0131xm\u0131\u015f qarda\u015flar\u201d \u2013 Menderes, \u00d6zal, Erbakan \u018frdo\u011fan \u00fc\u00e7\u00fcn yax\u015f\u0131 \u201cd\u0259rs v\u0259saiti\u201d oldular. \u018frdo\u011fan \u0259la natiq, manipulyator, k\u00fctl\u0259l\u0259ri \u0259lind\u0259 oynatma\u011f\u0131 bacaran liderdir. Bunu o q\u0259d\u0259r yax\u015f\u0131 bacar\u0131r ki, bir ne\u00e7\u0259 ay f\u0259rql\u0259 bir-birin\u0259 180 d\u0259r\u0259c\u0259 zidd s\u00f6zl\u0259r des\u0259 d\u0259, onu sev\u0259nl\u0259r art\u0131r, \u00f6l\u00fcm\u00fcn\u0259 d\u0259st\u0259kl\u0259yirl\u0259r.\n<\/p>\n<p>\n  K\u00f6hn\u0259 \u00fcsul 2002-d\u0259n 2017-\u0259 q\u0259d\u0259r d\u0259f\u0259l\u0259rl\u0259 \u018frdo\u011fan\u0131n i\u015fin\u0259 yarad\u0131 \u2013 s\u0259sverm\u0259 yolu il\u0259 demokratiyan\u0131 devirm\u0259k. Bu ill\u0259r \u0259rzind\u0259 o, gah k\u00fcrdl\u0259r\u0259 apelyasiya etdi, gah da mill\u0259t\u00e7il\u0259r\u0259, gah Q\u0259rb\u0259, gah da Rusiyaya. G\u00f6r\u00fcn\u0259n n\u0259tic\u0259 budur ki, ham\u0131s\u0131ndan u\u011furla \u00e7\u0131xd\u0131. Sonuncu referendumda is\u0259 saxtala\u015fd\u0131rma iddialar\u0131 g\u00fccl\u00fc oldu, \u018frdo\u011fan\u0131n \u00f6z\u00fcn\u00fcn v\u0259 onun oyuncaq ba\u015f nazirinin t\u0259l\u0259sik n\u0259tic\u0259l\u0259ri elan etm\u0259l\u0259ri, etirazlar\u0131n m\u0259nas\u0131z oldu\u011funu dem\u0259l\u0259ri d\u0259 onu g\u00f6st\u0259rir ki, s\u0259sverm\u0259 prosesi \u015f\u0259ffaf v\u0259 demokratik olmay\u0131b.\n<\/p>\n<p>\n  Y\u0259ni \u018frdo\u011fan art\u0131q saxtakarl\u0131\u011fa \u0259l ata bilir. Onun \u00fc\u00e7\u00fcn vasit\u0259 olaraq da demokratiyan\u0131n \u2013 s\u0259sverm\u0259nin \u00f6mr\u00fc bitib. Buna q\u0259d\u0259r ona m\u0259hdudiyy\u0259t qoyan xalq\u0131n irad\u0259sinin ifad\u0259 t\u0259rzinin demokratik olmas\u0131 v\u0259 \u018frdo\u011fan\u0131n bu ifad\u0259 t\u0259rzin\u0259 i\u015fl\u0259m\u0259y\u0259 m\u0259cbur olmas\u0131 idi. Amma indi \u0259ld\u0259 saxtala\u015fd\u0131rma varsa, xalq\u0131n irad\u0259si yanl\u0131\u015f \u00e7atd\u0131r\u0131la bilirs\u0259, demokratik vasit\u0259y\u0259 sadiq qalma\u011fa n\u0259 hac\u0259t?! \u018frdo\u011fan\u0131n \u0259lind\u0259 onun bir \u0259mri il\u0259 sekulyarlar\u0131, kemalistl\u0259ri didm\u0259y\u0259 haz\u0131r olan milyonlarla t\u00fcrk v\u0259 suriyal\u0131 var. Vasit\u0259 d\u0259yi\u015fib \u2013 demokratik yar\u0131\u015fdan qorxuya, h\u0259d\u0259y\u0259 v\u0259 bunlar\u0131n b\u0259z\u0259n realla\u015fd\u0131r\u0131lmas\u0131na ke\u00e7ib. 15 iyul darbe c\u0259hdi zaman\u0131 insanlar\u0131n \u0259sg\u0259rl\u0259ri d\u00f6ym\u0259si, b\u0259zi iddialara g\u00f6r\u0259 lin\u00e7 zaman\u0131 \u00f6ld\u00fcrm\u0259si \u018frdo\u011fan\u0131n T\u00fcrkiy\u0259y\u0259 mesaj\u0131 idi \u2013 \u201cm\u0259nim \u0259limd\u0259 el\u0259 bir g\u00fcc var ki, sizin demokratiya qoruyucusu olan \u0259sg\u0259rinizi d\u0259 par\u00e7alayar.\u201d\n<\/p>\n<p>\n  B\u0259s \u018frdo\u011fan niy\u0259 15 il \u0259rzind\u0259 bu referendumu ke\u00e7irm\u0259di, m\u0259hz indi ke\u00e7irdi? Bunun s\u0259b\u0259bi d\u00fcnyan\u0131n haz\u0131rk\u0131 v\u0259ziyy\u0259tidir. \u0130ndi d\u00fcnya populist sa\u011f\u0131n liberalizm, sosial-demokratiya \u00fcz\u0259rind\u0259 triumfunu izl\u0259yir. Trump, Brexit anqlo-sakson liberalizmini m\u0259\u011flub etdi. Kontinental Avropan\u0131n q\u0259rbi h\u0259l\u0259 dir\u0259ns\u0259 d\u0259, \u015e\u0259rq art\u0131q t\u0259slim olur. Orban\u0131n g\u00fccl\u0259n\u0259n avtoritarizmi, Pol\u015fan\u0131n yeni m\u00fchafiz\u0259kar h\u00f6kum\u0259tinin anti-demokratik islahatlar\u0131, \u00c7exiyan\u0131n rusp\u0259r\u0259st prezidenti&#8230; Bunlar demokratik \u00f6lk\u0259l\u0259rin b\u00f6hran\u0131d\u0131r. B\u00fct\u00fcn bunlar\u0131n fonunda is\u0259 f\u00fcrs\u0259t g\u00f6zl\u0259y\u0259n qeyri-demokratik d\u00f6vl\u0259tl\u0259rin h\u00f6kum\u0259tl\u0259ri \u00f6z siyas\u0259tl\u0259rini ekspansionist hala g\u0259tiribl\u0259r. Rusiya v\u0259 \u0130ran uzun m\u00fcdd\u0259td\u0259n sonra ilk d\u0259f\u0259dir ki, \u00f6z s\u0259rh\u0259dl\u0259rind\u0259n k\u0259narda b\u00f6y\u00fck ordu il\u0259 vuru\u015fur. Onlar\u0131n satellitl\u0259ri d\u0259 qeyri-demokratik siyas\u0259ti g\u00fccl\u0259ndiribl\u0259r. T\u00fcrkiy\u0259 d\u0259 \u00f6z z\u0259if institutla\u015fma s\u0259viyy\u0259si il\u0259 bu sunaminin qar\u015f\u0131s\u0131nda dura bilm\u0259di v\u0259 onsuz da ba\u015f\u0131nda bu f\u00fcrs\u0259ti g\u00f6zl\u0259y\u0259n bir prezidentl\u0259 d\u0259rhal bu anti-demokratiya, anti-liberalizm dal\u011fas\u0131n\u0131n quca\u011f\u0131na d\u00fc\u015fd\u00fc.\n<\/p>\n<p>\n  D\u00fcnyada bu dal\u011fan\u0131n yaranmas\u0131n\u0131n s\u0259b\u0259bi bundan \u0259vv\u0259lki a\u015f\u0131r\u0131 beyn\u0259lmil\u0259l, sol dal\u011fan\u0131n yatmas\u0131 v\u0259 Obaman\u0131n yanl\u0131\u015f beyn\u0259lxalq gedi\u015fl\u0259ridir, amma bu, ba\u015fqa s\u00f6hb\u0259tin m\u00f6vzusudur.\n<\/p>\n<p>\n  Haz\u0131rda T\u00fcrkiy\u0259 yegan\u0259 demokratik m\u00fcs\u0259lman \u00e7oxlu\u011fu olan \u00f6lk\u0259 statusunu itirib v\u0259 islamla demokratiyan\u0131n bir araya s\u0131\u011fa bilm\u0259m\u0259si, \u015e\u0259rql\u0259 Q\u0259rbin tamam f\u0259rqli insanlardan v\u0259 ya canl\u0131lardan ibar\u0259t olmas\u0131 kimi a\u015f\u0131r\u0131 sa\u011f\u00e7\u0131 fikirl\u0259rin \u0259lin\u0259 oynay\u0131r. Buna g\u00f6r\u0259 d\u0259 d\u00fcnyada haz\u0131rda m\u00f6vqel\u0259ri \u00fcst-\u00fcst\u0259 d\u00fc\u015f\u0259n liderl\u0259r Trump, Theresa May, Putin, \u018frdo\u011fand\u0131r.\n<\/p>\n<p>\n  Redyard Kiplinqin \u201c\u015e\u0259rq \u015e\u0259rqdir, Q\u0259rb Q\u0259rbdir\u201d sad\u0259, amma rasist fikri \u00f6z yeni do\u011fulu\u015funu ya\u015fay\u0131r. T\u00fcrkiy\u0259 m\u00fcs\u0259lmanlar\u0131n \u00f6lk\u0259l\u0259rin\u0259 burax\u0131lmas\u0131n\u0131n \u0259leyhin\u0259 olan m\u00fchafiz\u0259kar q\u0259rblil\u0259ri haql\u0131 \u00e7\u0131xard\u0131r, t\u0259\u0259ss\u00fcf ki. D\u00fcnyada ged\u0259n bu anti-demokratik dal\u011fan\u0131n n\u00f6vb\u0259ti 4-10 il \u0259rzind\u0259 yataca\u011f\u0131 g\u00f6zl\u0259nil\u0259ndir. Britaniyada, AB\u015e-da hakimiyy\u0259tl\u0259r d\u0259yi\u015fdikc\u0259, Avropa Birliyi g\u00fccl\u0259ndikc\u0259, iqtisadi probleml\u0259r Rusiyan\u0131 \u00f6z i\u015f\u011fallar\u0131ndan geri \u00e7\u0259kilm\u0259y\u0259 s\u00f6vq etdikc\u0259, T\u00fcrkiy\u0259 v\u0259 \u0130ran kimi ortada \u00e7\u0131rp\u0131nan d\u00f6vl\u0259tl\u0259rd\u0259 d\u0259 d\u0259yi\u015fiklikl\u0259r\u0259 yol a\u00e7acaq. \u018frdo\u011fan\u0131n avtoritarizmi xarizmatik hakimiyy\u0259t n\u00f6v\u00fcn\u0259 aiddir. O, daha \u00e7ox \u00f6z xarizmas\u0131, n\u00fcfuzu il\u0259 qalib g\u0259lir. Ona g\u00f6r\u0259 d\u0259 \u018frdo\u011fandan sonra (\u00f6ld\u00fckd\u0259n v\u0259 ya ba\u015fqa yolla hakimiyy\u0259td\u0259n getdikd\u0259n sonra) bu siyas\u0259ti T\u00fcrkiy\u0259d\u0259 davam etdirm\u0259y\u0259 adam olmayacaq. Maksimalist s\u0259viyy\u0259d\u0259 qrupla\u015fm\u0131\u015f toplum olan T\u00fcrkiy\u0259 yen\u0259 \u00f6z\u00fcn\u00fcn parlamentar, b\u00f6hranl\u0131 h\u00f6kum\u0259tl\u0259rd\u0259n ibar\u0259t demokratik d\u00f6vr\u00fcn\u0259 geri qay\u0131dacaq. T\u0259bii ki, bu, zaman alacaq v\u0259 c\u0259miyy\u0259t\u0259 on ill\u0259rl\u0259 sa\u011fala bilm\u0259y\u0259n yaralar vuracaq (art\u0131q xeylisi vurulub).\n<\/p>\n<\/p>\n<p>\n  <i><br \/>\n    <b><br \/>\n      Yaz\u0131 m\u00fc\u0259llifin fikirl\u0259rini \u0259ks etdirir v\u0259 Meydan TV-nin m\u00f6vqeyi il\u0259 \u00fcst-\u00fcst\u0259 d\u00fc\u015fm\u0259y\u0259 bil\u0259r.<br \/>\n    <\/b><br \/>\n  <\/i><\/p>\n","protected":false},"excerpt":{"rendered":"<p>T\u00fcrkiy\u0259d\u0259ki referendumda g\u00f6zl\u0259nilm\u0259z bir \u015fey ba\u015f verm\u0259di, m\u0259nc\u0259.<\/p>\n","protected":false},"author":11,"featured_media":82711,"comment_status":"closed","ping_status":"open","sticky":false,"template":"","format":"standard","meta":{"_acf_changed":false,"_sitemap_exclude":false,"_sitemap_priority":"","_sitemap_frequency":"","footnotes":""},"categories":[57],"tags":[],"class_list":["post-183767","post","type-post","status-publish","format-standard","has-post-thumbnail","hentry","category-menim-fikrimce","infinite-scroll-item","generate-columns","tablet-grid-50","mobile-grid-100","grid-parent","grid-33","no-featured-image-padding"],"acf":[],"yoast_head":"<!-- This site is optimized with the Yoast SEO plugin v27.5 - https:\/\/yoast.com\/product\/yoast-seo-wordpress\/ -->\n<title>T\u00fcrkiy\u0259 C\u00fcmhuriyy\u0259ti niy\u0259 &#039;&#039;\u00e7\u00f6kd\u00fc&#039;&#039;? - MEYDAN.TV<\/title>\n<meta name=\"robots\" content=\"index, follow, max-snippet:-1, max-image-preview:large, max-video-preview:-1\" \/>\n<link rel=\"canonical\" href=\"https:\/\/www.meydan.tv\/az\/article\/turkiye-cumhuriyyeti-niye-cokdu\/\" \/>\n<meta property=\"og:locale\" content=\"az_AZ\" \/>\n<meta property=\"og:type\" content=\"article\" \/>\n<meta property=\"og:title\" content=\"T\u00fcrkiy\u0259 C\u00fcmhuriyy\u0259ti niy\u0259 &#039;&#039;\u00e7\u00f6kd\u00fc&#039;&#039;? - MEYDAN.TV\" \/>\n<meta property=\"og:description\" content=\"T\u00fcrkiy\u0259d\u0259ki referendumda g\u00f6zl\u0259nilm\u0259z bir \u015fey ba\u015f verm\u0259di, m\u0259nc\u0259.\" \/>\n<meta property=\"og:url\" content=\"https:\/\/www.meydan.tv\/az\/article\/turkiye-cumhuriyyeti-niye-cokdu\/\" \/>\n<meta property=\"og:site_name\" content=\"MEYDAN.TV\" \/>\n<meta property=\"article:published_time\" content=\"2017-04-18T01:39:13+00:00\" \/>\n<meta property=\"og:image\" content=\"https:\/\/www.meydan.tv\/wp-content\/uploads\/32522.jpg\" \/>\n\t<meta property=\"og:image:width\" content=\"660\" \/>\n\t<meta property=\"og:image:height\" content=\"371\" \/>\n\t<meta property=\"og:image:type\" content=\"image\/jpeg\" \/>\n<meta name=\"author\" content=\"user-manager\" \/>\n<meta name=\"twitter:card\" content=\"summary_large_image\" \/>\n<script type=\"application\/ld+json\" class=\"yoast-schema-graph\">{\"@context\":\"https:\\\/\\\/schema.org\",\"@graph\":[{\"@type\":\"Article\",\"@id\":\"https:\\\/\\\/www.meydan.tv\\\/az\\\/article\\\/turkiye-cumhuriyyeti-niye-cokdu\\\/#article\",\"isPartOf\":{\"@id\":\"https:\\\/\\\/www.meydan.tv\\\/az\\\/article\\\/turkiye-cumhuriyyeti-niye-cokdu\\\/\"},\"author\":{\"name\":\"user-manager\",\"@id\":\"https:\\\/\\\/www.meydan.tv\\\/az\\\/#\\\/schema\\\/person\\\/10d11eccf6da3662cf5fdab9806ea91a\"},\"headline\":\"T\u00fcrkiy\u0259 C\u00fcmhuriyy\u0259ti niy\u0259 &#8221;\u00e7\u00f6kd\u00fc&#8221;?\",\"datePublished\":\"2017-04-18T01:39:13+00:00\",\"mainEntityOfPage\":{\"@id\":\"https:\\\/\\\/www.meydan.tv\\\/az\\\/article\\\/turkiye-cumhuriyyeti-niye-cokdu\\\/\"},\"wordCount\":1603,\"publisher\":{\"@id\":\"https:\\\/\\\/www.meydan.tv\\\/az\\\/#organization\"},\"image\":{\"@id\":\"https:\\\/\\\/www.meydan.tv\\\/az\\\/article\\\/turkiye-cumhuriyyeti-niye-cokdu\\\/#primaryimage\"},\"thumbnailUrl\":\"https:\\\/\\\/www.meydan.tv\\\/wp-content\\\/uploads\\\/32522.jpg\",\"articleSection\":[\"M\u0259nim Fikrimc\u0259\"],\"inLanguage\":\"az\"},{\"@type\":\"WebPage\",\"@id\":\"https:\\\/\\\/www.meydan.tv\\\/az\\\/article\\\/turkiye-cumhuriyyeti-niye-cokdu\\\/\",\"url\":\"https:\\\/\\\/www.meydan.tv\\\/az\\\/article\\\/turkiye-cumhuriyyeti-niye-cokdu\\\/\",\"name\":\"T\u00fcrkiy\u0259 C\u00fcmhuriyy\u0259ti niy\u0259 ''\u00e7\u00f6kd\u00fc''? - MEYDAN.TV\",\"isPartOf\":{\"@id\":\"https:\\\/\\\/www.meydan.tv\\\/az\\\/#website\"},\"primaryImageOfPage\":{\"@id\":\"https:\\\/\\\/www.meydan.tv\\\/az\\\/article\\\/turkiye-cumhuriyyeti-niye-cokdu\\\/#primaryimage\"},\"image\":{\"@id\":\"https:\\\/\\\/www.meydan.tv\\\/az\\\/article\\\/turkiye-cumhuriyyeti-niye-cokdu\\\/#primaryimage\"},\"thumbnailUrl\":\"https:\\\/\\\/www.meydan.tv\\\/wp-content\\\/uploads\\\/32522.jpg\",\"datePublished\":\"2017-04-18T01:39:13+00:00\",\"breadcrumb\":{\"@id\":\"https:\\\/\\\/www.meydan.tv\\\/az\\\/article\\\/turkiye-cumhuriyyeti-niye-cokdu\\\/#breadcrumb\"},\"inLanguage\":\"az\",\"potentialAction\":[{\"@type\":\"ReadAction\",\"target\":[\"https:\\\/\\\/www.meydan.tv\\\/az\\\/article\\\/turkiye-cumhuriyyeti-niye-cokdu\\\/\"]}]},{\"@type\":\"ImageObject\",\"inLanguage\":\"az\",\"@id\":\"https:\\\/\\\/www.meydan.tv\\\/az\\\/article\\\/turkiye-cumhuriyyeti-niye-cokdu\\\/#primaryimage\",\"url\":\"https:\\\/\\\/www.meydan.tv\\\/wp-content\\\/uploads\\\/32522.jpg\",\"contentUrl\":\"https:\\\/\\\/www.meydan.tv\\\/wp-content\\\/uploads\\\/32522.jpg\",\"width\":660,\"height\":371,\"caption\":\"Source:\"},{\"@type\":\"BreadcrumbList\",\"@id\":\"https:\\\/\\\/www.meydan.tv\\\/az\\\/article\\\/turkiye-cumhuriyyeti-niye-cokdu\\\/#breadcrumb\",\"itemListElement\":[{\"@type\":\"ListItem\",\"position\":1,\"name\":\"Ana s\u0259hif\u0259\",\"item\":\"https:\\\/\\\/www.meydan.tv\\\/az\\\/\"},{\"@type\":\"ListItem\",\"position\":2,\"name\":\"M\u0259nim Fikrimc\u0259\",\"item\":\"https:\\\/\\\/www.meydan.tv\\\/az\\\/section\\\/menim-fikrimce\\\/\"},{\"@type\":\"ListItem\",\"position\":3,\"name\":\"T\u00fcrkiy\u0259 C\u00fcmhuriyy\u0259ti niy\u0259 &#8221;\u00e7\u00f6kd\u00fc&#8221;?\"}]},{\"@type\":\"WebSite\",\"@id\":\"https:\\\/\\\/www.meydan.tv\\\/az\\\/#website\",\"url\":\"https:\\\/\\\/www.meydan.tv\\\/az\\\/\",\"name\":\"MEYDAN.TV\",\"description\":\"Meydan TV Az\u0259rbaycan\u0131n media m\u0259kan\u0131ndak\u0131 alternativ s\u0259sidir\",\"publisher\":{\"@id\":\"https:\\\/\\\/www.meydan.tv\\\/az\\\/#organization\"},\"potentialAction\":[{\"@type\":\"SearchAction\",\"target\":{\"@type\":\"EntryPoint\",\"urlTemplate\":\"https:\\\/\\\/www.meydan.tv\\\/az\\\/?s={search_term_string}\"},\"query-input\":{\"@type\":\"PropertyValueSpecification\",\"valueRequired\":true,\"valueName\":\"search_term_string\"}}],\"inLanguage\":\"az\"},{\"@type\":\"Organization\",\"@id\":\"https:\\\/\\\/www.meydan.tv\\\/az\\\/#organization\",\"name\":\"Meydan TV\",\"url\":\"https:\\\/\\\/www.meydan.tv\\\/az\\\/\",\"logo\":{\"@type\":\"ImageObject\",\"inLanguage\":\"az\",\"@id\":\"https:\\\/\\\/www.meydan.tv\\\/az\\\/#\\\/schema\\\/logo\\\/image\\\/\",\"url\":\"https:\\\/\\\/www.meydan.tv\\\/wp-content\\\/uploads\\\/2021\\\/07\\\/meydan-logo.svg\",\"contentUrl\":\"https:\\\/\\\/www.meydan.tv\\\/wp-content\\\/uploads\\\/2021\\\/07\\\/meydan-logo.svg\",\"width\":195,\"height\":46,\"caption\":\"Meydan TV\"},\"image\":{\"@id\":\"https:\\\/\\\/www.meydan.tv\\\/az\\\/#\\\/schema\\\/logo\\\/image\\\/\"}},{\"@type\":\"Person\",\"@id\":\"https:\\\/\\\/www.meydan.tv\\\/az\\\/#\\\/schema\\\/person\\\/10d11eccf6da3662cf5fdab9806ea91a\",\"name\":\"user-manager\"}]}<\/script>\n<!-- \/ Yoast SEO plugin. -->","yoast_head_json":{"title":"T\u00fcrkiy\u0259 C\u00fcmhuriyy\u0259ti niy\u0259 ''\u00e7\u00f6kd\u00fc''? - MEYDAN.TV","robots":{"index":"index","follow":"follow","max-snippet":"max-snippet:-1","max-image-preview":"max-image-preview:large","max-video-preview":"max-video-preview:-1"},"canonical":"https:\/\/www.meydan.tv\/az\/article\/turkiye-cumhuriyyeti-niye-cokdu\/","og_locale":"az_AZ","og_type":"article","og_title":"T\u00fcrkiy\u0259 C\u00fcmhuriyy\u0259ti niy\u0259 ''\u00e7\u00f6kd\u00fc''? - MEYDAN.TV","og_description":"T\u00fcrkiy\u0259d\u0259ki referendumda g\u00f6zl\u0259nilm\u0259z bir \u015fey ba\u015f verm\u0259di, m\u0259nc\u0259.","og_url":"https:\/\/www.meydan.tv\/az\/article\/turkiye-cumhuriyyeti-niye-cokdu\/","og_site_name":"MEYDAN.TV","article_published_time":"2017-04-18T01:39:13+00:00","og_image":[{"width":660,"height":371,"url":"https:\/\/www.meydan.tv\/wp-content\/uploads\/32522.jpg","type":"image\/jpeg"}],"author":"user-manager","twitter_card":"summary_large_image","schema":{"@context":"https:\/\/schema.org","@graph":[{"@type":"Article","@id":"https:\/\/www.meydan.tv\/az\/article\/turkiye-cumhuriyyeti-niye-cokdu\/#article","isPartOf":{"@id":"https:\/\/www.meydan.tv\/az\/article\/turkiye-cumhuriyyeti-niye-cokdu\/"},"author":{"name":"user-manager","@id":"https:\/\/www.meydan.tv\/az\/#\/schema\/person\/10d11eccf6da3662cf5fdab9806ea91a"},"headline":"T\u00fcrkiy\u0259 C\u00fcmhuriyy\u0259ti niy\u0259 &#8221;\u00e7\u00f6kd\u00fc&#8221;?","datePublished":"2017-04-18T01:39:13+00:00","mainEntityOfPage":{"@id":"https:\/\/www.meydan.tv\/az\/article\/turkiye-cumhuriyyeti-niye-cokdu\/"},"wordCount":1603,"publisher":{"@id":"https:\/\/www.meydan.tv\/az\/#organization"},"image":{"@id":"https:\/\/www.meydan.tv\/az\/article\/turkiye-cumhuriyyeti-niye-cokdu\/#primaryimage"},"thumbnailUrl":"https:\/\/www.meydan.tv\/wp-content\/uploads\/32522.jpg","articleSection":["M\u0259nim Fikrimc\u0259"],"inLanguage":"az"},{"@type":"WebPage","@id":"https:\/\/www.meydan.tv\/az\/article\/turkiye-cumhuriyyeti-niye-cokdu\/","url":"https:\/\/www.meydan.tv\/az\/article\/turkiye-cumhuriyyeti-niye-cokdu\/","name":"T\u00fcrkiy\u0259 C\u00fcmhuriyy\u0259ti niy\u0259 ''\u00e7\u00f6kd\u00fc''? - MEYDAN.TV","isPartOf":{"@id":"https:\/\/www.meydan.tv\/az\/#website"},"primaryImageOfPage":{"@id":"https:\/\/www.meydan.tv\/az\/article\/turkiye-cumhuriyyeti-niye-cokdu\/#primaryimage"},"image":{"@id":"https:\/\/www.meydan.tv\/az\/article\/turkiye-cumhuriyyeti-niye-cokdu\/#primaryimage"},"thumbnailUrl":"https:\/\/www.meydan.tv\/wp-content\/uploads\/32522.jpg","datePublished":"2017-04-18T01:39:13+00:00","breadcrumb":{"@id":"https:\/\/www.meydan.tv\/az\/article\/turkiye-cumhuriyyeti-niye-cokdu\/#breadcrumb"},"inLanguage":"az","potentialAction":[{"@type":"ReadAction","target":["https:\/\/www.meydan.tv\/az\/article\/turkiye-cumhuriyyeti-niye-cokdu\/"]}]},{"@type":"ImageObject","inLanguage":"az","@id":"https:\/\/www.meydan.tv\/az\/article\/turkiye-cumhuriyyeti-niye-cokdu\/#primaryimage","url":"https:\/\/www.meydan.tv\/wp-content\/uploads\/32522.jpg","contentUrl":"https:\/\/www.meydan.tv\/wp-content\/uploads\/32522.jpg","width":660,"height":371,"caption":"Source:"},{"@type":"BreadcrumbList","@id":"https:\/\/www.meydan.tv\/az\/article\/turkiye-cumhuriyyeti-niye-cokdu\/#breadcrumb","itemListElement":[{"@type":"ListItem","position":1,"name":"Ana s\u0259hif\u0259","item":"https:\/\/www.meydan.tv\/az\/"},{"@type":"ListItem","position":2,"name":"M\u0259nim Fikrimc\u0259","item":"https:\/\/www.meydan.tv\/az\/section\/menim-fikrimce\/"},{"@type":"ListItem","position":3,"name":"T\u00fcrkiy\u0259 C\u00fcmhuriyy\u0259ti niy\u0259 &#8221;\u00e7\u00f6kd\u00fc&#8221;?"}]},{"@type":"WebSite","@id":"https:\/\/www.meydan.tv\/az\/#website","url":"https:\/\/www.meydan.tv\/az\/","name":"MEYDAN.TV","description":"Meydan TV Az\u0259rbaycan\u0131n media m\u0259kan\u0131ndak\u0131 alternativ s\u0259sidir","publisher":{"@id":"https:\/\/www.meydan.tv\/az\/#organization"},"potentialAction":[{"@type":"SearchAction","target":{"@type":"EntryPoint","urlTemplate":"https:\/\/www.meydan.tv\/az\/?s={search_term_string}"},"query-input":{"@type":"PropertyValueSpecification","valueRequired":true,"valueName":"search_term_string"}}],"inLanguage":"az"},{"@type":"Organization","@id":"https:\/\/www.meydan.tv\/az\/#organization","name":"Meydan TV","url":"https:\/\/www.meydan.tv\/az\/","logo":{"@type":"ImageObject","inLanguage":"az","@id":"https:\/\/www.meydan.tv\/az\/#\/schema\/logo\/image\/","url":"https:\/\/www.meydan.tv\/wp-content\/uploads\/2021\/07\/meydan-logo.svg","contentUrl":"https:\/\/www.meydan.tv\/wp-content\/uploads\/2021\/07\/meydan-logo.svg","width":195,"height":46,"caption":"Meydan TV"},"image":{"@id":"https:\/\/www.meydan.tv\/az\/#\/schema\/logo\/image\/"}},{"@type":"Person","@id":"https:\/\/www.meydan.tv\/az\/#\/schema\/person\/10d11eccf6da3662cf5fdab9806ea91a","name":"user-manager"}]}},"_links":{"self":[{"href":"https:\/\/www.meydan.tv\/az\/wp-json\/wp\/v2\/posts\/183767","targetHints":{"allow":["GET"]}}],"collection":[{"href":"https:\/\/www.meydan.tv\/az\/wp-json\/wp\/v2\/posts"}],"about":[{"href":"https:\/\/www.meydan.tv\/az\/wp-json\/wp\/v2\/types\/post"}],"author":[{"embeddable":true,"href":"https:\/\/www.meydan.tv\/az\/wp-json\/wp\/v2\/users\/11"}],"replies":[{"embeddable":true,"href":"https:\/\/www.meydan.tv\/az\/wp-json\/wp\/v2\/comments?post=183767"}],"version-history":[{"count":0,"href":"https:\/\/www.meydan.tv\/az\/wp-json\/wp\/v2\/posts\/183767\/revisions"}],"wp:featuredmedia":[{"embeddable":true,"href":"https:\/\/www.meydan.tv\/az\/wp-json\/wp\/v2\/media\/82711"}],"wp:attachment":[{"href":"https:\/\/www.meydan.tv\/az\/wp-json\/wp\/v2\/media?parent=183767"}],"wp:term":[{"taxonomy":"category","embeddable":true,"href":"https:\/\/www.meydan.tv\/az\/wp-json\/wp\/v2\/categories?post=183767"},{"taxonomy":"post_tag","embeddable":true,"href":"https:\/\/www.meydan.tv\/az\/wp-json\/wp\/v2\/tags?post=183767"}],"curies":[{"name":"wp","href":"https:\/\/api.w.org\/{rel}","templated":true}]}}