{"id":183761,"date":"2017-04-17T20:47:05","date_gmt":"2017-04-17T20:47:05","guid":{"rendered":"https:\/\/www.meydan.tv\/article\/ilham-eliyev-ehalinin-sayi-iqtisadi-inkisafin-cox-yuksek-oldugunu-gosterir\/"},"modified":"2017-04-17T20:47:05","modified_gmt":"2017-04-17T20:47:05","slug":"ilham-eliyev-ehalinin-sayi-iqtisadi-inkisafin-cox-yuksek-oldugunu-gosterir","status":"publish","type":"post","link":"https:\/\/www.meydan.tv\/az\/article\/ilham-eliyev-ehalinin-sayi-iqtisadi-inkisafin-cox-yuksek-oldugunu-gosterir\/","title":{"rendered":"\u0130lham \u018fliyev: \u018fhalinin say\u0131 iqtisadi inki\u015faf\u0131n \u00e7ox y\u00fcks\u0259k oldu\u011funu g\u00f6st\u0259rir"},"content":{"rendered":"<figure class=\"wp-block-image size-large\">\n  <img decoding=\"async\" src=\"https:\/\/www.meydan.tv\/az\/82871\/\" alt=\"\" class=\"wp-image-82871\"\/><figcaption><\/figcaption><\/figure>\n<p>\n  <i><br \/>\n    \u0130qtisad\u00e7\u0131: &#8221;\u018fhalinin art\u0131m\u0131n\u0131 iqtisadi inki\u015fafla \u0259laq\u0259l\u0259ndirm\u0259k \u00e7ox yanl\u0131\u015fd\u0131r&#8221;<br \/>\n  <\/i>\n<\/p>\n<p>\n  Aprelin 17-d\u0259 Prezident \u0130lham \u018fliyev qeyri-neft ixracat\u00e7\u0131lar\u0131n\u0131n Yevlaxda ke\u00e7iril\u0259n respublika m\u00fc\u015favir\u0259sind\u0259 i\u015ftirak edib. T\u0259dbird\u0259 \u00e7\u0131x\u0131\u015f ed\u0259n prezident deyib ki, Az\u0259rbaycan n\u00f6vb\u0259ti 3-4 ild\u0259 \u0259sas istehlak mallar\u0131 il\u0259 \u00f6z\u00fcn\u00fc tam \u015f\u0259kild\u0259 t\u0259min etm\u0259lidir:\n<\/p>\n<p>\n  &#8220;Bel\u0259likl\u0259, ixrac \u00fc\u00e7\u00fcn \u0259lav\u0259 imkanlar yaranacaq. Biz bundan sonra bu g\u00f6z\u0259l n\u0259tic\u0259l\u0259r \u0259sas\u0131nda i\u015fimizi daha da t\u0259kmill\u0259\u015fdirm\u0259liyik, f\u0259aliyy\u0259timizi geni\u015fl\u0259ndirm\u0259liyik. \u018flb\u0259tt\u0259 ki, qeyri-neft ixrac\u0131n\u0131 art\u0131rmaq \u00fc\u00e7\u00fcn, ilk n\u00f6vb\u0259d\u0259, daxili t\u0259l\u0259bat\u0131 yerli m\u0259hsullarla t\u0259min etm\u0259liyik v\u0259 biz buna yax\u0131nla\u015f\u0131r\u0131q. H\u0259r il regional inki\u015faf proqram\u0131na yekun vururuq. Bu m\u00f6vzu daim g\u00fcnd\u0259likd\u0259 olur ki, biz hans\u0131 m\u0259hsullarla \u00f6z\u00fcm\u00fcz\u00fc n\u0259 q\u0259d\u0259r t\u0259min edirik, h\u0259r il d\u0259 dinamikan\u0131 g\u00f6r\u00fcr\u00fck. Ancaq h\u0259l\u0259 ki, buna tam nail ola bilm\u0259mi\u015fik\u201d.\n<\/p>\n<p>\n  \u0130lham \u018fliyev \u00e7\u0131x\u0131\u015f\u0131nda diqq\u0259ti \u00f6lk\u0259 \u0259halisini say\u0131na da \u00e7\u0259kib:\n<\/p>\n<p>\n  &#8220;Biz daim inki\u015fafda olmal\u0131y\u0131q. \u00c7\u00fcnki \u00f6lk\u0259 dinamik \u015f\u0259kild\u0259 inki\u015faf edir v\u0259 \u0259hali art\u0131r. \u0130nki\u015faf etmi\u015f \u00f6lk\u0259l\u0259rd\u0259 \u0259halinin say\u0131 ya sabit qal\u0131r, ya da azal\u0131r. Bizim \u00f6lk\u0259mizd\u0259 is\u0259 \u0259hali art\u0131r. 2004-c\u00fc ild\u0259 birinci regional proqram\u0131 q\u0259bul ed\u0259rk\u0259n bizd\u0259 \u0259hali az idi. \u0130ndi \u0259halinin say\u0131 10 milyona yax\u0131nla\u015f\u0131r. Bu, \u0259lb\u0259tt\u0259, bizim b\u00f6y\u00fck \u00fcst\u00fcnl\u00fcy\u00fcm\u00fczd\u00fcr, eyni zamanda, onu g\u00f6st\u0259rir ki, iqtisadi inki\u015faf \u00e7ox s\u00fcr\u0259tli olub. Ona g\u00f6r\u0259 insanlar daha da yax\u015f\u0131 ya\u015fama\u011fa ba\u015flad\u0131lar, rifah y\u00fcks\u0259ldi v\u0259 t\u0259bii ki, \u0259hali d\u0259 art\u0131r. Ancaq eyni zamanda, bu m\u00fcsb\u0259t tendensiya bizim qar\u015f\u0131m\u0131zda \u00e7ox ciddi v\u0259zif\u0259l\u0259r qoyur. Biz istehsal\u0131m\u0131z\u0131 daim art\u0131rmal\u0131y\u0131q ki, daxili t\u0259l\u0259bat\u0131 tam \u00f6d\u0259y\u0259k v\u0259 ixraca r\u0259qab\u0259tqabiliyy\u0259tli mallar t\u0259qdim ed\u0259k. Ona g\u00f6r\u0259, n\u00f6vb\u0259ti ill\u0259rd\u0259 daxili t\u0259l\u0259bat\u0131 yerli m\u0259hsullarla t\u0259min etm\u0259k m\u0259s\u0259l\u0259l\u0259ri birinci d\u0259r\u0259c\u0259li v\u0259zif\u0259l\u0259rdir&#8221;,-prezident bel\u0259 deyib.\n<\/p>\n<p>\n  \u00d6lk\u0259 ba\u015f\u00e7\u0131s\u0131 d\u00f6vl\u0259tin d\u0259st\u0259yi il\u0259 yeni bazarlara \u00e7\u0131x\u0131\u015f \u0259ld\u0259 olunmas\u0131na da toxunub:\n<\/p>\n<p>\n  &#8220;Biz ixracy\u00f6n\u00fcml\u00fc m\u0259hsullar\u0131n h\u0259cmini art\u0131rmal\u0131y\u0131q. \u018frzaq t\u0259hl\u00fck\u0259sizliyi d\u0259 bu iki amill\u0259 bilavasit\u0259 ba\u011fl\u0131 olan m\u0259s\u0259l\u0259dir. Biz buna da yax\u0131nla\u015f\u0131r\u0131q ki, \u0259rzaq t\u0259hl\u00fck\u0259sizliyimizi tam \u015f\u0259kild\u0259 t\u0259min ed\u0259k\u201d.\n<\/p>\n<p>\n  \u0130qtisad\u00e7\u0131-alim Nazim B\u0259yd\u0259mirli Meydan TV-y\u0259 prezidentin niyy\u0259tini d\u0259st\u0259kl\u0259diyini, \u00a0h\u0259r k\u0259sin d\u0259 bu arzuya qo\u015fuldu\u011funu deyib.\n<\/p>\n<p>\n  \u0130qtisad\u00e7\u0131 insanlar\u0131n yerli mal almaq arzusunda oldu\u011funu des\u0259 d\u0259, bu arzunun reall\u0131qla uzla\u015fmad\u0131\u011f\u0131n\u0131 \u0259lav\u0259 edib.\n<\/p>\n<p>\n  Nazim B\u0259yd\u0259mirli Az\u0259rbaycan\u0131n co\u011frafi m\u00f6vqeyi, iqlim \u015f\u0259raitinin v\u0259t\u0259nda\u015flar\u0131n i\u015fg\u00fczarl\u0131\u011f\u0131 g\u00fcnd\u0259lik istehlak mallar\u0131n\u0131n\u0131n t\u0259min olunmas\u0131na imkan verdiyini d\u00fc\u015f\u00fcn\u00fcr.\n<\/p>\n<figure class=\"wp-block-image size-large\">\n  <img decoding=\"async\" src=\"https:\/\/www.meydan.tv\/az\/67846\/\" alt=\"\" class=\"wp-image-67846\"\/><figcaption>\n    Nazim B\u0259yd\u0259mirli<br \/>\n  <\/figcaption><\/figure>\n<p>\n  O, d\u0259f\u0259l\u0259rl\u0259 bu bar\u0259d\u0259 \u00f6z\u00fcn\u00fcn v\u0259 h\u0259mkarlar\u0131n\u0131n m\u0259s\u0259l\u0259 qald\u0131rd\u0131\u011f\u0131n\u0131 deyir:\n<\/p>\n<p>\n  &#8220;Ancaq m\u0259s\u0259l\u0259nin h\u0259lli bir ne\u00e7\u0259 s\u0259b\u0259bd\u0259n as\u0131l\u0131 deyil. Bilirsiniz, biznes daxili istehsal\u0131 t\u0259min etdiyi zaman ixraca y\u00f6n\u0259lik mallar ixrac etm\u0259k imkan\u0131 qazan\u0131r. \u018fg\u0259r daxili t\u0259l\u0259b qar\u015f\u0131lana bilmirs\u0259, mal\u0131n ixrac potensial\u0131 s\u0131fra b\u0259rab\u0259rdir. T\u0259bii ki, m\u0259s\u0259l\u0259 h\u0259d\u0259f olmal\u0131, \u0259m\u0259k m\u0259hsuldarl\u0131\u011f\u0131 y\u00fcks\u0259ldilm\u0259li, m\u00fcxt\u0259lif \u015firk\u0259tl\u0259r\u0259 daha \u00e7ox mal ixrac edilm\u0259si \u00fc\u00e7\u00fcn \u015f\u0259rait yarad\u0131lmal\u0131d\u0131r. \u018fg\u0259r normal r\u0259qab\u0259tli iqtisadiyyat qurulsa, sahibkarlar\u0131 iqtisadi stimalla\u015fd\u0131ran siyas\u0259t apar\u0131lsa, deyil\u0259nl\u0259r ger\u00e7\u0259kl\u0259\u015f\u0259c\u0259k. Yox, \u0259g\u0259r hans\u0131sa m\u0259murun sahibkar\u0131n f\u0259aliyy\u0259tin\u0259 m\u00fcdaxil\u0259 edirs\u0259, iqtisadi f\u0259alliyy\u0259t a\u015fa\u011f\u0131 olacaq, biznes d\u00f6z\u00fcms\u00fczl\u00fcy\u00fc y\u00fcks\u0259k olduqda is\u0259 xarici \u00f6lk\u0259l\u0259rd\u0259n Az\u0259rbaycana investisiya g\u0259lm\u0259y\u0259c\u0259k. \u00c7\u00fcnki ciddi \u015firk\u0259tl\u0259r hans\u0131sa \u00f6lk\u0259 il\u0259 maraqlananda beyn\u0259lxalq reytinql\u0259r\u0259 bax\u0131rlar. \u00a0T\u0259\u0259ss\u00fcf ki, Az\u0259rbaycan\u0131n beyn\u0259lxalq reytinqi arzuolunan s\u0259viyy\u0259d\u0259 deyil. N\u0259 biznes d\u00f6z\u00fcms\u00fczl\u00fcy\u00fc, n\u0259 d\u0259 r\u0259qab\u0259t bax\u0131m\u0131ndan t\u0259l\u0259b olunan s\u0259viyy\u0259y\u0259 \u00e7atmam\u0131\u015f\u0131q. Ona g\u00f6r\u0259 yax\u0131n 1-2 ild\u0259 deyil\u0259nl\u0259rin ger\u00e7\u0259kl\u0259\u015fm\u0259si m\u00fcmk\u00fcns\u00fczd\u00fcr&#8221;.\n<\/p>\n<p>\n  AXCP R\u0259yas\u0259t Hey\u0259tinin \u00fczv\u00fc, iqtisad\u00e7\u0131 Nem\u0259t \u018fliyev is\u0259 \u0259halinin art\u0131m\u0131n\u0131n iqtisadi inki\u015faf kimi xarakteriz\u0259 olunmas\u0131n\u0131 g\u00fcl\u00fcnc hesab edir:\n<\/p>\n<p>\n  \u201cN\u0259sil art\u0131m\u0131n\u0131 \u015f\u0259rtl\u0259ndir\u0259n \u00e7ox s\u0259b\u0259bl\u0259r var. Az\u0259rbaycan \u015f\u0259raitind\u0259 bu s\u0259b\u0259bl\u0259r daha z\u0259ngindir. Ancaq bunu birba\u015fa iqtisadi inki\u015fafla ba\u011flamaq \u00e7ox yanl\u0131\u015fd\u0131r. \u0130qtisadi inki\u015faf\u0131 xarakteriz\u0259 ed\u0259n konkret g\u00f6st\u0259ricil\u0259r var: birinci, \u00f6lk\u0259 \u00fczr\u0259 \u00dcmumi Daxili M\u0259hsulun g\u00f6st\u0259ricisinin dinamikas\u0131, ikinci, s\u0259nayed\u0259, k\u0259nd t\u0259s\u0259rr\u00fcfat\u0131nda m\u0259hsul h\u0259cminin dinamikas\u0131, \u00fc\u00e7\u00fcnc\u00fc, Az\u0259rbaycana d\u00fc\u015f\u0259n g\u0259lirl\u0259rin h\u0259cmi \u00fczr\u0259 d\u0259yi\u015fm\u0259l\u0259r, n\u0259hay\u0259t, investisiya qoyulu\u015funun h\u0259cmi. Bu siyah\u0131n\u0131 xeyli art\u0131rmaq m\u00fcmk\u00fcnd\u00fcr. \u00a0Amma bu g\u00f6st\u0259ricil\u0259ri k\u0259nara qoyub, konkret olaraq \u0259halinin art\u0131m\u0131n\u0131 iqtisadi inki\u015fafla \u0259laq\u0259l\u0259ndirm\u0259k \u00e7ox yanl\u0131\u015fd\u0131r\u201d.\n<\/p>\n<figure class=\"wp-block-image size-large\">\n  <img decoding=\"async\" src=\"https:\/\/www.meydan.tv\/az\/82874\/\" alt=\"\" class=\"wp-image-82874\"\/><figcaption>\n    Nem\u0259t \u018fliyev<br \/>\n  <\/figcaption><\/figure>\n<p>\n  Nem\u0259t \u018fliyev bildirib ki, 20-30 il \u0259vv\u0259ll\u0259 m\u00fcqayis\u0259d\u0259 bug\u00fcn \u00e7oxu\u015faql\u0131 ail\u0259l\u0259rin say\u0131 xeyli d\u0259r\u0259c\u0259d\u0259 a\u015fa\u011f\u0131 d\u00fc\u015f\u00fcb:\n<\/p>\n<p>\n  &#8220;\u00d6t\u0259n \u0259srin 60-70 v\u0259 80-ci ill\u0259rin \u0259vv\u0259ll\u0259rind\u0259 5, 6, h\u0259tta 9, 10 u\u015faql\u0131 ail\u0259l\u0259r vard\u0131, onlara orden verilirdi. Bu g\u00fcn sadalad\u0131qlar\u0131m yoxdur, insanlar o q\u0259d\u0259r a\u011f\u0131r duruma d\u00fc\u015f\u00fcbl\u0259r ki, 2-3 n\u0259f\u0259rlik ail\u0259l\u0259rin say\u0131 \u00e7oxluq t\u0259\u015fkil edir. Prezidentin fikirl\u0259rind\u0259n bel\u0259 \u00e7\u0131x\u0131r ki, Az\u0259rbaycan 60-70-80-ci ill\u0259r\u0259 qay\u0131d\u0131b? G\u00f6r\u00fcrs\u00fcn\u00fczm\u00fc, paradoksal durum yaran\u0131b. \u018fg\u0259r \u0259halinin say\u0131 il\u0259 iqtisadi inki\u015faf aras\u0131nda \u0259laq\u0259 yaratsayd\u0131q, onda bel\u0259 \u00e7\u0131x\u0131rd\u0131 ki, 20-30 il \u0259vv\u0259l iqtisadi inki\u015faf daha y\u00fcks\u0259k olub. Amma \u0259ks m\u0259nz\u0259r\u0259 idi. \u018fhalinin say\u0131 il\u0259 iqtisadi inki\u015faf aras\u0131nda b\u00fct\u00fcn s\u0259rh\u0259dl\u0259rin k\u0259nara qoyulmas\u0131n\u0131n da t\u0259r\u0259fdar\u0131 deyil\u0259m. Sad\u0259c\u0259, birba\u015fa \u0259laq\u0259 kimi xarakteriz\u0259 etm\u0259k k\u00f6k\u00fcnd\u0259n yanl\u0131\u015fd\u0131r v\u0259 bu g\u00fcn buna yol verm\u0259k olmaz. Haz\u0131rda \u00f6lk\u0259 iqtisadiyyat\u0131n\u0131 b\u00f6hrandan \u00e7\u0131xarma\u011f\u0131n yollar\u0131n\u0131 ara\u015fd\u0131rmaq vacibdir. Onsuz \u00a0h\u00f6kum\u0259tin s\u0259hvl\u0259ri n\u0259tic\u0259sind\u0259 \u00f6lk\u0259 a\u011f\u0131r duruma d\u00fc\u00e7ar olub. \u0130ndi yanl\u0131\u015fl\u0131qlar\u0131n say\u0131n\u0131 art\u0131rmaqla daha f\u0259lak\u0259tli v\u0259ziyy\u0259t yarada bil\u0259rl\u0259r\u201d.<\/p>\n","protected":false},"excerpt":{"rendered":"<p>\u0130qtisad\u00e7\u0131: &#8221;\u018fhalinin art\u0131m\u0131n\u0131 iqtisadi inki\u015fafla \u0259laq\u0259l\u0259ndirm\u0259k \u00e7ox yanl\u0131\u015fd\u0131r&#8221;<\/p>\n","protected":false},"author":11,"featured_media":82871,"comment_status":"closed","ping_status":"open","sticky":false,"template":"","format":"standard","meta":{"_acf_changed":false,"_sitemap_exclude":false,"_sitemap_priority":"","_sitemap_frequency":"","footnotes":""},"categories":[51],"tags":[],"class_list":["post-183761","post","type-post","status-publish","format-standard","has-post-thumbnail","hentry","category-analitika","infinite-scroll-item","generate-columns","tablet-grid-50","mobile-grid-100","grid-parent","grid-33","no-featured-image-padding"],"acf":[],"yoast_head":"<!-- This site is optimized with the Yoast SEO plugin v27.4 - https:\/\/yoast.com\/product\/yoast-seo-wordpress\/ -->\n<title>\u0130lham \u018fliyev: \u018fhalinin say\u0131 iqtisadi inki\u015faf\u0131n \u00e7ox y\u00fcks\u0259k oldu\u011funu g\u00f6st\u0259rir - MEYDAN.TV<\/title>\n<meta name=\"robots\" content=\"index, follow, max-snippet:-1, max-image-preview:large, max-video-preview:-1\" \/>\n<link rel=\"canonical\" href=\"https:\/\/www.meydan.tv\/az\/article\/ilham-eliyev-ehalinin-sayi-iqtisadi-inkisafin-cox-yuksek-oldugunu-gosterir\/\" \/>\n<meta property=\"og:locale\" content=\"az_AZ\" \/>\n<meta property=\"og:type\" content=\"article\" \/>\n<meta property=\"og:title\" content=\"\u0130lham \u018fliyev: \u018fhalinin say\u0131 iqtisadi inki\u015faf\u0131n \u00e7ox y\u00fcks\u0259k oldu\u011funu g\u00f6st\u0259rir - MEYDAN.TV\" \/>\n<meta property=\"og:description\" content=\"\u0130qtisad\u00e7\u0131: &#039;&#039;\u018fhalinin art\u0131m\u0131n\u0131 iqtisadi inki\u015fafla \u0259laq\u0259l\u0259ndirm\u0259k \u00e7ox yanl\u0131\u015fd\u0131r&#039;&#039;\" \/>\n<meta property=\"og:url\" content=\"https:\/\/www.meydan.tv\/az\/article\/ilham-eliyev-ehalinin-sayi-iqtisadi-inkisafin-cox-yuksek-oldugunu-gosterir\/\" \/>\n<meta property=\"og:site_name\" content=\"MEYDAN.TV\" \/>\n<meta property=\"article:published_time\" content=\"2017-04-17T20:47:05+00:00\" \/>\n<meta property=\"og:image\" content=\"https:\/\/www.meydan.tv\/wp-content\/uploads\/32496.jpg\" \/>\n\t<meta property=\"og:image:width\" content=\"750\" \/>\n\t<meta property=\"og:image:height\" content=\"539\" \/>\n\t<meta property=\"og:image:type\" content=\"image\/jpeg\" \/>\n<meta name=\"author\" content=\"user-manager\" \/>\n<meta name=\"twitter:card\" content=\"summary_large_image\" \/>\n<script type=\"application\/ld+json\" class=\"yoast-schema-graph\">{\"@context\":\"https:\\\/\\\/schema.org\",\"@graph\":[{\"@type\":\"Article\",\"@id\":\"https:\\\/\\\/www.meydan.tv\\\/az\\\/article\\\/ilham-eliyev-ehalinin-sayi-iqtisadi-inkisafin-cox-yuksek-oldugunu-gosterir\\\/#article\",\"isPartOf\":{\"@id\":\"https:\\\/\\\/www.meydan.tv\\\/az\\\/article\\\/ilham-eliyev-ehalinin-sayi-iqtisadi-inkisafin-cox-yuksek-oldugunu-gosterir\\\/\"},\"author\":{\"name\":\"user-manager\",\"@id\":\"https:\\\/\\\/www.meydan.tv\\\/az\\\/#\\\/schema\\\/person\\\/10d11eccf6da3662cf5fdab9806ea91a\"},\"headline\":\"\u0130lham \u018fliyev: \u018fhalinin say\u0131 iqtisadi inki\u015faf\u0131n \u00e7ox y\u00fcks\u0259k oldu\u011funu g\u00f6st\u0259rir\",\"datePublished\":\"2017-04-17T20:47:05+00:00\",\"mainEntityOfPage\":{\"@id\":\"https:\\\/\\\/www.meydan.tv\\\/az\\\/article\\\/ilham-eliyev-ehalinin-sayi-iqtisadi-inkisafin-cox-yuksek-oldugunu-gosterir\\\/\"},\"wordCount\":1238,\"publisher\":{\"@id\":\"https:\\\/\\\/www.meydan.tv\\\/az\\\/#organization\"},\"image\":{\"@id\":\"https:\\\/\\\/www.meydan.tv\\\/az\\\/article\\\/ilham-eliyev-ehalinin-sayi-iqtisadi-inkisafin-cox-yuksek-oldugunu-gosterir\\\/#primaryimage\"},\"thumbnailUrl\":\"https:\\\/\\\/www.meydan.tv\\\/wp-content\\\/uploads\\\/32496.jpg\",\"articleSection\":[\"Analitika\"],\"inLanguage\":\"az\"},{\"@type\":\"WebPage\",\"@id\":\"https:\\\/\\\/www.meydan.tv\\\/az\\\/article\\\/ilham-eliyev-ehalinin-sayi-iqtisadi-inkisafin-cox-yuksek-oldugunu-gosterir\\\/\",\"url\":\"https:\\\/\\\/www.meydan.tv\\\/az\\\/article\\\/ilham-eliyev-ehalinin-sayi-iqtisadi-inkisafin-cox-yuksek-oldugunu-gosterir\\\/\",\"name\":\"\u0130lham \u018fliyev: \u018fhalinin say\u0131 iqtisadi inki\u015faf\u0131n \u00e7ox y\u00fcks\u0259k oldu\u011funu g\u00f6st\u0259rir - MEYDAN.TV\",\"isPartOf\":{\"@id\":\"https:\\\/\\\/www.meydan.tv\\\/az\\\/#website\"},\"primaryImageOfPage\":{\"@id\":\"https:\\\/\\\/www.meydan.tv\\\/az\\\/article\\\/ilham-eliyev-ehalinin-sayi-iqtisadi-inkisafin-cox-yuksek-oldugunu-gosterir\\\/#primaryimage\"},\"image\":{\"@id\":\"https:\\\/\\\/www.meydan.tv\\\/az\\\/article\\\/ilham-eliyev-ehalinin-sayi-iqtisadi-inkisafin-cox-yuksek-oldugunu-gosterir\\\/#primaryimage\"},\"thumbnailUrl\":\"https:\\\/\\\/www.meydan.tv\\\/wp-content\\\/uploads\\\/32496.jpg\",\"datePublished\":\"2017-04-17T20:47:05+00:00\",\"breadcrumb\":{\"@id\":\"https:\\\/\\\/www.meydan.tv\\\/az\\\/article\\\/ilham-eliyev-ehalinin-sayi-iqtisadi-inkisafin-cox-yuksek-oldugunu-gosterir\\\/#breadcrumb\"},\"inLanguage\":\"az\",\"potentialAction\":[{\"@type\":\"ReadAction\",\"target\":[\"https:\\\/\\\/www.meydan.tv\\\/az\\\/article\\\/ilham-eliyev-ehalinin-sayi-iqtisadi-inkisafin-cox-yuksek-oldugunu-gosterir\\\/\"]}]},{\"@type\":\"ImageObject\",\"inLanguage\":\"az\",\"@id\":\"https:\\\/\\\/www.meydan.tv\\\/az\\\/article\\\/ilham-eliyev-ehalinin-sayi-iqtisadi-inkisafin-cox-yuksek-oldugunu-gosterir\\\/#primaryimage\",\"url\":\"https:\\\/\\\/www.meydan.tv\\\/wp-content\\\/uploads\\\/32496.jpg\",\"contentUrl\":\"https:\\\/\\\/www.meydan.tv\\\/wp-content\\\/uploads\\\/32496.jpg\",\"width\":750,\"height\":539,\"caption\":\"Source:\"},{\"@type\":\"BreadcrumbList\",\"@id\":\"https:\\\/\\\/www.meydan.tv\\\/az\\\/article\\\/ilham-eliyev-ehalinin-sayi-iqtisadi-inkisafin-cox-yuksek-oldugunu-gosterir\\\/#breadcrumb\",\"itemListElement\":[{\"@type\":\"ListItem\",\"position\":1,\"name\":\"Ana s\u0259hif\u0259\",\"item\":\"https:\\\/\\\/www.meydan.tv\\\/az\\\/\"},{\"@type\":\"ListItem\",\"position\":2,\"name\":\"Analitika\",\"item\":\"https:\\\/\\\/www.meydan.tv\\\/az\\\/section\\\/analitika\\\/\"},{\"@type\":\"ListItem\",\"position\":3,\"name\":\"\u0130lham \u018fliyev: \u018fhalinin say\u0131 iqtisadi inki\u015faf\u0131n \u00e7ox y\u00fcks\u0259k oldu\u011funu g\u00f6st\u0259rir\"}]},{\"@type\":\"WebSite\",\"@id\":\"https:\\\/\\\/www.meydan.tv\\\/az\\\/#website\",\"url\":\"https:\\\/\\\/www.meydan.tv\\\/az\\\/\",\"name\":\"MEYDAN.TV\",\"description\":\"Meydan TV Az\u0259rbaycan\u0131n media m\u0259kan\u0131ndak\u0131 alternativ s\u0259sidir\",\"publisher\":{\"@id\":\"https:\\\/\\\/www.meydan.tv\\\/az\\\/#organization\"},\"potentialAction\":[{\"@type\":\"SearchAction\",\"target\":{\"@type\":\"EntryPoint\",\"urlTemplate\":\"https:\\\/\\\/www.meydan.tv\\\/az\\\/?s={search_term_string}\"},\"query-input\":{\"@type\":\"PropertyValueSpecification\",\"valueRequired\":true,\"valueName\":\"search_term_string\"}}],\"inLanguage\":\"az\"},{\"@type\":\"Organization\",\"@id\":\"https:\\\/\\\/www.meydan.tv\\\/az\\\/#organization\",\"name\":\"Meydan TV\",\"url\":\"https:\\\/\\\/www.meydan.tv\\\/az\\\/\",\"logo\":{\"@type\":\"ImageObject\",\"inLanguage\":\"az\",\"@id\":\"https:\\\/\\\/www.meydan.tv\\\/az\\\/#\\\/schema\\\/logo\\\/image\\\/\",\"url\":\"https:\\\/\\\/www.meydan.tv\\\/wp-content\\\/uploads\\\/2021\\\/07\\\/meydan-logo.svg\",\"contentUrl\":\"https:\\\/\\\/www.meydan.tv\\\/wp-content\\\/uploads\\\/2021\\\/07\\\/meydan-logo.svg\",\"width\":195,\"height\":46,\"caption\":\"Meydan TV\"},\"image\":{\"@id\":\"https:\\\/\\\/www.meydan.tv\\\/az\\\/#\\\/schema\\\/logo\\\/image\\\/\"}},{\"@type\":\"Person\",\"@id\":\"https:\\\/\\\/www.meydan.tv\\\/az\\\/#\\\/schema\\\/person\\\/10d11eccf6da3662cf5fdab9806ea91a\",\"name\":\"user-manager\"}]}<\/script>\n<!-- \/ Yoast SEO plugin. -->","yoast_head_json":{"title":"\u0130lham \u018fliyev: \u018fhalinin say\u0131 iqtisadi inki\u015faf\u0131n \u00e7ox y\u00fcks\u0259k oldu\u011funu g\u00f6st\u0259rir - MEYDAN.TV","robots":{"index":"index","follow":"follow","max-snippet":"max-snippet:-1","max-image-preview":"max-image-preview:large","max-video-preview":"max-video-preview:-1"},"canonical":"https:\/\/www.meydan.tv\/az\/article\/ilham-eliyev-ehalinin-sayi-iqtisadi-inkisafin-cox-yuksek-oldugunu-gosterir\/","og_locale":"az_AZ","og_type":"article","og_title":"\u0130lham \u018fliyev: \u018fhalinin say\u0131 iqtisadi inki\u015faf\u0131n \u00e7ox y\u00fcks\u0259k oldu\u011funu g\u00f6st\u0259rir - MEYDAN.TV","og_description":"\u0130qtisad\u00e7\u0131: ''\u018fhalinin art\u0131m\u0131n\u0131 iqtisadi inki\u015fafla \u0259laq\u0259l\u0259ndirm\u0259k \u00e7ox yanl\u0131\u015fd\u0131r''","og_url":"https:\/\/www.meydan.tv\/az\/article\/ilham-eliyev-ehalinin-sayi-iqtisadi-inkisafin-cox-yuksek-oldugunu-gosterir\/","og_site_name":"MEYDAN.TV","article_published_time":"2017-04-17T20:47:05+00:00","og_image":[{"width":750,"height":539,"url":"https:\/\/www.meydan.tv\/wp-content\/uploads\/32496.jpg","type":"image\/jpeg"}],"author":"user-manager","twitter_card":"summary_large_image","schema":{"@context":"https:\/\/schema.org","@graph":[{"@type":"Article","@id":"https:\/\/www.meydan.tv\/az\/article\/ilham-eliyev-ehalinin-sayi-iqtisadi-inkisafin-cox-yuksek-oldugunu-gosterir\/#article","isPartOf":{"@id":"https:\/\/www.meydan.tv\/az\/article\/ilham-eliyev-ehalinin-sayi-iqtisadi-inkisafin-cox-yuksek-oldugunu-gosterir\/"},"author":{"name":"user-manager","@id":"https:\/\/www.meydan.tv\/az\/#\/schema\/person\/10d11eccf6da3662cf5fdab9806ea91a"},"headline":"\u0130lham \u018fliyev: \u018fhalinin say\u0131 iqtisadi inki\u015faf\u0131n \u00e7ox y\u00fcks\u0259k oldu\u011funu g\u00f6st\u0259rir","datePublished":"2017-04-17T20:47:05+00:00","mainEntityOfPage":{"@id":"https:\/\/www.meydan.tv\/az\/article\/ilham-eliyev-ehalinin-sayi-iqtisadi-inkisafin-cox-yuksek-oldugunu-gosterir\/"},"wordCount":1238,"publisher":{"@id":"https:\/\/www.meydan.tv\/az\/#organization"},"image":{"@id":"https:\/\/www.meydan.tv\/az\/article\/ilham-eliyev-ehalinin-sayi-iqtisadi-inkisafin-cox-yuksek-oldugunu-gosterir\/#primaryimage"},"thumbnailUrl":"https:\/\/www.meydan.tv\/wp-content\/uploads\/32496.jpg","articleSection":["Analitika"],"inLanguage":"az"},{"@type":"WebPage","@id":"https:\/\/www.meydan.tv\/az\/article\/ilham-eliyev-ehalinin-sayi-iqtisadi-inkisafin-cox-yuksek-oldugunu-gosterir\/","url":"https:\/\/www.meydan.tv\/az\/article\/ilham-eliyev-ehalinin-sayi-iqtisadi-inkisafin-cox-yuksek-oldugunu-gosterir\/","name":"\u0130lham \u018fliyev: \u018fhalinin say\u0131 iqtisadi inki\u015faf\u0131n \u00e7ox y\u00fcks\u0259k oldu\u011funu g\u00f6st\u0259rir - MEYDAN.TV","isPartOf":{"@id":"https:\/\/www.meydan.tv\/az\/#website"},"primaryImageOfPage":{"@id":"https:\/\/www.meydan.tv\/az\/article\/ilham-eliyev-ehalinin-sayi-iqtisadi-inkisafin-cox-yuksek-oldugunu-gosterir\/#primaryimage"},"image":{"@id":"https:\/\/www.meydan.tv\/az\/article\/ilham-eliyev-ehalinin-sayi-iqtisadi-inkisafin-cox-yuksek-oldugunu-gosterir\/#primaryimage"},"thumbnailUrl":"https:\/\/www.meydan.tv\/wp-content\/uploads\/32496.jpg","datePublished":"2017-04-17T20:47:05+00:00","breadcrumb":{"@id":"https:\/\/www.meydan.tv\/az\/article\/ilham-eliyev-ehalinin-sayi-iqtisadi-inkisafin-cox-yuksek-oldugunu-gosterir\/#breadcrumb"},"inLanguage":"az","potentialAction":[{"@type":"ReadAction","target":["https:\/\/www.meydan.tv\/az\/article\/ilham-eliyev-ehalinin-sayi-iqtisadi-inkisafin-cox-yuksek-oldugunu-gosterir\/"]}]},{"@type":"ImageObject","inLanguage":"az","@id":"https:\/\/www.meydan.tv\/az\/article\/ilham-eliyev-ehalinin-sayi-iqtisadi-inkisafin-cox-yuksek-oldugunu-gosterir\/#primaryimage","url":"https:\/\/www.meydan.tv\/wp-content\/uploads\/32496.jpg","contentUrl":"https:\/\/www.meydan.tv\/wp-content\/uploads\/32496.jpg","width":750,"height":539,"caption":"Source:"},{"@type":"BreadcrumbList","@id":"https:\/\/www.meydan.tv\/az\/article\/ilham-eliyev-ehalinin-sayi-iqtisadi-inkisafin-cox-yuksek-oldugunu-gosterir\/#breadcrumb","itemListElement":[{"@type":"ListItem","position":1,"name":"Ana s\u0259hif\u0259","item":"https:\/\/www.meydan.tv\/az\/"},{"@type":"ListItem","position":2,"name":"Analitika","item":"https:\/\/www.meydan.tv\/az\/section\/analitika\/"},{"@type":"ListItem","position":3,"name":"\u0130lham \u018fliyev: \u018fhalinin say\u0131 iqtisadi inki\u015faf\u0131n \u00e7ox y\u00fcks\u0259k oldu\u011funu g\u00f6st\u0259rir"}]},{"@type":"WebSite","@id":"https:\/\/www.meydan.tv\/az\/#website","url":"https:\/\/www.meydan.tv\/az\/","name":"MEYDAN.TV","description":"Meydan TV Az\u0259rbaycan\u0131n media m\u0259kan\u0131ndak\u0131 alternativ s\u0259sidir","publisher":{"@id":"https:\/\/www.meydan.tv\/az\/#organization"},"potentialAction":[{"@type":"SearchAction","target":{"@type":"EntryPoint","urlTemplate":"https:\/\/www.meydan.tv\/az\/?s={search_term_string}"},"query-input":{"@type":"PropertyValueSpecification","valueRequired":true,"valueName":"search_term_string"}}],"inLanguage":"az"},{"@type":"Organization","@id":"https:\/\/www.meydan.tv\/az\/#organization","name":"Meydan TV","url":"https:\/\/www.meydan.tv\/az\/","logo":{"@type":"ImageObject","inLanguage":"az","@id":"https:\/\/www.meydan.tv\/az\/#\/schema\/logo\/image\/","url":"https:\/\/www.meydan.tv\/wp-content\/uploads\/2021\/07\/meydan-logo.svg","contentUrl":"https:\/\/www.meydan.tv\/wp-content\/uploads\/2021\/07\/meydan-logo.svg","width":195,"height":46,"caption":"Meydan TV"},"image":{"@id":"https:\/\/www.meydan.tv\/az\/#\/schema\/logo\/image\/"}},{"@type":"Person","@id":"https:\/\/www.meydan.tv\/az\/#\/schema\/person\/10d11eccf6da3662cf5fdab9806ea91a","name":"user-manager"}]}},"_links":{"self":[{"href":"https:\/\/www.meydan.tv\/az\/wp-json\/wp\/v2\/posts\/183761","targetHints":{"allow":["GET"]}}],"collection":[{"href":"https:\/\/www.meydan.tv\/az\/wp-json\/wp\/v2\/posts"}],"about":[{"href":"https:\/\/www.meydan.tv\/az\/wp-json\/wp\/v2\/types\/post"}],"author":[{"embeddable":true,"href":"https:\/\/www.meydan.tv\/az\/wp-json\/wp\/v2\/users\/11"}],"replies":[{"embeddable":true,"href":"https:\/\/www.meydan.tv\/az\/wp-json\/wp\/v2\/comments?post=183761"}],"version-history":[{"count":0,"href":"https:\/\/www.meydan.tv\/az\/wp-json\/wp\/v2\/posts\/183761\/revisions"}],"wp:featuredmedia":[{"embeddable":true,"href":"https:\/\/www.meydan.tv\/az\/wp-json\/wp\/v2\/media\/82871"}],"wp:attachment":[{"href":"https:\/\/www.meydan.tv\/az\/wp-json\/wp\/v2\/media?parent=183761"}],"wp:term":[{"taxonomy":"category","embeddable":true,"href":"https:\/\/www.meydan.tv\/az\/wp-json\/wp\/v2\/categories?post=183761"},{"taxonomy":"post_tag","embeddable":true,"href":"https:\/\/www.meydan.tv\/az\/wp-json\/wp\/v2\/tags?post=183761"}],"curies":[{"name":"wp","href":"https:\/\/api.w.org\/{rel}","templated":true}]}}