{"id":183742,"date":"2017-04-17T02:01:47","date_gmt":"2017-04-17T02:01:47","guid":{"rendered":"https:\/\/www.meydan.tv\/article\/referenduma-baxis-bucagi\/"},"modified":"2017-04-17T02:01:47","modified_gmt":"2017-04-17T02:01:47","slug":"referenduma-baxis-bucagi","status":"publish","type":"post","link":"https:\/\/www.meydan.tv\/az\/article\/referenduma-baxis-bucagi\/","title":{"rendered":"Referenduma bax\u0131\u015f buca\u011f\u0131"},"content":{"rendered":"<figure class=\"wp-block-image size-large\">\n  <img decoding=\"async\" src=\"https:\/\/www.meydan.tv\/az\/48307\/\" alt=\"\" class=\"wp-image-48307\"\/><figcaption><\/figcaption><\/figure>\n<p>\n  Bu g\u00fcn T\u00fcrkiy\u0259d\u0259 Referendum ke\u00e7irilir v\u0259 b\u00f6y\u00fck ehtimalla ax\u015fam n\u0259tic\u0259 ba\u015fqanl\u0131q sisteminin g\u0259lm\u0259si il\u0259 yekunla\u015facaq.\n<\/p>\n<p>\n  M\u0259n T\u00fcrkiy\u0259d\u0259ki bu sistem d\u0259yi\u015fikliyini mediada bir d\u0259f\u0259 qiym\u0259tl\u0259ndirm\u0259m xaricind\u0259 d\u0259y\u0259rl\u0259ndirm\u0259dim. \u00c7\u00fcnki bu sistem d\u0259yi\u015fikliyi n\u0259tic\u0259d\u0259 birba\u015fa biz\u0259 t\u0259siri olan bir d\u0259yi\u015fiklik deyil, T\u00fcrkiy\u0259nin, T\u00fcrkiy\u0259 v\u0259t\u0259nda\u015flar\u0131n\u0131n t\u0259rcihidir.\n<\/p>\n<p>\n  M\u0259nim diqq\u0259timi \u00e7\u0259k\u0259n bu oldu ki, Az\u0259rbaycanda b\u00f6y\u00fck bir sosial \u015f\u0259b\u0259k\u0259 istifad\u0259\u00e7isi g\u00fcnl\u0259rl\u0259 bu m\u0259s\u0259l\u0259ni \u00f6z g\u00fcnd\u0259ml\u0259rind\u0259 saxlad\u0131. H\u0259tta \u015fi\u015firtm\u0259d\u0259n dem\u0259liy\u0259m ki, 26 sentyabr 2016-c\u0131 ild\u0259 Konstitusiyam\u0131za g\u0259tiril\u0259n d\u0259yi\u015fiklikl\u0259r he\u00e7 d\u0259 T\u00fcrkiy\u0259d\u0259kind\u0259n az m\u00fcbahis\u0259 yaradan d\u0259yi\u015fiklikl\u0259r olmasa da, h\u0259min insanlar konkret \u0259m\u0259l etm\u0259li olduqlar\u0131 normalar\u0131n d\u0259yi\u015fm\u0259sin\u0259 bu q\u0259d\u0259r diqq\u0259t ay\u0131rmad\u0131lar.\n<\/p>\n<p>\n  \u015e\u0259xsi q\u0259na\u0259timi deyim ki, T\u00fcrkiy\u0259d\u0259 \u201cEvet\u201d v\u0259 ya \u201cHay\u0131r\u201d \u00e7\u0131xmas\u0131ndan as\u0131l\u0131 olmayaraq, ciddi bir d\u0259yi\u015fiklik olmayacaq. \u00c7\u00fcnki son 15 ild\u0259 T\u00fcrkiy\u0259d\u0259 hakimiyy\u0259t birliyi m\u00f6vcuddur v\u0259 m\u00fctl\u0259q siyasi s\u00f6z sahibi \u018frdo\u011fand\u0131r. Sistemin d\u0259yi\u015fm\u0259si \u018frdo\u011fan\u0131n onsuz da de-fakto m\u00fctl\u0259q istifad\u0259 etdiyi s\u0259lahiyy\u0259tl\u0259ri de-jure ona vermi\u015f olacaq. Bel\u0259likl\u0259, haz\u0131rda siyasi m\u0259suliyy\u0259ti olmad\u0131\u011f\u0131 halda istifad\u0259 etdiyi s\u0259lahiyy\u0259tl\u0259r\u0259 g\u00f6r\u0259 bundan sonra siyasi m\u0259suliyy\u0259tl\u0259 d\u0259 g\u00fcnd\u0259m\u0259 g\u0259l\u0259c\u0259k.\n<\/p>\n<p>\n  T\u00fcrkiy\u0259 il\u0259 ba\u011fl\u0131 bizim toplumda b\u0259zi bilgil\u0259r d\u0259rin deyil. \u018fslind\u0259 T\u00fcrkiy\u0259d\u0259 hakimiyy\u0259t b\u00f6lg\u00fcs\u00fc klassik m\u0259nada dem\u0259k olar ki, olmay\u0131b. Hakimiyy\u0259t \u0259sas\u0259n parlamentd\u0259ki \u00e7oxluqda toplan\u0131b v\u0259 onlar h\u0259m qanun \u00e7\u0131xar\u0131b, h\u0259m d\u0259 qurduqlar\u0131 h\u00f6kum\u0259tl\u0259 \u00e7\u0131xard\u0131qlar\u0131 qanunlar\u0131 icra edibl\u0259r. Hakimiyy\u0259t\u0259 hakimiyy\u0259t qollar\u0131 aras\u0131 n\u0259zar\u0259t yox, m\u0259clisdaxili siyasi m\u00fcxalif partiya n\u0259zar\u0259ti olub. Bu da h\u0259r zaman di\u015fsiz v\u0259 z\u0259if olub.\n<\/p>\n<p>\n  Dig\u0259r m\u0259s\u0259l\u0259 budur ki, T\u00fcrkiy\u0259d\u0259 Anayasan\u0131 he\u00e7 vaxt xalq s\u00f6z\u00fcn h\u0259qiqi m\u0259nas\u0131nda m\u00fczakir\u0259 ed\u0259r\u0259k, q\u0259bul etm\u0259yib. Onu h\u0259mi\u015f\u0259 siyasi irad\u0259 dikt\u0259 edib.1921 v\u0259 1924-c\u00fc il konstitusiyalar\u0131n\u0131 TBMM q\u0259bul edib. 1924 Anayasas\u0131 1960-c\u0131 il h\u0259rbi \u00e7evrili\u015f\u0259 q\u0259d\u0259r q\u00fcvv\u0259d\u0259 olub. 1960 h\u0259rbi xunta bir komissiya qurub v\u0259 onlara Anayasa haz\u0131rlad\u0131b. H\u0259min Anayasa 1980-ci il \u00e7evrili\u015fin\u0259 q\u0259d\u0259r q\u00fcvv\u0259d\u0259 qal\u0131b. Yen\u0259 h\u0259rbi rejim bu d\u0259f\u0259 ba\u015fqa bir komissiyaya Anayasa haz\u0131rlad\u0131b v\u0259 f\u00f6vq\u0259lad\u0259 v\u0259ziyy\u0259t rejimind\u0259 1982-ci ild\u0259 s\u0259sverm\u0259y\u0259 \u00e7\u0131xararaq \u201c90% -d\u0259n \u00e7ox s\u0259sl\u0259\u201d q\u0259bul edib. Y\u0259ni bu prosedur \u018frdo\u011fana q\u0259d\u0259r d\u0259 m\u0259sum bir proses olmay\u0131b.\n<\/p>\n<p>\n  Atat\u00fcrk\u00fcn zaman\u0131nda ilk 1921 Anayasas\u0131nda hakimiyy\u0259tin h\u0259r \u00fc\u00e7 qolunun s\u0259lahiyy\u0259tl\u0259ri M\u0259clisd\u0259 Birl\u0259\u015fmi\u015f, 1924 Anayasas\u0131nda M\u0259hk\u0259m\u0259 ayr\u0131laraq, qanunverici v\u0259 icra s\u0259lahiyy\u0259ti Yen\u0259 M\u0259clisd\u0259 qalm\u0131\u015fd\u0131r. Bu, h\u0259m d\u0259 \u00e7oxluqda olan siyasi g\u00fcc\u00fcn hakimiyy\u0259t qollar\u0131na n\u0259zar\u0259ti dem\u0259k idi.\n<\/p>\n<p>\n  1961-ci il 9 iyul referendumu bug\u00fcnk\u00fc referendum s\u00fcr\u0259cin\u0259 \u00e7ox b\u0259nz\u0259yir. H\u0259rbi \u00e7evrili\u015fi ed\u0259n t\u0259r\u0259f v\u0259 onun ba\u015f\u0131nda duran Camal G\u00fcrs\u0259l \u201cEvet\u201d kampaniyas\u0131n\u0131 aparm\u0131\u015f, indiki MHP-nin ke\u00e7mi\u015fi olan \u201cCumhuriyet\u00e7i K\u00f6yl\u00fc Millet Partisi\u201d v\u0259 CHP onu d\u0259st\u0259kl\u0259mi\u015f, b\u00fct\u00fcn d\u00f6vl\u0259t qurumlar\u0131 \u201cEvet\u201d \u00fc\u00e7\u00fcn s\u0259f\u0259rb\u0259r olmu\u015fdur. Edam edil\u0259n Menderesin Demokrat Partiyas\u0131na ba\u011fl\u0131 olanlar \u201cHay\u0131r\u201d kampaniyas\u0131na d\u0259st\u0259k vermi\u015fdir. Referendum \u00f6nc\u0259si h\u0259r iki t\u0259r\u0259f \u00fc\u00e7\u00fcn h\u00fcquqi bax\u0131mdan t\u0259\u015fviqat s\u0259rb\u0259st olsa da, praktik olaraq \u201cHay\u0131r\u201d\u00e7\u0131lara f\u0259aliyy\u0259t imkan\u0131 verilm\u0259mi\u015fdir. N\u0259tic\u0259d\u0259, 38,3 % \u201cHay\u0131r\u201d s\u0259sin\u0259 qar\u015f\u0131 61,7% s\u0259sl\u0259 referendumla yeni Anayasa q\u0259bul edilmi\u015fdir. \u201cHay\u0131rda hay\u0131r vard\u0131r\u201d deyimi m\u0259hz o zaman Demokrat Partiyan\u0131n m\u0259nsublar\u0131 t\u0259r\u0259find\u0259n s\u0259sl\u0259nmi\u015fdir.\n<\/p>\n<p>\n  1982-ci il Anayasan\u0131n\u0131n q\u0259bul edildiyi 7 noyabr Referendumu da t\u0259xmin\u0259n eyni ssenari il\u0259 ba\u015f tutub. \u00d6nc\u0259 K\u0259nan Evren h\u0259rbi \u00e7evrili\u015f ed\u0259r\u0259k hakimiyy\u0259ti m\u0259nims\u0259yib, sonra bir Anayasa yazd\u0131raraq onu s\u0259sverm\u0259y\u0259 t\u0259qdim edib. \u00dcst\u0259lik \u00f6z\u00fcn\u00fcn prezidentliyini d\u0259 bu referendumda xalqa t\u0259sdiql\u0259dib. N\u0259tic\u0259d\u0259 91% s\u0259sl\u0259 bu s\u0259n\u0259d Anayasaya \u00e7evrilib.\n<\/p>\n<p>\n  Ayr\u0131ca, bilm\u0259liyik ki, T\u00fcrkiy\u0259nin 1924 Konstitusiyas\u0131nda \u201cD\u00f6vl\u0259tin dini islamd\u0131r\u201d ifad\u0259si vard\u0131. 1928-d\u0259 TBMM bunu \u00e7\u0131xard\u0131 v\u0259 Atat\u00fcrk\u00fcn \u00f6l\u00fcm\u00fcnd\u0259n bir il \u00f6nc\u0259 1937-d\u0259 \u201cLayiklik\u201d (d\u00fcny\u0259vilik) prinsipi yen\u0259 TBMM t\u0259r\u0259find\u0259n Anayasaya \u0259lav\u0259 edildi.\n<\/p>\n<p>\n  Bunlar\u0131 xat\u0131rlatmaqda m\u0259qs\u0259dim tarixi prosesl\u0259rin i\u015f\u0131\u011f\u0131nda g\u00fcnc\u0259l olaya baxmaqd\u0131r.\n<\/p>\n<p>\n  1938-ci ild\u0259 ba\u015flayan \u201cMilli \u015eef\u201d siyasi irad\u0259si 1950-ci ild\u0259 ilk demokratik se\u00e7kil\u0259rl\u0259 k\u0259sildi. Adnan Menderes siyasi r\u00fczgar\u0131n\u0131 1960 h\u0259rbi \u00e7evrili\u015fi k\u0259sdi v\u0259 Camal G\u00fcrs\u0259ll\u0259rin irad\u0259si 1970-l\u0259rd\u0259 bu d\u0259f\u0259 Menderes g\u0259l\u0259n\u0259yinin davam\u00e7\u0131lar\u0131, o c\u00fcml\u0259d\u0259n D\u0259mir\u0259lin y\u00fcks\u0259lm\u0259si il\u0259 k\u0259sildi. Bu trendi yen\u0259 1980 h\u0259rbi \u00e7evrili\u015fi dayand\u0131rd\u0131. Demokratlar\u0131n davam\u0131 olan siyasil\u0259r\u0259 siyasi yasaqlar g\u0259ldi, amma 1990-lardan sonra siyasi yasaqlar qalxan kimi yenid\u0259n bu trend geri d\u00f6nd\u00fc v\u0259 2002-ci ild\u0259 \u018frdo\u011fanla t\u0259krar y\u00fcks\u0259li\u015fini s\u00fcrd\u00fcrd\u00fc. 2016-c\u0131 ild\u0259 h\u0259rbi \u00e7evrili\u015fin ba\u015f tutmamas\u0131 \u018frdo\u011fana siyasi m\u0259qs\u0259dl\u0259rini realla\u015fd\u0131rmaq f\u00fcrs\u0259ti verdi.\n<\/p>\n<p>\n  Bu g\u00fcn ke\u00e7iril\u0259n referenduma bir d\u0259 bu bax\u0131\u015f buca\u011f\u0131ndan baxmada fayda oldu\u011funu d\u00fc\u015f\u00fcn\u00fcr\u0259m.\n<\/p>\n<p>\n  <a href=\"https:\/\/www.facebook.com\/elesger\/posts\/10155204223234738\"><br \/>\n    m\u0259nb\u0259<br \/>\n  <\/a><\/p>\n","protected":false},"excerpt":{"rendered":"<p>Bu g\u00fcn T\u00fcrkiy\u0259d\u0259 Referendum ke\u00e7irilir v\u0259 b\u00f6y\u00fck ehtimalla ax\u015fam n\u0259tic\u0259 &#8230; <\/p>\n<p class=\"read-more-container\"><a title=\"Referenduma bax\u0131\u015f buca\u011f\u0131\" class=\"read-more button\" href=\"https:\/\/www.meydan.tv\/az\/article\/referenduma-baxis-bucagi\/#more-183742\" aria-label=\"Read more about Referenduma bax\u0131\u015f buca\u011f\u0131\">Davam\u0131<\/a><\/p>\n","protected":false},"author":11,"featured_media":48307,"comment_status":"closed","ping_status":"open","sticky":false,"template":"","format":"standard","meta":{"_acf_changed":false,"_sitemap_exclude":false,"_sitemap_priority":"","_sitemap_frequency":"","footnotes":""},"categories":[51],"tags":[],"class_list":["post-183742","post","type-post","status-publish","format-standard","has-post-thumbnail","hentry","category-analitika","infinite-scroll-item","generate-columns","tablet-grid-50","mobile-grid-100","grid-parent","grid-33","no-featured-image-padding"],"acf":[],"yoast_head":"<!-- This site is optimized with the Yoast SEO plugin v27.4 - https:\/\/yoast.com\/product\/yoast-seo-wordpress\/ -->\n<title>Referenduma bax\u0131\u015f buca\u011f\u0131 - MEYDAN.TV<\/title>\n<meta name=\"robots\" content=\"index, follow, max-snippet:-1, max-image-preview:large, max-video-preview:-1\" \/>\n<link rel=\"canonical\" href=\"https:\/\/www.meydan.tv\/az\/article\/referenduma-baxis-bucagi\/\" \/>\n<meta property=\"og:locale\" content=\"az_AZ\" \/>\n<meta property=\"og:type\" content=\"article\" \/>\n<meta property=\"og:title\" content=\"Referenduma bax\u0131\u015f buca\u011f\u0131 - MEYDAN.TV\" \/>\n<meta property=\"og:description\" content=\"Bu g\u00fcn T\u00fcrkiy\u0259d\u0259 Referendum ke\u00e7irilir v\u0259 b\u00f6y\u00fck ehtimalla ax\u015fam n\u0259tic\u0259 ... Davam\u0131\" \/>\n<meta property=\"og:url\" content=\"https:\/\/www.meydan.tv\/az\/article\/referenduma-baxis-bucagi\/\" \/>\n<meta property=\"og:site_name\" content=\"MEYDAN.TV\" \/>\n<meta property=\"article:published_time\" content=\"2017-04-17T02:01:47+00:00\" \/>\n<meta property=\"og:image\" content=\"https:\/\/www.meydan.tv\/wp-content\/uploads\/18128.jpg\" \/>\n\t<meta property=\"og:image:width\" content=\"768\" \/>\n\t<meta property=\"og:image:height\" content=\"432\" \/>\n\t<meta property=\"og:image:type\" content=\"image\/jpeg\" \/>\n<meta name=\"author\" content=\"user-manager\" \/>\n<meta name=\"twitter:card\" content=\"summary_large_image\" \/>\n<script type=\"application\/ld+json\" class=\"yoast-schema-graph\">{\"@context\":\"https:\\\/\\\/schema.org\",\"@graph\":[{\"@type\":\"Article\",\"@id\":\"https:\\\/\\\/www.meydan.tv\\\/az\\\/article\\\/referenduma-baxis-bucagi\\\/#article\",\"isPartOf\":{\"@id\":\"https:\\\/\\\/www.meydan.tv\\\/az\\\/article\\\/referenduma-baxis-bucagi\\\/\"},\"author\":{\"name\":\"user-manager\",\"@id\":\"https:\\\/\\\/www.meydan.tv\\\/az\\\/#\\\/schema\\\/person\\\/10d11eccf6da3662cf5fdab9806ea91a\"},\"headline\":\"Referenduma bax\u0131\u015f buca\u011f\u0131\",\"datePublished\":\"2017-04-17T02:01:47+00:00\",\"mainEntityOfPage\":{\"@id\":\"https:\\\/\\\/www.meydan.tv\\\/az\\\/article\\\/referenduma-baxis-bucagi\\\/\"},\"wordCount\":1037,\"publisher\":{\"@id\":\"https:\\\/\\\/www.meydan.tv\\\/az\\\/#organization\"},\"image\":{\"@id\":\"https:\\\/\\\/www.meydan.tv\\\/az\\\/article\\\/referenduma-baxis-bucagi\\\/#primaryimage\"},\"thumbnailUrl\":\"https:\\\/\\\/www.meydan.tv\\\/wp-content\\\/uploads\\\/18128.jpg\",\"articleSection\":[\"Analitika\"],\"inLanguage\":\"az\"},{\"@type\":\"WebPage\",\"@id\":\"https:\\\/\\\/www.meydan.tv\\\/az\\\/article\\\/referenduma-baxis-bucagi\\\/\",\"url\":\"https:\\\/\\\/www.meydan.tv\\\/az\\\/article\\\/referenduma-baxis-bucagi\\\/\",\"name\":\"Referenduma bax\u0131\u015f buca\u011f\u0131 - MEYDAN.TV\",\"isPartOf\":{\"@id\":\"https:\\\/\\\/www.meydan.tv\\\/az\\\/#website\"},\"primaryImageOfPage\":{\"@id\":\"https:\\\/\\\/www.meydan.tv\\\/az\\\/article\\\/referenduma-baxis-bucagi\\\/#primaryimage\"},\"image\":{\"@id\":\"https:\\\/\\\/www.meydan.tv\\\/az\\\/article\\\/referenduma-baxis-bucagi\\\/#primaryimage\"},\"thumbnailUrl\":\"https:\\\/\\\/www.meydan.tv\\\/wp-content\\\/uploads\\\/18128.jpg\",\"datePublished\":\"2017-04-17T02:01:47+00:00\",\"breadcrumb\":{\"@id\":\"https:\\\/\\\/www.meydan.tv\\\/az\\\/article\\\/referenduma-baxis-bucagi\\\/#breadcrumb\"},\"inLanguage\":\"az\",\"potentialAction\":[{\"@type\":\"ReadAction\",\"target\":[\"https:\\\/\\\/www.meydan.tv\\\/az\\\/article\\\/referenduma-baxis-bucagi\\\/\"]}]},{\"@type\":\"ImageObject\",\"inLanguage\":\"az\",\"@id\":\"https:\\\/\\\/www.meydan.tv\\\/az\\\/article\\\/referenduma-baxis-bucagi\\\/#primaryimage\",\"url\":\"https:\\\/\\\/www.meydan.tv\\\/wp-content\\\/uploads\\\/18128.jpg\",\"contentUrl\":\"https:\\\/\\\/www.meydan.tv\\\/wp-content\\\/uploads\\\/18128.jpg\",\"width\":768,\"height\":432,\"caption\":\"Source:\"},{\"@type\":\"BreadcrumbList\",\"@id\":\"https:\\\/\\\/www.meydan.tv\\\/az\\\/article\\\/referenduma-baxis-bucagi\\\/#breadcrumb\",\"itemListElement\":[{\"@type\":\"ListItem\",\"position\":1,\"name\":\"Ana s\u0259hif\u0259\",\"item\":\"https:\\\/\\\/www.meydan.tv\\\/az\\\/\"},{\"@type\":\"ListItem\",\"position\":2,\"name\":\"Analitika\",\"item\":\"https:\\\/\\\/www.meydan.tv\\\/az\\\/section\\\/analitika\\\/\"},{\"@type\":\"ListItem\",\"position\":3,\"name\":\"Referenduma bax\u0131\u015f buca\u011f\u0131\"}]},{\"@type\":\"WebSite\",\"@id\":\"https:\\\/\\\/www.meydan.tv\\\/az\\\/#website\",\"url\":\"https:\\\/\\\/www.meydan.tv\\\/az\\\/\",\"name\":\"MEYDAN.TV\",\"description\":\"Meydan TV Az\u0259rbaycan\u0131n media m\u0259kan\u0131ndak\u0131 alternativ s\u0259sidir\",\"publisher\":{\"@id\":\"https:\\\/\\\/www.meydan.tv\\\/az\\\/#organization\"},\"potentialAction\":[{\"@type\":\"SearchAction\",\"target\":{\"@type\":\"EntryPoint\",\"urlTemplate\":\"https:\\\/\\\/www.meydan.tv\\\/az\\\/?s={search_term_string}\"},\"query-input\":{\"@type\":\"PropertyValueSpecification\",\"valueRequired\":true,\"valueName\":\"search_term_string\"}}],\"inLanguage\":\"az\"},{\"@type\":\"Organization\",\"@id\":\"https:\\\/\\\/www.meydan.tv\\\/az\\\/#organization\",\"name\":\"Meydan TV\",\"url\":\"https:\\\/\\\/www.meydan.tv\\\/az\\\/\",\"logo\":{\"@type\":\"ImageObject\",\"inLanguage\":\"az\",\"@id\":\"https:\\\/\\\/www.meydan.tv\\\/az\\\/#\\\/schema\\\/logo\\\/image\\\/\",\"url\":\"https:\\\/\\\/www.meydan.tv\\\/wp-content\\\/uploads\\\/2021\\\/07\\\/meydan-logo.svg\",\"contentUrl\":\"https:\\\/\\\/www.meydan.tv\\\/wp-content\\\/uploads\\\/2021\\\/07\\\/meydan-logo.svg\",\"width\":195,\"height\":46,\"caption\":\"Meydan TV\"},\"image\":{\"@id\":\"https:\\\/\\\/www.meydan.tv\\\/az\\\/#\\\/schema\\\/logo\\\/image\\\/\"}},{\"@type\":\"Person\",\"@id\":\"https:\\\/\\\/www.meydan.tv\\\/az\\\/#\\\/schema\\\/person\\\/10d11eccf6da3662cf5fdab9806ea91a\",\"name\":\"user-manager\"}]}<\/script>\n<!-- \/ Yoast SEO plugin. -->","yoast_head_json":{"title":"Referenduma bax\u0131\u015f buca\u011f\u0131 - MEYDAN.TV","robots":{"index":"index","follow":"follow","max-snippet":"max-snippet:-1","max-image-preview":"max-image-preview:large","max-video-preview":"max-video-preview:-1"},"canonical":"https:\/\/www.meydan.tv\/az\/article\/referenduma-baxis-bucagi\/","og_locale":"az_AZ","og_type":"article","og_title":"Referenduma bax\u0131\u015f buca\u011f\u0131 - MEYDAN.TV","og_description":"Bu g\u00fcn T\u00fcrkiy\u0259d\u0259 Referendum ke\u00e7irilir v\u0259 b\u00f6y\u00fck ehtimalla ax\u015fam n\u0259tic\u0259 ... Davam\u0131","og_url":"https:\/\/www.meydan.tv\/az\/article\/referenduma-baxis-bucagi\/","og_site_name":"MEYDAN.TV","article_published_time":"2017-04-17T02:01:47+00:00","og_image":[{"width":768,"height":432,"url":"https:\/\/www.meydan.tv\/wp-content\/uploads\/18128.jpg","type":"image\/jpeg"}],"author":"user-manager","twitter_card":"summary_large_image","schema":{"@context":"https:\/\/schema.org","@graph":[{"@type":"Article","@id":"https:\/\/www.meydan.tv\/az\/article\/referenduma-baxis-bucagi\/#article","isPartOf":{"@id":"https:\/\/www.meydan.tv\/az\/article\/referenduma-baxis-bucagi\/"},"author":{"name":"user-manager","@id":"https:\/\/www.meydan.tv\/az\/#\/schema\/person\/10d11eccf6da3662cf5fdab9806ea91a"},"headline":"Referenduma bax\u0131\u015f buca\u011f\u0131","datePublished":"2017-04-17T02:01:47+00:00","mainEntityOfPage":{"@id":"https:\/\/www.meydan.tv\/az\/article\/referenduma-baxis-bucagi\/"},"wordCount":1037,"publisher":{"@id":"https:\/\/www.meydan.tv\/az\/#organization"},"image":{"@id":"https:\/\/www.meydan.tv\/az\/article\/referenduma-baxis-bucagi\/#primaryimage"},"thumbnailUrl":"https:\/\/www.meydan.tv\/wp-content\/uploads\/18128.jpg","articleSection":["Analitika"],"inLanguage":"az"},{"@type":"WebPage","@id":"https:\/\/www.meydan.tv\/az\/article\/referenduma-baxis-bucagi\/","url":"https:\/\/www.meydan.tv\/az\/article\/referenduma-baxis-bucagi\/","name":"Referenduma bax\u0131\u015f buca\u011f\u0131 - MEYDAN.TV","isPartOf":{"@id":"https:\/\/www.meydan.tv\/az\/#website"},"primaryImageOfPage":{"@id":"https:\/\/www.meydan.tv\/az\/article\/referenduma-baxis-bucagi\/#primaryimage"},"image":{"@id":"https:\/\/www.meydan.tv\/az\/article\/referenduma-baxis-bucagi\/#primaryimage"},"thumbnailUrl":"https:\/\/www.meydan.tv\/wp-content\/uploads\/18128.jpg","datePublished":"2017-04-17T02:01:47+00:00","breadcrumb":{"@id":"https:\/\/www.meydan.tv\/az\/article\/referenduma-baxis-bucagi\/#breadcrumb"},"inLanguage":"az","potentialAction":[{"@type":"ReadAction","target":["https:\/\/www.meydan.tv\/az\/article\/referenduma-baxis-bucagi\/"]}]},{"@type":"ImageObject","inLanguage":"az","@id":"https:\/\/www.meydan.tv\/az\/article\/referenduma-baxis-bucagi\/#primaryimage","url":"https:\/\/www.meydan.tv\/wp-content\/uploads\/18128.jpg","contentUrl":"https:\/\/www.meydan.tv\/wp-content\/uploads\/18128.jpg","width":768,"height":432,"caption":"Source:"},{"@type":"BreadcrumbList","@id":"https:\/\/www.meydan.tv\/az\/article\/referenduma-baxis-bucagi\/#breadcrumb","itemListElement":[{"@type":"ListItem","position":1,"name":"Ana s\u0259hif\u0259","item":"https:\/\/www.meydan.tv\/az\/"},{"@type":"ListItem","position":2,"name":"Analitika","item":"https:\/\/www.meydan.tv\/az\/section\/analitika\/"},{"@type":"ListItem","position":3,"name":"Referenduma bax\u0131\u015f buca\u011f\u0131"}]},{"@type":"WebSite","@id":"https:\/\/www.meydan.tv\/az\/#website","url":"https:\/\/www.meydan.tv\/az\/","name":"MEYDAN.TV","description":"Meydan TV Az\u0259rbaycan\u0131n media m\u0259kan\u0131ndak\u0131 alternativ s\u0259sidir","publisher":{"@id":"https:\/\/www.meydan.tv\/az\/#organization"},"potentialAction":[{"@type":"SearchAction","target":{"@type":"EntryPoint","urlTemplate":"https:\/\/www.meydan.tv\/az\/?s={search_term_string}"},"query-input":{"@type":"PropertyValueSpecification","valueRequired":true,"valueName":"search_term_string"}}],"inLanguage":"az"},{"@type":"Organization","@id":"https:\/\/www.meydan.tv\/az\/#organization","name":"Meydan TV","url":"https:\/\/www.meydan.tv\/az\/","logo":{"@type":"ImageObject","inLanguage":"az","@id":"https:\/\/www.meydan.tv\/az\/#\/schema\/logo\/image\/","url":"https:\/\/www.meydan.tv\/wp-content\/uploads\/2021\/07\/meydan-logo.svg","contentUrl":"https:\/\/www.meydan.tv\/wp-content\/uploads\/2021\/07\/meydan-logo.svg","width":195,"height":46,"caption":"Meydan TV"},"image":{"@id":"https:\/\/www.meydan.tv\/az\/#\/schema\/logo\/image\/"}},{"@type":"Person","@id":"https:\/\/www.meydan.tv\/az\/#\/schema\/person\/10d11eccf6da3662cf5fdab9806ea91a","name":"user-manager"}]}},"_links":{"self":[{"href":"https:\/\/www.meydan.tv\/az\/wp-json\/wp\/v2\/posts\/183742","targetHints":{"allow":["GET"]}}],"collection":[{"href":"https:\/\/www.meydan.tv\/az\/wp-json\/wp\/v2\/posts"}],"about":[{"href":"https:\/\/www.meydan.tv\/az\/wp-json\/wp\/v2\/types\/post"}],"author":[{"embeddable":true,"href":"https:\/\/www.meydan.tv\/az\/wp-json\/wp\/v2\/users\/11"}],"replies":[{"embeddable":true,"href":"https:\/\/www.meydan.tv\/az\/wp-json\/wp\/v2\/comments?post=183742"}],"version-history":[{"count":0,"href":"https:\/\/www.meydan.tv\/az\/wp-json\/wp\/v2\/posts\/183742\/revisions"}],"wp:featuredmedia":[{"embeddable":true,"href":"https:\/\/www.meydan.tv\/az\/wp-json\/wp\/v2\/media\/48307"}],"wp:attachment":[{"href":"https:\/\/www.meydan.tv\/az\/wp-json\/wp\/v2\/media?parent=183742"}],"wp:term":[{"taxonomy":"category","embeddable":true,"href":"https:\/\/www.meydan.tv\/az\/wp-json\/wp\/v2\/categories?post=183742"},{"taxonomy":"post_tag","embeddable":true,"href":"https:\/\/www.meydan.tv\/az\/wp-json\/wp\/v2\/tags?post=183742"}],"curies":[{"name":"wp","href":"https:\/\/api.w.org\/{rel}","templated":true}]}}