{"id":183741,"date":"2017-04-17T00:59:04","date_gmt":"2017-04-17T00:59:04","guid":{"rendered":"https:\/\/www.meydan.tv\/article\/haci-cavad-mescidi-etrafinda-bas-verenler\/"},"modified":"2017-04-17T00:59:04","modified_gmt":"2017-04-17T00:59:04","slug":"haci-cavad-mescidi-etrafinda-bas-verenler","status":"publish","type":"post","link":"https:\/\/www.meydan.tv\/az\/article\/haci-cavad-mescidi-etrafinda-bas-verenler\/","title":{"rendered":"&#8221;Hac\u0131 Cavad&#8221; m\u0259scidi \u0259traf\u0131nda ba\u015f ver\u0259nl\u0259r"},"content":{"rendered":"<figure class=\"wp-block-image size-large\">\n  <img decoding=\"async\" src=\"https:\/\/www.meydan.tv\/az\/82789\/\" alt=\"\" class=\"wp-image-82789\"\/><figcaption><\/figcaption><\/figure>\n<figure class=\"wp-block-image size-large\">\n  <img decoding=\"async\" src=\"https:\/\/www.meydan.tv\/az\/82789\/\" alt=\"\" class=\"wp-image-82789\"\/><figcaption>\n    fotolar sosial \u015f\u0259b\u0259k\u0259<br \/>\n  <\/figcaption><\/figure>\n<p>\n  <i><br \/>\n    Bu, a\u015fa\u011f\u0131lar\u0131n yuxar\u0131lara qar\u015f\u0131 etiraz\u0131d\u0131r<br \/>\n  <\/i>\n<\/p>\n<p>\n  Az\u0259rbaycanda Bak\u0131n\u0131n m\u0259rk\u0259zind\u0259 \u201cHac\u0131 Cavad\u201d m\u0259scidi icmas\u0131 il\u0259 hakimiyy\u0259tin maraqlar\u0131n\u0131n toqqu\u015fmas\u0131 \u00f6lk\u0259nin adi, g\u00fcnd\u0259lik h\u0259yat\u0131nda hadis\u0259l\u0259r v\u0259 informasiya m\u0259kan\u0131nda bir-birini \u0259v\u0259z ed\u0259n x\u0259b\u0259rl\u0259r ax\u0131n\u0131nda c\u00fczi v\u0259 m\u00fcv\u0259qq\u0259ti t\u0259f\u0259rr\u00fcat kimi g\u00f6r\u00fcn\u00fcr.\n<\/p>\n<p>\n  Amma m\u0259scid \u0259traf\u0131ndak\u0131 v\u0259ziyy\u0259tin d\u0259 \u00fcst\u00fcn\u0259 g\u0259ldiyi ictimai-siyasi kontekst\u0259 diqq\u0259tl\u0259 baxd\u0131qda, \u201cSovetski\u201d m\u0259h\u0259ll\u0259sind\u0259 zorla s\u00f6k\u00fclm\u00fc\u015f k\u00fc\u00e7\u0259l\u0259rin m\u0259hdud qal\u0131qlar\u0131nda bu ki\u00e7ik hadis\u0259 c\u0259miyy\u0259td\u0259 yeni atmosferin formala\u015fd\u0131\u011f\u0131n\u0131 \u2013 v\u0259t\u0259nda\u015f sektorunda v\u0259 b\u00f6hranl\u0131 d\u00f6vl\u0259td\u0259 g\u0259rginlik oldu\u011funu g\u00f6st\u0259rir.\n<\/p>\n<p>\n  G\u00fcnb\u0259z v\u0259 minar\u0259 kimi atributlar\u0131 olmad\u0131\u011f\u0131na g\u00f6r\u0259 daha \u00e7ox ibad\u0259t evi adland\u0131r\u0131la bil\u0259c\u0259k m\u0259scidin icmas\u0131 formal olaraq hakimiyy\u0259tin \u015f\u0259h\u0259rin konkret hiss\u0259sinin \u2013 \u201cSovetski\u201dnin yenid\u0259n qurulmas\u0131 b\u0259han\u0259sil\u0259 m\u0259scidin s\u00f6k\u00fclm\u0259si plan\u0131na qar\u015f\u0131 \u00e7\u0131xd\u0131lar. Amma bu, dindarlar\u0131n bu q\u0259tiyy\u0259tinin yaln\u0131z zahiri hiss\u0259sidir. Onu b\u0259han\u0259 kimi t\u0259snif etm\u0259k do\u011fru olard\u0131. Az\u0259rbaycanda postsovet d\u00f6vr\u00fcnd\u0259 inki\u015faf ed\u0259n islam\u0131n etiraz f\u0259ls\u0259f\u0259sini q\u0259bul ed\u0259r\u0259k, SSR\u0130-nin da\u011f\u0131lmas\u0131 d\u00f6vr\u00fcnd\u0259ki milli azadl\u0131q m\u00fcbariz\u0259sini v\u0259 90-c\u0131 ill\u0259rin demokratiya dal\u011fas\u0131n\u0131 \u0259zib ke\u00e7diyi sirr deyil v\u0259 bu bar\u0259d\u0259 kifay\u0259t q\u0259d\u0259r ara\u015fd\u0131rmalar v\u0259 r\u0259yl\u0259r olub. Daha do\u011frusu, islam m\u00fcqavim\u0259tinin demokratik m\u00fcxalif\u0259tin hakim rejim t\u0259r\u0259find\u0259n darmada\u011f\u0131n edildiyi meydanda yarand\u0131\u011f\u0131n\u0131 dem\u0259k daha do\u011fru olard\u0131. \u0130ndi bu etiraz\u00e7\u0131 islam dal\u011fas\u0131 korrupsiya, o\u011furluq bataql\u0131\u011f\u0131na d\u00fc\u015fm\u00fc\u015f, v\u0259t\u0259nda\u015flar\u0131n h\u00fcquq v\u0259 azadl\u0131qlar\u0131n\u0131 pozan hakimiyy\u0259t\u0259 qar\u015f\u0131 y\u00f6n\u0259lib. M\u0259hz m\u0259scidl\u0259r m\u0259n\u0259vi birlik v\u0259 v\u0259t\u0259nda\u015flar\u0131n haz\u0131rk\u0131 r\u0259smi siyas\u0259t\u0259 m\u00fcqavim\u0259ti m\u0259rk\u0259zl\u0259rin\u0259 \u00e7evrilib.\n<\/p>\n<p>\n  Hakim elita ilk g\u00fcnd\u0259n dindar etiraz\u00e7\u0131 se\u00e7icil\u0259r k\u00fctl\u0259sinin yaranmas\u0131 v\u0259 b\u00f6y\u00fcm\u0259si t\u0259hl\u00fck\u0259sini d\u0259rk edirdi v\u0259 buna g\u00f6r\u0259 dini qruplar\u0131n v\u0259 icmalar\u0131n neytralla\u015fd\u0131r\u0131lmas\u0131 \u00fczr\u0259 bir s\u0131ra t\u0259dbirl\u0259r g\u00f6r\u00fcrd\u00fc. Bu t\u0259dbirl\u0259r\u0259 \u0259sas\u0259n dini qruplara n\u0259zar\u0259ti, g\u00fcc v\u0259 t\u0259\u015fviqat xarakterli t\u0259dbirl\u0259ri \u2013 h\u0259bsl\u0259r v\u0259 yeni dini m\u0259b\u0259dl\u0259rin tikintisi, islam d\u00fcnyas\u0131 il\u0259 birl\u0259\u015fm\u0259, Q\u0259rbd\u0259n \u00f6lk\u0259y\u0259 xristian t\u0259sirin\u0259 qar\u015f\u0131 m\u00fcbariz\u0259 \u00fczr\u0259 ictimai siyas\u0259tin h\u0259yata ke\u00e7irilm\u0259si v\u0259 s. aid etm\u0259k olar.\n<\/p>\n<p>\n  Vaxta\u015f\u0131r\u0131 m\u00fcs\u0259lman icmalar v\u0259 hakimiyy\u0259t aras\u0131nda a\u00e7\u0131q qar\u015f\u0131durma olurdu v\u0259 bir qayda olaraq, hakimiyy\u0259tin ita\u0259tkarl\u0131\u011fa m\u0259cburetm\u0259 x\u0259ttinin q\u0259l\u0259b\u0259si il\u0259 yekunla\u015f\u0131rd\u0131. Bu seriyadan \u0259n uzunm\u00fcdd\u0259tlisi Nardaran epopeyas\u0131 olub. 2001-ci ild\u0259 hakimiyy\u0259t bu q\u0259s\u0259b\u0259d\u0259 vaxta\u015f\u0131r\u0131 sosial etirazlar \u015f\u0259klind\u0259 \u00f6z\u00fcn\u00fc g\u00f6st\u0259r\u0259n etiraz\u00e7\u0131 h\u0259r\u0259kat\u0131 z\u0259ifl\u0259d\u0259 bilm\u0259di. 14 illik taym-aut g\u00f6t\u00fcrd\u00fc v\u0259 n\u0259hay\u0259t, m\u00fcqavim\u0259t m\u0259nb\u0259yinin yat\u0131r\u0131lmas\u0131 \u00fczr\u0259 geni\u015fmiqyasl\u0131 aksiya ke\u00e7irdi, 2015-ci ilin pay\u0131z\u0131nda yerli icman\u0131n \u00e7ox sayda n\u00fcmay\u0259nd\u0259sini h\u0259bs etdi v\u0259 orada FH rejimi t\u0259tbiq etdi. Bu qorxutma aksiyas\u0131 dig\u0259r dindar qruplar \u00fc\u00e7\u00fcn n\u00fcmun\u0259 v\u0259 cilovlay\u0131c\u0131 amil olmal\u0131 idi. Amma \u201cHac\u0131 Cavad\u201d m\u0259scidi \u0259traf\u0131nda yaranm\u0131\u015f v\u0259ziyy\u0259td\u0259n g\u00f6r\u00fcnd\u00fcy\u00fc kimi, bu taktika u\u011fursuz oldu. Nardaran i\u015fi \u00fczr\u0259 geni\u015fmiqyasl\u0131 m\u0259hk\u0259m\u0259 prosesi il\u0259 paralel olaraq ibad\u0259t evinin s\u00f6k\u00fclm\u0259sin\u0259 qar\u015f\u0131 q\u0259ti etiraz ba\u015f qald\u0131rd\u0131.\n<\/p>\n<p>\n  M\u0259scidin m\u00fcdafi\u0259si \u00e7\u0259r\u00e7iv\u0259sini a\u015fan bu etiraz, \u015f\u00fcbh\u0259siz, t\u0259kc\u0259 dini icman\u0131n deyil, b\u00fct\u00fcnl\u00fckd\u0259 c\u0259miyy\u0259tin etiraz\u00e7\u0131 \u0259hval-ruhiyy\u0259sinin \u00f6z\u00fcn\u00fc b\u00fcruz\u0259 verm\u0259sidir. Daha sad\u0259 dill\u0259 des\u0259k, bu, a\u015fa\u011f\u0131lar\u0131n yuxar\u0131lara qar\u015f\u0131 etiraz\u0131d\u0131r. V\u0259 hakimiyy\u0259tin onu d\u00fc\u015fm\u0259n q\u00fcvv\u0259l\u0259rin quyu qazmas\u0131 kimi \u015f\u0259rh etm\u0259si c\u0259miyy\u0259t v\u0259 hakimiyy\u0259t aras\u0131nda tam uzla\u015fma oldu\u011fu t\u0259s\u0259vv\u00fcr\u00fc yaratmaq \u00fczr\u0259 u\u011fursuz c\u0259hd idi.\n<\/p>\n<figure class=\"wp-block-image size-large\">\n  <img decoding=\"async\" src=\"https:\/\/www.meydan.tv\/az\/82798\/\" alt=\"\" class=\"wp-image-82798\"\/><figcaption><\/figcaption><\/figure>\n<p>\n  Bu halda hakimiyy\u0259tin bundan sonra hans\u0131 m\u00f6vqeyi tutaca\u011f\u0131 \u00e7ox da \u0259h\u0259miyy\u0259tli deyil. H\u0259m d\u0259 g\u00f6r\u00fcn\u00fcr ki, o, h\u0259l\u0259lik \u0259n\u0259n\u0259vi ita\u0259tsizliy\u0259 g\u00f6r\u0259 c\u0259zaland\u0131rma siyas\u0259tind\u0259n istifad\u0259 etm\u0259y\u0259 \u00e7al\u0131\u015f\u0131r. Sakinl\u0259r \u00fc\u00e7\u00fcn n\u0259z\u0259rd\u0259 tutulmu\u015f r\u0259smi v\u0259 yar\u0131-r\u0259smi \u015fablonlar buna d\u0259lal\u0259t edir. \u0130lkin olaraq n\u00fcfuzdansalma xarakterli qiym\u0259tl\u0259ndirm\u0259l\u0259r: \u015f\u0259h\u0259rin abadla\u015fd\u0131r\u0131lmas\u0131na qar\u015f\u0131 \u00e7\u0131xmaq yax\u015f\u0131 deyil, bu aksiya erm\u0259nil\u0259rin d\u0259yirman\u0131na su t\u00f6k\u00fcr, islam d\u00fcnyas\u0131nda \u00f6lk\u0259nin imicini a\u015fa\u011f\u0131 salmaq c\u0259hdidir, d\u00f6vl\u0259t v\u0259 c\u0259miyy\u0259t aras\u0131nda qar\u015f\u0131durma yaratma\u011fa \u00e7al\u0131\u015fan q\u00fcvv\u0259l\u0259rin \u0259m\u0259ll\u0259ridir. \u0130kinci sakitl\u0259\u015fdirici-bar\u0131\u015fd\u0131r\u0131c\u0131 qiym\u0259tl\u0259ndirm\u0259l\u0259r: prezident \u00e7ox inancl\u0131d\u0131r, prezident m\u0259scidl\u0259 ba\u011fl\u0131 m\u0259s\u0259l\u0259nin h\u0259lli \u00fczr\u0259 komissiya yaratmaq v\u0259 yeni m\u0259scid tikm\u0259k g\u00f6st\u0259ri\u015fi verib. Y\u0259ni prezidentin k\u00f6m\u0259k\u00e7isi \u018fli H\u0259s\u0259novun s\u0259sl\u0259ndirdiyi bu ziddiyy\u0259tli d\u0259lill\u0259r bir t\u0259r\u0259fd\u0259n q\u0259tiyy\u0259tsizlik oldu\u011funu, dig\u0259r t\u0259r\u0259fd\u0259n is\u0259 m\u0259s\u0259l\u0259ni daha \u0259lveri\u015fli \u015f\u0259raitd\u0259 yen\u0259 d\u0259 g\u00fcc yolu il\u0259 h\u0259ll etm\u0259k niyy\u0259tini g\u00f6st\u0259rir. Onlar hakimiyy\u0259tin, dindarlardan v\u0259 ya d\u00fcny\u0259vi v\u0259t\u0259nda\u015flardan ibar\u0259t olmas\u0131ndan as\u0131l\u0131 olmayaraq, ita\u0259tsiz v\u0259t\u0259nda\u015f qruplar\u0131 il\u0259 g\u00fcc m\u00f6vqeyind\u0259n \u00e7\u0131x\u0131\u015f etm\u0259k m\u0259s\u0259l\u0259sind\u0259 \u0259yilm\u0259z oldu\u011funu g\u00f6st\u0259rir. Qa\u00e7q\u0131nlar\u0131n kommunal xidm\u0259tl\u0259r\u0259 g\u00f6r\u0259 \u00f6d\u0259ni\u015f t\u0259tbiq edilm\u0259sin\u0259 qar\u015f\u0131 etiraz\u0131nda da bel\u0259 olub. \u00d6d\u0259ni\u015f t\u0259tbiq edilm\u0259si haqq\u0131nda s\u0259rancam lokal etirazlardan sonra prezident t\u0259r\u0259find\u0259n l\u0259\u011fv olundu, amma eyni zamanda, bu aksiyalar\u0131n b\u0259zi f\u0259al i\u015ftirak\u00e7\u0131lar\u0131 h\u0259bs olundu v\u0259 azadl\u0131qdan m\u0259hrumetm\u0259 c\u0259zas\u0131na m\u0259hkum olundu. Hakimiyy\u0259t son n\u0259tic\u0259d\u0259 b\u00fct\u00fcnl\u00fckd\u0259 c\u0259miyy\u0259t \u00fc\u00e7\u00fcn ibr\u0259t olsun dey\u0259 \u0259n\u0259n\u0259vi zorak\u0131l\u0131q x\u0259ttini \u00e7\u0259kdi.\n<\/p>\n<p>\n  \u201cHac\u0131 Cavad\u201d m\u0259scidi d\u0259 bel\u0259 olacaq. Amma bu \u0259n\u0259n\u0259vi yana\u015fma c\u0259miyy\u0259td\u0259 etiraz\u00e7\u0131 \u0259hval-ruhiyy\u0259nin neytralla\u015fd\u0131r\u0131lmas\u0131 problemini h\u0259ll ed\u0259c\u0259kmi? Z\u0259nnimc\u0259, h\u0259ll etm\u0259y\u0259c\u0259k. 2015-ci ild\u0259 \u00f6lk\u0259nin d\u00fc\u015fd\u00fcy\u00fc v\u0259 \u0259n b\u00f6y\u00fck s\u0259b\u0259bl\u0259rind\u0259n biri v\u0259t\u0259nda\u015flar\u0131n azadl\u0131qlar\u0131n\u0131n k\u00fctl\u0259vi \u015f\u0259kild\u0259 pozulmas\u0131 olan sistemli b\u00f6hran v\u0259ziyy\u0259ti il\u0259 \u0259laq\u0259dar haz\u0131rk\u0131 zorak\u0131l\u0131q siyas\u0259ti \u015f\u0259raitind\u0259 c\u0259miyy\u0259t v\u0259 hakimiyy\u0259t aras\u0131nda g\u0259rginlik artacaq. Dini s\u0259viyy\u0259d\u0259, informasiya s\u0259viyy\u0259sind\u0259, sosial s\u0259viyy\u0259d\u0259 \u00e7oxminlik etiraz \u0259hval-ruhiyy\u0259si \u00f6z\u00fcn\u00fc g\u00f6st\u0259rir. V\u0259 g\u00f6r\u00fcnd\u00fcy\u00fc kimi, onlar\u0131n artmas\u0131 t\u0259may\u00fcl\u00fc var, \u0259n az\u0131ndan \u0259ks\u0259r\u0259n etirazlarla s\u0259ciyy\u0259l\u0259n\u0259n sosial informasiya m\u0259kan\u0131n\u0131 misal g\u00f6st\u0259rm\u0259k olar. Burada informasiya f\u0259allar\u0131n\u0131n, onlar\u0131n qohumlar\u0131n\u0131n h\u0259bsi, \u201cxalq d\u00fc\u015fm\u0259nl\u0259ri\u201d il\u0259 qohumluqdan imtinalar, i\u015fd\u0259n qovulmalar v\u0259 s. art\u0131q Stalin d\u00f6vr\u00fcnd\u0259 t\u0259tbiq edil\u0259rk\u0259n verdiyi s\u0259m\u0259r\u0259ni vermir. D\u00f6vr h\u0259min d\u00f6vr deyil.<\/p>\n","protected":false},"excerpt":{"rendered":"<p>Bu, a\u015fa\u011f\u0131lar\u0131n yuxar\u0131lara qar\u015f\u0131 etiraz\u0131d\u0131r<\/p>\n","protected":false},"author":11,"featured_media":82789,"comment_status":"closed","ping_status":"open","sticky":false,"template":"","format":"standard","meta":{"_acf_changed":false,"_sitemap_exclude":false,"_sitemap_priority":"","_sitemap_frequency":"","footnotes":""},"categories":[51],"tags":[],"class_list":["post-183741","post","type-post","status-publish","format-standard","has-post-thumbnail","hentry","category-analitika","infinite-scroll-item","generate-columns","tablet-grid-50","mobile-grid-100","grid-parent","grid-33","no-featured-image-padding"],"acf":[],"yoast_head":"<!-- This site is optimized with the Yoast SEO plugin v27.4 - https:\/\/yoast.com\/product\/yoast-seo-wordpress\/ -->\n<title>&#039;&#039;Hac\u0131 Cavad&#039;&#039; m\u0259scidi \u0259traf\u0131nda ba\u015f ver\u0259nl\u0259r - MEYDAN.TV<\/title>\n<meta name=\"robots\" content=\"index, follow, max-snippet:-1, max-image-preview:large, max-video-preview:-1\" \/>\n<link rel=\"canonical\" href=\"https:\/\/www.meydan.tv\/az\/article\/haci-cavad-mescidi-etrafinda-bas-verenler\/\" \/>\n<meta property=\"og:locale\" content=\"az_AZ\" \/>\n<meta property=\"og:type\" content=\"article\" \/>\n<meta property=\"og:title\" content=\"&#039;&#039;Hac\u0131 Cavad&#039;&#039; m\u0259scidi \u0259traf\u0131nda ba\u015f ver\u0259nl\u0259r - MEYDAN.TV\" \/>\n<meta property=\"og:description\" content=\"Bu, a\u015fa\u011f\u0131lar\u0131n yuxar\u0131lara qar\u015f\u0131 etiraz\u0131d\u0131r\" \/>\n<meta property=\"og:url\" content=\"https:\/\/www.meydan.tv\/az\/article\/haci-cavad-mescidi-etrafinda-bas-verenler\/\" \/>\n<meta property=\"og:site_name\" content=\"MEYDAN.TV\" \/>\n<meta property=\"article:published_time\" content=\"2017-04-17T00:59:04+00:00\" \/>\n<meta property=\"og:image\" content=\"https:\/\/www.meydan.tv\/wp-content\/uploads\/32432.jpg\" \/>\n\t<meta property=\"og:image:width\" content=\"550\" \/>\n\t<meta property=\"og:image:height\" content=\"238\" \/>\n\t<meta property=\"og:image:type\" content=\"image\/jpeg\" \/>\n<meta name=\"author\" content=\"user-manager\" \/>\n<meta name=\"twitter:card\" content=\"summary_large_image\" \/>\n<script type=\"application\/ld+json\" class=\"yoast-schema-graph\">{\"@context\":\"https:\\\/\\\/schema.org\",\"@graph\":[{\"@type\":\"Article\",\"@id\":\"https:\\\/\\\/www.meydan.tv\\\/az\\\/article\\\/haci-cavad-mescidi-etrafinda-bas-verenler\\\/#article\",\"isPartOf\":{\"@id\":\"https:\\\/\\\/www.meydan.tv\\\/az\\\/article\\\/haci-cavad-mescidi-etrafinda-bas-verenler\\\/\"},\"author\":{\"name\":\"user-manager\",\"@id\":\"https:\\\/\\\/www.meydan.tv\\\/az\\\/#\\\/schema\\\/person\\\/10d11eccf6da3662cf5fdab9806ea91a\"},\"headline\":\"&#8221;Hac\u0131 Cavad&#8221; m\u0259scidi \u0259traf\u0131nda ba\u015f ver\u0259nl\u0259r\",\"datePublished\":\"2017-04-17T00:59:04+00:00\",\"mainEntityOfPage\":{\"@id\":\"https:\\\/\\\/www.meydan.tv\\\/az\\\/article\\\/haci-cavad-mescidi-etrafinda-bas-verenler\\\/\"},\"wordCount\":1365,\"publisher\":{\"@id\":\"https:\\\/\\\/www.meydan.tv\\\/az\\\/#organization\"},\"image\":{\"@id\":\"https:\\\/\\\/www.meydan.tv\\\/az\\\/article\\\/haci-cavad-mescidi-etrafinda-bas-verenler\\\/#primaryimage\"},\"thumbnailUrl\":\"https:\\\/\\\/www.meydan.tv\\\/wp-content\\\/uploads\\\/32432.jpg\",\"articleSection\":[\"Analitika\"],\"inLanguage\":\"az\"},{\"@type\":\"WebPage\",\"@id\":\"https:\\\/\\\/www.meydan.tv\\\/az\\\/article\\\/haci-cavad-mescidi-etrafinda-bas-verenler\\\/\",\"url\":\"https:\\\/\\\/www.meydan.tv\\\/az\\\/article\\\/haci-cavad-mescidi-etrafinda-bas-verenler\\\/\",\"name\":\"''Hac\u0131 Cavad'' m\u0259scidi \u0259traf\u0131nda ba\u015f ver\u0259nl\u0259r - MEYDAN.TV\",\"isPartOf\":{\"@id\":\"https:\\\/\\\/www.meydan.tv\\\/az\\\/#website\"},\"primaryImageOfPage\":{\"@id\":\"https:\\\/\\\/www.meydan.tv\\\/az\\\/article\\\/haci-cavad-mescidi-etrafinda-bas-verenler\\\/#primaryimage\"},\"image\":{\"@id\":\"https:\\\/\\\/www.meydan.tv\\\/az\\\/article\\\/haci-cavad-mescidi-etrafinda-bas-verenler\\\/#primaryimage\"},\"thumbnailUrl\":\"https:\\\/\\\/www.meydan.tv\\\/wp-content\\\/uploads\\\/32432.jpg\",\"datePublished\":\"2017-04-17T00:59:04+00:00\",\"breadcrumb\":{\"@id\":\"https:\\\/\\\/www.meydan.tv\\\/az\\\/article\\\/haci-cavad-mescidi-etrafinda-bas-verenler\\\/#breadcrumb\"},\"inLanguage\":\"az\",\"potentialAction\":[{\"@type\":\"ReadAction\",\"target\":[\"https:\\\/\\\/www.meydan.tv\\\/az\\\/article\\\/haci-cavad-mescidi-etrafinda-bas-verenler\\\/\"]}]},{\"@type\":\"ImageObject\",\"inLanguage\":\"az\",\"@id\":\"https:\\\/\\\/www.meydan.tv\\\/az\\\/article\\\/haci-cavad-mescidi-etrafinda-bas-verenler\\\/#primaryimage\",\"url\":\"https:\\\/\\\/www.meydan.tv\\\/wp-content\\\/uploads\\\/32432.jpg\",\"contentUrl\":\"https:\\\/\\\/www.meydan.tv\\\/wp-content\\\/uploads\\\/32432.jpg\",\"width\":550,\"height\":238,\"caption\":\"Source:\"},{\"@type\":\"BreadcrumbList\",\"@id\":\"https:\\\/\\\/www.meydan.tv\\\/az\\\/article\\\/haci-cavad-mescidi-etrafinda-bas-verenler\\\/#breadcrumb\",\"itemListElement\":[{\"@type\":\"ListItem\",\"position\":1,\"name\":\"Ana s\u0259hif\u0259\",\"item\":\"https:\\\/\\\/www.meydan.tv\\\/az\\\/\"},{\"@type\":\"ListItem\",\"position\":2,\"name\":\"Analitika\",\"item\":\"https:\\\/\\\/www.meydan.tv\\\/az\\\/section\\\/analitika\\\/\"},{\"@type\":\"ListItem\",\"position\":3,\"name\":\"&#8221;Hac\u0131 Cavad&#8221; m\u0259scidi \u0259traf\u0131nda ba\u015f ver\u0259nl\u0259r\"}]},{\"@type\":\"WebSite\",\"@id\":\"https:\\\/\\\/www.meydan.tv\\\/az\\\/#website\",\"url\":\"https:\\\/\\\/www.meydan.tv\\\/az\\\/\",\"name\":\"MEYDAN.TV\",\"description\":\"Meydan TV Az\u0259rbaycan\u0131n media m\u0259kan\u0131ndak\u0131 alternativ s\u0259sidir\",\"publisher\":{\"@id\":\"https:\\\/\\\/www.meydan.tv\\\/az\\\/#organization\"},\"potentialAction\":[{\"@type\":\"SearchAction\",\"target\":{\"@type\":\"EntryPoint\",\"urlTemplate\":\"https:\\\/\\\/www.meydan.tv\\\/az\\\/?s={search_term_string}\"},\"query-input\":{\"@type\":\"PropertyValueSpecification\",\"valueRequired\":true,\"valueName\":\"search_term_string\"}}],\"inLanguage\":\"az\"},{\"@type\":\"Organization\",\"@id\":\"https:\\\/\\\/www.meydan.tv\\\/az\\\/#organization\",\"name\":\"Meydan TV\",\"url\":\"https:\\\/\\\/www.meydan.tv\\\/az\\\/\",\"logo\":{\"@type\":\"ImageObject\",\"inLanguage\":\"az\",\"@id\":\"https:\\\/\\\/www.meydan.tv\\\/az\\\/#\\\/schema\\\/logo\\\/image\\\/\",\"url\":\"https:\\\/\\\/www.meydan.tv\\\/wp-content\\\/uploads\\\/2021\\\/07\\\/meydan-logo.svg\",\"contentUrl\":\"https:\\\/\\\/www.meydan.tv\\\/wp-content\\\/uploads\\\/2021\\\/07\\\/meydan-logo.svg\",\"width\":195,\"height\":46,\"caption\":\"Meydan TV\"},\"image\":{\"@id\":\"https:\\\/\\\/www.meydan.tv\\\/az\\\/#\\\/schema\\\/logo\\\/image\\\/\"}},{\"@type\":\"Person\",\"@id\":\"https:\\\/\\\/www.meydan.tv\\\/az\\\/#\\\/schema\\\/person\\\/10d11eccf6da3662cf5fdab9806ea91a\",\"name\":\"user-manager\"}]}<\/script>\n<!-- \/ Yoast SEO plugin. -->","yoast_head_json":{"title":"''Hac\u0131 Cavad'' m\u0259scidi \u0259traf\u0131nda ba\u015f ver\u0259nl\u0259r - MEYDAN.TV","robots":{"index":"index","follow":"follow","max-snippet":"max-snippet:-1","max-image-preview":"max-image-preview:large","max-video-preview":"max-video-preview:-1"},"canonical":"https:\/\/www.meydan.tv\/az\/article\/haci-cavad-mescidi-etrafinda-bas-verenler\/","og_locale":"az_AZ","og_type":"article","og_title":"''Hac\u0131 Cavad'' m\u0259scidi \u0259traf\u0131nda ba\u015f ver\u0259nl\u0259r - MEYDAN.TV","og_description":"Bu, a\u015fa\u011f\u0131lar\u0131n yuxar\u0131lara qar\u015f\u0131 etiraz\u0131d\u0131r","og_url":"https:\/\/www.meydan.tv\/az\/article\/haci-cavad-mescidi-etrafinda-bas-verenler\/","og_site_name":"MEYDAN.TV","article_published_time":"2017-04-17T00:59:04+00:00","og_image":[{"width":550,"height":238,"url":"https:\/\/www.meydan.tv\/wp-content\/uploads\/32432.jpg","type":"image\/jpeg"}],"author":"user-manager","twitter_card":"summary_large_image","schema":{"@context":"https:\/\/schema.org","@graph":[{"@type":"Article","@id":"https:\/\/www.meydan.tv\/az\/article\/haci-cavad-mescidi-etrafinda-bas-verenler\/#article","isPartOf":{"@id":"https:\/\/www.meydan.tv\/az\/article\/haci-cavad-mescidi-etrafinda-bas-verenler\/"},"author":{"name":"user-manager","@id":"https:\/\/www.meydan.tv\/az\/#\/schema\/person\/10d11eccf6da3662cf5fdab9806ea91a"},"headline":"&#8221;Hac\u0131 Cavad&#8221; m\u0259scidi \u0259traf\u0131nda ba\u015f ver\u0259nl\u0259r","datePublished":"2017-04-17T00:59:04+00:00","mainEntityOfPage":{"@id":"https:\/\/www.meydan.tv\/az\/article\/haci-cavad-mescidi-etrafinda-bas-verenler\/"},"wordCount":1365,"publisher":{"@id":"https:\/\/www.meydan.tv\/az\/#organization"},"image":{"@id":"https:\/\/www.meydan.tv\/az\/article\/haci-cavad-mescidi-etrafinda-bas-verenler\/#primaryimage"},"thumbnailUrl":"https:\/\/www.meydan.tv\/wp-content\/uploads\/32432.jpg","articleSection":["Analitika"],"inLanguage":"az"},{"@type":"WebPage","@id":"https:\/\/www.meydan.tv\/az\/article\/haci-cavad-mescidi-etrafinda-bas-verenler\/","url":"https:\/\/www.meydan.tv\/az\/article\/haci-cavad-mescidi-etrafinda-bas-verenler\/","name":"''Hac\u0131 Cavad'' m\u0259scidi \u0259traf\u0131nda ba\u015f ver\u0259nl\u0259r - MEYDAN.TV","isPartOf":{"@id":"https:\/\/www.meydan.tv\/az\/#website"},"primaryImageOfPage":{"@id":"https:\/\/www.meydan.tv\/az\/article\/haci-cavad-mescidi-etrafinda-bas-verenler\/#primaryimage"},"image":{"@id":"https:\/\/www.meydan.tv\/az\/article\/haci-cavad-mescidi-etrafinda-bas-verenler\/#primaryimage"},"thumbnailUrl":"https:\/\/www.meydan.tv\/wp-content\/uploads\/32432.jpg","datePublished":"2017-04-17T00:59:04+00:00","breadcrumb":{"@id":"https:\/\/www.meydan.tv\/az\/article\/haci-cavad-mescidi-etrafinda-bas-verenler\/#breadcrumb"},"inLanguage":"az","potentialAction":[{"@type":"ReadAction","target":["https:\/\/www.meydan.tv\/az\/article\/haci-cavad-mescidi-etrafinda-bas-verenler\/"]}]},{"@type":"ImageObject","inLanguage":"az","@id":"https:\/\/www.meydan.tv\/az\/article\/haci-cavad-mescidi-etrafinda-bas-verenler\/#primaryimage","url":"https:\/\/www.meydan.tv\/wp-content\/uploads\/32432.jpg","contentUrl":"https:\/\/www.meydan.tv\/wp-content\/uploads\/32432.jpg","width":550,"height":238,"caption":"Source:"},{"@type":"BreadcrumbList","@id":"https:\/\/www.meydan.tv\/az\/article\/haci-cavad-mescidi-etrafinda-bas-verenler\/#breadcrumb","itemListElement":[{"@type":"ListItem","position":1,"name":"Ana s\u0259hif\u0259","item":"https:\/\/www.meydan.tv\/az\/"},{"@type":"ListItem","position":2,"name":"Analitika","item":"https:\/\/www.meydan.tv\/az\/section\/analitika\/"},{"@type":"ListItem","position":3,"name":"&#8221;Hac\u0131 Cavad&#8221; m\u0259scidi \u0259traf\u0131nda ba\u015f ver\u0259nl\u0259r"}]},{"@type":"WebSite","@id":"https:\/\/www.meydan.tv\/az\/#website","url":"https:\/\/www.meydan.tv\/az\/","name":"MEYDAN.TV","description":"Meydan TV Az\u0259rbaycan\u0131n media m\u0259kan\u0131ndak\u0131 alternativ s\u0259sidir","publisher":{"@id":"https:\/\/www.meydan.tv\/az\/#organization"},"potentialAction":[{"@type":"SearchAction","target":{"@type":"EntryPoint","urlTemplate":"https:\/\/www.meydan.tv\/az\/?s={search_term_string}"},"query-input":{"@type":"PropertyValueSpecification","valueRequired":true,"valueName":"search_term_string"}}],"inLanguage":"az"},{"@type":"Organization","@id":"https:\/\/www.meydan.tv\/az\/#organization","name":"Meydan TV","url":"https:\/\/www.meydan.tv\/az\/","logo":{"@type":"ImageObject","inLanguage":"az","@id":"https:\/\/www.meydan.tv\/az\/#\/schema\/logo\/image\/","url":"https:\/\/www.meydan.tv\/wp-content\/uploads\/2021\/07\/meydan-logo.svg","contentUrl":"https:\/\/www.meydan.tv\/wp-content\/uploads\/2021\/07\/meydan-logo.svg","width":195,"height":46,"caption":"Meydan TV"},"image":{"@id":"https:\/\/www.meydan.tv\/az\/#\/schema\/logo\/image\/"}},{"@type":"Person","@id":"https:\/\/www.meydan.tv\/az\/#\/schema\/person\/10d11eccf6da3662cf5fdab9806ea91a","name":"user-manager"}]}},"_links":{"self":[{"href":"https:\/\/www.meydan.tv\/az\/wp-json\/wp\/v2\/posts\/183741","targetHints":{"allow":["GET"]}}],"collection":[{"href":"https:\/\/www.meydan.tv\/az\/wp-json\/wp\/v2\/posts"}],"about":[{"href":"https:\/\/www.meydan.tv\/az\/wp-json\/wp\/v2\/types\/post"}],"author":[{"embeddable":true,"href":"https:\/\/www.meydan.tv\/az\/wp-json\/wp\/v2\/users\/11"}],"replies":[{"embeddable":true,"href":"https:\/\/www.meydan.tv\/az\/wp-json\/wp\/v2\/comments?post=183741"}],"version-history":[{"count":0,"href":"https:\/\/www.meydan.tv\/az\/wp-json\/wp\/v2\/posts\/183741\/revisions"}],"wp:featuredmedia":[{"embeddable":true,"href":"https:\/\/www.meydan.tv\/az\/wp-json\/wp\/v2\/media\/82789"}],"wp:attachment":[{"href":"https:\/\/www.meydan.tv\/az\/wp-json\/wp\/v2\/media?parent=183741"}],"wp:term":[{"taxonomy":"category","embeddable":true,"href":"https:\/\/www.meydan.tv\/az\/wp-json\/wp\/v2\/categories?post=183741"},{"taxonomy":"post_tag","embeddable":true,"href":"https:\/\/www.meydan.tv\/az\/wp-json\/wp\/v2\/tags?post=183741"}],"curies":[{"name":"wp","href":"https:\/\/api.w.org\/{rel}","templated":true}]}}