{"id":183729,"date":"2017-04-15T18:43:14","date_gmt":"2017-04-15T18:43:14","guid":{"rendered":"https:\/\/www.meydan.tv\/article\/tar-ustasi-indi-ile-bir-tar-satmiram\/"},"modified":"2021-10-29T16:15:52","modified_gmt":"2021-10-29T12:15:52","slug":"tar-ustasi-indi-ile-bir-tar-satmiram","status":"publish","type":"post","link":"https:\/\/www.meydan.tv\/az\/article\/tar-ustasi-indi-ile-bir-tar-satmiram\/","title":{"rendered":"Tar ustas\u0131: \u0130ndi il\u0259 bir tar satm\u0131ram"},"content":{"rendered":"<figure class=\"wp-block-image size-large\">\n  <img decoding=\"async\" src=\"https:\/\/www.meydan.tv\/az\/vaxtile-her-ay-2-3-tar-satardi-indi-ise-ile-bir-tar-satar-ya-satmaz\/\" alt=\"Vaxtil\u0259 h\u0259r ay 2-3 tar satard\u0131, indi is\u0259 il\u0259 bir tar satar, ya satmaz\" class=\"wp-image-82723\"\/><figcaption>\n    Vaxtil\u0259 h\u0259r ay 2-3 tar satard\u0131, indi is\u0259 il\u0259 bir tar satar, ya satmaz<br \/>\n  <\/figcaption><\/figure>\n<p>\n  R\u0259\u015fid M\u0259mm\u0259dov art\u0131q uzun ill\u0259rdir tar t\u0259mir etm\u0259kl\u0259 m\u0259\u015f\u011fuldur. \u0130lk emalatxanas\u0131n\u0131 da t\u0259xmin\u0259n 30 il \u00f6nc\u0259 a\u00e7\u0131b. Haz\u0131rda Bak\u0131n\u0131n Kubinka deyil\u0259n yerd\u0259, C\u0259lil M\u0259mm\u0259dquluzad\u0259 42 \u00fcnvan\u0131nda m\u00fcxt\u0259lif c\u00fcr musiqi al\u0259tl\u0259ri t\u0259mir etm\u0259kl\u0259 m\u0259\u015f\u011fuldur. Tar ustas\u0131 olmam\u0131\u015fdan \u00f6nc\u0259 is\u0259 30 il\u0259 yax\u0131n Layih\u0259 \u0130nstitutunda \u00e7al\u0131\u015f\u0131b. Maa\u015f\u0131 az oldu\u011fundan tar t\u0259mir etm\u0259k pe\u015f\u0259sin\u0259 y\u00f6n\u0259lib.\n<\/p>\n<p>\n  &#8220;\u018fvv\u0259l i\u015fl\u0259diyim institutda maa\u015f az idi, m\u0259n d\u0259 r\u0259hb\u0259rlikd\u0259n gizlin tar d\u00fcz\u0259ltm\u0259y\u0259 ba\u015flad\u0131m. \u0130lk tar\u0131 da 1970-ci ild\u0259 d\u00fcz\u0259ltdim. O vaxtdan ta bug\u00fcn\u0259 kimi bu i\u015fl\u0259 m\u0259\u015f\u011ful oluram\u201d &#8211; deyir.\n<\/p>\n<p>\n  R\u0259\u015fid ustan\u0131n s\u00f6zl\u0259rin\u0259 g\u00f6r\u0259, d\u00fcz\u0259tdiyi tarlar\u0131 \u0259vv\u0259ll\u0259r \u00e7ox satard\u0131. Vaxtil\u0259 h\u0259r ay 2-3 tar satarm\u0131\u015f. T\u0259xmin\u0259n 400-800 manata. Amma indi v\u0259ziyy\u0259t \u0259vv\u0259lkind\u0259n d\u0259 pis olub. \u0130ndi he\u00e7 il\u0259 bir tar bel\u0259 satmaq m\u00fcmk\u00fcn deyil: \u201c\u00d6t\u0259n \u0259srin 90-c\u0131 ill\u0259rind\u0259 d\u0259 v\u0259ziyy\u0259t \u00e7\u0259tin idi. \u0130ndi al\u0131c\u0131 yoxdur. Vaxtil\u0259 400- 800 manata da tar satm\u0131\u015fam. \u0130ndi is\u0259, \u00fcmumiyy\u0259tl\u0259, al\u0131c\u0131 bel\u0259 yoxdur. \u0130ndi i\u015fim \u00e7ox \u00e7\u0259tindir. \u018fvv\u0259ll\u0259r ayda 2-3 tar sat\u0131rd\u0131m. Onda adam da h\u0259v\u0259sli olur. \u0130ndi ild\u0259 bir tar sataram, ya yox&#8221;.\n<\/p>\n<p>\n  R\u0259\u015fid usta bir tar\u0131 haz\u0131rlamaq \u00fc\u00e7\u00fcn t\u0259xmin\u0259n iki il\u0259 yax\u0131n vaxt s\u0259rf edir:\n<\/p>\n<p>\n  &#8220;A\u011fac\u0131 k\u0259sib do\u011framaq, sonra onu yonub bir formaya salmaq, daha sonra a\u011fac\u0131 quruma\u011fa qoymaq laz\u0131md\u0131r ki, i\u015f keyfiyy\u0259tli olsun. Tar\u0131n bir \u00fcst\u00fcnl\u00fcy\u00fc var ki, a\u011fac\u0131 ya\u015f-ya\u015f yonub d\u00fcz\u0259ltm\u0259k laz\u0131md\u0131r. Sonra \u0259n az\u0131 bir il qal\u0131b qurumal\u0131d\u0131r. N\u0259 q\u0259d\u0259r \u00e7ox qurusa, bir o q\u0259d\u0259r yax\u015f\u0131d\u0131r. Bir tar\u0131n haz\u0131rlanmas\u0131, he\u00e7 olmasa, 2 il \u00e7\u0259kir. Kal a\u011facdan tar olmaz. S\u0259si yax\u015f\u0131 \u00e7\u0131xmaz, h\u0259m d\u0259 tez \u0259yil\u0259r\u201d.\n<\/p>\n<p>\n  R\u0259\u015fid usta tardan ba\u015fqa dig\u0259r musiqi al\u0259tl\u0259ri d\u0259 d\u00fcz\u0259ltm\u0259yi d\u0259 bacar\u0131r. Bunlar\u0131n i\u00e7ind\u0259 saz, b\u0259ntar, \u00e7o\u011fur al\u0259tl\u0259ri d\u0259 yer al\u0131b.\n<\/p>\n<figure class=\"wp-block-image size-large\">\n  <img decoding=\"async\" src=\"https:\/\/www.meydan.tv\/az\/resid-ustanin-celil-memmedquluzade-42-unvaninda-yerlesen-emalatxanasi\/\" alt=\"R\u0259\u015fid ustan\u0131n C\u0259lil M\u0259mm\u0259dquluzad\u0259 42 \u00fcnvan\u0131nda yerl\u0259\u015f\u0259n emalatxanas\u0131\" class=\"wp-image-82732\"\/><figcaption>\n    R\u0259\u015fid ustan\u0131n C\u0259lil M\u0259mm\u0259dquluzad\u0259 42 \u00fcnvan\u0131nda yerl\u0259\u015f\u0259n emalatxanas\u0131<br \/>\n  <\/figcaption><\/figure>\n<figure class=\"wp-block-image size-large\">\n  <img decoding=\"async\" src=\"https:\/\/www.meydan.tv\/az\/resid-usta-gunun-cox-hissesini-burada-kecir\/\" alt=\"R\u0259\u015fid usta g\u00fcn\u00fcn \u00e7ox hiss\u0259sini burada ke\u00e7ir\" class=\"wp-image-82726\"\/><figcaption>\n    R\u0259\u015fid usta g\u00fcn\u00fcn \u00e7ox hiss\u0259sini burada ke\u00e7ir<br \/>\n  <\/figcaption><\/figure>\n<figure class=\"wp-block-image size-large\">\n  <img decoding=\"async\" src=\"https:\/\/www.meydan.tv\/az\/vaxtile-her-ay-2-3-tar-satardi-indi-ise-ile-bir-tar-satar-ya-satmaz\/\" alt=\"Vaxtil\u0259 h\u0259r ay 2-3 tar satard\u0131, indi is\u0259 il\u0259 bir tar satar, ya satmaz\" class=\"wp-image-82723\"\/><figcaption>\n    Vaxtil\u0259 h\u0259r ay 2-3 tar satard\u0131, indi is\u0259 il\u0259 bir tar satar, ya satmaz<br \/>\n  <\/figcaption><\/figure>\n<figure class=\"wp-block-image size-large\">\n  <img decoding=\"async\" src=\"https:\/\/www.meydan.tv\/az\/resid-ustanin-musiqi-aletleri-temir-etmesi-ucun-lazim-olan-aletleri\/\" alt=\"R\u0259\u015fid ustan\u0131n musiqi al\u0259tl\u0259ri t\u0259mir etm\u0259si \u00fc\u00e7\u00fcn laz\u0131m olan al\u0259tl\u0259ri\" class=\"wp-image-82738\"\/><figcaption>\n    R\u0259\u015fid ustan\u0131n musiqi al\u0259tl\u0259ri t\u0259mir etm\u0259si \u00fc\u00e7\u00fcn laz\u0131m olan al\u0259tl\u0259ri<br \/>\n  <\/figcaption><\/figure>\n<figure class=\"wp-block-image size-large\">\n  <img decoding=\"async\" src=\"https:\/\/www.meydan.tv\/az\/tar-temir-eden-zaman-kohnelmis-radioda-hezin-bir-musiqi-dinleyir\/\" alt=\"Tar t\u0259mir ed\u0259n zaman k\u00f6hn\u0259lmi\u015f radioda h\u0259zin bir musiqi dinl\u0259yir\" class=\"wp-image-82735\"\/><figcaption>\n    Tar t\u0259mir ed\u0259n zaman k\u00f6hn\u0259lmi\u015f radioda h\u0259zin bir musiqi dinl\u0259yir<br \/>\n  <\/figcaption><\/figure>\n<figure class=\"wp-block-image size-large\">\n  <img decoding=\"async\" src=\"https:\/\/www.meydan.tv\/az\/emalatxanada-coxlu-sayda-tar-saz-bentar-cogur-aletleri-duzeldib\/\" alt=\"Emalatxanada \u00e7oxlu sayda tar, saz, b\u0259ntar, \u00e7o\u011fur al\u0259tl\u0259ri d\u00fcz\u0259ldib\" class=\"wp-image-82741\"\/><figcaption>\n    Emalatxanada \u00e7oxlu sayda tar, saz, b\u0259ntar, \u00e7o\u011fur al\u0259tl\u0259ri d\u00fcz\u0259ldib<br \/>\n  <\/figcaption><\/figure>\n<figure class=\"wp-block-image size-large\">\n  <img decoding=\"async\" src=\"https:\/\/www.meydan.tv\/az\/resid-usta-oz-emalatxanasindan-azerbaycanin-dahi-sexsiyyetlerinin-portretini-asmisdi\/\" alt=\"R\u0259\u015fid usta \u00f6z emalatxanas\u0131ndan Az\u0259rbaycan\u0131n dahi \u015f\u0259xsiyy\u0259tl\u0259rinin portretini asm\u0131\u015fd\u0131\" class=\"wp-image-82747\"\/><figcaption>\n    R\u0259\u015fid usta \u00f6z emalatxanas\u0131ndan Az\u0259rbaycan\u0131n dahi \u015f\u0259xsiyy\u0259tl\u0259rinin portretini asm\u0131\u015fd\u0131<br \/>\n  <\/figcaption><\/figure>\n","protected":false},"excerpt":{"rendered":"<p>R\u0259\u015fid M\u0259mm\u0259dov art\u0131q uzun ill\u0259rdir tar t\u0259mir etm\u0259kl\u0259 m\u0259\u015f\u011fuldur.<\/p>\n","protected":false},"author":11,"featured_media":82723,"comment_status":"closed","ping_status":"open","sticky":false,"template":"","format":"standard","meta":{"_acf_changed":false,"_sitemap_exclude":false,"_sitemap_priority":"","_sitemap_frequency":"","footnotes":""},"categories":[58],"tags":[],"class_list":["post-183729","post","type-post","status-publish","format-standard","has-post-thumbnail","hentry","category-fotoreportaj","infinite-scroll-item","generate-columns","tablet-grid-50","mobile-grid-100","grid-parent","grid-33","no-featured-image-padding"],"acf":[],"yoast_head":"<!-- This site is optimized with the Yoast SEO plugin v27.4 - https:\/\/yoast.com\/product\/yoast-seo-wordpress\/ -->\n<title>Tar ustas\u0131: \u0130ndi il\u0259 bir tar satm\u0131ram - MEYDAN.TV<\/title>\n<meta name=\"robots\" content=\"index, follow, max-snippet:-1, max-image-preview:large, max-video-preview:-1\" \/>\n<link rel=\"canonical\" href=\"https:\/\/www.meydan.tv\/az\/article\/tar-ustasi-indi-ile-bir-tar-satmiram\/\" \/>\n<meta property=\"og:locale\" content=\"az_AZ\" \/>\n<meta property=\"og:type\" content=\"article\" \/>\n<meta property=\"og:title\" content=\"Tar ustas\u0131: \u0130ndi il\u0259 bir tar satm\u0131ram - MEYDAN.TV\" \/>\n<meta property=\"og:description\" content=\"R\u0259\u015fid M\u0259mm\u0259dov art\u0131q uzun ill\u0259rdir tar t\u0259mir etm\u0259kl\u0259 m\u0259\u015f\u011fuldur.\" \/>\n<meta property=\"og:url\" content=\"https:\/\/www.meydan.tv\/az\/article\/tar-ustasi-indi-ile-bir-tar-satmiram\/\" \/>\n<meta property=\"og:site_name\" content=\"MEYDAN.TV\" \/>\n<meta property=\"article:published_time\" content=\"2017-04-15T18:43:14+00:00\" \/>\n<meta property=\"article:modified_time\" content=\"2021-10-29T12:15:52+00:00\" \/>\n<meta property=\"og:image\" content=\"https:\/\/www.meydan.tv\/wp-content\/uploads\/32403.jpg\" \/>\n\t<meta property=\"og:image:width\" content=\"1800\" \/>\n\t<meta property=\"og:image:height\" content=\"1200\" \/>\n\t<meta property=\"og:image:type\" content=\"image\/jpeg\" \/>\n<meta name=\"author\" content=\"user-manager\" \/>\n<meta name=\"twitter:card\" content=\"summary_large_image\" \/>\n<script type=\"application\/ld+json\" class=\"yoast-schema-graph\">{\"@context\":\"https:\\\/\\\/schema.org\",\"@graph\":[{\"@type\":\"Article\",\"@id\":\"https:\\\/\\\/www.meydan.tv\\\/az\\\/article\\\/tar-ustasi-indi-ile-bir-tar-satmiram\\\/#article\",\"isPartOf\":{\"@id\":\"https:\\\/\\\/www.meydan.tv\\\/az\\\/article\\\/tar-ustasi-indi-ile-bir-tar-satmiram\\\/\"},\"author\":{\"name\":\"user-manager\",\"@id\":\"https:\\\/\\\/www.meydan.tv\\\/az\\\/#\\\/schema\\\/person\\\/10d11eccf6da3662cf5fdab9806ea91a\"},\"headline\":\"Tar ustas\u0131: \u0130ndi il\u0259 bir tar satm\u0131ram\",\"datePublished\":\"2017-04-15T18:43:14+00:00\",\"dateModified\":\"2021-10-29T12:15:52+00:00\",\"mainEntityOfPage\":{\"@id\":\"https:\\\/\\\/www.meydan.tv\\\/az\\\/article\\\/tar-ustasi-indi-ile-bir-tar-satmiram\\\/\"},\"wordCount\":524,\"publisher\":{\"@id\":\"https:\\\/\\\/www.meydan.tv\\\/az\\\/#organization\"},\"image\":{\"@id\":\"https:\\\/\\\/www.meydan.tv\\\/az\\\/article\\\/tar-ustasi-indi-ile-bir-tar-satmiram\\\/#primaryimage\"},\"thumbnailUrl\":\"https:\\\/\\\/www.meydan.tv\\\/wp-content\\\/uploads\\\/32403.jpg\",\"articleSection\":[\"Fotoreportaj\"],\"inLanguage\":\"az\"},{\"@type\":\"WebPage\",\"@id\":\"https:\\\/\\\/www.meydan.tv\\\/az\\\/article\\\/tar-ustasi-indi-ile-bir-tar-satmiram\\\/\",\"url\":\"https:\\\/\\\/www.meydan.tv\\\/az\\\/article\\\/tar-ustasi-indi-ile-bir-tar-satmiram\\\/\",\"name\":\"Tar ustas\u0131: \u0130ndi il\u0259 bir tar satm\u0131ram - MEYDAN.TV\",\"isPartOf\":{\"@id\":\"https:\\\/\\\/www.meydan.tv\\\/az\\\/#website\"},\"primaryImageOfPage\":{\"@id\":\"https:\\\/\\\/www.meydan.tv\\\/az\\\/article\\\/tar-ustasi-indi-ile-bir-tar-satmiram\\\/#primaryimage\"},\"image\":{\"@id\":\"https:\\\/\\\/www.meydan.tv\\\/az\\\/article\\\/tar-ustasi-indi-ile-bir-tar-satmiram\\\/#primaryimage\"},\"thumbnailUrl\":\"https:\\\/\\\/www.meydan.tv\\\/wp-content\\\/uploads\\\/32403.jpg\",\"datePublished\":\"2017-04-15T18:43:14+00:00\",\"dateModified\":\"2021-10-29T12:15:52+00:00\",\"breadcrumb\":{\"@id\":\"https:\\\/\\\/www.meydan.tv\\\/az\\\/article\\\/tar-ustasi-indi-ile-bir-tar-satmiram\\\/#breadcrumb\"},\"inLanguage\":\"az\",\"potentialAction\":[{\"@type\":\"ReadAction\",\"target\":[\"https:\\\/\\\/www.meydan.tv\\\/az\\\/article\\\/tar-ustasi-indi-ile-bir-tar-satmiram\\\/\"]}]},{\"@type\":\"ImageObject\",\"inLanguage\":\"az\",\"@id\":\"https:\\\/\\\/www.meydan.tv\\\/az\\\/article\\\/tar-ustasi-indi-ile-bir-tar-satmiram\\\/#primaryimage\",\"url\":\"https:\\\/\\\/www.meydan.tv\\\/wp-content\\\/uploads\\\/32403.jpg\",\"contentUrl\":\"https:\\\/\\\/www.meydan.tv\\\/wp-content\\\/uploads\\\/32403.jpg\",\"width\":1800,\"height\":1200,\"caption\":\"Source:\"},{\"@type\":\"BreadcrumbList\",\"@id\":\"https:\\\/\\\/www.meydan.tv\\\/az\\\/article\\\/tar-ustasi-indi-ile-bir-tar-satmiram\\\/#breadcrumb\",\"itemListElement\":[{\"@type\":\"ListItem\",\"position\":1,\"name\":\"Ana s\u0259hif\u0259\",\"item\":\"https:\\\/\\\/www.meydan.tv\\\/az\\\/\"},{\"@type\":\"ListItem\",\"position\":2,\"name\":\"Fotoreportaj\",\"item\":\"https:\\\/\\\/www.meydan.tv\\\/az\\\/section\\\/fotoreportaj\\\/\"},{\"@type\":\"ListItem\",\"position\":3,\"name\":\"Tar ustas\u0131: \u0130ndi il\u0259 bir tar satm\u0131ram\"}]},{\"@type\":\"WebSite\",\"@id\":\"https:\\\/\\\/www.meydan.tv\\\/az\\\/#website\",\"url\":\"https:\\\/\\\/www.meydan.tv\\\/az\\\/\",\"name\":\"MEYDAN.TV\",\"description\":\"Meydan TV Az\u0259rbaycan\u0131n media m\u0259kan\u0131ndak\u0131 alternativ s\u0259sidir\",\"publisher\":{\"@id\":\"https:\\\/\\\/www.meydan.tv\\\/az\\\/#organization\"},\"potentialAction\":[{\"@type\":\"SearchAction\",\"target\":{\"@type\":\"EntryPoint\",\"urlTemplate\":\"https:\\\/\\\/www.meydan.tv\\\/az\\\/?s={search_term_string}\"},\"query-input\":{\"@type\":\"PropertyValueSpecification\",\"valueRequired\":true,\"valueName\":\"search_term_string\"}}],\"inLanguage\":\"az\"},{\"@type\":\"Organization\",\"@id\":\"https:\\\/\\\/www.meydan.tv\\\/az\\\/#organization\",\"name\":\"Meydan TV\",\"url\":\"https:\\\/\\\/www.meydan.tv\\\/az\\\/\",\"logo\":{\"@type\":\"ImageObject\",\"inLanguage\":\"az\",\"@id\":\"https:\\\/\\\/www.meydan.tv\\\/az\\\/#\\\/schema\\\/logo\\\/image\\\/\",\"url\":\"https:\\\/\\\/www.meydan.tv\\\/wp-content\\\/uploads\\\/2021\\\/07\\\/meydan-logo.svg\",\"contentUrl\":\"https:\\\/\\\/www.meydan.tv\\\/wp-content\\\/uploads\\\/2021\\\/07\\\/meydan-logo.svg\",\"width\":195,\"height\":46,\"caption\":\"Meydan TV\"},\"image\":{\"@id\":\"https:\\\/\\\/www.meydan.tv\\\/az\\\/#\\\/schema\\\/logo\\\/image\\\/\"}},{\"@type\":\"Person\",\"@id\":\"https:\\\/\\\/www.meydan.tv\\\/az\\\/#\\\/schema\\\/person\\\/10d11eccf6da3662cf5fdab9806ea91a\",\"name\":\"user-manager\"}]}<\/script>\n<!-- \/ Yoast SEO plugin. -->","yoast_head_json":{"title":"Tar ustas\u0131: \u0130ndi il\u0259 bir tar satm\u0131ram - MEYDAN.TV","robots":{"index":"index","follow":"follow","max-snippet":"max-snippet:-1","max-image-preview":"max-image-preview:large","max-video-preview":"max-video-preview:-1"},"canonical":"https:\/\/www.meydan.tv\/az\/article\/tar-ustasi-indi-ile-bir-tar-satmiram\/","og_locale":"az_AZ","og_type":"article","og_title":"Tar ustas\u0131: \u0130ndi il\u0259 bir tar satm\u0131ram - MEYDAN.TV","og_description":"R\u0259\u015fid M\u0259mm\u0259dov art\u0131q uzun ill\u0259rdir tar t\u0259mir etm\u0259kl\u0259 m\u0259\u015f\u011fuldur.","og_url":"https:\/\/www.meydan.tv\/az\/article\/tar-ustasi-indi-ile-bir-tar-satmiram\/","og_site_name":"MEYDAN.TV","article_published_time":"2017-04-15T18:43:14+00:00","article_modified_time":"2021-10-29T12:15:52+00:00","og_image":[{"width":1800,"height":1200,"url":"https:\/\/www.meydan.tv\/wp-content\/uploads\/32403.jpg","type":"image\/jpeg"}],"author":"user-manager","twitter_card":"summary_large_image","schema":{"@context":"https:\/\/schema.org","@graph":[{"@type":"Article","@id":"https:\/\/www.meydan.tv\/az\/article\/tar-ustasi-indi-ile-bir-tar-satmiram\/#article","isPartOf":{"@id":"https:\/\/www.meydan.tv\/az\/article\/tar-ustasi-indi-ile-bir-tar-satmiram\/"},"author":{"name":"user-manager","@id":"https:\/\/www.meydan.tv\/az\/#\/schema\/person\/10d11eccf6da3662cf5fdab9806ea91a"},"headline":"Tar ustas\u0131: \u0130ndi il\u0259 bir tar satm\u0131ram","datePublished":"2017-04-15T18:43:14+00:00","dateModified":"2021-10-29T12:15:52+00:00","mainEntityOfPage":{"@id":"https:\/\/www.meydan.tv\/az\/article\/tar-ustasi-indi-ile-bir-tar-satmiram\/"},"wordCount":524,"publisher":{"@id":"https:\/\/www.meydan.tv\/az\/#organization"},"image":{"@id":"https:\/\/www.meydan.tv\/az\/article\/tar-ustasi-indi-ile-bir-tar-satmiram\/#primaryimage"},"thumbnailUrl":"https:\/\/www.meydan.tv\/wp-content\/uploads\/32403.jpg","articleSection":["Fotoreportaj"],"inLanguage":"az"},{"@type":"WebPage","@id":"https:\/\/www.meydan.tv\/az\/article\/tar-ustasi-indi-ile-bir-tar-satmiram\/","url":"https:\/\/www.meydan.tv\/az\/article\/tar-ustasi-indi-ile-bir-tar-satmiram\/","name":"Tar ustas\u0131: \u0130ndi il\u0259 bir tar satm\u0131ram - MEYDAN.TV","isPartOf":{"@id":"https:\/\/www.meydan.tv\/az\/#website"},"primaryImageOfPage":{"@id":"https:\/\/www.meydan.tv\/az\/article\/tar-ustasi-indi-ile-bir-tar-satmiram\/#primaryimage"},"image":{"@id":"https:\/\/www.meydan.tv\/az\/article\/tar-ustasi-indi-ile-bir-tar-satmiram\/#primaryimage"},"thumbnailUrl":"https:\/\/www.meydan.tv\/wp-content\/uploads\/32403.jpg","datePublished":"2017-04-15T18:43:14+00:00","dateModified":"2021-10-29T12:15:52+00:00","breadcrumb":{"@id":"https:\/\/www.meydan.tv\/az\/article\/tar-ustasi-indi-ile-bir-tar-satmiram\/#breadcrumb"},"inLanguage":"az","potentialAction":[{"@type":"ReadAction","target":["https:\/\/www.meydan.tv\/az\/article\/tar-ustasi-indi-ile-bir-tar-satmiram\/"]}]},{"@type":"ImageObject","inLanguage":"az","@id":"https:\/\/www.meydan.tv\/az\/article\/tar-ustasi-indi-ile-bir-tar-satmiram\/#primaryimage","url":"https:\/\/www.meydan.tv\/wp-content\/uploads\/32403.jpg","contentUrl":"https:\/\/www.meydan.tv\/wp-content\/uploads\/32403.jpg","width":1800,"height":1200,"caption":"Source:"},{"@type":"BreadcrumbList","@id":"https:\/\/www.meydan.tv\/az\/article\/tar-ustasi-indi-ile-bir-tar-satmiram\/#breadcrumb","itemListElement":[{"@type":"ListItem","position":1,"name":"Ana s\u0259hif\u0259","item":"https:\/\/www.meydan.tv\/az\/"},{"@type":"ListItem","position":2,"name":"Fotoreportaj","item":"https:\/\/www.meydan.tv\/az\/section\/fotoreportaj\/"},{"@type":"ListItem","position":3,"name":"Tar ustas\u0131: \u0130ndi il\u0259 bir tar satm\u0131ram"}]},{"@type":"WebSite","@id":"https:\/\/www.meydan.tv\/az\/#website","url":"https:\/\/www.meydan.tv\/az\/","name":"MEYDAN.TV","description":"Meydan TV Az\u0259rbaycan\u0131n media m\u0259kan\u0131ndak\u0131 alternativ s\u0259sidir","publisher":{"@id":"https:\/\/www.meydan.tv\/az\/#organization"},"potentialAction":[{"@type":"SearchAction","target":{"@type":"EntryPoint","urlTemplate":"https:\/\/www.meydan.tv\/az\/?s={search_term_string}"},"query-input":{"@type":"PropertyValueSpecification","valueRequired":true,"valueName":"search_term_string"}}],"inLanguage":"az"},{"@type":"Organization","@id":"https:\/\/www.meydan.tv\/az\/#organization","name":"Meydan TV","url":"https:\/\/www.meydan.tv\/az\/","logo":{"@type":"ImageObject","inLanguage":"az","@id":"https:\/\/www.meydan.tv\/az\/#\/schema\/logo\/image\/","url":"https:\/\/www.meydan.tv\/wp-content\/uploads\/2021\/07\/meydan-logo.svg","contentUrl":"https:\/\/www.meydan.tv\/wp-content\/uploads\/2021\/07\/meydan-logo.svg","width":195,"height":46,"caption":"Meydan TV"},"image":{"@id":"https:\/\/www.meydan.tv\/az\/#\/schema\/logo\/image\/"}},{"@type":"Person","@id":"https:\/\/www.meydan.tv\/az\/#\/schema\/person\/10d11eccf6da3662cf5fdab9806ea91a","name":"user-manager"}]}},"_links":{"self":[{"href":"https:\/\/www.meydan.tv\/az\/wp-json\/wp\/v2\/posts\/183729","targetHints":{"allow":["GET"]}}],"collection":[{"href":"https:\/\/www.meydan.tv\/az\/wp-json\/wp\/v2\/posts"}],"about":[{"href":"https:\/\/www.meydan.tv\/az\/wp-json\/wp\/v2\/types\/post"}],"author":[{"embeddable":true,"href":"https:\/\/www.meydan.tv\/az\/wp-json\/wp\/v2\/users\/11"}],"replies":[{"embeddable":true,"href":"https:\/\/www.meydan.tv\/az\/wp-json\/wp\/v2\/comments?post=183729"}],"version-history":[{"count":1,"href":"https:\/\/www.meydan.tv\/az\/wp-json\/wp\/v2\/posts\/183729\/revisions"}],"predecessor-version":[{"id":216700,"href":"https:\/\/www.meydan.tv\/az\/wp-json\/wp\/v2\/posts\/183729\/revisions\/216700"}],"wp:featuredmedia":[{"embeddable":true,"href":"https:\/\/www.meydan.tv\/az\/wp-json\/wp\/v2\/media\/82723"}],"wp:attachment":[{"href":"https:\/\/www.meydan.tv\/az\/wp-json\/wp\/v2\/media?parent=183729"}],"wp:term":[{"taxonomy":"category","embeddable":true,"href":"https:\/\/www.meydan.tv\/az\/wp-json\/wp\/v2\/categories?post=183729"},{"taxonomy":"post_tag","embeddable":true,"href":"https:\/\/www.meydan.tv\/az\/wp-json\/wp\/v2\/tags?post=183729"}],"curies":[{"name":"wp","href":"https:\/\/api.w.org\/{rel}","templated":true}]}}