{"id":183728,"date":"2017-04-15T19:40:37","date_gmt":"2017-04-15T19:40:37","guid":{"rendered":"https:\/\/www.meydan.tv\/article\/riyakar-muhacirler\/"},"modified":"2017-04-15T19:40:37","modified_gmt":"2017-04-15T19:40:37","slug":"riyakar-muhacirler","status":"publish","type":"post","link":"https:\/\/www.meydan.tv\/az\/article\/riyakar-muhacirler\/","title":{"rendered":"Riyakar m\u00fchacirl\u0259r"},"content":{"rendered":"<figure class=\"wp-block-image size-large\">\n  <img decoding=\"async\" src=\"https:\/\/www.meydan.tv\/az\/gunel-movlud-illustrasiya\/\" alt=\"G\u00fcnel M\u00f6vlud (ill\u00fcstrasiya)\" class=\"wp-image-79558\"\/><figcaption>\n    G\u00fcnel M\u00f6vlud (ill\u00fcstrasiya)<br \/>\n  <\/figcaption><\/figure>\n<p>\n  Bug\u00fcnl\u0259rd\u0259 Norve\u00e7d\u0259 ya\u015fad\u0131\u011f\u0131m \u015f\u0259h\u0259rd\u0259 ba\u015f vermi\u015f bir s\u00f6hb\u0259t e\u015fitdim. Bir ne\u00e7\u0259 il \u0259vv\u0259l bu \u015f\u0259h\u0259r\u0259 qa\u00e7q\u0131n kimi biz \u00f6zb\u0259k ail\u0259si g\u0259lib. \u00d6zb\u0259kistanda v\u0259ziyy\u0259t ham\u0131ya b\u0259lli oldu\u011fundan ail\u0259 tez bir zamanda oturum al\u0131b. Amma bir ild\u0259n sonra ail\u0259 oturumdan imtina edib, pasportlar\u0131n\u0131 geri al\u0131b, qay\u0131d\u0131blar \u00d6zb\u0259kistana. Ki\u015fi burdak\u0131lara deyib ki, qay\u0131tmalar\u0131n\u0131n s\u0259b\u0259bi burda ya\u015faya bilm\u0259m\u0259sidir. Deyib ki, \u00d6zb\u0259kistanda n\u0259 q\u0259d\u0259r problem olsa da, burdan yax\u015f\u0131d\u0131r. Bu adamlar\u0131n aras\u0131nda m\u00fcs\u0259lmanl\u0131\u011f\u0131n t\u0259l\u0259b el\u0259diyi \u015f\u0259rtl\u0259r\u0259 uy\u011fun ya\u015famaq m\u00fcmk\u00fcn deyil. K\u00fc\u00e7\u0259y\u0259 \u00e7\u0131x\u0131ram, g\u00f6z\u00fcm zinaya bat\u0131r. Market\u0259 girir\u0259m, \u0259lim haram m\u0259hsullara d\u0259yir. Arvad\u0131m yad, nam\u0259hr\u0259m ki\u015fil\u0259rin aras\u0131nda oturub, dil \u00f6yr\u0259nm\u0259li olur. M\u0259n\u0259 bel\u0259 ya\u015famaqdansa, \u00d6zb\u0259kistanda kas\u0131b, qorxa-qorxa, amma halal, m\u00fcs\u0259lman kimi ya\u015famaq daha xo\u015fdur. Bunlar\u0131 deyib v\u0259 ail\u0259sini d\u0259 g\u00f6t\u00fcr\u00fcb, qay\u0131d\u0131b \u00f6z v\u0259t\u0259nin\u0259.\n<\/p>\n<p>\n  G\u0259lin, bu ki\u015finin d\u00fcnyag\u00f6r\u00fc\u015f\u00fcn\u00fcn, h\u0259r\u0259k\u0259tinin, Avropa h\u0259yat t\u0259rzin\u0259 m\u00fcnasib\u0259tinin yanl\u0131\u015f, ya da do\u011fru olmas\u0131 m\u0259s\u0259l\u0259sini qoyaq bir k\u0259nara. Amma m\u0259ntiql\u0259 g\u00f6t\u00fcr\u0259nd\u0259, bu adam h\u00f6rm\u0259t\u0259 layiq h\u0259r\u0259k\u0259t edib. Adam ba\u015fa d\u00fc\u015f\u00fcb ki, onun inand\u0131\u011f\u0131, q\u0259bul el\u0259diyi h\u0259yat t\u0259rzini burda ya\u015famaq m\u00fcmk\u00fcn deyil. Ya z\u0259lz\u0259l\u0259d\u0259n, ya v\u0259lv\u0259l\u0259d\u0259n, buralar\u0131n ba\u015fqa, \u00f6z\u00fc d\u0259 \u00e7ox f\u0259rqli qayda-qanunlar\u0131, h\u0259yat t\u0259rzi var. D\u00fc\u015f\u00fcn\u00fcb-da\u015f\u0131n\u0131b, g\u00f6t\u00fcr-qoy edib, g\u00f6r\u00fcb ki, onun \u00fc\u00e7\u00fcn \u00d6zb\u0259kistan daha rahatd\u0131r. Daha niy\u0259 rahatd\u0131r, nec\u0259 rahatd\u0131r, bununla i\u015fimiz olmas\u0131n. Ba\u015fqas\u0131n\u0131n se\u00e7imin\u0259 qar\u0131\u015fmaq haqq\u0131m\u0131z yoxdur.\n<\/p>\n<p>\n  \u018fsas m\u0259s\u0259l\u0259 odur ki, bu adam alq\u0131\u015flanas\u0131 s\u0259mimiyy\u0259t n\u00fcmayi\u015f etdirib. G\u0259lib burda dava a\u00e7may\u0131b, ya \u00f6z v\u0259t\u0259ni il\u0259 buran\u0131 m\u00fcqayis\u0259 edib, \u00d6zb\u0259kistan e\u015fqi il\u0259 dolu \u00e7\u0131x\u0131\u015flar ed\u0259r\u0259k, ya\u015fama\u011fa davam etm\u0259yib. O \u00f6z se\u00e7imini s\u0259mimi \u015f\u0259kild\u0259 edib \u2013 \u00d6zb\u0259kistan daha yax\u015f\u0131d\u0131r, bizim d\u0259y\u0259rl\u0259r daha yax\u015f\u0131d\u0131r v\u0259 m\u0259n orda ya\u015famaq ist\u0259yir\u0259m. \u00c7ox, \u00e7ox h\u00f6rm\u0259t\u0259layiqdir bu add\u0131m.\n<\/p>\n<p>\n  Burda xeyli rus v\u0259 t\u00fcrkl\u0259r d\u0259 var. Bir ne\u00e7\u0259sini \u00e7\u0131xmaq \u015f\u0259rti il\u0259 ruslar ad\u0259t\u0259n putin\u00e7i, t\u00fcrkl\u0259r \u0259rdo\u011fan\u00e7\u0131d\u0131r. Putin\u0259, \u018frdo\u011fana diktator dey\u0259nd\u0259, b\u0259rk ac\u0131qlar\u0131na g\u0259lir. T\u00fcrkiy\u0259ni, Rusiyan\u0131, ordak\u0131 ya\u015fam t\u0259rzini burdak\u0131 il\u0259 m\u00fcqayis\u0259 edir v\u0259 ad\u0259t\u0259n \u00fcst\u00fcnl\u00fcy\u00fc \u00f6z v\u0259t\u0259nl\u0259rin\u0259 verirl\u0259r. B\u00f6y\u00fck \u0259ks\u0259riyy\u0259ti homofobdur v\u0259 deyir ki, bizim \u00f6lk\u0259d\u0259 bu homoseksuallar\u0131n ba\u015f\u0131n\u0131 buraxm\u0131rar, ona g\u00f6r\u0259 orda \u0259xlaq yerind\u0259dir. Dindarlar\u0131n da b\u00f6y\u00fck \u0259ks\u0259riyy\u0259tini marketl\u0259rd\u0259 donuz \u0259ti v\u0259 halal yolla k\u0259silm\u0259y\u0259n mal-qoyun, toyuq \u0259tinin, kolbasa, sosisl\u0259rin sat\u0131lmas\u0131 q\u0259z\u0259bl\u0259ndirir. K\u00fc\u00e7\u0259d\u0259 a\u00e7\u0131q geyin\u0259n qad\u0131n g\u00f6r\u0259nd\u0259, \u0259s\u0259bil\u0259\u015firl\u0259r. Deyirl\u0259r ki, \u0259limiz harama d\u0259yir, g\u00f6z\u00fcm\u00fcz haram g\u00f6r\u00fcr. Bizim \u00f6lk\u0259 bu sar\u0131dan yax\u015f\u0131d\u0131r, ictimai q\u0131naq var, kim nec\u0259 g\u0259ldi geyin\u0259 bilm\u0259z.\n<\/p>\n<p>\n  B\u00fct\u00fcn g\u00fcn\u00fc \u00f6z v\u0259t\u0259nl\u0259rini, \u00f6z v\u0259t\u0259nind\u0259kil\u0259r\u0259 z\u00fclm ed\u0259n diktatorlar\u0131n\u0131 t\u0259rifl\u0259yirl\u0259r. Bizim az\u0259rbaycanl\u0131lar aras\u0131nda da, \u201chakimiyy\u0259t ayr\u0131, d\u00f6vl\u0259t ayr\u0131, biz hakimiyy\u0259t\u0259 g\u00f6r\u0259 \u00f6z v\u0259t\u0259nimizi pisl\u0259y\u0259 bilm\u0259rik\u201d dey\u0259, m\u00fcxt\u0259lif m\u0259s\u0259l\u0259l\u0259rd\u0259 \u00fcst\u00fcnl\u00fcy\u00fc Az\u0259rbaycana ver\u0259nl\u0259r az deyil. H\u0259tta siyasi bax\u0131\u015flar\u0131na g\u00f6r\u0259 t\u0259qib olundu\u011fu \u00fc\u00e7\u00fcn qa\u00e7q\u0131n statusu al\u0131b, \u201crejimind\u0259n qa\u00e7d\u0131\u011f\u0131\u201d hakimiyy\u0259ti d\u0259st\u0259kl\u0259y\u0259nl\u0259r d\u0259, n\u0259 q\u0259d\u0259r des\u0259niz var.\n<\/p>\n<p>\n  Adam sad\u0259c\u0259 bir \u015feyi ba\u015fa d\u00fc\u015fm\u00fcr. Bu, n\u0259 dem\u0259kdir? Yen\u0259 deyir\u0259m, do\u011frudan da, bel\u0259 d\u00fc\u015f\u00fcn\u00fcrs\u00fcn\u00fczs\u0259, m\u00fcbahis\u0259 etm\u0259k fikrimiz yoxdur, amma siz onda burda niy\u0259 ya\u015fay\u0131rs\u0131n\u0131z? Do\u011frudan ist\u0259r hakimiyy\u0259t olsun, ist\u0259r \u0259xlaqi d\u0259y\u0259rl\u0259r, ist\u0259r h\u0259yat t\u0259rzi, ist\u0259r din\u0259 m\u00fcnasib\u0259t \u2013 \u00f6z \u00f6lk\u0259nizd\u0259 daha yax\u015f\u0131d\u0131rsa, onda siz niy\u0259 burdas\u0131n\u0131z?\n<\/p>\n<p>\n  Niy\u0259 o q\u0259d\u0259r x\u0259rc \u00e7\u0259kib viza, bilet d\u00fcz\u0259ldirsiz, b\u0259z\u0259n r\u00fc\u015fv\u0259t verirsiniz, b\u0259z\u0259n burda al\u00e7almalara m\u0259ruz qal\u0131rs\u0131z, antisanitariya i\u00e7ind\u0259 b\u0259z\u0259n g\u00f6zl\u0259yirsiz ki, t\u0259ki burda ya\u015fayas\u0131n\u0131z? Ax\u0131 siz bu se\u00e7imi etm\u0259kl\u0259, art\u0131q \u00f6z\u00fcn\u00fcz g\u00f6st\u0259rmisiniz ki, sizin \u00f6lk\u0259l\u0259rinizd\u0259 ya\u015famaq rahat deyil, buralar daha rahatd\u0131r, burda \u00f6z\u00fcn\u00fcz\u00fc daha xo\u015fb\u0259xt hiss edirsiniz. B\u0259s, onda bu n\u0259 riyakarl\u0131qd\u0131r?\n<\/p>\n<p>\n  Bu q\u0259d\u0259r Rusiyap\u0259r\u0259st niy\u0259 Rusiyada ya\u015fam\u0131r? Bu q\u0259d\u0259r \u018frdo\u011fan\u00e7\u0131 niy\u0259 \u018frdo\u011fan\u0131n idar\u0259 el\u0259diyi T\u00fcrkiy\u0259d\u0259 ya\u015fam\u0131r? Bu q\u0259d\u0259r Az\u0259rbaycan sevdal\u0131s\u0131 niy\u0259 ordan qa\u00e7maq \u00fc\u00e7\u00fcn \u0259t\u0259k-\u0259t\u0259k pul t\u00f6k\u00fcb, bura g\u0259lib? Siz niy\u0259 rahat deyilsiniz, niy\u0259 s\u0259mimi ola bilmirsiniz?\n<\/p>\n<p>\n  Aralar\u0131ndak\u0131 \u0259n pis variant da \u00f6z \u00f6lk\u0259sind\u0259ki h\u0259yat t\u0259rzini, d\u00fcnyag\u00f6r\u00fc\u015f\u00fcn\u00fc, trendl\u0259ri burda ba\u015fqalar\u0131na da t\u0259dbiq etm\u0259k ist\u0259y\u0259n, al\u0131nmayanda q\u0259z\u0259bl\u0259n\u0259n, buran\u0131n yerli camaat\u0131na nifr\u0259t ed\u0259n, onar\u0131 kafir, poz\u011fun sayanlard\u0131r.\n<\/p>\n<p>\n  V\u0259 he\u00e7 birinin d\u0259 vecin\u0259 deyil ki, \u0259xlaq, din, h\u0259yat t\u0259rzi, d\u0259y\u0259rl\u0259r s\u0259nin \u00f6lk\u0259nd\u0259 daha yax\u015f\u0131 qorunursa, onda niy\u0259 orda ya\u015famaq daha rahat deyil, burda, s\u0259nin \u201cpoz\u011fun, kafir\u201d dediyin insanlar\u0131n qurdu\u011fu v\u0259 qorudu\u011fu \u00f6lk\u0259d\u0259 daha rahatd\u0131r?<\/p>\n","protected":false},"excerpt":{"rendered":"<p>Bug\u00fcnl\u0259rd\u0259 Norve\u00e7d\u0259 ya\u015fad\u0131\u011f\u0131m \u015f\u0259h\u0259rd\u0259 ba\u015f vermi\u015f bir s\u00f6hb\u0259t e\u015fitdim.<\/p>\n","protected":false},"author":11,"featured_media":79558,"comment_status":"closed","ping_status":"open","sticky":false,"template":"","format":"standard","meta":{"_acf_changed":false,"_sitemap_exclude":false,"_sitemap_priority":"","_sitemap_frequency":"","footnotes":""},"categories":[57],"tags":[],"class_list":["post-183728","post","type-post","status-publish","format-standard","has-post-thumbnail","hentry","category-menim-fikrimce","infinite-scroll-item","generate-columns","tablet-grid-50","mobile-grid-100","grid-parent","grid-33","no-featured-image-padding"],"acf":[],"yoast_head":"<!-- This site is optimized with the Yoast SEO plugin v27.5 - https:\/\/yoast.com\/product\/yoast-seo-wordpress\/ -->\n<title>Riyakar m\u00fchacirl\u0259r - MEYDAN.TV<\/title>\n<meta name=\"robots\" content=\"index, follow, max-snippet:-1, max-image-preview:large, max-video-preview:-1\" \/>\n<link rel=\"canonical\" href=\"https:\/\/www.meydan.tv\/az\/article\/riyakar-muhacirler\/\" \/>\n<meta property=\"og:locale\" content=\"az_AZ\" \/>\n<meta property=\"og:type\" content=\"article\" \/>\n<meta property=\"og:title\" content=\"Riyakar m\u00fchacirl\u0259r - MEYDAN.TV\" \/>\n<meta property=\"og:description\" content=\"Bug\u00fcnl\u0259rd\u0259 Norve\u00e7d\u0259 ya\u015fad\u0131\u011f\u0131m \u015f\u0259h\u0259rd\u0259 ba\u015f vermi\u015f bir s\u00f6hb\u0259t e\u015fitdim.\" \/>\n<meta property=\"og:url\" content=\"https:\/\/www.meydan.tv\/az\/article\/riyakar-muhacirler\/\" \/>\n<meta property=\"og:site_name\" content=\"MEYDAN.TV\" \/>\n<meta property=\"article:published_time\" content=\"2017-04-15T19:40:37+00:00\" \/>\n<meta property=\"og:image\" content=\"https:\/\/www.meydan.tv\/wp-content\/uploads\/31012.png\" \/>\n\t<meta property=\"og:image:width\" content=\"1000\" \/>\n\t<meta property=\"og:image:height\" content=\"560\" \/>\n\t<meta property=\"og:image:type\" content=\"image\/png\" \/>\n<meta name=\"author\" content=\"user-manager\" \/>\n<meta name=\"twitter:card\" content=\"summary_large_image\" \/>\n<script type=\"application\/ld+json\" class=\"yoast-schema-graph\">{\"@context\":\"https:\\\/\\\/schema.org\",\"@graph\":[{\"@type\":\"Article\",\"@id\":\"https:\\\/\\\/www.meydan.tv\\\/az\\\/article\\\/riyakar-muhacirler\\\/#article\",\"isPartOf\":{\"@id\":\"https:\\\/\\\/www.meydan.tv\\\/az\\\/article\\\/riyakar-muhacirler\\\/\"},\"author\":{\"name\":\"user-manager\",\"@id\":\"https:\\\/\\\/www.meydan.tv\\\/az\\\/#\\\/schema\\\/person\\\/10d11eccf6da3662cf5fdab9806ea91a\"},\"headline\":\"Riyakar m\u00fchacirl\u0259r\",\"datePublished\":\"2017-04-15T19:40:37+00:00\",\"mainEntityOfPage\":{\"@id\":\"https:\\\/\\\/www.meydan.tv\\\/az\\\/article\\\/riyakar-muhacirler\\\/\"},\"wordCount\":1087,\"publisher\":{\"@id\":\"https:\\\/\\\/www.meydan.tv\\\/az\\\/#organization\"},\"image\":{\"@id\":\"https:\\\/\\\/www.meydan.tv\\\/az\\\/article\\\/riyakar-muhacirler\\\/#primaryimage\"},\"thumbnailUrl\":\"https:\\\/\\\/www.meydan.tv\\\/wp-content\\\/uploads\\\/31012.png\",\"articleSection\":[\"M\u0259nim Fikrimc\u0259\"],\"inLanguage\":\"az\"},{\"@type\":\"WebPage\",\"@id\":\"https:\\\/\\\/www.meydan.tv\\\/az\\\/article\\\/riyakar-muhacirler\\\/\",\"url\":\"https:\\\/\\\/www.meydan.tv\\\/az\\\/article\\\/riyakar-muhacirler\\\/\",\"name\":\"Riyakar m\u00fchacirl\u0259r - MEYDAN.TV\",\"isPartOf\":{\"@id\":\"https:\\\/\\\/www.meydan.tv\\\/az\\\/#website\"},\"primaryImageOfPage\":{\"@id\":\"https:\\\/\\\/www.meydan.tv\\\/az\\\/article\\\/riyakar-muhacirler\\\/#primaryimage\"},\"image\":{\"@id\":\"https:\\\/\\\/www.meydan.tv\\\/az\\\/article\\\/riyakar-muhacirler\\\/#primaryimage\"},\"thumbnailUrl\":\"https:\\\/\\\/www.meydan.tv\\\/wp-content\\\/uploads\\\/31012.png\",\"datePublished\":\"2017-04-15T19:40:37+00:00\",\"breadcrumb\":{\"@id\":\"https:\\\/\\\/www.meydan.tv\\\/az\\\/article\\\/riyakar-muhacirler\\\/#breadcrumb\"},\"inLanguage\":\"az\",\"potentialAction\":[{\"@type\":\"ReadAction\",\"target\":[\"https:\\\/\\\/www.meydan.tv\\\/az\\\/article\\\/riyakar-muhacirler\\\/\"]}]},{\"@type\":\"ImageObject\",\"inLanguage\":\"az\",\"@id\":\"https:\\\/\\\/www.meydan.tv\\\/az\\\/article\\\/riyakar-muhacirler\\\/#primaryimage\",\"url\":\"https:\\\/\\\/www.meydan.tv\\\/wp-content\\\/uploads\\\/31012.png\",\"contentUrl\":\"https:\\\/\\\/www.meydan.tv\\\/wp-content\\\/uploads\\\/31012.png\",\"width\":1000,\"height\":560,\"caption\":\"Source:\"},{\"@type\":\"BreadcrumbList\",\"@id\":\"https:\\\/\\\/www.meydan.tv\\\/az\\\/article\\\/riyakar-muhacirler\\\/#breadcrumb\",\"itemListElement\":[{\"@type\":\"ListItem\",\"position\":1,\"name\":\"Ana s\u0259hif\u0259\",\"item\":\"https:\\\/\\\/www.meydan.tv\\\/az\\\/\"},{\"@type\":\"ListItem\",\"position\":2,\"name\":\"M\u0259nim Fikrimc\u0259\",\"item\":\"https:\\\/\\\/www.meydan.tv\\\/az\\\/section\\\/menim-fikrimce\\\/\"},{\"@type\":\"ListItem\",\"position\":3,\"name\":\"Riyakar m\u00fchacirl\u0259r\"}]},{\"@type\":\"WebSite\",\"@id\":\"https:\\\/\\\/www.meydan.tv\\\/az\\\/#website\",\"url\":\"https:\\\/\\\/www.meydan.tv\\\/az\\\/\",\"name\":\"MEYDAN.TV\",\"description\":\"Meydan TV Az\u0259rbaycan\u0131n media m\u0259kan\u0131ndak\u0131 alternativ s\u0259sidir\",\"publisher\":{\"@id\":\"https:\\\/\\\/www.meydan.tv\\\/az\\\/#organization\"},\"potentialAction\":[{\"@type\":\"SearchAction\",\"target\":{\"@type\":\"EntryPoint\",\"urlTemplate\":\"https:\\\/\\\/www.meydan.tv\\\/az\\\/?s={search_term_string}\"},\"query-input\":{\"@type\":\"PropertyValueSpecification\",\"valueRequired\":true,\"valueName\":\"search_term_string\"}}],\"inLanguage\":\"az\"},{\"@type\":\"Organization\",\"@id\":\"https:\\\/\\\/www.meydan.tv\\\/az\\\/#organization\",\"name\":\"Meydan TV\",\"url\":\"https:\\\/\\\/www.meydan.tv\\\/az\\\/\",\"logo\":{\"@type\":\"ImageObject\",\"inLanguage\":\"az\",\"@id\":\"https:\\\/\\\/www.meydan.tv\\\/az\\\/#\\\/schema\\\/logo\\\/image\\\/\",\"url\":\"https:\\\/\\\/www.meydan.tv\\\/wp-content\\\/uploads\\\/2021\\\/07\\\/meydan-logo.svg\",\"contentUrl\":\"https:\\\/\\\/www.meydan.tv\\\/wp-content\\\/uploads\\\/2021\\\/07\\\/meydan-logo.svg\",\"width\":195,\"height\":46,\"caption\":\"Meydan TV\"},\"image\":{\"@id\":\"https:\\\/\\\/www.meydan.tv\\\/az\\\/#\\\/schema\\\/logo\\\/image\\\/\"}},{\"@type\":\"Person\",\"@id\":\"https:\\\/\\\/www.meydan.tv\\\/az\\\/#\\\/schema\\\/person\\\/10d11eccf6da3662cf5fdab9806ea91a\",\"name\":\"user-manager\"}]}<\/script>\n<!-- \/ Yoast SEO plugin. -->","yoast_head_json":{"title":"Riyakar m\u00fchacirl\u0259r - MEYDAN.TV","robots":{"index":"index","follow":"follow","max-snippet":"max-snippet:-1","max-image-preview":"max-image-preview:large","max-video-preview":"max-video-preview:-1"},"canonical":"https:\/\/www.meydan.tv\/az\/article\/riyakar-muhacirler\/","og_locale":"az_AZ","og_type":"article","og_title":"Riyakar m\u00fchacirl\u0259r - MEYDAN.TV","og_description":"Bug\u00fcnl\u0259rd\u0259 Norve\u00e7d\u0259 ya\u015fad\u0131\u011f\u0131m \u015f\u0259h\u0259rd\u0259 ba\u015f vermi\u015f bir s\u00f6hb\u0259t e\u015fitdim.","og_url":"https:\/\/www.meydan.tv\/az\/article\/riyakar-muhacirler\/","og_site_name":"MEYDAN.TV","article_published_time":"2017-04-15T19:40:37+00:00","og_image":[{"width":1000,"height":560,"url":"https:\/\/www.meydan.tv\/wp-content\/uploads\/31012.png","type":"image\/png"}],"author":"user-manager","twitter_card":"summary_large_image","schema":{"@context":"https:\/\/schema.org","@graph":[{"@type":"Article","@id":"https:\/\/www.meydan.tv\/az\/article\/riyakar-muhacirler\/#article","isPartOf":{"@id":"https:\/\/www.meydan.tv\/az\/article\/riyakar-muhacirler\/"},"author":{"name":"user-manager","@id":"https:\/\/www.meydan.tv\/az\/#\/schema\/person\/10d11eccf6da3662cf5fdab9806ea91a"},"headline":"Riyakar m\u00fchacirl\u0259r","datePublished":"2017-04-15T19:40:37+00:00","mainEntityOfPage":{"@id":"https:\/\/www.meydan.tv\/az\/article\/riyakar-muhacirler\/"},"wordCount":1087,"publisher":{"@id":"https:\/\/www.meydan.tv\/az\/#organization"},"image":{"@id":"https:\/\/www.meydan.tv\/az\/article\/riyakar-muhacirler\/#primaryimage"},"thumbnailUrl":"https:\/\/www.meydan.tv\/wp-content\/uploads\/31012.png","articleSection":["M\u0259nim Fikrimc\u0259"],"inLanguage":"az"},{"@type":"WebPage","@id":"https:\/\/www.meydan.tv\/az\/article\/riyakar-muhacirler\/","url":"https:\/\/www.meydan.tv\/az\/article\/riyakar-muhacirler\/","name":"Riyakar m\u00fchacirl\u0259r - MEYDAN.TV","isPartOf":{"@id":"https:\/\/www.meydan.tv\/az\/#website"},"primaryImageOfPage":{"@id":"https:\/\/www.meydan.tv\/az\/article\/riyakar-muhacirler\/#primaryimage"},"image":{"@id":"https:\/\/www.meydan.tv\/az\/article\/riyakar-muhacirler\/#primaryimage"},"thumbnailUrl":"https:\/\/www.meydan.tv\/wp-content\/uploads\/31012.png","datePublished":"2017-04-15T19:40:37+00:00","breadcrumb":{"@id":"https:\/\/www.meydan.tv\/az\/article\/riyakar-muhacirler\/#breadcrumb"},"inLanguage":"az","potentialAction":[{"@type":"ReadAction","target":["https:\/\/www.meydan.tv\/az\/article\/riyakar-muhacirler\/"]}]},{"@type":"ImageObject","inLanguage":"az","@id":"https:\/\/www.meydan.tv\/az\/article\/riyakar-muhacirler\/#primaryimage","url":"https:\/\/www.meydan.tv\/wp-content\/uploads\/31012.png","contentUrl":"https:\/\/www.meydan.tv\/wp-content\/uploads\/31012.png","width":1000,"height":560,"caption":"Source:"},{"@type":"BreadcrumbList","@id":"https:\/\/www.meydan.tv\/az\/article\/riyakar-muhacirler\/#breadcrumb","itemListElement":[{"@type":"ListItem","position":1,"name":"Ana s\u0259hif\u0259","item":"https:\/\/www.meydan.tv\/az\/"},{"@type":"ListItem","position":2,"name":"M\u0259nim Fikrimc\u0259","item":"https:\/\/www.meydan.tv\/az\/section\/menim-fikrimce\/"},{"@type":"ListItem","position":3,"name":"Riyakar m\u00fchacirl\u0259r"}]},{"@type":"WebSite","@id":"https:\/\/www.meydan.tv\/az\/#website","url":"https:\/\/www.meydan.tv\/az\/","name":"MEYDAN.TV","description":"Meydan TV Az\u0259rbaycan\u0131n media m\u0259kan\u0131ndak\u0131 alternativ s\u0259sidir","publisher":{"@id":"https:\/\/www.meydan.tv\/az\/#organization"},"potentialAction":[{"@type":"SearchAction","target":{"@type":"EntryPoint","urlTemplate":"https:\/\/www.meydan.tv\/az\/?s={search_term_string}"},"query-input":{"@type":"PropertyValueSpecification","valueRequired":true,"valueName":"search_term_string"}}],"inLanguage":"az"},{"@type":"Organization","@id":"https:\/\/www.meydan.tv\/az\/#organization","name":"Meydan TV","url":"https:\/\/www.meydan.tv\/az\/","logo":{"@type":"ImageObject","inLanguage":"az","@id":"https:\/\/www.meydan.tv\/az\/#\/schema\/logo\/image\/","url":"https:\/\/www.meydan.tv\/wp-content\/uploads\/2021\/07\/meydan-logo.svg","contentUrl":"https:\/\/www.meydan.tv\/wp-content\/uploads\/2021\/07\/meydan-logo.svg","width":195,"height":46,"caption":"Meydan TV"},"image":{"@id":"https:\/\/www.meydan.tv\/az\/#\/schema\/logo\/image\/"}},{"@type":"Person","@id":"https:\/\/www.meydan.tv\/az\/#\/schema\/person\/10d11eccf6da3662cf5fdab9806ea91a","name":"user-manager"}]}},"_links":{"self":[{"href":"https:\/\/www.meydan.tv\/az\/wp-json\/wp\/v2\/posts\/183728","targetHints":{"allow":["GET"]}}],"collection":[{"href":"https:\/\/www.meydan.tv\/az\/wp-json\/wp\/v2\/posts"}],"about":[{"href":"https:\/\/www.meydan.tv\/az\/wp-json\/wp\/v2\/types\/post"}],"author":[{"embeddable":true,"href":"https:\/\/www.meydan.tv\/az\/wp-json\/wp\/v2\/users\/11"}],"replies":[{"embeddable":true,"href":"https:\/\/www.meydan.tv\/az\/wp-json\/wp\/v2\/comments?post=183728"}],"version-history":[{"count":0,"href":"https:\/\/www.meydan.tv\/az\/wp-json\/wp\/v2\/posts\/183728\/revisions"}],"wp:featuredmedia":[{"embeddable":true,"href":"https:\/\/www.meydan.tv\/az\/wp-json\/wp\/v2\/media\/79558"}],"wp:attachment":[{"href":"https:\/\/www.meydan.tv\/az\/wp-json\/wp\/v2\/media?parent=183728"}],"wp:term":[{"taxonomy":"category","embeddable":true,"href":"https:\/\/www.meydan.tv\/az\/wp-json\/wp\/v2\/categories?post=183728"},{"taxonomy":"post_tag","embeddable":true,"href":"https:\/\/www.meydan.tv\/az\/wp-json\/wp\/v2\/tags?post=183728"}],"curies":[{"name":"wp","href":"https:\/\/api.w.org\/{rel}","templated":true}]}}