{"id":183676,"date":"2017-04-13T13:27:09","date_gmt":"2017-04-13T13:27:09","guid":{"rendered":"https:\/\/www.meydan.tv\/article\/pew-arasdirmalar-merkezi-azerbaycan-dini-qadagalarin-en-cox-oldugu-olkelerdendir\/"},"modified":"2017-04-13T13:27:09","modified_gmt":"2017-04-13T13:27:09","slug":"pew-arasdirmalar-merkezi-azerbaycan-dini-qadagalarin-en-cox-oldugu-olkelerdendir","status":"publish","type":"post","link":"https:\/\/www.meydan.tv\/az\/article\/pew-arasdirmalar-merkezi-azerbaycan-dini-qadagalarin-en-cox-oldugu-olkelerdendir\/","title":{"rendered":"&#8221;Pew&#8221; Ara\u015fd\u0131rmalar M\u0259rk\u0259zi: Az\u0259rbaycan dini qada\u011falar\u0131n \u0259n \u00e7ox oldu\u011fu \u00f6lk\u0259l\u0259rd\u0259ndir"},"content":{"rendered":"<figure class=\"wp-block-image size-large\">\n  <img decoding=\"async\" src=\"https:\/\/www.meydan.tv\/az\/azerbaycan\/\" alt=\"Az\u0259rbaycan\" class=\"wp-image-78615\"\/><figcaption>\n    Az\u0259rbaycan<br \/>\n  <\/figcaption><\/figure>\n<p>\n  <i><br \/>\n    &#8221;G\u00fcrc\u00fcstan v\u0259 Erm\u0259nistan qada\u011falar\u0131n \u201corta\u201d d\u0259y\u0259rl\u0259ndirildiyi \u00f6lk\u0259l\u0259rdir&#8221;<br \/>\n  <\/i>\n<\/p>\n<p>\n  2015-ci ild\u0259 d\u00fcnyada din\u0259 qar\u015f\u0131 m\u0259hdudiyy\u0259tl\u0259r art\u0131b. \u201cPew\u201d Ara\u015fd\u0131rmalar M\u0259rk\u0259zinin yayd\u0131\u011f\u0131 hesabatda bel\u0259 deyilir.\n<\/p>\n<p>\n  Bildirilir ki, 2015-ci ild\u0259 bu sah\u0259d\u0259ki h\u00f6kum\u0259t m\u0259hdudiyy\u0259tl\u0259ri son 3 ilin \u0259n y\u00fcks\u0259k h\u0259ddind\u0259dir.\n<\/p>\n<p>\n  Son m\u0259lumatlar m\u0259hz 2015-ci il\u0259 aid oldu\u011fundan bu il g\u00f6t\u00fcr\u00fcl\u00fcb. Hesabatda 198 \u00f6lk\u0259 v\u0259 \u0259razid\u0259 h\u00f6kum\u0259tin dini m\u0259hdudiyy\u0259tl\u0259ri \u00f6yr\u0259nilib.\n<\/p>\n<p>\n  Bundan \u0259lav\u0259, hesabatda H\u00f6kum\u0259tin M\u0259hdudiyy\u0259tl\u0259ri \u0130ndeksi (GRI) var. Bu, dini inanc v\u0259 t\u0259cr\u00fcb\u0259l\u0259ri m\u0259hdudla\u015fd\u0131ran qanunlar\u0131n\u0131, siyas\u0259tini v\u0259 t\u0259dbirl\u0259rini d\u0259y\u0259rl\u0259ndirir. GRI-y\u0259 20 n\u00f6v m\u0259hdudla\u015fd\u0131r\u0131c\u0131 t\u0259dbir\u2013 h\u00f6kum\u0259tin konkret inanclar\u0131, din d\u0259yi\u015fm\u0259yi yasaqlama c\u0259hdl\u0259ri, el\u0259c\u0259 d\u0259 dini t\u0259bli\u011fi m\u0259hdudla\u015fd\u0131rmas\u0131, bu v\u0259 ya dig\u0259r dini qrupa \u00fcst\u00fcnl\u00fck verm\u0259si daxildir.\n<\/p>\n<p>\n  Sosial \u018fdav\u0259t \u0130ndeksi (SHI) is\u0259 ayr\u0131-ayr\u0131 f\u0259rdl\u0259rin, t\u0259\u015fkilat v\u0259 qruplar\u0131n dini d\u00fc\u015fm\u0259n\u00e7ilik h\u0259r\u0259k\u0259tl\u0259rini \u00f6l\u00e7\u00fcr. Buraya din\u0259 ba\u011fl\u0131 siyasi m\u00fcnaqi\u015f\u0259 v\u0259 terror\u00e7uluq, qarag\u00fcruh v\u0259 m\u0259zh\u0259b zorak\u0131l\u0131\u011f\u0131, dini geyim\u0259 g\u00f6r\u0259 q\u0131snama, yaxud din\u0259 ba\u011fl\u0131 dig\u0259r qorxutma v\u0259 sui-istifad\u0259 hallar\u0131 daxildir. Bu indeks\u0259 sosial d\u00fc\u015fm\u0259n\u00e7iliyin 13 t\u0259dbiri sal\u0131n\u0131b.\n<\/p>\n<p>\n  Az\u0259rbaycan H\u00f6kum\u0259tin M\u0259hdudiyy\u0259tl\u0259ri \u0130ndeksin\u0259 g\u00f6r\u0259, \u201c\u0259n y\u00fcks\u0259k\u201d kateqoriyaya, y\u0259ni qada\u011falar\u0131n \u0259n \u00e7ox oldu\u011fu \u00f6lk\u0259l\u0259r s\u0131ras\u0131na yerl\u0259\u015fdirilib. Burada \u0130ran, Rusiya, \u00d6zb\u0259kistan, Tacikistan, T\u00fcrkm\u0259nistan v\u0259 Qazax\u0131stan da yer al\u0131b.\n<\/p>\n<p>\n  C\u0259nubi Qafqazdan G\u00fcrc\u00fcstan v\u0259 Erm\u0259nistan qada\u011falar\u0131n \u201corta\u201d d\u0259y\u0259rl\u0259ndirildiyi \u00f6lk\u0259l\u0259r s\u0131ras\u0131ndad\u0131r.\n<\/p>\n<p>\n  Sosial D\u00fc\u015fm\u0259n\u00e7ilik \u0130ndeksin\u0259 g\u00f6r\u0259, Az\u0259rbaycan \u201corta\u201d, Erm\u0259nistan v\u0259 G\u00fcrc\u00fcstan \u201cy\u00fcks\u0259k\u201d, Rusiya \u201c\u00e7ox y\u00fcks\u0259k\u201d s\u0131ralamadad\u0131r.\n<\/p>\n<p>\n  Hesabatda deyil\u0259nl\u0259r\u0259 hakimiyy\u0259td\u0259n, h\u0259l\u0259lik, m\u00fcnasib\u0259t a\u00e7\u0131qlanmay\u0131b. Amma h\u00f6kum\u0259t t\u0259msil\u00e7il\u0259ri, \u0259n\u0259n\u0259vi olaraq, \u00f6lk\u0259d\u0259 he\u00e7 bir dini yasa\u011f\u0131n qoyulmad\u0131\u011f\u0131n\u0131, b\u00fct\u00fcn dini azadl\u0131qlar\u0131n tam t\u0259min olundu\u011funu bildirirl\u0259r.\n<\/p>\n<p>\n  Misir, \u00c7in, \u0130ran v\u0259 Rusiya h\u00f6kum\u0259t qada\u011falar\u0131na g\u00f6r\u0259 \u00f6nd\u0259 gedirl\u0259r, \u201c\u0259n y\u00fcks\u0259k\u201d qada\u011falar\u0131n oldu\u011fu kateqoriyaya sal\u0131n\u0131blar.\n<\/p>\n<p>\n  D\u00fcnyan\u0131n 25 \u0259n \u00e7ox \u0259hali ya\u015fayan \u00f6lk\u0259l\u0259ri s\u0131ras\u0131nda Rusiya, Misir, Hindistan, Pakistan v\u0259 Nigeriya h\u0259m y\u00fcks\u0259k h\u00f6kum\u0259t qada\u011falar\u0131, h\u0259m d\u0259 sosial \u0259dav\u0259t olan \u00f6lk\u0259l\u0259r s\u0131ras\u0131ndad\u0131rlar. 2015-ci ild\u0259 Misir h\u00f6kum\u0259t qada\u011falar\u0131, Nigeriya is\u0259 sosial \u0259dav\u0259t \u00fczr\u0259 liderlik edib.\n<\/p>\n<p>\n  Yax\u0131n \u015e\u0259rq v\u0259 \u015eimali Afrika regionunda h\u00f6kum\u0259tl\u0259r daha \u00e7ox dini qruplara qar\u015f\u0131 q\u0131snama v\u0259 g\u00fcc\u0259 \u0259l at\u0131blar (95 faiz). Avropada is\u0259 2015-ci ild\u0259 bu y\u00f6nd\u0259 art\u0131m gedib. Regiondak\u0131 45 \u00f6lk\u0259nin yar\u0131dan \u00e7oxunda (53 faiz) h\u00f6kum\u0259t daha \u00e7ox q\u0131snama v\u0259 g\u00fccd\u0259n yararlan\u0131b.\n<\/p>\n<p>\n  Avropan\u0131n iki \u00f6lk\u0259sind\u0259 \u2013 Fransa v\u0259 Rusiyan\u0131n h\u0259r birind\u0259 h\u00f6kum\u0259tin dini qruplara qar\u015f\u0131 200-d\u0259n \u00e7ox t\u0259dbiri qeyd\u0259 al\u0131n\u0131b. Bu, daha \u00e7ox Fransada f\u0259rdl\u0259rin ictimai m\u0259kanlarda v\u0259 h\u00f6kum\u0259t binalar\u0131nda ba\u015f v\u0259 \u00fcz \u00f6rt\u00fcy\u00fc geyinm\u0259si, Rusiyada is\u0259 dini inanc\u0131n a\u00e7\u0131q b\u00fcruz\u0259 verilm\u0259siyl\u0259 ba\u011fl\u0131 olub.\n<\/p>\n<p>\n  2015-ci ild\u0259 1.3 milyon miqrant Avropada s\u0131\u011f\u0131nacaqdan \u00f6tr\u00fc m\u00fcraci\u0259t edib. 1992-ci ild\u0259, Sovet \u0130ttifaq\u0131 da\u011f\u0131landa bu r\u0259q\u0259m 700 min idi. 1.3 milyon miqrant\u0131n yar\u0131ndan \u00e7oxu (54 faiz) 3 m\u00fcs\u0259lman \u00f6lk\u0259sind\u0259n \u2013 Suriya, \u018ffqan\u0131stan v\u0259 \u0130raqdan gedib.\n<\/p>\n<p>\n  Ara\u015fd\u0131rmaya r\u0259hb\u0259rlik etmi\u015f Katayoun Kishi art\u0131m tendensiyas\u0131n\u0131 m\u0259hz qa\u00e7q\u0131n ax\u0131n\u0131 il\u0259 \u0259laq\u0259l\u0259ndirir. \u201cAvropadak\u0131 m\u00fcs\u0259lmanlar \u00f6z\u0259llikl\u0259 h\u00f6kum\u0259tin t\u0259pkisiyl\u0259 \u00fczl\u0259\u015fibl\u0259r\u201d, \u2013 o, \u201cThe Wall Street Journal\u201d q\u0259zetinin Avropa n\u0259\u015frin\u0259 deyib.\n<\/p>\n<p>\n  \u201cPew\u201d s\u0259kkizinci ildir d\u00fcnyada din\u0259 qar\u015f\u0131 m\u0259hdudiyy\u0259tl\u0259ri v\u0259 \u0259dav\u0259ti \u00f6yr\u0259nir. 2012-ci ild\u0259n b\u0259ri bu sah\u0259d\u0259 azalma qeyd\u0259 al\u0131n\u0131rd\u0131. Amma 2015-ci ild\u0259 durum d\u0259yi\u015fib, h\u0259r bir regionda dini yasaqlar \u00e7oxal\u0131b.\n<\/p>\n<p>\n  Beyn\u0259lxalq t\u0259\u015fkilatlar\u0131n son bir ild\u0259 yayd\u0131\u011f\u0131 hesabatlarda Az\u0259rbaycan \u00f6t\u0259n ill\u0259r\u0259 baxanda geril\u0259yib. H\u0259m\u00e7inin qon\u015fu \u00f6lk\u0259l\u0259rd\u0259n gerid\u0259 qal\u0131b.\n<\/p>\n<p>\n  \u201cFreedom House\u201d insan haqlar\u0131 t\u0259\u015fkilat\u0131n\u0131n aprelin 4-d\u0259 a\u00e7\u0131qlad\u0131\u011f\u0131 \u201cKe\u00e7id \u00f6lk\u0259l\u0259ri 2017\u201d (Nations in Transit 2017) hesabat\u0131nda deyilir ki, Az\u0259rbaycan\u0131n demokratiya bal\u0131 7-dir. Bununla da Qafqazda sonuncudur. G\u00fcrc\u00fcstan\u0131n bal\u0131 4.61, Erm\u0259nistanda is\u0259 5.39-dur.\n<\/p>\n<p>\n  Beyn\u0259lxalq \u201cTransparency International\u201d t\u0259\u015fkilat\u0131n\u0131n illik a\u00e7\u0131qlad\u0131\u011f\u0131 \u201cKorrupsiyan\u0131 Qavrama \u0130ndeksi\u201dnd\u0259 Az\u0259rbaycan Afrikan\u0131n Cibuti, Sierra Leone, C\u0259nubi Asiyadak\u0131 Laos, M\u0259rk\u0259zi Amerikadak\u0131 Honduras, Paraqvay respublikalar\u0131, Meksika v\u0259 Moldova il\u0259 bir s\u0131radad\u0131r. Qafqaz\u0131n is\u0259 korrupsiya \u00e7empionudur.\n<\/p>\n<p>\n  \u201cThe Economist Intelligence Unit\u201d beyn\u0259lxalq t\u0259\u015fkilat\u0131n\u0131n a\u00e7\u0131qlad\u0131\u011f\u0131 2016-c\u0131 ilin demokratiya indeksind\u0259 is\u0259 Az\u0259rbaycan 165 \u00f6lk\u0259 aras\u0131nda 148-ci, Qafqaz \u00f6lk\u0259l\u0259ri aras\u0131nda sonuncudur.\n<\/p>\n<p>\n  Media sah\u0259sind\u0259 d\u0259 durum ox\u015fard\u0131r. S\u0259rh\u0259dsiz Reportyorlar T\u0259\u015fkilat\u0131n\u0131n sonuncu a\u00e7\u0131qlad\u0131\u011f\u0131 d\u00fcnyada m\u0259tbuat azadl\u0131\u011f\u0131 indeksind\u0259 Az\u0259rbaycan 180 \u00f6lk\u0259 aras\u0131nda 163-c\u00fcd\u00fcr. Erm\u0259nistan 74, G\u00fcrc\u00fcstan is\u0259 64-c\u00fc yerd\u0259dir.<\/p>\n","protected":false},"excerpt":{"rendered":"<p>&#8221;G\u00fcrc\u00fcstan v\u0259 Erm\u0259nistan qada\u011falar\u0131n \u201corta\u201d d\u0259y\u0259rl\u0259ndirildiyi \u00f6lk\u0259l\u0259rdir&#8221;<\/p>\n","protected":false},"author":11,"featured_media":78615,"comment_status":"closed","ping_status":"open","sticky":false,"template":"","format":"standard","meta":{"_acf_changed":false,"_sitemap_exclude":false,"_sitemap_priority":"","_sitemap_frequency":"","footnotes":""},"categories":[51],"tags":[],"class_list":["post-183676","post","type-post","status-publish","format-standard","has-post-thumbnail","hentry","category-analitika","infinite-scroll-item","generate-columns","tablet-grid-50","mobile-grid-100","grid-parent","grid-33","no-featured-image-padding"],"acf":[],"yoast_head":"<!-- This site is optimized with the Yoast SEO plugin v27.4 - https:\/\/yoast.com\/product\/yoast-seo-wordpress\/ -->\n<title>&#039;&#039;Pew&#039;&#039; Ara\u015fd\u0131rmalar M\u0259rk\u0259zi: Az\u0259rbaycan dini qada\u011falar\u0131n \u0259n \u00e7ox oldu\u011fu \u00f6lk\u0259l\u0259rd\u0259ndir - MEYDAN.TV<\/title>\n<meta name=\"robots\" content=\"index, follow, max-snippet:-1, max-image-preview:large, max-video-preview:-1\" \/>\n<link rel=\"canonical\" href=\"https:\/\/www.meydan.tv\/az\/article\/pew-arasdirmalar-merkezi-azerbaycan-dini-qadagalarin-en-cox-oldugu-olkelerdendir\/\" \/>\n<meta property=\"og:locale\" content=\"az_AZ\" \/>\n<meta property=\"og:type\" content=\"article\" \/>\n<meta property=\"og:title\" content=\"&#039;&#039;Pew&#039;&#039; Ara\u015fd\u0131rmalar M\u0259rk\u0259zi: Az\u0259rbaycan dini qada\u011falar\u0131n \u0259n \u00e7ox oldu\u011fu \u00f6lk\u0259l\u0259rd\u0259ndir - MEYDAN.TV\" \/>\n<meta property=\"og:description\" content=\"&#039;&#039;G\u00fcrc\u00fcstan v\u0259 Erm\u0259nistan qada\u011falar\u0131n \u201corta\u201d d\u0259y\u0259rl\u0259ndirildiyi \u00f6lk\u0259l\u0259rdir&#039;&#039;\" \/>\n<meta property=\"og:url\" content=\"https:\/\/www.meydan.tv\/az\/article\/pew-arasdirmalar-merkezi-azerbaycan-dini-qadagalarin-en-cox-oldugu-olkelerdendir\/\" \/>\n<meta property=\"og:site_name\" content=\"MEYDAN.TV\" \/>\n<meta property=\"article:published_time\" content=\"2017-04-13T13:27:09+00:00\" \/>\n<meta property=\"og:image\" content=\"https:\/\/www.meydan.tv\/wp-content\/uploads\/30563.jpg\" \/>\n\t<meta property=\"og:image:width\" content=\"1920\" \/>\n\t<meta property=\"og:image:height\" content=\"1152\" \/>\n\t<meta property=\"og:image:type\" content=\"image\/jpeg\" \/>\n<meta name=\"author\" content=\"user-manager\" \/>\n<meta name=\"twitter:card\" content=\"summary_large_image\" \/>\n<script type=\"application\/ld+json\" class=\"yoast-schema-graph\">{\"@context\":\"https:\\\/\\\/schema.org\",\"@graph\":[{\"@type\":\"Article\",\"@id\":\"https:\\\/\\\/www.meydan.tv\\\/az\\\/article\\\/pew-arasdirmalar-merkezi-azerbaycan-dini-qadagalarin-en-cox-oldugu-olkelerdendir\\\/#article\",\"isPartOf\":{\"@id\":\"https:\\\/\\\/www.meydan.tv\\\/az\\\/article\\\/pew-arasdirmalar-merkezi-azerbaycan-dini-qadagalarin-en-cox-oldugu-olkelerdendir\\\/\"},\"author\":{\"name\":\"user-manager\",\"@id\":\"https:\\\/\\\/www.meydan.tv\\\/az\\\/#\\\/schema\\\/person\\\/10d11eccf6da3662cf5fdab9806ea91a\"},\"headline\":\"&#8221;Pew&#8221; Ara\u015fd\u0131rmalar M\u0259rk\u0259zi: Az\u0259rbaycan dini qada\u011falar\u0131n \u0259n \u00e7ox oldu\u011fu \u00f6lk\u0259l\u0259rd\u0259ndir\",\"datePublished\":\"2017-04-13T13:27:09+00:00\",\"mainEntityOfPage\":{\"@id\":\"https:\\\/\\\/www.meydan.tv\\\/az\\\/article\\\/pew-arasdirmalar-merkezi-azerbaycan-dini-qadagalarin-en-cox-oldugu-olkelerdendir\\\/\"},\"wordCount\":969,\"publisher\":{\"@id\":\"https:\\\/\\\/www.meydan.tv\\\/az\\\/#organization\"},\"image\":{\"@id\":\"https:\\\/\\\/www.meydan.tv\\\/az\\\/article\\\/pew-arasdirmalar-merkezi-azerbaycan-dini-qadagalarin-en-cox-oldugu-olkelerdendir\\\/#primaryimage\"},\"thumbnailUrl\":\"https:\\\/\\\/www.meydan.tv\\\/wp-content\\\/uploads\\\/30563.jpg\",\"articleSection\":[\"Analitika\"],\"inLanguage\":\"az\"},{\"@type\":\"WebPage\",\"@id\":\"https:\\\/\\\/www.meydan.tv\\\/az\\\/article\\\/pew-arasdirmalar-merkezi-azerbaycan-dini-qadagalarin-en-cox-oldugu-olkelerdendir\\\/\",\"url\":\"https:\\\/\\\/www.meydan.tv\\\/az\\\/article\\\/pew-arasdirmalar-merkezi-azerbaycan-dini-qadagalarin-en-cox-oldugu-olkelerdendir\\\/\",\"name\":\"''Pew'' Ara\u015fd\u0131rmalar M\u0259rk\u0259zi: Az\u0259rbaycan dini qada\u011falar\u0131n \u0259n \u00e7ox oldu\u011fu \u00f6lk\u0259l\u0259rd\u0259ndir - MEYDAN.TV\",\"isPartOf\":{\"@id\":\"https:\\\/\\\/www.meydan.tv\\\/az\\\/#website\"},\"primaryImageOfPage\":{\"@id\":\"https:\\\/\\\/www.meydan.tv\\\/az\\\/article\\\/pew-arasdirmalar-merkezi-azerbaycan-dini-qadagalarin-en-cox-oldugu-olkelerdendir\\\/#primaryimage\"},\"image\":{\"@id\":\"https:\\\/\\\/www.meydan.tv\\\/az\\\/article\\\/pew-arasdirmalar-merkezi-azerbaycan-dini-qadagalarin-en-cox-oldugu-olkelerdendir\\\/#primaryimage\"},\"thumbnailUrl\":\"https:\\\/\\\/www.meydan.tv\\\/wp-content\\\/uploads\\\/30563.jpg\",\"datePublished\":\"2017-04-13T13:27:09+00:00\",\"breadcrumb\":{\"@id\":\"https:\\\/\\\/www.meydan.tv\\\/az\\\/article\\\/pew-arasdirmalar-merkezi-azerbaycan-dini-qadagalarin-en-cox-oldugu-olkelerdendir\\\/#breadcrumb\"},\"inLanguage\":\"az\",\"potentialAction\":[{\"@type\":\"ReadAction\",\"target\":[\"https:\\\/\\\/www.meydan.tv\\\/az\\\/article\\\/pew-arasdirmalar-merkezi-azerbaycan-dini-qadagalarin-en-cox-oldugu-olkelerdendir\\\/\"]}]},{\"@type\":\"ImageObject\",\"inLanguage\":\"az\",\"@id\":\"https:\\\/\\\/www.meydan.tv\\\/az\\\/article\\\/pew-arasdirmalar-merkezi-azerbaycan-dini-qadagalarin-en-cox-oldugu-olkelerdendir\\\/#primaryimage\",\"url\":\"https:\\\/\\\/www.meydan.tv\\\/wp-content\\\/uploads\\\/30563.jpg\",\"contentUrl\":\"https:\\\/\\\/www.meydan.tv\\\/wp-content\\\/uploads\\\/30563.jpg\",\"width\":1920,\"height\":1152,\"caption\":\"Source:\"},{\"@type\":\"BreadcrumbList\",\"@id\":\"https:\\\/\\\/www.meydan.tv\\\/az\\\/article\\\/pew-arasdirmalar-merkezi-azerbaycan-dini-qadagalarin-en-cox-oldugu-olkelerdendir\\\/#breadcrumb\",\"itemListElement\":[{\"@type\":\"ListItem\",\"position\":1,\"name\":\"Ana s\u0259hif\u0259\",\"item\":\"https:\\\/\\\/www.meydan.tv\\\/az\\\/\"},{\"@type\":\"ListItem\",\"position\":2,\"name\":\"Analitika\",\"item\":\"https:\\\/\\\/www.meydan.tv\\\/az\\\/section\\\/analitika\\\/\"},{\"@type\":\"ListItem\",\"position\":3,\"name\":\"&#8221;Pew&#8221; Ara\u015fd\u0131rmalar M\u0259rk\u0259zi: Az\u0259rbaycan dini qada\u011falar\u0131n \u0259n \u00e7ox oldu\u011fu \u00f6lk\u0259l\u0259rd\u0259ndir\"}]},{\"@type\":\"WebSite\",\"@id\":\"https:\\\/\\\/www.meydan.tv\\\/az\\\/#website\",\"url\":\"https:\\\/\\\/www.meydan.tv\\\/az\\\/\",\"name\":\"MEYDAN.TV\",\"description\":\"Meydan TV Az\u0259rbaycan\u0131n media m\u0259kan\u0131ndak\u0131 alternativ s\u0259sidir\",\"publisher\":{\"@id\":\"https:\\\/\\\/www.meydan.tv\\\/az\\\/#organization\"},\"potentialAction\":[{\"@type\":\"SearchAction\",\"target\":{\"@type\":\"EntryPoint\",\"urlTemplate\":\"https:\\\/\\\/www.meydan.tv\\\/az\\\/?s={search_term_string}\"},\"query-input\":{\"@type\":\"PropertyValueSpecification\",\"valueRequired\":true,\"valueName\":\"search_term_string\"}}],\"inLanguage\":\"az\"},{\"@type\":\"Organization\",\"@id\":\"https:\\\/\\\/www.meydan.tv\\\/az\\\/#organization\",\"name\":\"Meydan TV\",\"url\":\"https:\\\/\\\/www.meydan.tv\\\/az\\\/\",\"logo\":{\"@type\":\"ImageObject\",\"inLanguage\":\"az\",\"@id\":\"https:\\\/\\\/www.meydan.tv\\\/az\\\/#\\\/schema\\\/logo\\\/image\\\/\",\"url\":\"https:\\\/\\\/www.meydan.tv\\\/wp-content\\\/uploads\\\/2021\\\/07\\\/meydan-logo.svg\",\"contentUrl\":\"https:\\\/\\\/www.meydan.tv\\\/wp-content\\\/uploads\\\/2021\\\/07\\\/meydan-logo.svg\",\"width\":195,\"height\":46,\"caption\":\"Meydan TV\"},\"image\":{\"@id\":\"https:\\\/\\\/www.meydan.tv\\\/az\\\/#\\\/schema\\\/logo\\\/image\\\/\"}},{\"@type\":\"Person\",\"@id\":\"https:\\\/\\\/www.meydan.tv\\\/az\\\/#\\\/schema\\\/person\\\/10d11eccf6da3662cf5fdab9806ea91a\",\"name\":\"user-manager\"}]}<\/script>\n<!-- \/ Yoast SEO plugin. -->","yoast_head_json":{"title":"''Pew'' Ara\u015fd\u0131rmalar M\u0259rk\u0259zi: Az\u0259rbaycan dini qada\u011falar\u0131n \u0259n \u00e7ox oldu\u011fu \u00f6lk\u0259l\u0259rd\u0259ndir - MEYDAN.TV","robots":{"index":"index","follow":"follow","max-snippet":"max-snippet:-1","max-image-preview":"max-image-preview:large","max-video-preview":"max-video-preview:-1"},"canonical":"https:\/\/www.meydan.tv\/az\/article\/pew-arasdirmalar-merkezi-azerbaycan-dini-qadagalarin-en-cox-oldugu-olkelerdendir\/","og_locale":"az_AZ","og_type":"article","og_title":"''Pew'' Ara\u015fd\u0131rmalar M\u0259rk\u0259zi: Az\u0259rbaycan dini qada\u011falar\u0131n \u0259n \u00e7ox oldu\u011fu \u00f6lk\u0259l\u0259rd\u0259ndir - MEYDAN.TV","og_description":"''G\u00fcrc\u00fcstan v\u0259 Erm\u0259nistan qada\u011falar\u0131n \u201corta\u201d d\u0259y\u0259rl\u0259ndirildiyi \u00f6lk\u0259l\u0259rdir''","og_url":"https:\/\/www.meydan.tv\/az\/article\/pew-arasdirmalar-merkezi-azerbaycan-dini-qadagalarin-en-cox-oldugu-olkelerdendir\/","og_site_name":"MEYDAN.TV","article_published_time":"2017-04-13T13:27:09+00:00","og_image":[{"width":1920,"height":1152,"url":"https:\/\/www.meydan.tv\/wp-content\/uploads\/30563.jpg","type":"image\/jpeg"}],"author":"user-manager","twitter_card":"summary_large_image","schema":{"@context":"https:\/\/schema.org","@graph":[{"@type":"Article","@id":"https:\/\/www.meydan.tv\/az\/article\/pew-arasdirmalar-merkezi-azerbaycan-dini-qadagalarin-en-cox-oldugu-olkelerdendir\/#article","isPartOf":{"@id":"https:\/\/www.meydan.tv\/az\/article\/pew-arasdirmalar-merkezi-azerbaycan-dini-qadagalarin-en-cox-oldugu-olkelerdendir\/"},"author":{"name":"user-manager","@id":"https:\/\/www.meydan.tv\/az\/#\/schema\/person\/10d11eccf6da3662cf5fdab9806ea91a"},"headline":"&#8221;Pew&#8221; Ara\u015fd\u0131rmalar M\u0259rk\u0259zi: Az\u0259rbaycan dini qada\u011falar\u0131n \u0259n \u00e7ox oldu\u011fu \u00f6lk\u0259l\u0259rd\u0259ndir","datePublished":"2017-04-13T13:27:09+00:00","mainEntityOfPage":{"@id":"https:\/\/www.meydan.tv\/az\/article\/pew-arasdirmalar-merkezi-azerbaycan-dini-qadagalarin-en-cox-oldugu-olkelerdendir\/"},"wordCount":969,"publisher":{"@id":"https:\/\/www.meydan.tv\/az\/#organization"},"image":{"@id":"https:\/\/www.meydan.tv\/az\/article\/pew-arasdirmalar-merkezi-azerbaycan-dini-qadagalarin-en-cox-oldugu-olkelerdendir\/#primaryimage"},"thumbnailUrl":"https:\/\/www.meydan.tv\/wp-content\/uploads\/30563.jpg","articleSection":["Analitika"],"inLanguage":"az"},{"@type":"WebPage","@id":"https:\/\/www.meydan.tv\/az\/article\/pew-arasdirmalar-merkezi-azerbaycan-dini-qadagalarin-en-cox-oldugu-olkelerdendir\/","url":"https:\/\/www.meydan.tv\/az\/article\/pew-arasdirmalar-merkezi-azerbaycan-dini-qadagalarin-en-cox-oldugu-olkelerdendir\/","name":"''Pew'' Ara\u015fd\u0131rmalar M\u0259rk\u0259zi: Az\u0259rbaycan dini qada\u011falar\u0131n \u0259n \u00e7ox oldu\u011fu \u00f6lk\u0259l\u0259rd\u0259ndir - MEYDAN.TV","isPartOf":{"@id":"https:\/\/www.meydan.tv\/az\/#website"},"primaryImageOfPage":{"@id":"https:\/\/www.meydan.tv\/az\/article\/pew-arasdirmalar-merkezi-azerbaycan-dini-qadagalarin-en-cox-oldugu-olkelerdendir\/#primaryimage"},"image":{"@id":"https:\/\/www.meydan.tv\/az\/article\/pew-arasdirmalar-merkezi-azerbaycan-dini-qadagalarin-en-cox-oldugu-olkelerdendir\/#primaryimage"},"thumbnailUrl":"https:\/\/www.meydan.tv\/wp-content\/uploads\/30563.jpg","datePublished":"2017-04-13T13:27:09+00:00","breadcrumb":{"@id":"https:\/\/www.meydan.tv\/az\/article\/pew-arasdirmalar-merkezi-azerbaycan-dini-qadagalarin-en-cox-oldugu-olkelerdendir\/#breadcrumb"},"inLanguage":"az","potentialAction":[{"@type":"ReadAction","target":["https:\/\/www.meydan.tv\/az\/article\/pew-arasdirmalar-merkezi-azerbaycan-dini-qadagalarin-en-cox-oldugu-olkelerdendir\/"]}]},{"@type":"ImageObject","inLanguage":"az","@id":"https:\/\/www.meydan.tv\/az\/article\/pew-arasdirmalar-merkezi-azerbaycan-dini-qadagalarin-en-cox-oldugu-olkelerdendir\/#primaryimage","url":"https:\/\/www.meydan.tv\/wp-content\/uploads\/30563.jpg","contentUrl":"https:\/\/www.meydan.tv\/wp-content\/uploads\/30563.jpg","width":1920,"height":1152,"caption":"Source:"},{"@type":"BreadcrumbList","@id":"https:\/\/www.meydan.tv\/az\/article\/pew-arasdirmalar-merkezi-azerbaycan-dini-qadagalarin-en-cox-oldugu-olkelerdendir\/#breadcrumb","itemListElement":[{"@type":"ListItem","position":1,"name":"Ana s\u0259hif\u0259","item":"https:\/\/www.meydan.tv\/az\/"},{"@type":"ListItem","position":2,"name":"Analitika","item":"https:\/\/www.meydan.tv\/az\/section\/analitika\/"},{"@type":"ListItem","position":3,"name":"&#8221;Pew&#8221; Ara\u015fd\u0131rmalar M\u0259rk\u0259zi: Az\u0259rbaycan dini qada\u011falar\u0131n \u0259n \u00e7ox oldu\u011fu \u00f6lk\u0259l\u0259rd\u0259ndir"}]},{"@type":"WebSite","@id":"https:\/\/www.meydan.tv\/az\/#website","url":"https:\/\/www.meydan.tv\/az\/","name":"MEYDAN.TV","description":"Meydan TV Az\u0259rbaycan\u0131n media m\u0259kan\u0131ndak\u0131 alternativ s\u0259sidir","publisher":{"@id":"https:\/\/www.meydan.tv\/az\/#organization"},"potentialAction":[{"@type":"SearchAction","target":{"@type":"EntryPoint","urlTemplate":"https:\/\/www.meydan.tv\/az\/?s={search_term_string}"},"query-input":{"@type":"PropertyValueSpecification","valueRequired":true,"valueName":"search_term_string"}}],"inLanguage":"az"},{"@type":"Organization","@id":"https:\/\/www.meydan.tv\/az\/#organization","name":"Meydan TV","url":"https:\/\/www.meydan.tv\/az\/","logo":{"@type":"ImageObject","inLanguage":"az","@id":"https:\/\/www.meydan.tv\/az\/#\/schema\/logo\/image\/","url":"https:\/\/www.meydan.tv\/wp-content\/uploads\/2021\/07\/meydan-logo.svg","contentUrl":"https:\/\/www.meydan.tv\/wp-content\/uploads\/2021\/07\/meydan-logo.svg","width":195,"height":46,"caption":"Meydan TV"},"image":{"@id":"https:\/\/www.meydan.tv\/az\/#\/schema\/logo\/image\/"}},{"@type":"Person","@id":"https:\/\/www.meydan.tv\/az\/#\/schema\/person\/10d11eccf6da3662cf5fdab9806ea91a","name":"user-manager"}]}},"_links":{"self":[{"href":"https:\/\/www.meydan.tv\/az\/wp-json\/wp\/v2\/posts\/183676","targetHints":{"allow":["GET"]}}],"collection":[{"href":"https:\/\/www.meydan.tv\/az\/wp-json\/wp\/v2\/posts"}],"about":[{"href":"https:\/\/www.meydan.tv\/az\/wp-json\/wp\/v2\/types\/post"}],"author":[{"embeddable":true,"href":"https:\/\/www.meydan.tv\/az\/wp-json\/wp\/v2\/users\/11"}],"replies":[{"embeddable":true,"href":"https:\/\/www.meydan.tv\/az\/wp-json\/wp\/v2\/comments?post=183676"}],"version-history":[{"count":0,"href":"https:\/\/www.meydan.tv\/az\/wp-json\/wp\/v2\/posts\/183676\/revisions"}],"wp:featuredmedia":[{"embeddable":true,"href":"https:\/\/www.meydan.tv\/az\/wp-json\/wp\/v2\/media\/78615"}],"wp:attachment":[{"href":"https:\/\/www.meydan.tv\/az\/wp-json\/wp\/v2\/media?parent=183676"}],"wp:term":[{"taxonomy":"category","embeddable":true,"href":"https:\/\/www.meydan.tv\/az\/wp-json\/wp\/v2\/categories?post=183676"},{"taxonomy":"post_tag","embeddable":true,"href":"https:\/\/www.meydan.tv\/az\/wp-json\/wp\/v2\/tags?post=183676"}],"curies":[{"name":"wp","href":"https:\/\/api.w.org\/{rel}","templated":true}]}}