{"id":183671,"date":"2017-04-13T00:37:20","date_gmt":"2017-04-13T00:37:20","guid":{"rendered":"https:\/\/www.meydan.tv\/article\/prezident-niye-yol-xeritesinden-danismadi\/"},"modified":"2017-04-13T00:37:20","modified_gmt":"2017-04-13T00:37:20","slug":"prezident-niye-yol-xeritesinden-danismadi","status":"publish","type":"post","link":"https:\/\/www.meydan.tv\/az\/article\/prezident-niye-yol-xeritesinden-danismadi\/","title":{"rendered":"Prezident niy\u0259 &#8221;Yol X\u0259rit\u0259si&#8221;nd\u0259n dan\u0131\u015fmad\u0131?"},"content":{"rendered":"<figure class=\"wp-block-image size-large\">\n  <img decoding=\"async\" src=\"https:\/\/www.meydan.tv\/az\/82507\/\" alt=\"\" class=\"wp-image-82507\"\/><figcaption><\/figcaption><\/figure>\n<p>\n  <i><br \/>\n    \u018fliyev komandas\u0131n\u0131n uzanan v\u0259 1 r\u00fcbl\u00fck d\u00f6vrl\u0259 m\u0259hdudla\u015fmayan b\u00f6hran\u0131 a\u015fma\u011fa haz\u0131r olmad\u0131\u011f\u0131 a\u00e7\u0131q-a\u015fkar g\u00f6r\u00fcn\u00fcr<br \/>\n  <\/i>\n<\/p>\n<p>\n  Aprelin 10-da Nazirl\u0259r Kabinetinin prezident \u0130lham \u018fliyevin s\u0259drliyi il\u0259 ke\u00e7iril\u0259n iclas\u0131 birinci r\u00fcb\u00fcn sosial-iqtisadi inki\u015faf\u0131n\u0131n yekunlar\u0131na v\u0259 g\u0259l\u0259c\u0259k v\u0259zif\u0259l\u0259r\u0259 h\u0259sr olunsa da, real v\u0259ziyy\u0259tin adekvat m\u0259nz\u0259r\u0259sini v\u0259 q\u0131sam\u00fcdd\u0259tli g\u0259l\u0259c\u0259y\u0259 bax\u0131\u015f\u0131 formala\u015fd\u0131rma\u011fa m\u00fcv\u0259ff\u0259q olmay\u0131b.\n<\/p>\n<p>\n  Prezident \u0259n\u0259n\u0259vi m\u00fcsb\u0259t tonla xarici siyas\u0259t sah\u0259sind\u0259 u\u011furlardan dan\u0131\u015f\u0131b, bu, xarici s\u0259f\u0259rl\u0259rin say\u0131, d\u00f6vl\u0259t v\u0259 h\u00f6kum\u0259t ba\u015f\u00e7\u0131lar\u0131 il\u0259 g\u00f6r\u00fc\u015fl\u0259r, forumlar\u0131n ke\u00e7irilm\u0259si v\u0259 s. il\u0259 ifad\u0259 olunub. B\u00fct\u00fcn bunlar, \u0259lb\u0259tt\u0259 ki, iqtisadiyyata dolay\u0131 t\u0259sir g\u00f6st\u0259r\u0259 bil\u0259rdi, amma bu t\u0259sirin birinci r\u00fcbd\u0259 olmad\u0131\u011f\u0131 d\u0259qiqdir.\n<\/p>\n<p>\n  \u0130clas\u0131n m\u00f6vzusuna \u2013 sosial-iqtisadi inki\u015fafa g\u0259linc\u0259, g\u00f6st\u0259ril\u0259n r\u0259q\u0259ml\u0259r daha \u00e7ox \u015f\u00fcbh\u0259li d\u00f6vl\u0259t statistikas\u0131n\u0131n makroiqtisadi g\u00f6st\u0259ricil\u0259rini, &#8211; yeri g\u0259lmi\u015fk\u0259n, el\u0259 bu g\u00f6st\u0259ricil\u0259r iqtisadiyyat\u0131 kollapsa g\u0259tirib \u00e7\u0131xar\u0131b &#8211; v\u0259 meqa layih\u0259l\u0259ri, x\u00fcsus\u0259n iqtisadiyyat\u0131n Az\u0259rbaycan oliqarxlar\u0131n\u0131n \u0259lind\u0259 inhisarla\u015fmas\u0131n\u0131n davam etm\u0259sin\u0259 y\u00f6n\u0259lmi\u015f layih\u0259l\u0259rin h\u0259yata ke\u00e7irilm\u0259si \u00fczr\u0259 planlar\u0131 \u0259ks etdirirdi.\n<\/p>\n<p>\n  Amma ay\u0131n bir ucunu dig\u0259r ucuna \u00e7\u0259tinlikl\u0259 cala\u015fd\u0131ran orta statistik Az\u0259rbaycan v\u0259t\u0259nda\u015f\u0131, ilin \u0259vv\u0259ll\u0259rind\u0259n manat\u0131n 15 faiz m\u00f6hk\u0259ml\u0259ndiyi, amma son iki il \u0259rzind\u0259 h\u0259ddind\u0259n art\u0131q bahala\u015fm\u0131\u015f qiym\u0259tl\u0259rin enm\u0259k bilm\u0259diyi bir \u015f\u0259raitd\u0259 \u00e7\u0259tin ki, inki\u015faf haqq\u0131nda bel\u0259 nikbinlikl\u0259 dan\u0131\u015fa bilsin. H\u00f6kum\u0259t birinci r\u00fcb\u0259 pensiya ya\u015f\u0131n\u0131n n\u00f6vb\u0259ti d\u0259f\u0259 art\u0131r\u0131lmas\u0131 il\u0259 ba\u015flad\u0131, bu d\u0259f\u0259 pensiya ya\u015f\u0131, \u00e7ox g\u00fcman ki, gender b\u0259rab\u0259rliyinin t\u0259min edilm\u0259si z\u0259rur\u0259ti n\u0259z\u0259r\u0259 al\u0131nmaqla, ki\u015fil\u0259r \u00fc\u00e7\u00fcn 63-d\u0259n 65-\u0259, qad\u0131nlar \u00fc\u00e7\u00fcn 60-dan 65-\u0259 qald\u0131r\u0131l\u0131b. T\u0259l\u0259b\u0259l\u0259r h\u0259l\u0259 1-ci r\u00fcb \u00fc\u00e7\u00fcn t\u0259qa\u00fcd almay\u0131blar. Pensiyalar\u0131n yaln\u0131z s\u0131\u011forta hiss\u0259si 10-15 manat art\u0131r\u0131l\u0131b, bu da t\u0259qa\u00fcd\u00e7\u00fcl\u0259rin rifah\u0131n\u0131n art\u0131r\u0131lmas\u0131na t\u0259sir etm\u0259yib. H\u0259r \u015fey is\u0259 \u00e7ox sad\u0259dir, \u0259slind\u0259 pensiya \u00f6d\u0259m\u0259k \u00fc\u00e7\u00fcn v\u0259sait yoxdur.\n<\/p>\n<p>\n  \u0130clas prezidentin proqnozlar v\u0259 g\u0259l\u0259c\u0259k i\u015fl\u0259r haqq\u0131nda \u00e7\u0131x\u0131\u015f\u0131n\u0131n ilk v\u0259 son hiss\u0259l\u0259ri aras\u0131nda uy\u011funsuzluq yaradan iki m\u00fch\u00fcm aspekti \u00fcz\u0259 \u00e7\u0131xar\u0131b. Prezident ilin \u0259vv\u0259ll\u0259rind\u0259 oldu\u011fu kimi, h\u00f6kum\u0259tin iclas\u0131nda 2016-c\u0131 ilin dekabr\u0131nda el\u0259 onun \u00f6z\u00fcn\u00fcn imzalad\u0131\u011f\u0131 v\u0259 iqtisadi inki\u015faf\u0131n 11 istiqam\u0259tini \u0259hat\u0259 ed\u0259n islahatlar\u0131n strateji yol x\u0259it\u0259sind\u0259n s\u00f6z a\u00e7may\u0131b. Bu, \u018fliyevin konstitusiyaya d\u0259yi\u015fiklikl\u0259r haqq\u0131nda sentyabr referendumundan sonra apreld\u0259 ba\u015flama\u011f\u0131 v\u0259d etdiyi islahatlar\u0131 t\u0259xir\u0259 salmaq q\u0259rar\u0131na g\u0259ldiyin\u0259 d\u0259lal\u0259t ed\u0259 bil\u0259r. O, bunun \u00fc\u00e7\u00fcn neft qiym\u0259tl\u0259rinin bahala\u015fmas\u0131n\u0131, Va\u015finqtondak\u0131 qar\u0131\u015f\u0131ql\u0131qlar\u0131 v\u0259 Tramp administrasiyas\u0131n\u0131n xarici siyas\u0259t kursunun qeyri-m\u00fc\u0259yy\u0259nliyini, amma \u0259n \u0259sas\u0131, sosial-iqtisadi v\u0259ziyy\u0259td\u0259n, o c\u00fcml\u0259d\u0259n ilin birinci r\u00fcb\u00fcnd\u0259n naraz\u0131 olan c\u0259miyy\u0259td\u0259 h\u0259r hans\u0131 etiraz h\u0259r\u0259k\u0259tliliyinin olmamas\u0131n\u0131 \u0259sas hesab ed\u0259 bil\u0259rdi.\n<\/p>\n<p>\n  \u018fliyevin taym-aut g\u00f6t\u00fcrd\u00fcy\u00fcn\u00fcn daha bir g\u00f6st\u0259ricisi sosial-iqtisadi bloka g\u00f6r\u0259 m\u0259sul olan Birinci vitse-prezident Mehriban \u018fliyevan\u0131n iclasda i\u015ftirak etm\u0259m\u0259sidir. \u00c7ox g\u00fcman ki, onun i\u015ftirak etm\u0259m\u0259si m\u0259suliyy\u0259t sah\u0259sinin ara\u015fd\u0131r\u0131lmas\u0131 v\u0259 onun idar\u0259etm\u0259si alt\u0131nda olan m\u0259s\u0259l\u0259l\u0259r\u0259 g\u00f6r\u0259 m\u0259sul \u015f\u0259xsl\u0259r komandas\u0131n\u0131n formala\u015fd\u0131r\u0131lmas\u0131 il\u0259 izah olunur. Amma bu halda bel\u0259, \u018fliyev komandas\u0131n\u0131n uzanan v\u0259 1 r\u00fcbl\u00fck d\u00f6vrl\u0259 m\u0259hdudla\u015fmayan b\u00f6hran\u0131 a\u015fma\u011fa haz\u0131r olmad\u0131\u011f\u0131 a\u00e7\u0131q-a\u015fkar g\u00f6r\u00fcn\u00fcr.<\/p>\n","protected":false},"excerpt":{"rendered":"<p>\u018fliyev komandas\u0131n\u0131n uzanan v\u0259 1 r\u00fcbl\u00fck d\u00f6vrl\u0259 m\u0259hdudla\u015fmayan b\u00f6hran\u0131 a\u015fma\u011fa haz\u0131r olmad\u0131\u011f\u0131 a\u00e7\u0131q-a\u015fkar g\u00f6r\u00fcn\u00fcr<\/p>\n","protected":false},"author":11,"featured_media":82507,"comment_status":"closed","ping_status":"open","sticky":false,"template":"","format":"standard","meta":{"_acf_changed":false,"_sitemap_exclude":false,"_sitemap_priority":"","_sitemap_frequency":"","footnotes":""},"categories":[51],"tags":[],"class_list":["post-183671","post","type-post","status-publish","format-standard","has-post-thumbnail","hentry","category-analitika","infinite-scroll-item","generate-columns","tablet-grid-50","mobile-grid-100","grid-parent","grid-33","no-featured-image-padding"],"acf":[],"yoast_head":"<!-- This site is optimized with the Yoast SEO plugin v27.4 - https:\/\/yoast.com\/product\/yoast-seo-wordpress\/ -->\n<title>Prezident niy\u0259 &#039;&#039;Yol X\u0259rit\u0259si&#039;&#039;nd\u0259n dan\u0131\u015fmad\u0131? - MEYDAN.TV<\/title>\n<meta name=\"robots\" content=\"index, follow, max-snippet:-1, max-image-preview:large, max-video-preview:-1\" \/>\n<link rel=\"canonical\" href=\"https:\/\/www.meydan.tv\/az\/article\/prezident-niye-yol-xeritesinden-danismadi\/\" \/>\n<meta property=\"og:locale\" content=\"az_AZ\" \/>\n<meta property=\"og:type\" content=\"article\" \/>\n<meta property=\"og:title\" content=\"Prezident niy\u0259 &#039;&#039;Yol X\u0259rit\u0259si&#039;&#039;nd\u0259n dan\u0131\u015fmad\u0131? - MEYDAN.TV\" \/>\n<meta property=\"og:description\" content=\"\u018fliyev komandas\u0131n\u0131n uzanan v\u0259 1 r\u00fcbl\u00fck d\u00f6vrl\u0259 m\u0259hdudla\u015fmayan b\u00f6hran\u0131 a\u015fma\u011fa haz\u0131r olmad\u0131\u011f\u0131 a\u00e7\u0131q-a\u015fkar g\u00f6r\u00fcn\u00fcr\" \/>\n<meta property=\"og:url\" content=\"https:\/\/www.meydan.tv\/az\/article\/prezident-niye-yol-xeritesinden-danismadi\/\" \/>\n<meta property=\"og:site_name\" content=\"MEYDAN.TV\" \/>\n<meta property=\"article:published_time\" content=\"2017-04-13T00:37:20+00:00\" \/>\n<meta property=\"og:image\" content=\"https:\/\/www.meydan.tv\/wp-content\/uploads\/32335.jpg\" \/>\n\t<meta property=\"og:image:width\" content=\"1000\" \/>\n\t<meta property=\"og:image:height\" content=\"605\" \/>\n\t<meta property=\"og:image:type\" content=\"image\/jpeg\" \/>\n<meta name=\"author\" content=\"user-manager\" \/>\n<meta name=\"twitter:card\" content=\"summary_large_image\" \/>\n<script type=\"application\/ld+json\" class=\"yoast-schema-graph\">{\"@context\":\"https:\\\/\\\/schema.org\",\"@graph\":[{\"@type\":\"Article\",\"@id\":\"https:\\\/\\\/www.meydan.tv\\\/az\\\/article\\\/prezident-niye-yol-xeritesinden-danismadi\\\/#article\",\"isPartOf\":{\"@id\":\"https:\\\/\\\/www.meydan.tv\\\/az\\\/article\\\/prezident-niye-yol-xeritesinden-danismadi\\\/\"},\"author\":{\"name\":\"user-manager\",\"@id\":\"https:\\\/\\\/www.meydan.tv\\\/az\\\/#\\\/schema\\\/person\\\/10d11eccf6da3662cf5fdab9806ea91a\"},\"headline\":\"Prezident niy\u0259 &#8221;Yol X\u0259rit\u0259si&#8221;nd\u0259n dan\u0131\u015fmad\u0131?\",\"datePublished\":\"2017-04-13T00:37:20+00:00\",\"mainEntityOfPage\":{\"@id\":\"https:\\\/\\\/www.meydan.tv\\\/az\\\/article\\\/prezident-niye-yol-xeritesinden-danismadi\\\/\"},\"wordCount\":751,\"publisher\":{\"@id\":\"https:\\\/\\\/www.meydan.tv\\\/az\\\/#organization\"},\"image\":{\"@id\":\"https:\\\/\\\/www.meydan.tv\\\/az\\\/article\\\/prezident-niye-yol-xeritesinden-danismadi\\\/#primaryimage\"},\"thumbnailUrl\":\"https:\\\/\\\/www.meydan.tv\\\/wp-content\\\/uploads\\\/32335.jpg\",\"articleSection\":[\"Analitika\"],\"inLanguage\":\"az\"},{\"@type\":\"WebPage\",\"@id\":\"https:\\\/\\\/www.meydan.tv\\\/az\\\/article\\\/prezident-niye-yol-xeritesinden-danismadi\\\/\",\"url\":\"https:\\\/\\\/www.meydan.tv\\\/az\\\/article\\\/prezident-niye-yol-xeritesinden-danismadi\\\/\",\"name\":\"Prezident niy\u0259 ''Yol X\u0259rit\u0259si''nd\u0259n dan\u0131\u015fmad\u0131? - MEYDAN.TV\",\"isPartOf\":{\"@id\":\"https:\\\/\\\/www.meydan.tv\\\/az\\\/#website\"},\"primaryImageOfPage\":{\"@id\":\"https:\\\/\\\/www.meydan.tv\\\/az\\\/article\\\/prezident-niye-yol-xeritesinden-danismadi\\\/#primaryimage\"},\"image\":{\"@id\":\"https:\\\/\\\/www.meydan.tv\\\/az\\\/article\\\/prezident-niye-yol-xeritesinden-danismadi\\\/#primaryimage\"},\"thumbnailUrl\":\"https:\\\/\\\/www.meydan.tv\\\/wp-content\\\/uploads\\\/32335.jpg\",\"datePublished\":\"2017-04-13T00:37:20+00:00\",\"breadcrumb\":{\"@id\":\"https:\\\/\\\/www.meydan.tv\\\/az\\\/article\\\/prezident-niye-yol-xeritesinden-danismadi\\\/#breadcrumb\"},\"inLanguage\":\"az\",\"potentialAction\":[{\"@type\":\"ReadAction\",\"target\":[\"https:\\\/\\\/www.meydan.tv\\\/az\\\/article\\\/prezident-niye-yol-xeritesinden-danismadi\\\/\"]}]},{\"@type\":\"ImageObject\",\"inLanguage\":\"az\",\"@id\":\"https:\\\/\\\/www.meydan.tv\\\/az\\\/article\\\/prezident-niye-yol-xeritesinden-danismadi\\\/#primaryimage\",\"url\":\"https:\\\/\\\/www.meydan.tv\\\/wp-content\\\/uploads\\\/32335.jpg\",\"contentUrl\":\"https:\\\/\\\/www.meydan.tv\\\/wp-content\\\/uploads\\\/32335.jpg\",\"width\":1000,\"height\":605,\"caption\":\"Source:\"},{\"@type\":\"BreadcrumbList\",\"@id\":\"https:\\\/\\\/www.meydan.tv\\\/az\\\/article\\\/prezident-niye-yol-xeritesinden-danismadi\\\/#breadcrumb\",\"itemListElement\":[{\"@type\":\"ListItem\",\"position\":1,\"name\":\"Ana s\u0259hif\u0259\",\"item\":\"https:\\\/\\\/www.meydan.tv\\\/az\\\/\"},{\"@type\":\"ListItem\",\"position\":2,\"name\":\"Analitika\",\"item\":\"https:\\\/\\\/www.meydan.tv\\\/az\\\/section\\\/analitika\\\/\"},{\"@type\":\"ListItem\",\"position\":3,\"name\":\"Prezident niy\u0259 &#8221;Yol X\u0259rit\u0259si&#8221;nd\u0259n dan\u0131\u015fmad\u0131?\"}]},{\"@type\":\"WebSite\",\"@id\":\"https:\\\/\\\/www.meydan.tv\\\/az\\\/#website\",\"url\":\"https:\\\/\\\/www.meydan.tv\\\/az\\\/\",\"name\":\"MEYDAN.TV\",\"description\":\"Meydan TV Az\u0259rbaycan\u0131n media m\u0259kan\u0131ndak\u0131 alternativ s\u0259sidir\",\"publisher\":{\"@id\":\"https:\\\/\\\/www.meydan.tv\\\/az\\\/#organization\"},\"potentialAction\":[{\"@type\":\"SearchAction\",\"target\":{\"@type\":\"EntryPoint\",\"urlTemplate\":\"https:\\\/\\\/www.meydan.tv\\\/az\\\/?s={search_term_string}\"},\"query-input\":{\"@type\":\"PropertyValueSpecification\",\"valueRequired\":true,\"valueName\":\"search_term_string\"}}],\"inLanguage\":\"az\"},{\"@type\":\"Organization\",\"@id\":\"https:\\\/\\\/www.meydan.tv\\\/az\\\/#organization\",\"name\":\"Meydan TV\",\"url\":\"https:\\\/\\\/www.meydan.tv\\\/az\\\/\",\"logo\":{\"@type\":\"ImageObject\",\"inLanguage\":\"az\",\"@id\":\"https:\\\/\\\/www.meydan.tv\\\/az\\\/#\\\/schema\\\/logo\\\/image\\\/\",\"url\":\"https:\\\/\\\/www.meydan.tv\\\/wp-content\\\/uploads\\\/2021\\\/07\\\/meydan-logo.svg\",\"contentUrl\":\"https:\\\/\\\/www.meydan.tv\\\/wp-content\\\/uploads\\\/2021\\\/07\\\/meydan-logo.svg\",\"width\":195,\"height\":46,\"caption\":\"Meydan TV\"},\"image\":{\"@id\":\"https:\\\/\\\/www.meydan.tv\\\/az\\\/#\\\/schema\\\/logo\\\/image\\\/\"}},{\"@type\":\"Person\",\"@id\":\"https:\\\/\\\/www.meydan.tv\\\/az\\\/#\\\/schema\\\/person\\\/10d11eccf6da3662cf5fdab9806ea91a\",\"name\":\"user-manager\"}]}<\/script>\n<!-- \/ Yoast SEO plugin. -->","yoast_head_json":{"title":"Prezident niy\u0259 ''Yol X\u0259rit\u0259si''nd\u0259n dan\u0131\u015fmad\u0131? - MEYDAN.TV","robots":{"index":"index","follow":"follow","max-snippet":"max-snippet:-1","max-image-preview":"max-image-preview:large","max-video-preview":"max-video-preview:-1"},"canonical":"https:\/\/www.meydan.tv\/az\/article\/prezident-niye-yol-xeritesinden-danismadi\/","og_locale":"az_AZ","og_type":"article","og_title":"Prezident niy\u0259 ''Yol X\u0259rit\u0259si''nd\u0259n dan\u0131\u015fmad\u0131? - MEYDAN.TV","og_description":"\u018fliyev komandas\u0131n\u0131n uzanan v\u0259 1 r\u00fcbl\u00fck d\u00f6vrl\u0259 m\u0259hdudla\u015fmayan b\u00f6hran\u0131 a\u015fma\u011fa haz\u0131r olmad\u0131\u011f\u0131 a\u00e7\u0131q-a\u015fkar g\u00f6r\u00fcn\u00fcr","og_url":"https:\/\/www.meydan.tv\/az\/article\/prezident-niye-yol-xeritesinden-danismadi\/","og_site_name":"MEYDAN.TV","article_published_time":"2017-04-13T00:37:20+00:00","og_image":[{"width":1000,"height":605,"url":"https:\/\/www.meydan.tv\/wp-content\/uploads\/32335.jpg","type":"image\/jpeg"}],"author":"user-manager","twitter_card":"summary_large_image","schema":{"@context":"https:\/\/schema.org","@graph":[{"@type":"Article","@id":"https:\/\/www.meydan.tv\/az\/article\/prezident-niye-yol-xeritesinden-danismadi\/#article","isPartOf":{"@id":"https:\/\/www.meydan.tv\/az\/article\/prezident-niye-yol-xeritesinden-danismadi\/"},"author":{"name":"user-manager","@id":"https:\/\/www.meydan.tv\/az\/#\/schema\/person\/10d11eccf6da3662cf5fdab9806ea91a"},"headline":"Prezident niy\u0259 &#8221;Yol X\u0259rit\u0259si&#8221;nd\u0259n dan\u0131\u015fmad\u0131?","datePublished":"2017-04-13T00:37:20+00:00","mainEntityOfPage":{"@id":"https:\/\/www.meydan.tv\/az\/article\/prezident-niye-yol-xeritesinden-danismadi\/"},"wordCount":751,"publisher":{"@id":"https:\/\/www.meydan.tv\/az\/#organization"},"image":{"@id":"https:\/\/www.meydan.tv\/az\/article\/prezident-niye-yol-xeritesinden-danismadi\/#primaryimage"},"thumbnailUrl":"https:\/\/www.meydan.tv\/wp-content\/uploads\/32335.jpg","articleSection":["Analitika"],"inLanguage":"az"},{"@type":"WebPage","@id":"https:\/\/www.meydan.tv\/az\/article\/prezident-niye-yol-xeritesinden-danismadi\/","url":"https:\/\/www.meydan.tv\/az\/article\/prezident-niye-yol-xeritesinden-danismadi\/","name":"Prezident niy\u0259 ''Yol X\u0259rit\u0259si''nd\u0259n dan\u0131\u015fmad\u0131? - MEYDAN.TV","isPartOf":{"@id":"https:\/\/www.meydan.tv\/az\/#website"},"primaryImageOfPage":{"@id":"https:\/\/www.meydan.tv\/az\/article\/prezident-niye-yol-xeritesinden-danismadi\/#primaryimage"},"image":{"@id":"https:\/\/www.meydan.tv\/az\/article\/prezident-niye-yol-xeritesinden-danismadi\/#primaryimage"},"thumbnailUrl":"https:\/\/www.meydan.tv\/wp-content\/uploads\/32335.jpg","datePublished":"2017-04-13T00:37:20+00:00","breadcrumb":{"@id":"https:\/\/www.meydan.tv\/az\/article\/prezident-niye-yol-xeritesinden-danismadi\/#breadcrumb"},"inLanguage":"az","potentialAction":[{"@type":"ReadAction","target":["https:\/\/www.meydan.tv\/az\/article\/prezident-niye-yol-xeritesinden-danismadi\/"]}]},{"@type":"ImageObject","inLanguage":"az","@id":"https:\/\/www.meydan.tv\/az\/article\/prezident-niye-yol-xeritesinden-danismadi\/#primaryimage","url":"https:\/\/www.meydan.tv\/wp-content\/uploads\/32335.jpg","contentUrl":"https:\/\/www.meydan.tv\/wp-content\/uploads\/32335.jpg","width":1000,"height":605,"caption":"Source:"},{"@type":"BreadcrumbList","@id":"https:\/\/www.meydan.tv\/az\/article\/prezident-niye-yol-xeritesinden-danismadi\/#breadcrumb","itemListElement":[{"@type":"ListItem","position":1,"name":"Ana s\u0259hif\u0259","item":"https:\/\/www.meydan.tv\/az\/"},{"@type":"ListItem","position":2,"name":"Analitika","item":"https:\/\/www.meydan.tv\/az\/section\/analitika\/"},{"@type":"ListItem","position":3,"name":"Prezident niy\u0259 &#8221;Yol X\u0259rit\u0259si&#8221;nd\u0259n dan\u0131\u015fmad\u0131?"}]},{"@type":"WebSite","@id":"https:\/\/www.meydan.tv\/az\/#website","url":"https:\/\/www.meydan.tv\/az\/","name":"MEYDAN.TV","description":"Meydan TV Az\u0259rbaycan\u0131n media m\u0259kan\u0131ndak\u0131 alternativ s\u0259sidir","publisher":{"@id":"https:\/\/www.meydan.tv\/az\/#organization"},"potentialAction":[{"@type":"SearchAction","target":{"@type":"EntryPoint","urlTemplate":"https:\/\/www.meydan.tv\/az\/?s={search_term_string}"},"query-input":{"@type":"PropertyValueSpecification","valueRequired":true,"valueName":"search_term_string"}}],"inLanguage":"az"},{"@type":"Organization","@id":"https:\/\/www.meydan.tv\/az\/#organization","name":"Meydan TV","url":"https:\/\/www.meydan.tv\/az\/","logo":{"@type":"ImageObject","inLanguage":"az","@id":"https:\/\/www.meydan.tv\/az\/#\/schema\/logo\/image\/","url":"https:\/\/www.meydan.tv\/wp-content\/uploads\/2021\/07\/meydan-logo.svg","contentUrl":"https:\/\/www.meydan.tv\/wp-content\/uploads\/2021\/07\/meydan-logo.svg","width":195,"height":46,"caption":"Meydan TV"},"image":{"@id":"https:\/\/www.meydan.tv\/az\/#\/schema\/logo\/image\/"}},{"@type":"Person","@id":"https:\/\/www.meydan.tv\/az\/#\/schema\/person\/10d11eccf6da3662cf5fdab9806ea91a","name":"user-manager"}]}},"_links":{"self":[{"href":"https:\/\/www.meydan.tv\/az\/wp-json\/wp\/v2\/posts\/183671","targetHints":{"allow":["GET"]}}],"collection":[{"href":"https:\/\/www.meydan.tv\/az\/wp-json\/wp\/v2\/posts"}],"about":[{"href":"https:\/\/www.meydan.tv\/az\/wp-json\/wp\/v2\/types\/post"}],"author":[{"embeddable":true,"href":"https:\/\/www.meydan.tv\/az\/wp-json\/wp\/v2\/users\/11"}],"replies":[{"embeddable":true,"href":"https:\/\/www.meydan.tv\/az\/wp-json\/wp\/v2\/comments?post=183671"}],"version-history":[{"count":0,"href":"https:\/\/www.meydan.tv\/az\/wp-json\/wp\/v2\/posts\/183671\/revisions"}],"wp:featuredmedia":[{"embeddable":true,"href":"https:\/\/www.meydan.tv\/az\/wp-json\/wp\/v2\/media\/82507"}],"wp:attachment":[{"href":"https:\/\/www.meydan.tv\/az\/wp-json\/wp\/v2\/media?parent=183671"}],"wp:term":[{"taxonomy":"category","embeddable":true,"href":"https:\/\/www.meydan.tv\/az\/wp-json\/wp\/v2\/categories?post=183671"},{"taxonomy":"post_tag","embeddable":true,"href":"https:\/\/www.meydan.tv\/az\/wp-json\/wp\/v2\/tags?post=183671"}],"curies":[{"name":"wp","href":"https:\/\/api.w.org\/{rel}","templated":true}]}}