{"id":183645,"date":"2017-04-12T01:10:20","date_gmt":"2017-04-12T01:10:20","guid":{"rendered":"https:\/\/www.meydan.tv\/article\/eliyev-hele-islahatlar-aparmaq-niyyetinde-deyil\/"},"modified":"2017-04-12T01:10:20","modified_gmt":"2017-04-12T01:10:20","slug":"eliyev-hele-islahatlar-aparmaq-niyyetinde-deyil","status":"publish","type":"post","link":"https:\/\/www.meydan.tv\/az\/article\/eliyev-hele-islahatlar-aparmaq-niyyetinde-deyil\/","title":{"rendered":"&#8221;\u018fliyev h\u0259l\u0259 islahatlar aparmaq niyy\u0259tind\u0259 deyil&#8221;"},"content":{"rendered":"<figure class=\"wp-block-image size-large\">\n  <img decoding=\"async\" src=\"https:\/\/www.meydan.tv\/az\/82423\/\" alt=\"\" class=\"wp-image-82423\"\/><figcaption><\/figcaption><\/figure>\n<p>\n  <i><br \/>\n    Mehman \u018fliyev: &#8221;Biz h\u0259l\u0259 b\u00f6hrandan \u00e7\u0131xmam\u0131\u015f\u0131qsa, nec\u0259 u\u011furlu inki\u015fatdan dan\u0131\u015fa bil\u0259rik?&#8221;<br \/>\n  <\/i>\n<\/p>\n<p>\n  \u201c\u0130lham \u018fliyevin \u00e7\u0131x\u0131\u015f\u0131 2016-c\u0131 ilin oktyabr\u0131nda verdiyi v\u0259dl\u0259rin ger\u00e7\u0259kl\u0259\u015fm\u0259y\u0259c\u0259yinin anonsudur\u201d.\n<\/p>\n<p>\n  Bunu \u201cTuran\u201d \u0130nformasiya Agentliyinin direktoru Mehman \u018fliyev prezident \u0130lham \u018fliyevin<br \/>\n  <a href=\"\/az\/article\/ilham-eliyev-bakida-300-den-cox-yeni-hundurmertebeli-bina-tikilir\/\"><br \/>\n    aprelin 10-da<br \/>\n  <\/a><br \/>\n  Nazirl\u0259r Kabinetinin iclas\u0131ndak\u0131 \u00e7\u0131x\u0131\u015f\u0131n\u0131 \u015f\u0259rh ed\u0259rk\u0259n deyib.\n<\/p>\n<p>\n  \u201cPrezident \u00f6t\u0259n ilin oktyabr\u0131nda 2017-ci ilin aprelind\u0259 islahatlara ba\u015flayaca\u011f\u0131n\u0131 demi\u015fdi\u201d \u2013 dey\u0259n Mehman \u018fliyev xat\u0131rlad\u0131r ki, prezident yanvar m\u00fc\u015favir\u0259si d\u0259 daxil olmaqla \u00e7\u0131x\u0131\u015flar\u0131nda \u201cYol X\u0259rit\u0259si\u201dnd\u0259n dan\u0131\u015fm\u0131r:\n<\/p>\n<p>\n  \u201cHalbuki, bu s\u0259n\u0259d imzalanm\u0131\u015fd\u0131 v\u0259 apreld\u0259 i\u015f\u0259 d\u00fc\u015fm\u0259li idi. Bu, o dem\u0259kdir ki, \u018fliyev h\u0259l\u0259 islahatlar aparmaq niyy\u0259tind\u0259 deyil. \u201cYol X\u0259rit\u0259si\u201dnin yerin\u0259 ayr\u0131-ayr\u0131 sah\u0259l\u0259rd\u0259 q\u0259rarlar\u0131n veril\u0259c\u0259yi g\u00f6r\u00fcn\u00fcr. M\u0259s\u0259l\u0259n, aqrar sektorda aqro firmalar yarad\u0131lacaq, amma bel\u0259 bir \u015fey edilirs\u0259, m\u00fctl\u0259q tender elan olunmal\u0131d\u0131r, ictimai m\u00fczakir\u0259l\u0259r ke\u00e7irilm\u0259li v\u0259 t\u0259klifl\u0259r verilm\u0259lidir. M\u0259g\u0259r hakimiyy\u0259t xarici investorlar\u0131n c\u0259lb olunmas\u0131n\u0131 ist\u0259mirmi? Ax\u0131 bu bar\u0259d\u0259 r\u0259smi a\u00e7\u0131qlamalar da verirl\u0259r v\u0259 beyn\u0259xalq fondlardan yard\u0131m ist\u0259yirl\u0259r. Dem\u0259li, yen\u0259 d\u0259 oliqarxlar\u0131n maraqlar\u0131na uy\u011fun proses gedir, m\u0259qs\u0259d m\u0259mur-oliqarxiyas\u0131n\u0131n g\u00fccl\u0259nm\u0259sidir. Burada xalq\u0131n m\u0259nafeyind\u0259n s\u00f6hb\u0259t getmir\u201d.\n<\/p>\n<p>\n  O, prezidentin s\u0259sl\u0259ndirdiyi r\u0259q\u0259ml\u0259ri statistik v\u0259 yanl\u0131\u015f hesab edir:\n<\/p>\n<p>\n  \u201cPrezidentin statistik r\u0259q\u0259ml\u0259rin\u0259 \u0259sas\u0259n, biz ne\u00e7\u0259 ill\u0259rdir y\u00fcks\u0259li\u015fl\u0259 gedirik. Prezident \u00a0ba\u015fda olmaqla r\u0259smil\u0259r deyirdil\u0259r ki, Az\u0259rbaycan inki\u015faf edir, d\u00fcnya b\u00f6hrandad\u0131, amma biz\u0259 he\u00e7 bir b\u00f6hran t\u0259sir etmir, sabitlik adas\u0131 yaratd\u0131qlar\u0131n\u0131 iddia edirdil\u0259r. Qeyri-neft sektorunun b\u00f6hrandan \u0259vv\u0259lki pay\u0131 t\u0259xmin\u0259n 67 faiz\u0259 \u00e7atm\u0131\u015fd\u0131. Sual yaran\u0131r; bel\u0259 bir v\u0259ziyy\u0259td\u0259 Az\u0259rbaycan nec\u0259 oldu ki, iqtisadi b\u00f6hrana girdi? H\u0259min u\u011furlu siyas\u0259tl\u0259, inki\u015fafla v\u0259 prezidentin s\u0259sl\u0259ndirdiyi h\u0259min r\u0259q\u0259ml\u0259rl\u0259 b\u00f6hran nec\u0259 yarand\u0131? Biz h\u0259l\u0259 b\u00f6hrandan \u00e7\u0131xmam\u0131\u015f\u0131qsa, nec\u0259 u\u011furlu inki\u015fatdan dan\u0131\u015fa bil\u0259rik? \u018fg\u0259r pensiya ya\u015f\u0131n\u0131 art\u0131r\u0131rlarsa, t\u0259l\u0259b\u0259l\u0259rin m\u00fcavin\u0259tl\u0259rini vaxt\u0131nda ver\u0259 bilmirl\u0259rs\u0259, inflyasiya gedirs\u0259, qiym\u0259tl\u0259r art\u0131rsa, dem\u0259li, b\u00f6hran qal\u0131r. B\u00fct\u00fcn bunlar\u0131n m\u00fcqabilind\u0259 pensiyalar\u0131n s\u0131\u011forta hiss\u0259si qald\u0131r\u0131l\u0131r, sadalad\u0131qlar\u0131m d\u00f6vl\u0259tin pulunun olmad\u0131\u011f\u0131n\u0131 g\u00f6st\u0259rir. Bu v\u0259ziyy\u0259td\u0259 hans\u0131 u\u011furlu inki\u015fafdan dan\u0131\u015fmaq olar? B\u0259lk\u0259 kiml\u0259r \u00fc\u00e7\u00fcns\u0259 u\u011furludur? Ancaq orta statistik az\u0259rbaycanl\u0131n\u0131n v\u0259ziyy\u0259ti a\u011f\u0131rd\u0131r. \u018fg\u0259r pensiyalar v\u0259 maa\u015flar artmay\u0131b, amma qiym\u0259tl\u0259r 100 faiz qalx\u0131bsa, normal inki\u015faf budurmu? Prezident son 3 ayda 85 min i\u015f yerinin a\u00e7\u0131ld\u0131\u011f\u0131n\u0131 deyir, b\u0259s ba\u011flanan i\u015f yerl\u0259rini niy\u0259 demir? Bank, tikinti v\u0259 s\u0131\u011forta sektorunda ixtisarlar niy\u0259 xat\u0131rlanm\u0131r? Tikinti mallar\u0131 bazar\u0131nda qiym\u0259tl\u0259rin enm\u0259si qeyd\u0259 al\u0131n\u0131b, konkret armaturun qiym\u0259ti d\u00fc\u015f\u00fcb. Bu, tikinti sektorunun s\u0131f\u0131r v\u0259ziyy\u0259tinin g\u00f6st\u0259ricisidir\u201d.\n<\/p>\n<p>\n  D\u00f6vl\u0259t ba\u015f\u00e7\u0131s\u0131 2017-ci ilin ilin birinci r\u00fcb\u00fcnd\u0259 iqtisadi inki\u015faf\u0131n t\u0259min olundu\u011funu, sosial m\u0259s\u0259l\u0259l\u0259rin h\u0259llini tapd\u0131\u011f\u0131n\u0131, ordu quruculu\u011funun u\u011furla getdiyini deyib.\n<\/p>\n<p>\n  \u00d6lk\u0259 r\u0259hb\u0259ri ilin ilk 3 ay\u0131 \u0259rzind\u0259 qeyri-neft sektorunun 2,4 faiz artd\u0131\u011f\u0131n\u0131, qeyri-neft s\u0259nayesind\u0259 art\u0131m\u0131n 2 faiz s\u0259viyy\u0259sind\u0259 oldu\u011funu, k\u0259nd t\u0259s\u0259rr\u00fcfat\u0131n\u0131n 3,5 faiz artd\u0131\u011f\u0131n\u0131, bitki\u00e7iliyin 20 faizd\u0259n \u00e7ox oldu\u011funu bildirib.<\/p>\n","protected":false},"excerpt":{"rendered":"<p>Mehman \u018fliyev: &#8221;Biz h\u0259l\u0259 b\u00f6hrandan \u00e7\u0131xmam\u0131\u015f\u0131qsa, nec\u0259 u\u011furlu inki\u015fatdan dan\u0131\u015fa bil\u0259rik?&#8221;<\/p>\n","protected":false},"author":11,"featured_media":82423,"comment_status":"closed","ping_status":"open","sticky":false,"template":"","format":"standard","meta":{"_acf_changed":false,"_sitemap_exclude":false,"_sitemap_priority":"","_sitemap_frequency":"","footnotes":""},"categories":[51],"tags":[],"class_list":["post-183645","post","type-post","status-publish","format-standard","has-post-thumbnail","hentry","category-analitika","infinite-scroll-item","generate-columns","tablet-grid-50","mobile-grid-100","grid-parent","grid-33","no-featured-image-padding"],"acf":[],"yoast_head":"<!-- This site is optimized with the Yoast SEO plugin v27.4 - https:\/\/yoast.com\/product\/yoast-seo-wordpress\/ -->\n<title>&#039;&#039;\u018fliyev h\u0259l\u0259 islahatlar aparmaq niyy\u0259tind\u0259 deyil&#039;&#039; - MEYDAN.TV<\/title>\n<meta name=\"robots\" content=\"index, follow, max-snippet:-1, max-image-preview:large, max-video-preview:-1\" \/>\n<link rel=\"canonical\" href=\"https:\/\/www.meydan.tv\/az\/article\/eliyev-hele-islahatlar-aparmaq-niyyetinde-deyil\/\" \/>\n<meta property=\"og:locale\" content=\"az_AZ\" \/>\n<meta property=\"og:type\" content=\"article\" \/>\n<meta property=\"og:title\" content=\"&#039;&#039;\u018fliyev h\u0259l\u0259 islahatlar aparmaq niyy\u0259tind\u0259 deyil&#039;&#039; - MEYDAN.TV\" \/>\n<meta property=\"og:description\" content=\"Mehman \u018fliyev: &#039;&#039;Biz h\u0259l\u0259 b\u00f6hrandan \u00e7\u0131xmam\u0131\u015f\u0131qsa, nec\u0259 u\u011furlu inki\u015fatdan dan\u0131\u015fa bil\u0259rik?&#039;&#039;\" \/>\n<meta property=\"og:url\" content=\"https:\/\/www.meydan.tv\/az\/article\/eliyev-hele-islahatlar-aparmaq-niyyetinde-deyil\/\" \/>\n<meta property=\"og:site_name\" content=\"MEYDAN.TV\" \/>\n<meta property=\"article:published_time\" content=\"2017-04-12T01:10:20+00:00\" \/>\n<meta property=\"og:image\" content=\"https:\/\/www.meydan.tv\/wp-content\/uploads\/32301.jpg\" \/>\n\t<meta property=\"og:image:width\" content=\"750\" \/>\n\t<meta property=\"og:image:height\" content=\"500\" \/>\n\t<meta property=\"og:image:type\" content=\"image\/jpeg\" \/>\n<meta name=\"author\" content=\"user-manager\" \/>\n<meta name=\"twitter:card\" content=\"summary_large_image\" \/>\n<script type=\"application\/ld+json\" class=\"yoast-schema-graph\">{\"@context\":\"https:\\\/\\\/schema.org\",\"@graph\":[{\"@type\":\"Article\",\"@id\":\"https:\\\/\\\/www.meydan.tv\\\/az\\\/article\\\/eliyev-hele-islahatlar-aparmaq-niyyetinde-deyil\\\/#article\",\"isPartOf\":{\"@id\":\"https:\\\/\\\/www.meydan.tv\\\/az\\\/article\\\/eliyev-hele-islahatlar-aparmaq-niyyetinde-deyil\\\/\"},\"author\":{\"name\":\"user-manager\",\"@id\":\"https:\\\/\\\/www.meydan.tv\\\/az\\\/#\\\/schema\\\/person\\\/10d11eccf6da3662cf5fdab9806ea91a\"},\"headline\":\"&#8221;\u018fliyev h\u0259l\u0259 islahatlar aparmaq niyy\u0259tind\u0259 deyil&#8221;\",\"datePublished\":\"2017-04-12T01:10:20+00:00\",\"mainEntityOfPage\":{\"@id\":\"https:\\\/\\\/www.meydan.tv\\\/az\\\/article\\\/eliyev-hele-islahatlar-aparmaq-niyyetinde-deyil\\\/\"},\"wordCount\":656,\"publisher\":{\"@id\":\"https:\\\/\\\/www.meydan.tv\\\/az\\\/#organization\"},\"image\":{\"@id\":\"https:\\\/\\\/www.meydan.tv\\\/az\\\/article\\\/eliyev-hele-islahatlar-aparmaq-niyyetinde-deyil\\\/#primaryimage\"},\"thumbnailUrl\":\"https:\\\/\\\/www.meydan.tv\\\/wp-content\\\/uploads\\\/32301.jpg\",\"articleSection\":[\"Analitika\"],\"inLanguage\":\"az\"},{\"@type\":\"WebPage\",\"@id\":\"https:\\\/\\\/www.meydan.tv\\\/az\\\/article\\\/eliyev-hele-islahatlar-aparmaq-niyyetinde-deyil\\\/\",\"url\":\"https:\\\/\\\/www.meydan.tv\\\/az\\\/article\\\/eliyev-hele-islahatlar-aparmaq-niyyetinde-deyil\\\/\",\"name\":\"''\u018fliyev h\u0259l\u0259 islahatlar aparmaq niyy\u0259tind\u0259 deyil'' - MEYDAN.TV\",\"isPartOf\":{\"@id\":\"https:\\\/\\\/www.meydan.tv\\\/az\\\/#website\"},\"primaryImageOfPage\":{\"@id\":\"https:\\\/\\\/www.meydan.tv\\\/az\\\/article\\\/eliyev-hele-islahatlar-aparmaq-niyyetinde-deyil\\\/#primaryimage\"},\"image\":{\"@id\":\"https:\\\/\\\/www.meydan.tv\\\/az\\\/article\\\/eliyev-hele-islahatlar-aparmaq-niyyetinde-deyil\\\/#primaryimage\"},\"thumbnailUrl\":\"https:\\\/\\\/www.meydan.tv\\\/wp-content\\\/uploads\\\/32301.jpg\",\"datePublished\":\"2017-04-12T01:10:20+00:00\",\"breadcrumb\":{\"@id\":\"https:\\\/\\\/www.meydan.tv\\\/az\\\/article\\\/eliyev-hele-islahatlar-aparmaq-niyyetinde-deyil\\\/#breadcrumb\"},\"inLanguage\":\"az\",\"potentialAction\":[{\"@type\":\"ReadAction\",\"target\":[\"https:\\\/\\\/www.meydan.tv\\\/az\\\/article\\\/eliyev-hele-islahatlar-aparmaq-niyyetinde-deyil\\\/\"]}]},{\"@type\":\"ImageObject\",\"inLanguage\":\"az\",\"@id\":\"https:\\\/\\\/www.meydan.tv\\\/az\\\/article\\\/eliyev-hele-islahatlar-aparmaq-niyyetinde-deyil\\\/#primaryimage\",\"url\":\"https:\\\/\\\/www.meydan.tv\\\/wp-content\\\/uploads\\\/32301.jpg\",\"contentUrl\":\"https:\\\/\\\/www.meydan.tv\\\/wp-content\\\/uploads\\\/32301.jpg\",\"width\":750,\"height\":500,\"caption\":\"Source:\"},{\"@type\":\"BreadcrumbList\",\"@id\":\"https:\\\/\\\/www.meydan.tv\\\/az\\\/article\\\/eliyev-hele-islahatlar-aparmaq-niyyetinde-deyil\\\/#breadcrumb\",\"itemListElement\":[{\"@type\":\"ListItem\",\"position\":1,\"name\":\"Ana s\u0259hif\u0259\",\"item\":\"https:\\\/\\\/www.meydan.tv\\\/az\\\/\"},{\"@type\":\"ListItem\",\"position\":2,\"name\":\"Analitika\",\"item\":\"https:\\\/\\\/www.meydan.tv\\\/az\\\/section\\\/analitika\\\/\"},{\"@type\":\"ListItem\",\"position\":3,\"name\":\"&#8221;\u018fliyev h\u0259l\u0259 islahatlar aparmaq niyy\u0259tind\u0259 deyil&#8221;\"}]},{\"@type\":\"WebSite\",\"@id\":\"https:\\\/\\\/www.meydan.tv\\\/az\\\/#website\",\"url\":\"https:\\\/\\\/www.meydan.tv\\\/az\\\/\",\"name\":\"MEYDAN.TV\",\"description\":\"Meydan TV Az\u0259rbaycan\u0131n media m\u0259kan\u0131ndak\u0131 alternativ s\u0259sidir\",\"publisher\":{\"@id\":\"https:\\\/\\\/www.meydan.tv\\\/az\\\/#organization\"},\"potentialAction\":[{\"@type\":\"SearchAction\",\"target\":{\"@type\":\"EntryPoint\",\"urlTemplate\":\"https:\\\/\\\/www.meydan.tv\\\/az\\\/?s={search_term_string}\"},\"query-input\":{\"@type\":\"PropertyValueSpecification\",\"valueRequired\":true,\"valueName\":\"search_term_string\"}}],\"inLanguage\":\"az\"},{\"@type\":\"Organization\",\"@id\":\"https:\\\/\\\/www.meydan.tv\\\/az\\\/#organization\",\"name\":\"Meydan TV\",\"url\":\"https:\\\/\\\/www.meydan.tv\\\/az\\\/\",\"logo\":{\"@type\":\"ImageObject\",\"inLanguage\":\"az\",\"@id\":\"https:\\\/\\\/www.meydan.tv\\\/az\\\/#\\\/schema\\\/logo\\\/image\\\/\",\"url\":\"https:\\\/\\\/www.meydan.tv\\\/wp-content\\\/uploads\\\/2021\\\/07\\\/meydan-logo.svg\",\"contentUrl\":\"https:\\\/\\\/www.meydan.tv\\\/wp-content\\\/uploads\\\/2021\\\/07\\\/meydan-logo.svg\",\"width\":195,\"height\":46,\"caption\":\"Meydan TV\"},\"image\":{\"@id\":\"https:\\\/\\\/www.meydan.tv\\\/az\\\/#\\\/schema\\\/logo\\\/image\\\/\"}},{\"@type\":\"Person\",\"@id\":\"https:\\\/\\\/www.meydan.tv\\\/az\\\/#\\\/schema\\\/person\\\/10d11eccf6da3662cf5fdab9806ea91a\",\"name\":\"user-manager\"}]}<\/script>\n<!-- \/ Yoast SEO plugin. -->","yoast_head_json":{"title":"''\u018fliyev h\u0259l\u0259 islahatlar aparmaq niyy\u0259tind\u0259 deyil'' - MEYDAN.TV","robots":{"index":"index","follow":"follow","max-snippet":"max-snippet:-1","max-image-preview":"max-image-preview:large","max-video-preview":"max-video-preview:-1"},"canonical":"https:\/\/www.meydan.tv\/az\/article\/eliyev-hele-islahatlar-aparmaq-niyyetinde-deyil\/","og_locale":"az_AZ","og_type":"article","og_title":"''\u018fliyev h\u0259l\u0259 islahatlar aparmaq niyy\u0259tind\u0259 deyil'' - MEYDAN.TV","og_description":"Mehman \u018fliyev: ''Biz h\u0259l\u0259 b\u00f6hrandan \u00e7\u0131xmam\u0131\u015f\u0131qsa, nec\u0259 u\u011furlu inki\u015fatdan dan\u0131\u015fa bil\u0259rik?''","og_url":"https:\/\/www.meydan.tv\/az\/article\/eliyev-hele-islahatlar-aparmaq-niyyetinde-deyil\/","og_site_name":"MEYDAN.TV","article_published_time":"2017-04-12T01:10:20+00:00","og_image":[{"width":750,"height":500,"url":"https:\/\/www.meydan.tv\/wp-content\/uploads\/32301.jpg","type":"image\/jpeg"}],"author":"user-manager","twitter_card":"summary_large_image","schema":{"@context":"https:\/\/schema.org","@graph":[{"@type":"Article","@id":"https:\/\/www.meydan.tv\/az\/article\/eliyev-hele-islahatlar-aparmaq-niyyetinde-deyil\/#article","isPartOf":{"@id":"https:\/\/www.meydan.tv\/az\/article\/eliyev-hele-islahatlar-aparmaq-niyyetinde-deyil\/"},"author":{"name":"user-manager","@id":"https:\/\/www.meydan.tv\/az\/#\/schema\/person\/10d11eccf6da3662cf5fdab9806ea91a"},"headline":"&#8221;\u018fliyev h\u0259l\u0259 islahatlar aparmaq niyy\u0259tind\u0259 deyil&#8221;","datePublished":"2017-04-12T01:10:20+00:00","mainEntityOfPage":{"@id":"https:\/\/www.meydan.tv\/az\/article\/eliyev-hele-islahatlar-aparmaq-niyyetinde-deyil\/"},"wordCount":656,"publisher":{"@id":"https:\/\/www.meydan.tv\/az\/#organization"},"image":{"@id":"https:\/\/www.meydan.tv\/az\/article\/eliyev-hele-islahatlar-aparmaq-niyyetinde-deyil\/#primaryimage"},"thumbnailUrl":"https:\/\/www.meydan.tv\/wp-content\/uploads\/32301.jpg","articleSection":["Analitika"],"inLanguage":"az"},{"@type":"WebPage","@id":"https:\/\/www.meydan.tv\/az\/article\/eliyev-hele-islahatlar-aparmaq-niyyetinde-deyil\/","url":"https:\/\/www.meydan.tv\/az\/article\/eliyev-hele-islahatlar-aparmaq-niyyetinde-deyil\/","name":"''\u018fliyev h\u0259l\u0259 islahatlar aparmaq niyy\u0259tind\u0259 deyil'' - MEYDAN.TV","isPartOf":{"@id":"https:\/\/www.meydan.tv\/az\/#website"},"primaryImageOfPage":{"@id":"https:\/\/www.meydan.tv\/az\/article\/eliyev-hele-islahatlar-aparmaq-niyyetinde-deyil\/#primaryimage"},"image":{"@id":"https:\/\/www.meydan.tv\/az\/article\/eliyev-hele-islahatlar-aparmaq-niyyetinde-deyil\/#primaryimage"},"thumbnailUrl":"https:\/\/www.meydan.tv\/wp-content\/uploads\/32301.jpg","datePublished":"2017-04-12T01:10:20+00:00","breadcrumb":{"@id":"https:\/\/www.meydan.tv\/az\/article\/eliyev-hele-islahatlar-aparmaq-niyyetinde-deyil\/#breadcrumb"},"inLanguage":"az","potentialAction":[{"@type":"ReadAction","target":["https:\/\/www.meydan.tv\/az\/article\/eliyev-hele-islahatlar-aparmaq-niyyetinde-deyil\/"]}]},{"@type":"ImageObject","inLanguage":"az","@id":"https:\/\/www.meydan.tv\/az\/article\/eliyev-hele-islahatlar-aparmaq-niyyetinde-deyil\/#primaryimage","url":"https:\/\/www.meydan.tv\/wp-content\/uploads\/32301.jpg","contentUrl":"https:\/\/www.meydan.tv\/wp-content\/uploads\/32301.jpg","width":750,"height":500,"caption":"Source:"},{"@type":"BreadcrumbList","@id":"https:\/\/www.meydan.tv\/az\/article\/eliyev-hele-islahatlar-aparmaq-niyyetinde-deyil\/#breadcrumb","itemListElement":[{"@type":"ListItem","position":1,"name":"Ana s\u0259hif\u0259","item":"https:\/\/www.meydan.tv\/az\/"},{"@type":"ListItem","position":2,"name":"Analitika","item":"https:\/\/www.meydan.tv\/az\/section\/analitika\/"},{"@type":"ListItem","position":3,"name":"&#8221;\u018fliyev h\u0259l\u0259 islahatlar aparmaq niyy\u0259tind\u0259 deyil&#8221;"}]},{"@type":"WebSite","@id":"https:\/\/www.meydan.tv\/az\/#website","url":"https:\/\/www.meydan.tv\/az\/","name":"MEYDAN.TV","description":"Meydan TV Az\u0259rbaycan\u0131n media m\u0259kan\u0131ndak\u0131 alternativ s\u0259sidir","publisher":{"@id":"https:\/\/www.meydan.tv\/az\/#organization"},"potentialAction":[{"@type":"SearchAction","target":{"@type":"EntryPoint","urlTemplate":"https:\/\/www.meydan.tv\/az\/?s={search_term_string}"},"query-input":{"@type":"PropertyValueSpecification","valueRequired":true,"valueName":"search_term_string"}}],"inLanguage":"az"},{"@type":"Organization","@id":"https:\/\/www.meydan.tv\/az\/#organization","name":"Meydan TV","url":"https:\/\/www.meydan.tv\/az\/","logo":{"@type":"ImageObject","inLanguage":"az","@id":"https:\/\/www.meydan.tv\/az\/#\/schema\/logo\/image\/","url":"https:\/\/www.meydan.tv\/wp-content\/uploads\/2021\/07\/meydan-logo.svg","contentUrl":"https:\/\/www.meydan.tv\/wp-content\/uploads\/2021\/07\/meydan-logo.svg","width":195,"height":46,"caption":"Meydan TV"},"image":{"@id":"https:\/\/www.meydan.tv\/az\/#\/schema\/logo\/image\/"}},{"@type":"Person","@id":"https:\/\/www.meydan.tv\/az\/#\/schema\/person\/10d11eccf6da3662cf5fdab9806ea91a","name":"user-manager"}]}},"_links":{"self":[{"href":"https:\/\/www.meydan.tv\/az\/wp-json\/wp\/v2\/posts\/183645","targetHints":{"allow":["GET"]}}],"collection":[{"href":"https:\/\/www.meydan.tv\/az\/wp-json\/wp\/v2\/posts"}],"about":[{"href":"https:\/\/www.meydan.tv\/az\/wp-json\/wp\/v2\/types\/post"}],"author":[{"embeddable":true,"href":"https:\/\/www.meydan.tv\/az\/wp-json\/wp\/v2\/users\/11"}],"replies":[{"embeddable":true,"href":"https:\/\/www.meydan.tv\/az\/wp-json\/wp\/v2\/comments?post=183645"}],"version-history":[{"count":0,"href":"https:\/\/www.meydan.tv\/az\/wp-json\/wp\/v2\/posts\/183645\/revisions"}],"wp:featuredmedia":[{"embeddable":true,"href":"https:\/\/www.meydan.tv\/az\/wp-json\/wp\/v2\/media\/82423"}],"wp:attachment":[{"href":"https:\/\/www.meydan.tv\/az\/wp-json\/wp\/v2\/media?parent=183645"}],"wp:term":[{"taxonomy":"category","embeddable":true,"href":"https:\/\/www.meydan.tv\/az\/wp-json\/wp\/v2\/categories?post=183645"},{"taxonomy":"post_tag","embeddable":true,"href":"https:\/\/www.meydan.tv\/az\/wp-json\/wp\/v2\/tags?post=183645"}],"curies":[{"name":"wp","href":"https:\/\/api.w.org\/{rel}","templated":true}]}}