{"id":183600,"date":"2017-04-10T15:16:07","date_gmt":"2017-04-10T15:16:07","guid":{"rendered":"https:\/\/www.meydan.tv\/article\/ey-dele-qafil\/"},"modified":"2017-04-10T15:16:07","modified_gmt":"2017-04-10T15:16:07","slug":"ey-dele-qafil","status":"publish","type":"post","link":"https:\/\/www.meydan.tv\/az\/article\/ey-dele-qafil\/","title":{"rendered":"EY DELE-QAF\u0130L!"},"content":{"rendered":"<p>\n  D\u00fcnya siyas\u0259ti maraqlar namin\u0259 amans\u0131z m\u00fcbariz\u0259 meydan\u0131d\u0131r. Bu m\u00fcbariz\u0259d\u0259 maddi imkanlarla yana\u015f\u0131 \u0259n vacib silah z\u0259kad\u0131r. Ger\u00e7\u0259kliyi d\u00fczg\u00fcn g\u00f6r\u00fcb qiym\u0259tl\u0259ndirm\u0259k, hadis\u0259l\u0259rin m\u00fcmk\u00fcn istiqam\u0259tl\u0259rini g\u00f6rm\u0259k, qazanclar\u0131 art\u0131rmaq v\u0259 itkil\u0259ri azaltmaq \u00fcsullar\u0131ndan istifad\u0259 m\u0259har\u0259ti siyas\u0259t meydan\u0131nda q\u0259l\u0259b\u0259nin r\u0259hnidir. SSRi siyasi m\u00fcbariz\u0259d\u0259 ona g\u00f6r\u0259 uduzdu ki, on ill\u0259r \u0259rzind\u0259 hakimiyy\u0259tin \u0259n yuxar\u0131 s\u0259fin\u0259 z\u0259kas\u0131z v\u0259 \u0259qid\u0259siz buq\u0259l\u0259munlar se\u00e7ilirdi v\u0259 h\u0259lledici q\u0259rar an\u0131 yeti\u015fdikd\u0259 bir n\u0259f\u0259r bel\u0259 m\u00fcr\u0259kk\u0259b v\u0259ziyy\u0259ti anlay\u0131b m\u00fcnasib q\u0259rar verm\u0259k qabiliyy\u0259ti olan r\u0259hb\u0259r tap\u0131lmad\u0131. Tap\u0131lmad\u0131 v\u0259 f\u00f6vq\u0259ld\u00f6vl\u0259t \u00e7\u00f6k\u00fcb yerind\u0259 cibl\u0259rini g\u00fcd\u0259n k\u0259msavadlar\u0131n m\u0259ngirl\u0259diyi oyuncaq d\u00f6vl\u0259tl\u0259r qoyub qeyb\u0259 \u00e7\u0259kildi.\n<\/p>\n<p>\n  Bel\u0259 d\u00f6vl\u0259tl\u0259rd\u0259n biri d\u0259 Erm\u0259nistand\u0131r. Onun r\u0259hb\u0259rl\u0259rinin qabiliyy\u0259tinin r\u0259q\u0259ml\u0259rl\u0259 ifad\u0259si d\u0259 var: \u0259halinin yar\u0131s\u0131 \u00f6lk\u0259ni t\u0259rk edib, iqtisadiyyat \u00e7\u00f6k\u00fcb, \u00f6lk\u0259nin s\u0259rh\u0259dl\u0259rini Rusiya qoruyur, \u0259razisind\u0259 rus h\u0259rbi bazalar\u0131 yerl\u0259\u015fir, d\u00f6rd qon\u015fu d\u00f6vl\u0259td\u0259n ikisi d\u00fc\u015fm\u0259n say\u0131l\u0131r. Xalq\u0131n ba\u015f\u0131na hava g\u0259lib? Xeyr, xalq\u0131n ba\u015f\u0131n\u0131 gic\u0259ll\u0259ndiribl\u0259r! Xeyrini anlam\u0131r, \u015e\u0259ri g\u00f6rm\u00fcr.\n<\/p>\n<p>\n  Erm\u0259nistan Respublikas\u0131n\u0131n siyasi sinfi z\u0259ka bax\u0131m\u0131ndan ac\u0131nacaql\u0131 v\u0259ziyy\u0259td\u0259dir. \u00d6lk\u0259 r\u0259hb\u0259rliyind\u0259 bir n\u0259f\u0259r bel\u0259 hadis\u0259l\u0259rin axar\u0131n\u0131n lab\u00fcd n\u0259tic\u0259sini xalqa d\u00fczg\u00fcn v\u0259 s\u0259mimi demir. Bir n\u0259f\u0259r tap\u0131lm\u0131\u015fd\u0131, sabiq prezident Levon Ter-Petrosyan, onun da bloku parlament\u0259 sal\u0131nmad\u0131. Demir\u0259m se\u00e7ilm\u0259di, zira orada da se\u00e7ki yox, t\u0259yinat gedir. Bunu rus tarix\u00e7isi Yuriy Kuznetsov a\u00e7\u0131q v\u0259 inand\u0131r\u0131c\u0131 t\u0259rzd\u0259 yazd\u0131, lakin erm\u0259ni \u015f\u00fcuruna bel\u0259 fikirl\u0259r t\u0259sir ed\u0259 bilm\u0259z. S\u0131ravi erm\u0259ni v\u0259t\u0259nda\u015f\u0131n\u0131n beynind\u0259 bir \u015f\u00fcar \u2013 Qaraba\u011f bizimdir! &#8211; reaktiv t\u0259yyar\u0259 m\u00fch\u0259rriki kimi daima gurulday\u0131r v\u0259 m\u0259ntiqi d\u00fc\u015f\u00fcnm\u0259k qabiliyy\u0259tini k\u00f6k\u00fcnd\u0259n m\u0259hv edir. Buna g\u00f6r\u0259 xalq d\u00f6n\u00fcb olur k\u00fctl\u0259, k\u00fctl\u0259ni is\u0259 idar\u0259 ed\u0259rl\u0259r.\n<\/p>\n<p>\n  Erm\u0259nistan parlamentinin indiki t\u0259rkibi tam y\u0259qinlikl\u0259 deyir ki, m\u00fc\u015fk\u00fcl\u00fcn g\u00fcz\u0259\u015ftli h\u0259lli m\u00fcmk\u00fcn deyil. Y\u0259ni bu t\u0259rkib he\u00e7 bir g\u00fcz\u0259\u015fti q\u0259bul etm\u0259y\u0259c\u0259k. H\u0259r bir siyasi q\u00fcvv\u0259 parlamentd\u0259 yaln\u0131z v\u0259 yaln\u0131z d\u00f6nm\u0259zlik v\u0259 s\u0259bat hesab\u0131na Qaraba\u011f\u0131 tam ilhaq etm\u0259k siyas\u0259tini d\u0259st\u0259kl\u0259y\u0259c\u0259k. Bu, Rusiyan\u0131n ist\u0259yi v\u0259 sifari\u015fi idi, s\u00f6zs\u00fcz yerin\u0259 yetirildi. Y\u0259ni Rusiya siyasi alverd\u0259 s\u00f6zs\u00fcz s\u00f6yk\u0259n\u0259c\u0259yi bir h\u00fcquqi dayaq d\u00fcz\u0259ltdi, bu da \u201cs\u00fcveren Erm\u0259nistan\u0131n demokratik se\u00e7ilmi\u015f parlamenrinin irad\u0259si\u201d olacaq. Rusiya, t\u0259bii ki, s\u00fclh namin\u0259 g\u00fcz\u0259\u015ftli t\u0259klifl\u0259r\u0259 \u00e7a\u011f\u0131racaq, lakin Erm\u0259nistan \u201cparlament\u201di bu t\u0259klifl\u0259ri q\u0259bul etm\u0259y\u0259c\u0259k. N\u0259 vaxta q\u0259d\u0259r? M\u00f6hl\u0259ti sabiq erm\u0259ni prezidenti Levon Ter-Petrosyan m\u00fc\u0259yy\u0259nl\u0259\u015fdirib: 2036-c\u0131 il\u0259 q\u0259d\u0259r. Onda n\u0259 ba\u015f ver\u0259c\u0259k? C\u0259nab Ter-Petrosyan\u0131n r\u0259yin\u0259 g\u00f6r\u0259, h\u0259min vaxt n\u0259 Qaraba\u011f, n\u0259 d\u0259 Erm\u0259nistan qalacaq. \u00d6lk\u0259 da\u011f\u0131l\u0131b qeyb\u0259 \u00e7\u0259kil\u0259c\u0259k. \u015eumer, Akkad, Babil, S\u0259ba adl\u0131 d\u00f6vl\u0259tl\u0259r BMT-nin \u00fczv\u00fcd\u00fcrl\u0259r? Yox, Niy\u0259? \u00c7\u00fcnki onlar zavala u\u011fray\u0131blar, tarixin s\u0259hif\u0259l\u0259rind\u0259 qal\u0131blar. Da\u011f\u0131l\u0131blar. Erm\u0259nistan da da\u011f\u0131lacaq. 2036-c\u0131 ild\u0259.\n<\/p>\n<p>\n  Az\u0259rbaycan X\u0130N-i i\u015fsiz qalacaq. Qaraba\u011f m\u00fc\u015fk\u00fcl\u00fcn\u00fc kiml\u0259 m\u00fczakir\u0259 etsinl\u0259r? Minsk qrupu var, Moskva yerind\u0259, Paris v\u0259 Va\u015finqton da m\u00fc\u015fk\u00fcl\u00fcn h\u0259llin\u0259 maraq g\u00f6st\u0259rirl\u0259r, di g\u0259l n\u0259 Erm\u0259nistan, n\u0259 d\u0259 Qaraba\u011f yoxdur. Bax, bel\u0259-bel\u0259 i\u015fl\u0259r. \u018fg\u0259r Erm\u0259nistan\u0131n sabiq prezidentin\u0259 inansaq.\n<\/p>\n<p>\n  Onu ba\u011f\u0131\u015flamaq olarm\u0131? Zavall\u0131 n\u0259 etsin? Sovet m\u0259kt\u0259bind\u0259 oxuyub. Ona orada hesab \u00f6yr\u0259dibl\u0259r, vur-\u00e7\u0131x\u0131 bilir. Bax\u0131r g\u00f6r\u00fcr ki, Erm\u0259nistandan ild\u0259 45-50 min adam k\u00f6\u00e7\u00fcb gedir xaric\u0259. Bilir ki, \u00f6lk\u0259d\u0259 1,5 milyon adam qal\u0131b. 50 mini vurur on il\u0259, g\u00f6r\u00fcr ki, 500\u00a0000 min edir. \u00c7\u0131x\u0131r 1,5 milyondan yar\u0131m milyonu, g\u00f6r\u00fcr ki, on ild\u0259n sonra Erm\u0259nistanda 1\u00a0000\u00a0000 adam qalacaq. Bilir ki, Rusiya Qaraba\u011f m\u00fc\u015fk\u00fcl\u00fcn\u00fcn h\u0259llin\u0259 icaz\u0259 verm\u0259y\u0259c\u0259k v\u0259 hadis\u0259l\u0259r k\u00f6hn\u0259 minvalla davam ed\u0259c\u0259k. Yen\u0259 on il ke\u00e7\u0259nd\u0259n sonra Erm\u0259nistanda 0,5 milyon adam qalacaq. Yen\u0259 m\u00fc\u015fk\u00fcl h\u0259llini tapmayacaq v\u0259 bel\u0259likl\u0259, h\u0259min o yar\u0131m milyon erm\u0259ni d\u0259 \u00f6lk\u0259d\u0259n k\u00f6\u00e7\u0259nd\u0259n sonra 30 ild\u0259n sonra \u00f6lk\u0259d\u0259 qalan iki erm\u0259ni son Q\u0259l\u0259b\u0259 bayram\u0131n\u0131 bel\u0259 qeyd ed\u0259c\u0259kl\u0259r: biri \u015eu\u015fan\u0131n az\u0259rbaycanl\u0131lardan azad edilm\u0259si m\u00fcnasib\u0259til\u0259 q\u0259l\u0259b\u0259 parad\u0131n\u0131 q\u0259bul ed\u0259c\u0259k, ikincisi paradda h\u0259rbi paltarda v\u0259 Kala\u015fnikov avtomat\u0131 sin\u0259sind\u0259 add\u0131mlayacaq. Paraddan sonra onlar i\u015f\u0131\u011f\u0131 ke\u00e7irib xaric\u0259, \u00e7ox g\u00fcman ki, Rusiyaya k\u00f6\u00e7\u0259c\u0259kl\u0259r.\n<\/p>\n<p>\n  Amma bu da sual alt\u0131ndad\u0131r. Bilinmir, Rusiya qalacaq o vaxta q\u0259d\u0259r, ya yox. Rus aliml\u0259ri \u00f6lk\u0259nin da\u011f\u0131lma tarixini \u015f\u0131d\u0131r\u011f\u0131 m\u00fczakir\u0259 edirl\u0259r. Nikbinl\u0259r deyir ki, Rusiya vahid d\u00f6vl\u0259t kimi 2030-cu il\u0259 kim\u0259 qala bil\u0259r. Y\u0259ni \u015fans\u0131 var. B\u0259dbinl\u0259r deyir ki, he\u00e7 el\u0259 \u015fey yoxdur, s\u00fcqut a\u011fz\u0131m\u0131z\u0131n i\u00e7ind\u0259dir, \u00fc\u00e7-d\u00f6rd ild\u0259n sonra \u00f6lk\u0259 be\u015f-alt\u0131 hiss\u0259y\u0259 par\u00e7alanacaq. F\u0259q\u0259t erm\u0259nil\u0259r\u0259 n\u0259 var e? Rusiya ist\u0259r vahid d\u00f6vl\u0259t olsun, ist\u0259r be\u015f d\u00f6vl\u0259t, erm\u0259nil\u0259r\u0259 o boyda \u0259razid\u0259 h\u0259mi\u015f\u0259 yer tap\u0131lar.\n<\/p>\n<p>\n  Burada bir sual yaran\u0131r: b\u0259s Az\u0259rbaycan n\u0259 ed\u0259 bil\u0259r v\u0259 n\u0259 etm\u0259lidir? D\u0259y\u0259rli oxucumun diqq\u0259tin\u0259 \u0259rz edim ki, Az\u0259rbaycan cox \u015fey ed\u0259 bil\u0259rdi, lakin indiy\u0259 kimi etm\u0259yib, zira bunun \u00fc\u00e7\u00fcn h\u0259m z\u0259ka laz\u0131md\u0131r, h\u0259m d\u0259 z\u0259kan\u0131n V\u0259t\u0259nin xidm\u0259tin\u0259 y\u00f6n\u0259ldilm\u0259si. N\u0259 o, n\u0259 d\u0259 bu, Qaraba\u011fa y\u00f6n\u0259li siyas\u0259timizd\u0259 m\u00fc\u015fahid\u0259 edilmir. Lakin nec\u0259 d\u0259 olsa, m\u00fc\u015fk\u00fcl durur, h\u00fcquqi m\u00fcst\u0259vid\u0259 onun h\u0259lli tap\u0131lmay\u0131b v\u0259 imkanlar tam t\u00fck\u0259nm\u0259yib. Az\u0259rbaycan iki \u015fey ed\u0259 bil\u0259r. Ya indiy\u0259 q\u0259d\u0259r etdiyi kimi, he\u00e7 n\u0259 etm\u0259d\u0259n Laz\u0131m\u0131n g\u0259lm\u0259sini g\u00f6zl\u0259sin, g\u00f6zl\u0259sin, g\u00f6zl\u0259sin, ta ki, c\u0259nab Ter-Petrosyan\u0131n dediyi v\u0259d\u0259 g\u0259lib \u00e7ats\u0131n, ya da&#8230; yen\u0259 he\u00e7 n\u0259 etm\u0259sin. Zira bu hakimiyy\u0259tin n\u0259 is\u0259 ed\u0259 bilm\u0259sin\u0259 (xahi\u015f edir\u0259m beyn\u0259lxalq yar\u0131\u015flar\u0131 v\u0259 konsertl\u0259ri istisna ed\u0259siniz) he\u00e7 bir \u00fcmid yoxdur.\n<\/p>\n<p>\n  N\u0259yin\u0259 d\u0259 laz\u0131md\u0131r? Pul g\u0259lir? G\u0259lir. Mill\u0259t ita\u0259t edir? Edir. D\u00fcnya bunu q\u0259bul edir? Edir. Min b\u0259r\u0259k\u0259t&#8230;\n<\/p>\n<p>\n  <i><br \/>\n    <b><br \/>\n      Yaz\u0131 m\u00fc\u0259llifin fikirl\u0259rini \u0259ks etdirir v\u0259 Meydan TV-nin m\u00f6vqeyi il\u0259 \u00fcst-\u00fcst\u0259 d\u00fc\u015fm\u0259y\u0259 bil\u0259r.<br \/>\n    <\/b><br \/>\n  <\/i><\/p>\n","protected":false},"excerpt":{"rendered":"<p>D\u00fcnya siyas\u0259ti maraqlar namin\u0259 amans\u0131z m\u00fcbariz\u0259 meydan\u0131d\u0131r.<\/p>\n","protected":false},"author":11,"featured_media":81375,"comment_status":"closed","ping_status":"open","sticky":false,"template":"","format":"standard","meta":{"_acf_changed":false,"_sitemap_exclude":false,"_sitemap_priority":"","_sitemap_frequency":"","footnotes":""},"categories":[57],"tags":[],"class_list":["post-183600","post","type-post","status-publish","format-standard","has-post-thumbnail","hentry","category-menim-fikrimce","infinite-scroll-item","generate-columns","tablet-grid-50","mobile-grid-100","grid-parent","grid-33","no-featured-image-padding"],"acf":[],"yoast_head":"<!-- This site is optimized with the Yoast SEO plugin v27.5 - https:\/\/yoast.com\/product\/yoast-seo-wordpress\/ -->\n<title>EY DELE-QAF\u0130L! - MEYDAN.TV<\/title>\n<meta name=\"robots\" content=\"index, follow, max-snippet:-1, max-image-preview:large, max-video-preview:-1\" \/>\n<link rel=\"canonical\" href=\"https:\/\/www.meydan.tv\/az\/article\/ey-dele-qafil\/\" \/>\n<meta property=\"og:locale\" content=\"az_AZ\" \/>\n<meta property=\"og:type\" content=\"article\" \/>\n<meta property=\"og:title\" content=\"EY DELE-QAF\u0130L! - MEYDAN.TV\" \/>\n<meta property=\"og:description\" content=\"D\u00fcnya siyas\u0259ti maraqlar namin\u0259 amans\u0131z m\u00fcbariz\u0259 meydan\u0131d\u0131r.\" \/>\n<meta property=\"og:url\" content=\"https:\/\/www.meydan.tv\/az\/article\/ey-dele-qafil\/\" \/>\n<meta property=\"og:site_name\" content=\"MEYDAN.TV\" \/>\n<meta property=\"article:published_time\" content=\"2017-04-10T15:16:07+00:00\" \/>\n<meta property=\"og:image\" content=\"https:\/\/www.meydan.tv\/wp-content\/uploads\/31837-1095x821.png\" \/>\n\t<meta property=\"og:image:width\" content=\"1095\" \/>\n\t<meta property=\"og:image:height\" content=\"821\" \/>\n\t<meta property=\"og:image:type\" content=\"image\/png\" \/>\n<meta name=\"author\" content=\"user-manager\" \/>\n<meta name=\"twitter:card\" content=\"summary_large_image\" \/>\n<script type=\"application\/ld+json\" class=\"yoast-schema-graph\">{\"@context\":\"https:\\\/\\\/schema.org\",\"@graph\":[{\"@type\":\"Article\",\"@id\":\"https:\\\/\\\/www.meydan.tv\\\/az\\\/article\\\/ey-dele-qafil\\\/#article\",\"isPartOf\":{\"@id\":\"https:\\\/\\\/www.meydan.tv\\\/az\\\/article\\\/ey-dele-qafil\\\/\"},\"author\":{\"name\":\"user-manager\",\"@id\":\"https:\\\/\\\/www.meydan.tv\\\/az\\\/#\\\/schema\\\/person\\\/10d11eccf6da3662cf5fdab9806ea91a\"},\"headline\":\"EY DELE-QAF\u0130L!\",\"datePublished\":\"2017-04-10T15:16:07+00:00\",\"mainEntityOfPage\":{\"@id\":\"https:\\\/\\\/www.meydan.tv\\\/az\\\/article\\\/ey-dele-qafil\\\/\"},\"wordCount\":1293,\"publisher\":{\"@id\":\"https:\\\/\\\/www.meydan.tv\\\/az\\\/#organization\"},\"image\":{\"@id\":\"https:\\\/\\\/www.meydan.tv\\\/az\\\/article\\\/ey-dele-qafil\\\/#primaryimage\"},\"thumbnailUrl\":\"https:\\\/\\\/www.meydan.tv\\\/wp-content\\\/uploads\\\/31837.png\",\"articleSection\":[\"M\u0259nim Fikrimc\u0259\"],\"inLanguage\":\"az\"},{\"@type\":\"WebPage\",\"@id\":\"https:\\\/\\\/www.meydan.tv\\\/az\\\/article\\\/ey-dele-qafil\\\/\",\"url\":\"https:\\\/\\\/www.meydan.tv\\\/az\\\/article\\\/ey-dele-qafil\\\/\",\"name\":\"EY DELE-QAF\u0130L! - MEYDAN.TV\",\"isPartOf\":{\"@id\":\"https:\\\/\\\/www.meydan.tv\\\/az\\\/#website\"},\"primaryImageOfPage\":{\"@id\":\"https:\\\/\\\/www.meydan.tv\\\/az\\\/article\\\/ey-dele-qafil\\\/#primaryimage\"},\"image\":{\"@id\":\"https:\\\/\\\/www.meydan.tv\\\/az\\\/article\\\/ey-dele-qafil\\\/#primaryimage\"},\"thumbnailUrl\":\"https:\\\/\\\/www.meydan.tv\\\/wp-content\\\/uploads\\\/31837.png\",\"datePublished\":\"2017-04-10T15:16:07+00:00\",\"breadcrumb\":{\"@id\":\"https:\\\/\\\/www.meydan.tv\\\/az\\\/article\\\/ey-dele-qafil\\\/#breadcrumb\"},\"inLanguage\":\"az\",\"potentialAction\":[{\"@type\":\"ReadAction\",\"target\":[\"https:\\\/\\\/www.meydan.tv\\\/az\\\/article\\\/ey-dele-qafil\\\/\"]}]},{\"@type\":\"ImageObject\",\"inLanguage\":\"az\",\"@id\":\"https:\\\/\\\/www.meydan.tv\\\/az\\\/article\\\/ey-dele-qafil\\\/#primaryimage\",\"url\":\"https:\\\/\\\/www.meydan.tv\\\/wp-content\\\/uploads\\\/31837.png\",\"contentUrl\":\"https:\\\/\\\/www.meydan.tv\\\/wp-content\\\/uploads\\\/31837.png\",\"width\":2732,\"height\":2048,\"caption\":\"Source:\"},{\"@type\":\"BreadcrumbList\",\"@id\":\"https:\\\/\\\/www.meydan.tv\\\/az\\\/article\\\/ey-dele-qafil\\\/#breadcrumb\",\"itemListElement\":[{\"@type\":\"ListItem\",\"position\":1,\"name\":\"Ana s\u0259hif\u0259\",\"item\":\"https:\\\/\\\/www.meydan.tv\\\/az\\\/\"},{\"@type\":\"ListItem\",\"position\":2,\"name\":\"M\u0259nim Fikrimc\u0259\",\"item\":\"https:\\\/\\\/www.meydan.tv\\\/az\\\/section\\\/menim-fikrimce\\\/\"},{\"@type\":\"ListItem\",\"position\":3,\"name\":\"EY DELE-QAF\u0130L!\"}]},{\"@type\":\"WebSite\",\"@id\":\"https:\\\/\\\/www.meydan.tv\\\/az\\\/#website\",\"url\":\"https:\\\/\\\/www.meydan.tv\\\/az\\\/\",\"name\":\"MEYDAN.TV\",\"description\":\"Meydan TV Az\u0259rbaycan\u0131n media m\u0259kan\u0131ndak\u0131 alternativ s\u0259sidir\",\"publisher\":{\"@id\":\"https:\\\/\\\/www.meydan.tv\\\/az\\\/#organization\"},\"potentialAction\":[{\"@type\":\"SearchAction\",\"target\":{\"@type\":\"EntryPoint\",\"urlTemplate\":\"https:\\\/\\\/www.meydan.tv\\\/az\\\/?s={search_term_string}\"},\"query-input\":{\"@type\":\"PropertyValueSpecification\",\"valueRequired\":true,\"valueName\":\"search_term_string\"}}],\"inLanguage\":\"az\"},{\"@type\":\"Organization\",\"@id\":\"https:\\\/\\\/www.meydan.tv\\\/az\\\/#organization\",\"name\":\"Meydan TV\",\"url\":\"https:\\\/\\\/www.meydan.tv\\\/az\\\/\",\"logo\":{\"@type\":\"ImageObject\",\"inLanguage\":\"az\",\"@id\":\"https:\\\/\\\/www.meydan.tv\\\/az\\\/#\\\/schema\\\/logo\\\/image\\\/\",\"url\":\"https:\\\/\\\/www.meydan.tv\\\/wp-content\\\/uploads\\\/2021\\\/07\\\/meydan-logo.svg\",\"contentUrl\":\"https:\\\/\\\/www.meydan.tv\\\/wp-content\\\/uploads\\\/2021\\\/07\\\/meydan-logo.svg\",\"width\":195,\"height\":46,\"caption\":\"Meydan TV\"},\"image\":{\"@id\":\"https:\\\/\\\/www.meydan.tv\\\/az\\\/#\\\/schema\\\/logo\\\/image\\\/\"}},{\"@type\":\"Person\",\"@id\":\"https:\\\/\\\/www.meydan.tv\\\/az\\\/#\\\/schema\\\/person\\\/10d11eccf6da3662cf5fdab9806ea91a\",\"name\":\"user-manager\"}]}<\/script>\n<!-- \/ Yoast SEO plugin. -->","yoast_head_json":{"title":"EY DELE-QAF\u0130L! - MEYDAN.TV","robots":{"index":"index","follow":"follow","max-snippet":"max-snippet:-1","max-image-preview":"max-image-preview:large","max-video-preview":"max-video-preview:-1"},"canonical":"https:\/\/www.meydan.tv\/az\/article\/ey-dele-qafil\/","og_locale":"az_AZ","og_type":"article","og_title":"EY DELE-QAF\u0130L! - MEYDAN.TV","og_description":"D\u00fcnya siyas\u0259ti maraqlar namin\u0259 amans\u0131z m\u00fcbariz\u0259 meydan\u0131d\u0131r.","og_url":"https:\/\/www.meydan.tv\/az\/article\/ey-dele-qafil\/","og_site_name":"MEYDAN.TV","article_published_time":"2017-04-10T15:16:07+00:00","og_image":[{"width":1095,"height":821,"url":"https:\/\/www.meydan.tv\/wp-content\/uploads\/31837-1095x821.png","type":"image\/png"}],"author":"user-manager","twitter_card":"summary_large_image","schema":{"@context":"https:\/\/schema.org","@graph":[{"@type":"Article","@id":"https:\/\/www.meydan.tv\/az\/article\/ey-dele-qafil\/#article","isPartOf":{"@id":"https:\/\/www.meydan.tv\/az\/article\/ey-dele-qafil\/"},"author":{"name":"user-manager","@id":"https:\/\/www.meydan.tv\/az\/#\/schema\/person\/10d11eccf6da3662cf5fdab9806ea91a"},"headline":"EY DELE-QAF\u0130L!","datePublished":"2017-04-10T15:16:07+00:00","mainEntityOfPage":{"@id":"https:\/\/www.meydan.tv\/az\/article\/ey-dele-qafil\/"},"wordCount":1293,"publisher":{"@id":"https:\/\/www.meydan.tv\/az\/#organization"},"image":{"@id":"https:\/\/www.meydan.tv\/az\/article\/ey-dele-qafil\/#primaryimage"},"thumbnailUrl":"https:\/\/www.meydan.tv\/wp-content\/uploads\/31837.png","articleSection":["M\u0259nim Fikrimc\u0259"],"inLanguage":"az"},{"@type":"WebPage","@id":"https:\/\/www.meydan.tv\/az\/article\/ey-dele-qafil\/","url":"https:\/\/www.meydan.tv\/az\/article\/ey-dele-qafil\/","name":"EY DELE-QAF\u0130L! - MEYDAN.TV","isPartOf":{"@id":"https:\/\/www.meydan.tv\/az\/#website"},"primaryImageOfPage":{"@id":"https:\/\/www.meydan.tv\/az\/article\/ey-dele-qafil\/#primaryimage"},"image":{"@id":"https:\/\/www.meydan.tv\/az\/article\/ey-dele-qafil\/#primaryimage"},"thumbnailUrl":"https:\/\/www.meydan.tv\/wp-content\/uploads\/31837.png","datePublished":"2017-04-10T15:16:07+00:00","breadcrumb":{"@id":"https:\/\/www.meydan.tv\/az\/article\/ey-dele-qafil\/#breadcrumb"},"inLanguage":"az","potentialAction":[{"@type":"ReadAction","target":["https:\/\/www.meydan.tv\/az\/article\/ey-dele-qafil\/"]}]},{"@type":"ImageObject","inLanguage":"az","@id":"https:\/\/www.meydan.tv\/az\/article\/ey-dele-qafil\/#primaryimage","url":"https:\/\/www.meydan.tv\/wp-content\/uploads\/31837.png","contentUrl":"https:\/\/www.meydan.tv\/wp-content\/uploads\/31837.png","width":2732,"height":2048,"caption":"Source:"},{"@type":"BreadcrumbList","@id":"https:\/\/www.meydan.tv\/az\/article\/ey-dele-qafil\/#breadcrumb","itemListElement":[{"@type":"ListItem","position":1,"name":"Ana s\u0259hif\u0259","item":"https:\/\/www.meydan.tv\/az\/"},{"@type":"ListItem","position":2,"name":"M\u0259nim Fikrimc\u0259","item":"https:\/\/www.meydan.tv\/az\/section\/menim-fikrimce\/"},{"@type":"ListItem","position":3,"name":"EY DELE-QAF\u0130L!"}]},{"@type":"WebSite","@id":"https:\/\/www.meydan.tv\/az\/#website","url":"https:\/\/www.meydan.tv\/az\/","name":"MEYDAN.TV","description":"Meydan TV Az\u0259rbaycan\u0131n media m\u0259kan\u0131ndak\u0131 alternativ s\u0259sidir","publisher":{"@id":"https:\/\/www.meydan.tv\/az\/#organization"},"potentialAction":[{"@type":"SearchAction","target":{"@type":"EntryPoint","urlTemplate":"https:\/\/www.meydan.tv\/az\/?s={search_term_string}"},"query-input":{"@type":"PropertyValueSpecification","valueRequired":true,"valueName":"search_term_string"}}],"inLanguage":"az"},{"@type":"Organization","@id":"https:\/\/www.meydan.tv\/az\/#organization","name":"Meydan TV","url":"https:\/\/www.meydan.tv\/az\/","logo":{"@type":"ImageObject","inLanguage":"az","@id":"https:\/\/www.meydan.tv\/az\/#\/schema\/logo\/image\/","url":"https:\/\/www.meydan.tv\/wp-content\/uploads\/2021\/07\/meydan-logo.svg","contentUrl":"https:\/\/www.meydan.tv\/wp-content\/uploads\/2021\/07\/meydan-logo.svg","width":195,"height":46,"caption":"Meydan TV"},"image":{"@id":"https:\/\/www.meydan.tv\/az\/#\/schema\/logo\/image\/"}},{"@type":"Person","@id":"https:\/\/www.meydan.tv\/az\/#\/schema\/person\/10d11eccf6da3662cf5fdab9806ea91a","name":"user-manager"}]}},"_links":{"self":[{"href":"https:\/\/www.meydan.tv\/az\/wp-json\/wp\/v2\/posts\/183600","targetHints":{"allow":["GET"]}}],"collection":[{"href":"https:\/\/www.meydan.tv\/az\/wp-json\/wp\/v2\/posts"}],"about":[{"href":"https:\/\/www.meydan.tv\/az\/wp-json\/wp\/v2\/types\/post"}],"author":[{"embeddable":true,"href":"https:\/\/www.meydan.tv\/az\/wp-json\/wp\/v2\/users\/11"}],"replies":[{"embeddable":true,"href":"https:\/\/www.meydan.tv\/az\/wp-json\/wp\/v2\/comments?post=183600"}],"version-history":[{"count":0,"href":"https:\/\/www.meydan.tv\/az\/wp-json\/wp\/v2\/posts\/183600\/revisions"}],"wp:featuredmedia":[{"embeddable":true,"href":"https:\/\/www.meydan.tv\/az\/wp-json\/wp\/v2\/media\/81375"}],"wp:attachment":[{"href":"https:\/\/www.meydan.tv\/az\/wp-json\/wp\/v2\/media?parent=183600"}],"wp:term":[{"taxonomy":"category","embeddable":true,"href":"https:\/\/www.meydan.tv\/az\/wp-json\/wp\/v2\/categories?post=183600"},{"taxonomy":"post_tag","embeddable":true,"href":"https:\/\/www.meydan.tv\/az\/wp-json\/wp\/v2\/tags?post=183600"}],"curies":[{"name":"wp","href":"https:\/\/api.w.org\/{rel}","templated":true}]}}