{"id":183565,"date":"2017-04-07T17:29:55","date_gmt":"2017-04-07T17:29:55","guid":{"rendered":"https:\/\/www.meydan.tv\/article\/eliyev-nazarbayev-munasibetleri-yeni-seviyyede\/"},"modified":"2017-04-07T17:29:55","modified_gmt":"2017-04-07T17:29:55","slug":"eliyev-nazarbayev-munasibetleri-yeni-seviyyede","status":"publish","type":"post","link":"https:\/\/www.meydan.tv\/az\/article\/eliyev-nazarbayev-munasibetleri-yeni-seviyyede\/","title":{"rendered":"\u018fliyev-Nazarbayev  m\u00fcnasib\u0259tl\u0259ri yeni s\u0259viyy\u0259d\u0259"},"content":{"rendered":"<figure class=\"wp-block-image size-large\">\n  <img decoding=\"async\" src=\"https:\/\/www.meydan.tv\/az\/82062\/\" alt=\"\" class=\"wp-image-82062\"\/><figcaption><\/figcaption><\/figure>\n<figure class=\"wp-block-image size-large\">\n  <img decoding=\"async\" src=\"https:\/\/www.meydan.tv\/az\/82062\/\" alt=\"\" class=\"wp-image-82062\"\/><figcaption>\n    foto Az\u0259rtag<br \/>\n  <\/figcaption><\/figure>\n<p>\n  <i><br \/>\n    B\u00f6hran v\u0259ziyy\u0259tind\u0259n g\u00f6r\u00fcn\u00fcr ki, t\u0259r\u0259fl\u0259rin h\u0259r biri bu v\u0259ziyy\u0259td\u0259n \u00f6z \u00fcsullar\u0131 il\u0259 \u00e7\u0131x\u0131r<br \/>\n  <\/i>\n<\/p>\n<p>\n  Az\u0259rbaycan v\u0259 Qazax\u0131stan m\u00fcnasib\u0259tl\u0259rin yeni s\u0259viyy\u0259sin\u0259 q\u0259d\u0259m qoyur. Aprelin 3-d\u0259 prezident Nursultan Nazarbayevin Az\u0259rbaycana s\u0259f\u0259ri zaman\u0131 bu m\u00fcnasib\u0259tl\u0259rin konturlar\u0131n\u0131 m\u00fc\u0259yy\u0259n edibl\u0259r.\n<\/p>\n<p>\n  S\u0259f\u0259rin n\u0259tic\u0259l\u0259rind\u0259n g\u00f6r\u00fcnd\u00fcy\u00fc kimi, bundan sonra ikit\u0259r\u0259fli \u0259laq\u0259l\u0259ri a\u015fa\u011f\u0131dak\u0131 aspektl\u0259r \u015f\u0259rtl\u0259ndir\u0259c\u0259k:\n<\/p>\n<p>\n  <i><br \/>\n    1. \u201c\u0130p\u0259k yolu\u201d n\u0259qliyyat d\u0259hlizi,<br \/>\n  <\/i>\n<\/p>\n<p>\n  <i><br \/>\n    2. \u0130qtisadi b\u00f6hran v\u0259 \u00f6lk\u0259l\u0259rin siyasi-iqtisadi sisteminin yeni t\u0259l\u0259bl\u0259r\u0259 uy\u011fun \u015f\u0259kild\u0259 yenid\u0259n formala\u015fd\u0131r\u0131lmas\u0131,<br \/>\n  <\/i>\n<\/p>\n<p>\n  <i><br \/>\n    3. H\u0259r iki d\u00f6vl\u0259tin t\u0259hl\u00fck\u0259sizlik sisteminin g\u00fccl\u0259ndirilm\u0259si.<br \/>\n  <\/i>\n<\/p>\n<p>\n  Nazarbayevin prezident \u0130lham \u018fliyevl\u0259 g\u00f6r\u00fc\u015f\u00fcn\u00fcn n\u0259tic\u0259l\u0259ri il\u0259 ba\u011fl\u0131 K\u0130V-\u0259 verilmi\u015f r\u0259smi b\u0259yanatlarda bu m\u0259s\u0259l\u0259l\u0259r \u0259ksini tap\u0131b.\n<\/p>\n<p>\n  \u201c\u0130p\u0259k yolu\u201d \u0259slind\u0259 h\u0259m ayr\u0131-ayr\u0131l\u0131qda, h\u0259m d\u0259 ikit\u0259r\u0259fli m\u00fcnasib\u0259tl\u0259rd\u0259 h\u0259r iki \u00f6lk\u0259nin real iqtisadi lokomotivin\u0259 \u00e7evrilir. Statistika m\u0259lumatlar\u0131 v\u0259 imzalanm\u0131\u015f yeni ikit\u0259r\u0259fli sazi\u015fl\u0259r buna d\u0259lal\u0259t edir. 2016-c\u0131 ilin n\u0259tic\u0259l\u0259rin\u0259 g\u00f6r\u0259 iki \u00f6lk\u0259 aras\u0131nda ticar\u0259t d\u00f6vriyy\u0259si 150 mln. dollar t\u0259\u015fkil edib. Nazarbayevin s\u0259f\u0259ri zaman\u0131 is\u0259 t\u0259r\u0259fl\u0259r bu layih\u0259 \u00e7\u0259r\u00e7iv\u0259sind\u0259 birlikd\u0259 500 mln. dollar investisiya etm\u0259k v\u0259 2020-ci il\u0259 q\u0259d\u0259r investisiyalar\u0131 daha 500 mln. art\u0131rmaq bar\u0259d\u0259 raz\u0131l\u0131\u011fa g\u0259libl\u0259r.\n<\/p>\n<p>\n  \u018flb\u0259tt\u0259, iki prezidentin dialoqunda diqq\u0259t m\u0259rk\u0259zind\u0259 olan \u0259sas m\u0259s\u0259l\u0259 h\u0259r iki avtoritar neft d\u00f6vl\u0259tini q\u0259fild\u0259n yaxalam\u0131\u015f iqtisadi b\u00f6hran m\u00f6vzusu olub. B\u00f6hran v\u0259ziyy\u0259tind\u0259n g\u00f6r\u00fcn\u00fcr ki, t\u0259r\u0259fl\u0259rin h\u0259r biri bu v\u0259ziyy\u0259td\u0259n \u00f6z \u00fcsullar\u0131 il\u0259 \u00e7\u0131x\u0131r. Nazarbayev d\u0259, \u018fliyev d\u0259 hans\u0131sa f\u0259rdi inki\u015faf yolu v\u0259 b\u00f6hrandan \u00e7\u0131x\u0131\u015f haqq\u0131nda ekskl\u00fcziv q\u0259rarlar bar\u0259d\u0259 dan\u0131\u015f\u0131blar. \u018flb\u0259tt\u0259, bu, he\u00e7 d\u0259 bel\u0259 deyil, \u00e7\u00fcnki Az\u0259rbaycanda v\u0259 Qazax\u0131standa b\u00f6hrandan \u00e7\u0131x\u0131\u015f \u00fczr\u0259 ev tap\u015f\u0131r\u0131qlar\u0131nda Amerikan\u0131n \u201cMakkenzi\u201d konsaltinq \u015firk\u0259ti i\u015ftirak edib. Amma bir \u015fey g\u00f6z \u00f6n\u00fcnd\u0259dir ki, Qazax\u0131stan prezident respublikas\u0131n\u0131n parlament respublikas\u0131na \u00e7evrilm\u0259sini n\u0259z\u0259rd\u0259 tutan siyasi sitemin \u015fax\u0259l\u0259ndirilm\u0259si yolundan, Az\u0259rbaycan is\u0259 vitse-prezident institutlar\u0131n\u0131n t\u0259tbiqi v\u0259 h\u00f6kum\u0259tin v\u0259 parlamentin z\u0259ifl\u0259dilm\u0259si il\u0259 \u015faquli hakimiyy\u0259tin g\u00fccl\u0259ndirilm\u0259si yolundan gedib. Y\u0259ni \u018fliyev m\u0259suliyy\u0259tin hakimiyy\u0259t qollar\u0131 aras\u0131nda deyil, prezident hakimiyy\u0259tinin \u00f6z\u00fcn\u00fcn daxilind\u0259 b\u00f6l\u00fcnm\u0259si yolundan gedib.\n<\/p>\n<p>\n  Etiraf etm\u0259k laz\u0131md\u0131r ki, d\u00fcnya neft bazar\u0131nda nisb\u0259t\u0259n sabitl\u0259\u015fm\u0259 islahatlar planlar\u0131na \u0259yl\u0259yici t\u0259sir g\u00f6st\u0259rdi. Qazaxlarda bu, \u201c100 konkret add\u0131m\u201d, Az\u0259rbaycanl\u0131larda is\u0259 \u201cYol x\u0259rit\u0259si\u201ddir. Bel\u0259 bir t\u0259\u0259ss\u00fcrat yaran\u0131r ki, t\u0259r\u0259fl\u0259r \u0259trafda ba\u015f ver\u0259nl\u0259rd\u0259n m\u00fc\u0259yy\u0259n transda v\u0259 \u00e7a\u015fq\u0131nl\u0131q i\u00e7\u0259risind\u0259dirl\u0259r.\n<\/p>\n<p>\n  G\u0259l\u0259c\u0259k add\u0131mlar haqq\u0131nda fikir m\u00fcbadil\u0259si is\u0259 z\u0259ruri ola bil\u0259rdi, x\u00fcsus\u0259n, Nazarbayev kimi uzun siyasi \u00f6mr\u00fc olan t\u0259cr\u00fcb\u0259li insanla. Bak\u0131da x\u00fcsusi xidm\u0259tl\u0259r\u0259 g\u00f6r\u0259 \u201cHeyd\u0259r \u018fliyev Ordeni\u201d il\u0259 t\u0259ltif olunan Qazax\u0131stan prezidenti h\u0259qiq\u0259t\u0259n M\u00fct\u0259llibovun da, b\u00f6y\u00fck \u018fliyevin d\u0259, haz\u0131rk\u0131 prezidentin d\u0259 hakimiyy\u0259ti d\u00f6vr\u00fcnd\u0259 Az\u0259rbaycan \u00fc\u00e7\u00fcn a\u011f\u0131r g\u00fcnl\u0259rd\u0259 d\u0259f\u0259l\u0259rl\u0259 m\u0259sl\u0259h\u0259t\u00e7i v\u0259 vasit\u0259\u00e7i rolunda \u00e7\u0131x\u0131\u015f edib. Bel\u0259 m\u00fcr\u0259kk\u0259b d\u00f6vrl\u0259r\u0259 Rusiyan\u0131n G\u00fcrc\u00fcstana qar\u015f\u0131 t\u0259cav\u00fcz\u00fc \u2013 b\u00fct\u00fcn region \u00fc\u00e7\u00fcn t\u0259hl\u00fck\u0259 yaradan t\u0259cav\u00fcz n\u00fcmun\u0259 ola bil\u0259r.\n<\/p>\n<p>\n  \u0130kit\u0259r\u0259fli m\u00fcnasib\u0259tl\u0259rin haz\u0131rk\u0131 m\u0259rh\u0259l\u0259sind\u0259 Nazarbayevin bu vasit\u0259\u00e7ilik missiyas\u0131 aktuald\u0131r. Qazax\u0131stan prezidenti \u00f6z s\u0259f\u0259ri \u00e7\u0259r\u00e7iv\u0259sind\u0259 h\u0259mkar\u0131n\u0131 iki t\u0259dbir\u0259 &#8211; dem\u0259k olar ki, eyni vaxtda, bu il iyunun 8-d\u0259n 10-na q\u0259d\u0259r ke\u00e7iril\u0259c\u0259k \u201cEXPO-2017\u201d s\u0259rgisin\u0259 v\u0259 \u015eanxay \u018fm\u0259kda\u015fl\u0131q T\u0259\u015fkilat\u0131n\u0131n (\u015e\u018fT) sammitin\u0259 d\u0259v\u0259t edib. BMT-nin alternativ energetikan\u0131n inki\u015faf\u0131 \u015f\u00fcar\u0131 il\u0259 ke\u00e7iril\u0259c\u0259k \u201cEXPO-2017\u201d s\u0259rgisi geni\u015fmiqyasl\u0131 t\u0259dbir v\u0259 h\u00f6kum\u0259tl\u0259rin qeyri-formal y\u0131\u011f\u0131nca\u011f\u0131d\u0131r ki, bu da beyn\u0259lxalq maliyy\u0259 resurslar\u0131 axtar\u0131\u015f\u0131nda olan \u018fliyev \u00fc\u00e7\u00fcn maraql\u0131 g\u00f6r\u00fcn\u00fcr. Amma M\u0259rk\u0259zi Asiya \u00f6lk\u0259l\u0259ri, Rusiya v\u0259 \u00c7inin daxil oldu\u011fu \u015e\u018fT daha \u00e7ox maraq do\u011furur. \u018fliyev \u00fc\u00e7\u00fcn Nazarbayevin \u015f\u0259xsi qona\u011f\u0131 qismind\u0259 bu ziddiyy\u0259tli, amma n\u00fcfuzlu beyn\u0259lxalq qurumla yax\u0131nla\u015fmaq imkan\u0131 yaranacaq. T\u0259hl\u00fck\u0259sizlik problemi v\u0259 Erm\u0259nistanla m\u00fcnaqi\u015f\u0259 fonunda t\u0259\u015fkilat\u0131n a\u015fa\u011f\u0131dak\u0131 m\u0259qs\u0259dl\u0259ri onun \u00fc\u00e7\u00fcn maraql\u0131 ola bil\u0259r:\n<\/p>\n<p>\n  <i><br \/>\n    &#8211; terrorizm\u0259, separatizm\u0259 v\u0259 ekstremizm\u0259 qar\u015f\u0131 birg\u0259 m\u00fcbariz\u0259,<br \/>\n  <\/i>\n<\/p>\n<p>\n  <i><br \/>\n    &#8211; d\u00fcnya iqtisadiyyat\u0131na inteqrasiya zaman\u0131 yana\u015fmalar\u0131n \u0259laq\u0259l\u0259ndirilm\u0259si,<br \/>\n  <\/i>\n<\/p>\n<p>\n  <i><br \/>\n    &#8211; beyn\u0259lxalq m\u00fcnaqi\u015f\u0259l\u0259rin qar\u015f\u0131s\u0131n\u0131n al\u0131nmas\u0131nda v\u0259 onlar\u0131n dinc yolla t\u0259nziml\u0259nm\u0259sind\u0259 qar\u015f\u0131l\u0131ql\u0131 f\u0259aliyy\u0259t,<br \/>\n  <\/i>\n<\/p>\n<p>\n  <i><br \/>\n    &#8211; XXI \u0259srd\u0259 yaranacaq probleml\u0259rin h\u0259llinin birg\u0259 axtar\u0131\u015f\u0131.<br \/>\n  <\/i>\n<\/p>\n<p>\n  <i><br \/>\n    \u018flb\u0259tt\u0259, \u015e\u018fT-in ba\u015fqa m\u0259qs\u0259dl\u0259ri d\u0259 var:<br \/>\n  <\/i>\n<\/p>\n<p>\n  <i><br \/>\n    &#8211; yeni demokratik, \u0259dal\u0259tli v\u0259 s\u0259m\u0259r\u0259li siyasi v\u0259 iqtisadi beyn\u0259lxalq nizam-intizam\u0131n\u0131n qurulmas\u0131na yard\u0131m,<br \/>\n  <\/i>\n<\/p>\n<p>\n  <i><br \/>\n    &#8211; insan h\u00fcquqlar\u0131n\u0131n v\u0259 \u0259sas azadl\u0131qlar\u0131n\u0131n t\u0259min edilm\u0259sin\u0259 yard\u0131m.<br \/>\n  <\/i>\n<\/p>\n<p>\n  Amma b\u00fct\u00fcn \u015e\u018fT \u00f6lk\u0259l\u0259rinin m\u00fcasir inki\u015faf\u0131 g\u00f6st\u0259rir ki, bu m\u0259qs\u0259dl\u0259r t\u0259\u015fkilat\u0131n prioritetind\u0259 deyil. Bu is\u0259 h\u0259m d\u0259 demokratiya v\u0259 insan h\u00fcquqlar\u0131 sah\u0259sind\u0259 fikir ayr\u0131l\u0131qlar\u0131 il\u0259 \u0259laq\u0259dar Avropan\u0131n inteqrasiya qurumlar\u0131 il\u0259 m\u00fcr\u0259kk\u0259b m\u00fcnasib\u0259tl\u0259r d\u00f6vr\u00fcnd\u0259 Asiya \u0259m\u0259kda\u015fl\u0131q t\u0259\u015fkilat\u0131nda i\u015ftirak \u00fc\u00e7\u00fcn m\u00fch\u00fcm arqumentl\u0259rd\u0259n biridir.<\/p>\n","protected":false},"excerpt":{"rendered":"<p>B\u00f6hran v\u0259ziyy\u0259tind\u0259n g\u00f6r\u00fcn\u00fcr ki, t\u0259r\u0259fl\u0259rin h\u0259r biri bu v\u0259ziyy\u0259td\u0259n \u00f6z \u00fcsullar\u0131 il\u0259 \u00e7\u0131x\u0131r<\/p>\n","protected":false},"author":11,"featured_media":82062,"comment_status":"closed","ping_status":"open","sticky":false,"template":"","format":"standard","meta":{"_acf_changed":false,"_sitemap_exclude":false,"_sitemap_priority":"","_sitemap_frequency":"","footnotes":""},"categories":[51],"tags":[],"class_list":["post-183565","post","type-post","status-publish","format-standard","has-post-thumbnail","hentry","category-analitika","infinite-scroll-item","generate-columns","tablet-grid-50","mobile-grid-100","grid-parent","grid-33","no-featured-image-padding"],"acf":[],"yoast_head":"<!-- This site is optimized with the Yoast SEO plugin v27.4 - https:\/\/yoast.com\/product\/yoast-seo-wordpress\/ -->\n<title>\u018fliyev-Nazarbayev m\u00fcnasib\u0259tl\u0259ri yeni s\u0259viyy\u0259d\u0259 - MEYDAN.TV<\/title>\n<meta name=\"robots\" content=\"index, follow, max-snippet:-1, max-image-preview:large, max-video-preview:-1\" \/>\n<link rel=\"canonical\" href=\"https:\/\/www.meydan.tv\/az\/article\/eliyev-nazarbayev-munasibetleri-yeni-seviyyede\/\" \/>\n<meta property=\"og:locale\" content=\"az_AZ\" \/>\n<meta property=\"og:type\" content=\"article\" \/>\n<meta property=\"og:title\" content=\"\u018fliyev-Nazarbayev m\u00fcnasib\u0259tl\u0259ri yeni s\u0259viyy\u0259d\u0259 - MEYDAN.TV\" \/>\n<meta property=\"og:description\" content=\"B\u00f6hran v\u0259ziyy\u0259tind\u0259n g\u00f6r\u00fcn\u00fcr ki, t\u0259r\u0259fl\u0259rin h\u0259r biri bu v\u0259ziyy\u0259td\u0259n \u00f6z \u00fcsullar\u0131 il\u0259 \u00e7\u0131x\u0131r\" \/>\n<meta property=\"og:url\" content=\"https:\/\/www.meydan.tv\/az\/article\/eliyev-nazarbayev-munasibetleri-yeni-seviyyede\/\" \/>\n<meta property=\"og:site_name\" content=\"MEYDAN.TV\" \/>\n<meta property=\"article:published_time\" content=\"2017-04-07T17:29:55+00:00\" \/>\n<meta property=\"og:image\" content=\"https:\/\/www.meydan.tv\/wp-content\/uploads\/32135.jpg\" \/>\n\t<meta property=\"og:image:width\" content=\"637\" \/>\n\t<meta property=\"og:image:height\" content=\"400\" \/>\n\t<meta property=\"og:image:type\" content=\"image\/jpeg\" \/>\n<meta name=\"author\" content=\"user-manager\" \/>\n<meta name=\"twitter:card\" content=\"summary_large_image\" \/>\n<script type=\"application\/ld+json\" class=\"yoast-schema-graph\">{\"@context\":\"https:\\\/\\\/schema.org\",\"@graph\":[{\"@type\":\"Article\",\"@id\":\"https:\\\/\\\/www.meydan.tv\\\/az\\\/article\\\/eliyev-nazarbayev-munasibetleri-yeni-seviyyede\\\/#article\",\"isPartOf\":{\"@id\":\"https:\\\/\\\/www.meydan.tv\\\/az\\\/article\\\/eliyev-nazarbayev-munasibetleri-yeni-seviyyede\\\/\"},\"author\":{\"name\":\"user-manager\",\"@id\":\"https:\\\/\\\/www.meydan.tv\\\/az\\\/#\\\/schema\\\/person\\\/10d11eccf6da3662cf5fdab9806ea91a\"},\"headline\":\"\u018fliyev-Nazarbayev m\u00fcnasib\u0259tl\u0259ri yeni s\u0259viyy\u0259d\u0259\",\"datePublished\":\"2017-04-07T17:29:55+00:00\",\"mainEntityOfPage\":{\"@id\":\"https:\\\/\\\/www.meydan.tv\\\/az\\\/article\\\/eliyev-nazarbayev-munasibetleri-yeni-seviyyede\\\/\"},\"wordCount\":1079,\"publisher\":{\"@id\":\"https:\\\/\\\/www.meydan.tv\\\/az\\\/#organization\"},\"image\":{\"@id\":\"https:\\\/\\\/www.meydan.tv\\\/az\\\/article\\\/eliyev-nazarbayev-munasibetleri-yeni-seviyyede\\\/#primaryimage\"},\"thumbnailUrl\":\"https:\\\/\\\/www.meydan.tv\\\/wp-content\\\/uploads\\\/32135.jpg\",\"articleSection\":[\"Analitika\"],\"inLanguage\":\"az\"},{\"@type\":\"WebPage\",\"@id\":\"https:\\\/\\\/www.meydan.tv\\\/az\\\/article\\\/eliyev-nazarbayev-munasibetleri-yeni-seviyyede\\\/\",\"url\":\"https:\\\/\\\/www.meydan.tv\\\/az\\\/article\\\/eliyev-nazarbayev-munasibetleri-yeni-seviyyede\\\/\",\"name\":\"\u018fliyev-Nazarbayev m\u00fcnasib\u0259tl\u0259ri yeni s\u0259viyy\u0259d\u0259 - MEYDAN.TV\",\"isPartOf\":{\"@id\":\"https:\\\/\\\/www.meydan.tv\\\/az\\\/#website\"},\"primaryImageOfPage\":{\"@id\":\"https:\\\/\\\/www.meydan.tv\\\/az\\\/article\\\/eliyev-nazarbayev-munasibetleri-yeni-seviyyede\\\/#primaryimage\"},\"image\":{\"@id\":\"https:\\\/\\\/www.meydan.tv\\\/az\\\/article\\\/eliyev-nazarbayev-munasibetleri-yeni-seviyyede\\\/#primaryimage\"},\"thumbnailUrl\":\"https:\\\/\\\/www.meydan.tv\\\/wp-content\\\/uploads\\\/32135.jpg\",\"datePublished\":\"2017-04-07T17:29:55+00:00\",\"breadcrumb\":{\"@id\":\"https:\\\/\\\/www.meydan.tv\\\/az\\\/article\\\/eliyev-nazarbayev-munasibetleri-yeni-seviyyede\\\/#breadcrumb\"},\"inLanguage\":\"az\",\"potentialAction\":[{\"@type\":\"ReadAction\",\"target\":[\"https:\\\/\\\/www.meydan.tv\\\/az\\\/article\\\/eliyev-nazarbayev-munasibetleri-yeni-seviyyede\\\/\"]}]},{\"@type\":\"ImageObject\",\"inLanguage\":\"az\",\"@id\":\"https:\\\/\\\/www.meydan.tv\\\/az\\\/article\\\/eliyev-nazarbayev-munasibetleri-yeni-seviyyede\\\/#primaryimage\",\"url\":\"https:\\\/\\\/www.meydan.tv\\\/wp-content\\\/uploads\\\/32135.jpg\",\"contentUrl\":\"https:\\\/\\\/www.meydan.tv\\\/wp-content\\\/uploads\\\/32135.jpg\",\"width\":637,\"height\":400,\"caption\":\"Source:\"},{\"@type\":\"BreadcrumbList\",\"@id\":\"https:\\\/\\\/www.meydan.tv\\\/az\\\/article\\\/eliyev-nazarbayev-munasibetleri-yeni-seviyyede\\\/#breadcrumb\",\"itemListElement\":[{\"@type\":\"ListItem\",\"position\":1,\"name\":\"Ana s\u0259hif\u0259\",\"item\":\"https:\\\/\\\/www.meydan.tv\\\/az\\\/\"},{\"@type\":\"ListItem\",\"position\":2,\"name\":\"Analitika\",\"item\":\"https:\\\/\\\/www.meydan.tv\\\/az\\\/section\\\/analitika\\\/\"},{\"@type\":\"ListItem\",\"position\":3,\"name\":\"\u018fliyev-Nazarbayev m\u00fcnasib\u0259tl\u0259ri yeni s\u0259viyy\u0259d\u0259\"}]},{\"@type\":\"WebSite\",\"@id\":\"https:\\\/\\\/www.meydan.tv\\\/az\\\/#website\",\"url\":\"https:\\\/\\\/www.meydan.tv\\\/az\\\/\",\"name\":\"MEYDAN.TV\",\"description\":\"Meydan TV Az\u0259rbaycan\u0131n media m\u0259kan\u0131ndak\u0131 alternativ s\u0259sidir\",\"publisher\":{\"@id\":\"https:\\\/\\\/www.meydan.tv\\\/az\\\/#organization\"},\"potentialAction\":[{\"@type\":\"SearchAction\",\"target\":{\"@type\":\"EntryPoint\",\"urlTemplate\":\"https:\\\/\\\/www.meydan.tv\\\/az\\\/?s={search_term_string}\"},\"query-input\":{\"@type\":\"PropertyValueSpecification\",\"valueRequired\":true,\"valueName\":\"search_term_string\"}}],\"inLanguage\":\"az\"},{\"@type\":\"Organization\",\"@id\":\"https:\\\/\\\/www.meydan.tv\\\/az\\\/#organization\",\"name\":\"Meydan TV\",\"url\":\"https:\\\/\\\/www.meydan.tv\\\/az\\\/\",\"logo\":{\"@type\":\"ImageObject\",\"inLanguage\":\"az\",\"@id\":\"https:\\\/\\\/www.meydan.tv\\\/az\\\/#\\\/schema\\\/logo\\\/image\\\/\",\"url\":\"https:\\\/\\\/www.meydan.tv\\\/wp-content\\\/uploads\\\/2021\\\/07\\\/meydan-logo.svg\",\"contentUrl\":\"https:\\\/\\\/www.meydan.tv\\\/wp-content\\\/uploads\\\/2021\\\/07\\\/meydan-logo.svg\",\"width\":195,\"height\":46,\"caption\":\"Meydan TV\"},\"image\":{\"@id\":\"https:\\\/\\\/www.meydan.tv\\\/az\\\/#\\\/schema\\\/logo\\\/image\\\/\"}},{\"@type\":\"Person\",\"@id\":\"https:\\\/\\\/www.meydan.tv\\\/az\\\/#\\\/schema\\\/person\\\/10d11eccf6da3662cf5fdab9806ea91a\",\"name\":\"user-manager\"}]}<\/script>\n<!-- \/ Yoast SEO plugin. -->","yoast_head_json":{"title":"\u018fliyev-Nazarbayev m\u00fcnasib\u0259tl\u0259ri yeni s\u0259viyy\u0259d\u0259 - MEYDAN.TV","robots":{"index":"index","follow":"follow","max-snippet":"max-snippet:-1","max-image-preview":"max-image-preview:large","max-video-preview":"max-video-preview:-1"},"canonical":"https:\/\/www.meydan.tv\/az\/article\/eliyev-nazarbayev-munasibetleri-yeni-seviyyede\/","og_locale":"az_AZ","og_type":"article","og_title":"\u018fliyev-Nazarbayev m\u00fcnasib\u0259tl\u0259ri yeni s\u0259viyy\u0259d\u0259 - MEYDAN.TV","og_description":"B\u00f6hran v\u0259ziyy\u0259tind\u0259n g\u00f6r\u00fcn\u00fcr ki, t\u0259r\u0259fl\u0259rin h\u0259r biri bu v\u0259ziyy\u0259td\u0259n \u00f6z \u00fcsullar\u0131 il\u0259 \u00e7\u0131x\u0131r","og_url":"https:\/\/www.meydan.tv\/az\/article\/eliyev-nazarbayev-munasibetleri-yeni-seviyyede\/","og_site_name":"MEYDAN.TV","article_published_time":"2017-04-07T17:29:55+00:00","og_image":[{"width":637,"height":400,"url":"https:\/\/www.meydan.tv\/wp-content\/uploads\/32135.jpg","type":"image\/jpeg"}],"author":"user-manager","twitter_card":"summary_large_image","schema":{"@context":"https:\/\/schema.org","@graph":[{"@type":"Article","@id":"https:\/\/www.meydan.tv\/az\/article\/eliyev-nazarbayev-munasibetleri-yeni-seviyyede\/#article","isPartOf":{"@id":"https:\/\/www.meydan.tv\/az\/article\/eliyev-nazarbayev-munasibetleri-yeni-seviyyede\/"},"author":{"name":"user-manager","@id":"https:\/\/www.meydan.tv\/az\/#\/schema\/person\/10d11eccf6da3662cf5fdab9806ea91a"},"headline":"\u018fliyev-Nazarbayev m\u00fcnasib\u0259tl\u0259ri yeni s\u0259viyy\u0259d\u0259","datePublished":"2017-04-07T17:29:55+00:00","mainEntityOfPage":{"@id":"https:\/\/www.meydan.tv\/az\/article\/eliyev-nazarbayev-munasibetleri-yeni-seviyyede\/"},"wordCount":1079,"publisher":{"@id":"https:\/\/www.meydan.tv\/az\/#organization"},"image":{"@id":"https:\/\/www.meydan.tv\/az\/article\/eliyev-nazarbayev-munasibetleri-yeni-seviyyede\/#primaryimage"},"thumbnailUrl":"https:\/\/www.meydan.tv\/wp-content\/uploads\/32135.jpg","articleSection":["Analitika"],"inLanguage":"az"},{"@type":"WebPage","@id":"https:\/\/www.meydan.tv\/az\/article\/eliyev-nazarbayev-munasibetleri-yeni-seviyyede\/","url":"https:\/\/www.meydan.tv\/az\/article\/eliyev-nazarbayev-munasibetleri-yeni-seviyyede\/","name":"\u018fliyev-Nazarbayev m\u00fcnasib\u0259tl\u0259ri yeni s\u0259viyy\u0259d\u0259 - MEYDAN.TV","isPartOf":{"@id":"https:\/\/www.meydan.tv\/az\/#website"},"primaryImageOfPage":{"@id":"https:\/\/www.meydan.tv\/az\/article\/eliyev-nazarbayev-munasibetleri-yeni-seviyyede\/#primaryimage"},"image":{"@id":"https:\/\/www.meydan.tv\/az\/article\/eliyev-nazarbayev-munasibetleri-yeni-seviyyede\/#primaryimage"},"thumbnailUrl":"https:\/\/www.meydan.tv\/wp-content\/uploads\/32135.jpg","datePublished":"2017-04-07T17:29:55+00:00","breadcrumb":{"@id":"https:\/\/www.meydan.tv\/az\/article\/eliyev-nazarbayev-munasibetleri-yeni-seviyyede\/#breadcrumb"},"inLanguage":"az","potentialAction":[{"@type":"ReadAction","target":["https:\/\/www.meydan.tv\/az\/article\/eliyev-nazarbayev-munasibetleri-yeni-seviyyede\/"]}]},{"@type":"ImageObject","inLanguage":"az","@id":"https:\/\/www.meydan.tv\/az\/article\/eliyev-nazarbayev-munasibetleri-yeni-seviyyede\/#primaryimage","url":"https:\/\/www.meydan.tv\/wp-content\/uploads\/32135.jpg","contentUrl":"https:\/\/www.meydan.tv\/wp-content\/uploads\/32135.jpg","width":637,"height":400,"caption":"Source:"},{"@type":"BreadcrumbList","@id":"https:\/\/www.meydan.tv\/az\/article\/eliyev-nazarbayev-munasibetleri-yeni-seviyyede\/#breadcrumb","itemListElement":[{"@type":"ListItem","position":1,"name":"Ana s\u0259hif\u0259","item":"https:\/\/www.meydan.tv\/az\/"},{"@type":"ListItem","position":2,"name":"Analitika","item":"https:\/\/www.meydan.tv\/az\/section\/analitika\/"},{"@type":"ListItem","position":3,"name":"\u018fliyev-Nazarbayev m\u00fcnasib\u0259tl\u0259ri yeni s\u0259viyy\u0259d\u0259"}]},{"@type":"WebSite","@id":"https:\/\/www.meydan.tv\/az\/#website","url":"https:\/\/www.meydan.tv\/az\/","name":"MEYDAN.TV","description":"Meydan TV Az\u0259rbaycan\u0131n media m\u0259kan\u0131ndak\u0131 alternativ s\u0259sidir","publisher":{"@id":"https:\/\/www.meydan.tv\/az\/#organization"},"potentialAction":[{"@type":"SearchAction","target":{"@type":"EntryPoint","urlTemplate":"https:\/\/www.meydan.tv\/az\/?s={search_term_string}"},"query-input":{"@type":"PropertyValueSpecification","valueRequired":true,"valueName":"search_term_string"}}],"inLanguage":"az"},{"@type":"Organization","@id":"https:\/\/www.meydan.tv\/az\/#organization","name":"Meydan TV","url":"https:\/\/www.meydan.tv\/az\/","logo":{"@type":"ImageObject","inLanguage":"az","@id":"https:\/\/www.meydan.tv\/az\/#\/schema\/logo\/image\/","url":"https:\/\/www.meydan.tv\/wp-content\/uploads\/2021\/07\/meydan-logo.svg","contentUrl":"https:\/\/www.meydan.tv\/wp-content\/uploads\/2021\/07\/meydan-logo.svg","width":195,"height":46,"caption":"Meydan TV"},"image":{"@id":"https:\/\/www.meydan.tv\/az\/#\/schema\/logo\/image\/"}},{"@type":"Person","@id":"https:\/\/www.meydan.tv\/az\/#\/schema\/person\/10d11eccf6da3662cf5fdab9806ea91a","name":"user-manager"}]}},"_links":{"self":[{"href":"https:\/\/www.meydan.tv\/az\/wp-json\/wp\/v2\/posts\/183565","targetHints":{"allow":["GET"]}}],"collection":[{"href":"https:\/\/www.meydan.tv\/az\/wp-json\/wp\/v2\/posts"}],"about":[{"href":"https:\/\/www.meydan.tv\/az\/wp-json\/wp\/v2\/types\/post"}],"author":[{"embeddable":true,"href":"https:\/\/www.meydan.tv\/az\/wp-json\/wp\/v2\/users\/11"}],"replies":[{"embeddable":true,"href":"https:\/\/www.meydan.tv\/az\/wp-json\/wp\/v2\/comments?post=183565"}],"version-history":[{"count":0,"href":"https:\/\/www.meydan.tv\/az\/wp-json\/wp\/v2\/posts\/183565\/revisions"}],"wp:featuredmedia":[{"embeddable":true,"href":"https:\/\/www.meydan.tv\/az\/wp-json\/wp\/v2\/media\/82062"}],"wp:attachment":[{"href":"https:\/\/www.meydan.tv\/az\/wp-json\/wp\/v2\/media?parent=183565"}],"wp:term":[{"taxonomy":"category","embeddable":true,"href":"https:\/\/www.meydan.tv\/az\/wp-json\/wp\/v2\/categories?post=183565"},{"taxonomy":"post_tag","embeddable":true,"href":"https:\/\/www.meydan.tv\/az\/wp-json\/wp\/v2\/tags?post=183565"}],"curies":[{"name":"wp","href":"https:\/\/api.w.org\/{rel}","templated":true}]}}