{"id":183564,"date":"2017-04-07T17:25:19","date_gmt":"2017-04-07T17:25:19","guid":{"rendered":"https:\/\/www.meydan.tv\/article\/xosbextsen\/"},"modified":"2017-04-07T17:25:19","modified_gmt":"2017-04-07T17:25:19","slug":"xosbextsen","status":"publish","type":"post","link":"https:\/\/www.meydan.tv\/az\/article\/xosbextsen\/","title":{"rendered":"Xo\u015fb\u0259xts\u0259n?"},"content":{"rendered":"<p>\n  Son d\u00f6vrl\u0259r v\u0259h\u015filikl\u0259rin, x\u0259yan\u0259tl\u0259rin, intiharlar\u0131n v\u0259 \u00fcmumilikd\u0259 neqativ hadis\u0259l\u0259rin say\u0131 k\u0259skin s\u00fcr\u0259td\u0259 art\u0131b.\n<\/p>\n<p>\n  Sosial \u015f\u0259b\u0259k\u0259l\u0259rd\u0259ki ana s\u0259hif\u0259y\u0259 5 d\u0259qiq\u0259 daxil olub, baxmaq kifay\u0259tdir ki, probleml\u0259rl\u0259 dolu informasiyalar\u0131n m\u0259nfi y\u00fckl\u00fc dal\u011fas\u0131 ekrandan adam\u0131n \u00fcz\u00fcn\u0259 vursun.\n<\/p>\n<p>\n  \u00d6lk\u0259mizd\u0259ki indiki \u015f\u0259raiti Avropadak\u0131 20-ci \u0259srin \u0259vv\u0259lind\u0259ki m\u00fcharib\u0259nin astanas\u0131ndak\u0131 v\u0259ziyy\u0259t\u0259 b\u0259nz\u0259dir\u0259m. Bizim xalq da indi bir vaxt avropal\u0131lar\u0131n ke\u00e7irdiyi a\u011f\u0131r depressiya ill\u0259rini ya\u015fay\u0131r. Camaat\u0131n \u00e7oxunun \u00fcz\u00fcnd\u0259ki ifad\u0259l\u0259ri, onlar\u0131n ovqatlar\u0131, hadis\u0259l\u0259r\u0259 reaksiyalar\u0131 m\u0259n\u0259 alman yaz\u0131\u00e7\u0131s\u0131 Remark\u0131n \u201cZ\u0259f\u0259r ta\u011f\u0131\u201d roman\u0131n\u0131 xat\u0131rlad\u0131r.<br \/>\n  <br \/>\n  \u201cZ\u0259f\u0259r ta\u011f\u0131\u201d roman\u0131nda hadis\u0259l\u0259r 1938-39 ill\u0259rd\u0259 Fransada c\u0259r\u0259yan edir. C\u0259rrah Ravik I D\u00fcnya M\u00fcharib\u0259sinin i\u015ftirak\u00e7\u0131s\u0131d\u0131r. O, II D\u00fcnya M\u00fcharib\u0259si \u0259r\u0259f\u0259sind\u0259 gestaponun \u0259lind\u0259n can\u0131n\u0131 qurtararaq Fransaya qa\u00e7\u0131r v\u0259 orada bir m\u00fcdd\u0259t \u00f6z pe\u015f\u0259si olan c\u0259rrahl\u0131qla m\u0259\u015f\u011ful olur. Daha sonra Ravik, italyan aktrisas\u0131 Joan Maduya a\u015fiq olur, bir m\u00fcdd\u0259t onunla ya\u015fay\u0131r. O, fa\u015fizm\u0259 qar\u015f\u0131 m\u00fcbariz\u0259 apar\u0131r. Bu roman bar\u0259d\u0259 m\u0259nim \u201cBizim z\u0259f\u0259r ta\u011f\u0131m\u0131z\u201d yaz\u0131m var. \u0130st\u0259s\u0259niz onu tap\u0131b, oxuya bil\u0259rsiniz.\n<\/p>\n<p>\n  Bax, bu g\u00fcn bizim \u0259traf\u0131m\u0131z m\u0259hz h\u0259min \u0259s\u0259rd\u0259ki b\u0259dbin atmosfer v\u0259 \u00fcmidsiz simalarla \u0259hat\u0259lidir. G\u00fcl\u00fcms\u0259y\u0259n \u00fczl\u0259r\u0259 indi \u00e7ox az rast g\u0259lm\u0259k olur. Bu? \u00e7ox t\u0259biidir. Probleml\u0259r \u00e7oxdur. \u0130nsanlar xo\u015fb\u0259xt deyil v\u0259 xo\u015fb\u0259xt olma\u011f\u0131n yollar\u0131n\u0131 da axtarm\u0131rlar. Bu g\u00fcn \u015f\u0259h\u0259rd\u0259 sor\u011fu ke\u00e7irs\u0259k v\u0259 bir-bir insanlara yax\u0131nla\u015f\u0131b, sual vers\u0259k ki, \u201cxo\u015fb\u0259xtsiniz?\u201d, \u0259min\u0259m ki, sor\u011fuda i\u015ftirak ed\u0259nl\u0259rin 90 faizi \u201cyox\u201d cavab\u0131n\u0131 ver\u0259c\u0259kl\u0259rl\u0259r.\n<\/p>\n<p>\n  Yuxar\u0131da qeyd etdiyim kimi, bunun b\u0259lli v\u0259 t\u0259bii s\u0259b\u0259bl\u0259ri var. \u0130ndi h\u0259min s\u0259b\u0259bl\u0259r bar\u0259d\u0259 n\u0259 yazma\u011fa, n\u0259 d\u0259 onlar\u0131 t\u0259hlil etm\u0259y\u0259 h\u0259v\u0259sim var. Bunu etm\u0259y\u0259c\u0259m. Onsuz da h\u0259r \u015fey ham\u0131ya m\u0259lumdur. Bir d\u0259 onlar\u0131 yaz\u0131b, qan qaraltmaq niyy\u0259tind\u0259 deyil\u0259m.\n<\/p>\n<p>\n  Bac\u0131m bug\u00fcnl\u0259rd\u0259 anid\u0259n m\u0259nd\u0259n soru\u015fdu ki, \u201cxo\u015fb\u0259xts\u0259n?\u201d O, sual\u0131 yar\u0131zarafat, yar\u0131ciddi \u015f\u0259kild\u0259 soru\u015fdu. Sual\u0131 g\u00fcl\u0259-g\u00fcl\u0259 verdi, sonra bird\u0259n \u00fcz\u00fcnd\u0259 ciddi ifad\u0259 yarad\u0131b, h\u0259min sual\u0131 bir d\u0259 t\u0259krarlad\u0131. Ani sualdan bir az \u00e7a\u015fq\u0131nl\u0131q ya\u015fad\u0131m v\u0259 bac\u0131m\u0131n bu sual\u0131 niy\u0259 bel\u0259 anid\u0259n verdiyini beynimd\u0259 t\u0259hlil etm\u0259y\u0259 ba\u015flad\u0131m. D\u00fc\u015f\u00fcnd\u00fcm, b\u0259lk\u0259 bac\u0131m fiziki m\u0259hdudiyy\u0259tim\u0259, onun yaratd\u0131\u011f\u0131 m\u0259hrumiyy\u0259tl\u0259r\u0259 g\u00f6r\u0259 bu sual\u0131 verdi. \u00c7a\u015fq\u0131nl\u0131\u011f\u0131m ver\u0259c\u0259yim cavab\u0131m\u0131n \u0259traf\u0131nda d\u00f6vr ed\u0259n d\u00fc\u015f\u00fcnc\u0259l\u0259rimin t\u0259r\u0259dd\u00fcd\u00fc v\u0259 ya qeyri-m\u00fc\u0259yy\u0259nliyi bar\u0259d\u0259 olmad\u0131. \u00c7\u00fcnki el\u0259 bir \u015fey yoxdur. Bu, s\u0131rf ani sual\u0131n yaratd\u0131\u011f\u0131 ki\u00e7ik \u015fok idi.\n<\/p>\n<p>\n  M\u0259n bu sual\u0131 d\u0259f\u0259l\u0259rl\u0259 \u00f6z\u00fcm\u0259 vermi\u015f\u0259m. Bu haqda \u00e7ox d\u00fc\u015f\u00fcnm\u00fc\u015f\u0259m, t\u0259f\u0259kk\u00fcr etmi\u015f\u0259m. Gec\u0259 yuxular\u0131m qa\u00e7anda, t\u0259k-t\u0259nha k\u00fc\u00e7\u0259l\u0259rd\u0259 g\u0259z\u0259nd\u0259, ictimai yerl\u0259rd\u0259, hans\u0131 ki, orda \u0259traf\u0131mda onlarla adam olanda, \u00f6z\u00fcm\u0259 sual vermi\u015f\u0259m ki, \u201cxo\u015fb\u0259xts\u0259n?\u201d Bu suala ayd\u0131n v\u0259 m\u00fc\u0259yy\u0259n cavab\u0131m\u0131 \u00e7oxdan b\u0259lli etmi\u015f\u0259m.\n<\/p>\n<p>\n  B\u0259li, m\u0259n xo\u015fb\u0259xt\u0259m! Bac\u0131ma da bu cavab\u0131 verdim.\n<\/p>\n<p>\n  Xo\u015fb\u0259xt\u0259m;\n<\/p>\n<p>\n  \u00c7\u00fcnki yaltaq deyil\u0259m. T\u0259slim olmadan, m\u00fcbariz\u0259 apar\u0131ram.<br \/>\n  <br \/>\n  \u00c7\u00fcnki x\u0131rda\u00e7\u0131l\u0131q edib, h\u0259r s\u0259hvi b\u00f6y\u00fctm\u00fcr\u0259m.<br \/>\n  <br \/>\n  \u00c7\u00fcnki insanlar\u0131n haqq\u0131na girib, qar\u011f\u0131\u015f sahibi olmuram.<br \/>\n  <br \/>\n  \u00c7\u00fcnki yax\u015f\u0131 dostlar\u0131m v\u0259 ail\u0259m var.<br \/>\n  <br \/>\n  \u00c7\u00fcnki insanlar\u0131 q\u0131nam\u0131ram, anlay\u0131ram ki, m\u00fchakim\u0259 etm\u0259m\u0259liy\u0259m.<br \/>\n  <br \/>\n  \u00c7\u00fcnki \u00f6z\u00fcm\u00fc kim\u0259s\u0259 sevdirm\u0259y\u0259 \u00e7al\u0131\u015fm\u0131ram. M\u0259ni oldu\u011fum kimi sev\u0259 bil\u0259c\u0259kl\u0259ri il\u0259 kifay\u0259tl\u0259nir\u0259m.<br \/>\n  <br \/>\n  \u00c7\u00fcnki el\u0259m\u0259k ist\u0259dikl\u0259rimi(imkanlar\u0131m daxilind\u0259) el\u0259yir v\u0259 h\u0259yat\u0131 doya-doya ya\u015fay\u0131ram.<br \/>\n  <br \/>\n  \u00c7\u00fcnki q\u0259r\u0259zli adamlara vaxt\u0131m\u0131 s\u0259rf edib, onlarla dan\u0131\u015fm\u0131ram. H\u0259ms\u00f6hb\u0259tl\u0259rim anlay\u0131\u015fl\u0131 adamlar olur. Onlar\u0131 art\u0131q m\u00fc\u0259yy\u0259n etmi\u015f\u0259m.<br \/>\n  <br \/>\n  \u00c7\u00fcnki getm\u0259k ist\u0259y\u0259nin qaba\u011f\u0131n\u0131 zorla k\u0259smir\u0259m, qalmaq ist\u0259y\u0259n\u0259, m\u0259ni sev\u0259n\u0259 d\u0259y\u0259r v\u0259 sevgi verir\u0259m..\n<\/p>\n<p>\n  Bilirsiniz n\u0259 q\u0259d\u0259r problemim var?! Sad\u0259c\u0259 \u00f6z\u00fcm\u00fc ki\u00e7ik hadis\u0259l\u0259rl\u0259 xo\u015fb\u0259xt ed\u0259 bilir\u0259m. \u018fg\u0259r bel\u0259 yana\u015fmasayd\u0131m, o zaman b\u0259dbin olar v\u0259 h\u0259yatdan tez bez\u0259rdim. H\u0259yat, \u00e7\u0259tin d\u0259 olsa, g\u00f6z\u0259ldir.\n<\/p>\n<p>\n  B\u0259s s\u0259n nec\u0259, xo\u015fb\u0259xts\u0259n?<\/p>\n","protected":false},"excerpt":{"rendered":"<p>Son d\u00f6vrl\u0259r v\u0259h\u015filikl\u0259rin, x\u0259yan\u0259tl\u0259rin, intiharlar\u0131n v\u0259 \u00fcmumilikd\u0259 neqativ hadis\u0259l\u0259rin say\u0131 k\u0259skin s\u00fcr\u0259td\u0259 art\u0131b.<\/p>\n","protected":false},"author":11,"featured_media":80446,"comment_status":"closed","ping_status":"open","sticky":false,"template":"","format":"standard","meta":{"_acf_changed":false,"_sitemap_exclude":false,"_sitemap_priority":"","_sitemap_frequency":"","footnotes":""},"categories":[57],"tags":[],"class_list":["post-183564","post","type-post","status-publish","format-standard","has-post-thumbnail","hentry","category-menim-fikrimce","infinite-scroll-item","generate-columns","tablet-grid-50","mobile-grid-100","grid-parent","grid-33","no-featured-image-padding"],"acf":[],"yoast_head":"<!-- This site is optimized with the Yoast SEO plugin v27.5 - https:\/\/yoast.com\/product\/yoast-seo-wordpress\/ -->\n<title>Xo\u015fb\u0259xts\u0259n? - MEYDAN.TV<\/title>\n<meta name=\"robots\" content=\"index, follow, max-snippet:-1, max-image-preview:large, max-video-preview:-1\" \/>\n<link rel=\"canonical\" href=\"https:\/\/www.meydan.tv\/az\/article\/xosbextsen\/\" \/>\n<meta property=\"og:locale\" content=\"az_AZ\" \/>\n<meta property=\"og:type\" content=\"article\" \/>\n<meta property=\"og:title\" content=\"Xo\u015fb\u0259xts\u0259n? - MEYDAN.TV\" \/>\n<meta property=\"og:description\" content=\"Son d\u00f6vrl\u0259r v\u0259h\u015filikl\u0259rin, x\u0259yan\u0259tl\u0259rin, intiharlar\u0131n v\u0259 \u00fcmumilikd\u0259 neqativ hadis\u0259l\u0259rin say\u0131 k\u0259skin s\u00fcr\u0259td\u0259 art\u0131b.\" \/>\n<meta property=\"og:url\" content=\"https:\/\/www.meydan.tv\/az\/article\/xosbextsen\/\" \/>\n<meta property=\"og:site_name\" content=\"MEYDAN.TV\" \/>\n<meta property=\"article:published_time\" content=\"2017-04-07T17:25:19+00:00\" \/>\n<meta property=\"og:image\" content=\"https:\/\/www.meydan.tv\/wp-content\/uploads\/31395.jpg\" \/>\n\t<meta property=\"og:image:width\" content=\"1366\" \/>\n\t<meta property=\"og:image:height\" content=\"1024\" \/>\n\t<meta property=\"og:image:type\" content=\"image\/jpeg\" \/>\n<meta name=\"author\" content=\"user-manager\" \/>\n<meta name=\"twitter:card\" content=\"summary_large_image\" \/>\n<script type=\"application\/ld+json\" class=\"yoast-schema-graph\">{\"@context\":\"https:\\\/\\\/schema.org\",\"@graph\":[{\"@type\":\"Article\",\"@id\":\"https:\\\/\\\/www.meydan.tv\\\/az\\\/article\\\/xosbextsen\\\/#article\",\"isPartOf\":{\"@id\":\"https:\\\/\\\/www.meydan.tv\\\/az\\\/article\\\/xosbextsen\\\/\"},\"author\":{\"name\":\"user-manager\",\"@id\":\"https:\\\/\\\/www.meydan.tv\\\/az\\\/#\\\/schema\\\/person\\\/10d11eccf6da3662cf5fdab9806ea91a\"},\"headline\":\"Xo\u015fb\u0259xts\u0259n?\",\"datePublished\":\"2017-04-07T17:25:19+00:00\",\"mainEntityOfPage\":{\"@id\":\"https:\\\/\\\/www.meydan.tv\\\/az\\\/article\\\/xosbextsen\\\/\"},\"wordCount\":880,\"publisher\":{\"@id\":\"https:\\\/\\\/www.meydan.tv\\\/az\\\/#organization\"},\"image\":{\"@id\":\"https:\\\/\\\/www.meydan.tv\\\/az\\\/article\\\/xosbextsen\\\/#primaryimage\"},\"thumbnailUrl\":\"https:\\\/\\\/www.meydan.tv\\\/wp-content\\\/uploads\\\/31395.jpg\",\"articleSection\":[\"M\u0259nim Fikrimc\u0259\"],\"inLanguage\":\"az\"},{\"@type\":\"WebPage\",\"@id\":\"https:\\\/\\\/www.meydan.tv\\\/az\\\/article\\\/xosbextsen\\\/\",\"url\":\"https:\\\/\\\/www.meydan.tv\\\/az\\\/article\\\/xosbextsen\\\/\",\"name\":\"Xo\u015fb\u0259xts\u0259n? - MEYDAN.TV\",\"isPartOf\":{\"@id\":\"https:\\\/\\\/www.meydan.tv\\\/az\\\/#website\"},\"primaryImageOfPage\":{\"@id\":\"https:\\\/\\\/www.meydan.tv\\\/az\\\/article\\\/xosbextsen\\\/#primaryimage\"},\"image\":{\"@id\":\"https:\\\/\\\/www.meydan.tv\\\/az\\\/article\\\/xosbextsen\\\/#primaryimage\"},\"thumbnailUrl\":\"https:\\\/\\\/www.meydan.tv\\\/wp-content\\\/uploads\\\/31395.jpg\",\"datePublished\":\"2017-04-07T17:25:19+00:00\",\"breadcrumb\":{\"@id\":\"https:\\\/\\\/www.meydan.tv\\\/az\\\/article\\\/xosbextsen\\\/#breadcrumb\"},\"inLanguage\":\"az\",\"potentialAction\":[{\"@type\":\"ReadAction\",\"target\":[\"https:\\\/\\\/www.meydan.tv\\\/az\\\/article\\\/xosbextsen\\\/\"]}]},{\"@type\":\"ImageObject\",\"inLanguage\":\"az\",\"@id\":\"https:\\\/\\\/www.meydan.tv\\\/az\\\/article\\\/xosbextsen\\\/#primaryimage\",\"url\":\"https:\\\/\\\/www.meydan.tv\\\/wp-content\\\/uploads\\\/31395.jpg\",\"contentUrl\":\"https:\\\/\\\/www.meydan.tv\\\/wp-content\\\/uploads\\\/31395.jpg\",\"width\":1366,\"height\":1024,\"caption\":\"Source:\"},{\"@type\":\"BreadcrumbList\",\"@id\":\"https:\\\/\\\/www.meydan.tv\\\/az\\\/article\\\/xosbextsen\\\/#breadcrumb\",\"itemListElement\":[{\"@type\":\"ListItem\",\"position\":1,\"name\":\"Ana s\u0259hif\u0259\",\"item\":\"https:\\\/\\\/www.meydan.tv\\\/az\\\/\"},{\"@type\":\"ListItem\",\"position\":2,\"name\":\"M\u0259nim Fikrimc\u0259\",\"item\":\"https:\\\/\\\/www.meydan.tv\\\/az\\\/section\\\/menim-fikrimce\\\/\"},{\"@type\":\"ListItem\",\"position\":3,\"name\":\"Xo\u015fb\u0259xts\u0259n?\"}]},{\"@type\":\"WebSite\",\"@id\":\"https:\\\/\\\/www.meydan.tv\\\/az\\\/#website\",\"url\":\"https:\\\/\\\/www.meydan.tv\\\/az\\\/\",\"name\":\"MEYDAN.TV\",\"description\":\"Meydan TV Az\u0259rbaycan\u0131n media m\u0259kan\u0131ndak\u0131 alternativ s\u0259sidir\",\"publisher\":{\"@id\":\"https:\\\/\\\/www.meydan.tv\\\/az\\\/#organization\"},\"potentialAction\":[{\"@type\":\"SearchAction\",\"target\":{\"@type\":\"EntryPoint\",\"urlTemplate\":\"https:\\\/\\\/www.meydan.tv\\\/az\\\/?s={search_term_string}\"},\"query-input\":{\"@type\":\"PropertyValueSpecification\",\"valueRequired\":true,\"valueName\":\"search_term_string\"}}],\"inLanguage\":\"az\"},{\"@type\":\"Organization\",\"@id\":\"https:\\\/\\\/www.meydan.tv\\\/az\\\/#organization\",\"name\":\"Meydan TV\",\"url\":\"https:\\\/\\\/www.meydan.tv\\\/az\\\/\",\"logo\":{\"@type\":\"ImageObject\",\"inLanguage\":\"az\",\"@id\":\"https:\\\/\\\/www.meydan.tv\\\/az\\\/#\\\/schema\\\/logo\\\/image\\\/\",\"url\":\"https:\\\/\\\/www.meydan.tv\\\/wp-content\\\/uploads\\\/2021\\\/07\\\/meydan-logo.svg\",\"contentUrl\":\"https:\\\/\\\/www.meydan.tv\\\/wp-content\\\/uploads\\\/2021\\\/07\\\/meydan-logo.svg\",\"width\":195,\"height\":46,\"caption\":\"Meydan TV\"},\"image\":{\"@id\":\"https:\\\/\\\/www.meydan.tv\\\/az\\\/#\\\/schema\\\/logo\\\/image\\\/\"}},{\"@type\":\"Person\",\"@id\":\"https:\\\/\\\/www.meydan.tv\\\/az\\\/#\\\/schema\\\/person\\\/10d11eccf6da3662cf5fdab9806ea91a\",\"name\":\"user-manager\"}]}<\/script>\n<!-- \/ Yoast SEO plugin. -->","yoast_head_json":{"title":"Xo\u015fb\u0259xts\u0259n? - MEYDAN.TV","robots":{"index":"index","follow":"follow","max-snippet":"max-snippet:-1","max-image-preview":"max-image-preview:large","max-video-preview":"max-video-preview:-1"},"canonical":"https:\/\/www.meydan.tv\/az\/article\/xosbextsen\/","og_locale":"az_AZ","og_type":"article","og_title":"Xo\u015fb\u0259xts\u0259n? - MEYDAN.TV","og_description":"Son d\u00f6vrl\u0259r v\u0259h\u015filikl\u0259rin, x\u0259yan\u0259tl\u0259rin, intiharlar\u0131n v\u0259 \u00fcmumilikd\u0259 neqativ hadis\u0259l\u0259rin say\u0131 k\u0259skin s\u00fcr\u0259td\u0259 art\u0131b.","og_url":"https:\/\/www.meydan.tv\/az\/article\/xosbextsen\/","og_site_name":"MEYDAN.TV","article_published_time":"2017-04-07T17:25:19+00:00","og_image":[{"width":1366,"height":1024,"url":"https:\/\/www.meydan.tv\/wp-content\/uploads\/31395.jpg","type":"image\/jpeg"}],"author":"user-manager","twitter_card":"summary_large_image","schema":{"@context":"https:\/\/schema.org","@graph":[{"@type":"Article","@id":"https:\/\/www.meydan.tv\/az\/article\/xosbextsen\/#article","isPartOf":{"@id":"https:\/\/www.meydan.tv\/az\/article\/xosbextsen\/"},"author":{"name":"user-manager","@id":"https:\/\/www.meydan.tv\/az\/#\/schema\/person\/10d11eccf6da3662cf5fdab9806ea91a"},"headline":"Xo\u015fb\u0259xts\u0259n?","datePublished":"2017-04-07T17:25:19+00:00","mainEntityOfPage":{"@id":"https:\/\/www.meydan.tv\/az\/article\/xosbextsen\/"},"wordCount":880,"publisher":{"@id":"https:\/\/www.meydan.tv\/az\/#organization"},"image":{"@id":"https:\/\/www.meydan.tv\/az\/article\/xosbextsen\/#primaryimage"},"thumbnailUrl":"https:\/\/www.meydan.tv\/wp-content\/uploads\/31395.jpg","articleSection":["M\u0259nim Fikrimc\u0259"],"inLanguage":"az"},{"@type":"WebPage","@id":"https:\/\/www.meydan.tv\/az\/article\/xosbextsen\/","url":"https:\/\/www.meydan.tv\/az\/article\/xosbextsen\/","name":"Xo\u015fb\u0259xts\u0259n? - MEYDAN.TV","isPartOf":{"@id":"https:\/\/www.meydan.tv\/az\/#website"},"primaryImageOfPage":{"@id":"https:\/\/www.meydan.tv\/az\/article\/xosbextsen\/#primaryimage"},"image":{"@id":"https:\/\/www.meydan.tv\/az\/article\/xosbextsen\/#primaryimage"},"thumbnailUrl":"https:\/\/www.meydan.tv\/wp-content\/uploads\/31395.jpg","datePublished":"2017-04-07T17:25:19+00:00","breadcrumb":{"@id":"https:\/\/www.meydan.tv\/az\/article\/xosbextsen\/#breadcrumb"},"inLanguage":"az","potentialAction":[{"@type":"ReadAction","target":["https:\/\/www.meydan.tv\/az\/article\/xosbextsen\/"]}]},{"@type":"ImageObject","inLanguage":"az","@id":"https:\/\/www.meydan.tv\/az\/article\/xosbextsen\/#primaryimage","url":"https:\/\/www.meydan.tv\/wp-content\/uploads\/31395.jpg","contentUrl":"https:\/\/www.meydan.tv\/wp-content\/uploads\/31395.jpg","width":1366,"height":1024,"caption":"Source:"},{"@type":"BreadcrumbList","@id":"https:\/\/www.meydan.tv\/az\/article\/xosbextsen\/#breadcrumb","itemListElement":[{"@type":"ListItem","position":1,"name":"Ana s\u0259hif\u0259","item":"https:\/\/www.meydan.tv\/az\/"},{"@type":"ListItem","position":2,"name":"M\u0259nim Fikrimc\u0259","item":"https:\/\/www.meydan.tv\/az\/section\/menim-fikrimce\/"},{"@type":"ListItem","position":3,"name":"Xo\u015fb\u0259xts\u0259n?"}]},{"@type":"WebSite","@id":"https:\/\/www.meydan.tv\/az\/#website","url":"https:\/\/www.meydan.tv\/az\/","name":"MEYDAN.TV","description":"Meydan TV Az\u0259rbaycan\u0131n media m\u0259kan\u0131ndak\u0131 alternativ s\u0259sidir","publisher":{"@id":"https:\/\/www.meydan.tv\/az\/#organization"},"potentialAction":[{"@type":"SearchAction","target":{"@type":"EntryPoint","urlTemplate":"https:\/\/www.meydan.tv\/az\/?s={search_term_string}"},"query-input":{"@type":"PropertyValueSpecification","valueRequired":true,"valueName":"search_term_string"}}],"inLanguage":"az"},{"@type":"Organization","@id":"https:\/\/www.meydan.tv\/az\/#organization","name":"Meydan TV","url":"https:\/\/www.meydan.tv\/az\/","logo":{"@type":"ImageObject","inLanguage":"az","@id":"https:\/\/www.meydan.tv\/az\/#\/schema\/logo\/image\/","url":"https:\/\/www.meydan.tv\/wp-content\/uploads\/2021\/07\/meydan-logo.svg","contentUrl":"https:\/\/www.meydan.tv\/wp-content\/uploads\/2021\/07\/meydan-logo.svg","width":195,"height":46,"caption":"Meydan TV"},"image":{"@id":"https:\/\/www.meydan.tv\/az\/#\/schema\/logo\/image\/"}},{"@type":"Person","@id":"https:\/\/www.meydan.tv\/az\/#\/schema\/person\/10d11eccf6da3662cf5fdab9806ea91a","name":"user-manager"}]}},"_links":{"self":[{"href":"https:\/\/www.meydan.tv\/az\/wp-json\/wp\/v2\/posts\/183564","targetHints":{"allow":["GET"]}}],"collection":[{"href":"https:\/\/www.meydan.tv\/az\/wp-json\/wp\/v2\/posts"}],"about":[{"href":"https:\/\/www.meydan.tv\/az\/wp-json\/wp\/v2\/types\/post"}],"author":[{"embeddable":true,"href":"https:\/\/www.meydan.tv\/az\/wp-json\/wp\/v2\/users\/11"}],"replies":[{"embeddable":true,"href":"https:\/\/www.meydan.tv\/az\/wp-json\/wp\/v2\/comments?post=183564"}],"version-history":[{"count":0,"href":"https:\/\/www.meydan.tv\/az\/wp-json\/wp\/v2\/posts\/183564\/revisions"}],"wp:featuredmedia":[{"embeddable":true,"href":"https:\/\/www.meydan.tv\/az\/wp-json\/wp\/v2\/media\/80446"}],"wp:attachment":[{"href":"https:\/\/www.meydan.tv\/az\/wp-json\/wp\/v2\/media?parent=183564"}],"wp:term":[{"taxonomy":"category","embeddable":true,"href":"https:\/\/www.meydan.tv\/az\/wp-json\/wp\/v2\/categories?post=183564"},{"taxonomy":"post_tag","embeddable":true,"href":"https:\/\/www.meydan.tv\/az\/wp-json\/wp\/v2\/tags?post=183564"}],"curies":[{"name":"wp","href":"https:\/\/api.w.org\/{rel}","templated":true}]}}