{"id":183554,"date":"2017-04-07T13:34:25","date_gmt":"2017-04-07T13:34:25","guid":{"rendered":"https:\/\/www.meydan.tv\/article\/mehkeme-ilahiyyatcinin-sikayetini-temin-etmeyib\/"},"modified":"2017-04-07T13:34:25","modified_gmt":"2017-04-07T13:34:25","slug":"mehkeme-ilahiyyatcinin-sikayetini-temin-etmeyib","status":"publish","type":"post","link":"https:\/\/www.meydan.tv\/az\/article\/mehkeme-ilahiyyatcinin-sikayetini-temin-etmeyib\/","title":{"rendered":"M\u0259hk\u0259m\u0259 ilahiyyat\u00e7\u0131n\u0131n \u015fikay\u0259tini t\u0259min etm\u0259yib"},"content":{"rendered":"<figure class=\"wp-block-image size-large\">\n  <img decoding=\"async\" src=\"https:\/\/www.meydan.tv\/az\/82041\/\" alt=\"\" class=\"wp-image-82041\"\/><figcaption><\/figcaption><\/figure>\n<p>\n  <i><br \/>\n    V\u0259kil: &#8221;M\u0259hk\u0259m\u0259d\u0259n &#8221;m\u00f6c\u00fcz\u0259&#8221; g\u00f6zl\u0259mirdik&#8221;<br \/>\n  <\/i>\n<\/p>\n<p>\n  Aprelin 6-s\u0131 \u015eirvan Apelyasiya M\u0259hk\u0259m\u0259sind\u0259 S\u0259rdar Babayevin (Hac\u0131h\u0259s\u0259nli) h\u0259bs m\u00fcdd\u0259tinin uzad\u0131lmas\u0131na dair Masall\u0131 rayon M\u0259hk\u0259m\u0259sinin q\u0259rar\u0131ndan veril\u0259n \u015fikay\u0259t\u0259 bax\u0131l\u0131b.\n<\/p>\n<p>\n  S\u0259rdar Babayev Az\u0259rbaycan Ruhanil\u0259r M\u0259clisinin \u00fczv\u00fc, Maide.Az \u00a0sayt\u0131n\u0131n ba\u015f redaktorudur.\n<\/p>\n<p>\n  M\u0259hk\u0259m\u0259 il\u0259 ba\u011fl\u0131 m\u0259lumat\u0131 S\u0259rdar Babayevin v\u0259kili Cavad Cavadov yay\u0131b.\n<\/p>\n<p>\n  V\u0259kil \u0259vv\u0259lki proses kimi bu d\u0259f\u0259 d\u0259 m\u0259hk\u0259m\u0259y\u0259 ged\u0259n yolun ba\u011fland\u0131\u011f\u0131n\u0131 bildirib. Bu da insanlarda naraz\u0131l\u0131q yarad\u0131b:\n<\/p>\n<p>\n  \u201cPolis m\u0259ni m\u0259hk\u0259m\u0259y\u0259 aparan ma\u015f\u0131n\u0131 yenid\u0259n buraxmaq ist\u0259mirdi. Yaln\u0131z m\u0259hk\u0259m\u0259 il\u0259 dan\u0131\u015fd\u0131qdan v\u0259 ba\u015fa sald\u0131qdan sonra ki, v\u0259kili buraxmas\u0131n\u0131z, i\u015f\u0259 bax\u0131lma ba\u015f tutmayacaq, buraxd\u0131lar\u201d.\n<\/p>\n<p>\n  V\u0259kil m\u0259hk\u0259m\u0259d\u0259n \u201cm\u00f6c\u00fcz\u0259\u201d g\u00f6zl\u0259m\u0259diyini deyib. Prosesd\u0259 onlar\u0131n \u015fikay\u0259tl\u0259ri \u0259sass\u0131z say\u0131laraq Masall\u0131 rayon M\u0259hk\u0259m\u0259sinin q\u0259rar\u0131 q\u00fcvv\u0259d\u0259 saxlan\u0131b:\n<\/p>\n<p>\n  \u201c\u0130mtina da bel\u0259 \u0259sasland\u0131r\u0131ld\u0131 ki, S.Babayev h\u0259bsd\u0259n burax\u0131lsa, \u201ccinay\u0259tkar\u201d f\u0259aliyy\u0259tini davam etdir\u0259c\u0259k, y\u0259ni dini ayinl\u0259r yerin\u0259 yetir\u0259c\u0259k\u201d.\n<\/p>\n<p>\n  2017-ci il fevral\u0131n 22-si Masall\u0131 rayon M\u0259hk\u0259m\u0259si S.Babayev bar\u0259sind\u0259 1 ay 7 g\u00fcn m\u00fcdd\u0259tin\u0259 h\u0259bs-q\u0259timkan t\u0259dbiri se\u00e7ib. Sonradan h\u0259bs m\u00fcdd\u0259ti art\u0131r\u0131l\u0131b.\n<\/p>\n<p>\n  Ona CM-in 168.1-ci (dini ayinl\u0259r ad\u0131 alt\u0131nda insanlar\u0131n h\u00fcquqlar\u0131na q\u0259sd etm\u0259k) madd\u0259si il\u0259 ittiham verilib.<\/p>\n","protected":false},"excerpt":{"rendered":"<p>V\u0259kil: &#8221;M\u0259hk\u0259m\u0259d\u0259n &#8221;m\u00f6c\u00fcz\u0259&#8221; g\u00f6zl\u0259mirdik&#8221;<\/p>\n","protected":false},"author":11,"featured_media":82041,"comment_status":"closed","ping_status":"open","sticky":false,"template":"","format":"standard","meta":{"_acf_changed":false,"_sitemap_exclude":false,"_sitemap_priority":"","_sitemap_frequency":"","footnotes":""},"categories":[56],"tags":[],"class_list":["post-183554","post","type-post","status-publish","format-standard","has-post-thumbnail","hentry","category-xeberler","infinite-scroll-item","generate-columns","tablet-grid-50","mobile-grid-100","grid-parent","grid-33","no-featured-image-padding"],"acf":[],"yoast_head":"<!-- This site is optimized with the Yoast SEO plugin v27.5 - https:\/\/yoast.com\/product\/yoast-seo-wordpress\/ -->\n<title>M\u0259hk\u0259m\u0259 ilahiyyat\u00e7\u0131n\u0131n \u015fikay\u0259tini t\u0259min etm\u0259yib - MEYDAN.TV<\/title>\n<meta name=\"robots\" content=\"index, follow, max-snippet:-1, max-image-preview:large, max-video-preview:-1\" \/>\n<link rel=\"canonical\" href=\"https:\/\/www.meydan.tv\/az\/article\/mehkeme-ilahiyyatcinin-sikayetini-temin-etmeyib\/\" \/>\n<meta property=\"og:locale\" content=\"az_AZ\" \/>\n<meta property=\"og:type\" content=\"article\" \/>\n<meta property=\"og:title\" content=\"M\u0259hk\u0259m\u0259 ilahiyyat\u00e7\u0131n\u0131n \u015fikay\u0259tini t\u0259min etm\u0259yib - MEYDAN.TV\" \/>\n<meta property=\"og:description\" content=\"V\u0259kil: &#039;&#039;M\u0259hk\u0259m\u0259d\u0259n &#039;&#039;m\u00f6c\u00fcz\u0259&#039;&#039; g\u00f6zl\u0259mirdik&#039;&#039;\" \/>\n<meta property=\"og:url\" content=\"https:\/\/www.meydan.tv\/az\/article\/mehkeme-ilahiyyatcinin-sikayetini-temin-etmeyib\/\" \/>\n<meta property=\"og:site_name\" content=\"MEYDAN.TV\" \/>\n<meta property=\"article:published_time\" content=\"2017-04-07T13:34:25+00:00\" \/>\n<meta property=\"og:image\" content=\"https:\/\/www.meydan.tv\/wp-content\/uploads\/32127.jpg\" \/>\n\t<meta property=\"og:image:width\" content=\"1080\" \/>\n\t<meta property=\"og:image:height\" content=\"608\" \/>\n\t<meta property=\"og:image:type\" content=\"image\/jpeg\" \/>\n<meta name=\"author\" content=\"user-manager\" \/>\n<meta name=\"twitter:card\" content=\"summary_large_image\" \/>\n<script type=\"application\/ld+json\" class=\"yoast-schema-graph\">{\"@context\":\"https:\\\/\\\/schema.org\",\"@graph\":[{\"@type\":\"Article\",\"@id\":\"https:\\\/\\\/www.meydan.tv\\\/az\\\/article\\\/mehkeme-ilahiyyatcinin-sikayetini-temin-etmeyib\\\/#article\",\"isPartOf\":{\"@id\":\"https:\\\/\\\/www.meydan.tv\\\/az\\\/article\\\/mehkeme-ilahiyyatcinin-sikayetini-temin-etmeyib\\\/\"},\"author\":{\"name\":\"user-manager\",\"@id\":\"https:\\\/\\\/www.meydan.tv\\\/az\\\/#\\\/schema\\\/person\\\/10d11eccf6da3662cf5fdab9806ea91a\"},\"headline\":\"M\u0259hk\u0259m\u0259 ilahiyyat\u00e7\u0131n\u0131n \u015fikay\u0259tini t\u0259min etm\u0259yib\",\"datePublished\":\"2017-04-07T13:34:25+00:00\",\"mainEntityOfPage\":{\"@id\":\"https:\\\/\\\/www.meydan.tv\\\/az\\\/article\\\/mehkeme-ilahiyyatcinin-sikayetini-temin-etmeyib\\\/\"},\"wordCount\":302,\"publisher\":{\"@id\":\"https:\\\/\\\/www.meydan.tv\\\/az\\\/#organization\"},\"image\":{\"@id\":\"https:\\\/\\\/www.meydan.tv\\\/az\\\/article\\\/mehkeme-ilahiyyatcinin-sikayetini-temin-etmeyib\\\/#primaryimage\"},\"thumbnailUrl\":\"https:\\\/\\\/www.meydan.tv\\\/wp-content\\\/uploads\\\/32127.jpg\",\"articleSection\":[\"X\u0259b\u0259rl\u0259r\"],\"inLanguage\":\"az\"},{\"@type\":\"WebPage\",\"@id\":\"https:\\\/\\\/www.meydan.tv\\\/az\\\/article\\\/mehkeme-ilahiyyatcinin-sikayetini-temin-etmeyib\\\/\",\"url\":\"https:\\\/\\\/www.meydan.tv\\\/az\\\/article\\\/mehkeme-ilahiyyatcinin-sikayetini-temin-etmeyib\\\/\",\"name\":\"M\u0259hk\u0259m\u0259 ilahiyyat\u00e7\u0131n\u0131n \u015fikay\u0259tini t\u0259min etm\u0259yib - MEYDAN.TV\",\"isPartOf\":{\"@id\":\"https:\\\/\\\/www.meydan.tv\\\/az\\\/#website\"},\"primaryImageOfPage\":{\"@id\":\"https:\\\/\\\/www.meydan.tv\\\/az\\\/article\\\/mehkeme-ilahiyyatcinin-sikayetini-temin-etmeyib\\\/#primaryimage\"},\"image\":{\"@id\":\"https:\\\/\\\/www.meydan.tv\\\/az\\\/article\\\/mehkeme-ilahiyyatcinin-sikayetini-temin-etmeyib\\\/#primaryimage\"},\"thumbnailUrl\":\"https:\\\/\\\/www.meydan.tv\\\/wp-content\\\/uploads\\\/32127.jpg\",\"datePublished\":\"2017-04-07T13:34:25+00:00\",\"breadcrumb\":{\"@id\":\"https:\\\/\\\/www.meydan.tv\\\/az\\\/article\\\/mehkeme-ilahiyyatcinin-sikayetini-temin-etmeyib\\\/#breadcrumb\"},\"inLanguage\":\"az\",\"potentialAction\":[{\"@type\":\"ReadAction\",\"target\":[\"https:\\\/\\\/www.meydan.tv\\\/az\\\/article\\\/mehkeme-ilahiyyatcinin-sikayetini-temin-etmeyib\\\/\"]}]},{\"@type\":\"ImageObject\",\"inLanguage\":\"az\",\"@id\":\"https:\\\/\\\/www.meydan.tv\\\/az\\\/article\\\/mehkeme-ilahiyyatcinin-sikayetini-temin-etmeyib\\\/#primaryimage\",\"url\":\"https:\\\/\\\/www.meydan.tv\\\/wp-content\\\/uploads\\\/32127.jpg\",\"contentUrl\":\"https:\\\/\\\/www.meydan.tv\\\/wp-content\\\/uploads\\\/32127.jpg\",\"width\":1080,\"height\":608,\"caption\":\"Source:\"},{\"@type\":\"BreadcrumbList\",\"@id\":\"https:\\\/\\\/www.meydan.tv\\\/az\\\/article\\\/mehkeme-ilahiyyatcinin-sikayetini-temin-etmeyib\\\/#breadcrumb\",\"itemListElement\":[{\"@type\":\"ListItem\",\"position\":1,\"name\":\"Ana s\u0259hif\u0259\",\"item\":\"https:\\\/\\\/www.meydan.tv\\\/az\\\/\"},{\"@type\":\"ListItem\",\"position\":2,\"name\":\"X\u0259b\u0259rl\u0259r\",\"item\":\"https:\\\/\\\/www.meydan.tv\\\/az\\\/section\\\/xeberler\\\/\"},{\"@type\":\"ListItem\",\"position\":3,\"name\":\"M\u0259hk\u0259m\u0259 ilahiyyat\u00e7\u0131n\u0131n \u015fikay\u0259tini t\u0259min etm\u0259yib\"}]},{\"@type\":\"WebSite\",\"@id\":\"https:\\\/\\\/www.meydan.tv\\\/az\\\/#website\",\"url\":\"https:\\\/\\\/www.meydan.tv\\\/az\\\/\",\"name\":\"MEYDAN.TV\",\"description\":\"Meydan TV Az\u0259rbaycan\u0131n media m\u0259kan\u0131ndak\u0131 alternativ s\u0259sidir\",\"publisher\":{\"@id\":\"https:\\\/\\\/www.meydan.tv\\\/az\\\/#organization\"},\"potentialAction\":[{\"@type\":\"SearchAction\",\"target\":{\"@type\":\"EntryPoint\",\"urlTemplate\":\"https:\\\/\\\/www.meydan.tv\\\/az\\\/?s={search_term_string}\"},\"query-input\":{\"@type\":\"PropertyValueSpecification\",\"valueRequired\":true,\"valueName\":\"search_term_string\"}}],\"inLanguage\":\"az\"},{\"@type\":\"Organization\",\"@id\":\"https:\\\/\\\/www.meydan.tv\\\/az\\\/#organization\",\"name\":\"Meydan TV\",\"url\":\"https:\\\/\\\/www.meydan.tv\\\/az\\\/\",\"logo\":{\"@type\":\"ImageObject\",\"inLanguage\":\"az\",\"@id\":\"https:\\\/\\\/www.meydan.tv\\\/az\\\/#\\\/schema\\\/logo\\\/image\\\/\",\"url\":\"https:\\\/\\\/www.meydan.tv\\\/wp-content\\\/uploads\\\/2021\\\/07\\\/meydan-logo.svg\",\"contentUrl\":\"https:\\\/\\\/www.meydan.tv\\\/wp-content\\\/uploads\\\/2021\\\/07\\\/meydan-logo.svg\",\"width\":195,\"height\":46,\"caption\":\"Meydan TV\"},\"image\":{\"@id\":\"https:\\\/\\\/www.meydan.tv\\\/az\\\/#\\\/schema\\\/logo\\\/image\\\/\"}},{\"@type\":\"Person\",\"@id\":\"https:\\\/\\\/www.meydan.tv\\\/az\\\/#\\\/schema\\\/person\\\/10d11eccf6da3662cf5fdab9806ea91a\",\"name\":\"user-manager\"}]}<\/script>\n<!-- \/ Yoast SEO plugin. -->","yoast_head_json":{"title":"M\u0259hk\u0259m\u0259 ilahiyyat\u00e7\u0131n\u0131n \u015fikay\u0259tini t\u0259min etm\u0259yib - MEYDAN.TV","robots":{"index":"index","follow":"follow","max-snippet":"max-snippet:-1","max-image-preview":"max-image-preview:large","max-video-preview":"max-video-preview:-1"},"canonical":"https:\/\/www.meydan.tv\/az\/article\/mehkeme-ilahiyyatcinin-sikayetini-temin-etmeyib\/","og_locale":"az_AZ","og_type":"article","og_title":"M\u0259hk\u0259m\u0259 ilahiyyat\u00e7\u0131n\u0131n \u015fikay\u0259tini t\u0259min etm\u0259yib - MEYDAN.TV","og_description":"V\u0259kil: ''M\u0259hk\u0259m\u0259d\u0259n ''m\u00f6c\u00fcz\u0259'' g\u00f6zl\u0259mirdik''","og_url":"https:\/\/www.meydan.tv\/az\/article\/mehkeme-ilahiyyatcinin-sikayetini-temin-etmeyib\/","og_site_name":"MEYDAN.TV","article_published_time":"2017-04-07T13:34:25+00:00","og_image":[{"width":1080,"height":608,"url":"https:\/\/www.meydan.tv\/wp-content\/uploads\/32127.jpg","type":"image\/jpeg"}],"author":"user-manager","twitter_card":"summary_large_image","schema":{"@context":"https:\/\/schema.org","@graph":[{"@type":"Article","@id":"https:\/\/www.meydan.tv\/az\/article\/mehkeme-ilahiyyatcinin-sikayetini-temin-etmeyib\/#article","isPartOf":{"@id":"https:\/\/www.meydan.tv\/az\/article\/mehkeme-ilahiyyatcinin-sikayetini-temin-etmeyib\/"},"author":{"name":"user-manager","@id":"https:\/\/www.meydan.tv\/az\/#\/schema\/person\/10d11eccf6da3662cf5fdab9806ea91a"},"headline":"M\u0259hk\u0259m\u0259 ilahiyyat\u00e7\u0131n\u0131n \u015fikay\u0259tini t\u0259min etm\u0259yib","datePublished":"2017-04-07T13:34:25+00:00","mainEntityOfPage":{"@id":"https:\/\/www.meydan.tv\/az\/article\/mehkeme-ilahiyyatcinin-sikayetini-temin-etmeyib\/"},"wordCount":302,"publisher":{"@id":"https:\/\/www.meydan.tv\/az\/#organization"},"image":{"@id":"https:\/\/www.meydan.tv\/az\/article\/mehkeme-ilahiyyatcinin-sikayetini-temin-etmeyib\/#primaryimage"},"thumbnailUrl":"https:\/\/www.meydan.tv\/wp-content\/uploads\/32127.jpg","articleSection":["X\u0259b\u0259rl\u0259r"],"inLanguage":"az"},{"@type":"WebPage","@id":"https:\/\/www.meydan.tv\/az\/article\/mehkeme-ilahiyyatcinin-sikayetini-temin-etmeyib\/","url":"https:\/\/www.meydan.tv\/az\/article\/mehkeme-ilahiyyatcinin-sikayetini-temin-etmeyib\/","name":"M\u0259hk\u0259m\u0259 ilahiyyat\u00e7\u0131n\u0131n \u015fikay\u0259tini t\u0259min etm\u0259yib - MEYDAN.TV","isPartOf":{"@id":"https:\/\/www.meydan.tv\/az\/#website"},"primaryImageOfPage":{"@id":"https:\/\/www.meydan.tv\/az\/article\/mehkeme-ilahiyyatcinin-sikayetini-temin-etmeyib\/#primaryimage"},"image":{"@id":"https:\/\/www.meydan.tv\/az\/article\/mehkeme-ilahiyyatcinin-sikayetini-temin-etmeyib\/#primaryimage"},"thumbnailUrl":"https:\/\/www.meydan.tv\/wp-content\/uploads\/32127.jpg","datePublished":"2017-04-07T13:34:25+00:00","breadcrumb":{"@id":"https:\/\/www.meydan.tv\/az\/article\/mehkeme-ilahiyyatcinin-sikayetini-temin-etmeyib\/#breadcrumb"},"inLanguage":"az","potentialAction":[{"@type":"ReadAction","target":["https:\/\/www.meydan.tv\/az\/article\/mehkeme-ilahiyyatcinin-sikayetini-temin-etmeyib\/"]}]},{"@type":"ImageObject","inLanguage":"az","@id":"https:\/\/www.meydan.tv\/az\/article\/mehkeme-ilahiyyatcinin-sikayetini-temin-etmeyib\/#primaryimage","url":"https:\/\/www.meydan.tv\/wp-content\/uploads\/32127.jpg","contentUrl":"https:\/\/www.meydan.tv\/wp-content\/uploads\/32127.jpg","width":1080,"height":608,"caption":"Source:"},{"@type":"BreadcrumbList","@id":"https:\/\/www.meydan.tv\/az\/article\/mehkeme-ilahiyyatcinin-sikayetini-temin-etmeyib\/#breadcrumb","itemListElement":[{"@type":"ListItem","position":1,"name":"Ana s\u0259hif\u0259","item":"https:\/\/www.meydan.tv\/az\/"},{"@type":"ListItem","position":2,"name":"X\u0259b\u0259rl\u0259r","item":"https:\/\/www.meydan.tv\/az\/section\/xeberler\/"},{"@type":"ListItem","position":3,"name":"M\u0259hk\u0259m\u0259 ilahiyyat\u00e7\u0131n\u0131n \u015fikay\u0259tini t\u0259min etm\u0259yib"}]},{"@type":"WebSite","@id":"https:\/\/www.meydan.tv\/az\/#website","url":"https:\/\/www.meydan.tv\/az\/","name":"MEYDAN.TV","description":"Meydan TV Az\u0259rbaycan\u0131n media m\u0259kan\u0131ndak\u0131 alternativ s\u0259sidir","publisher":{"@id":"https:\/\/www.meydan.tv\/az\/#organization"},"potentialAction":[{"@type":"SearchAction","target":{"@type":"EntryPoint","urlTemplate":"https:\/\/www.meydan.tv\/az\/?s={search_term_string}"},"query-input":{"@type":"PropertyValueSpecification","valueRequired":true,"valueName":"search_term_string"}}],"inLanguage":"az"},{"@type":"Organization","@id":"https:\/\/www.meydan.tv\/az\/#organization","name":"Meydan TV","url":"https:\/\/www.meydan.tv\/az\/","logo":{"@type":"ImageObject","inLanguage":"az","@id":"https:\/\/www.meydan.tv\/az\/#\/schema\/logo\/image\/","url":"https:\/\/www.meydan.tv\/wp-content\/uploads\/2021\/07\/meydan-logo.svg","contentUrl":"https:\/\/www.meydan.tv\/wp-content\/uploads\/2021\/07\/meydan-logo.svg","width":195,"height":46,"caption":"Meydan TV"},"image":{"@id":"https:\/\/www.meydan.tv\/az\/#\/schema\/logo\/image\/"}},{"@type":"Person","@id":"https:\/\/www.meydan.tv\/az\/#\/schema\/person\/10d11eccf6da3662cf5fdab9806ea91a","name":"user-manager"}]}},"_links":{"self":[{"href":"https:\/\/www.meydan.tv\/az\/wp-json\/wp\/v2\/posts\/183554","targetHints":{"allow":["GET"]}}],"collection":[{"href":"https:\/\/www.meydan.tv\/az\/wp-json\/wp\/v2\/posts"}],"about":[{"href":"https:\/\/www.meydan.tv\/az\/wp-json\/wp\/v2\/types\/post"}],"author":[{"embeddable":true,"href":"https:\/\/www.meydan.tv\/az\/wp-json\/wp\/v2\/users\/11"}],"replies":[{"embeddable":true,"href":"https:\/\/www.meydan.tv\/az\/wp-json\/wp\/v2\/comments?post=183554"}],"version-history":[{"count":0,"href":"https:\/\/www.meydan.tv\/az\/wp-json\/wp\/v2\/posts\/183554\/revisions"}],"wp:featuredmedia":[{"embeddable":true,"href":"https:\/\/www.meydan.tv\/az\/wp-json\/wp\/v2\/media\/82041"}],"wp:attachment":[{"href":"https:\/\/www.meydan.tv\/az\/wp-json\/wp\/v2\/media?parent=183554"}],"wp:term":[{"taxonomy":"category","embeddable":true,"href":"https:\/\/www.meydan.tv\/az\/wp-json\/wp\/v2\/categories?post=183554"},{"taxonomy":"post_tag","embeddable":true,"href":"https:\/\/www.meydan.tv\/az\/wp-json\/wp\/v2\/tags?post=183554"}],"curies":[{"name":"wp","href":"https:\/\/api.w.org\/{rel}","templated":true}]}}