{"id":183539,"date":"2017-04-06T17:43:21","date_gmt":"2017-04-06T17:43:21","guid":{"rendered":"https:\/\/www.meydan.tv\/article\/dini-tebligat-tehlukesi-def-edilmelidir\/"},"modified":"2017-04-06T17:43:21","modified_gmt":"2017-04-06T17:43:21","slug":"dini-tebligat-tehlukesi-def-edilmelidir","status":"publish","type":"post","link":"https:\/\/www.meydan.tv\/az\/article\/dini-tebligat-tehlukesi-def-edilmelidir\/","title":{"rendered":"Dini t\u0259bli\u011fat t\u0259hl\u00fck\u0259si d\u0259f edilm\u0259lidir!"},"content":{"rendered":"<p>\n  Son bir ne\u00e7\u0259 g\u00fcnd\u0259 m\u0259lum olub ki, 2017-ci ild\u0259 istifad\u0259y\u0259 verilm\u0259si n\u0259z\u0259rd\u0259 tutulan orta m\u0259kt\u0259b d\u0259rslikl\u0259rind\u0259 dini t\u0259bli\u011fat var. Bu m\u0259s\u0259l\u0259 bar\u0259d\u0259 diqq\u0259tin kifay\u0259t q\u0259d\u0259r olmad\u0131\u011f\u0131n\u0131 d\u00fc\u015f\u00fcn\u00fcr\u0259m. Bu, el\u0259 bir t\u0259hl\u00fck\u0259dir ki, az\u0131 respublikan\u0131n m\u00fcst\u0259qilliyi, \u0259razi b\u00fct\u00f6vl\u00fcy\u00fc q\u0259d\u0259r \u00f6n\u0259m da\u015f\u0131y\u0131r. Az\u0259rbaycan Xalq C\u00fcmhuriyy\u0259tind\u0259n indiy\u0259 q\u0259d\u0259r qalan yegan\u0259 d\u0259y\u0259r sekulyarizmdir. Biz sekulyar diktaturay\u0131q. Bu, \u00e7ox t\u0259hl\u00fck\u0259li bir \u015fey olsa da (\u00e7\u00fcnki diktatura \u015f\u0259ri\u0259t rejimi t\u0259hl\u00fck\u0259si il\u0259 manipulyasiya edir h\u0259mi\u015f\u0259), dini rejiml\u0259rd\u0259n bir \u00fcst\u00fcnl\u00fcy\u00fc var \u2013 sekulyarizm.\n<\/p>\n<p>\n  Az\u0259rbaycanda din d\u00f6vl\u0259td\u0259n ayr\u0131d\u0131r. Bu, h\u0259m dindar, h\u0259m d\u0259 qeyri-dindar \u0259hali \u00fc\u00e7\u00fcn \u0259n ideal se\u00e7imdir. \u00c7\u00fcnki insanlar\u0131n hans\u0131 din\u0259 etiqad edib-etm\u0259diyind\u0259n as\u0131l\u0131 olmayaraq, din qar\u0131\u015fm\u0131\u015f d\u00f6vl\u0259t idar\u0259\u00e7iliyi c\u0259miyy\u0259t \u00fc\u00e7\u00fcn fiaskodur. Bunun m\u00fcbahis\u0259sini d\u0259 aparmaq olar, \u0259n az\u0131 tarixd\u0259ki v\u0259 haz\u0131rda d\u00fcnyada m\u00f6vcud olan n\u00fcmun\u0259l\u0259r \u00fcz\u0259rind\u0259n bu m\u00fcbahis\u0259d\u0259 asanl\u0131qla qalib g\u0259lm\u0259k d\u0259 olar. Amma bunu m\u00fcbahis\u0259 s\u0259viyy\u0259sin\u0259 endirm\u0259k laz\u0131m deyil.\n<\/p>\n<p>\n  Az\u0259rbaycan Respublikas\u0131 Konstitusiyas\u0131n\u0131n 18-ci madd\u0259sinin I hiss\u0259sin\u0259 g\u00f6r\u0259, \u201cAz\u0259rbaycan Respublikas\u0131nda din d\u00f6vl\u0259td\u0259n ayr\u0131d\u0131r\u201d. Bu madd\u0259nin III hiss\u0259sin\u0259 g\u00f6r\u0259 is\u0259, \u201cD\u00f6vl\u0259t t\u0259hsil sistemi d\u00fcny\u0259vi xarakter da\u015f\u0131y\u0131r\u201d.\n<\/p>\n<p>\n  Konstitusiyan\u0131n 152-ci madd\u0259sin\u0259 g\u00f6r\u0259, \u201cAz\u0259rbaycan Respublikas\u0131 Konstitusiyas\u0131n\u0131n m\u0259tnind\u0259 d\u0259yi\u015fiklikl\u0259r yaln\u0131z referendumla q\u0259bul edil\u0259 bil\u0259r\u201d. Konstitusiya Az\u0259rbaycanda b\u00fct\u00fcn aktlardan \u00fcst\u00fcn q\u00fcvv\u0259y\u0259 malikdir. T\u0259hsilin sekulyar (d\u00fcny\u0259vi) olmas\u0131, dinin d\u00f6vl\u0259td\u0259n ayr\u0131 olmas\u0131 konstitusiyada imperativ \u015f\u0259kild\u0259 qeyd olunub v\u0259 bunu m\u00fcbahis\u0259 obyektin\u0259 \u00e7evirm\u0259k laz\u0131m deyil. \u018fksini iddia ed\u0259nl\u0259rl\u0259 yox, Konstitusiyan\u0131 pozanlarla m\u00fcbahis\u0259 etm\u0259k, onlar\u0131n bu pozuntusunun qar\u015f\u0131s\u0131n\u0131 almaq laz\u0131md\u0131r.\n<\/p>\n<p>\n  H\u0259tta qeyd edil\u0259 bil\u0259r ki, Konstitusiyan\u0131n \u00f6z\u00fcn\u00fcn b\u0259zi madd\u0259l\u0259ri qeyri-legitim say\u0131lmal\u0131d\u0131r, saxta referendumlarla q\u0259bul edilib. Amma bu, 18-ci madd\u0259y\u0259 aid deyil. Bu madd\u0259 b\u0259\u015f\u0259riyy\u0259tin \u0259srl\u0259r uzunu apard\u0131\u011f\u0131 m\u00fcbariz\u0259 v\u0259 t\u00f6k\u00fcl\u0259n qanlar n\u0259tic\u0259sind\u0259 \u0259ld\u0259 etdiyi m\u00f6ht\u0259\u015f\u0259m u\u011furlardan biridir. \u015e\u0259ri\u0259tin hakim oldu\u011fu bir ne\u00e7\u0259 islam \u00f6lk\u0259si istisna olmaqla, d\u00fcnyan\u0131n he\u00e7 bir \u00f6lk\u0259sind\u0259 t\u0259hsild\u0259 din elmi \u00fcst\u0259l\u0259mir. \u00dcmumiyy\u0259tl\u0259, din mifoloji d\u00fcnya g\u00f6r\u00fc\u015f\u00fcn\u00fcn sisteml\u0259\u015fdirilmi\u015f formas\u0131 olmaqla, elml\u0259 yax\u0131ndan-uzaqdan \u0259laq\u0259si olmayan uydurma v\u0259 fantastik na\u011f\u0131llar toplusundan ba\u015fqa bir \u015fey deyil. Ona g\u00f6r\u0259 d\u0259 elml\u0259 din r\u0259qab\u0259td\u0259 say\u0131lm\u0131r.\n<\/p>\n<p>\n  B\u0259lk\u0259 orta m\u0259kt\u0259b d\u0259rslikl\u0259rin\u0259 \u0259slind\u0259 doktorluq (PhD) s\u0259viyy\u0259sind\u0259 \u00f6yr\u0259nilm\u0259li \u015feyl\u0259r olan hipotezl\u0259ri salmaq ist\u0259yirl\u0259rs\u0259 d\u0259, bu zaman se\u00e7im din deyil. \u018fslind\u0259 burada \u201chans\u0131 din?\u201d sual\u0131 meydana \u00e7\u0131x\u0131r, \u00e7\u00fcnki Konstitusiyan\u0131n bayaq qeyd etdiyim 18-ci madd\u0259sinin II hiss\u0259sind\u0259 deyilir ki, \u201cB\u00fct\u00fcn dini etiqadlar qanun qar\u015f\u0131s\u0131nda b\u0259rab\u0259rdir\u201d. H\u0259tta hans\u0131sa qeyri-\u0259n\u0259n\u0259vi dinin c\u0259mi 1 n\u0259f\u0259r d\u0259 etiqad ed\u0259ni olsa, o adam iddia ed\u0259 bil\u0259r ki, onun dininin t\u0259bli\u011fat\u0131na az\u0131 islam q\u0259d\u0259r yer verilm\u0259lidir. Bu zaman d\u0259rslikl\u0259rimiz ba\u015fdan-ba\u015fa m\u00fcxt\u0259lif dinl\u0259rin moiz\u0259l\u0259rind\u0259n ibar\u0259t olar.\n<\/p>\n<p>\n  \u00dcmumiyy\u0259tl\u0259 is\u0259, h\u0259tta bel\u0259 bir hal olmasa da, h\u0259tta \u00f6lk\u0259 \u0259halisinin istisnas\u0131z h\u0259r bir f\u0259rdi islam\u0131n d\u0259rslikl\u0259rd\u0259 t\u0259bli\u011fat\u0131n\u0131n \u0259leyhin\u0259 \u00e7\u0131xmasa da, bu, qada\u011fand\u0131r, qada\u011fan olunmal\u0131d\u0131r. \u00c7\u00fcnki dinin iddialar\u0131 elmi deyil. Haz\u0131rda elmin q\u0259bul etdiyi h\u0259qiq\u0259tl\u0259rl\u0259 yana\u015f\u0131 ara\u015fd\u0131rd\u0131\u011f\u0131, \u00fcz\u0259rind\u0259 t\u0259cr\u00fcb\u0259l\u0259rin, analizl\u0259rin davam etdiyi \u00e7oxlu elmi n\u0259z\u0259riyy\u0259l\u0259r v\u0259 \u00e7oxlu elmi hipotezl\u0259r var. M\u00fctl\u0259q bir hipotez, n\u0259z\u0259riyy\u0259 yaz\u0131lmal\u0131d\u0131rsa, bu, m\u0259hz elmi n\u0259z\u0259riyy\u0259 v\u0259 hipotezl\u0259r olmal\u0131d\u0131r. Dinin iddialar\u0131n\u0131n he\u00e7 biri he\u00e7 bir halda bu elmi hipotezl\u0259r aras\u0131nda yer alm\u0131r. Elm s\u0259hv ed\u0259 bil\u0259r, amma din s\u0259hv etmir, din bil\u0259-bil\u0259, q\u0259sd\u0259n yalan dan\u0131\u015f\u0131r. Din elmin yox, siyas\u0259tin bir hiss\u0259sidir, k\u00fctl\u0259l\u0259ri manipulyasiya s\u0259n\u0259tidir, sisteml\u0259\u015fdirilmi\u015f m\u00f6vhumatdan sui-istifad\u0259dir, ba\u015fqa he\u00e7 n\u0259.\n<\/p>\n<p>\n  Kimin hans\u0131 yalana n\u0259 q\u0259d\u0259r inanmas\u0131 onun \u00f6z i\u015fidir, amma bunu ba\u015fqas\u0131na t\u0259lqin etm\u0259si art\u0131q problemlidir. Bu t\u0259lqin h\u0259dl\u0259ri a\u015f\u0131b g\u0259l\u0259c\u0259yimizi t\u0259hl\u00fck\u0259 alt\u0131nda qoyursa, o zaman bu, qada\u011fand\u0131r, h\u00fcquqazidd \u0259m\u0259ldir v\u0259 t\u0259hl\u00fck\u0259lilik d\u0259r\u0259c\u0259sinin y\u00fcks\u0259kliyin\u0259 g\u00f6r\u0259 qar\u015f\u0131s\u0131 d\u0259rhal al\u0131nmal\u0131d\u0131r.\n<\/p>\n<p>\n  C\u00fcmhuriyy\u0259timizd\u0259n qalan yegan\u0259 d\u0259y\u0259rimiz sekulyarizmdir. Bu, romantik c\u00fcmhuriyy\u0259t\u00e7ilik sevdas\u0131 deyil. Sekulyarizm bizim g\u0259l\u0259c\u0259yimiz \u00fc\u00e7\u00fcn son d\u0259r\u0259c\u0259 vacib olan m\u0259s\u0259l\u0259dir. Bunu qoruyub saxlamaq \u00f6vladlar\u0131m\u0131z, c\u0259miyy\u0259timiz qar\u015f\u0131s\u0131nda borcumuzdur. Yadda saxlamaq laz\u0131md\u0131r ki, m\u0259hdud demokratik (meritokratik) dini d\u00f6vl\u0259td\u0259ns\u0259, sekulyar diktatura yax\u015f\u0131d\u0131r. D\u0259rslikl\u0259rimiz t\u0259mizl\u0259nm\u0259li, u\u015faqlar\u0131m\u0131z bu d\u0259h\u015f\u0259tli t\u0259bli\u011fatdan uzaq qalmal\u0131d\u0131rlar.\n<\/p>\n<p>\n  <i><br \/>\n    <b><br \/>\n      Yaz\u0131 m\u00fc\u0259llifin fikirl\u0259rini \u0259ks etdirir v\u0259 Meydan TV-nin m\u00f6vqeyi il\u0259 \u00fcst-\u00fcst\u0259 d\u00fc\u015fm\u0259y\u0259 bil\u0259r.<br \/>\n    <\/b><br \/>\n  <\/i><\/p>\n","protected":false},"excerpt":{"rendered":"<p>Son bir ne\u00e7\u0259 g\u00fcnd\u0259 m\u0259lum olub ki, 2017-ci ild\u0259 istifad\u0259y\u0259 verilm\u0259si n\u0259z\u0259rd\u0259 tutulan orta m\u0259kt\u0259b d\u0259rslikl\u0259rind\u0259 dini t\u0259bli\u011fat var<\/p>\n","protected":false},"author":11,"featured_media":79618,"comment_status":"closed","ping_status":"open","sticky":false,"template":"","format":"standard","meta":{"_acf_changed":false,"_sitemap_exclude":false,"_sitemap_priority":"","_sitemap_frequency":"","footnotes":""},"categories":[57],"tags":[],"class_list":["post-183539","post","type-post","status-publish","format-standard","has-post-thumbnail","hentry","category-menim-fikrimce","infinite-scroll-item","generate-columns","tablet-grid-50","mobile-grid-100","grid-parent","grid-33","no-featured-image-padding"],"acf":[],"yoast_head":"<!-- This site is optimized with the Yoast SEO plugin v27.5 - https:\/\/yoast.com\/product\/yoast-seo-wordpress\/ -->\n<title>Dini t\u0259bli\u011fat t\u0259hl\u00fck\u0259si d\u0259f edilm\u0259lidir! - MEYDAN.TV<\/title>\n<meta name=\"robots\" content=\"index, follow, max-snippet:-1, max-image-preview:large, max-video-preview:-1\" \/>\n<link rel=\"canonical\" href=\"https:\/\/www.meydan.tv\/az\/article\/dini-tebligat-tehlukesi-def-edilmelidir\/\" \/>\n<meta property=\"og:locale\" content=\"az_AZ\" \/>\n<meta property=\"og:type\" content=\"article\" \/>\n<meta property=\"og:title\" content=\"Dini t\u0259bli\u011fat t\u0259hl\u00fck\u0259si d\u0259f edilm\u0259lidir! - MEYDAN.TV\" \/>\n<meta property=\"og:description\" content=\"Son bir ne\u00e7\u0259 g\u00fcnd\u0259 m\u0259lum olub ki, 2017-ci ild\u0259 istifad\u0259y\u0259 verilm\u0259si n\u0259z\u0259rd\u0259 tutulan orta m\u0259kt\u0259b d\u0259rslikl\u0259rind\u0259 dini t\u0259bli\u011fat var\" \/>\n<meta property=\"og:url\" content=\"https:\/\/www.meydan.tv\/az\/article\/dini-tebligat-tehlukesi-def-edilmelidir\/\" \/>\n<meta property=\"og:site_name\" content=\"MEYDAN.TV\" \/>\n<meta property=\"article:published_time\" content=\"2017-04-06T17:43:21+00:00\" \/>\n<meta property=\"og:image\" content=\"https:\/\/www.meydan.tv\/wp-content\/uploads\/31024-1095x821.png\" \/>\n\t<meta property=\"og:image:width\" content=\"1095\" \/>\n\t<meta property=\"og:image:height\" content=\"821\" \/>\n\t<meta property=\"og:image:type\" content=\"image\/png\" \/>\n<meta name=\"author\" content=\"user-manager\" \/>\n<meta name=\"twitter:card\" content=\"summary_large_image\" \/>\n<script type=\"application\/ld+json\" class=\"yoast-schema-graph\">{\"@context\":\"https:\\\/\\\/schema.org\",\"@graph\":[{\"@type\":\"Article\",\"@id\":\"https:\\\/\\\/www.meydan.tv\\\/az\\\/article\\\/dini-tebligat-tehlukesi-def-edilmelidir\\\/#article\",\"isPartOf\":{\"@id\":\"https:\\\/\\\/www.meydan.tv\\\/az\\\/article\\\/dini-tebligat-tehlukesi-def-edilmelidir\\\/\"},\"author\":{\"name\":\"user-manager\",\"@id\":\"https:\\\/\\\/www.meydan.tv\\\/az\\\/#\\\/schema\\\/person\\\/10d11eccf6da3662cf5fdab9806ea91a\"},\"headline\":\"Dini t\u0259bli\u011fat t\u0259hl\u00fck\u0259si d\u0259f edilm\u0259lidir!\",\"datePublished\":\"2017-04-06T17:43:21+00:00\",\"mainEntityOfPage\":{\"@id\":\"https:\\\/\\\/www.meydan.tv\\\/az\\\/article\\\/dini-tebligat-tehlukesi-def-edilmelidir\\\/\"},\"wordCount\":1001,\"publisher\":{\"@id\":\"https:\\\/\\\/www.meydan.tv\\\/az\\\/#organization\"},\"image\":{\"@id\":\"https:\\\/\\\/www.meydan.tv\\\/az\\\/article\\\/dini-tebligat-tehlukesi-def-edilmelidir\\\/#primaryimage\"},\"thumbnailUrl\":\"https:\\\/\\\/www.meydan.tv\\\/wp-content\\\/uploads\\\/31024.png\",\"articleSection\":[\"M\u0259nim Fikrimc\u0259\"],\"inLanguage\":\"az\"},{\"@type\":\"WebPage\",\"@id\":\"https:\\\/\\\/www.meydan.tv\\\/az\\\/article\\\/dini-tebligat-tehlukesi-def-edilmelidir\\\/\",\"url\":\"https:\\\/\\\/www.meydan.tv\\\/az\\\/article\\\/dini-tebligat-tehlukesi-def-edilmelidir\\\/\",\"name\":\"Dini t\u0259bli\u011fat t\u0259hl\u00fck\u0259si d\u0259f edilm\u0259lidir! - MEYDAN.TV\",\"isPartOf\":{\"@id\":\"https:\\\/\\\/www.meydan.tv\\\/az\\\/#website\"},\"primaryImageOfPage\":{\"@id\":\"https:\\\/\\\/www.meydan.tv\\\/az\\\/article\\\/dini-tebligat-tehlukesi-def-edilmelidir\\\/#primaryimage\"},\"image\":{\"@id\":\"https:\\\/\\\/www.meydan.tv\\\/az\\\/article\\\/dini-tebligat-tehlukesi-def-edilmelidir\\\/#primaryimage\"},\"thumbnailUrl\":\"https:\\\/\\\/www.meydan.tv\\\/wp-content\\\/uploads\\\/31024.png\",\"datePublished\":\"2017-04-06T17:43:21+00:00\",\"breadcrumb\":{\"@id\":\"https:\\\/\\\/www.meydan.tv\\\/az\\\/article\\\/dini-tebligat-tehlukesi-def-edilmelidir\\\/#breadcrumb\"},\"inLanguage\":\"az\",\"potentialAction\":[{\"@type\":\"ReadAction\",\"target\":[\"https:\\\/\\\/www.meydan.tv\\\/az\\\/article\\\/dini-tebligat-tehlukesi-def-edilmelidir\\\/\"]}]},{\"@type\":\"ImageObject\",\"inLanguage\":\"az\",\"@id\":\"https:\\\/\\\/www.meydan.tv\\\/az\\\/article\\\/dini-tebligat-tehlukesi-def-edilmelidir\\\/#primaryimage\",\"url\":\"https:\\\/\\\/www.meydan.tv\\\/wp-content\\\/uploads\\\/31024.png\",\"contentUrl\":\"https:\\\/\\\/www.meydan.tv\\\/wp-content\\\/uploads\\\/31024.png\",\"width\":2732,\"height\":2048,\"caption\":\"Source:\"},{\"@type\":\"BreadcrumbList\",\"@id\":\"https:\\\/\\\/www.meydan.tv\\\/az\\\/article\\\/dini-tebligat-tehlukesi-def-edilmelidir\\\/#breadcrumb\",\"itemListElement\":[{\"@type\":\"ListItem\",\"position\":1,\"name\":\"Ana s\u0259hif\u0259\",\"item\":\"https:\\\/\\\/www.meydan.tv\\\/az\\\/\"},{\"@type\":\"ListItem\",\"position\":2,\"name\":\"M\u0259nim Fikrimc\u0259\",\"item\":\"https:\\\/\\\/www.meydan.tv\\\/az\\\/section\\\/menim-fikrimce\\\/\"},{\"@type\":\"ListItem\",\"position\":3,\"name\":\"Dini t\u0259bli\u011fat t\u0259hl\u00fck\u0259si d\u0259f edilm\u0259lidir!\"}]},{\"@type\":\"WebSite\",\"@id\":\"https:\\\/\\\/www.meydan.tv\\\/az\\\/#website\",\"url\":\"https:\\\/\\\/www.meydan.tv\\\/az\\\/\",\"name\":\"MEYDAN.TV\",\"description\":\"Meydan TV Az\u0259rbaycan\u0131n media m\u0259kan\u0131ndak\u0131 alternativ s\u0259sidir\",\"publisher\":{\"@id\":\"https:\\\/\\\/www.meydan.tv\\\/az\\\/#organization\"},\"potentialAction\":[{\"@type\":\"SearchAction\",\"target\":{\"@type\":\"EntryPoint\",\"urlTemplate\":\"https:\\\/\\\/www.meydan.tv\\\/az\\\/?s={search_term_string}\"},\"query-input\":{\"@type\":\"PropertyValueSpecification\",\"valueRequired\":true,\"valueName\":\"search_term_string\"}}],\"inLanguage\":\"az\"},{\"@type\":\"Organization\",\"@id\":\"https:\\\/\\\/www.meydan.tv\\\/az\\\/#organization\",\"name\":\"Meydan TV\",\"url\":\"https:\\\/\\\/www.meydan.tv\\\/az\\\/\",\"logo\":{\"@type\":\"ImageObject\",\"inLanguage\":\"az\",\"@id\":\"https:\\\/\\\/www.meydan.tv\\\/az\\\/#\\\/schema\\\/logo\\\/image\\\/\",\"url\":\"https:\\\/\\\/www.meydan.tv\\\/wp-content\\\/uploads\\\/2021\\\/07\\\/meydan-logo.svg\",\"contentUrl\":\"https:\\\/\\\/www.meydan.tv\\\/wp-content\\\/uploads\\\/2021\\\/07\\\/meydan-logo.svg\",\"width\":195,\"height\":46,\"caption\":\"Meydan TV\"},\"image\":{\"@id\":\"https:\\\/\\\/www.meydan.tv\\\/az\\\/#\\\/schema\\\/logo\\\/image\\\/\"}},{\"@type\":\"Person\",\"@id\":\"https:\\\/\\\/www.meydan.tv\\\/az\\\/#\\\/schema\\\/person\\\/10d11eccf6da3662cf5fdab9806ea91a\",\"name\":\"user-manager\"}]}<\/script>\n<!-- \/ Yoast SEO plugin. -->","yoast_head_json":{"title":"Dini t\u0259bli\u011fat t\u0259hl\u00fck\u0259si d\u0259f edilm\u0259lidir! - MEYDAN.TV","robots":{"index":"index","follow":"follow","max-snippet":"max-snippet:-1","max-image-preview":"max-image-preview:large","max-video-preview":"max-video-preview:-1"},"canonical":"https:\/\/www.meydan.tv\/az\/article\/dini-tebligat-tehlukesi-def-edilmelidir\/","og_locale":"az_AZ","og_type":"article","og_title":"Dini t\u0259bli\u011fat t\u0259hl\u00fck\u0259si d\u0259f edilm\u0259lidir! - MEYDAN.TV","og_description":"Son bir ne\u00e7\u0259 g\u00fcnd\u0259 m\u0259lum olub ki, 2017-ci ild\u0259 istifad\u0259y\u0259 verilm\u0259si n\u0259z\u0259rd\u0259 tutulan orta m\u0259kt\u0259b d\u0259rslikl\u0259rind\u0259 dini t\u0259bli\u011fat var","og_url":"https:\/\/www.meydan.tv\/az\/article\/dini-tebligat-tehlukesi-def-edilmelidir\/","og_site_name":"MEYDAN.TV","article_published_time":"2017-04-06T17:43:21+00:00","og_image":[{"width":1095,"height":821,"url":"https:\/\/www.meydan.tv\/wp-content\/uploads\/31024-1095x821.png","type":"image\/png"}],"author":"user-manager","twitter_card":"summary_large_image","schema":{"@context":"https:\/\/schema.org","@graph":[{"@type":"Article","@id":"https:\/\/www.meydan.tv\/az\/article\/dini-tebligat-tehlukesi-def-edilmelidir\/#article","isPartOf":{"@id":"https:\/\/www.meydan.tv\/az\/article\/dini-tebligat-tehlukesi-def-edilmelidir\/"},"author":{"name":"user-manager","@id":"https:\/\/www.meydan.tv\/az\/#\/schema\/person\/10d11eccf6da3662cf5fdab9806ea91a"},"headline":"Dini t\u0259bli\u011fat t\u0259hl\u00fck\u0259si d\u0259f edilm\u0259lidir!","datePublished":"2017-04-06T17:43:21+00:00","mainEntityOfPage":{"@id":"https:\/\/www.meydan.tv\/az\/article\/dini-tebligat-tehlukesi-def-edilmelidir\/"},"wordCount":1001,"publisher":{"@id":"https:\/\/www.meydan.tv\/az\/#organization"},"image":{"@id":"https:\/\/www.meydan.tv\/az\/article\/dini-tebligat-tehlukesi-def-edilmelidir\/#primaryimage"},"thumbnailUrl":"https:\/\/www.meydan.tv\/wp-content\/uploads\/31024.png","articleSection":["M\u0259nim Fikrimc\u0259"],"inLanguage":"az"},{"@type":"WebPage","@id":"https:\/\/www.meydan.tv\/az\/article\/dini-tebligat-tehlukesi-def-edilmelidir\/","url":"https:\/\/www.meydan.tv\/az\/article\/dini-tebligat-tehlukesi-def-edilmelidir\/","name":"Dini t\u0259bli\u011fat t\u0259hl\u00fck\u0259si d\u0259f edilm\u0259lidir! - MEYDAN.TV","isPartOf":{"@id":"https:\/\/www.meydan.tv\/az\/#website"},"primaryImageOfPage":{"@id":"https:\/\/www.meydan.tv\/az\/article\/dini-tebligat-tehlukesi-def-edilmelidir\/#primaryimage"},"image":{"@id":"https:\/\/www.meydan.tv\/az\/article\/dini-tebligat-tehlukesi-def-edilmelidir\/#primaryimage"},"thumbnailUrl":"https:\/\/www.meydan.tv\/wp-content\/uploads\/31024.png","datePublished":"2017-04-06T17:43:21+00:00","breadcrumb":{"@id":"https:\/\/www.meydan.tv\/az\/article\/dini-tebligat-tehlukesi-def-edilmelidir\/#breadcrumb"},"inLanguage":"az","potentialAction":[{"@type":"ReadAction","target":["https:\/\/www.meydan.tv\/az\/article\/dini-tebligat-tehlukesi-def-edilmelidir\/"]}]},{"@type":"ImageObject","inLanguage":"az","@id":"https:\/\/www.meydan.tv\/az\/article\/dini-tebligat-tehlukesi-def-edilmelidir\/#primaryimage","url":"https:\/\/www.meydan.tv\/wp-content\/uploads\/31024.png","contentUrl":"https:\/\/www.meydan.tv\/wp-content\/uploads\/31024.png","width":2732,"height":2048,"caption":"Source:"},{"@type":"BreadcrumbList","@id":"https:\/\/www.meydan.tv\/az\/article\/dini-tebligat-tehlukesi-def-edilmelidir\/#breadcrumb","itemListElement":[{"@type":"ListItem","position":1,"name":"Ana s\u0259hif\u0259","item":"https:\/\/www.meydan.tv\/az\/"},{"@type":"ListItem","position":2,"name":"M\u0259nim Fikrimc\u0259","item":"https:\/\/www.meydan.tv\/az\/section\/menim-fikrimce\/"},{"@type":"ListItem","position":3,"name":"Dini t\u0259bli\u011fat t\u0259hl\u00fck\u0259si d\u0259f edilm\u0259lidir!"}]},{"@type":"WebSite","@id":"https:\/\/www.meydan.tv\/az\/#website","url":"https:\/\/www.meydan.tv\/az\/","name":"MEYDAN.TV","description":"Meydan TV Az\u0259rbaycan\u0131n media m\u0259kan\u0131ndak\u0131 alternativ s\u0259sidir","publisher":{"@id":"https:\/\/www.meydan.tv\/az\/#organization"},"potentialAction":[{"@type":"SearchAction","target":{"@type":"EntryPoint","urlTemplate":"https:\/\/www.meydan.tv\/az\/?s={search_term_string}"},"query-input":{"@type":"PropertyValueSpecification","valueRequired":true,"valueName":"search_term_string"}}],"inLanguage":"az"},{"@type":"Organization","@id":"https:\/\/www.meydan.tv\/az\/#organization","name":"Meydan TV","url":"https:\/\/www.meydan.tv\/az\/","logo":{"@type":"ImageObject","inLanguage":"az","@id":"https:\/\/www.meydan.tv\/az\/#\/schema\/logo\/image\/","url":"https:\/\/www.meydan.tv\/wp-content\/uploads\/2021\/07\/meydan-logo.svg","contentUrl":"https:\/\/www.meydan.tv\/wp-content\/uploads\/2021\/07\/meydan-logo.svg","width":195,"height":46,"caption":"Meydan TV"},"image":{"@id":"https:\/\/www.meydan.tv\/az\/#\/schema\/logo\/image\/"}},{"@type":"Person","@id":"https:\/\/www.meydan.tv\/az\/#\/schema\/person\/10d11eccf6da3662cf5fdab9806ea91a","name":"user-manager"}]}},"_links":{"self":[{"href":"https:\/\/www.meydan.tv\/az\/wp-json\/wp\/v2\/posts\/183539","targetHints":{"allow":["GET"]}}],"collection":[{"href":"https:\/\/www.meydan.tv\/az\/wp-json\/wp\/v2\/posts"}],"about":[{"href":"https:\/\/www.meydan.tv\/az\/wp-json\/wp\/v2\/types\/post"}],"author":[{"embeddable":true,"href":"https:\/\/www.meydan.tv\/az\/wp-json\/wp\/v2\/users\/11"}],"replies":[{"embeddable":true,"href":"https:\/\/www.meydan.tv\/az\/wp-json\/wp\/v2\/comments?post=183539"}],"version-history":[{"count":0,"href":"https:\/\/www.meydan.tv\/az\/wp-json\/wp\/v2\/posts\/183539\/revisions"}],"wp:featuredmedia":[{"embeddable":true,"href":"https:\/\/www.meydan.tv\/az\/wp-json\/wp\/v2\/media\/79618"}],"wp:attachment":[{"href":"https:\/\/www.meydan.tv\/az\/wp-json\/wp\/v2\/media?parent=183539"}],"wp:term":[{"taxonomy":"category","embeddable":true,"href":"https:\/\/www.meydan.tv\/az\/wp-json\/wp\/v2\/categories?post=183539"},{"taxonomy":"post_tag","embeddable":true,"href":"https:\/\/www.meydan.tv\/az\/wp-json\/wp\/v2\/tags?post=183539"}],"curies":[{"name":"wp","href":"https:\/\/api.w.org\/{rel}","templated":true}]}}