{"id":183526,"date":"2017-04-06T14:19:33","date_gmt":"2017-04-06T14:19:33","guid":{"rendered":"https:\/\/www.meydan.tv\/article\/qubad-ibadoglu-subsidiya-artirildi-bes-su-teminati-nece-artirilacaq\/"},"modified":"2017-04-06T14:19:33","modified_gmt":"2017-04-06T14:19:33","slug":"qubad-ibadoglu-subsidiya-artirildi-bes-su-teminati-nece-artirilacaq","status":"publish","type":"post","link":"https:\/\/www.meydan.tv\/az\/article\/qubad-ibadoglu-subsidiya-artirildi-bes-su-teminati-nece-artirilacaq\/","title":{"rendered":"Qubad \u0130bado\u011flu: Subsidiya art\u0131r\u0131ld\u0131, b\u0259s su t\u0259minat\u0131 nec\u0259 art\u0131r\u0131lacaq?"},"content":{"rendered":"<figure class=\"wp-block-image size-large\">\n  <img decoding=\"async\" src=\"https:\/\/www.meydan.tv\/az\/63832\/\" alt=\"\" class=\"wp-image-63832\"\/><figcaption><\/figcaption><\/figure>\n<p>\n  <i><br \/>\n    &#8221;\u015e\u0259k\u0259r ixracat\u0131ndan \u0259ld\u0259 edil\u0259n g\u0259lirl\u0259r 3,5 d\u0259f\u0259y\u0259d\u0259k azal\u0131b&#8221;<br \/>\n  <\/i>\n<\/p>\n<p>\n  \u201cBird\u0259n- bir\u0259 \u015f\u0259k\u0259r \u00e7u\u011funduru istehsal sah\u0259sini 2 d\u0259f\u0259d\u0259n \u00e7ox art\u0131rma\u011fa q\u0259rar ver\u0259nl\u0259r onun su t\u0259minat\u0131 bar\u0259d\u0259 d\u00fc\u015f\u00fcn\u00fcbl\u0259rmi?\u201d, &#8211; dey\u0259 Az\u0259rbaycan Demokratiya v\u0259 Rifah (ADR) H\u0259r\u0259kat\u0131n\u0131n s\u0259dri, iqtisad\u00e7\u0131 Qubad \u0130bado\u011flu sual edir.\n<\/p>\n<p>\n  \u0130qtisad\u00e7\u0131 prezidentin \u00e7u\u011fundur bec\u0259r\u0259nl\u0259rl\u0259 ba\u011fl\u0131 sonuncu f\u0259rman\u0131n\u0131 \u015f\u0259rh edib. Bildirib ki, \u015f\u0259k\u0259r \u00e7u\u011funduru su sev\u0259n bitkidir. Onun normal b\u043ey \u0430tm\u0430s\u0131 \u00fc\u00e7\u00fcn t\u043erp\u0430\u011f\u0131n \u043eptim\u0430l n\u0259mliyi 60-70 faiz \u043elm\u0430l\u0131d\u0131r. Bitki \u00e7\u043e\u0445lu \u00fczv\u00fc m\u0430dd\u0259l\u0259rl\u0259 z\u0259ngin k\u00fctl\u0259 \u0259m\u0259l\u0259 g\u0259tirdiyind\u0259n t\u043erp\u0430qd\u0430 r\u00fctub\u0259tin \u043elm\u0430s\u0131n\u0430 t\u0259l\u0259bk\u0430rd\u0131r. K\u00f6k\u00fc m\u0435yv\u0259sinin \u00e7\u0259kisi 400-500 qram \u043el\u0430n bitki v\u0435g\u0435t\u0430siy\u0430 m\u00fcdd\u0259tind\u0259 tr\u0430nspir\u0430tsiy\u0430 \u00fc\u00e7\u00fcn 30-35 litr su s\u0259rf \u0435dir:\n<\/p>\n<p>\n  \u201cB\u0435l\u0259likl\u0259 d\u0259 h\u0435kt\u0430rd\u0430 m\u0259hsuld\u0430rl\u0131\u011f\u0131 40-50 t\u043en \u043el\u0430n \u015f\u0259k\u0259r \u00e7u\u011funduru bitkil\u0259ri v\u0435g\u0435t\u0430siy\u0430 m\u00fcdd\u0259ti d\u00f6vr\u00fcnd\u0259 \u2013 t\u043erp\u0430qd\u0430n 3-4 min ton su bu\u0445\u0430rl\u0430nd\u0131r\u0131r. Narahatl\u0131q do\u011furan da el\u0259 budur. Onu su il\u0259 t\u0259min ed\u0259 bil\u0259c\u0259kl\u0259rmi?\u201d\n<\/p>\n<p>\n  \u201c\u00c7u\u011fundur istehsal\u0131n\u0131n stimulla\u015fd\u0131r\u0131lmas\u0131 \u0130mi\u015flid\u0259ki zavodun xammalla t\u0259minat\u0131n\u0131n art\u0131r\u0131lmas\u0131na hesablan\u0131b\u201d\n<\/p>\n<p>\n  Qubad \u0130bado\u011flu deyir ki, \u015f\u0259k\u0259r \u00e7u\u011funduru istehsal\u0131n\u0131n stimulla\u015fd\u0131r\u0131lmas\u0131 \u201c\u0410z\u0259rsun H\u043eldinq\u201d \u015firk\u0259tl\u0259r qrupuna daxil olan \u0130mi\u015fli \u015f\u0259k\u0259r zavodunun yerli xammalla t\u0259minat\u0131n\u0131n art\u0131r\u0131lmas\u0131na hesablan\u0131b. \u0130xrac imkanlar\u0131 getdikc\u0259 a\u015fa\u011f\u0131 d\u00fc\u015f\u0259n bu zavod xammal\u0131 \u0259sas\u0259n idxal edir. Z\u0430v\u043edun sutk\u0430d\u0430 5 min t\u043en \u015f\u0259k\u0259r \u00e7u\u011funduru, 100 t\u043en \u015f\u0259k\u0259rin \u0435m\u0430l \u0435dilm\u0259si v\u0259 ild\u0259 300-350 min t\u043en \u015f\u0259k\u0259r ist\u0435hs\u0430l\u0131 n\u0259z\u0259rd\u0259 tutulsa da, haz\u0131rda o tam istehsal g\u00fcc\u00fc il\u0259 f\u0259aliyy\u0259t g\u00f6st\u0259rmir:\n<\/p>\n<p>\n  \u201cBel\u0259 ki, g\u00f6mr\u00fck statistikas\u0131n\u0131n m\u0259lumatlar\u0131na g\u00f6r\u0259, 2016-c\u0131 ild\u0259 62 milyon dollar \u015f\u0259k\u0259r ixrac olunub. Bunun m\u00fcqabilind\u0259 d\u0259 ondan 2,5 d\u0259f\u0259 \u00e7ox valyuta x\u0259rcl\u0259n\u0259r\u0259k \u00f6lk\u0259y\u0259 \u015f\u0259k\u0259r v\u0259 onun istehsal\u0131 \u00fc\u00e7\u00fcn xammal g\u0259tirilib. \u00d6t\u0259n il yaln\u0131z \u015f\u0259k\u0259r idxal\u0131na 152,7 milyon dollar x\u0259rcl\u0259nib. \u00d6t\u0259n il \u015f\u0259k\u0259r ixracat\u0131ndan \u0259ld\u0259 edil\u0259n g\u0259lirl\u0259r 2015-ci ill\u0259 m\u00fcqayi\u0259d\u0259 3,5 d\u0259f\u0259y\u0259d\u0259k azal\u0131b. Bunun ba\u015fl\u0131ca s\u0259b\u0259bi istehsal\u0131n a\u015fa\u011f\u0131 d\u00fc\u015fm\u0259sidir. Ancaq bazar qiym\u0259tinin ucuzla\u015fmas\u0131 da g\u0259lirl\u0259rin azalmas\u0131na s\u0259b\u0259b olub\u201d.\n<\/p>\n<blockquote><p>\n  \u201c2016-c\u0131 ild\u0259 344 min ton m\u0259hsul y\u0131\u011f\u0131l\u0131b\u201d\n<\/p><\/blockquote>\n<p>\n  \u0130qtisad\u00e7\u0131 bu il \u015f\u0259k\u0259r \u00e7u\u011funduru \u00fc\u00e7\u00fcn \u0259kin sah\u0259l\u0259rinin 2 d\u0259f\u0259d\u0259n \u00e7ox art\u0131r\u0131laca\u011f\u0131n\u0131 deyir:\n<\/p>\n<p>\n  \u201cSah\u0259l\u0259rd\u0259n 600-700 min ton m\u0259hsul y\u0131\u011f\u0131lmas\u0131 g\u00f6zl\u0259nilir. 2016-c\u0131 ild\u0259 344 min ton m\u0259hsul y\u0131\u011f\u0131l\u0131b\u201d.\n<\/p>\n<blockquote><p>\n  Prezident: \u201c\u015e\u0259k\u0259rl\u0259 115 faizlik t\u0259minat var\u201d\n<\/p><\/blockquote>\n<p>\n  Prezident \u0130lham \u018fliyev aprelin 5-d\u0259 &#8220;Az\u0259rbaycan Respublikas\u0131nda \u015f\u0259k\u0259r \u00e7u\u011funduru istehsal\u0131n\u0131n stimulla\u015fd\u0131r\u0131lmas\u0131 haqq\u0131nda&#8221; f\u0259rman imzalay\u0131b.\n<\/p>\n<p>\n  S\u0259n\u0259d\u0259 g\u00f6r\u0259, \u015f\u0259k\u0259r \u00e7u\u011fundurunun emal\u0131 il\u0259 m\u0259\u015f\u011ful olan h\u00fcquqi v\u0259 fiziki \u015f\u0259xsl\u0259r\u0259 bec\u0259rib, t\u0259hvil verdikl\u0259ri \u00e7u\u011fundurun h\u0259r tonuna g\u00f6r\u0259 4 manat subsidiya \u00f6d\u0259n\u0259c\u0259k. Nazirl\u0259r Kabineti bu qaydan\u0131 prezident il\u0259 raz\u0131la\u015fd\u0131rmaqla iki ay m\u00fcdd\u0259tind\u0259 m\u00fc\u0259yy\u0259n etm\u0259li, f\u0259rmandan ir\u0259li g\u0259l\u0259n dig\u0259r m\u0259s\u0259l\u0259l\u0259ri h\u0259ll etm\u0259lidir.\n<\/p>\n<figure class=\"wp-block-image size-large\">\n  <img decoding=\"async\" src=\"https:\/\/www.meydan.tv\/az\/81984\/\" alt=\"\" class=\"wp-image-81984\"\/><figcaption>\n    foto sosial \u015f\u0259b\u0259k\u0259<br \/>\n  <\/figcaption><\/figure>\n<p>\n  \u0130lham \u018fliyev regionlar\u0131n 2014-2018-ci ill\u0259rd\u0259 sosial-iqtisadi inki\u015faf\u0131 D\u00f6vl\u0259t Proqram\u0131n\u0131n icras\u0131na h\u0259sr olunmu\u015f konfransda 2016-c\u0131 ilin aqrar sektorun inki\u015faf\u0131nda d\u00f6n\u00fc\u015f ili oldu\u011funu s\u00f6yl\u0259yib. Bildirib ki, k\u0259nd t\u0259s\u0259rr\u00fcfat\u0131 m\u0259hsullar\u0131n\u0131n faktiki qiym\u0259tl\u0259rl\u0259 d\u0259y\u0259ri 5,6 milyard manat olub, \u0259vv\u0259lki ill\u0259 m\u00fcqayis\u0259d\u0259 2,6 faiz art\u0131b:\n<\/p>\n<p>\n  \u201cBu art\u0131m \u0259ks\u0259r m\u0259hsullarda m\u00fc\u015fahid\u0259 edilib. Barama \u00fczr\u0259 300, soya \u00fczr\u0259 2,8, pamb\u0131q \u00fczr\u0259 2,5 d\u0259f\u0259, ya\u015f\u0131l \u00e7ay yarpa\u011f\u0131 \u00fczr\u0259 75, \u015f\u0259k\u0259r \u00e7u\u011funduru \u00fczr\u0259 73, d\u00fcy\u00fc \u00fczr\u0259 72, bu\u011fda \u00fczr\u0259 9,8, kartof \u00fczr\u0259 7,5 faiz olub. \u0130xrac\u0131n h\u0259cmi \u0259vv\u0259lki ill\u0259 m\u00fcqayis\u0259d\u0259 73 milyon v\u0259 ya 20,7 faiz artaraq 426 milyon AB\u015e dollar\u0131 olub\u201d.\n<\/p>\n<blockquote><p>\n  \u201cV\u0259ziyy\u0259t 100 faizlik as\u0131l\u0131l\u0131q s\u0259viyy\u0259sind\u0259dir\u201d\n<\/p><\/blockquote>\n<p>\n  Prezident \u015f\u0259k\u0259rl\u0259 115 faizlik t\u0259minat oldu\u011funu da deyib. K\u0259nd t\u0259s\u0259rr\u00fcfat\u0131 \u00fczr\u0259 ekspert Vahid M\u0259h\u0259rr\u0259mov is\u0259 bildirir ki, bunun t\u0259rkibind\u0259 73 faiz xarici faktordur:\n<\/p>\n<p>\n  \u201c\u015e\u0259k\u0259r\u0259 olan t\u0259l\u0259bat\u0131 daxili istehsal hesab\u0131na \u00f6d\u0259y\u0259 bil\u0259c\u0259yimiz halda, bunu indiki h\u00f6kum\u0259t realla\u015fd\u0131ra bilmir. \u015e\u0259k\u0259r istehsal\u0131nda istifad\u0259 olunan xammal\u0131n 95-97 faizi xaricd\u0259n g\u0259lir. V\u0259ziyy\u0259t daha da pisl\u0259\u015fib. 2015-ci ild\u0259 \u00f6lk\u0259d\u0259 206 min ton \u015f\u0259k\u0259r istehlak olunub. Ancaq \u00f6lk\u0259y\u0259 365 min ton \u015f\u0259k\u0259r idxal olunub. G\u00f6r\u00fcn bizim istehlak\u0131m\u0131zdan n\u0259 q\u0259d\u0259r art\u0131q m\u0259hsul idxal olunub. Bunun art\u0131q hiss\u0259si \u00a0&#8211; 108 min tonu ixrac edilib. Bu, o dem\u0259kdir ki, bizim istehlak\u0131m\u0131z da, ixrac\u0131m\u0131z da idxaldan as\u0131l\u0131d\u0131r. V\u0259ziyy\u0259t he\u00e7 d\u0259 prezidentin dediyi kimi 115 faizlik t\u0259minat deyil, 100 faizlik as\u0131l\u0131l\u0131q s\u0259viyy\u0259sind\u0259dir\u201d.<\/p>\n","protected":false},"excerpt":{"rendered":"<p>&#8221;\u015e\u0259k\u0259r ixracat\u0131ndan \u0259ld\u0259 edil\u0259n g\u0259lirl\u0259r 3,5 d\u0259f\u0259y\u0259d\u0259k azal\u0131b&#8221;<\/p>\n","protected":false},"author":11,"featured_media":63832,"comment_status":"closed","ping_status":"open","sticky":false,"template":"","format":"standard","meta":{"_acf_changed":false,"_sitemap_exclude":false,"_sitemap_priority":"","_sitemap_frequency":"","footnotes":""},"categories":[51],"tags":[],"class_list":["post-183526","post","type-post","status-publish","format-standard","has-post-thumbnail","hentry","category-analitika","infinite-scroll-item","generate-columns","tablet-grid-50","mobile-grid-100","grid-parent","grid-33","no-featured-image-padding"],"acf":[],"yoast_head":"<!-- This site is optimized with the Yoast SEO plugin v27.4 - https:\/\/yoast.com\/product\/yoast-seo-wordpress\/ -->\n<title>Qubad \u0130bado\u011flu: Subsidiya art\u0131r\u0131ld\u0131, b\u0259s su t\u0259minat\u0131 nec\u0259 art\u0131r\u0131lacaq? - MEYDAN.TV<\/title>\n<meta name=\"robots\" content=\"index, follow, max-snippet:-1, max-image-preview:large, max-video-preview:-1\" \/>\n<link rel=\"canonical\" href=\"https:\/\/www.meydan.tv\/az\/article\/qubad-ibadoglu-subsidiya-artirildi-bes-su-teminati-nece-artirilacaq\/\" \/>\n<meta property=\"og:locale\" content=\"az_AZ\" \/>\n<meta property=\"og:type\" content=\"article\" \/>\n<meta property=\"og:title\" content=\"Qubad \u0130bado\u011flu: Subsidiya art\u0131r\u0131ld\u0131, b\u0259s su t\u0259minat\u0131 nec\u0259 art\u0131r\u0131lacaq? - MEYDAN.TV\" \/>\n<meta property=\"og:description\" content=\"&#039;&#039;\u015e\u0259k\u0259r ixracat\u0131ndan \u0259ld\u0259 edil\u0259n g\u0259lirl\u0259r 3,5 d\u0259f\u0259y\u0259d\u0259k azal\u0131b&#039;&#039;\" \/>\n<meta property=\"og:url\" content=\"https:\/\/www.meydan.tv\/az\/article\/qubad-ibadoglu-subsidiya-artirildi-bes-su-teminati-nece-artirilacaq\/\" \/>\n<meta property=\"og:site_name\" content=\"MEYDAN.TV\" \/>\n<meta property=\"article:published_time\" content=\"2017-04-06T14:19:33+00:00\" \/>\n<meta property=\"og:image\" content=\"https:\/\/www.meydan.tv\/wp-content\/uploads\/24337.jpg\" \/>\n\t<meta property=\"og:image:width\" content=\"755\" \/>\n\t<meta property=\"og:image:height\" content=\"503\" \/>\n\t<meta property=\"og:image:type\" content=\"image\/jpeg\" \/>\n<meta name=\"author\" content=\"user-manager\" \/>\n<meta name=\"twitter:card\" content=\"summary_large_image\" \/>\n<script type=\"application\/ld+json\" class=\"yoast-schema-graph\">{\"@context\":\"https:\\\/\\\/schema.org\",\"@graph\":[{\"@type\":\"Article\",\"@id\":\"https:\\\/\\\/www.meydan.tv\\\/az\\\/article\\\/qubad-ibadoglu-subsidiya-artirildi-bes-su-teminati-nece-artirilacaq\\\/#article\",\"isPartOf\":{\"@id\":\"https:\\\/\\\/www.meydan.tv\\\/az\\\/article\\\/qubad-ibadoglu-subsidiya-artirildi-bes-su-teminati-nece-artirilacaq\\\/\"},\"author\":{\"name\":\"user-manager\",\"@id\":\"https:\\\/\\\/www.meydan.tv\\\/az\\\/#\\\/schema\\\/person\\\/10d11eccf6da3662cf5fdab9806ea91a\"},\"headline\":\"Qubad \u0130bado\u011flu: Subsidiya art\u0131r\u0131ld\u0131, b\u0259s su t\u0259minat\u0131 nec\u0259 art\u0131r\u0131lacaq?\",\"datePublished\":\"2017-04-06T14:19:33+00:00\",\"mainEntityOfPage\":{\"@id\":\"https:\\\/\\\/www.meydan.tv\\\/az\\\/article\\\/qubad-ibadoglu-subsidiya-artirildi-bes-su-teminati-nece-artirilacaq\\\/\"},\"wordCount\":1086,\"publisher\":{\"@id\":\"https:\\\/\\\/www.meydan.tv\\\/az\\\/#organization\"},\"image\":{\"@id\":\"https:\\\/\\\/www.meydan.tv\\\/az\\\/article\\\/qubad-ibadoglu-subsidiya-artirildi-bes-su-teminati-nece-artirilacaq\\\/#primaryimage\"},\"thumbnailUrl\":\"https:\\\/\\\/www.meydan.tv\\\/wp-content\\\/uploads\\\/24337.jpg\",\"articleSection\":[\"Analitika\"],\"inLanguage\":\"az\"},{\"@type\":\"WebPage\",\"@id\":\"https:\\\/\\\/www.meydan.tv\\\/az\\\/article\\\/qubad-ibadoglu-subsidiya-artirildi-bes-su-teminati-nece-artirilacaq\\\/\",\"url\":\"https:\\\/\\\/www.meydan.tv\\\/az\\\/article\\\/qubad-ibadoglu-subsidiya-artirildi-bes-su-teminati-nece-artirilacaq\\\/\",\"name\":\"Qubad \u0130bado\u011flu: Subsidiya art\u0131r\u0131ld\u0131, b\u0259s su t\u0259minat\u0131 nec\u0259 art\u0131r\u0131lacaq? - MEYDAN.TV\",\"isPartOf\":{\"@id\":\"https:\\\/\\\/www.meydan.tv\\\/az\\\/#website\"},\"primaryImageOfPage\":{\"@id\":\"https:\\\/\\\/www.meydan.tv\\\/az\\\/article\\\/qubad-ibadoglu-subsidiya-artirildi-bes-su-teminati-nece-artirilacaq\\\/#primaryimage\"},\"image\":{\"@id\":\"https:\\\/\\\/www.meydan.tv\\\/az\\\/article\\\/qubad-ibadoglu-subsidiya-artirildi-bes-su-teminati-nece-artirilacaq\\\/#primaryimage\"},\"thumbnailUrl\":\"https:\\\/\\\/www.meydan.tv\\\/wp-content\\\/uploads\\\/24337.jpg\",\"datePublished\":\"2017-04-06T14:19:33+00:00\",\"breadcrumb\":{\"@id\":\"https:\\\/\\\/www.meydan.tv\\\/az\\\/article\\\/qubad-ibadoglu-subsidiya-artirildi-bes-su-teminati-nece-artirilacaq\\\/#breadcrumb\"},\"inLanguage\":\"az\",\"potentialAction\":[{\"@type\":\"ReadAction\",\"target\":[\"https:\\\/\\\/www.meydan.tv\\\/az\\\/article\\\/qubad-ibadoglu-subsidiya-artirildi-bes-su-teminati-nece-artirilacaq\\\/\"]}]},{\"@type\":\"ImageObject\",\"inLanguage\":\"az\",\"@id\":\"https:\\\/\\\/www.meydan.tv\\\/az\\\/article\\\/qubad-ibadoglu-subsidiya-artirildi-bes-su-teminati-nece-artirilacaq\\\/#primaryimage\",\"url\":\"https:\\\/\\\/www.meydan.tv\\\/wp-content\\\/uploads\\\/24337.jpg\",\"contentUrl\":\"https:\\\/\\\/www.meydan.tv\\\/wp-content\\\/uploads\\\/24337.jpg\",\"width\":755,\"height\":503,\"caption\":\"Source:\"},{\"@type\":\"BreadcrumbList\",\"@id\":\"https:\\\/\\\/www.meydan.tv\\\/az\\\/article\\\/qubad-ibadoglu-subsidiya-artirildi-bes-su-teminati-nece-artirilacaq\\\/#breadcrumb\",\"itemListElement\":[{\"@type\":\"ListItem\",\"position\":1,\"name\":\"Ana s\u0259hif\u0259\",\"item\":\"https:\\\/\\\/www.meydan.tv\\\/az\\\/\"},{\"@type\":\"ListItem\",\"position\":2,\"name\":\"Analitika\",\"item\":\"https:\\\/\\\/www.meydan.tv\\\/az\\\/section\\\/analitika\\\/\"},{\"@type\":\"ListItem\",\"position\":3,\"name\":\"Qubad \u0130bado\u011flu: Subsidiya art\u0131r\u0131ld\u0131, b\u0259s su t\u0259minat\u0131 nec\u0259 art\u0131r\u0131lacaq?\"}]},{\"@type\":\"WebSite\",\"@id\":\"https:\\\/\\\/www.meydan.tv\\\/az\\\/#website\",\"url\":\"https:\\\/\\\/www.meydan.tv\\\/az\\\/\",\"name\":\"MEYDAN.TV\",\"description\":\"Meydan TV Az\u0259rbaycan\u0131n media m\u0259kan\u0131ndak\u0131 alternativ s\u0259sidir\",\"publisher\":{\"@id\":\"https:\\\/\\\/www.meydan.tv\\\/az\\\/#organization\"},\"potentialAction\":[{\"@type\":\"SearchAction\",\"target\":{\"@type\":\"EntryPoint\",\"urlTemplate\":\"https:\\\/\\\/www.meydan.tv\\\/az\\\/?s={search_term_string}\"},\"query-input\":{\"@type\":\"PropertyValueSpecification\",\"valueRequired\":true,\"valueName\":\"search_term_string\"}}],\"inLanguage\":\"az\"},{\"@type\":\"Organization\",\"@id\":\"https:\\\/\\\/www.meydan.tv\\\/az\\\/#organization\",\"name\":\"Meydan TV\",\"url\":\"https:\\\/\\\/www.meydan.tv\\\/az\\\/\",\"logo\":{\"@type\":\"ImageObject\",\"inLanguage\":\"az\",\"@id\":\"https:\\\/\\\/www.meydan.tv\\\/az\\\/#\\\/schema\\\/logo\\\/image\\\/\",\"url\":\"https:\\\/\\\/www.meydan.tv\\\/wp-content\\\/uploads\\\/2021\\\/07\\\/meydan-logo.svg\",\"contentUrl\":\"https:\\\/\\\/www.meydan.tv\\\/wp-content\\\/uploads\\\/2021\\\/07\\\/meydan-logo.svg\",\"width\":195,\"height\":46,\"caption\":\"Meydan TV\"},\"image\":{\"@id\":\"https:\\\/\\\/www.meydan.tv\\\/az\\\/#\\\/schema\\\/logo\\\/image\\\/\"}},{\"@type\":\"Person\",\"@id\":\"https:\\\/\\\/www.meydan.tv\\\/az\\\/#\\\/schema\\\/person\\\/10d11eccf6da3662cf5fdab9806ea91a\",\"name\":\"user-manager\"}]}<\/script>\n<!-- \/ Yoast SEO plugin. -->","yoast_head_json":{"title":"Qubad \u0130bado\u011flu: Subsidiya art\u0131r\u0131ld\u0131, b\u0259s su t\u0259minat\u0131 nec\u0259 art\u0131r\u0131lacaq? - MEYDAN.TV","robots":{"index":"index","follow":"follow","max-snippet":"max-snippet:-1","max-image-preview":"max-image-preview:large","max-video-preview":"max-video-preview:-1"},"canonical":"https:\/\/www.meydan.tv\/az\/article\/qubad-ibadoglu-subsidiya-artirildi-bes-su-teminati-nece-artirilacaq\/","og_locale":"az_AZ","og_type":"article","og_title":"Qubad \u0130bado\u011flu: Subsidiya art\u0131r\u0131ld\u0131, b\u0259s su t\u0259minat\u0131 nec\u0259 art\u0131r\u0131lacaq? - MEYDAN.TV","og_description":"''\u015e\u0259k\u0259r ixracat\u0131ndan \u0259ld\u0259 edil\u0259n g\u0259lirl\u0259r 3,5 d\u0259f\u0259y\u0259d\u0259k azal\u0131b''","og_url":"https:\/\/www.meydan.tv\/az\/article\/qubad-ibadoglu-subsidiya-artirildi-bes-su-teminati-nece-artirilacaq\/","og_site_name":"MEYDAN.TV","article_published_time":"2017-04-06T14:19:33+00:00","og_image":[{"width":755,"height":503,"url":"https:\/\/www.meydan.tv\/wp-content\/uploads\/24337.jpg","type":"image\/jpeg"}],"author":"user-manager","twitter_card":"summary_large_image","schema":{"@context":"https:\/\/schema.org","@graph":[{"@type":"Article","@id":"https:\/\/www.meydan.tv\/az\/article\/qubad-ibadoglu-subsidiya-artirildi-bes-su-teminati-nece-artirilacaq\/#article","isPartOf":{"@id":"https:\/\/www.meydan.tv\/az\/article\/qubad-ibadoglu-subsidiya-artirildi-bes-su-teminati-nece-artirilacaq\/"},"author":{"name":"user-manager","@id":"https:\/\/www.meydan.tv\/az\/#\/schema\/person\/10d11eccf6da3662cf5fdab9806ea91a"},"headline":"Qubad \u0130bado\u011flu: Subsidiya art\u0131r\u0131ld\u0131, b\u0259s su t\u0259minat\u0131 nec\u0259 art\u0131r\u0131lacaq?","datePublished":"2017-04-06T14:19:33+00:00","mainEntityOfPage":{"@id":"https:\/\/www.meydan.tv\/az\/article\/qubad-ibadoglu-subsidiya-artirildi-bes-su-teminati-nece-artirilacaq\/"},"wordCount":1086,"publisher":{"@id":"https:\/\/www.meydan.tv\/az\/#organization"},"image":{"@id":"https:\/\/www.meydan.tv\/az\/article\/qubad-ibadoglu-subsidiya-artirildi-bes-su-teminati-nece-artirilacaq\/#primaryimage"},"thumbnailUrl":"https:\/\/www.meydan.tv\/wp-content\/uploads\/24337.jpg","articleSection":["Analitika"],"inLanguage":"az"},{"@type":"WebPage","@id":"https:\/\/www.meydan.tv\/az\/article\/qubad-ibadoglu-subsidiya-artirildi-bes-su-teminati-nece-artirilacaq\/","url":"https:\/\/www.meydan.tv\/az\/article\/qubad-ibadoglu-subsidiya-artirildi-bes-su-teminati-nece-artirilacaq\/","name":"Qubad \u0130bado\u011flu: Subsidiya art\u0131r\u0131ld\u0131, b\u0259s su t\u0259minat\u0131 nec\u0259 art\u0131r\u0131lacaq? - MEYDAN.TV","isPartOf":{"@id":"https:\/\/www.meydan.tv\/az\/#website"},"primaryImageOfPage":{"@id":"https:\/\/www.meydan.tv\/az\/article\/qubad-ibadoglu-subsidiya-artirildi-bes-su-teminati-nece-artirilacaq\/#primaryimage"},"image":{"@id":"https:\/\/www.meydan.tv\/az\/article\/qubad-ibadoglu-subsidiya-artirildi-bes-su-teminati-nece-artirilacaq\/#primaryimage"},"thumbnailUrl":"https:\/\/www.meydan.tv\/wp-content\/uploads\/24337.jpg","datePublished":"2017-04-06T14:19:33+00:00","breadcrumb":{"@id":"https:\/\/www.meydan.tv\/az\/article\/qubad-ibadoglu-subsidiya-artirildi-bes-su-teminati-nece-artirilacaq\/#breadcrumb"},"inLanguage":"az","potentialAction":[{"@type":"ReadAction","target":["https:\/\/www.meydan.tv\/az\/article\/qubad-ibadoglu-subsidiya-artirildi-bes-su-teminati-nece-artirilacaq\/"]}]},{"@type":"ImageObject","inLanguage":"az","@id":"https:\/\/www.meydan.tv\/az\/article\/qubad-ibadoglu-subsidiya-artirildi-bes-su-teminati-nece-artirilacaq\/#primaryimage","url":"https:\/\/www.meydan.tv\/wp-content\/uploads\/24337.jpg","contentUrl":"https:\/\/www.meydan.tv\/wp-content\/uploads\/24337.jpg","width":755,"height":503,"caption":"Source:"},{"@type":"BreadcrumbList","@id":"https:\/\/www.meydan.tv\/az\/article\/qubad-ibadoglu-subsidiya-artirildi-bes-su-teminati-nece-artirilacaq\/#breadcrumb","itemListElement":[{"@type":"ListItem","position":1,"name":"Ana s\u0259hif\u0259","item":"https:\/\/www.meydan.tv\/az\/"},{"@type":"ListItem","position":2,"name":"Analitika","item":"https:\/\/www.meydan.tv\/az\/section\/analitika\/"},{"@type":"ListItem","position":3,"name":"Qubad \u0130bado\u011flu: Subsidiya art\u0131r\u0131ld\u0131, b\u0259s su t\u0259minat\u0131 nec\u0259 art\u0131r\u0131lacaq?"}]},{"@type":"WebSite","@id":"https:\/\/www.meydan.tv\/az\/#website","url":"https:\/\/www.meydan.tv\/az\/","name":"MEYDAN.TV","description":"Meydan TV Az\u0259rbaycan\u0131n media m\u0259kan\u0131ndak\u0131 alternativ s\u0259sidir","publisher":{"@id":"https:\/\/www.meydan.tv\/az\/#organization"},"potentialAction":[{"@type":"SearchAction","target":{"@type":"EntryPoint","urlTemplate":"https:\/\/www.meydan.tv\/az\/?s={search_term_string}"},"query-input":{"@type":"PropertyValueSpecification","valueRequired":true,"valueName":"search_term_string"}}],"inLanguage":"az"},{"@type":"Organization","@id":"https:\/\/www.meydan.tv\/az\/#organization","name":"Meydan TV","url":"https:\/\/www.meydan.tv\/az\/","logo":{"@type":"ImageObject","inLanguage":"az","@id":"https:\/\/www.meydan.tv\/az\/#\/schema\/logo\/image\/","url":"https:\/\/www.meydan.tv\/wp-content\/uploads\/2021\/07\/meydan-logo.svg","contentUrl":"https:\/\/www.meydan.tv\/wp-content\/uploads\/2021\/07\/meydan-logo.svg","width":195,"height":46,"caption":"Meydan TV"},"image":{"@id":"https:\/\/www.meydan.tv\/az\/#\/schema\/logo\/image\/"}},{"@type":"Person","@id":"https:\/\/www.meydan.tv\/az\/#\/schema\/person\/10d11eccf6da3662cf5fdab9806ea91a","name":"user-manager"}]}},"_links":{"self":[{"href":"https:\/\/www.meydan.tv\/az\/wp-json\/wp\/v2\/posts\/183526","targetHints":{"allow":["GET"]}}],"collection":[{"href":"https:\/\/www.meydan.tv\/az\/wp-json\/wp\/v2\/posts"}],"about":[{"href":"https:\/\/www.meydan.tv\/az\/wp-json\/wp\/v2\/types\/post"}],"author":[{"embeddable":true,"href":"https:\/\/www.meydan.tv\/az\/wp-json\/wp\/v2\/users\/11"}],"replies":[{"embeddable":true,"href":"https:\/\/www.meydan.tv\/az\/wp-json\/wp\/v2\/comments?post=183526"}],"version-history":[{"count":0,"href":"https:\/\/www.meydan.tv\/az\/wp-json\/wp\/v2\/posts\/183526\/revisions"}],"wp:featuredmedia":[{"embeddable":true,"href":"https:\/\/www.meydan.tv\/az\/wp-json\/wp\/v2\/media\/63832"}],"wp:attachment":[{"href":"https:\/\/www.meydan.tv\/az\/wp-json\/wp\/v2\/media?parent=183526"}],"wp:term":[{"taxonomy":"category","embeddable":true,"href":"https:\/\/www.meydan.tv\/az\/wp-json\/wp\/v2\/categories?post=183526"},{"taxonomy":"post_tag","embeddable":true,"href":"https:\/\/www.meydan.tv\/az\/wp-json\/wp\/v2\/tags?post=183526"}],"curies":[{"name":"wp","href":"https:\/\/api.w.org\/{rel}","templated":true}]}}