{"id":183451,"date":"2017-04-01T18:37:26","date_gmt":"2017-04-01T18:37:26","guid":{"rendered":"https:\/\/www.meydan.tv\/article\/xeyir-veren-qocalar\/"},"modified":"2017-04-01T18:37:26","modified_gmt":"2017-04-01T18:37:26","slug":"xeyir-veren-qocalar","status":"publish","type":"post","link":"https:\/\/www.meydan.tv\/az\/article\/xeyir-veren-qocalar\/","title":{"rendered":"Xeyir ver\u0259n qocalar"},"content":{"rendered":"<figure class=\"wp-block-image size-large\">\n  <img decoding=\"async\" src=\"https:\/\/www.meydan.tv\/az\/gunel-movlud-illustrasiya\/\" alt=\"G\u00fcnel M\u00f6vlud (ill\u00fcstrasiya)\" class=\"wp-image-79558\"\/><figcaption>\n    G\u00fcnel M\u00f6vlud (ill\u00fcstrasiya)<br \/>\n  <\/figcaption><\/figure>\n<p>\n  V\u0259 ya ail\u0259 kultu niy\u0259 bizd\u0259 g\u00fccl\u00fcd\u00fcr&#8230;\n<\/p>\n<p>\n  Norve\u00e7d\u0259 qocalar evl\u0259rin\u0259 ziyar\u0259t xidm\u0259tl\u0259ri g\u0259lirli biznesdi. Bir ne\u00e7\u0259 n\u0259f\u0259r g\u0259nc y\u0131\u011f\u0131\u015f\u0131b, bir \u015firk\u0259t t\u0259sis edir v\u0259 \u00f6lk\u0259boyu \u00e7oxsayl\u0131 qocalar evl\u0259rin\u0259 \u00f6z xidm\u0259tl\u0259rini t\u0259klif edirl\u0259r. Xidm\u0259t d\u0259 ondan ibar\u0259tdir ki, g\u0259ncl\u0259r t\u0259yin olunmu\u015f g\u00fcnd\u0259 v\u0259 t\u0259yin olunmu\u015f vaxt \u0259rzind\u0259 m\u00fc\u0259yy\u0259n qocalar evini ziyar\u0259t edir, oran\u0131n sakinl\u0259ri il\u0259 vaxt ke\u00e7irir, s\u00f6hb\u0259t edir, domino oynay\u0131r, \u00e7ay i\u00e7irl\u0259r. Bu xidm\u0259tl\u0259rin\u0259 g\u00f6r\u0259 d\u0259 \u00e7ox yax\u015f\u0131 pul al\u0131rlar.\n<\/p>\n<p>\n  \u00dcmumiyy\u0259tl\u0259, Q\u0259rbd\u0259 ya\u015fl\u0131lara xidm\u0259t sah\u0259si \u00e7ox g\u0259lirli v\u0259 inki\u015fafda olan sah\u0259dir. Minl\u0259rl\u0259 h\u0259kim, tibb bac\u0131s\u0131 v\u0259 feld\u015fer bu sah\u0259d\u0259 \u00e7al\u0131\u015f\u0131r. \u018fn \u00e7ox kadr \u00e7at\u0131\u015fmazl\u0131\u011f\u0131 olan sah\u0259 d\u0259 m\u0259hz heriatriya sah\u0259sidir. Y\u00fczl\u0259rl\u0259, minl\u0259rl\u0259 insana ehtiyac var ki, o adamlar g\u0259lib qocalara qulluq etsinl\u0259r, onlarla vaxt ke\u00e7irsinl\u0259r, ya\u015fl\u0131lar\u0131n asud\u0259 vaxt\u0131n\u0131n maraql\u0131 v\u0259 m\u0259nal\u0131 ke\u00e7irm\u0259si \u00fc\u00e7\u00fcn m\u00fcxt\u0259lif d\u0259v\u0259tl\u0259r t\u0259\u015fkil etsinl\u0259r. V\u0259 t\u0259bii ki, buna g\u00f6r\u0259 y\u00fcks\u0259k qonorar als\u0131nlar.\n<\/p>\n<p>\n  \u015e\u0259ksiz ki, bel\u0259 bir sistemin olmas\u0131n\u0131n \u00e7ox ciddi iqtisadi t\u0259r\u0259fl\u0259ri d\u0259 var. \u0130\u015f oras\u0131ndad\u0131r ki, normal \u00f6lk\u0259l\u0259rd\u0259 i\u015fl\u0259y\u0259n insanlar \u00f6m\u00fcrl\u0259ri boyu \u00e7ox h\u0259v\u0259sl\u0259 vergi \u00f6d\u0259yir. Vergi deyib, ke\u00e7m\u0259y\u0259k, bu vergi faizl\u0259ri kifay\u0259t q\u0259d\u0259r y\u00fcks\u0259kdir. Ayl\u0131q g\u0259lirin m\u0259bl\u0259\u011find\u0259n as\u0131l\u0131 olaraq, 27, 36, 48 h\u0259tta 50 faizi ke\u00e7\u0259n vergil\u0259r var. Amma insanlar g\u0259lirl\u0259rini gizl\u0259tmir, vergini m\u00fcnt\u0259z\u0259m v\u0259 h\u0259v\u0259sl\u0259 \u00f6d\u0259yir, \u00f6d\u0259diyi m\u0259bl\u0259\u011f\u0259 d\u0259 heyifsil\u0259nmir.\n<\/p>\n<p>\n  \u00c7\u00fcnki, bu, normal \u00f6lk\u0259d\u0259 ya\u015fayan insan\u0131n \u00f6z qocal\u0131\u011f\u0131na qoydu\u011fu s\u0259rmay\u0259dir. \u0130nsan bilir ki, hakimiyy\u0259t\u0259 kimin g\u0259lm\u0259yind\u0259n as\u0131l\u0131 olmayaraq, o pula he\u00e7 kim toxuna bilm\u0259z. Bilir ki, n\u0259 q\u0259d\u0259r \u00e7ox vergi, sosial r\u00fcsum \u00f6d\u0259s\u0259, bir o q\u0259d\u0259r \u00e7ox t\u0259qa\u00fcd alacaq. N\u0259 q\u0259d\u0259r \u00e7ox t\u0259qa\u00fcd alsa, \u00f6z\u00fcn\u0259 \u0259n d\u0259rin qocal\u0131\u011f\u0131nda \u0259n bahal\u0131, \u0259n komfortlu qocalar evini se\u00e7\u0259 bil\u0259c\u0259k. Buna g\u00f6r\u0259 d\u0259, normal \u00f6lk\u0259l\u0259rd\u0259 insan t\u0259qa\u00fcd\u0259 \u00e7\u0131xana q\u0259d\u0259r yorulmadan v\u0259 h\u0259v\u0259sl\u0259 i\u015fl\u0259yir ki, sonra kef el\u0259sin.\n<\/p>\n<p>\n  Az\u0259rbaycan v\u0259 ona b\u0259nz\u0259r \u00f6lk\u0259l\u0259rd\u0259 is\u0259 d\u00f6vl\u0259t\u0259 inam o q\u0259d\u0259r a\u015fa\u011f\u0131d\u0131r ki, ham\u0131 ba\u015f\u0131n\u0131n \u00e7ar\u0259sin\u0259 \u00f6z\u00fc baxmaq m\u0259cburiyy\u0259tind\u0259dir. Bu v\u0259ziyy\u0259t sovet vaxt\u0131 da olub, ondan \u00e7ox-\u00e7ox \u0259vv\u0259l d\u0259.\n<\/p>\n<p>\n  Ona g\u00f6r\u0259 d\u0259 buna m\u00fcvafiq bir ail\u0259 kultu formala\u015f\u0131b. Ail\u0259 \u00f6z\u00fcn\u0259 m\u0259xsus lokal sosial yard\u0131m institutuna \u00e7evrilib. Yeni evl\u0259nmi\u015f g\u0259ncl\u0259r \u00e7al\u0131\u015f\u0131r ki, \u0259n az\u0131 3-4 u\u015faq d\u00fcnyaya g\u0259tirsin. \u00c7\u00fcnki n\u0259 bilm\u0259k olar, bird\u0259n biri \u0259sg\u0259rlikd\u0259 \u00f6l\u0259r, o birini ma\u015f\u0131n vurar, ya x\u0259st\u0259lik aparar v\u0259 ya bizd\u0259n \u00fcz d\u00f6nd\u0259r\u0259r. Buna g\u00f6r\u0259 m\u00fcmk\u00fcn q\u0259d\u0259r \u00e7ox do\u011fmaq laz\u0131md\u0131r ki, yetkinlik ya\u015f\u0131na he\u00e7 olmasa biri \u00e7ats\u0131n.\n<\/p>\n<p>\n  Bel\u0259likl\u0259, bizd\u0259 qocal\u0131\u011fa qoyulan s\u0259rmay\u0259 u\u015faq do\u011fma v\u0259 u\u015faq b\u00f6y\u00fctm\u0259dir. Ham\u0131 g\u00f6zl\u0259yir ki, b\u00f6y\u00fctd\u00fcy\u00fc u\u015faq qocal\u0131qda ona baxacaq. B\u00fct\u00fcn bu ail\u0259 kultu, b\u00f6y\u00fck-ki\u00e7ik yeri bilm\u0259k, ana ayaqlar\u0131 alt\u0131ndak\u0131 c\u0259nn\u0259t, ata qay\u0131\u015f\u0131n\u0131n \u015firin a\u011fr\u0131s\u0131 ona g\u00f6r\u0259 laz\u0131md\u0131 ki, u\u015faqlar\u0131 valideynl\u0259rin\u0259 ba\u011flas\u0131n, sonuncular \u00fc\u00e7\u00fcn m\u00fcft\u0259 i\u015fl\u0259m\u0259y\u0259 m\u0259hkum etsin, m\u00fcst\u0259qil ya\u015famalar\u0131na mane olsun.\n<\/p>\n<p>\n  \u00d6vlad d\u00fcnyaya g\u0259tirm\u0259yin vacibliyi bar\u0259d\u0259 m\u00fcbahis\u0259l\u0259r d\u00fc\u015f\u0259nd\u0259 d\u0259, bizimkil\u0259rin ad\u0259t\u0259n g\u0259tirdiyi \u0259n populyar arqument budur: \u201cQocalanda bir st\u0259kan su ver\u0259nim olsun\u201d, ya da \u201cQocalanda m\u0259n\u0259 baxan olsun\u201d. \u00c7\u00fcnki yaz\u0131q \u0259mindir, bu bir st\u0259kan suyun ona verilm\u0259si, ona bax\u0131lmas\u0131 problemi d\u00f6vl\u0259tini d\u00fc\u015f\u00fcnd\u00fcrm\u00fcr, b\u0259rbad v\u0259ziyy\u0259td\u0259ki \u201cQocalar evl\u0259ri\u201d d\u0259 bir insan\u0131n ya\u015flananda orda ya\u015famas\u0131 \u00fc\u015f\u00fcn olduqca t\u0259hqiramizdir. Bir s\u00f6zl\u0259, u\u015faq, \u00f6vlad, \u201cQocalar evinin\u201d alternativi kimi d\u00fcnyaya g\u0259tirilir, t\u0259rbiy\u0259 olunur v\u0259 b\u00f6y\u00fcd\u00fcl\u00fcr.\n<\/p>\n<p>\n  He\u00e7 \u015f\u0259ksiz ki, ata-ana olsun, ya olmas\u0131n, yaxud yad adam olsun, ya\u015fl\u0131, k\u00f6m\u0259ksiz insana baxmaq, qay\u011f\u0131 g\u00f6st\u0259rm\u0259k ali, n\u0259cib h\u0259r\u0259k\u0259tdir. Amma ya\u015fl\u0131ya, \u00f6z\u00fcn\u0259 m\u0259\u015f\u011fuliyy\u0259t tapa bilm\u0259k iqtidar\u0131nda olmayan adama t\u0259kc\u0259 qay\u011f\u0131 laz\u0131m deyil, h\u0259m d\u0259 bol vaxt, diqq\u0259t x\u0259rcl\u0259m\u0259k laz\u0131md\u0131r. \u00d6z\u00fcn\u00fc, ail\u0259sini, valideynini doland\u0131rmaq \u00fc\u00e7\u00fcn i\u015fl\u0259m\u0259li olan \u00f6vladlar\u0131n is\u0259 bu q\u0259d\u0259r vaxt\u0131, s\u0259bri v\u0259 fiziki g\u00fcc\u00fc, t\u0259bii ki b\u0259s etmir. Buna g\u00f6r\u0259 d\u0259, qocalara qay\u011f\u0131 g\u00f6st\u0259rm\u0259li olan institutlar\u0131n olmas\u0131 \u00e7ox vacibdir.\n<\/p>\n<p>\n  V\u0259 hans\u0131 \u00f6lk\u0259l\u0259rd\u0259 ki, bu institutlar inki\u015faf edib, g\u00f6z\u0259l infrastruktura, pe\u015f\u0259kar hey\u0259t\u0259 malikdir, orda qocalar daha xo\u015fb\u0259xtdir. Onlar ail\u0259 kultunun daha \u00e7ox g\u00fccl\u00fc oldu\u011fu \u00f6lk\u0259l\u0259rd\u0259ki kimi, k\u00fc\u00e7\u0259l\u0259rd\u0259 tum satm\u0131r, dil\u0259nmir, k\u00fc\u00e7\u0259 s\u00fcp\u00fcrm\u00fcr, onlar krallar kimi ya\u015fay\u0131r.\n<\/p>\n<p>\n  V\u0259 b\u0259li, Avropada ya\u015fl\u0131 \u015f\u0259xsl\u0259r \u00f6p\u00fc\u015f\u0259n g\u0259nc g\u00f6r\u0259nd\u0259 n\u0259inki onlara \u015f\u0131llaq at\u0131r, b\u0259z\u0259n \u00e7ox n\u0259vazi\u015fl\u0259 bax\u0131r, \u00f6z g\u0259nclikl\u0259rini xat\u0131rlay\u0131r, \u00e7ox vaxt is\u0259, \u00fcmumiyy\u0259tl\u0259, mane olmamaq \u00fc\u00e7\u00fcn he\u00e7 o t\u0259r\u0259f\u0259 baxm\u0131rlar. \u018flb\u0259tt\u0259 ki, s\u0259b\u0259b o qocalar\u0131n da zaman\u0131nda normal g\u0259nclik ya\u015famas\u0131d\u0131r.<\/p>\n","protected":false},"excerpt":{"rendered":"<p>V\u0259 ya ail\u0259 kultu niy\u0259 bizd\u0259 g\u00fccl\u00fcd\u00fcr&#8230;<\/p>\n","protected":false},"author":11,"featured_media":79558,"comment_status":"closed","ping_status":"open","sticky":false,"template":"","format":"standard","meta":{"_acf_changed":false,"_sitemap_exclude":false,"_sitemap_priority":"","_sitemap_frequency":"","footnotes":""},"categories":[57],"tags":[],"class_list":["post-183451","post","type-post","status-publish","format-standard","has-post-thumbnail","hentry","category-menim-fikrimce","infinite-scroll-item","generate-columns","tablet-grid-50","mobile-grid-100","grid-parent","grid-33","no-featured-image-padding"],"acf":[],"yoast_head":"<!-- This site is optimized with the Yoast SEO plugin v27.5 - https:\/\/yoast.com\/product\/yoast-seo-wordpress\/ -->\n<title>Xeyir ver\u0259n qocalar - MEYDAN.TV<\/title>\n<meta name=\"robots\" content=\"index, follow, max-snippet:-1, max-image-preview:large, max-video-preview:-1\" \/>\n<link rel=\"canonical\" href=\"https:\/\/www.meydan.tv\/az\/article\/xeyir-veren-qocalar\/\" \/>\n<meta property=\"og:locale\" content=\"az_AZ\" \/>\n<meta property=\"og:type\" content=\"article\" \/>\n<meta property=\"og:title\" content=\"Xeyir ver\u0259n qocalar - MEYDAN.TV\" \/>\n<meta property=\"og:description\" content=\"V\u0259 ya ail\u0259 kultu niy\u0259 bizd\u0259 g\u00fccl\u00fcd\u00fcr...\" \/>\n<meta property=\"og:url\" content=\"https:\/\/www.meydan.tv\/az\/article\/xeyir-veren-qocalar\/\" \/>\n<meta property=\"og:site_name\" content=\"MEYDAN.TV\" \/>\n<meta property=\"article:published_time\" content=\"2017-04-01T18:37:26+00:00\" \/>\n<meta property=\"og:image\" content=\"https:\/\/www.meydan.tv\/wp-content\/uploads\/31012.png\" \/>\n\t<meta property=\"og:image:width\" content=\"1000\" \/>\n\t<meta property=\"og:image:height\" content=\"560\" \/>\n\t<meta property=\"og:image:type\" content=\"image\/png\" \/>\n<meta name=\"author\" content=\"user-manager\" \/>\n<meta name=\"twitter:card\" content=\"summary_large_image\" \/>\n<script type=\"application\/ld+json\" class=\"yoast-schema-graph\">{\"@context\":\"https:\\\/\\\/schema.org\",\"@graph\":[{\"@type\":\"Article\",\"@id\":\"https:\\\/\\\/www.meydan.tv\\\/az\\\/article\\\/xeyir-veren-qocalar\\\/#article\",\"isPartOf\":{\"@id\":\"https:\\\/\\\/www.meydan.tv\\\/az\\\/article\\\/xeyir-veren-qocalar\\\/\"},\"author\":{\"name\":\"user-manager\",\"@id\":\"https:\\\/\\\/www.meydan.tv\\\/az\\\/#\\\/schema\\\/person\\\/10d11eccf6da3662cf5fdab9806ea91a\"},\"headline\":\"Xeyir ver\u0259n qocalar\",\"datePublished\":\"2017-04-01T18:37:26+00:00\",\"mainEntityOfPage\":{\"@id\":\"https:\\\/\\\/www.meydan.tv\\\/az\\\/article\\\/xeyir-veren-qocalar\\\/\"},\"wordCount\":1047,\"publisher\":{\"@id\":\"https:\\\/\\\/www.meydan.tv\\\/az\\\/#organization\"},\"image\":{\"@id\":\"https:\\\/\\\/www.meydan.tv\\\/az\\\/article\\\/xeyir-veren-qocalar\\\/#primaryimage\"},\"thumbnailUrl\":\"https:\\\/\\\/www.meydan.tv\\\/wp-content\\\/uploads\\\/31012.png\",\"articleSection\":[\"M\u0259nim Fikrimc\u0259\"],\"inLanguage\":\"az\"},{\"@type\":\"WebPage\",\"@id\":\"https:\\\/\\\/www.meydan.tv\\\/az\\\/article\\\/xeyir-veren-qocalar\\\/\",\"url\":\"https:\\\/\\\/www.meydan.tv\\\/az\\\/article\\\/xeyir-veren-qocalar\\\/\",\"name\":\"Xeyir ver\u0259n qocalar - MEYDAN.TV\",\"isPartOf\":{\"@id\":\"https:\\\/\\\/www.meydan.tv\\\/az\\\/#website\"},\"primaryImageOfPage\":{\"@id\":\"https:\\\/\\\/www.meydan.tv\\\/az\\\/article\\\/xeyir-veren-qocalar\\\/#primaryimage\"},\"image\":{\"@id\":\"https:\\\/\\\/www.meydan.tv\\\/az\\\/article\\\/xeyir-veren-qocalar\\\/#primaryimage\"},\"thumbnailUrl\":\"https:\\\/\\\/www.meydan.tv\\\/wp-content\\\/uploads\\\/31012.png\",\"datePublished\":\"2017-04-01T18:37:26+00:00\",\"breadcrumb\":{\"@id\":\"https:\\\/\\\/www.meydan.tv\\\/az\\\/article\\\/xeyir-veren-qocalar\\\/#breadcrumb\"},\"inLanguage\":\"az\",\"potentialAction\":[{\"@type\":\"ReadAction\",\"target\":[\"https:\\\/\\\/www.meydan.tv\\\/az\\\/article\\\/xeyir-veren-qocalar\\\/\"]}]},{\"@type\":\"ImageObject\",\"inLanguage\":\"az\",\"@id\":\"https:\\\/\\\/www.meydan.tv\\\/az\\\/article\\\/xeyir-veren-qocalar\\\/#primaryimage\",\"url\":\"https:\\\/\\\/www.meydan.tv\\\/wp-content\\\/uploads\\\/31012.png\",\"contentUrl\":\"https:\\\/\\\/www.meydan.tv\\\/wp-content\\\/uploads\\\/31012.png\",\"width\":1000,\"height\":560,\"caption\":\"Source:\"},{\"@type\":\"BreadcrumbList\",\"@id\":\"https:\\\/\\\/www.meydan.tv\\\/az\\\/article\\\/xeyir-veren-qocalar\\\/#breadcrumb\",\"itemListElement\":[{\"@type\":\"ListItem\",\"position\":1,\"name\":\"Ana s\u0259hif\u0259\",\"item\":\"https:\\\/\\\/www.meydan.tv\\\/az\\\/\"},{\"@type\":\"ListItem\",\"position\":2,\"name\":\"M\u0259nim Fikrimc\u0259\",\"item\":\"https:\\\/\\\/www.meydan.tv\\\/az\\\/section\\\/menim-fikrimce\\\/\"},{\"@type\":\"ListItem\",\"position\":3,\"name\":\"Xeyir ver\u0259n qocalar\"}]},{\"@type\":\"WebSite\",\"@id\":\"https:\\\/\\\/www.meydan.tv\\\/az\\\/#website\",\"url\":\"https:\\\/\\\/www.meydan.tv\\\/az\\\/\",\"name\":\"MEYDAN.TV\",\"description\":\"Meydan TV Az\u0259rbaycan\u0131n media m\u0259kan\u0131ndak\u0131 alternativ s\u0259sidir\",\"publisher\":{\"@id\":\"https:\\\/\\\/www.meydan.tv\\\/az\\\/#organization\"},\"potentialAction\":[{\"@type\":\"SearchAction\",\"target\":{\"@type\":\"EntryPoint\",\"urlTemplate\":\"https:\\\/\\\/www.meydan.tv\\\/az\\\/?s={search_term_string}\"},\"query-input\":{\"@type\":\"PropertyValueSpecification\",\"valueRequired\":true,\"valueName\":\"search_term_string\"}}],\"inLanguage\":\"az\"},{\"@type\":\"Organization\",\"@id\":\"https:\\\/\\\/www.meydan.tv\\\/az\\\/#organization\",\"name\":\"Meydan TV\",\"url\":\"https:\\\/\\\/www.meydan.tv\\\/az\\\/\",\"logo\":{\"@type\":\"ImageObject\",\"inLanguage\":\"az\",\"@id\":\"https:\\\/\\\/www.meydan.tv\\\/az\\\/#\\\/schema\\\/logo\\\/image\\\/\",\"url\":\"https:\\\/\\\/www.meydan.tv\\\/wp-content\\\/uploads\\\/2021\\\/07\\\/meydan-logo.svg\",\"contentUrl\":\"https:\\\/\\\/www.meydan.tv\\\/wp-content\\\/uploads\\\/2021\\\/07\\\/meydan-logo.svg\",\"width\":195,\"height\":46,\"caption\":\"Meydan TV\"},\"image\":{\"@id\":\"https:\\\/\\\/www.meydan.tv\\\/az\\\/#\\\/schema\\\/logo\\\/image\\\/\"}},{\"@type\":\"Person\",\"@id\":\"https:\\\/\\\/www.meydan.tv\\\/az\\\/#\\\/schema\\\/person\\\/10d11eccf6da3662cf5fdab9806ea91a\",\"name\":\"user-manager\"}]}<\/script>\n<!-- \/ Yoast SEO plugin. -->","yoast_head_json":{"title":"Xeyir ver\u0259n qocalar - MEYDAN.TV","robots":{"index":"index","follow":"follow","max-snippet":"max-snippet:-1","max-image-preview":"max-image-preview:large","max-video-preview":"max-video-preview:-1"},"canonical":"https:\/\/www.meydan.tv\/az\/article\/xeyir-veren-qocalar\/","og_locale":"az_AZ","og_type":"article","og_title":"Xeyir ver\u0259n qocalar - MEYDAN.TV","og_description":"V\u0259 ya ail\u0259 kultu niy\u0259 bizd\u0259 g\u00fccl\u00fcd\u00fcr...","og_url":"https:\/\/www.meydan.tv\/az\/article\/xeyir-veren-qocalar\/","og_site_name":"MEYDAN.TV","article_published_time":"2017-04-01T18:37:26+00:00","og_image":[{"width":1000,"height":560,"url":"https:\/\/www.meydan.tv\/wp-content\/uploads\/31012.png","type":"image\/png"}],"author":"user-manager","twitter_card":"summary_large_image","schema":{"@context":"https:\/\/schema.org","@graph":[{"@type":"Article","@id":"https:\/\/www.meydan.tv\/az\/article\/xeyir-veren-qocalar\/#article","isPartOf":{"@id":"https:\/\/www.meydan.tv\/az\/article\/xeyir-veren-qocalar\/"},"author":{"name":"user-manager","@id":"https:\/\/www.meydan.tv\/az\/#\/schema\/person\/10d11eccf6da3662cf5fdab9806ea91a"},"headline":"Xeyir ver\u0259n qocalar","datePublished":"2017-04-01T18:37:26+00:00","mainEntityOfPage":{"@id":"https:\/\/www.meydan.tv\/az\/article\/xeyir-veren-qocalar\/"},"wordCount":1047,"publisher":{"@id":"https:\/\/www.meydan.tv\/az\/#organization"},"image":{"@id":"https:\/\/www.meydan.tv\/az\/article\/xeyir-veren-qocalar\/#primaryimage"},"thumbnailUrl":"https:\/\/www.meydan.tv\/wp-content\/uploads\/31012.png","articleSection":["M\u0259nim Fikrimc\u0259"],"inLanguage":"az"},{"@type":"WebPage","@id":"https:\/\/www.meydan.tv\/az\/article\/xeyir-veren-qocalar\/","url":"https:\/\/www.meydan.tv\/az\/article\/xeyir-veren-qocalar\/","name":"Xeyir ver\u0259n qocalar - MEYDAN.TV","isPartOf":{"@id":"https:\/\/www.meydan.tv\/az\/#website"},"primaryImageOfPage":{"@id":"https:\/\/www.meydan.tv\/az\/article\/xeyir-veren-qocalar\/#primaryimage"},"image":{"@id":"https:\/\/www.meydan.tv\/az\/article\/xeyir-veren-qocalar\/#primaryimage"},"thumbnailUrl":"https:\/\/www.meydan.tv\/wp-content\/uploads\/31012.png","datePublished":"2017-04-01T18:37:26+00:00","breadcrumb":{"@id":"https:\/\/www.meydan.tv\/az\/article\/xeyir-veren-qocalar\/#breadcrumb"},"inLanguage":"az","potentialAction":[{"@type":"ReadAction","target":["https:\/\/www.meydan.tv\/az\/article\/xeyir-veren-qocalar\/"]}]},{"@type":"ImageObject","inLanguage":"az","@id":"https:\/\/www.meydan.tv\/az\/article\/xeyir-veren-qocalar\/#primaryimage","url":"https:\/\/www.meydan.tv\/wp-content\/uploads\/31012.png","contentUrl":"https:\/\/www.meydan.tv\/wp-content\/uploads\/31012.png","width":1000,"height":560,"caption":"Source:"},{"@type":"BreadcrumbList","@id":"https:\/\/www.meydan.tv\/az\/article\/xeyir-veren-qocalar\/#breadcrumb","itemListElement":[{"@type":"ListItem","position":1,"name":"Ana s\u0259hif\u0259","item":"https:\/\/www.meydan.tv\/az\/"},{"@type":"ListItem","position":2,"name":"M\u0259nim Fikrimc\u0259","item":"https:\/\/www.meydan.tv\/az\/section\/menim-fikrimce\/"},{"@type":"ListItem","position":3,"name":"Xeyir ver\u0259n qocalar"}]},{"@type":"WebSite","@id":"https:\/\/www.meydan.tv\/az\/#website","url":"https:\/\/www.meydan.tv\/az\/","name":"MEYDAN.TV","description":"Meydan TV Az\u0259rbaycan\u0131n media m\u0259kan\u0131ndak\u0131 alternativ s\u0259sidir","publisher":{"@id":"https:\/\/www.meydan.tv\/az\/#organization"},"potentialAction":[{"@type":"SearchAction","target":{"@type":"EntryPoint","urlTemplate":"https:\/\/www.meydan.tv\/az\/?s={search_term_string}"},"query-input":{"@type":"PropertyValueSpecification","valueRequired":true,"valueName":"search_term_string"}}],"inLanguage":"az"},{"@type":"Organization","@id":"https:\/\/www.meydan.tv\/az\/#organization","name":"Meydan TV","url":"https:\/\/www.meydan.tv\/az\/","logo":{"@type":"ImageObject","inLanguage":"az","@id":"https:\/\/www.meydan.tv\/az\/#\/schema\/logo\/image\/","url":"https:\/\/www.meydan.tv\/wp-content\/uploads\/2021\/07\/meydan-logo.svg","contentUrl":"https:\/\/www.meydan.tv\/wp-content\/uploads\/2021\/07\/meydan-logo.svg","width":195,"height":46,"caption":"Meydan TV"},"image":{"@id":"https:\/\/www.meydan.tv\/az\/#\/schema\/logo\/image\/"}},{"@type":"Person","@id":"https:\/\/www.meydan.tv\/az\/#\/schema\/person\/10d11eccf6da3662cf5fdab9806ea91a","name":"user-manager"}]}},"_links":{"self":[{"href":"https:\/\/www.meydan.tv\/az\/wp-json\/wp\/v2\/posts\/183451","targetHints":{"allow":["GET"]}}],"collection":[{"href":"https:\/\/www.meydan.tv\/az\/wp-json\/wp\/v2\/posts"}],"about":[{"href":"https:\/\/www.meydan.tv\/az\/wp-json\/wp\/v2\/types\/post"}],"author":[{"embeddable":true,"href":"https:\/\/www.meydan.tv\/az\/wp-json\/wp\/v2\/users\/11"}],"replies":[{"embeddable":true,"href":"https:\/\/www.meydan.tv\/az\/wp-json\/wp\/v2\/comments?post=183451"}],"version-history":[{"count":0,"href":"https:\/\/www.meydan.tv\/az\/wp-json\/wp\/v2\/posts\/183451\/revisions"}],"wp:featuredmedia":[{"embeddable":true,"href":"https:\/\/www.meydan.tv\/az\/wp-json\/wp\/v2\/media\/79558"}],"wp:attachment":[{"href":"https:\/\/www.meydan.tv\/az\/wp-json\/wp\/v2\/media?parent=183451"}],"wp:term":[{"taxonomy":"category","embeddable":true,"href":"https:\/\/www.meydan.tv\/az\/wp-json\/wp\/v2\/categories?post=183451"},{"taxonomy":"post_tag","embeddable":true,"href":"https:\/\/www.meydan.tv\/az\/wp-json\/wp\/v2\/tags?post=183451"}],"curies":[{"name":"wp","href":"https:\/\/api.w.org\/{rel}","templated":true}]}}