{"id":183420,"date":"2017-03-30T20:34:19","date_gmt":"2017-03-30T20:34:19","guid":{"rendered":"https:\/\/www.meydan.tv\/article\/demirci-silahi-adamin-olcusune-uygun-duzeldirem\/"},"modified":"2021-10-29T16:14:30","modified_gmt":"2021-10-29T12:14:30","slug":"demirci-silahi-adamin-olcusune-uygun-duzeldirem","status":"publish","type":"post","link":"https:\/\/www.meydan.tv\/az\/article\/demirci-silahi-adamin-olcusune-uygun-duzeldirem\/","title":{"rendered":"D\u0259mir\u00e7i: Silah\u0131 adam\u0131n \u00f6l\u00e7\u00fcs\u00fcn\u0259 uy\u011fun d\u00fcz\u0259ldir\u0259m"},"content":{"rendered":"<figure class=\"wp-block-image size-large\">\n  <img decoding=\"async\" src=\"https:\/\/www.meydan.tv\/az\/agahuseyn-usta-heyetinin-bir-hissesinde-ozu-ucun-kicik-bir-emalatxana-duzeldib\/\" alt=\"A\u011fah\u00fcseyn usta h\u0259y\u0259tinin bir hiss\u0259sind\u0259 \u00f6z\u00fc \u00fc\u00e7\u00fcn ki\u00e7ik bir emalatxana d\u00fcz\u0259ldib\" class=\"wp-image-81705\"\/><figcaption>\n    A\u011fah\u00fcseyn usta h\u0259y\u0259tinin bir hiss\u0259sind\u0259 \u00f6z\u00fc \u00fc\u00e7\u00fcn ki\u00e7ik bir emalatxana d\u00fcz\u0259ldib<br \/>\n  <\/figcaption><\/figure>\n<p>\n  A\u011fah\u00fcseyn H\u00fcseynov \u015eamax\u0131n\u0131n D\u0259mir\u00e7i k\u0259ndinin tan\u0131nan d\u0259mir\u00e7il\u0259rind\u0259ndir. A\u011fah\u00fcseyn usta Xarkov Universitetinin rabit\u0259 v\u0259 informasiya fak\u00fclt\u0259sini bitirib. D\u0259mir\u00e7iliyi is\u0259 atas\u0131ndan \u00f6yr\u0259nib. Art\u0131q 50 ildir ki, o, d\u0259mir\u00e7ilikl\u0259 m\u0259\u015f\u011fuldur. Daha \u00e7ox yerlil\u0259r \u00fc\u00e7\u00fcn m\u0259i\u015f\u0259t v\u0259 t\u0259s\u0259rr\u00fcfat al\u0259tl\u0259ri d\u00fcz\u0259ld\u0259n usta b\u0259z\u0259n suvenir silah sifari\u015fi d\u0259 al\u0131r. A\u011fah\u00fcseyn usta deyir ki, kim\u0259s\u0259 suvenir silah d\u00fcz\u0259ld\u0259rk\u0259n m\u00fctl\u0259q h\u0259min adam\u0131n b\u0259d\u0259n \u00f6l\u00e7\u00fcl\u0259rini n\u0259z\u0259r\u0259 al\u0131r:\n<\/p>\n<p>\n  &#8220;Q\u0131l\u0131nc g\u0259r\u0259k sahibin\u0259 uy\u011fun olsun. M\u0259n ar\u0131q adama \u00f6z\u00fc boyda q\u0131l\u0131nc d\u00fcz\u0259lts\u0259m, xal\u00e7an\u0131n \u00fcst\u00fcnd\u0259 q\u0131l\u0131nc\u0131 g\u00f6r\u0259n dem\u0259z ki, bunu ora ne\u00e7\u0259 n\u0259f\u0259r as\u0131b?!&#8221;\n<\/p>\n<p>\n  Emalatxanas\u0131ndak\u0131 haz\u0131r al\u0259tl\u0259ri g\u00f6st\u0259r\u0259n usta bu al\u0259tl\u0259ri d\u00fcz\u0259ltm\u0259k \u00fc\u00e7\u00fcn b\u0259z\u0259n g\u00fcnd\u0259 12 saat i\u015fl\u0259m\u0259li oldu\u011funu deyir. Ancaq bu vaxt\u0131n he\u00e7 d\u0259 ham\u0131s\u0131 fiziki \u0259m\u0259kd\u0259n ibar\u0259t deyil: &#8220;G\u00f6r\u0259nd\u0259 ki, yorulmu\u015fam, \u00f6z\u00fcm\u0259 istirah\u0259t verir\u0259m. \u0130stirah\u0259t d\u0259 n\u0259dir? B\u0259z\u0259k i\u015fl\u0259ril\u0259 m\u0259\u015f\u011ful olmaq. M\u0259s\u0259l\u0259n, balta d\u00fcz\u0259ldir\u0259ms\u0259, oturub baltan\u0131n a\u011fz\u0131n\u0131n d\u00fczl\u00fcy\u00fcn\u00fc yoxlayacam. Laz\u0131md\u0131rsa, bir az itil\u0259y\u0259c\u0259m&#8221;.\n<\/p>\n<p>\n  A\u011fah\u00fcseyn usta \u015eamax\u0131ya g\u0259l\u0259n turistl\u0259rl\u0259 d\u0259 \u00fcnsiyy\u0259td\u0259 olur. Onun s\u00f6zl\u0259rin\u0259 g\u00f6r\u0259, turistl\u0259ri c\u0259lb etm\u0259k \u00e7\u0259tin m\u0259s\u0259l\u0259 deyil. \u00c7\u0259tin olan, onlar\u0131n qar\u015f\u0131s\u0131na \u00e7\u0131xaradacaq mal\u0131n olmas\u0131d\u0131r. Bunun \u00fc\u00e7\u00fcn g\u0259r\u0259k s\u0259n\u0259tkara \u015f\u0259rait yarad\u0131ls\u0131n ki, o da \u00f6z n\u00f6vb\u0259sind\u0259 i\u015finin keyfiyy\u0259tini art\u0131rs\u0131n: &#8220;Bax, \u0259g\u0259r m\u0259nim qaz\u0131m, i\u015f\u0131\u011f\u0131m havay\u0131 olsa, m\u0259n daha h\u0259v\u0259sl\u0259 i\u015fl\u0259y\u0259r\u0259m, bazara da \u00e7ox mal \u00e7\u0131xardaram. Turist d\u0259 g\u0259l\u0259nd\u0259 h\u0259m m\u0259n\u0259, h\u0259m onu g\u0259tir\u0259n\u0259, h\u0259m d\u0259 evind\u0259 onu q\u0259bul ed\u0259n\u0259 xeyir ver\u0259r. Qiym\u0259t baha olanda is\u0259, he\u00e7 kim g\u0259lm\u0259k ist\u0259m\u0259z&#8221;.\n<\/p>\n<figure class=\"wp-block-image size-large\">\n  <img decoding=\"async\" src=\"https:\/\/www.meydan.tv\/az\/samaxinin-demirci-kendine-geden-yol\/\" alt=\"\u015eamax\u0131n\u0131n D\u0259mir\u00e7i k\u0259ndin\u0259 ged\u0259n yol\" class=\"wp-image-81702\"\/><figcaption>\n    \u015eamax\u0131n\u0131n D\u0259mir\u00e7i k\u0259ndin\u0259 ged\u0259n yol<br \/>\n  <\/figcaption><\/figure>\n<figure class=\"wp-block-image size-large\">\n  <img decoding=\"async\" src=\"https:\/\/www.meydan.tv\/az\/daglarin-ehatesinde-yerlesen-demirci-kendinin-umumi-gorunusu\/\" alt=\"Da\u011flar\u0131n \u0259hat\u0259sind\u0259 yerl\u0259\u015f\u0259n D\u0259mir\u00e7i k\u0259ndinin \u00fcmumi g\u00f6r\u00fcn\u00fc\u015f\u00fc\" class=\"wp-image-81711\"\/><figcaption>\n    Da\u011flar\u0131n \u0259hat\u0259sind\u0259 yerl\u0259\u015f\u0259n D\u0259mir\u00e7i k\u0259ndinin \u00fcmumi g\u00f6r\u00fcn\u00fc\u015f\u00fc<br \/>\n  <\/figcaption><\/figure>\n<figure class=\"wp-block-image size-large\">\n  <img decoding=\"async\" src=\"https:\/\/www.meydan.tv\/az\/agahuseyn-usta-heyetinin-bir-hissesinde-ozu-ucun-kicik-bir-emalatxana-duzeldib\/\" alt=\"A\u011fah\u00fcseyn usta h\u0259y\u0259tinin bir hiss\u0259sind\u0259 \u00f6z\u00fc \u00fc\u00e7\u00fcn ki\u00e7ik bir emalatxana d\u00fcz\u0259ldib\" class=\"wp-image-81705\"\/><figcaption>\n    A\u011fah\u00fcseyn usta h\u0259y\u0259tinin bir hiss\u0259sind\u0259 \u00f6z\u00fc \u00fc\u00e7\u00fcn ki\u00e7ik bir emalatxana d\u00fcz\u0259ldib<br \/>\n  <\/figcaption><\/figure>\n<figure class=\"wp-block-image size-large\">\n  <img decoding=\"async\" src=\"https:\/\/www.meydan.tv\/az\/daha-cox-yerliler-ucun-meiset-ve-teserrufat-aletleri-duzelden-usta-bezen-suvenir-silah-sifarisi-de-alir\/\" alt=\"Daha \u00e7ox yerlil\u0259r \u00fc\u00e7\u00fcn m\u0259i\u015f\u0259t v\u0259 t\u0259s\u0259rr\u00fcfat al\u0259tl\u0259ri d\u00fcz\u0259ld\u0259n usta b\u0259z\u0259n suvenir silah sifari\u015fi d\u0259 al\u0131r\" class=\"wp-image-81714\"\/><figcaption>\n    Daha \u00e7ox yerlil\u0259r \u00fc\u00e7\u00fcn m\u0259i\u015f\u0259t v\u0259 t\u0259s\u0259rr\u00fcfat al\u0259tl\u0259ri d\u00fcz\u0259ld\u0259n usta b\u0259z\u0259n suvenir silah sifari\u015fi d\u0259 al\u0131r<br \/>\n  <\/figcaption><\/figure>\n<figure class=\"wp-block-image size-large\">\n  <img decoding=\"async\" src=\"https:\/\/www.meydan.tv\/az\/agahuseyn-ustanin-muxtelif-yerlerden-topladigi-demir-parcalar\/\" alt=\"A\u011fah\u00fcseyn ustan\u0131n m\u00fcxt\u0259lif yerl\u0259rd\u0259n toplad\u0131\u011f\u0131 d\u0259mir par\u00e7alar\" class=\"wp-image-81720\"\/><figcaption>\n    A\u011fah\u00fcseyn ustan\u0131n m\u00fcxt\u0259lif yerl\u0259rd\u0259n toplad\u0131\u011f\u0131 d\u0259mir par\u00e7alar<br \/>\n  <\/figcaption><\/figure>\n<figure class=\"wp-block-image size-large\">\n  <img decoding=\"async\" src=\"https:\/\/www.meydan.tv\/az\/agahuseyn-usta-deyir-yorulanda-balta-bicaq-itileyirem-ki-vaxtim-heder-yere-getmesin\/\" alt=\"A\u011fah\u00fcseyn usta deyir: Yorulanda balta, b\u0131\u00e7aq itil\u0259yir\u0259m ki, vaxt\u0131m h\u0259d\u0259r yer\u0259 getm\u0259sin\" class=\"wp-image-81717\"\/><figcaption>\n    A\u011fah\u00fcseyn usta deyir: Yorulanda balta, b\u0131\u00e7aq itil\u0259yir\u0259m ki, vaxt\u0131m h\u0259d\u0259r yer\u0259 getm\u0259sin<br \/>\n  <\/figcaption><\/figure>\n<figure class=\"wp-block-image size-large\">\n  <img decoding=\"async\" src=\"https:\/\/www.meydan.tv\/az\/emalatxanasindaki-hazir-aletleri-gosteren-usta-bu-aletleri-duzeltmek-ucun-bezen-gunde-12-saat-islemeli-oldugunu-deyir\/\" alt=\"Emalatxanas\u0131ndak\u0131 haz\u0131r al\u0259tl\u0259ri g\u00f6st\u0259r\u0259n usta bu al\u0259tl\u0259ri d\u00fcz\u0259ltm\u0259k \u00fc\u00e7\u00fcn b\u0259z\u0259n g\u00fcnd\u0259 12 saat i\u015fl\u0259m\u0259li oldu\u011funu deyir\" class=\"wp-image-81723\"\/><figcaption>\n    Emalatxanas\u0131ndak\u0131 haz\u0131r al\u0259tl\u0259ri g\u00f6st\u0259r\u0259n usta bu al\u0259tl\u0259ri d\u00fcz\u0259ltm\u0259k \u00fc\u00e7\u00fcn b\u0259z\u0259n g\u00fcnd\u0259 12 saat i\u015fl\u0259m\u0259li oldu\u011funu deyir<br \/>\n  <\/figcaption><\/figure>\n<figure class=\"wp-block-image size-large\">\n  <img decoding=\"async\" src=\"https:\/\/www.meydan.tv\/az\/agahuseyn-ustanin-yanina-gelmis-xarici-qonaqlarla-foto-sekili\/\" alt=\"A\u011fah\u00fcseyn ustan\u0131n yan\u0131na g\u0259lmi\u015f xarici qonaqlarla foto \u015f\u0259kili\" class=\"wp-image-81726\"\/><figcaption>\n    A\u011fah\u00fcseyn ustan\u0131n yan\u0131na g\u0259lmi\u015f xarici qonaqlarla foto \u015f\u0259kili<br \/>\n  <\/figcaption><\/figure>\n<figure class=\"wp-block-image size-large\">\n  <img decoding=\"async\" src=\"https:\/\/www.meydan.tv\/az\/fransadan-gelmis-qonaq-huseyn-usta-ucun-urek-sozlerini-yazib\/\" alt=\"Fransadan g\u0259lmi\u015f qonaq H\u00fcseyn usta \u00fc\u00e7\u00fcn \u00fcr\u0259k s\u00f6zl\u0259rini yaz\u0131b\" class=\"wp-image-81729\"\/><figcaption>\n    Fransadan g\u0259lmi\u015f qonaq H\u00fcseyn usta \u00fc\u00e7\u00fcn \u00fcr\u0259k s\u00f6zl\u0259rini yaz\u0131b<br \/>\n  <\/figcaption><\/figure>\n","protected":false},"excerpt":{"rendered":"<p>A\u011fah\u00fcseyn H\u00fcseynov \u015eamax\u0131n\u0131n D\u0259mir\u00e7i k\u0259ndinin tan\u0131nan d\u0259mir\u00e7il\u0259rind\u0259ndir.<\/p>\n","protected":false},"author":11,"featured_media":81705,"comment_status":"closed","ping_status":"open","sticky":false,"template":"","format":"standard","meta":{"_acf_changed":false,"_sitemap_exclude":false,"_sitemap_priority":"","_sitemap_frequency":"","footnotes":""},"categories":[58],"tags":[],"class_list":["post-183420","post","type-post","status-publish","format-standard","has-post-thumbnail","hentry","category-fotoreportaj","infinite-scroll-item","generate-columns","tablet-grid-50","mobile-grid-100","grid-parent","grid-33","no-featured-image-padding"],"acf":[],"yoast_head":"<!-- This site is optimized with the Yoast SEO plugin v27.4 - https:\/\/yoast.com\/product\/yoast-seo-wordpress\/ -->\n<title>D\u0259mir\u00e7i: Silah\u0131 adam\u0131n \u00f6l\u00e7\u00fcs\u00fcn\u0259 uy\u011fun d\u00fcz\u0259ldir\u0259m - MEYDAN.TV<\/title>\n<meta name=\"robots\" content=\"index, follow, max-snippet:-1, max-image-preview:large, max-video-preview:-1\" \/>\n<link rel=\"canonical\" href=\"https:\/\/www.meydan.tv\/az\/article\/demirci-silahi-adamin-olcusune-uygun-duzeldirem\/\" \/>\n<meta property=\"og:locale\" content=\"az_AZ\" \/>\n<meta property=\"og:type\" content=\"article\" \/>\n<meta property=\"og:title\" content=\"D\u0259mir\u00e7i: Silah\u0131 adam\u0131n \u00f6l\u00e7\u00fcs\u00fcn\u0259 uy\u011fun d\u00fcz\u0259ldir\u0259m - MEYDAN.TV\" \/>\n<meta property=\"og:description\" content=\"A\u011fah\u00fcseyn H\u00fcseynov \u015eamax\u0131n\u0131n D\u0259mir\u00e7i k\u0259ndinin tan\u0131nan d\u0259mir\u00e7il\u0259rind\u0259ndir.\" \/>\n<meta property=\"og:url\" content=\"https:\/\/www.meydan.tv\/az\/article\/demirci-silahi-adamin-olcusune-uygun-duzeldirem\/\" \/>\n<meta property=\"og:site_name\" content=\"MEYDAN.TV\" \/>\n<meta property=\"article:published_time\" content=\"2017-03-30T20:34:19+00:00\" \/>\n<meta property=\"article:modified_time\" content=\"2021-10-29T12:14:30+00:00\" \/>\n<meta property=\"og:image\" content=\"https:\/\/www.meydan.tv\/wp-content\/uploads\/31978.jpg\" \/>\n\t<meta property=\"og:image:width\" content=\"1500\" \/>\n\t<meta property=\"og:image:height\" content=\"1000\" \/>\n\t<meta property=\"og:image:type\" content=\"image\/jpeg\" \/>\n<meta name=\"author\" content=\"user-manager\" \/>\n<meta name=\"twitter:card\" content=\"summary_large_image\" \/>\n<script type=\"application\/ld+json\" class=\"yoast-schema-graph\">{\"@context\":\"https:\\\/\\\/schema.org\",\"@graph\":[{\"@type\":\"Article\",\"@id\":\"https:\\\/\\\/www.meydan.tv\\\/az\\\/article\\\/demirci-silahi-adamin-olcusune-uygun-duzeldirem\\\/#article\",\"isPartOf\":{\"@id\":\"https:\\\/\\\/www.meydan.tv\\\/az\\\/article\\\/demirci-silahi-adamin-olcusune-uygun-duzeldirem\\\/\"},\"author\":{\"name\":\"user-manager\",\"@id\":\"https:\\\/\\\/www.meydan.tv\\\/az\\\/#\\\/schema\\\/person\\\/10d11eccf6da3662cf5fdab9806ea91a\"},\"headline\":\"D\u0259mir\u00e7i: Silah\u0131 adam\u0131n \u00f6l\u00e7\u00fcs\u00fcn\u0259 uy\u011fun d\u00fcz\u0259ldir\u0259m\",\"datePublished\":\"2017-03-30T20:34:19+00:00\",\"dateModified\":\"2021-10-29T12:14:30+00:00\",\"mainEntityOfPage\":{\"@id\":\"https:\\\/\\\/www.meydan.tv\\\/az\\\/article\\\/demirci-silahi-adamin-olcusune-uygun-duzeldirem\\\/\"},\"wordCount\":614,\"publisher\":{\"@id\":\"https:\\\/\\\/www.meydan.tv\\\/az\\\/#organization\"},\"image\":{\"@id\":\"https:\\\/\\\/www.meydan.tv\\\/az\\\/article\\\/demirci-silahi-adamin-olcusune-uygun-duzeldirem\\\/#primaryimage\"},\"thumbnailUrl\":\"https:\\\/\\\/www.meydan.tv\\\/wp-content\\\/uploads\\\/31978.jpg\",\"articleSection\":[\"Fotoreportaj\"],\"inLanguage\":\"az\"},{\"@type\":\"WebPage\",\"@id\":\"https:\\\/\\\/www.meydan.tv\\\/az\\\/article\\\/demirci-silahi-adamin-olcusune-uygun-duzeldirem\\\/\",\"url\":\"https:\\\/\\\/www.meydan.tv\\\/az\\\/article\\\/demirci-silahi-adamin-olcusune-uygun-duzeldirem\\\/\",\"name\":\"D\u0259mir\u00e7i: Silah\u0131 adam\u0131n \u00f6l\u00e7\u00fcs\u00fcn\u0259 uy\u011fun d\u00fcz\u0259ldir\u0259m - MEYDAN.TV\",\"isPartOf\":{\"@id\":\"https:\\\/\\\/www.meydan.tv\\\/az\\\/#website\"},\"primaryImageOfPage\":{\"@id\":\"https:\\\/\\\/www.meydan.tv\\\/az\\\/article\\\/demirci-silahi-adamin-olcusune-uygun-duzeldirem\\\/#primaryimage\"},\"image\":{\"@id\":\"https:\\\/\\\/www.meydan.tv\\\/az\\\/article\\\/demirci-silahi-adamin-olcusune-uygun-duzeldirem\\\/#primaryimage\"},\"thumbnailUrl\":\"https:\\\/\\\/www.meydan.tv\\\/wp-content\\\/uploads\\\/31978.jpg\",\"datePublished\":\"2017-03-30T20:34:19+00:00\",\"dateModified\":\"2021-10-29T12:14:30+00:00\",\"breadcrumb\":{\"@id\":\"https:\\\/\\\/www.meydan.tv\\\/az\\\/article\\\/demirci-silahi-adamin-olcusune-uygun-duzeldirem\\\/#breadcrumb\"},\"inLanguage\":\"az\",\"potentialAction\":[{\"@type\":\"ReadAction\",\"target\":[\"https:\\\/\\\/www.meydan.tv\\\/az\\\/article\\\/demirci-silahi-adamin-olcusune-uygun-duzeldirem\\\/\"]}]},{\"@type\":\"ImageObject\",\"inLanguage\":\"az\",\"@id\":\"https:\\\/\\\/www.meydan.tv\\\/az\\\/article\\\/demirci-silahi-adamin-olcusune-uygun-duzeldirem\\\/#primaryimage\",\"url\":\"https:\\\/\\\/www.meydan.tv\\\/wp-content\\\/uploads\\\/31978.jpg\",\"contentUrl\":\"https:\\\/\\\/www.meydan.tv\\\/wp-content\\\/uploads\\\/31978.jpg\",\"width\":1500,\"height\":1000,\"caption\":\"Source:\"},{\"@type\":\"BreadcrumbList\",\"@id\":\"https:\\\/\\\/www.meydan.tv\\\/az\\\/article\\\/demirci-silahi-adamin-olcusune-uygun-duzeldirem\\\/#breadcrumb\",\"itemListElement\":[{\"@type\":\"ListItem\",\"position\":1,\"name\":\"Ana s\u0259hif\u0259\",\"item\":\"https:\\\/\\\/www.meydan.tv\\\/az\\\/\"},{\"@type\":\"ListItem\",\"position\":2,\"name\":\"Fotoreportaj\",\"item\":\"https:\\\/\\\/www.meydan.tv\\\/az\\\/section\\\/fotoreportaj\\\/\"},{\"@type\":\"ListItem\",\"position\":3,\"name\":\"D\u0259mir\u00e7i: Silah\u0131 adam\u0131n \u00f6l\u00e7\u00fcs\u00fcn\u0259 uy\u011fun d\u00fcz\u0259ldir\u0259m\"}]},{\"@type\":\"WebSite\",\"@id\":\"https:\\\/\\\/www.meydan.tv\\\/az\\\/#website\",\"url\":\"https:\\\/\\\/www.meydan.tv\\\/az\\\/\",\"name\":\"MEYDAN.TV\",\"description\":\"Meydan TV Az\u0259rbaycan\u0131n media m\u0259kan\u0131ndak\u0131 alternativ s\u0259sidir\",\"publisher\":{\"@id\":\"https:\\\/\\\/www.meydan.tv\\\/az\\\/#organization\"},\"potentialAction\":[{\"@type\":\"SearchAction\",\"target\":{\"@type\":\"EntryPoint\",\"urlTemplate\":\"https:\\\/\\\/www.meydan.tv\\\/az\\\/?s={search_term_string}\"},\"query-input\":{\"@type\":\"PropertyValueSpecification\",\"valueRequired\":true,\"valueName\":\"search_term_string\"}}],\"inLanguage\":\"az\"},{\"@type\":\"Organization\",\"@id\":\"https:\\\/\\\/www.meydan.tv\\\/az\\\/#organization\",\"name\":\"Meydan TV\",\"url\":\"https:\\\/\\\/www.meydan.tv\\\/az\\\/\",\"logo\":{\"@type\":\"ImageObject\",\"inLanguage\":\"az\",\"@id\":\"https:\\\/\\\/www.meydan.tv\\\/az\\\/#\\\/schema\\\/logo\\\/image\\\/\",\"url\":\"https:\\\/\\\/www.meydan.tv\\\/wp-content\\\/uploads\\\/2021\\\/07\\\/meydan-logo.svg\",\"contentUrl\":\"https:\\\/\\\/www.meydan.tv\\\/wp-content\\\/uploads\\\/2021\\\/07\\\/meydan-logo.svg\",\"width\":195,\"height\":46,\"caption\":\"Meydan TV\"},\"image\":{\"@id\":\"https:\\\/\\\/www.meydan.tv\\\/az\\\/#\\\/schema\\\/logo\\\/image\\\/\"}},{\"@type\":\"Person\",\"@id\":\"https:\\\/\\\/www.meydan.tv\\\/az\\\/#\\\/schema\\\/person\\\/10d11eccf6da3662cf5fdab9806ea91a\",\"name\":\"user-manager\"}]}<\/script>\n<!-- \/ Yoast SEO plugin. -->","yoast_head_json":{"title":"D\u0259mir\u00e7i: Silah\u0131 adam\u0131n \u00f6l\u00e7\u00fcs\u00fcn\u0259 uy\u011fun d\u00fcz\u0259ldir\u0259m - MEYDAN.TV","robots":{"index":"index","follow":"follow","max-snippet":"max-snippet:-1","max-image-preview":"max-image-preview:large","max-video-preview":"max-video-preview:-1"},"canonical":"https:\/\/www.meydan.tv\/az\/article\/demirci-silahi-adamin-olcusune-uygun-duzeldirem\/","og_locale":"az_AZ","og_type":"article","og_title":"D\u0259mir\u00e7i: Silah\u0131 adam\u0131n \u00f6l\u00e7\u00fcs\u00fcn\u0259 uy\u011fun d\u00fcz\u0259ldir\u0259m - MEYDAN.TV","og_description":"A\u011fah\u00fcseyn H\u00fcseynov \u015eamax\u0131n\u0131n D\u0259mir\u00e7i k\u0259ndinin tan\u0131nan d\u0259mir\u00e7il\u0259rind\u0259ndir.","og_url":"https:\/\/www.meydan.tv\/az\/article\/demirci-silahi-adamin-olcusune-uygun-duzeldirem\/","og_site_name":"MEYDAN.TV","article_published_time":"2017-03-30T20:34:19+00:00","article_modified_time":"2021-10-29T12:14:30+00:00","og_image":[{"width":1500,"height":1000,"url":"https:\/\/www.meydan.tv\/wp-content\/uploads\/31978.jpg","type":"image\/jpeg"}],"author":"user-manager","twitter_card":"summary_large_image","schema":{"@context":"https:\/\/schema.org","@graph":[{"@type":"Article","@id":"https:\/\/www.meydan.tv\/az\/article\/demirci-silahi-adamin-olcusune-uygun-duzeldirem\/#article","isPartOf":{"@id":"https:\/\/www.meydan.tv\/az\/article\/demirci-silahi-adamin-olcusune-uygun-duzeldirem\/"},"author":{"name":"user-manager","@id":"https:\/\/www.meydan.tv\/az\/#\/schema\/person\/10d11eccf6da3662cf5fdab9806ea91a"},"headline":"D\u0259mir\u00e7i: Silah\u0131 adam\u0131n \u00f6l\u00e7\u00fcs\u00fcn\u0259 uy\u011fun d\u00fcz\u0259ldir\u0259m","datePublished":"2017-03-30T20:34:19+00:00","dateModified":"2021-10-29T12:14:30+00:00","mainEntityOfPage":{"@id":"https:\/\/www.meydan.tv\/az\/article\/demirci-silahi-adamin-olcusune-uygun-duzeldirem\/"},"wordCount":614,"publisher":{"@id":"https:\/\/www.meydan.tv\/az\/#organization"},"image":{"@id":"https:\/\/www.meydan.tv\/az\/article\/demirci-silahi-adamin-olcusune-uygun-duzeldirem\/#primaryimage"},"thumbnailUrl":"https:\/\/www.meydan.tv\/wp-content\/uploads\/31978.jpg","articleSection":["Fotoreportaj"],"inLanguage":"az"},{"@type":"WebPage","@id":"https:\/\/www.meydan.tv\/az\/article\/demirci-silahi-adamin-olcusune-uygun-duzeldirem\/","url":"https:\/\/www.meydan.tv\/az\/article\/demirci-silahi-adamin-olcusune-uygun-duzeldirem\/","name":"D\u0259mir\u00e7i: Silah\u0131 adam\u0131n \u00f6l\u00e7\u00fcs\u00fcn\u0259 uy\u011fun d\u00fcz\u0259ldir\u0259m - MEYDAN.TV","isPartOf":{"@id":"https:\/\/www.meydan.tv\/az\/#website"},"primaryImageOfPage":{"@id":"https:\/\/www.meydan.tv\/az\/article\/demirci-silahi-adamin-olcusune-uygun-duzeldirem\/#primaryimage"},"image":{"@id":"https:\/\/www.meydan.tv\/az\/article\/demirci-silahi-adamin-olcusune-uygun-duzeldirem\/#primaryimage"},"thumbnailUrl":"https:\/\/www.meydan.tv\/wp-content\/uploads\/31978.jpg","datePublished":"2017-03-30T20:34:19+00:00","dateModified":"2021-10-29T12:14:30+00:00","breadcrumb":{"@id":"https:\/\/www.meydan.tv\/az\/article\/demirci-silahi-adamin-olcusune-uygun-duzeldirem\/#breadcrumb"},"inLanguage":"az","potentialAction":[{"@type":"ReadAction","target":["https:\/\/www.meydan.tv\/az\/article\/demirci-silahi-adamin-olcusune-uygun-duzeldirem\/"]}]},{"@type":"ImageObject","inLanguage":"az","@id":"https:\/\/www.meydan.tv\/az\/article\/demirci-silahi-adamin-olcusune-uygun-duzeldirem\/#primaryimage","url":"https:\/\/www.meydan.tv\/wp-content\/uploads\/31978.jpg","contentUrl":"https:\/\/www.meydan.tv\/wp-content\/uploads\/31978.jpg","width":1500,"height":1000,"caption":"Source:"},{"@type":"BreadcrumbList","@id":"https:\/\/www.meydan.tv\/az\/article\/demirci-silahi-adamin-olcusune-uygun-duzeldirem\/#breadcrumb","itemListElement":[{"@type":"ListItem","position":1,"name":"Ana s\u0259hif\u0259","item":"https:\/\/www.meydan.tv\/az\/"},{"@type":"ListItem","position":2,"name":"Fotoreportaj","item":"https:\/\/www.meydan.tv\/az\/section\/fotoreportaj\/"},{"@type":"ListItem","position":3,"name":"D\u0259mir\u00e7i: Silah\u0131 adam\u0131n \u00f6l\u00e7\u00fcs\u00fcn\u0259 uy\u011fun d\u00fcz\u0259ldir\u0259m"}]},{"@type":"WebSite","@id":"https:\/\/www.meydan.tv\/az\/#website","url":"https:\/\/www.meydan.tv\/az\/","name":"MEYDAN.TV","description":"Meydan TV Az\u0259rbaycan\u0131n media m\u0259kan\u0131ndak\u0131 alternativ s\u0259sidir","publisher":{"@id":"https:\/\/www.meydan.tv\/az\/#organization"},"potentialAction":[{"@type":"SearchAction","target":{"@type":"EntryPoint","urlTemplate":"https:\/\/www.meydan.tv\/az\/?s={search_term_string}"},"query-input":{"@type":"PropertyValueSpecification","valueRequired":true,"valueName":"search_term_string"}}],"inLanguage":"az"},{"@type":"Organization","@id":"https:\/\/www.meydan.tv\/az\/#organization","name":"Meydan TV","url":"https:\/\/www.meydan.tv\/az\/","logo":{"@type":"ImageObject","inLanguage":"az","@id":"https:\/\/www.meydan.tv\/az\/#\/schema\/logo\/image\/","url":"https:\/\/www.meydan.tv\/wp-content\/uploads\/2021\/07\/meydan-logo.svg","contentUrl":"https:\/\/www.meydan.tv\/wp-content\/uploads\/2021\/07\/meydan-logo.svg","width":195,"height":46,"caption":"Meydan TV"},"image":{"@id":"https:\/\/www.meydan.tv\/az\/#\/schema\/logo\/image\/"}},{"@type":"Person","@id":"https:\/\/www.meydan.tv\/az\/#\/schema\/person\/10d11eccf6da3662cf5fdab9806ea91a","name":"user-manager"}]}},"_links":{"self":[{"href":"https:\/\/www.meydan.tv\/az\/wp-json\/wp\/v2\/posts\/183420","targetHints":{"allow":["GET"]}}],"collection":[{"href":"https:\/\/www.meydan.tv\/az\/wp-json\/wp\/v2\/posts"}],"about":[{"href":"https:\/\/www.meydan.tv\/az\/wp-json\/wp\/v2\/types\/post"}],"author":[{"embeddable":true,"href":"https:\/\/www.meydan.tv\/az\/wp-json\/wp\/v2\/users\/11"}],"replies":[{"embeddable":true,"href":"https:\/\/www.meydan.tv\/az\/wp-json\/wp\/v2\/comments?post=183420"}],"version-history":[{"count":1,"href":"https:\/\/www.meydan.tv\/az\/wp-json\/wp\/v2\/posts\/183420\/revisions"}],"predecessor-version":[{"id":216670,"href":"https:\/\/www.meydan.tv\/az\/wp-json\/wp\/v2\/posts\/183420\/revisions\/216670"}],"wp:featuredmedia":[{"embeddable":true,"href":"https:\/\/www.meydan.tv\/az\/wp-json\/wp\/v2\/media\/81705"}],"wp:attachment":[{"href":"https:\/\/www.meydan.tv\/az\/wp-json\/wp\/v2\/media?parent=183420"}],"wp:term":[{"taxonomy":"category","embeddable":true,"href":"https:\/\/www.meydan.tv\/az\/wp-json\/wp\/v2\/categories?post=183420"},{"taxonomy":"post_tag","embeddable":true,"href":"https:\/\/www.meydan.tv\/az\/wp-json\/wp\/v2\/tags?post=183420"}],"curies":[{"name":"wp","href":"https:\/\/api.w.org\/{rel}","templated":true}]}}