{"id":183367,"date":"2017-03-28T14:09:33","date_gmt":"2017-03-28T14:09:33","guid":{"rendered":"https:\/\/www.meydan.tv\/article\/ricard-hoqland-vasiteciler-lavrov-plani-ifadesinden-istifade-etmir\/"},"modified":"2017-03-28T14:09:33","modified_gmt":"2017-03-28T14:09:33","slug":"ricard-hoqland-vasiteciler-lavrov-plani-ifadesinden-istifade-etmir","status":"publish","type":"post","link":"https:\/\/www.meydan.tv\/az\/article\/ricard-hoqland-vasiteciler-lavrov-plani-ifadesinden-istifade-etmir\/","title":{"rendered":"Ri\u00e7ard Hoqland: Vasit\u0259\u00e7il\u0259r &#8221;Lavrov plan\u0131&#8221; ifad\u0259sind\u0259n istifad\u0259 etmir"},"content":{"rendered":"<figure class=\"wp-block-image size-large\">\n  <img decoding=\"async\" src=\"https:\/\/www.meydan.tv\/az\/81591\/\" alt=\"\" class=\"wp-image-81591\"\/><figcaption><\/figcaption><\/figure>\n<p>\n  <i><br \/>\n    \u0130lqar V\u0259lizad\u0259: &#8221;T\u0259klifl\u0259r v\u0259 planlar fayda vermir&#8221;<br \/>\n  <\/i>\n<\/p>\n<p>\n  &#8220;Da\u011fl\u0131q Qaraba\u011f m\u00fcnaqi\u015f\u0259sinin nizamlanmas\u0131 il\u0259 ba\u011fl\u0131 dan\u0131\u015f\u0131qlar masas\u0131nda bir s\u0131ra a\u011flabatan planlar var&#8221;.\n<\/p>\n<p>\n  \u201c<br \/>\n  <a href=\"https:\/\/armenpress.am\/rus\/news\/884287\/na-stole-peregovorov-po-mirnomu-uregulirovaniyu-nagorno-karabakhskogo.html\"><br \/>\n    armenpress.am<br \/>\n  <\/a><br \/>\n  \u201din m\u0259lumat\u0131na g\u00f6r\u0259, bunu AT\u018fT-in Minsk qrupunun amerikal\u0131 h\u0259ms\u0259dri Ri\u00e7ard Hoqland deyib. \u201cOla bilsin ki, bu planlar yekun deyil, amma onlar haz\u0131rda d\u00f6vriyy\u0259d\u0259dir. Bu is\u0259 o dem\u0259kdir ki, onlar \u0259traf\u0131nda dan\u0131\u015f\u0131qlar davam etm\u0259lidir\u201d, &#8211; dey\u0259 h\u0259ms\u0259dr s\u00f6yl\u0259yib.\n<\/p>\n<p>\n  R.Hoqland bildirib ki, m\u00fcnaqi\u015f\u0259 t\u0259r\u0259fl\u0259rinin r\u0259hb\u0259rl\u0259ri siyasi irad\u0259 n\u00fcmayi\u015f etdir\u0259r\u0259k dan\u0131\u015f\u0131qlar masas\u0131na qay\u0131tmal\u0131d\u0131r. \u201cLavrov plan\u0131&#8221;na dair sual\u0131na cavabland\u0131ran diplomat\u0131n s\u00f6zl\u0259rin\u0259 g\u00f6r\u0259, vasit\u0259\u00e7il\u0259r bu ifad\u0259d\u0259n istifad\u0259 etmir: \u201cBiz bel\u0259 ifad\u0259 i\u015fl\u0259tmirik. D\u00f6vriyy\u0259d\u0259 olan plan var v\u0259 o, 3 hiss\u0259d\u0259n ibar\u0259tdir. Lakin haz\u0131rda m\u0259n bu plan\u0131n detallar\u0131n\u0131 a\u00e7\u0131qlama\u011f\u0131 m\u0259qs\u0259d\u0259uy\u011fun hesab etmir\u0259m. T\u0259r\u0259fl\u0259r onun \u00fcz\u0259rind\u0259 i\u015fl\u0259yir\u201d.\n<\/p>\n<p>\n  Dipomat\u0131n fikirl\u0259rini Meydan TV-y\u0259 \u015f\u0259rh ed\u0259n politoloq \u0130lqar V\u0259lizad\u0259 hesab edir ki, dan\u0131\u015f\u0131qlar prosesinin keyfiyy\u0259ti onun n\u0259tic\u0259l\u0259rind\u0259n as\u0131l\u0131d\u0131r: &#8220;\u018fg\u0259r dan\u0131\u015f\u0131qlar prosesi yoxdursa, xarici i\u015fl\u0259r nazirl\u0259ri d\u0259 problemli m\u0259s\u0259l\u0259l\u0259rd\u0259n \u00e7ox dan\u0131\u015f\u0131r\u0131rsa, n\u0259hay\u0259t, nazir Elmar M\u0259mm\u0259dyarov gedi\u015fat\u0131n dalana dir\u0259ndiyini deyirs\u0259, dem\u0259li, probleml\u0259r var. V\u0259 t\u0259klifl\u0259r, yaxud planlar he\u00e7 bir fayda vermir, \u0259sas problem d\u0259 bundad\u0131r&#8221;.\n<\/p>\n<p>\n  Politoloq deyib ki, haz\u0131rda h\u0259ms\u0259drl\u0259r f\u0259aliyy\u0259tl\u0259rin\u0259 y\u00fcks\u0259k qiym\u0259t verilm\u0259sini ist\u0259yirl\u0259r, c\u0259miyy\u0259t is\u0259 onlar\u0131n s\u00f6zl\u0259rin\u0259 yox, real i\u015fl\u0259r\u0259 qiym\u0259t verir:\n<\/p>\n<p>\n  &#8220;Nazirl\u0259rin Vyana v\u0259 Sankt-Peterburqda g\u00f6r\u00fc\u015fl\u0259rind\u0259 \u0259razil\u0259rin qaytar\u0131lmas\u0131, m\u0259cburi k\u00f6\u00e7k\u00fcnl\u0259rin qay\u0131tmas\u0131 m\u00fczakir\u0259 olunub. Ancaq n\u0259d\u0259ns\u0259 sonradan i\u015f\u011fal alt\u0131ndak\u0131 torpaqlar\u0131n qaytar\u0131lmas\u0131 yox, t\u0259hl\u00fck\u0259sizlik m\u0259s\u0259l\u0259l\u0259ri daha \u00e7ox dan\u0131\u015f\u0131l\u0131r. \u018fg\u0259r h\u0259ms\u0259drl\u0259r prosesin m\u0259hsuldar olmas\u0131n\u0131 ist\u0259yirs\u0259, Vyana v\u0259 Sankt-Peterburq g\u00f6r\u00fc\u015f\u00fcn\u00fcn g\u00fcnd\u0259liyin\u0259 qay\u0131tmal\u0131d\u0131rlar. \u018fks t\u0259qdird\u0259, imitasiya davam ed\u0259c\u0259k&#8221;.\n<\/p>\n<figure class=\"wp-block-image size-large\">\n  <img decoding=\"async\" src=\"https:\/\/www.meydan.tv\/az\/70318\/\" alt=\"\" class=\"wp-image-70318\"\/><figcaption>\n    \u0130lqar V\u0259lizad\u0259 foto sosial \u015f\u0259b\u0259k\u0259<br \/>\n  <\/figcaption><\/figure>\n<p>\n  Diplomat\u0131n &#8220;Lavrov plan\u0131&#8221; bar\u0259d\u0259 fikirl\u0259rin\u0259 g\u0259linc\u0259, \u0130lqar V\u0259lizad\u0259 deyib ki, bu ifad\u0259 \u015f\u0259rti olaraq bel\u0259 adland\u0131r\u0131l\u0131r v\u0259 media bunu g\u00fcnd\u0259m\u0259 g\u0259tirib, bel\u0259 bir \u015fey yoxdur: &#8220;\u018fg\u0259r olsayd\u0131, birinci n\u00f6vb\u0259d\u0259, Fransa v\u0259 Amerika h\u0259ms\u0259drl\u0259ri bu bar\u0259d\u0259 dan\u0131\u015fard\u0131lar. Burda s\u00f6hb\u0259t Rusiyan\u0131n dan\u0131\u015f\u0131qlar prosesi haqda t\u0259klif etdiyi g\u00fcnd\u0259liyind\u0259n gedir. G\u00fcnd\u0259liyi Kreml dig\u0259r h\u0259ms\u0259dr \u00f6lk\u0259l\u0259rl\u0259 raz\u0131la\u015fd\u0131r\u0131b. Ona g\u00f6r\u0259 tam haz\u0131rlanm\u0131\u015f \u015f\u0259kild\u0259 &#8220;Lavrov plan\u0131&#8221; yoxdur v\u0259 ham\u0131 anlay\u0131r ki, dan\u0131\u015f\u0131qlar gedirs\u0259, konstruksiya h\u0259r an d\u0259yi\u015fil\u0259 bil\u0259r. Bu da t\u0259r\u0259fl\u0259rin m\u00f6vqeyind\u0259n, raz\u0131la\u015f\u0131b-raz\u0131la\u015fmad\u0131qlar\u0131ndan as\u0131l\u0131d\u0131r&#8221;.<\/p>\n","protected":false},"excerpt":{"rendered":"<p>\u0130lqar V\u0259lizad\u0259: &#8221;T\u0259klifl\u0259r v\u0259 planlar fayda vermir&#8221;<\/p>\n","protected":false},"author":11,"featured_media":81591,"comment_status":"closed","ping_status":"open","sticky":false,"template":"","format":"standard","meta":{"_acf_changed":false,"_sitemap_exclude":false,"_sitemap_priority":"","_sitemap_frequency":"","footnotes":""},"categories":[51],"tags":[],"class_list":["post-183367","post","type-post","status-publish","format-standard","has-post-thumbnail","hentry","category-analitika","infinite-scroll-item","generate-columns","tablet-grid-50","mobile-grid-100","grid-parent","grid-33","no-featured-image-padding"],"acf":[],"yoast_head":"<!-- This site is optimized with the Yoast SEO plugin v27.4 - https:\/\/yoast.com\/product\/yoast-seo-wordpress\/ -->\n<title>Ri\u00e7ard Hoqland: Vasit\u0259\u00e7il\u0259r &#039;&#039;Lavrov plan\u0131&#039;&#039; ifad\u0259sind\u0259n istifad\u0259 etmir - MEYDAN.TV<\/title>\n<meta name=\"robots\" content=\"index, follow, max-snippet:-1, max-image-preview:large, max-video-preview:-1\" \/>\n<link rel=\"canonical\" href=\"https:\/\/www.meydan.tv\/az\/article\/ricard-hoqland-vasiteciler-lavrov-plani-ifadesinden-istifade-etmir\/\" \/>\n<meta property=\"og:locale\" content=\"az_AZ\" \/>\n<meta property=\"og:type\" content=\"article\" \/>\n<meta property=\"og:title\" content=\"Ri\u00e7ard Hoqland: Vasit\u0259\u00e7il\u0259r &#039;&#039;Lavrov plan\u0131&#039;&#039; ifad\u0259sind\u0259n istifad\u0259 etmir - MEYDAN.TV\" \/>\n<meta property=\"og:description\" content=\"\u0130lqar V\u0259lizad\u0259: &#039;&#039;T\u0259klifl\u0259r v\u0259 planlar fayda vermir&#039;&#039;\" \/>\n<meta property=\"og:url\" content=\"https:\/\/www.meydan.tv\/az\/article\/ricard-hoqland-vasiteciler-lavrov-plani-ifadesinden-istifade-etmir\/\" \/>\n<meta property=\"og:site_name\" content=\"MEYDAN.TV\" \/>\n<meta property=\"article:published_time\" content=\"2017-03-28T14:09:33+00:00\" \/>\n<meta property=\"og:image\" content=\"https:\/\/www.meydan.tv\/wp-content\/uploads\/31921.jpg\" \/>\n\t<meta property=\"og:image:width\" content=\"1000\" \/>\n\t<meta property=\"og:image:height\" content=\"541\" \/>\n\t<meta property=\"og:image:type\" content=\"image\/jpeg\" \/>\n<meta name=\"author\" content=\"user-manager\" \/>\n<meta name=\"twitter:card\" content=\"summary_large_image\" \/>\n<script type=\"application\/ld+json\" class=\"yoast-schema-graph\">{\"@context\":\"https:\\\/\\\/schema.org\",\"@graph\":[{\"@type\":\"Article\",\"@id\":\"https:\\\/\\\/www.meydan.tv\\\/az\\\/article\\\/ricard-hoqland-vasiteciler-lavrov-plani-ifadesinden-istifade-etmir\\\/#article\",\"isPartOf\":{\"@id\":\"https:\\\/\\\/www.meydan.tv\\\/az\\\/article\\\/ricard-hoqland-vasiteciler-lavrov-plani-ifadesinden-istifade-etmir\\\/\"},\"author\":{\"name\":\"user-manager\",\"@id\":\"https:\\\/\\\/www.meydan.tv\\\/az\\\/#\\\/schema\\\/person\\\/10d11eccf6da3662cf5fdab9806ea91a\"},\"headline\":\"Ri\u00e7ard Hoqland: Vasit\u0259\u00e7il\u0259r &#8221;Lavrov plan\u0131&#8221; ifad\u0259sind\u0259n istifad\u0259 etmir\",\"datePublished\":\"2017-03-28T14:09:33+00:00\",\"mainEntityOfPage\":{\"@id\":\"https:\\\/\\\/www.meydan.tv\\\/az\\\/article\\\/ricard-hoqland-vasiteciler-lavrov-plani-ifadesinden-istifade-etmir\\\/\"},\"wordCount\":567,\"publisher\":{\"@id\":\"https:\\\/\\\/www.meydan.tv\\\/az\\\/#organization\"},\"image\":{\"@id\":\"https:\\\/\\\/www.meydan.tv\\\/az\\\/article\\\/ricard-hoqland-vasiteciler-lavrov-plani-ifadesinden-istifade-etmir\\\/#primaryimage\"},\"thumbnailUrl\":\"https:\\\/\\\/www.meydan.tv\\\/wp-content\\\/uploads\\\/31921.jpg\",\"articleSection\":[\"Analitika\"],\"inLanguage\":\"az\"},{\"@type\":\"WebPage\",\"@id\":\"https:\\\/\\\/www.meydan.tv\\\/az\\\/article\\\/ricard-hoqland-vasiteciler-lavrov-plani-ifadesinden-istifade-etmir\\\/\",\"url\":\"https:\\\/\\\/www.meydan.tv\\\/az\\\/article\\\/ricard-hoqland-vasiteciler-lavrov-plani-ifadesinden-istifade-etmir\\\/\",\"name\":\"Ri\u00e7ard Hoqland: Vasit\u0259\u00e7il\u0259r ''Lavrov plan\u0131'' ifad\u0259sind\u0259n istifad\u0259 etmir - MEYDAN.TV\",\"isPartOf\":{\"@id\":\"https:\\\/\\\/www.meydan.tv\\\/az\\\/#website\"},\"primaryImageOfPage\":{\"@id\":\"https:\\\/\\\/www.meydan.tv\\\/az\\\/article\\\/ricard-hoqland-vasiteciler-lavrov-plani-ifadesinden-istifade-etmir\\\/#primaryimage\"},\"image\":{\"@id\":\"https:\\\/\\\/www.meydan.tv\\\/az\\\/article\\\/ricard-hoqland-vasiteciler-lavrov-plani-ifadesinden-istifade-etmir\\\/#primaryimage\"},\"thumbnailUrl\":\"https:\\\/\\\/www.meydan.tv\\\/wp-content\\\/uploads\\\/31921.jpg\",\"datePublished\":\"2017-03-28T14:09:33+00:00\",\"breadcrumb\":{\"@id\":\"https:\\\/\\\/www.meydan.tv\\\/az\\\/article\\\/ricard-hoqland-vasiteciler-lavrov-plani-ifadesinden-istifade-etmir\\\/#breadcrumb\"},\"inLanguage\":\"az\",\"potentialAction\":[{\"@type\":\"ReadAction\",\"target\":[\"https:\\\/\\\/www.meydan.tv\\\/az\\\/article\\\/ricard-hoqland-vasiteciler-lavrov-plani-ifadesinden-istifade-etmir\\\/\"]}]},{\"@type\":\"ImageObject\",\"inLanguage\":\"az\",\"@id\":\"https:\\\/\\\/www.meydan.tv\\\/az\\\/article\\\/ricard-hoqland-vasiteciler-lavrov-plani-ifadesinden-istifade-etmir\\\/#primaryimage\",\"url\":\"https:\\\/\\\/www.meydan.tv\\\/wp-content\\\/uploads\\\/31921.jpg\",\"contentUrl\":\"https:\\\/\\\/www.meydan.tv\\\/wp-content\\\/uploads\\\/31921.jpg\",\"width\":1000,\"height\":541,\"caption\":\"Source:\"},{\"@type\":\"BreadcrumbList\",\"@id\":\"https:\\\/\\\/www.meydan.tv\\\/az\\\/article\\\/ricard-hoqland-vasiteciler-lavrov-plani-ifadesinden-istifade-etmir\\\/#breadcrumb\",\"itemListElement\":[{\"@type\":\"ListItem\",\"position\":1,\"name\":\"Ana s\u0259hif\u0259\",\"item\":\"https:\\\/\\\/www.meydan.tv\\\/az\\\/\"},{\"@type\":\"ListItem\",\"position\":2,\"name\":\"Analitika\",\"item\":\"https:\\\/\\\/www.meydan.tv\\\/az\\\/section\\\/analitika\\\/\"},{\"@type\":\"ListItem\",\"position\":3,\"name\":\"Ri\u00e7ard Hoqland: Vasit\u0259\u00e7il\u0259r &#8221;Lavrov plan\u0131&#8221; ifad\u0259sind\u0259n istifad\u0259 etmir\"}]},{\"@type\":\"WebSite\",\"@id\":\"https:\\\/\\\/www.meydan.tv\\\/az\\\/#website\",\"url\":\"https:\\\/\\\/www.meydan.tv\\\/az\\\/\",\"name\":\"MEYDAN.TV\",\"description\":\"Meydan TV Az\u0259rbaycan\u0131n media m\u0259kan\u0131ndak\u0131 alternativ s\u0259sidir\",\"publisher\":{\"@id\":\"https:\\\/\\\/www.meydan.tv\\\/az\\\/#organization\"},\"potentialAction\":[{\"@type\":\"SearchAction\",\"target\":{\"@type\":\"EntryPoint\",\"urlTemplate\":\"https:\\\/\\\/www.meydan.tv\\\/az\\\/?s={search_term_string}\"},\"query-input\":{\"@type\":\"PropertyValueSpecification\",\"valueRequired\":true,\"valueName\":\"search_term_string\"}}],\"inLanguage\":\"az\"},{\"@type\":\"Organization\",\"@id\":\"https:\\\/\\\/www.meydan.tv\\\/az\\\/#organization\",\"name\":\"Meydan TV\",\"url\":\"https:\\\/\\\/www.meydan.tv\\\/az\\\/\",\"logo\":{\"@type\":\"ImageObject\",\"inLanguage\":\"az\",\"@id\":\"https:\\\/\\\/www.meydan.tv\\\/az\\\/#\\\/schema\\\/logo\\\/image\\\/\",\"url\":\"https:\\\/\\\/www.meydan.tv\\\/wp-content\\\/uploads\\\/2021\\\/07\\\/meydan-logo.svg\",\"contentUrl\":\"https:\\\/\\\/www.meydan.tv\\\/wp-content\\\/uploads\\\/2021\\\/07\\\/meydan-logo.svg\",\"width\":195,\"height\":46,\"caption\":\"Meydan TV\"},\"image\":{\"@id\":\"https:\\\/\\\/www.meydan.tv\\\/az\\\/#\\\/schema\\\/logo\\\/image\\\/\"}},{\"@type\":\"Person\",\"@id\":\"https:\\\/\\\/www.meydan.tv\\\/az\\\/#\\\/schema\\\/person\\\/10d11eccf6da3662cf5fdab9806ea91a\",\"name\":\"user-manager\"}]}<\/script>\n<!-- \/ Yoast SEO plugin. -->","yoast_head_json":{"title":"Ri\u00e7ard Hoqland: Vasit\u0259\u00e7il\u0259r ''Lavrov plan\u0131'' ifad\u0259sind\u0259n istifad\u0259 etmir - MEYDAN.TV","robots":{"index":"index","follow":"follow","max-snippet":"max-snippet:-1","max-image-preview":"max-image-preview:large","max-video-preview":"max-video-preview:-1"},"canonical":"https:\/\/www.meydan.tv\/az\/article\/ricard-hoqland-vasiteciler-lavrov-plani-ifadesinden-istifade-etmir\/","og_locale":"az_AZ","og_type":"article","og_title":"Ri\u00e7ard Hoqland: Vasit\u0259\u00e7il\u0259r ''Lavrov plan\u0131'' ifad\u0259sind\u0259n istifad\u0259 etmir - MEYDAN.TV","og_description":"\u0130lqar V\u0259lizad\u0259: ''T\u0259klifl\u0259r v\u0259 planlar fayda vermir''","og_url":"https:\/\/www.meydan.tv\/az\/article\/ricard-hoqland-vasiteciler-lavrov-plani-ifadesinden-istifade-etmir\/","og_site_name":"MEYDAN.TV","article_published_time":"2017-03-28T14:09:33+00:00","og_image":[{"width":1000,"height":541,"url":"https:\/\/www.meydan.tv\/wp-content\/uploads\/31921.jpg","type":"image\/jpeg"}],"author":"user-manager","twitter_card":"summary_large_image","schema":{"@context":"https:\/\/schema.org","@graph":[{"@type":"Article","@id":"https:\/\/www.meydan.tv\/az\/article\/ricard-hoqland-vasiteciler-lavrov-plani-ifadesinden-istifade-etmir\/#article","isPartOf":{"@id":"https:\/\/www.meydan.tv\/az\/article\/ricard-hoqland-vasiteciler-lavrov-plani-ifadesinden-istifade-etmir\/"},"author":{"name":"user-manager","@id":"https:\/\/www.meydan.tv\/az\/#\/schema\/person\/10d11eccf6da3662cf5fdab9806ea91a"},"headline":"Ri\u00e7ard Hoqland: Vasit\u0259\u00e7il\u0259r &#8221;Lavrov plan\u0131&#8221; ifad\u0259sind\u0259n istifad\u0259 etmir","datePublished":"2017-03-28T14:09:33+00:00","mainEntityOfPage":{"@id":"https:\/\/www.meydan.tv\/az\/article\/ricard-hoqland-vasiteciler-lavrov-plani-ifadesinden-istifade-etmir\/"},"wordCount":567,"publisher":{"@id":"https:\/\/www.meydan.tv\/az\/#organization"},"image":{"@id":"https:\/\/www.meydan.tv\/az\/article\/ricard-hoqland-vasiteciler-lavrov-plani-ifadesinden-istifade-etmir\/#primaryimage"},"thumbnailUrl":"https:\/\/www.meydan.tv\/wp-content\/uploads\/31921.jpg","articleSection":["Analitika"],"inLanguage":"az"},{"@type":"WebPage","@id":"https:\/\/www.meydan.tv\/az\/article\/ricard-hoqland-vasiteciler-lavrov-plani-ifadesinden-istifade-etmir\/","url":"https:\/\/www.meydan.tv\/az\/article\/ricard-hoqland-vasiteciler-lavrov-plani-ifadesinden-istifade-etmir\/","name":"Ri\u00e7ard Hoqland: Vasit\u0259\u00e7il\u0259r ''Lavrov plan\u0131'' ifad\u0259sind\u0259n istifad\u0259 etmir - MEYDAN.TV","isPartOf":{"@id":"https:\/\/www.meydan.tv\/az\/#website"},"primaryImageOfPage":{"@id":"https:\/\/www.meydan.tv\/az\/article\/ricard-hoqland-vasiteciler-lavrov-plani-ifadesinden-istifade-etmir\/#primaryimage"},"image":{"@id":"https:\/\/www.meydan.tv\/az\/article\/ricard-hoqland-vasiteciler-lavrov-plani-ifadesinden-istifade-etmir\/#primaryimage"},"thumbnailUrl":"https:\/\/www.meydan.tv\/wp-content\/uploads\/31921.jpg","datePublished":"2017-03-28T14:09:33+00:00","breadcrumb":{"@id":"https:\/\/www.meydan.tv\/az\/article\/ricard-hoqland-vasiteciler-lavrov-plani-ifadesinden-istifade-etmir\/#breadcrumb"},"inLanguage":"az","potentialAction":[{"@type":"ReadAction","target":["https:\/\/www.meydan.tv\/az\/article\/ricard-hoqland-vasiteciler-lavrov-plani-ifadesinden-istifade-etmir\/"]}]},{"@type":"ImageObject","inLanguage":"az","@id":"https:\/\/www.meydan.tv\/az\/article\/ricard-hoqland-vasiteciler-lavrov-plani-ifadesinden-istifade-etmir\/#primaryimage","url":"https:\/\/www.meydan.tv\/wp-content\/uploads\/31921.jpg","contentUrl":"https:\/\/www.meydan.tv\/wp-content\/uploads\/31921.jpg","width":1000,"height":541,"caption":"Source:"},{"@type":"BreadcrumbList","@id":"https:\/\/www.meydan.tv\/az\/article\/ricard-hoqland-vasiteciler-lavrov-plani-ifadesinden-istifade-etmir\/#breadcrumb","itemListElement":[{"@type":"ListItem","position":1,"name":"Ana s\u0259hif\u0259","item":"https:\/\/www.meydan.tv\/az\/"},{"@type":"ListItem","position":2,"name":"Analitika","item":"https:\/\/www.meydan.tv\/az\/section\/analitika\/"},{"@type":"ListItem","position":3,"name":"Ri\u00e7ard Hoqland: Vasit\u0259\u00e7il\u0259r &#8221;Lavrov plan\u0131&#8221; ifad\u0259sind\u0259n istifad\u0259 etmir"}]},{"@type":"WebSite","@id":"https:\/\/www.meydan.tv\/az\/#website","url":"https:\/\/www.meydan.tv\/az\/","name":"MEYDAN.TV","description":"Meydan TV Az\u0259rbaycan\u0131n media m\u0259kan\u0131ndak\u0131 alternativ s\u0259sidir","publisher":{"@id":"https:\/\/www.meydan.tv\/az\/#organization"},"potentialAction":[{"@type":"SearchAction","target":{"@type":"EntryPoint","urlTemplate":"https:\/\/www.meydan.tv\/az\/?s={search_term_string}"},"query-input":{"@type":"PropertyValueSpecification","valueRequired":true,"valueName":"search_term_string"}}],"inLanguage":"az"},{"@type":"Organization","@id":"https:\/\/www.meydan.tv\/az\/#organization","name":"Meydan TV","url":"https:\/\/www.meydan.tv\/az\/","logo":{"@type":"ImageObject","inLanguage":"az","@id":"https:\/\/www.meydan.tv\/az\/#\/schema\/logo\/image\/","url":"https:\/\/www.meydan.tv\/wp-content\/uploads\/2021\/07\/meydan-logo.svg","contentUrl":"https:\/\/www.meydan.tv\/wp-content\/uploads\/2021\/07\/meydan-logo.svg","width":195,"height":46,"caption":"Meydan TV"},"image":{"@id":"https:\/\/www.meydan.tv\/az\/#\/schema\/logo\/image\/"}},{"@type":"Person","@id":"https:\/\/www.meydan.tv\/az\/#\/schema\/person\/10d11eccf6da3662cf5fdab9806ea91a","name":"user-manager"}]}},"_links":{"self":[{"href":"https:\/\/www.meydan.tv\/az\/wp-json\/wp\/v2\/posts\/183367","targetHints":{"allow":["GET"]}}],"collection":[{"href":"https:\/\/www.meydan.tv\/az\/wp-json\/wp\/v2\/posts"}],"about":[{"href":"https:\/\/www.meydan.tv\/az\/wp-json\/wp\/v2\/types\/post"}],"author":[{"embeddable":true,"href":"https:\/\/www.meydan.tv\/az\/wp-json\/wp\/v2\/users\/11"}],"replies":[{"embeddable":true,"href":"https:\/\/www.meydan.tv\/az\/wp-json\/wp\/v2\/comments?post=183367"}],"version-history":[{"count":0,"href":"https:\/\/www.meydan.tv\/az\/wp-json\/wp\/v2\/posts\/183367\/revisions"}],"wp:featuredmedia":[{"embeddable":true,"href":"https:\/\/www.meydan.tv\/az\/wp-json\/wp\/v2\/media\/81591"}],"wp:attachment":[{"href":"https:\/\/www.meydan.tv\/az\/wp-json\/wp\/v2\/media?parent=183367"}],"wp:term":[{"taxonomy":"category","embeddable":true,"href":"https:\/\/www.meydan.tv\/az\/wp-json\/wp\/v2\/categories?post=183367"},{"taxonomy":"post_tag","embeddable":true,"href":"https:\/\/www.meydan.tv\/az\/wp-json\/wp\/v2\/tags?post=183367"}],"curies":[{"name":"wp","href":"https:\/\/api.w.org\/{rel}","templated":true}]}}