{"id":183353,"date":"2017-03-27T20:12:07","date_gmt":"2017-03-27T20:12:07","guid":{"rendered":"https:\/\/www.meydan.tv\/article\/qubad-ibadoglu-hakimiyyet-gelecek-nesilleri-borca-salir\/"},"modified":"2017-03-27T20:12:07","modified_gmt":"2017-03-27T20:12:07","slug":"qubad-ibadoglu-hakimiyyet-gelecek-nesilleri-borca-salir","status":"publish","type":"post","link":"https:\/\/www.meydan.tv\/az\/article\/qubad-ibadoglu-hakimiyyet-gelecek-nesilleri-borca-salir\/","title":{"rendered":"Qubad \u0130bado\u011flu: Hakimiyy\u0259t g\u0259l\u0259c\u0259k n\u0259sill\u0259ri borca sal\u0131r"},"content":{"rendered":"<figure class=\"wp-block-image size-large\">\n  <img decoding=\"async\" src=\"https:\/\/www.meydan.tv\/az\/81561\/\" alt=\"\" class=\"wp-image-81561\"\/><figcaption><\/figcaption><\/figure>\n<p>\n  <i><br \/>\n    &#8221;Cari ilin x\u0259rcl\u0259m\u0259l\u0259ri 2023-c\u00fc ild\u0259 h\u0259yata ke\u00e7irilm\u0259li idi&#8221;<br \/>\n  <\/i>\n<\/p>\n<p>\n  \u201c2023-c\u00fc ild\u0259 x\u0259rcl\u0259m\u0259li olan neft g\u0259lirl\u0259ri indid\u0259n x\u0259rcl\u0259nib\u201d. \u0130qtisad\u00e7\u0131 Qubad \u0130bado\u011flu bu q\u0259na\u0259td\u0259dir. \u00d6z\u00fcn\u00fcn \u201cFacebook\u201d s\u0259hif\u0259sind\u0259 bu bar\u0259d\u0259 yazan Q.\u0130bado\u011flu deyir ki, d\u00fcnya bazar\u0131nda 1 barel brend markal\u0131 neftin qiym\u0259ti 50 dollara q\u0259d\u0259r ucuzla\u015f\u0131b:\n<\/p>\n<p>\n  \u201cBu qiym\u0259t mart\u0131n 1-n\u0259 olan s\u0259viyy\u0259 il\u0259 m\u00fcqayis\u0259d\u0259 6 dollar a\u015fa\u011f\u0131d\u0131r. \u018fslind\u0259, m\u0259n bir ne\u00e7\u0259 s\u0259b\u0259b\u0259 g\u00f6r\u0259 neftin qiym\u0259tinin bundan da ucuz olmas\u0131n\u0131n t\u0259r\u0259fdar\u0131yam. Birincisi ona g\u00f6r\u0259 ki, neft ixracat\u0131ndan d\u00f6vl\u0259t g\u0259lirl\u0259rinin azalmas\u0131 islahatlar \u00fc\u00e7\u00fcn imkan yarada bil\u0259r. Fikrimc\u0259, neft g\u0259lirl\u0259ri k\u0259skin azalmay\u0131nca, m\u00f6vcud hakimiyy\u0259t n\u0259 iqtisadi v\u0259 n\u0259 d\u0259 siyasi islahatlara getm\u0259y\u0259c\u0259k. \u0130kincisi, neftin h\u0259tta cari qiym\u0259ti bel\u0259 onun g\u0259liirliyini t\u0259min ed\u0259c\u0259k s\u0259viyy\u0259d\u0259dir. \u0130ndiki qiym\u0259tl\u0259rl\u0259 bu sah\u0259d\u0259 m\u0259nf\u0259\u0259t normadan 3-4 d\u0259f\u0259 yuxar\u0131d\u0131r. Normadan yuxar\u0131 m\u0259nf\u0259\u0259t is\u0259 h\u0259mi\u015f\u0259 korporativ maraqlar\u0131n d\u00f6vl\u0259t maraqlar\u0131ndan da ir\u0259li ke\u00e7m\u0259sin\u0259 \u0259saslar yarad\u0131r. \u00dc\u00e7\u00fcnc\u00fcs\u00fc, neft n\u0259 q\u0259d\u0259r baha olsa, bir o q\u0259d\u0259r d\u0259 tez istismar olunur. Bel\u0259 olan halda da neft g\u0259lirl\u0259rind\u0259n pay \u0259ld\u0259 d\u0259 bilm\u0259y\u0259n g\u0259nc v\u0259 g\u0259l\u0259c\u0259k n\u0259sill\u0259r\u0259 neft n\u0259inki d\u0259y\u0259r formas\u0131nda, h\u0259m d\u0259 natura formas\u0131nda s\u0259rv\u0259t kimi d\u0259 qalm\u0131r\u201d.\n<\/p>\n<figure class=\"wp-block-image size-large\">\n  <img decoding=\"async\" src=\"https:\/\/www.meydan.tv\/az\/47256\/\" alt=\"\" class=\"wp-image-47256\"\/><figcaption>\n    Qubad \u0130bado\u011flu<br \/>\n  <\/figcaption><\/figure>\n<p>\n  \u0130qtisad\u00e7\u0131 r\u0259q\u0259ml\u0259r\u0259 diqq\u0259t \u00e7\u0259kib:\n<\/p>\n<p>\n  \u201cSon m\u0259lumatlara g\u00f6r\u0259, Az\u0259rbaycan hakimiyy\u0259ti 2001-2017-ci ill\u0259rd\u0259 neft v\u0259 qaz sat\u0131\u015f\u0131ndan 130 milyard dollardan \u00e7ox g\u0259lir \u0259ld\u0259 edib, haz\u0131rda onun 30 milyard dollar\u0131 ehtiyat \u015f\u0259klind\u0259 saxlan\u0131l\u0131r, 100 milyard dollara q\u0259d\u0259ri is\u0259 son 15 ild\u0259 x\u0259rcl\u0259nib. Bu, o dem\u0259kdir ki, 2001-ci ild\u0259n indiy\u0259 q\u0259d\u0259r adamba\u015f\u0131na 10 min dollarl\u0131q neft g\u0259liri x\u0259rcl\u0259nib, bel\u0259likl\u0259 d\u0259, h\u0259min d\u00f6vrd\u0259 h\u0259r il ard\u0131c\u0131l olaraq 7 milyard dollar neft g\u0259liri m\u0259sr\u0259f olunub. \u018fg\u0259r orta hesabla 7 milyard dollar deyil, sabit qiym\u0259tl\u0259r ard\u0131c\u0131l olaraq ild\u0259 5 milyard dollar x\u0259rcl\u0259ns\u0259 idi, haz\u0131rda neft g\u0259lirl\u0259rinin 58 faizi x\u0259rcl\u0259n\u0259rdi, 42 faizi v\u0259 ya 55 milyard dollar\u0131 is\u0259 y\u0131\u011f\u0131ma y\u00f6n\u0259l\u0259rdi. Bu halda is\u0259 D\u00f6vl\u0259t Neft Fondunun s\u0259r\u0259ncam\u0131nda qalan neft g\u0259lirl\u0259rinin idar\u0259 olunmas\u0131ndan daha \u00e7ox qazana bil\u0259rdi. Eyni zamanda bel\u0259 olsayd\u0131, cari ilin x\u0259rcl\u0259m\u0259l\u0259ri 2023-c\u00fc ild\u0259 h\u0259yata ke\u00e7irilm\u0259li idi. Dem\u0259li, Az\u0259rbaycan hakimiyy\u0259ti n\u0259inki g\u0259l\u0259c\u0259k n\u0259sill\u0259ri borca sal\u0131r, h\u0259tta onlar\u0131n 2023-c\u00fc ild\u0259 x\u0259rcl\u0259m\u0259li oldu\u011fu v\u0259saiti indid\u0259n x\u0259rcl\u0259yib\u201d.<\/p>\n","protected":false},"excerpt":{"rendered":"<p>&#8221;Cari ilin x\u0259rcl\u0259m\u0259l\u0259ri 2023-c\u00fc ild\u0259 h\u0259yata ke\u00e7irilm\u0259li idi&#8221;<\/p>\n","protected":false},"author":11,"featured_media":81561,"comment_status":"closed","ping_status":"open","sticky":false,"template":"","format":"standard","meta":{"_acf_changed":false,"_sitemap_exclude":false,"_sitemap_priority":"","_sitemap_frequency":"","footnotes":""},"categories":[51],"tags":[],"class_list":["post-183353","post","type-post","status-publish","format-standard","has-post-thumbnail","hentry","category-analitika","infinite-scroll-item","generate-columns","tablet-grid-50","mobile-grid-100","grid-parent","grid-33","no-featured-image-padding"],"acf":[],"yoast_head":"<!-- This site is optimized with the Yoast SEO plugin v27.4 - https:\/\/yoast.com\/product\/yoast-seo-wordpress\/ -->\n<title>Qubad \u0130bado\u011flu: Hakimiyy\u0259t g\u0259l\u0259c\u0259k n\u0259sill\u0259ri borca sal\u0131r - MEYDAN.TV<\/title>\n<meta name=\"robots\" content=\"index, follow, max-snippet:-1, max-image-preview:large, max-video-preview:-1\" \/>\n<link rel=\"canonical\" href=\"https:\/\/www.meydan.tv\/az\/article\/qubad-ibadoglu-hakimiyyet-gelecek-nesilleri-borca-salir\/\" \/>\n<meta property=\"og:locale\" content=\"az_AZ\" \/>\n<meta property=\"og:type\" content=\"article\" \/>\n<meta property=\"og:title\" content=\"Qubad \u0130bado\u011flu: Hakimiyy\u0259t g\u0259l\u0259c\u0259k n\u0259sill\u0259ri borca sal\u0131r - MEYDAN.TV\" \/>\n<meta property=\"og:description\" content=\"&#039;&#039;Cari ilin x\u0259rcl\u0259m\u0259l\u0259ri 2023-c\u00fc ild\u0259 h\u0259yata ke\u00e7irilm\u0259li idi&#039;&#039;\" \/>\n<meta property=\"og:url\" content=\"https:\/\/www.meydan.tv\/az\/article\/qubad-ibadoglu-hakimiyyet-gelecek-nesilleri-borca-salir\/\" \/>\n<meta property=\"og:site_name\" content=\"MEYDAN.TV\" \/>\n<meta property=\"article:published_time\" content=\"2017-03-27T20:12:07+00:00\" \/>\n<meta property=\"og:image\" content=\"https:\/\/www.meydan.tv\/wp-content\/uploads\/31904.jpg\" \/>\n\t<meta property=\"og:image:width\" content=\"1023\" \/>\n\t<meta property=\"og:image:height\" content=\"575\" \/>\n\t<meta property=\"og:image:type\" content=\"image\/jpeg\" \/>\n<meta name=\"author\" content=\"user-manager\" \/>\n<meta name=\"twitter:card\" content=\"summary_large_image\" \/>\n<script type=\"application\/ld+json\" class=\"yoast-schema-graph\">{\"@context\":\"https:\\\/\\\/schema.org\",\"@graph\":[{\"@type\":\"Article\",\"@id\":\"https:\\\/\\\/www.meydan.tv\\\/az\\\/article\\\/qubad-ibadoglu-hakimiyyet-gelecek-nesilleri-borca-salir\\\/#article\",\"isPartOf\":{\"@id\":\"https:\\\/\\\/www.meydan.tv\\\/az\\\/article\\\/qubad-ibadoglu-hakimiyyet-gelecek-nesilleri-borca-salir\\\/\"},\"author\":{\"name\":\"user-manager\",\"@id\":\"https:\\\/\\\/www.meydan.tv\\\/az\\\/#\\\/schema\\\/person\\\/10d11eccf6da3662cf5fdab9806ea91a\"},\"headline\":\"Qubad \u0130bado\u011flu: Hakimiyy\u0259t g\u0259l\u0259c\u0259k n\u0259sill\u0259ri borca sal\u0131r\",\"datePublished\":\"2017-03-27T20:12:07+00:00\",\"mainEntityOfPage\":{\"@id\":\"https:\\\/\\\/www.meydan.tv\\\/az\\\/article\\\/qubad-ibadoglu-hakimiyyet-gelecek-nesilleri-borca-salir\\\/\"},\"wordCount\":528,\"publisher\":{\"@id\":\"https:\\\/\\\/www.meydan.tv\\\/az\\\/#organization\"},\"image\":{\"@id\":\"https:\\\/\\\/www.meydan.tv\\\/az\\\/article\\\/qubad-ibadoglu-hakimiyyet-gelecek-nesilleri-borca-salir\\\/#primaryimage\"},\"thumbnailUrl\":\"https:\\\/\\\/www.meydan.tv\\\/wp-content\\\/uploads\\\/31904.jpg\",\"articleSection\":[\"Analitika\"],\"inLanguage\":\"az\"},{\"@type\":\"WebPage\",\"@id\":\"https:\\\/\\\/www.meydan.tv\\\/az\\\/article\\\/qubad-ibadoglu-hakimiyyet-gelecek-nesilleri-borca-salir\\\/\",\"url\":\"https:\\\/\\\/www.meydan.tv\\\/az\\\/article\\\/qubad-ibadoglu-hakimiyyet-gelecek-nesilleri-borca-salir\\\/\",\"name\":\"Qubad \u0130bado\u011flu: Hakimiyy\u0259t g\u0259l\u0259c\u0259k n\u0259sill\u0259ri borca sal\u0131r - MEYDAN.TV\",\"isPartOf\":{\"@id\":\"https:\\\/\\\/www.meydan.tv\\\/az\\\/#website\"},\"primaryImageOfPage\":{\"@id\":\"https:\\\/\\\/www.meydan.tv\\\/az\\\/article\\\/qubad-ibadoglu-hakimiyyet-gelecek-nesilleri-borca-salir\\\/#primaryimage\"},\"image\":{\"@id\":\"https:\\\/\\\/www.meydan.tv\\\/az\\\/article\\\/qubad-ibadoglu-hakimiyyet-gelecek-nesilleri-borca-salir\\\/#primaryimage\"},\"thumbnailUrl\":\"https:\\\/\\\/www.meydan.tv\\\/wp-content\\\/uploads\\\/31904.jpg\",\"datePublished\":\"2017-03-27T20:12:07+00:00\",\"breadcrumb\":{\"@id\":\"https:\\\/\\\/www.meydan.tv\\\/az\\\/article\\\/qubad-ibadoglu-hakimiyyet-gelecek-nesilleri-borca-salir\\\/#breadcrumb\"},\"inLanguage\":\"az\",\"potentialAction\":[{\"@type\":\"ReadAction\",\"target\":[\"https:\\\/\\\/www.meydan.tv\\\/az\\\/article\\\/qubad-ibadoglu-hakimiyyet-gelecek-nesilleri-borca-salir\\\/\"]}]},{\"@type\":\"ImageObject\",\"inLanguage\":\"az\",\"@id\":\"https:\\\/\\\/www.meydan.tv\\\/az\\\/article\\\/qubad-ibadoglu-hakimiyyet-gelecek-nesilleri-borca-salir\\\/#primaryimage\",\"url\":\"https:\\\/\\\/www.meydan.tv\\\/wp-content\\\/uploads\\\/31904.jpg\",\"contentUrl\":\"https:\\\/\\\/www.meydan.tv\\\/wp-content\\\/uploads\\\/31904.jpg\",\"width\":1023,\"height\":575,\"caption\":\"Source:\"},{\"@type\":\"BreadcrumbList\",\"@id\":\"https:\\\/\\\/www.meydan.tv\\\/az\\\/article\\\/qubad-ibadoglu-hakimiyyet-gelecek-nesilleri-borca-salir\\\/#breadcrumb\",\"itemListElement\":[{\"@type\":\"ListItem\",\"position\":1,\"name\":\"Ana s\u0259hif\u0259\",\"item\":\"https:\\\/\\\/www.meydan.tv\\\/az\\\/\"},{\"@type\":\"ListItem\",\"position\":2,\"name\":\"Analitika\",\"item\":\"https:\\\/\\\/www.meydan.tv\\\/az\\\/section\\\/analitika\\\/\"},{\"@type\":\"ListItem\",\"position\":3,\"name\":\"Qubad \u0130bado\u011flu: Hakimiyy\u0259t g\u0259l\u0259c\u0259k n\u0259sill\u0259ri borca sal\u0131r\"}]},{\"@type\":\"WebSite\",\"@id\":\"https:\\\/\\\/www.meydan.tv\\\/az\\\/#website\",\"url\":\"https:\\\/\\\/www.meydan.tv\\\/az\\\/\",\"name\":\"MEYDAN.TV\",\"description\":\"Meydan TV Az\u0259rbaycan\u0131n media m\u0259kan\u0131ndak\u0131 alternativ s\u0259sidir\",\"publisher\":{\"@id\":\"https:\\\/\\\/www.meydan.tv\\\/az\\\/#organization\"},\"potentialAction\":[{\"@type\":\"SearchAction\",\"target\":{\"@type\":\"EntryPoint\",\"urlTemplate\":\"https:\\\/\\\/www.meydan.tv\\\/az\\\/?s={search_term_string}\"},\"query-input\":{\"@type\":\"PropertyValueSpecification\",\"valueRequired\":true,\"valueName\":\"search_term_string\"}}],\"inLanguage\":\"az\"},{\"@type\":\"Organization\",\"@id\":\"https:\\\/\\\/www.meydan.tv\\\/az\\\/#organization\",\"name\":\"Meydan TV\",\"url\":\"https:\\\/\\\/www.meydan.tv\\\/az\\\/\",\"logo\":{\"@type\":\"ImageObject\",\"inLanguage\":\"az\",\"@id\":\"https:\\\/\\\/www.meydan.tv\\\/az\\\/#\\\/schema\\\/logo\\\/image\\\/\",\"url\":\"https:\\\/\\\/www.meydan.tv\\\/wp-content\\\/uploads\\\/2021\\\/07\\\/meydan-logo.svg\",\"contentUrl\":\"https:\\\/\\\/www.meydan.tv\\\/wp-content\\\/uploads\\\/2021\\\/07\\\/meydan-logo.svg\",\"width\":195,\"height\":46,\"caption\":\"Meydan TV\"},\"image\":{\"@id\":\"https:\\\/\\\/www.meydan.tv\\\/az\\\/#\\\/schema\\\/logo\\\/image\\\/\"}},{\"@type\":\"Person\",\"@id\":\"https:\\\/\\\/www.meydan.tv\\\/az\\\/#\\\/schema\\\/person\\\/10d11eccf6da3662cf5fdab9806ea91a\",\"name\":\"user-manager\"}]}<\/script>\n<!-- \/ Yoast SEO plugin. -->","yoast_head_json":{"title":"Qubad \u0130bado\u011flu: Hakimiyy\u0259t g\u0259l\u0259c\u0259k n\u0259sill\u0259ri borca sal\u0131r - MEYDAN.TV","robots":{"index":"index","follow":"follow","max-snippet":"max-snippet:-1","max-image-preview":"max-image-preview:large","max-video-preview":"max-video-preview:-1"},"canonical":"https:\/\/www.meydan.tv\/az\/article\/qubad-ibadoglu-hakimiyyet-gelecek-nesilleri-borca-salir\/","og_locale":"az_AZ","og_type":"article","og_title":"Qubad \u0130bado\u011flu: Hakimiyy\u0259t g\u0259l\u0259c\u0259k n\u0259sill\u0259ri borca sal\u0131r - MEYDAN.TV","og_description":"''Cari ilin x\u0259rcl\u0259m\u0259l\u0259ri 2023-c\u00fc ild\u0259 h\u0259yata ke\u00e7irilm\u0259li idi''","og_url":"https:\/\/www.meydan.tv\/az\/article\/qubad-ibadoglu-hakimiyyet-gelecek-nesilleri-borca-salir\/","og_site_name":"MEYDAN.TV","article_published_time":"2017-03-27T20:12:07+00:00","og_image":[{"width":1023,"height":575,"url":"https:\/\/www.meydan.tv\/wp-content\/uploads\/31904.jpg","type":"image\/jpeg"}],"author":"user-manager","twitter_card":"summary_large_image","schema":{"@context":"https:\/\/schema.org","@graph":[{"@type":"Article","@id":"https:\/\/www.meydan.tv\/az\/article\/qubad-ibadoglu-hakimiyyet-gelecek-nesilleri-borca-salir\/#article","isPartOf":{"@id":"https:\/\/www.meydan.tv\/az\/article\/qubad-ibadoglu-hakimiyyet-gelecek-nesilleri-borca-salir\/"},"author":{"name":"user-manager","@id":"https:\/\/www.meydan.tv\/az\/#\/schema\/person\/10d11eccf6da3662cf5fdab9806ea91a"},"headline":"Qubad \u0130bado\u011flu: Hakimiyy\u0259t g\u0259l\u0259c\u0259k n\u0259sill\u0259ri borca sal\u0131r","datePublished":"2017-03-27T20:12:07+00:00","mainEntityOfPage":{"@id":"https:\/\/www.meydan.tv\/az\/article\/qubad-ibadoglu-hakimiyyet-gelecek-nesilleri-borca-salir\/"},"wordCount":528,"publisher":{"@id":"https:\/\/www.meydan.tv\/az\/#organization"},"image":{"@id":"https:\/\/www.meydan.tv\/az\/article\/qubad-ibadoglu-hakimiyyet-gelecek-nesilleri-borca-salir\/#primaryimage"},"thumbnailUrl":"https:\/\/www.meydan.tv\/wp-content\/uploads\/31904.jpg","articleSection":["Analitika"],"inLanguage":"az"},{"@type":"WebPage","@id":"https:\/\/www.meydan.tv\/az\/article\/qubad-ibadoglu-hakimiyyet-gelecek-nesilleri-borca-salir\/","url":"https:\/\/www.meydan.tv\/az\/article\/qubad-ibadoglu-hakimiyyet-gelecek-nesilleri-borca-salir\/","name":"Qubad \u0130bado\u011flu: Hakimiyy\u0259t g\u0259l\u0259c\u0259k n\u0259sill\u0259ri borca sal\u0131r - MEYDAN.TV","isPartOf":{"@id":"https:\/\/www.meydan.tv\/az\/#website"},"primaryImageOfPage":{"@id":"https:\/\/www.meydan.tv\/az\/article\/qubad-ibadoglu-hakimiyyet-gelecek-nesilleri-borca-salir\/#primaryimage"},"image":{"@id":"https:\/\/www.meydan.tv\/az\/article\/qubad-ibadoglu-hakimiyyet-gelecek-nesilleri-borca-salir\/#primaryimage"},"thumbnailUrl":"https:\/\/www.meydan.tv\/wp-content\/uploads\/31904.jpg","datePublished":"2017-03-27T20:12:07+00:00","breadcrumb":{"@id":"https:\/\/www.meydan.tv\/az\/article\/qubad-ibadoglu-hakimiyyet-gelecek-nesilleri-borca-salir\/#breadcrumb"},"inLanguage":"az","potentialAction":[{"@type":"ReadAction","target":["https:\/\/www.meydan.tv\/az\/article\/qubad-ibadoglu-hakimiyyet-gelecek-nesilleri-borca-salir\/"]}]},{"@type":"ImageObject","inLanguage":"az","@id":"https:\/\/www.meydan.tv\/az\/article\/qubad-ibadoglu-hakimiyyet-gelecek-nesilleri-borca-salir\/#primaryimage","url":"https:\/\/www.meydan.tv\/wp-content\/uploads\/31904.jpg","contentUrl":"https:\/\/www.meydan.tv\/wp-content\/uploads\/31904.jpg","width":1023,"height":575,"caption":"Source:"},{"@type":"BreadcrumbList","@id":"https:\/\/www.meydan.tv\/az\/article\/qubad-ibadoglu-hakimiyyet-gelecek-nesilleri-borca-salir\/#breadcrumb","itemListElement":[{"@type":"ListItem","position":1,"name":"Ana s\u0259hif\u0259","item":"https:\/\/www.meydan.tv\/az\/"},{"@type":"ListItem","position":2,"name":"Analitika","item":"https:\/\/www.meydan.tv\/az\/section\/analitika\/"},{"@type":"ListItem","position":3,"name":"Qubad \u0130bado\u011flu: Hakimiyy\u0259t g\u0259l\u0259c\u0259k n\u0259sill\u0259ri borca sal\u0131r"}]},{"@type":"WebSite","@id":"https:\/\/www.meydan.tv\/az\/#website","url":"https:\/\/www.meydan.tv\/az\/","name":"MEYDAN.TV","description":"Meydan TV Az\u0259rbaycan\u0131n media m\u0259kan\u0131ndak\u0131 alternativ s\u0259sidir","publisher":{"@id":"https:\/\/www.meydan.tv\/az\/#organization"},"potentialAction":[{"@type":"SearchAction","target":{"@type":"EntryPoint","urlTemplate":"https:\/\/www.meydan.tv\/az\/?s={search_term_string}"},"query-input":{"@type":"PropertyValueSpecification","valueRequired":true,"valueName":"search_term_string"}}],"inLanguage":"az"},{"@type":"Organization","@id":"https:\/\/www.meydan.tv\/az\/#organization","name":"Meydan TV","url":"https:\/\/www.meydan.tv\/az\/","logo":{"@type":"ImageObject","inLanguage":"az","@id":"https:\/\/www.meydan.tv\/az\/#\/schema\/logo\/image\/","url":"https:\/\/www.meydan.tv\/wp-content\/uploads\/2021\/07\/meydan-logo.svg","contentUrl":"https:\/\/www.meydan.tv\/wp-content\/uploads\/2021\/07\/meydan-logo.svg","width":195,"height":46,"caption":"Meydan TV"},"image":{"@id":"https:\/\/www.meydan.tv\/az\/#\/schema\/logo\/image\/"}},{"@type":"Person","@id":"https:\/\/www.meydan.tv\/az\/#\/schema\/person\/10d11eccf6da3662cf5fdab9806ea91a","name":"user-manager"}]}},"_links":{"self":[{"href":"https:\/\/www.meydan.tv\/az\/wp-json\/wp\/v2\/posts\/183353","targetHints":{"allow":["GET"]}}],"collection":[{"href":"https:\/\/www.meydan.tv\/az\/wp-json\/wp\/v2\/posts"}],"about":[{"href":"https:\/\/www.meydan.tv\/az\/wp-json\/wp\/v2\/types\/post"}],"author":[{"embeddable":true,"href":"https:\/\/www.meydan.tv\/az\/wp-json\/wp\/v2\/users\/11"}],"replies":[{"embeddable":true,"href":"https:\/\/www.meydan.tv\/az\/wp-json\/wp\/v2\/comments?post=183353"}],"version-history":[{"count":0,"href":"https:\/\/www.meydan.tv\/az\/wp-json\/wp\/v2\/posts\/183353\/revisions"}],"wp:featuredmedia":[{"embeddable":true,"href":"https:\/\/www.meydan.tv\/az\/wp-json\/wp\/v2\/media\/81561"}],"wp:attachment":[{"href":"https:\/\/www.meydan.tv\/az\/wp-json\/wp\/v2\/media?parent=183353"}],"wp:term":[{"taxonomy":"category","embeddable":true,"href":"https:\/\/www.meydan.tv\/az\/wp-json\/wp\/v2\/categories?post=183353"},{"taxonomy":"post_tag","embeddable":true,"href":"https:\/\/www.meydan.tv\/az\/wp-json\/wp\/v2\/tags?post=183353"}],"curies":[{"name":"wp","href":"https:\/\/api.w.org\/{rel}","templated":true}]}}