{"id":183321,"date":"2017-03-24T00:05:33","date_gmt":"2017-03-24T00:05:33","guid":{"rendered":"https:\/\/www.meydan.tv\/article\/mene-bagislanan-gul-cicekleri-vetenim-men-sene-bagislayiram\/"},"modified":"2017-03-24T00:05:33","modified_gmt":"2017-03-24T00:05:33","slug":"mene-bagislanan-gul-cicekleri-vetenim-men-sene-bagislayiram","status":"publish","type":"post","link":"https:\/\/www.meydan.tv\/az\/article\/mene-bagislanan-gul-cicekleri-vetenim-men-sene-bagislayiram\/","title":{"rendered":"&#8221;M\u0259n\u0259 ba\u011f\u0131\u015flanan g\u00fcl-\u00e7i\u00e7\u0259kl\u0259ri,  V\u0259t\u0259nim, m\u0259n s\u0259n\u0259 ba\u011f\u0131\u015flay\u0131ram&#8221;"},"content":{"rendered":"<figure class=\"wp-block-image size-large\">\n  <img decoding=\"async\" src=\"https:\/\/www.meydan.tv\/az\/bilal-hesen\/\" alt=\"Bilal H\u0259s\u0259n\" class=\"wp-image-81468\"\/><figcaption>\n    Bilal H\u0259s\u0259n<br \/>\n  <\/figcaption><\/figure>\n<figure class=\"wp-block-image size-large\">\n  <img decoding=\"async\" src=\"https:\/\/www.meydan.tv\/az\/bilal-hesenov-banner\/\" alt=\"Bilal H\u0259s\u0259nov banner\" class=\"wp-image-77323\"\/><figcaption>\n    Bilal H\u0259s\u0259nov banner<br \/>\n  <\/figcaption><\/figure>\n<p>\n  On il \u0259vv\u0259l evd\u0259 t\u0259mir i\u015fl\u0259ri g\u00f6r\u0259rk\u0259n, r\u0259ngi solmu\u015f oboyun alt\u0131ndan Zeyn\u0259b Xanlarovan\u0131n plakat\u0131 \u00e7\u0131xd\u0131. Sonra ara\u015fd\u0131r\u0131b bilmi\u015f\u0259m ki, r\u0259hm\u0259tlik babam onun p\u0259r\u0259sti\u015fkar\u0131 idi. \u0130ndiki dill\u0259 des\u0259k, fanat\u0131. \u018fn \u00e7ox b\u0259y\u0259ndiyi, saatlarla dinl\u0259diyi is\u0259 \u201dD\u00fcnyan\u0131n xo\u015fb\u0259xti m\u0259n\u0259m d\u00fcnyada\u201d mahn\u0131s\u0131 olub. Ki\u015fi neft\u00e7i idi, Sovetl\u0259rl\u0259 q\u00fcrur duyurdu. V\u0259t\u0259nda\u015f\u0131n \u00f6lk\u0259si il\u0259 f\u0259xr etm\u0259si \u00f6z\u00fc bir xo\u015fb\u0259xtlikdir. H\u0259r\u00e7\u0259nd ki, m\u0259n r\u0259hm\u0259tliyin ada\u015f\u0131yam, eyn\u0259n neft\u00e7i i\u015fl\u0259yir\u0259m, amma o g\u00fcnd\u0259n bu g\u00fcn\u0259 az sular axmay\u0131b. Sovetl\u0259r da\u011f\u0131l\u0131b, evimizd\u0259 oboylar d\u0259yi\u015fib, n\u0259hay\u0259t, m\u0259n do\u011fulub b\u00f6y\u00fcm\u00fc\u015f\u0259m. Birc\u0259 d\u0259yi\u015fm\u0259z qalan Zeyn\u0259b Xanlarovad\u0131r, bir d\u0259 bu \u00f6lk\u0259ni b\u00fcr\u00fcy\u0259n permanent xo\u015fb\u0259xtlik.\n<\/p>\n<p>\n  Xo\u015fb\u0259xtlik demi\u015fk\u0259n, s\u00f6z yerin\u0259 d\u00fc\u015f\u0259r, bu arada BMT xo\u015fb\u0259xt \u00f6lk\u0259l\u0259rin illik siyah\u0131s\u0131n\u0131 d\u0259rc edib.\n<\/p>\n<p>\n  BMT h\u0259r il \u201cxo\u015fb\u0259xt \u00f6lk\u0259\u201d statusunu \u00f6z\u00fcn\u00fcn m\u00fcst\u0259qil ekspertl\u0259rinin r\u0259yi n\u0259tic\u0259sind\u0259 verir. H\u0259m\u0259n ekspertl\u0259r bir ne\u00e7\u0259 kriteriyalar \u0259sas\u0131nda qiym\u0259tl\u0259ndirm\u0259 aparsa da, \u0259sas\u0259n \u00fc\u00e7 m\u0259s\u0259l\u0259 \u00fcst\u00fcnd\u0259 dayan\u0131rlar. Birincisi, \u00f6lk\u0259 s\u0259rv\u0259tl\u0259rinin d\u00fczg\u00fcn b\u00f6l\u00fcnm\u0259si, ikincisi, c\u0259miyy\u0259t aras\u0131nda inam v\u0259 sonuncu hakimiyy\u0259t\u0259 etibar.\n<\/p>\n<p>\n  Birinci yeri bu il Norve\u00e7 \u0259l\u0259 ke\u00e7irib. Az\u0259rbaycan bu siyah\u0131da 85-ci oldu. Ke\u00e7\u0259n il is\u0259 bu siyah\u0131ya Danimarka ba\u015f\u00e7\u0131l\u0131q edirdi.\n<\/p>\n<p>\n  \u018f\u015f\u015fi, 85-d\u0259 pis deyil. \u018fvv\u0259la ona g\u00f6r\u0259 ki, 85 \u00f6lk\u0259mizd\u0259 d\u00fc\u015f\u0259rli, b\u0259r\u0259k\u0259tli r\u0259q\u0259mdir. Ma\u015f\u0131n n\u00f6mr\u0259sinin 85-ci seriyas\u0131 m\u00fcq\u0259dd\u0259s b\u00f6lg\u0259miz olan Nax\u00e7\u0131van MR aiddir. Dem\u0259k, \u0259n az\u0131ndan bizim \u00f6lk\u0259nin 85-ci m\u00f6vqed\u0259 qalmas\u0131 \u0259b\u0259di, sars\u0131lmaz v\u0259 daimidir. \u0130kincisi, 85 yar\u0131dan azca a\u015fa\u011f\u0131d\u0131r, y\u0259ni n\u0259 pis, n\u0259 d\u0259 \u0259la dem\u0259kdir. Pis biz\u0259 yara\u015fmaz, \u0259la is\u0259 g\u00f6z\u0259 girir. Dill\u0259r\u0259 d\u00fc\u015f\u0259rik. N\u0259fis qalar \u00fcst\u00fcm\u00fczd\u0259.\n<\/p>\n<p>\n  Onsuz son ill\u0259r h\u0259dd\u0259n art\u0131q s\u00fcr\u0259tl\u0259 ink\u015faf etmi\u015fik, el\u0259 azca yava\u015flay\u0131b 85-d\u0259 durma\u011f\u0131m\u0131z m\u00fcst\u0259h\u0259qdir.\n<\/p>\n<p>\n  Bel\u0259 baxanda m\u0259n BMT il\u0259 raz\u0131 deyil\u0259m. Nec\u0259 y\u0259ni xo\u015fb\u0259xt \u00f6lk\u0259? El\u0259 \u015feymi olar? Onda o \u00f6lk\u0259d\u0259 g\u0259r\u0259k xo\u015fb\u0259xt insanlar ola. Bu is\u0259 anormall\u0131qd\u0131r. Xo\u015fb\u0259xtlik geni\u015f anlamd\u0131r. Onu qazanmaq, onun u\u011frunda vuru\u015fmaq, onu t\u0259l\u0259b etm\u0259k laz\u0131md\u0131r. V\u0259t\u0259nda\u015f\u0131m\u0131z\u0131n is\u0259 bu \u015f\u00fcca\u0259t\u0259 n\u0259 h\u00f6vs\u0259l\u0259si \u00e7atar, n\u0259 d\u0259 h\u0259v\u0259si qalxar. Bizim qarda\u015f \u00fc\u00e7\u00fcn bu bir m\u00f6vhumatd\u0131r ki, d\u0259xi ona ehtiyac\u0131 yoxdur. Bu \u00f6lk\u0259d\u0259 \u201cxo\u015fb\u0259xt\u201d s\u00f6z\u00fc yaln\u0131z o\u011flan u\u015fa\u011f\u0131na, kafe-restorana ad verm\u0259k \u00fc\u00e7\u00fcn istifad\u0259 olunur, bir d\u0259 \u00f6l\u00fcb ged\u0259nin, \u00f6lk\u0259d\u0259n qa\u00e7an\u0131n arxas\u0131nca deyilir. O deee, b\u0259xt\u0259v\u0259r, \u00f6ld\u00fc getdi, can\u0131n qurtard\u0131.\n<\/p>\n<p>\n  \u018fslind\u0259 BMT \u00f6lk\u0259l\u0259r yox, xo\u015fb\u0259xt h\u00f6kum\u0259tl\u0259r siyah\u0131s\u0131n\u0131 t\u0259rtib etm\u0259li idi. Onda Az\u0259rbaycan \u015f\u00fcbh\u0259siz birinci olacaqd\u0131. \u00c7\u00fcnki mill\u0259ti xo\u015fb\u0259xt etm\u0259k utopiyad\u0131r. Xo\u015fb\u0259xtlik ham\u0131 \u00fc\u00e7\u00fcn deyil, ham\u0131ya \u00e7atmaz. H\u00f6k\u00fcm\u0259tin xo\u015fb\u0259xt olma\u011f\u0131 is\u0259 a\u011fla batand\u0131r. Bir d\u0259 ki, Az\u0259rbaycan h\u00f6k\u00fcm\u0259ti BMT-nin m\u00fcst\u0259qil ekspertl\u0259rinin t\u0259l\u0259b etdiyi \u0259sas \u00fc\u00e7 kriteriyaya tam uy\u011fundur.\n<\/p>\n<p>\n  G\u0259lin t\u0259nb\u0259llik el\u0259m\u0259yin, m\u0259n sadalay\u0131m, siz d\u0259 oxuyun. Dem\u0259li, birinci t\u0259l\u0259b s\u0259rv\u0259tl\u0259rin d\u00fczg\u00fcn b\u00f6l\u00fc\u015fd\u00fcr\u00fclm\u0259sidir. B\u0259h-b\u0259h, n\u0259 g\u00f6z\u0259l, n\u0259 q\u0259\u015f\u0259ng. Bizim \u015fanl\u0131, vicdanl\u0131 hakimiyy\u0259td\u0259n savay\u0131, kim bu \u00f6lk\u0259nin s\u0259rv\u0259tl\u0259rin bel\u0259 d\u0259qiqlikl\u0259, q\u0259r\u0259zsiz v\u0259 soyuqqanl\u0131 b\u00f6l\u00fc\u015fd\u00fcr\u0259 bil\u0259r?\n<\/p>\n<p>\n  Ham\u0131ya uy\u011fun porsiyada, bo\u011fazdan ke\u00e7m\u0259k \u015f\u0259rtil\u0259, israf\u00e7\u0131l\u0131\u011fa yol verm\u0259d\u0259n, n\u0259hay\u0259t, g\u0259l\u0259c\u0259k n\u0259sili n\u0259z\u0259r\u0259 alaraq s\u0259rv\u0259tl\u0259r b\u00f6l\u00fcn\u00fcb.<br \/>\n  <br \/>\n  Bu b\u00f6lg\u00fc i\u015fi siz\u0259 el\u0259-bel\u0259 g\u0259lm\u0259sin. Adam\u0131n \u00fcst\u0259 Allah olar. Halall\u0131q yax\u015f\u0131 \u015feydir.\n<\/p>\n<p>\n  H\u0259m d\u0259 m\u0259s\u0259l\u0259d\u0259 \u0259sas olan odur ki, hakimiyy\u0259t tam \u015f\u0259ffaf v\u0259 q\u0259r\u0259zsiz b\u00f6lg\u00fc apar\u0131b, BMT-nin t\u0259l\u0259bind\u0259 s\u0259rv\u0259tin xalq aras\u0131nda b\u00f6l\u00fc\u015fd\u00fcr\u00fclm\u0259sind\u0259n bir s\u00f6z olmad\u0131\u011f\u0131na g\u00f6r\u0259, \u015fanl\u0131 h\u00f6k\u00fcm\u0259tmiz xalis alic\u0259nab kimi, xalqa qara q\u0259pikd\u0259 saxlamay\u0131b. Neyn\u0259sin, \u015f\u0259rtl\u0259r bunu t\u0259l\u0259b edir. T\u0259ki \u00f6lk\u0259mizin ba\u015f\u0131 uca, ad\u0131 siyah\u0131da birinci olsun.\n<\/p>\n<p>\n  \u0130kinci t\u0259l\u0259b c\u0259miyy\u0259td\u0259 inamd\u0131r ki, ondan da boluq. Bir vaqon inanan\u0131m\u0131z var. M\u0259s\u0259l\u0259n, c\u0259miyy\u0259t inan\u0131r ki, Tramp sansksiyalar\u0131 g\u00f6t\u00fcr\u0259c\u0259k, neftin qiym\u0259tin qald\u0131racaq, neft bahala\u015facaq, dollar yen\u0259 d\u00fc\u015f\u0259c\u0259k, dollar d\u00fc\u015fd\u00fckc\u0259 toyu\u011fun, yumurtan\u0131n, pendirin, pampersin qiym\u0259ti \u0259vv\u0259lki kimi olacaq.\n<\/p>\n<p>\n  C\u0259miyy\u0259ti-\u0259hli-c\u0259ma\u0259\u0259t inan\u0131r ki, Rokfeller \u00f6l\u0259nd\u0259n sonra massonlar Qaraba\u011f\u0131 qaytaracaq, sevincind\u0259n d\u00f6vl\u0259t xalq\u0131n kredit borclar\u0131n sil\u0259c\u0259k, pensiya pulun art\u0131racaq, benzinin qiym\u0259tin\u0259 d\u0259ym\u0259y\u0259c\u0259k, qaz\u0131n, i\u015fi\u011f\u0131n, suyun pulun yen\u0259 endir\u0259c\u0259k. Geri qaytar\u0131lm\u0131\u015f torpaqlarda is\u0259 h\u0259r adama be\u015f sot torpaq, iki ba\u015f in\u0259k h\u0259diyy\u0259 ed\u0259c\u0259k.\n<\/p>\n<p>\n  Onsuz h\u0259r \u015fey g\u00f6z qaba\u011f\u0131ndad\u0131r, xalq\u0131n g\u00f6z\u00fc t\u0259r\u0259zidir. \u018fg\u0259r pensiya\u00e7\u0131 saatlarla, gec\u0259d\u0259n ta s\u00fcbh\u0259d\u0259k bankomat\u0131n \u00f6n\u00fcnd\u0259 soyuqda, \u00e7ov\u011funda 120 manata g\u00f6r\u0259 g\u00f6zl\u0259yirs\u0259, dem\u0259k inan\u0131r ki, o h\u0259min pula dolanacaq. Onu bay\u0131rda, soyuqda g\u00f6zl\u0259m\u0259y\u0259 stimulla\u015fd\u0131ran h\u0259min inamd\u0131r.<br \/>\n  <br \/>\n  Bir s\u00f6zl\u0259, inananlardan kalan\u0131q.<br \/>\n  <br \/>\n  Sonuncu t\u0259l\u0259b hakimiyy\u0259t\u0259 \u0259minlikdir ki, buna he\u00e7 \u015f\u0259kk-\u015f\u00fcbh\u0259 yoxdur. \u015eay\u0259d olsa idi, onda g\u0259r\u0259k bu ill\u0259r \u0259rzind\u0259 bir k\u0259r\u0259m olsa bel\u0259, k\u00fc\u00e7\u0259l\u0259r\u0259 t\u00f6k\u00fcl\u00fcb, neftd\u0259n, qazdan, qara k\u00fcr\u00fcd\u0259n, vergid\u0259n g\u0259l\u0259n g\u0259lirin b\u00fcdc\u0259d\u0259n hara getdiyini, n\u0259l\u0259r\u0259 x\u0259rcl\u0259ndiyini sorard\u0131q. Haqq-hesab ist\u0259rdik, b\u00fcdc\u0259ni b\u00f6l\u00fc\u015fd\u00fcr\u0259rk\u0259n \u015f\u0259ffafl\u0131q t\u0259l\u0259b ed\u0259rdik. Etm\u0259mi\u015fik, dem\u0259mi\u015fik, sormam\u0131\u015f\u0131q, dem\u0259li, xo\u015fhal\u0131q.\n<\/p>\n<p>\n  G\u00f6r bir d\u0259f\u0259 soru\u015fan olub ki, bu q\u0259d\u0259r t\u0259dbirl\u0259r, oyunlar, park v\u0259 bulvarlar, fontan v\u0259 bardyurlar, k\u00f6rp\u00fcl\u0259r, yollar, itl\u0259r, pi\u015fikl\u0259r, fill\u0259r, b\u0259birl\u0259r, atlar n\u0259 bilim daha n\u0259l\u0259r, n\u0259l\u0259r pulun olmayan vaxt\u0131nda, neftin qiym\u0259ti a\u015fa\u011f\u0131 olan g\u00fcnd\u0259 n\u0259y\u0259 laz\u0131md\u0131r?\n<\/p>\n<p>\n  Yox, \u00e7\u00fcnki h\u00f6kum\u0259timiz\u0259 inan\u0131r\u0131q, etibar edirik, onun \u0259traf\u0131nda s\u0131x birl\u0259\u015fmi\u015fik. El\u0259 konstitusiyaya d\u0259yi\u015fiklik, iqtidar daxili se\u00e7kil\u0259r zaman\u0131 da s\u0259simizi \u00e7\u0131xartmam\u0131\u015f\u0131q. A\u011fz\u0131m\u0131z ay\u0131r\u0131b, g\u00f6zl\u0259rimizi q\u0131rpmadan susmu\u015fuq. Dinm\u0259mi\u015fik, dan\u0131\u015fmam\u0131\u015f\u0131q. \u00c7\u00fcnki inan\u0131r\u0131q, v\u0259t\u0259n etibarl\u0131 \u0259ll\u0259rd\u0259dir. Amma adam\u0131n \u00fcst\u0259 Allah var, h\u00f6kum\u0259td\u0259 bizim kimi h\u0259lim mill\u0259td\u0259n gileyli olmaz. A balam, pamb\u0131q kimi yum\u015faq, m\u00fclayim bir toplumuq. \u201cSus\u201d des\u0259 susaca\u011f\u0131q, \u201c\u00f6l\u201d des\u0259 \u00f6l\u0259c\u0259yik, atam balas\u0131, art\u0131\u011f\u0131n\u0131 ist\u0259m\u0259rik, azla qane olan\u0131q, antimilli q\u00fcvv\u0259l\u0259ri, \u00f6lk\u0259miz\u0259 l\u0259k\u0259 yaxanlar\u0131 da \u00f6z\u00fcm\u00fcz tutub g\u0259b\u0259rd\u0259rik. B\u0259h-b\u0259h, b\u0259r\u0259k\u0259llah n\u0259 g\u00f6z\u0259l canlar\u0131q. Vallah, h\u00f6kum\u0259timiz \u00e7\u00f6x \u015fansl\u0131d\u0131r ki, bel\u0259 mill\u0259ti var. El\u0259 biz d\u0259 m\u0259mnunuq ki, bel\u0259 h\u00f6kum\u0259timiz, \u0259mr sahibimiz var. Nec\u0259 d\u0259 bir-birimiz\u0259 yara\u015f\u0131r\u0131q, nec\u0259 d\u0259 bir-birimiz\u0259 layiqik. Allah h\u0259mi\u015f\u0259 mehriban el\u0259sin.\n<\/p>\n<p>\n  G\u00f6z\u00fc g\u00f6t\u00fcrm\u0259y\u0259nin g\u00f6z\u00fc \u00e7\u0131xs\u0131n, pax\u0131llar\u0131n ciy\u0259ri yans\u0131n. Amin!<\/p>\n","protected":false},"excerpt":{"rendered":"<p>On il \u0259vv\u0259l evd\u0259 t\u0259mir i\u015fl\u0259ri g\u00f6r\u0259rk\u0259n, r\u0259ngi solmu\u015f oboyun alt\u0131ndan Zeyn\u0259b Xanlarovan\u0131n plakat\u0131 \u00e7\u0131xd\u0131.<\/p>\n","protected":false},"author":11,"featured_media":81468,"comment_status":"closed","ping_status":"open","sticky":false,"template":"","format":"standard","meta":{"_acf_changed":false,"_sitemap_exclude":false,"_sitemap_priority":"","_sitemap_frequency":"","footnotes":""},"categories":[57],"tags":[],"class_list":["post-183321","post","type-post","status-publish","format-standard","has-post-thumbnail","hentry","category-menim-fikrimce","infinite-scroll-item","generate-columns","tablet-grid-50","mobile-grid-100","grid-parent","grid-33","no-featured-image-padding"],"acf":[],"yoast_head":"<!-- This site is optimized with the Yoast SEO plugin v27.5 - https:\/\/yoast.com\/product\/yoast-seo-wordpress\/ -->\n<title>&#039;&#039;M\u0259n\u0259 ba\u011f\u0131\u015flanan g\u00fcl-\u00e7i\u00e7\u0259kl\u0259ri, V\u0259t\u0259nim, m\u0259n s\u0259n\u0259 ba\u011f\u0131\u015flay\u0131ram&#039;&#039; - MEYDAN.TV<\/title>\n<meta name=\"robots\" content=\"index, follow, max-snippet:-1, max-image-preview:large, max-video-preview:-1\" \/>\n<link rel=\"canonical\" href=\"https:\/\/www.meydan.tv\/az\/article\/mene-bagislanan-gul-cicekleri-vetenim-men-sene-bagislayiram\/\" \/>\n<meta property=\"og:locale\" content=\"az_AZ\" \/>\n<meta property=\"og:type\" content=\"article\" \/>\n<meta property=\"og:title\" content=\"&#039;&#039;M\u0259n\u0259 ba\u011f\u0131\u015flanan g\u00fcl-\u00e7i\u00e7\u0259kl\u0259ri, V\u0259t\u0259nim, m\u0259n s\u0259n\u0259 ba\u011f\u0131\u015flay\u0131ram&#039;&#039; - MEYDAN.TV\" \/>\n<meta property=\"og:description\" content=\"On il \u0259vv\u0259l evd\u0259 t\u0259mir i\u015fl\u0259ri g\u00f6r\u0259rk\u0259n, r\u0259ngi solmu\u015f oboyun alt\u0131ndan Zeyn\u0259b Xanlarovan\u0131n plakat\u0131 \u00e7\u0131xd\u0131.\" \/>\n<meta property=\"og:url\" content=\"https:\/\/www.meydan.tv\/az\/article\/mene-bagislanan-gul-cicekleri-vetenim-men-sene-bagislayiram\/\" \/>\n<meta property=\"og:site_name\" content=\"MEYDAN.TV\" \/>\n<meta property=\"article:published_time\" content=\"2017-03-24T00:05:33+00:00\" \/>\n<meta property=\"og:image\" content=\"https:\/\/www.meydan.tv\/wp-content\/uploads\/31869.jpg\" \/>\n\t<meta property=\"og:image:width\" content=\"500\" \/>\n\t<meta property=\"og:image:height\" content=\"300\" \/>\n\t<meta property=\"og:image:type\" content=\"image\/jpeg\" \/>\n<meta name=\"author\" content=\"user-manager\" \/>\n<meta name=\"twitter:card\" content=\"summary_large_image\" \/>\n<script type=\"application\/ld+json\" class=\"yoast-schema-graph\">{\"@context\":\"https:\\\/\\\/schema.org\",\"@graph\":[{\"@type\":\"Article\",\"@id\":\"https:\\\/\\\/www.meydan.tv\\\/az\\\/article\\\/mene-bagislanan-gul-cicekleri-vetenim-men-sene-bagislayiram\\\/#article\",\"isPartOf\":{\"@id\":\"https:\\\/\\\/www.meydan.tv\\\/az\\\/article\\\/mene-bagislanan-gul-cicekleri-vetenim-men-sene-bagislayiram\\\/\"},\"author\":{\"name\":\"user-manager\",\"@id\":\"https:\\\/\\\/www.meydan.tv\\\/az\\\/#\\\/schema\\\/person\\\/10d11eccf6da3662cf5fdab9806ea91a\"},\"headline\":\"&#8221;M\u0259n\u0259 ba\u011f\u0131\u015flanan g\u00fcl-\u00e7i\u00e7\u0259kl\u0259ri, V\u0259t\u0259nim, m\u0259n s\u0259n\u0259 ba\u011f\u0131\u015flay\u0131ram&#8221;\",\"datePublished\":\"2017-03-24T00:05:33+00:00\",\"mainEntityOfPage\":{\"@id\":\"https:\\\/\\\/www.meydan.tv\\\/az\\\/article\\\/mene-bagislanan-gul-cicekleri-vetenim-men-sene-bagislayiram\\\/\"},\"wordCount\":1471,\"publisher\":{\"@id\":\"https:\\\/\\\/www.meydan.tv\\\/az\\\/#organization\"},\"image\":{\"@id\":\"https:\\\/\\\/www.meydan.tv\\\/az\\\/article\\\/mene-bagislanan-gul-cicekleri-vetenim-men-sene-bagislayiram\\\/#primaryimage\"},\"thumbnailUrl\":\"https:\\\/\\\/www.meydan.tv\\\/wp-content\\\/uploads\\\/31869.jpg\",\"articleSection\":[\"M\u0259nim Fikrimc\u0259\"],\"inLanguage\":\"az\"},{\"@type\":\"WebPage\",\"@id\":\"https:\\\/\\\/www.meydan.tv\\\/az\\\/article\\\/mene-bagislanan-gul-cicekleri-vetenim-men-sene-bagislayiram\\\/\",\"url\":\"https:\\\/\\\/www.meydan.tv\\\/az\\\/article\\\/mene-bagislanan-gul-cicekleri-vetenim-men-sene-bagislayiram\\\/\",\"name\":\"''M\u0259n\u0259 ba\u011f\u0131\u015flanan g\u00fcl-\u00e7i\u00e7\u0259kl\u0259ri, V\u0259t\u0259nim, m\u0259n s\u0259n\u0259 ba\u011f\u0131\u015flay\u0131ram'' - MEYDAN.TV\",\"isPartOf\":{\"@id\":\"https:\\\/\\\/www.meydan.tv\\\/az\\\/#website\"},\"primaryImageOfPage\":{\"@id\":\"https:\\\/\\\/www.meydan.tv\\\/az\\\/article\\\/mene-bagislanan-gul-cicekleri-vetenim-men-sene-bagislayiram\\\/#primaryimage\"},\"image\":{\"@id\":\"https:\\\/\\\/www.meydan.tv\\\/az\\\/article\\\/mene-bagislanan-gul-cicekleri-vetenim-men-sene-bagislayiram\\\/#primaryimage\"},\"thumbnailUrl\":\"https:\\\/\\\/www.meydan.tv\\\/wp-content\\\/uploads\\\/31869.jpg\",\"datePublished\":\"2017-03-24T00:05:33+00:00\",\"breadcrumb\":{\"@id\":\"https:\\\/\\\/www.meydan.tv\\\/az\\\/article\\\/mene-bagislanan-gul-cicekleri-vetenim-men-sene-bagislayiram\\\/#breadcrumb\"},\"inLanguage\":\"az\",\"potentialAction\":[{\"@type\":\"ReadAction\",\"target\":[\"https:\\\/\\\/www.meydan.tv\\\/az\\\/article\\\/mene-bagislanan-gul-cicekleri-vetenim-men-sene-bagislayiram\\\/\"]}]},{\"@type\":\"ImageObject\",\"inLanguage\":\"az\",\"@id\":\"https:\\\/\\\/www.meydan.tv\\\/az\\\/article\\\/mene-bagislanan-gul-cicekleri-vetenim-men-sene-bagislayiram\\\/#primaryimage\",\"url\":\"https:\\\/\\\/www.meydan.tv\\\/wp-content\\\/uploads\\\/31869.jpg\",\"contentUrl\":\"https:\\\/\\\/www.meydan.tv\\\/wp-content\\\/uploads\\\/31869.jpg\",\"width\":500,\"height\":300,\"caption\":\"Source:\"},{\"@type\":\"BreadcrumbList\",\"@id\":\"https:\\\/\\\/www.meydan.tv\\\/az\\\/article\\\/mene-bagislanan-gul-cicekleri-vetenim-men-sene-bagislayiram\\\/#breadcrumb\",\"itemListElement\":[{\"@type\":\"ListItem\",\"position\":1,\"name\":\"Ana s\u0259hif\u0259\",\"item\":\"https:\\\/\\\/www.meydan.tv\\\/az\\\/\"},{\"@type\":\"ListItem\",\"position\":2,\"name\":\"M\u0259nim Fikrimc\u0259\",\"item\":\"https:\\\/\\\/www.meydan.tv\\\/az\\\/section\\\/menim-fikrimce\\\/\"},{\"@type\":\"ListItem\",\"position\":3,\"name\":\"&#8221;M\u0259n\u0259 ba\u011f\u0131\u015flanan g\u00fcl-\u00e7i\u00e7\u0259kl\u0259ri, V\u0259t\u0259nim, m\u0259n s\u0259n\u0259 ba\u011f\u0131\u015flay\u0131ram&#8221;\"}]},{\"@type\":\"WebSite\",\"@id\":\"https:\\\/\\\/www.meydan.tv\\\/az\\\/#website\",\"url\":\"https:\\\/\\\/www.meydan.tv\\\/az\\\/\",\"name\":\"MEYDAN.TV\",\"description\":\"Meydan TV Az\u0259rbaycan\u0131n media m\u0259kan\u0131ndak\u0131 alternativ s\u0259sidir\",\"publisher\":{\"@id\":\"https:\\\/\\\/www.meydan.tv\\\/az\\\/#organization\"},\"potentialAction\":[{\"@type\":\"SearchAction\",\"target\":{\"@type\":\"EntryPoint\",\"urlTemplate\":\"https:\\\/\\\/www.meydan.tv\\\/az\\\/?s={search_term_string}\"},\"query-input\":{\"@type\":\"PropertyValueSpecification\",\"valueRequired\":true,\"valueName\":\"search_term_string\"}}],\"inLanguage\":\"az\"},{\"@type\":\"Organization\",\"@id\":\"https:\\\/\\\/www.meydan.tv\\\/az\\\/#organization\",\"name\":\"Meydan TV\",\"url\":\"https:\\\/\\\/www.meydan.tv\\\/az\\\/\",\"logo\":{\"@type\":\"ImageObject\",\"inLanguage\":\"az\",\"@id\":\"https:\\\/\\\/www.meydan.tv\\\/az\\\/#\\\/schema\\\/logo\\\/image\\\/\",\"url\":\"https:\\\/\\\/www.meydan.tv\\\/wp-content\\\/uploads\\\/2021\\\/07\\\/meydan-logo.svg\",\"contentUrl\":\"https:\\\/\\\/www.meydan.tv\\\/wp-content\\\/uploads\\\/2021\\\/07\\\/meydan-logo.svg\",\"width\":195,\"height\":46,\"caption\":\"Meydan TV\"},\"image\":{\"@id\":\"https:\\\/\\\/www.meydan.tv\\\/az\\\/#\\\/schema\\\/logo\\\/image\\\/\"}},{\"@type\":\"Person\",\"@id\":\"https:\\\/\\\/www.meydan.tv\\\/az\\\/#\\\/schema\\\/person\\\/10d11eccf6da3662cf5fdab9806ea91a\",\"name\":\"user-manager\"}]}<\/script>\n<!-- \/ Yoast SEO plugin. -->","yoast_head_json":{"title":"''M\u0259n\u0259 ba\u011f\u0131\u015flanan g\u00fcl-\u00e7i\u00e7\u0259kl\u0259ri, V\u0259t\u0259nim, m\u0259n s\u0259n\u0259 ba\u011f\u0131\u015flay\u0131ram'' - MEYDAN.TV","robots":{"index":"index","follow":"follow","max-snippet":"max-snippet:-1","max-image-preview":"max-image-preview:large","max-video-preview":"max-video-preview:-1"},"canonical":"https:\/\/www.meydan.tv\/az\/article\/mene-bagislanan-gul-cicekleri-vetenim-men-sene-bagislayiram\/","og_locale":"az_AZ","og_type":"article","og_title":"''M\u0259n\u0259 ba\u011f\u0131\u015flanan g\u00fcl-\u00e7i\u00e7\u0259kl\u0259ri, V\u0259t\u0259nim, m\u0259n s\u0259n\u0259 ba\u011f\u0131\u015flay\u0131ram'' - MEYDAN.TV","og_description":"On il \u0259vv\u0259l evd\u0259 t\u0259mir i\u015fl\u0259ri g\u00f6r\u0259rk\u0259n, r\u0259ngi solmu\u015f oboyun alt\u0131ndan Zeyn\u0259b Xanlarovan\u0131n plakat\u0131 \u00e7\u0131xd\u0131.","og_url":"https:\/\/www.meydan.tv\/az\/article\/mene-bagislanan-gul-cicekleri-vetenim-men-sene-bagislayiram\/","og_site_name":"MEYDAN.TV","article_published_time":"2017-03-24T00:05:33+00:00","og_image":[{"width":500,"height":300,"url":"https:\/\/www.meydan.tv\/wp-content\/uploads\/31869.jpg","type":"image\/jpeg"}],"author":"user-manager","twitter_card":"summary_large_image","schema":{"@context":"https:\/\/schema.org","@graph":[{"@type":"Article","@id":"https:\/\/www.meydan.tv\/az\/article\/mene-bagislanan-gul-cicekleri-vetenim-men-sene-bagislayiram\/#article","isPartOf":{"@id":"https:\/\/www.meydan.tv\/az\/article\/mene-bagislanan-gul-cicekleri-vetenim-men-sene-bagislayiram\/"},"author":{"name":"user-manager","@id":"https:\/\/www.meydan.tv\/az\/#\/schema\/person\/10d11eccf6da3662cf5fdab9806ea91a"},"headline":"&#8221;M\u0259n\u0259 ba\u011f\u0131\u015flanan g\u00fcl-\u00e7i\u00e7\u0259kl\u0259ri, V\u0259t\u0259nim, m\u0259n s\u0259n\u0259 ba\u011f\u0131\u015flay\u0131ram&#8221;","datePublished":"2017-03-24T00:05:33+00:00","mainEntityOfPage":{"@id":"https:\/\/www.meydan.tv\/az\/article\/mene-bagislanan-gul-cicekleri-vetenim-men-sene-bagislayiram\/"},"wordCount":1471,"publisher":{"@id":"https:\/\/www.meydan.tv\/az\/#organization"},"image":{"@id":"https:\/\/www.meydan.tv\/az\/article\/mene-bagislanan-gul-cicekleri-vetenim-men-sene-bagislayiram\/#primaryimage"},"thumbnailUrl":"https:\/\/www.meydan.tv\/wp-content\/uploads\/31869.jpg","articleSection":["M\u0259nim Fikrimc\u0259"],"inLanguage":"az"},{"@type":"WebPage","@id":"https:\/\/www.meydan.tv\/az\/article\/mene-bagislanan-gul-cicekleri-vetenim-men-sene-bagislayiram\/","url":"https:\/\/www.meydan.tv\/az\/article\/mene-bagislanan-gul-cicekleri-vetenim-men-sene-bagislayiram\/","name":"''M\u0259n\u0259 ba\u011f\u0131\u015flanan g\u00fcl-\u00e7i\u00e7\u0259kl\u0259ri, V\u0259t\u0259nim, m\u0259n s\u0259n\u0259 ba\u011f\u0131\u015flay\u0131ram'' - MEYDAN.TV","isPartOf":{"@id":"https:\/\/www.meydan.tv\/az\/#website"},"primaryImageOfPage":{"@id":"https:\/\/www.meydan.tv\/az\/article\/mene-bagislanan-gul-cicekleri-vetenim-men-sene-bagislayiram\/#primaryimage"},"image":{"@id":"https:\/\/www.meydan.tv\/az\/article\/mene-bagislanan-gul-cicekleri-vetenim-men-sene-bagislayiram\/#primaryimage"},"thumbnailUrl":"https:\/\/www.meydan.tv\/wp-content\/uploads\/31869.jpg","datePublished":"2017-03-24T00:05:33+00:00","breadcrumb":{"@id":"https:\/\/www.meydan.tv\/az\/article\/mene-bagislanan-gul-cicekleri-vetenim-men-sene-bagislayiram\/#breadcrumb"},"inLanguage":"az","potentialAction":[{"@type":"ReadAction","target":["https:\/\/www.meydan.tv\/az\/article\/mene-bagislanan-gul-cicekleri-vetenim-men-sene-bagislayiram\/"]}]},{"@type":"ImageObject","inLanguage":"az","@id":"https:\/\/www.meydan.tv\/az\/article\/mene-bagislanan-gul-cicekleri-vetenim-men-sene-bagislayiram\/#primaryimage","url":"https:\/\/www.meydan.tv\/wp-content\/uploads\/31869.jpg","contentUrl":"https:\/\/www.meydan.tv\/wp-content\/uploads\/31869.jpg","width":500,"height":300,"caption":"Source:"},{"@type":"BreadcrumbList","@id":"https:\/\/www.meydan.tv\/az\/article\/mene-bagislanan-gul-cicekleri-vetenim-men-sene-bagislayiram\/#breadcrumb","itemListElement":[{"@type":"ListItem","position":1,"name":"Ana s\u0259hif\u0259","item":"https:\/\/www.meydan.tv\/az\/"},{"@type":"ListItem","position":2,"name":"M\u0259nim Fikrimc\u0259","item":"https:\/\/www.meydan.tv\/az\/section\/menim-fikrimce\/"},{"@type":"ListItem","position":3,"name":"&#8221;M\u0259n\u0259 ba\u011f\u0131\u015flanan g\u00fcl-\u00e7i\u00e7\u0259kl\u0259ri, V\u0259t\u0259nim, m\u0259n s\u0259n\u0259 ba\u011f\u0131\u015flay\u0131ram&#8221;"}]},{"@type":"WebSite","@id":"https:\/\/www.meydan.tv\/az\/#website","url":"https:\/\/www.meydan.tv\/az\/","name":"MEYDAN.TV","description":"Meydan TV Az\u0259rbaycan\u0131n media m\u0259kan\u0131ndak\u0131 alternativ s\u0259sidir","publisher":{"@id":"https:\/\/www.meydan.tv\/az\/#organization"},"potentialAction":[{"@type":"SearchAction","target":{"@type":"EntryPoint","urlTemplate":"https:\/\/www.meydan.tv\/az\/?s={search_term_string}"},"query-input":{"@type":"PropertyValueSpecification","valueRequired":true,"valueName":"search_term_string"}}],"inLanguage":"az"},{"@type":"Organization","@id":"https:\/\/www.meydan.tv\/az\/#organization","name":"Meydan TV","url":"https:\/\/www.meydan.tv\/az\/","logo":{"@type":"ImageObject","inLanguage":"az","@id":"https:\/\/www.meydan.tv\/az\/#\/schema\/logo\/image\/","url":"https:\/\/www.meydan.tv\/wp-content\/uploads\/2021\/07\/meydan-logo.svg","contentUrl":"https:\/\/www.meydan.tv\/wp-content\/uploads\/2021\/07\/meydan-logo.svg","width":195,"height":46,"caption":"Meydan TV"},"image":{"@id":"https:\/\/www.meydan.tv\/az\/#\/schema\/logo\/image\/"}},{"@type":"Person","@id":"https:\/\/www.meydan.tv\/az\/#\/schema\/person\/10d11eccf6da3662cf5fdab9806ea91a","name":"user-manager"}]}},"_links":{"self":[{"href":"https:\/\/www.meydan.tv\/az\/wp-json\/wp\/v2\/posts\/183321","targetHints":{"allow":["GET"]}}],"collection":[{"href":"https:\/\/www.meydan.tv\/az\/wp-json\/wp\/v2\/posts"}],"about":[{"href":"https:\/\/www.meydan.tv\/az\/wp-json\/wp\/v2\/types\/post"}],"author":[{"embeddable":true,"href":"https:\/\/www.meydan.tv\/az\/wp-json\/wp\/v2\/users\/11"}],"replies":[{"embeddable":true,"href":"https:\/\/www.meydan.tv\/az\/wp-json\/wp\/v2\/comments?post=183321"}],"version-history":[{"count":0,"href":"https:\/\/www.meydan.tv\/az\/wp-json\/wp\/v2\/posts\/183321\/revisions"}],"wp:featuredmedia":[{"embeddable":true,"href":"https:\/\/www.meydan.tv\/az\/wp-json\/wp\/v2\/media\/81468"}],"wp:attachment":[{"href":"https:\/\/www.meydan.tv\/az\/wp-json\/wp\/v2\/media?parent=183321"}],"wp:term":[{"taxonomy":"category","embeddable":true,"href":"https:\/\/www.meydan.tv\/az\/wp-json\/wp\/v2\/categories?post=183321"},{"taxonomy":"post_tag","embeddable":true,"href":"https:\/\/www.meydan.tv\/az\/wp-json\/wp\/v2\/tags?post=183321"}],"curies":[{"name":"wp","href":"https:\/\/api.w.org\/{rel}","templated":true}]}}