{"id":183312,"date":"2017-03-22T21:18:38","date_gmt":"2017-03-22T21:18:38","guid":{"rendered":"https:\/\/www.meydan.tv\/article\/londonda-terror-akti-bas-verib-yenilenir\/"},"modified":"2021-10-29T16:14:14","modified_gmt":"2021-10-29T12:14:14","slug":"londonda-terror-akti-bas-verib-yenilenir","status":"publish","type":"post","link":"https:\/\/www.meydan.tv\/az\/article\/londonda-terror-akti-bas-verib-yenilenir\/","title":{"rendered":"Londonda terror akt\u0131 ba\u015f verib &#8211; Yenil\u0259nir"},"content":{"rendered":"<figure class=\"wp-block-image size-large\">\n  <img decoding=\"async\" src=\"https:\/\/www.meydan.tv\/az\/yaralanan-qadin-yerde-uzanib\/\" alt=\"Yaralanan qad\u0131n yerd\u0259 uzan\u0131b\" class=\"wp-image-81396\"\/><figcaption>\n    Yaralanan qad\u0131n yerd\u0259 uzan\u0131b<br \/>\n  <\/figcaption><\/figure>\n<p>\n  <i><br \/>\n    Polis hadis\u0259ni terror insidenti elan edib<br \/>\n  <\/i>\n<\/p>\n<p>\n  Britaniya parlamentinin icmalar palatas\u0131n\u0131n lideri David Lidington parlamentin h\u0259y\u0259tind\u0259 polis zabitinin b\u0131\u00e7aqland\u0131\u011f\u0131n\u0131 deyib. Yax\u0131ndak\u0131 Westminster k\u00f6rp\u00fcs\u00fcnd\u0259 bir ma\u015f\u0131n bir ne\u00e7\u0259 insan\u0131 vurub. Polis hadis\u0259ni terror insidenti elan edib, bu bar\u0259d\u0259 BBC<br \/>\n  <a href=\"http:\/\/www.bbc.com\/azeri\/international-39353920\" target=\"_blank\" rel=\"noopener\"><br \/>\n    x\u0259b\u0259r verib.<br \/>\n  <\/a>\n<\/p>\n<p>\n  O, h\u0259m\u00e7inin polis\u0259 h\u00fccum ed\u0259n \u015f\u0259xsin &#8220;polis t\u0259r\u0259find\u0259n vuruldu\u011funu&#8221; bildirib.\n<\/p>\n<p>\n  Haz\u0131rda Westminster Palace (parlament) ba\u011flan\u0131b.\n<\/p>\n<p>\n  \u015eahidl\u0259r yaral\u0131lara tibbi yard\u0131m\u0131n g\u00f6st\u0259rildiyini v\u0259 parlamentin h\u0259y\u0259tind\u0259 bi\u00e7aql\u0131 bir \u015f\u0259xsi g\u00f6rd\u00fckl\u0259rini deyibl\u0259r.\n<\/p>\n<p>\n  Parlament i\u015f\u00e7il\u0259rin\u0259 i\u00e7\u0259rid\u0259 qalmalar\u0131na \u0259mr verildiyi bildirilir. BBC-nin m\u00fcxbiri Laura Kuenssberg bildirir ki, polis ona kimins\u0259 silahl\u0131 at\u0259\u015fl\u0259 vuruldu\u011funu bildirib.\n<\/p>\n<p>\n  O, mill\u0259t v\u0259kill\u0259rinin ona &#8220;\u00fc\u00e7-d\u00f6rd at\u0259\u015f s\u0259si&#8221; e\u015fitdikl\u0259rini dediyini bildirir.\n<\/p>\n<p>\n  The Independent q\u0259zetinin siyasi redaktoru Tom Peck Twitter-d\u0259 yaz\u0131b: &#8220;B\u00f6y\u00fck partlay\u0131\u015f s\u0259si q\u0259ldi. Q\u0131\u015fq\u0131r\u0131qlar. S\u0259s k\u00fcy. Sonra is\u0259 at\u0259\u015f s\u0259si. H\u0259r yerd\u0259 silahl\u0131 polisl\u0259r var&#8221;.\n<\/p>\n<p>\n  Ba\u015f nazir Theresa May salamatd\u0131r v\u0259 hadis\u0259 ba\u015f ver\u0259n zaman onun g\u00fcm\u00fc\u015f\u00fc Jaguar ma\u015f\u0131n\u0131na min\u0259r\u0259k hadis\u0259 yerind\u0259n uzaqla\u015fd\u0131\u011f\u0131 g\u00f6r\u00fcl\u00fcb.\n<\/p>\n<p>\n  <i><br \/>\n    Adamlar\u0131 &#8220;vurub getdi&#8221;<br \/>\n  <\/i>\n<\/p>\n<p>\n  Bir \u015fahid &#8211; Harvard-\u0131n Avropa T\u0259dqiqatlar\u0131 M\u0259rk\u0259zind\u0259 i\u015fl\u0259y\u0259n akademik Radoslaw Sikorski Twitter-d\u0259 Westminster K\u00f6rp\u00fcs\u00fcnd\u0259 yaral\u0131 insanlar\u0131n yer\u0259 s\u0259rildiyi g\u00f6st\u0259r\u0259n video payla\u015f\u0131b.\n<\/p>\n<p>\n  O yaz\u0131b: &#8220;\u0130ndic\u0259 bir ma\u015f\u0131n Westminster K\u00f6p\u00fcs\u00fcnd\u0259 5 n\u0259f\u0259ri vurub getdi&#8221;.\n<\/p>\n<p>\n  BBC apar\u0131c\u0131s\u0131 Andrew Neil, ona daxil olan m\u0259lumata g\u00f6r\u0259, Westminster k\u00f6rp\u00fcs\u00fcnd\u0259 insanlar\u0131 vuran ma\u015f\u0131n\u0131n sonra parlament binas\u0131n\u0131 \u0259hat\u0259 ed\u0259n barmaql\u0131qlara \u00e7arpd\u0131\u011f\u0131n\u0131 deyib.\n<\/p>\n<p>\n  Polis k\u00f6rp\u00fcy\u0259 yaral\u0131lar bar\u0259d\u0259 m\u0259lumat daxil odluqdan sonra silahl\u0131 insident\u0259 c\u0259lb edildiyini bildirir.\n<\/p>\n<p>\n  Westminster metro stansiyas\u0131 v\u0259 parlament\u0259 ged\u0259n yollar polisin g\u00f6st\u0259ri\u015fil\u0259 ba\u011flan\u0131b.\n<\/p>\n<p>\n  C\u0259nab Lidington bildirib: &#8220;Hava ambulans\u0131 haz\u0131rda hadis\u0259 yerind\u0259 yaral\u0131lar\u0131 \u00e7\u0131xarma\u011fa \u00e7al\u0131\u015f\u0131r&#8221;.\n<\/p>\n<p>\n  <i><br \/>\n    Polisin b\u0259yanat\u0131<br \/>\n  <\/i>\n<\/p>\n<p>\n  \u0130nsanlara Westminster yax\u0131nl\u0131\u011f\u0131ndan uzaqda qalmaq t\u00f6vsiy\u0259 edilir.\n<\/p>\n<p>\n  Polisin yayd\u0131\u011f\u0131 b\u0259yanatda bildirilir: &#8220;Polis insanlara bu \u0259razil\u0259rd\u0259n uzaq qalmalar\u0131n\u0131 t\u00f6vsiy\u0259 edir: Parlament Meydan\u0131 (Parliament Square); Whitehall; Westminster K\u00f6rp\u00fcs\u00fc (Westminster Bridge); Lambeth K\u00f6rp\u00fcs\u00fc (Lambeth Bridge); Victoria k\u00fc\u00e7\u0259sinin Broadway qov\u015fa\u011f\u0131na q\u0259d\u0259r v\u0259 Victoria Embankment-d\u0259n Embankment metrosuna q\u0259d\u0259r.\n<\/p>\n<p>\n  &#8220;Bu t\u0259cili yard\u0131m xidm\u0259tl\u0259rin\u0259 haz\u0131rki insidentl\u0259 m\u0259\u015f\u011ful olma\u011fa imkan verm\u0259y\u0259 y\u00f6n\u0259l\u0259n add\u0131md\u0131r&#8221;.\n<\/p>\n<p>\n  &#8220;Silahl\u0131 zabitl\u0259r d\u0259 daxil olmaqla polis zabitl\u0259ri hadis\u0259 yerind\u0259dirl\u0259r v\u0259 biz\u0259 ba\u015fqa m\u0259lumat daxil olanacan bu hadis\u0259ni terror insidenti kimi qiym\u0259tl\u0259ndiririk. \u0130ctimaiyy\u0259t\u0259 k\u00f6m\u0259yi \u00fc\u00e7\u00fcn minn\u0259tdarl\u0131\u011f\u0131m\u0131z\u0131 bildiririk&#8221;, polis deyib.\n<\/p>\n<figure class=\"wp-block-image size-large\">\n  <img decoding=\"async\" src=\"https:\/\/www.meydan.tv\/az\/yaralanan-qadin-yerde-uzanib\/\" alt=\"Yaralanan qad\u0131n yerd\u0259 uzan\u0131b\" class=\"wp-image-81396\"\/><figcaption>\n    Yaralanan qad\u0131n yerd\u0259 uzan\u0131b<br \/>\n  <\/figcaption><\/figure>\n<figure class=\"wp-block-image size-large\">\n  <img decoding=\"async\" src=\"https:\/\/www.meydan.tv\/az\/london\/\" alt=\"London\" class=\"wp-image-81399\"\/><figcaption>\n    London<br \/>\n  <\/figcaption><\/figure>\n<figure class=\"wp-block-image size-large\">\n  <img decoding=\"async\" src=\"https:\/\/www.meydan.tv\/az\/london-2\/\" alt=\"London\" class=\"wp-image-81402\"\/><figcaption>\n    London<br \/>\n  <\/figcaption><\/figure>\n<figure class=\"wp-block-image size-large\">\n  <img decoding=\"async\" src=\"https:\/\/www.meydan.tv\/az\/yaralanan-adamlara-komek-edirler\/\" alt=\"Yaralanan adamlara k\u00f6m\u0259k edirl\u0259r\" class=\"wp-image-81405\"\/><figcaption>\n    Yaralanan adamlara k\u00f6m\u0259k edirl\u0259r<br \/>\n  <\/figcaption><\/figure>\n<figure class=\"wp-block-image size-large\">\n  <img decoding=\"async\" src=\"https:\/\/www.meydan.tv\/az\/yaralanan-qadin-yerde-uzanib-2\/\" alt=\"Yaralanan qad\u0131n yerd\u0259 uzan\u0131b\" class=\"wp-image-81408\"\/><figcaption>\n    Yaralanan qad\u0131n yerd\u0259 uzan\u0131b<br \/>\n  <\/figcaption><\/figure>\n<figure class=\"wp-block-image size-large\">\n  <img decoding=\"async\" src=\"https:\/\/www.meydan.tv\/az\/yaralanan-adamlara-komek-edirler-2\/\" alt=\"Yaralanan adamlara k\u00f6m\u0259k edirl\u0259r\" class=\"wp-image-81411\"\/><figcaption>\n    Yaralanan adamlara k\u00f6m\u0259k edirl\u0259r<br \/>\n  <\/figcaption><\/figure>\n<figure class=\"wp-block-image size-large\">\n  <img decoding=\"async\" src=\"https:\/\/www.meydan.tv\/az\/yaralanan-daha-bir-adam\/\" alt=\"Yaralanan daha bir adam\" class=\"wp-image-81414\"\/><figcaption>\n    Yaralanan daha bir adam<br \/>\n  <\/figcaption><\/figure>\n<figure class=\"wp-block-image size-large\">\n  <img decoding=\"async\" src=\"https:\/\/www.meydan.tv\/az\/havadan-ambulans-yardimi-gelir\/\" alt=\"Havadan ambulans yard\u0131m\u0131 g\u0259lir\" class=\"wp-image-81420\"\/><figcaption>\n    Havadan ambulans yard\u0131m\u0131 g\u0259lir<br \/>\n  <\/figcaption><\/figure>\n<figure class=\"wp-block-image size-large\">\n  <img decoding=\"async\" src=\"https:\/\/www.meydan.tv\/az\/yaralanan-daha-bir-adam-2\/\" alt=\"Yaralanan daha bir adam\" class=\"wp-image-81417\"\/><figcaption>\n    Yaralanan daha bir adam<br \/>\n  <\/figcaption><\/figure>\n","protected":false},"excerpt":{"rendered":"<p>Polis hadis\u0259ni terror insidenti elan edib<\/p>\n","protected":false},"author":11,"featured_media":81396,"comment_status":"closed","ping_status":"open","sticky":false,"template":"","format":"standard","meta":{"_acf_changed":false,"_sitemap_exclude":false,"_sitemap_priority":"","_sitemap_frequency":"","footnotes":""},"categories":[58],"tags":[],"class_list":["post-183312","post","type-post","status-publish","format-standard","has-post-thumbnail","hentry","category-fotoreportaj","infinite-scroll-item","generate-columns","tablet-grid-50","mobile-grid-100","grid-parent","grid-33","no-featured-image-padding"],"acf":[],"yoast_head":"<!-- This site is optimized with the Yoast SEO plugin v27.4 - https:\/\/yoast.com\/product\/yoast-seo-wordpress\/ -->\n<title>Londonda terror akt\u0131 ba\u015f verib - Yenil\u0259nir - MEYDAN.TV<\/title>\n<meta name=\"robots\" content=\"index, follow, max-snippet:-1, max-image-preview:large, max-video-preview:-1\" \/>\n<link rel=\"canonical\" href=\"https:\/\/www.meydan.tv\/az\/article\/londonda-terror-akti-bas-verib-yenilenir\/\" \/>\n<meta property=\"og:locale\" content=\"az_AZ\" \/>\n<meta property=\"og:type\" content=\"article\" \/>\n<meta property=\"og:title\" content=\"Londonda terror akt\u0131 ba\u015f verib - Yenil\u0259nir - MEYDAN.TV\" \/>\n<meta property=\"og:description\" content=\"Polis hadis\u0259ni terror insidenti elan edib\" \/>\n<meta property=\"og:url\" content=\"https:\/\/www.meydan.tv\/az\/article\/londonda-terror-akti-bas-verib-yenilenir\/\" \/>\n<meta property=\"og:site_name\" content=\"MEYDAN.TV\" \/>\n<meta property=\"article:published_time\" content=\"2017-03-22T21:18:38+00:00\" \/>\n<meta property=\"article:modified_time\" content=\"2021-10-29T12:14:14+00:00\" \/>\n<meta property=\"og:image\" content=\"https:\/\/www.meydan.tv\/wp-content\/uploads\/31844.jpg\" \/>\n\t<meta property=\"og:image:width\" content=\"800\" \/>\n\t<meta property=\"og:image:height\" content=\"533\" \/>\n\t<meta property=\"og:image:type\" content=\"image\/jpeg\" \/>\n<meta name=\"author\" content=\"user-manager\" \/>\n<meta name=\"twitter:card\" content=\"summary_large_image\" \/>\n<script type=\"application\/ld+json\" class=\"yoast-schema-graph\">{\"@context\":\"https:\\\/\\\/schema.org\",\"@graph\":[{\"@type\":\"Article\",\"@id\":\"https:\\\/\\\/www.meydan.tv\\\/az\\\/article\\\/londonda-terror-akti-bas-verib-yenilenir\\\/#article\",\"isPartOf\":{\"@id\":\"https:\\\/\\\/www.meydan.tv\\\/az\\\/article\\\/londonda-terror-akti-bas-verib-yenilenir\\\/\"},\"author\":{\"name\":\"user-manager\",\"@id\":\"https:\\\/\\\/www.meydan.tv\\\/az\\\/#\\\/schema\\\/person\\\/10d11eccf6da3662cf5fdab9806ea91a\"},\"headline\":\"Londonda terror akt\u0131 ba\u015f verib &#8211; Yenil\u0259nir\",\"datePublished\":\"2017-03-22T21:18:38+00:00\",\"dateModified\":\"2021-10-29T12:14:14+00:00\",\"mainEntityOfPage\":{\"@id\":\"https:\\\/\\\/www.meydan.tv\\\/az\\\/article\\\/londonda-terror-akti-bas-verib-yenilenir\\\/\"},\"wordCount\":554,\"publisher\":{\"@id\":\"https:\\\/\\\/www.meydan.tv\\\/az\\\/#organization\"},\"image\":{\"@id\":\"https:\\\/\\\/www.meydan.tv\\\/az\\\/article\\\/londonda-terror-akti-bas-verib-yenilenir\\\/#primaryimage\"},\"thumbnailUrl\":\"https:\\\/\\\/www.meydan.tv\\\/wp-content\\\/uploads\\\/31844.jpg\",\"articleSection\":[\"Fotoreportaj\"],\"inLanguage\":\"az\"},{\"@type\":\"WebPage\",\"@id\":\"https:\\\/\\\/www.meydan.tv\\\/az\\\/article\\\/londonda-terror-akti-bas-verib-yenilenir\\\/\",\"url\":\"https:\\\/\\\/www.meydan.tv\\\/az\\\/article\\\/londonda-terror-akti-bas-verib-yenilenir\\\/\",\"name\":\"Londonda terror akt\u0131 ba\u015f verib - Yenil\u0259nir - MEYDAN.TV\",\"isPartOf\":{\"@id\":\"https:\\\/\\\/www.meydan.tv\\\/az\\\/#website\"},\"primaryImageOfPage\":{\"@id\":\"https:\\\/\\\/www.meydan.tv\\\/az\\\/article\\\/londonda-terror-akti-bas-verib-yenilenir\\\/#primaryimage\"},\"image\":{\"@id\":\"https:\\\/\\\/www.meydan.tv\\\/az\\\/article\\\/londonda-terror-akti-bas-verib-yenilenir\\\/#primaryimage\"},\"thumbnailUrl\":\"https:\\\/\\\/www.meydan.tv\\\/wp-content\\\/uploads\\\/31844.jpg\",\"datePublished\":\"2017-03-22T21:18:38+00:00\",\"dateModified\":\"2021-10-29T12:14:14+00:00\",\"breadcrumb\":{\"@id\":\"https:\\\/\\\/www.meydan.tv\\\/az\\\/article\\\/londonda-terror-akti-bas-verib-yenilenir\\\/#breadcrumb\"},\"inLanguage\":\"az\",\"potentialAction\":[{\"@type\":\"ReadAction\",\"target\":[\"https:\\\/\\\/www.meydan.tv\\\/az\\\/article\\\/londonda-terror-akti-bas-verib-yenilenir\\\/\"]}]},{\"@type\":\"ImageObject\",\"inLanguage\":\"az\",\"@id\":\"https:\\\/\\\/www.meydan.tv\\\/az\\\/article\\\/londonda-terror-akti-bas-verib-yenilenir\\\/#primaryimage\",\"url\":\"https:\\\/\\\/www.meydan.tv\\\/wp-content\\\/uploads\\\/31844.jpg\",\"contentUrl\":\"https:\\\/\\\/www.meydan.tv\\\/wp-content\\\/uploads\\\/31844.jpg\",\"width\":800,\"height\":533,\"caption\":\"Source:\"},{\"@type\":\"BreadcrumbList\",\"@id\":\"https:\\\/\\\/www.meydan.tv\\\/az\\\/article\\\/londonda-terror-akti-bas-verib-yenilenir\\\/#breadcrumb\",\"itemListElement\":[{\"@type\":\"ListItem\",\"position\":1,\"name\":\"Ana s\u0259hif\u0259\",\"item\":\"https:\\\/\\\/www.meydan.tv\\\/az\\\/\"},{\"@type\":\"ListItem\",\"position\":2,\"name\":\"Fotoreportaj\",\"item\":\"https:\\\/\\\/www.meydan.tv\\\/az\\\/section\\\/fotoreportaj\\\/\"},{\"@type\":\"ListItem\",\"position\":3,\"name\":\"Londonda terror akt\u0131 ba\u015f verib &#8211; Yenil\u0259nir\"}]},{\"@type\":\"WebSite\",\"@id\":\"https:\\\/\\\/www.meydan.tv\\\/az\\\/#website\",\"url\":\"https:\\\/\\\/www.meydan.tv\\\/az\\\/\",\"name\":\"MEYDAN.TV\",\"description\":\"Meydan TV Az\u0259rbaycan\u0131n media m\u0259kan\u0131ndak\u0131 alternativ s\u0259sidir\",\"publisher\":{\"@id\":\"https:\\\/\\\/www.meydan.tv\\\/az\\\/#organization\"},\"potentialAction\":[{\"@type\":\"SearchAction\",\"target\":{\"@type\":\"EntryPoint\",\"urlTemplate\":\"https:\\\/\\\/www.meydan.tv\\\/az\\\/?s={search_term_string}\"},\"query-input\":{\"@type\":\"PropertyValueSpecification\",\"valueRequired\":true,\"valueName\":\"search_term_string\"}}],\"inLanguage\":\"az\"},{\"@type\":\"Organization\",\"@id\":\"https:\\\/\\\/www.meydan.tv\\\/az\\\/#organization\",\"name\":\"Meydan TV\",\"url\":\"https:\\\/\\\/www.meydan.tv\\\/az\\\/\",\"logo\":{\"@type\":\"ImageObject\",\"inLanguage\":\"az\",\"@id\":\"https:\\\/\\\/www.meydan.tv\\\/az\\\/#\\\/schema\\\/logo\\\/image\\\/\",\"url\":\"https:\\\/\\\/www.meydan.tv\\\/wp-content\\\/uploads\\\/2021\\\/07\\\/meydan-logo.svg\",\"contentUrl\":\"https:\\\/\\\/www.meydan.tv\\\/wp-content\\\/uploads\\\/2021\\\/07\\\/meydan-logo.svg\",\"width\":195,\"height\":46,\"caption\":\"Meydan TV\"},\"image\":{\"@id\":\"https:\\\/\\\/www.meydan.tv\\\/az\\\/#\\\/schema\\\/logo\\\/image\\\/\"}},{\"@type\":\"Person\",\"@id\":\"https:\\\/\\\/www.meydan.tv\\\/az\\\/#\\\/schema\\\/person\\\/10d11eccf6da3662cf5fdab9806ea91a\",\"name\":\"user-manager\"}]}<\/script>\n<!-- \/ Yoast SEO plugin. -->","yoast_head_json":{"title":"Londonda terror akt\u0131 ba\u015f verib - Yenil\u0259nir - MEYDAN.TV","robots":{"index":"index","follow":"follow","max-snippet":"max-snippet:-1","max-image-preview":"max-image-preview:large","max-video-preview":"max-video-preview:-1"},"canonical":"https:\/\/www.meydan.tv\/az\/article\/londonda-terror-akti-bas-verib-yenilenir\/","og_locale":"az_AZ","og_type":"article","og_title":"Londonda terror akt\u0131 ba\u015f verib - Yenil\u0259nir - MEYDAN.TV","og_description":"Polis hadis\u0259ni terror insidenti elan edib","og_url":"https:\/\/www.meydan.tv\/az\/article\/londonda-terror-akti-bas-verib-yenilenir\/","og_site_name":"MEYDAN.TV","article_published_time":"2017-03-22T21:18:38+00:00","article_modified_time":"2021-10-29T12:14:14+00:00","og_image":[{"width":800,"height":533,"url":"https:\/\/www.meydan.tv\/wp-content\/uploads\/31844.jpg","type":"image\/jpeg"}],"author":"user-manager","twitter_card":"summary_large_image","schema":{"@context":"https:\/\/schema.org","@graph":[{"@type":"Article","@id":"https:\/\/www.meydan.tv\/az\/article\/londonda-terror-akti-bas-verib-yenilenir\/#article","isPartOf":{"@id":"https:\/\/www.meydan.tv\/az\/article\/londonda-terror-akti-bas-verib-yenilenir\/"},"author":{"name":"user-manager","@id":"https:\/\/www.meydan.tv\/az\/#\/schema\/person\/10d11eccf6da3662cf5fdab9806ea91a"},"headline":"Londonda terror akt\u0131 ba\u015f verib &#8211; Yenil\u0259nir","datePublished":"2017-03-22T21:18:38+00:00","dateModified":"2021-10-29T12:14:14+00:00","mainEntityOfPage":{"@id":"https:\/\/www.meydan.tv\/az\/article\/londonda-terror-akti-bas-verib-yenilenir\/"},"wordCount":554,"publisher":{"@id":"https:\/\/www.meydan.tv\/az\/#organization"},"image":{"@id":"https:\/\/www.meydan.tv\/az\/article\/londonda-terror-akti-bas-verib-yenilenir\/#primaryimage"},"thumbnailUrl":"https:\/\/www.meydan.tv\/wp-content\/uploads\/31844.jpg","articleSection":["Fotoreportaj"],"inLanguage":"az"},{"@type":"WebPage","@id":"https:\/\/www.meydan.tv\/az\/article\/londonda-terror-akti-bas-verib-yenilenir\/","url":"https:\/\/www.meydan.tv\/az\/article\/londonda-terror-akti-bas-verib-yenilenir\/","name":"Londonda terror akt\u0131 ba\u015f verib - Yenil\u0259nir - MEYDAN.TV","isPartOf":{"@id":"https:\/\/www.meydan.tv\/az\/#website"},"primaryImageOfPage":{"@id":"https:\/\/www.meydan.tv\/az\/article\/londonda-terror-akti-bas-verib-yenilenir\/#primaryimage"},"image":{"@id":"https:\/\/www.meydan.tv\/az\/article\/londonda-terror-akti-bas-verib-yenilenir\/#primaryimage"},"thumbnailUrl":"https:\/\/www.meydan.tv\/wp-content\/uploads\/31844.jpg","datePublished":"2017-03-22T21:18:38+00:00","dateModified":"2021-10-29T12:14:14+00:00","breadcrumb":{"@id":"https:\/\/www.meydan.tv\/az\/article\/londonda-terror-akti-bas-verib-yenilenir\/#breadcrumb"},"inLanguage":"az","potentialAction":[{"@type":"ReadAction","target":["https:\/\/www.meydan.tv\/az\/article\/londonda-terror-akti-bas-verib-yenilenir\/"]}]},{"@type":"ImageObject","inLanguage":"az","@id":"https:\/\/www.meydan.tv\/az\/article\/londonda-terror-akti-bas-verib-yenilenir\/#primaryimage","url":"https:\/\/www.meydan.tv\/wp-content\/uploads\/31844.jpg","contentUrl":"https:\/\/www.meydan.tv\/wp-content\/uploads\/31844.jpg","width":800,"height":533,"caption":"Source:"},{"@type":"BreadcrumbList","@id":"https:\/\/www.meydan.tv\/az\/article\/londonda-terror-akti-bas-verib-yenilenir\/#breadcrumb","itemListElement":[{"@type":"ListItem","position":1,"name":"Ana s\u0259hif\u0259","item":"https:\/\/www.meydan.tv\/az\/"},{"@type":"ListItem","position":2,"name":"Fotoreportaj","item":"https:\/\/www.meydan.tv\/az\/section\/fotoreportaj\/"},{"@type":"ListItem","position":3,"name":"Londonda terror akt\u0131 ba\u015f verib &#8211; Yenil\u0259nir"}]},{"@type":"WebSite","@id":"https:\/\/www.meydan.tv\/az\/#website","url":"https:\/\/www.meydan.tv\/az\/","name":"MEYDAN.TV","description":"Meydan TV Az\u0259rbaycan\u0131n media m\u0259kan\u0131ndak\u0131 alternativ s\u0259sidir","publisher":{"@id":"https:\/\/www.meydan.tv\/az\/#organization"},"potentialAction":[{"@type":"SearchAction","target":{"@type":"EntryPoint","urlTemplate":"https:\/\/www.meydan.tv\/az\/?s={search_term_string}"},"query-input":{"@type":"PropertyValueSpecification","valueRequired":true,"valueName":"search_term_string"}}],"inLanguage":"az"},{"@type":"Organization","@id":"https:\/\/www.meydan.tv\/az\/#organization","name":"Meydan TV","url":"https:\/\/www.meydan.tv\/az\/","logo":{"@type":"ImageObject","inLanguage":"az","@id":"https:\/\/www.meydan.tv\/az\/#\/schema\/logo\/image\/","url":"https:\/\/www.meydan.tv\/wp-content\/uploads\/2021\/07\/meydan-logo.svg","contentUrl":"https:\/\/www.meydan.tv\/wp-content\/uploads\/2021\/07\/meydan-logo.svg","width":195,"height":46,"caption":"Meydan TV"},"image":{"@id":"https:\/\/www.meydan.tv\/az\/#\/schema\/logo\/image\/"}},{"@type":"Person","@id":"https:\/\/www.meydan.tv\/az\/#\/schema\/person\/10d11eccf6da3662cf5fdab9806ea91a","name":"user-manager"}]}},"_links":{"self":[{"href":"https:\/\/www.meydan.tv\/az\/wp-json\/wp\/v2\/posts\/183312","targetHints":{"allow":["GET"]}}],"collection":[{"href":"https:\/\/www.meydan.tv\/az\/wp-json\/wp\/v2\/posts"}],"about":[{"href":"https:\/\/www.meydan.tv\/az\/wp-json\/wp\/v2\/types\/post"}],"author":[{"embeddable":true,"href":"https:\/\/www.meydan.tv\/az\/wp-json\/wp\/v2\/users\/11"}],"replies":[{"embeddable":true,"href":"https:\/\/www.meydan.tv\/az\/wp-json\/wp\/v2\/comments?post=183312"}],"version-history":[{"count":1,"href":"https:\/\/www.meydan.tv\/az\/wp-json\/wp\/v2\/posts\/183312\/revisions"}],"predecessor-version":[{"id":216666,"href":"https:\/\/www.meydan.tv\/az\/wp-json\/wp\/v2\/posts\/183312\/revisions\/216666"}],"wp:featuredmedia":[{"embeddable":true,"href":"https:\/\/www.meydan.tv\/az\/wp-json\/wp\/v2\/media\/81396"}],"wp:attachment":[{"href":"https:\/\/www.meydan.tv\/az\/wp-json\/wp\/v2\/media?parent=183312"}],"wp:term":[{"taxonomy":"category","embeddable":true,"href":"https:\/\/www.meydan.tv\/az\/wp-json\/wp\/v2\/categories?post=183312"},{"taxonomy":"post_tag","embeddable":true,"href":"https:\/\/www.meydan.tv\/az\/wp-json\/wp\/v2\/tags?post=183312"}],"curies":[{"name":"wp","href":"https:\/\/api.w.org\/{rel}","templated":true}]}}