{"id":183310,"date":"2017-03-22T21:40:11","date_gmt":"2017-03-22T21:40:11","guid":{"rendered":"https:\/\/www.meydan.tv\/article\/sozler-ve-reqemler-arasinda-ucurum\/"},"modified":"2017-03-22T21:40:11","modified_gmt":"2017-03-22T21:40:11","slug":"sozler-ve-reqemler-arasinda-ucurum","status":"publish","type":"post","link":"https:\/\/www.meydan.tv\/az\/article\/sozler-ve-reqemler-arasinda-ucurum\/","title":{"rendered":"S\u00f6zl\u0259r v\u0259 r\u0259q\u0259ml\u0259r aras\u0131nda u\u00e7urum"},"content":{"rendered":"<figure class=\"wp-block-image size-large\">\n  <img decoding=\"async\" src=\"https:\/\/www.meydan.tv\/az\/81423\/\" alt=\"\" class=\"wp-image-81423\"\/><figcaption><\/figcaption><\/figure>\n<p>\n  <i><br \/>\n    2016-c\u0131 ilin pay\u0131z\u0131ndan \u00e7\u00f6r\u0259k qiym\u0259tl\u0259ri 25 faiz artsa da, unun qiym\u0259ti 16,4 faiz ucuzla\u015f\u0131b<br \/>\n  <\/i>\n<\/p>\n<p>\n  \u00d6t\u0259n c\u00fcm\u0259 Milli M\u0259clis 2016-c\u0131 il \u00fc\u00e7\u00fcn Nazirl\u0259r Kabinetinin f\u0259aliyy\u0259ti haqq\u0131nda hesabat\u0131 t\u0259sdiq edib.\n<\/p>\n<p>\n  Hesabatdan bel\u0259 \u00e7\u0131x\u0131r ki, 2014-2015-ci ill\u0259rd\u0259 yoxsulluq s\u0259viyy\u0259si azalaraq, 49%-d\u0259n 4,9%-\u0259 enib. 2016-c\u0131 ild\u0259 real \u00dcDM-in h\u0259cminin azalmas\u0131, inflyasiya s\u0259viyy\u0259sinin artmas\u0131 \u0259hali aras\u0131nda yoxsulluq g\u00f6st\u0259ricisinin 1% artaraq 5,9%-\u0259 \u00e7atmas\u0131na g\u0259tirib \u00e7\u0131xar\u0131b.\n<\/p>\n<p>\n  B\u00f6hrana q\u0259d\u0259r d\u0259 c\u0259miyy\u0259td\u0259 yoxsulluq haqq\u0131nda g\u00f6st\u0259ricil\u0259r\u0259 inanm\u0131rd\u0131lar. R\u0259smi statistika m\u0259s\u0259l\u0259l\u0259rind\u0259 hakimiyy\u0259tin b\u00fct\u00fcn qollar\u0131n\u0131n haz\u0131rki birliyi is\u0259 g\u00f6st\u0259rdi ki, he\u00e7 kim\u0259 inanmaq olmaz. Reall\u0131qda manat iki d\u0259f\u0259 ucuzla\u015f\u0131bsa, \u0259sas mallar\u0131n qiym\u0259tl\u0259ri t\u0259xmin\u0259n 50% bahala\u015f\u0131bsa, \u00dcDM iki d\u0259f\u0259d\u0259n \u00e7ox azal\u0131bsa, \u0259m\u0259khaqq\u0131 v\u0259 pensiyalar t\u0259xmin\u0259n ancaq 15% art\u0131bsa, nec\u0259 inanmaq olar? \u00dcDM-in iki d\u0259f\u0259 d\u00fc\u015fm\u0259si m\u00fctl\u0259q olaraq istehsalatlar\u0131n, xidm\u0259t t\u0259\u015fkilatlar\u0131n\u0131n ba\u011flanmas\u0131na, i\u015f yerl\u0259rinin azalmas\u0131na s\u0259b\u0259b olub ki, bu da g\u00f6z \u00f6n\u00fcnd\u0259dir.\n<\/p>\n<p>\n  Az\u0259rbaycanl\u0131lar\u0131n \u0259ks\u0259riyy\u0259ti bu il Novruz bayram\u0131n\u0131 \u0259rzaq m\u0259hsullar\u0131n\u0131n y\u00fcks\u0259k qiym\u0259tinin yaratd\u0131\u011f\u0131 a\u011f\u0131r y\u00fckl\u0259 qar\u015f\u0131lay\u0131r v\u0259 bir \u00e7ox insanlar \u0259n\u0259n\u0259vi \u015firniyyat\u0131n &#8211; bayram masas\u0131 atributlar\u0131n\u0131n bi\u015firilm\u0259sind\u0259n imtina edir.\n<\/p>\n<p>\n  2015-ci il fevral\u0131n 21-d\u0259 manat\u0131n devalvasiyas\u0131 ba\u015flad\u0131qdan b\u0259ri mal \u0259ti 69,2%, qoyun \u0259ti 15,7%, toyuq \u0259ti 42,8%, k\u0259r\u0259 ya\u011f\u0131 86%, qar\u011f\u0131dal\u0131 ya\u011f\u0131 67,3%, marqarin 54,5%, yumurta 66,6%, \u015f\u0259k\u0259r tozu 44,4%, \u00a0\u015f\u0259k\u0259r 28,5%, duz 36,6%, s\u00fcd 16,6%, xama 25%, qat\u0131q 34,6%, pendir 22,4%, xiyar 22,5%, pomidor 40% bahala\u015f\u0131b. Quru meyv\u0259l\u0259r d\u0259 xeyli bahala\u015f\u0131b &#8211; qoz 50%, f\u0131nd\u0131q 40%, badam 22%, ki\u015fmi\u015f 50%, qays\u0131 qurusu 50%, qara gaval\u0131 40%, al\u00e7a 40%.\n<\/p>\n<p>\n  Q\u0259rib\u0259dir ki, \u00f6t\u0259n ilin pay\u0131z\u0131ndan \u00e7\u00f6r\u0259k qiym\u0259tl\u0259ri 25% artsa da, unun qiym\u0259ti 16,4% ucuzla\u015f\u0131b. Bu fantasmaqoriya el\u0259 haz\u0131rki h\u00f6kum\u0259t siyas\u0259ti sah\u0259sinin \u0259ks-s\u0259das\u0131d\u0131r.\n<\/p>\n<p>\n  N\u0259z\u0259r\u0259 almaq laz\u0131md\u0131r ki, 2015-ci ilin fevral\u0131nda manat\u0131n devalvasiyas\u0131na q\u0259d\u0259r orta statistik ail\u0259nin x\u0259rcl\u0259rinin \u0259n az 50%-i \u0259rza\u011fa gedirdi. Bu, D\u00f6vl\u0259t Statistika Komit\u0259sinin m\u0259lumat\u0131d\u0131r, r\u0259q\u0259ml\u0259ri ki\u00e7ildilmi\u015f hesab etm\u0259k laz\u0131md\u0131r, bel\u0259 ki, bu orqan ail\u0259l\u0259rin g\u0259lir v\u0259 x\u0259rcl\u0259ri strukturu haqq\u0131nda bel\u0259 m\u0259lumatlar\u0131 a\u00e7\u0131qlam\u0131r.\n<\/p>\n<p>\n  \u0130qtisadi n\u0259z\u0259riyy\u0259y\u0259 \u0259sas\u0259n, ail\u0259l\u0259rin \u0259rzaq x\u0259rcl\u0259rinin pay\u0131 n\u0259 q\u0259d\u0259r \u00e7oxdursa, \u0259hali bir o q\u0259d\u0259r yoxsuldur.\n<\/p>\n<p>\n  H\u0259tta \u0259n fir\u0259van ill\u0259rd\u0259 bel\u0259 Az\u0259rbaycan \u0259n yoxsul \u00f6lk\u0259l\u0259r s\u0131ras\u0131nda idi, bu da art\u0131q ciddi b\u00f6hran statusuna d\u0259lal\u0259t edir. Bu v\u0259ziyy\u0259t 2012-ci il mart\u0131n 9-da biznesinfo.az sayt\u0131nda d\u0259rc edilmi\u015f &#8220;Az\u0259rbaycan &#8211; ail\u0259l\u0259rin qida x\u0259rcl\u0259rinin pay\u0131na g\u00f6r\u0259 d\u00fcnya lideri&#8221; m\u0259qal\u0259sind\u0259 \u00e7ox yax\u015f\u0131 t\u0259svir olunub.\n<\/p>\n<p>\n  M\u0259qal\u0259d\u0259 deyilir ki, AB\u015e K\u0259nd T\u0259s\u0259rr\u00fcfat\u0131 Departamenti yan\u0131nda \u0130qtisadi Ara\u015fd\u0131rmalar Xidm\u0259ti (USDA) t\u0259r\u0259find\u0259n haz\u0131rlanm\u0131\u015f v\u0259 114 \u00f6lk\u0259ni \u0259hat\u0259 ed\u0259n 2012-ci il \u00fc\u00e7\u00fcn &#8220;Cross-Price Elasticities of Demand&#8221; hesabat\u0131na \u0259sas\u0259n, d\u00fcnyada \u0259n \u00e7ox (x\u0259rcl\u0259rinin 73,5%-i) m\u0259hz Az\u0259rbaycan ail\u0259l\u0259ri yem\u0259y\u0259 pul x\u0259rcl\u0259yir. \u018fn \u00e7ox yay\u0131lm\u0131\u015f qida x\u0259rcl\u0259ri &#8211; \u00e7\u00f6r\u0259k v\u0259 tax\u0131l m\u0259hsullar\u0131 (39,5%), \u0259t (14,4%), meyv\u0259 v\u0259 t\u0259r\u0259v\u0259z (13,04%), heyvan v\u0259 bitki m\u0259n\u015f\u0259li ya\u011flard\u0131r (10,22%). Bu siyah\u0131da Az\u0259rbaycandan sonra ikinci yerd\u0259 Tanzaniya g\u0259lir. Orada ail\u0259l\u0259r yem\u0259y\u0259 x\u0259rcl\u0259rinin 73,24%-ni x\u0259rcl\u0259yirl\u0259r. \u00dc\u00e7\u00fcnc\u00fc yerd\u0259 72, 97% g\u00f6st\u0259rici il\u0259 Nigeriyad\u0131r. AB\u015e-da ail\u0259l\u0259r x\u0259rcl\u0259rinin c\u0259mi 9,72%-ni, G\u00fcrc\u00fcstanda 47,38%-ni, Rusiyada 34,34%-ni, T\u00fcrkiy\u0259d\u0259 32,60%-ni yem\u0259y\u0259 x\u0259rcl\u0259yirl\u0259r.\n<\/p>\n<p>\n  DSK-nin m\u0259lumat\u0131na g\u00f6r\u0259, 2012-ci ilin birinci yar\u0131s\u0131nda ticar\u0259t \u015f\u0259b\u0259k\u0259l\u0259ri t\u0259r\u0259find\u0259n \u0259haliy\u0259 7,6 mlrd. manat m\u0259bl\u0259\u011find\u0259 istehlak mallar\u0131 sat\u0131l\u0131b. Burada \u0259halinin x\u0259rcl\u0259rinin 61,4%-i \u0259rza\u011f\u0131n, qalan hiss\u0259si is\u0259 qeyri-\u0259rzaq m\u0259hsullar\u0131n\u0131n pay\u0131na d\u00fc\u015f\u00fcr. \u00dcmumilikd\u0259 \u0259hali g\u0259lirl\u0259rinin 67,5%-ni son istehlaka, 8,2%-ni vergil\u0259r\u0259, sosial s\u0131\u011forta v\u0259 k\u00f6n\u00fcll\u00fc \u00f6d\u0259m\u0259l\u0259r\u0259, 22,6%-ni is\u0259 kapital v\u0259 yat\u0131r\u0131mlar\u0131n\u0131n art\u0131r\u0131lmas\u0131na y\u00f6n\u0259ldir.\n<\/p>\n<figure class=\"wp-block-image size-large\">\n  <img decoding=\"async\" src=\"https:\/\/www.meydan.tv\/az\/81426\/\" alt=\"\" class=\"wp-image-81426\"\/><figcaption>\n    foto Turan \u0130A<br \/>\n  <\/figcaption><\/figure>\n<p>\n  International Research Group Business Insight (BI) beyn\u0259lxalq ara\u015fd\u0131rma \u015firk\u0259ti 2010-cu ild\u0259 Az\u0259rbaycan \u015f\u0259h\u0259rl\u0259rinin \u0259halisinin h\u0259yat t\u0259rzinin ara\u015fd\u0131r\u0131lmas\u0131 \u00fczr\u0259 sor\u011fu ke\u00e7irib. Sor\u011funun n\u0259tic\u0259l\u0259ri g\u00f6st\u0259rib ki, \u00f6lk\u0259 \u00fczr\u0259 orta g\u0259lir 495 manat t\u0259\u015fkil edib. T\u0259\u0259ss\u00fcf ki, DSK \u00f6lk\u0259d\u0259 ail\u0259l\u0259rin g\u0259lir v\u0259 x\u0259rcl\u0259rinin h\u0259cmini a\u00e7\u0131qlam\u0131r.\n<\/p>\n<p>\n  \u00dcmumilikd\u0259, m\u00fcqayis\u0259l\u0259r g\u00f6st\u0259rir ki, Az\u0259rbaycanda ail\u0259l\u0259rin g\u0259lirl\u0259ri AB\u015e-da oldu\u011fundan orta hesabla 5, inki\u015faf etmi\u015f A\u0130 \u00f6lk\u0259l\u0259rind\u0259 oldu\u011fundan 7,7 d\u0259f\u0259 azd\u0131r. Amma Az\u0259rbaycanda orta statistik ail\u0259y\u0259 4,5 n\u0259f\u0259r d\u00fc\u015fd\u00fcy\u00fcn\u00fc n\u0259z\u0259r\u0259 alsaq (onlar\u0131n orta hesabla ikisi i\u015fl\u0259yir), s\u0131ravi ail\u0259nin illik g\u0259liri 4,4 min dollar, illik x\u0259rcl\u0259ri is\u0259 5,06 min dollar t\u0259\u015fkil edir. AB\u015e-da s\u0131ravi ail\u0259nin illik g\u0259liri 21 min dollar, x\u0259rcl\u0259ri is\u0259 38 min dollar t\u0259\u015fkil edir. Almaniya, B\u00f6y\u00fck Britaniya v\u0259 Finlandiya kimi \u00f6lk\u0259l\u0259rd\u0259 orta statistik ail\u0259l\u0259r illik 34 min dollardan \u00e7ox qazan\u0131r. M\u0259hz buna g\u00f6r\u0259 bu \u00f6lk\u0259l\u0259rd\u0259 istehlak x\u0259rcl\u0259rinin strukturu Az\u0259rbaycandan f\u0259rql\u0259nir. USDA ara\u015fd\u0131rmalar\u0131 da bunu g\u00f6st\u0259rir.\n<\/p>\n<p>\n  Manat\u0131n iki d\u0259f\u0259 devalvasiyas\u0131ndan sonra \u0259minlikl\u0259 dem\u0259k olar ki, dollarla ifad\u0259 etdikd\u0259 inki\u015faf etmi\u015f \u00f6lk\u0259l\u0259rd\u0259 g\u0259lirl\u0259 Az\u0259rbaycanda g\u0259lir aras\u0131ndak\u0131 f\u0259rq iki d\u0259f\u0259 art\u0131b.\n<\/p>\n<p>\n  Nominal \u00dcDM g\u00f6st\u0259ricil\u0259ri d\u0259 bunu g\u00f6st\u0259rir. BMT-nin t\u0259snifat\u0131na g\u00f6r\u0259, 2014-c\u00fc ild\u0259 o, adamba\u015f\u0131na \u0259n y\u00fcks\u0259k 8055 dollar h\u0259ddin\u0259 \u00e7at\u0131b, orta d\u00fcnya s\u0259viyy\u0259sin\u0259 \u00e7atmadan, b\u00f6hran n\u0259tic\u0259sind\u0259 2016-c\u0131 ild\u0259 3701 dollara q\u0259d\u0259r d\u00fc\u015f\u00fcb. Bu, G\u00fcrc\u00fcstandak\u0131 s\u0259viyy\u0259 il\u0259 eyni v\u0259 Erm\u0259nistandak\u0131 g\u00f6st\u0259ricid\u0259n bir q\u0259d\u0259r y\u00fcks\u0259kdir.\n<\/p>\n<p>\n  Bundan o t\u0259r\u0259fi yoxdur. Haz\u0131rki &#8220;v\u0259ziyy\u0259tin sabitl\u0259\u015fdirilm\u0259si v\u0259 b\u00f6hrandan \u00e7\u0131x\u0131\u015f&#8221; siyas\u0259ti davam etdiril\u0259rs\u0259, \u0259vv\u0259lki, h\u0259tta orta sosial-iqtisadi g\u00f6st\u0259ricil\u0259r\u0259 qay\u0131d\u0131\u015f yolu uzun v\u0259 \u0259halinin boy\u00fck hiss\u0259si \u00fc\u00e7\u00fcn iztirabl\u0131 olacaq, amma s\u0131ravi v\u0259t\u0259nda\u015flar\u0131n adi h\u0259yat\u0131ndan t\u0259crid olunmu\u015f y\u00fcks\u0259k t\u0259b\u0259q\u0259 \u00fc\u00e7\u00fcn yox. 2016-c\u0131 ild\u0259 islahatlar\u0131n yol x\u0259rit\u0259sind\u0259 t\u0259klif olunmu\u015f h\u00f6kum\u0259tin add\u0131mlar\u0131 v\u0259 \u00f6lk\u0259 r\u0259hb\u0259rliyinin haz\u0131rki ritorikas\u0131 yax\u015f\u0131 he\u00e7 n\u0259 v\u0259d etmir.<\/p>\n","protected":false},"excerpt":{"rendered":"<p>2016-c\u0131 ilin pay\u0131z\u0131ndan \u00e7\u00f6r\u0259k qiym\u0259tl\u0259ri 25 faiz artsa da, unun qiym\u0259ti 16,4 faiz ucuzla\u015f\u0131b<\/p>\n","protected":false},"author":11,"featured_media":81423,"comment_status":"closed","ping_status":"open","sticky":false,"template":"","format":"standard","meta":{"_acf_changed":false,"_sitemap_exclude":false,"_sitemap_priority":"","_sitemap_frequency":"","footnotes":""},"categories":[51],"tags":[],"class_list":["post-183310","post","type-post","status-publish","format-standard","has-post-thumbnail","hentry","category-analitika","infinite-scroll-item","generate-columns","tablet-grid-50","mobile-grid-100","grid-parent","grid-33","no-featured-image-padding"],"acf":[],"yoast_head":"<!-- This site is optimized with the Yoast SEO plugin v27.4 - https:\/\/yoast.com\/product\/yoast-seo-wordpress\/ -->\n<title>S\u00f6zl\u0259r v\u0259 r\u0259q\u0259ml\u0259r aras\u0131nda u\u00e7urum - MEYDAN.TV<\/title>\n<meta name=\"robots\" content=\"index, follow, max-snippet:-1, max-image-preview:large, max-video-preview:-1\" \/>\n<link rel=\"canonical\" href=\"https:\/\/www.meydan.tv\/az\/article\/sozler-ve-reqemler-arasinda-ucurum\/\" \/>\n<meta property=\"og:locale\" content=\"az_AZ\" \/>\n<meta property=\"og:type\" content=\"article\" \/>\n<meta property=\"og:title\" content=\"S\u00f6zl\u0259r v\u0259 r\u0259q\u0259ml\u0259r aras\u0131nda u\u00e7urum - MEYDAN.TV\" \/>\n<meta property=\"og:description\" content=\"2016-c\u0131 ilin pay\u0131z\u0131ndan \u00e7\u00f6r\u0259k qiym\u0259tl\u0259ri 25 faiz artsa da, unun qiym\u0259ti 16,4 faiz ucuzla\u015f\u0131b\" \/>\n<meta property=\"og:url\" content=\"https:\/\/www.meydan.tv\/az\/article\/sozler-ve-reqemler-arasinda-ucurum\/\" \/>\n<meta property=\"og:site_name\" content=\"MEYDAN.TV\" \/>\n<meta property=\"article:published_time\" content=\"2017-03-22T21:40:11+00:00\" \/>\n<meta property=\"og:image\" content=\"https:\/\/www.meydan.tv\/wp-content\/uploads\/31853.jpg\" \/>\n\t<meta property=\"og:image:width\" content=\"1000\" \/>\n\t<meta property=\"og:image:height\" content=\"541\" \/>\n\t<meta property=\"og:image:type\" content=\"image\/jpeg\" \/>\n<meta name=\"author\" content=\"user-manager\" \/>\n<meta name=\"twitter:card\" content=\"summary_large_image\" \/>\n<script type=\"application\/ld+json\" class=\"yoast-schema-graph\">{\"@context\":\"https:\\\/\\\/schema.org\",\"@graph\":[{\"@type\":\"Article\",\"@id\":\"https:\\\/\\\/www.meydan.tv\\\/az\\\/article\\\/sozler-ve-reqemler-arasinda-ucurum\\\/#article\",\"isPartOf\":{\"@id\":\"https:\\\/\\\/www.meydan.tv\\\/az\\\/article\\\/sozler-ve-reqemler-arasinda-ucurum\\\/\"},\"author\":{\"name\":\"user-manager\",\"@id\":\"https:\\\/\\\/www.meydan.tv\\\/az\\\/#\\\/schema\\\/person\\\/10d11eccf6da3662cf5fdab9806ea91a\"},\"headline\":\"S\u00f6zl\u0259r v\u0259 r\u0259q\u0259ml\u0259r aras\u0131nda u\u00e7urum\",\"datePublished\":\"2017-03-22T21:40:11+00:00\",\"mainEntityOfPage\":{\"@id\":\"https:\\\/\\\/www.meydan.tv\\\/az\\\/article\\\/sozler-ve-reqemler-arasinda-ucurum\\\/\"},\"wordCount\":1243,\"publisher\":{\"@id\":\"https:\\\/\\\/www.meydan.tv\\\/az\\\/#organization\"},\"image\":{\"@id\":\"https:\\\/\\\/www.meydan.tv\\\/az\\\/article\\\/sozler-ve-reqemler-arasinda-ucurum\\\/#primaryimage\"},\"thumbnailUrl\":\"https:\\\/\\\/www.meydan.tv\\\/wp-content\\\/uploads\\\/31853.jpg\",\"articleSection\":[\"Analitika\"],\"inLanguage\":\"az\"},{\"@type\":\"WebPage\",\"@id\":\"https:\\\/\\\/www.meydan.tv\\\/az\\\/article\\\/sozler-ve-reqemler-arasinda-ucurum\\\/\",\"url\":\"https:\\\/\\\/www.meydan.tv\\\/az\\\/article\\\/sozler-ve-reqemler-arasinda-ucurum\\\/\",\"name\":\"S\u00f6zl\u0259r v\u0259 r\u0259q\u0259ml\u0259r aras\u0131nda u\u00e7urum - MEYDAN.TV\",\"isPartOf\":{\"@id\":\"https:\\\/\\\/www.meydan.tv\\\/az\\\/#website\"},\"primaryImageOfPage\":{\"@id\":\"https:\\\/\\\/www.meydan.tv\\\/az\\\/article\\\/sozler-ve-reqemler-arasinda-ucurum\\\/#primaryimage\"},\"image\":{\"@id\":\"https:\\\/\\\/www.meydan.tv\\\/az\\\/article\\\/sozler-ve-reqemler-arasinda-ucurum\\\/#primaryimage\"},\"thumbnailUrl\":\"https:\\\/\\\/www.meydan.tv\\\/wp-content\\\/uploads\\\/31853.jpg\",\"datePublished\":\"2017-03-22T21:40:11+00:00\",\"breadcrumb\":{\"@id\":\"https:\\\/\\\/www.meydan.tv\\\/az\\\/article\\\/sozler-ve-reqemler-arasinda-ucurum\\\/#breadcrumb\"},\"inLanguage\":\"az\",\"potentialAction\":[{\"@type\":\"ReadAction\",\"target\":[\"https:\\\/\\\/www.meydan.tv\\\/az\\\/article\\\/sozler-ve-reqemler-arasinda-ucurum\\\/\"]}]},{\"@type\":\"ImageObject\",\"inLanguage\":\"az\",\"@id\":\"https:\\\/\\\/www.meydan.tv\\\/az\\\/article\\\/sozler-ve-reqemler-arasinda-ucurum\\\/#primaryimage\",\"url\":\"https:\\\/\\\/www.meydan.tv\\\/wp-content\\\/uploads\\\/31853.jpg\",\"contentUrl\":\"https:\\\/\\\/www.meydan.tv\\\/wp-content\\\/uploads\\\/31853.jpg\",\"width\":1000,\"height\":541,\"caption\":\"Source:\"},{\"@type\":\"BreadcrumbList\",\"@id\":\"https:\\\/\\\/www.meydan.tv\\\/az\\\/article\\\/sozler-ve-reqemler-arasinda-ucurum\\\/#breadcrumb\",\"itemListElement\":[{\"@type\":\"ListItem\",\"position\":1,\"name\":\"Ana s\u0259hif\u0259\",\"item\":\"https:\\\/\\\/www.meydan.tv\\\/az\\\/\"},{\"@type\":\"ListItem\",\"position\":2,\"name\":\"Analitika\",\"item\":\"https:\\\/\\\/www.meydan.tv\\\/az\\\/section\\\/analitika\\\/\"},{\"@type\":\"ListItem\",\"position\":3,\"name\":\"S\u00f6zl\u0259r v\u0259 r\u0259q\u0259ml\u0259r aras\u0131nda u\u00e7urum\"}]},{\"@type\":\"WebSite\",\"@id\":\"https:\\\/\\\/www.meydan.tv\\\/az\\\/#website\",\"url\":\"https:\\\/\\\/www.meydan.tv\\\/az\\\/\",\"name\":\"MEYDAN.TV\",\"description\":\"Meydan TV Az\u0259rbaycan\u0131n media m\u0259kan\u0131ndak\u0131 alternativ s\u0259sidir\",\"publisher\":{\"@id\":\"https:\\\/\\\/www.meydan.tv\\\/az\\\/#organization\"},\"potentialAction\":[{\"@type\":\"SearchAction\",\"target\":{\"@type\":\"EntryPoint\",\"urlTemplate\":\"https:\\\/\\\/www.meydan.tv\\\/az\\\/?s={search_term_string}\"},\"query-input\":{\"@type\":\"PropertyValueSpecification\",\"valueRequired\":true,\"valueName\":\"search_term_string\"}}],\"inLanguage\":\"az\"},{\"@type\":\"Organization\",\"@id\":\"https:\\\/\\\/www.meydan.tv\\\/az\\\/#organization\",\"name\":\"Meydan TV\",\"url\":\"https:\\\/\\\/www.meydan.tv\\\/az\\\/\",\"logo\":{\"@type\":\"ImageObject\",\"inLanguage\":\"az\",\"@id\":\"https:\\\/\\\/www.meydan.tv\\\/az\\\/#\\\/schema\\\/logo\\\/image\\\/\",\"url\":\"https:\\\/\\\/www.meydan.tv\\\/wp-content\\\/uploads\\\/2021\\\/07\\\/meydan-logo.svg\",\"contentUrl\":\"https:\\\/\\\/www.meydan.tv\\\/wp-content\\\/uploads\\\/2021\\\/07\\\/meydan-logo.svg\",\"width\":195,\"height\":46,\"caption\":\"Meydan TV\"},\"image\":{\"@id\":\"https:\\\/\\\/www.meydan.tv\\\/az\\\/#\\\/schema\\\/logo\\\/image\\\/\"}},{\"@type\":\"Person\",\"@id\":\"https:\\\/\\\/www.meydan.tv\\\/az\\\/#\\\/schema\\\/person\\\/10d11eccf6da3662cf5fdab9806ea91a\",\"name\":\"user-manager\"}]}<\/script>\n<!-- \/ Yoast SEO plugin. -->","yoast_head_json":{"title":"S\u00f6zl\u0259r v\u0259 r\u0259q\u0259ml\u0259r aras\u0131nda u\u00e7urum - MEYDAN.TV","robots":{"index":"index","follow":"follow","max-snippet":"max-snippet:-1","max-image-preview":"max-image-preview:large","max-video-preview":"max-video-preview:-1"},"canonical":"https:\/\/www.meydan.tv\/az\/article\/sozler-ve-reqemler-arasinda-ucurum\/","og_locale":"az_AZ","og_type":"article","og_title":"S\u00f6zl\u0259r v\u0259 r\u0259q\u0259ml\u0259r aras\u0131nda u\u00e7urum - MEYDAN.TV","og_description":"2016-c\u0131 ilin pay\u0131z\u0131ndan \u00e7\u00f6r\u0259k qiym\u0259tl\u0259ri 25 faiz artsa da, unun qiym\u0259ti 16,4 faiz ucuzla\u015f\u0131b","og_url":"https:\/\/www.meydan.tv\/az\/article\/sozler-ve-reqemler-arasinda-ucurum\/","og_site_name":"MEYDAN.TV","article_published_time":"2017-03-22T21:40:11+00:00","og_image":[{"width":1000,"height":541,"url":"https:\/\/www.meydan.tv\/wp-content\/uploads\/31853.jpg","type":"image\/jpeg"}],"author":"user-manager","twitter_card":"summary_large_image","schema":{"@context":"https:\/\/schema.org","@graph":[{"@type":"Article","@id":"https:\/\/www.meydan.tv\/az\/article\/sozler-ve-reqemler-arasinda-ucurum\/#article","isPartOf":{"@id":"https:\/\/www.meydan.tv\/az\/article\/sozler-ve-reqemler-arasinda-ucurum\/"},"author":{"name":"user-manager","@id":"https:\/\/www.meydan.tv\/az\/#\/schema\/person\/10d11eccf6da3662cf5fdab9806ea91a"},"headline":"S\u00f6zl\u0259r v\u0259 r\u0259q\u0259ml\u0259r aras\u0131nda u\u00e7urum","datePublished":"2017-03-22T21:40:11+00:00","mainEntityOfPage":{"@id":"https:\/\/www.meydan.tv\/az\/article\/sozler-ve-reqemler-arasinda-ucurum\/"},"wordCount":1243,"publisher":{"@id":"https:\/\/www.meydan.tv\/az\/#organization"},"image":{"@id":"https:\/\/www.meydan.tv\/az\/article\/sozler-ve-reqemler-arasinda-ucurum\/#primaryimage"},"thumbnailUrl":"https:\/\/www.meydan.tv\/wp-content\/uploads\/31853.jpg","articleSection":["Analitika"],"inLanguage":"az"},{"@type":"WebPage","@id":"https:\/\/www.meydan.tv\/az\/article\/sozler-ve-reqemler-arasinda-ucurum\/","url":"https:\/\/www.meydan.tv\/az\/article\/sozler-ve-reqemler-arasinda-ucurum\/","name":"S\u00f6zl\u0259r v\u0259 r\u0259q\u0259ml\u0259r aras\u0131nda u\u00e7urum - MEYDAN.TV","isPartOf":{"@id":"https:\/\/www.meydan.tv\/az\/#website"},"primaryImageOfPage":{"@id":"https:\/\/www.meydan.tv\/az\/article\/sozler-ve-reqemler-arasinda-ucurum\/#primaryimage"},"image":{"@id":"https:\/\/www.meydan.tv\/az\/article\/sozler-ve-reqemler-arasinda-ucurum\/#primaryimage"},"thumbnailUrl":"https:\/\/www.meydan.tv\/wp-content\/uploads\/31853.jpg","datePublished":"2017-03-22T21:40:11+00:00","breadcrumb":{"@id":"https:\/\/www.meydan.tv\/az\/article\/sozler-ve-reqemler-arasinda-ucurum\/#breadcrumb"},"inLanguage":"az","potentialAction":[{"@type":"ReadAction","target":["https:\/\/www.meydan.tv\/az\/article\/sozler-ve-reqemler-arasinda-ucurum\/"]}]},{"@type":"ImageObject","inLanguage":"az","@id":"https:\/\/www.meydan.tv\/az\/article\/sozler-ve-reqemler-arasinda-ucurum\/#primaryimage","url":"https:\/\/www.meydan.tv\/wp-content\/uploads\/31853.jpg","contentUrl":"https:\/\/www.meydan.tv\/wp-content\/uploads\/31853.jpg","width":1000,"height":541,"caption":"Source:"},{"@type":"BreadcrumbList","@id":"https:\/\/www.meydan.tv\/az\/article\/sozler-ve-reqemler-arasinda-ucurum\/#breadcrumb","itemListElement":[{"@type":"ListItem","position":1,"name":"Ana s\u0259hif\u0259","item":"https:\/\/www.meydan.tv\/az\/"},{"@type":"ListItem","position":2,"name":"Analitika","item":"https:\/\/www.meydan.tv\/az\/section\/analitika\/"},{"@type":"ListItem","position":3,"name":"S\u00f6zl\u0259r v\u0259 r\u0259q\u0259ml\u0259r aras\u0131nda u\u00e7urum"}]},{"@type":"WebSite","@id":"https:\/\/www.meydan.tv\/az\/#website","url":"https:\/\/www.meydan.tv\/az\/","name":"MEYDAN.TV","description":"Meydan TV Az\u0259rbaycan\u0131n media m\u0259kan\u0131ndak\u0131 alternativ s\u0259sidir","publisher":{"@id":"https:\/\/www.meydan.tv\/az\/#organization"},"potentialAction":[{"@type":"SearchAction","target":{"@type":"EntryPoint","urlTemplate":"https:\/\/www.meydan.tv\/az\/?s={search_term_string}"},"query-input":{"@type":"PropertyValueSpecification","valueRequired":true,"valueName":"search_term_string"}}],"inLanguage":"az"},{"@type":"Organization","@id":"https:\/\/www.meydan.tv\/az\/#organization","name":"Meydan TV","url":"https:\/\/www.meydan.tv\/az\/","logo":{"@type":"ImageObject","inLanguage":"az","@id":"https:\/\/www.meydan.tv\/az\/#\/schema\/logo\/image\/","url":"https:\/\/www.meydan.tv\/wp-content\/uploads\/2021\/07\/meydan-logo.svg","contentUrl":"https:\/\/www.meydan.tv\/wp-content\/uploads\/2021\/07\/meydan-logo.svg","width":195,"height":46,"caption":"Meydan TV"},"image":{"@id":"https:\/\/www.meydan.tv\/az\/#\/schema\/logo\/image\/"}},{"@type":"Person","@id":"https:\/\/www.meydan.tv\/az\/#\/schema\/person\/10d11eccf6da3662cf5fdab9806ea91a","name":"user-manager"}]}},"_links":{"self":[{"href":"https:\/\/www.meydan.tv\/az\/wp-json\/wp\/v2\/posts\/183310","targetHints":{"allow":["GET"]}}],"collection":[{"href":"https:\/\/www.meydan.tv\/az\/wp-json\/wp\/v2\/posts"}],"about":[{"href":"https:\/\/www.meydan.tv\/az\/wp-json\/wp\/v2\/types\/post"}],"author":[{"embeddable":true,"href":"https:\/\/www.meydan.tv\/az\/wp-json\/wp\/v2\/users\/11"}],"replies":[{"embeddable":true,"href":"https:\/\/www.meydan.tv\/az\/wp-json\/wp\/v2\/comments?post=183310"}],"version-history":[{"count":0,"href":"https:\/\/www.meydan.tv\/az\/wp-json\/wp\/v2\/posts\/183310\/revisions"}],"wp:featuredmedia":[{"embeddable":true,"href":"https:\/\/www.meydan.tv\/az\/wp-json\/wp\/v2\/media\/81423"}],"wp:attachment":[{"href":"https:\/\/www.meydan.tv\/az\/wp-json\/wp\/v2\/media?parent=183310"}],"wp:term":[{"taxonomy":"category","embeddable":true,"href":"https:\/\/www.meydan.tv\/az\/wp-json\/wp\/v2\/categories?post=183310"},{"taxonomy":"post_tag","embeddable":true,"href":"https:\/\/www.meydan.tv\/az\/wp-json\/wp\/v2\/tags?post=183310"}],"curies":[{"name":"wp","href":"https:\/\/api.w.org\/{rel}","templated":true}]}}