{"id":183296,"date":"2017-03-21T20:27:22","date_gmt":"2017-03-21T20:27:22","guid":{"rendered":"https:\/\/www.meydan.tv\/article\/bahar-emeliyyat-sirketinin-ozulunde-qeza-1-olu-3-yarali-oldugu-bildirilir\/"},"modified":"2017-03-21T20:27:22","modified_gmt":"2017-03-21T20:27:22","slug":"bahar-emeliyyat-sirketinin-ozulunde-qeza-1-olu-3-yarali-oldugu-bildirilir","status":"publish","type":"post","link":"https:\/\/www.meydan.tv\/az\/article\/bahar-emeliyyat-sirketinin-ozulunde-qeza-1-olu-3-yarali-oldugu-bildirilir\/","title":{"rendered":"\u201cBahar\u201d \u018fm\u0259liyyat \u015eirk\u0259tinin \u00f6z\u00fcl\u00fcnd\u0259 q\u0259za: 1 \u00f6l\u00fc, 3 yaral\u0131 oldu\u011fu bildirilir"},"content":{"rendered":"<figure class=\"wp-block-embed is-type-video is-provider-youtube wp-block-embed-youtube wp-embed-aspect-16-9 wp-has-aspect-ratio\">\n<div class=\"wp-block-embed__wrapper\">\n    <iframe loading=\"lazy\"\ttitle=\"\" width=\"1200\" height=\"675\" src=\"https:\/\/www.youtube.com\/embed\/4Jd02smZGL4\"\tframeborder=\"0\"\tallow=\"accelerometer; autoplay; clipboard-write; encrypted-media; gyroscope; picture-in-picture\" allowfullscreen><\/iframe>\n  <\/div><figcaption><\/figcaption><\/figure>\n<p>\n  Mart\u0131n 20-d\u0259 gec\u0259 saatlar\u0131nda Qum adas\u0131nda yerl\u0259\u015f\u0259n \u201cBahar\u201d \u018fm\u0259liyyat \u015eirk\u0259tind\u0259 q\u0259za ba\u015f verib. \u018fm\u0259liyyat \u015eirk\u0259tinin 409-cu \u00f6z\u00fcl\u00fcnd\u0259 i\u015fl\u0259y\u0259n f\u0259hl\u0259l\u0259r h\u00fcnd\u00fcrl\u00fckd\u0259n y\u0131x\u0131l\u0131blar.\n<\/p>\n<p>\n  Hadis\u0259 bar\u0259d\u0259 Meydan TV-y\u0259 \u015firk\u0259tin \u0259m\u0259kda\u015flar\u0131 m\u0259lumat veribl\u0259r. M\u0259lumata g\u00f6r\u0259, qaynaq\u00e7\u0131, Bak\u0131 \u015f\u0259h\u0259r sakini, 1973-c\u00fc il t\u0259v\u0259ll\u00fcdl\u00fc Ayaz M\u0259mm\u0259d o\u011flu M\u0259mm\u0259dov \u00f6z\u00fcld\u0259 a\u00e7\u0131lm\u0131\u015f d\u0259likd\u0259n d\u0259niz\u0259 y\u0131x\u0131l\u0131b. Bu zaman ald\u0131\u011f\u0131 x\u0259sar\u0259tl\u0259rd\u0259n d\u00fcnyas\u0131n\u0131 d\u0259yi\u015fib. Daha bir n\u0259f\u0259r nevroloji travma al\u0131b (onur\u011fa beynin s\u0131nmas\u0131), iki n\u0259f\u0259r is\u0259 m\u00fcxt\u0259lif x\u0259sar\u0259tl\u0259rl\u0259 klinikaya yerl\u0259\u015fdirilib. Yaralananlardan biri 1977-ci il t\u0259v\u0259ll\u00fcdl\u00fc Faiq V\u0259li o\u011flu H\u0259s\u0259novdur. Onun burun v\u0259 qolunun q\u0131r\u0131ld\u0131\u011f\u0131 bildirilir.\n<\/p>\n<p>\n  M\u0259lumat\u0131 Meydan TV-y\u0259 Neft\u00e7il\u0259rin H\u00fcquqlar\u0131n\u0131n M\u00fcdafi\u0259si T\u0259\u015fkilat\u0131n\u0131n r\u0259hb\u0259ri Mirvari Q\u0259hr\u0259manl\u0131 da t\u0259sdiql\u0259yib. O, t\u0259\u015fkilata bu bar\u0259d\u0259 m\u0259lumat verildiyini bildirib: \u201cBizd\u0259 olan m\u0259lumata g\u00f6r\u0259, Ayaz adl\u0131 qaynaq\u00e7\u0131 \u00f6z\u00fcl\u00fcn d\u0259liyind\u0259n d\u0259niz\u0259 d\u00fc\u015f\u00fcb. Bu zaman ald\u0131\u011f\u0131 x\u0259sar\u0259td\u0259n d\u00fcnyas\u0131n\u0131 d\u0259yi\u015fib. Dig\u0259r \u015f\u0259xsl\u0259rin olmas\u0131 bar\u0259d\u0259 x\u0259b\u0259rl\u0259r g\u0259lir. D\u0259qiql\u0259\u015fdirm\u0259 apar\u0131r\u0131q\u201d\n<\/p>\n<p>\n  Bayram g\u00fcnl\u0259ri oldu\u011fundan \u201cBahar\u201d \u018f\u015e il\u0259 \u0259laq\u0259 saxlamaq m\u00fcmk\u00fcn olmay\u0131b.\n<\/p>\n<p>\n  \u015eirk\u0259t \u0259m\u0259kda\u015f\u0131n\u0131n bayram g\u00fcnl\u0259rind\u0259 i\u015fl\u0259m\u0259sin\u0259 g\u0259linc\u0259, Mirvari Q\u0259hr\u0259manl\u0131 bunu h\u00fcquq pozuntusu kimi d\u0259y\u0259rl\u0259ndirir:\n<\/p>\n<p>\n  \u201cBildiyim q\u0259d\u0259ril\u0259 Qum adas\u0131ndak\u0131 k\u00f6\u015fkl\u0259rd\u0259, \u015f\u0259raitsiz bir yerd\u0259 i\u015fl\u0259yirl\u0259r. \u00d6lk\u0259d\u0259 \u0259m\u0259k h\u00fcquqlar\u0131n\u0131n pozuntusu daha geni\u015f yay\u0131l\u0131b. \u00c7ox t\u0259\u0259ss\u00fcf ki, siyasi h\u00fcquqlar\u0131n pozulmas\u0131na daha \u00e7ox diqq\u0259t ayr\u0131l\u0131r, n\u0259inki sosial h\u00fcquqlara. O i\u015f\u00e7il\u0259r bayram g\u00fcnl\u0259ri \u00e7al\u0131\u015fmamal\u0131yd\u0131. \u018fg\u0259r \u00e7al\u0131\u015f\u0131rlarsa, i\u015f\u00e7inin \u00f6z yaz\u0131l\u0131 raz\u0131l\u0131\u011f\u0131 v\u0259 H\u0259mkarlar \u0130ttifaq\u0131n\u0131n raz\u0131l\u0131\u011f\u0131 \u0259sas\u0131nda ikiqat \u00f6d\u0259ni\u015fl\u0259 i\u015fl\u0259m\u0259lidirl\u0259r. Onlar\u0131 bayram g\u00fcn\u00fc i\u015fl\u0259tm\u0259k cinay\u0259tdir. Amma bu \u00f6lk\u0259d\u0259 H\u0259mkarlar \u0130ttifaq\u0131 adl\u0131 qurumun ad\u0131 var, \u00f6z\u00fc yoxdur. \u00d6l\u00fcm hadis\u0259si olub. T\u0259\u0259ss\u00fcfl\u0259r olsun ki, \u0259h\u0259miyy\u0259t ver\u0259n yoxdur. \u00dcmumiyy\u0259tl\u0259, bu \u018fm\u0259k M\u00fcf\u0259tti\u015fliyi, H\u0259mkarlar \u0130ttifaq\u0131 l\u0259\u011fv olunmal\u0131d\u0131r. Bir i\u015f g\u00f6rm\u00fcrl\u0259rs\u0259, niy\u0259 bu t\u0259\u015fkilatlara o boyda v\u0259sait s\u0259rf olunur? 23 ildir S\u0259ttar Mehbal\u0131yev yap\u0131\u015f\u0131b o kreslodan, d\u00fc\u015f\u00fcr\u0259 bilmirl\u0259r. Neft v\u0259 Qaz S\u0259nayesi \u0130\u015f\u00e7il\u0259rinin H\u0259mkarlar \u0130ttifaq\u0131n\u0131n s\u0259dri Cahangir \u018fliyev 20 ildir o kresloda oturub. 2015-ci ild\u0259n bu yana neft\u00e7il\u0259r \u00f6l\u00fcrl\u0259r, buna g\u00f6r\u0259 bir n\u0259f\u0259r d\u0259 m\u0259suliyy\u0259t\u0259 c\u0259lb olunmur\u201d.<\/p>\n","protected":false},"excerpt":{"rendered":"<p>Qaynaq\u00e7\u0131 \u00f6z\u00fcl\u00fcn d\u0259liyind\u0259n d\u0259niz\u0259 d\u00fc\u015f\u00fcb<\/p>\n","protected":false},"author":11,"featured_media":79540,"comment_status":"closed","ping_status":"open","sticky":false,"template":"","format":"standard","meta":{"_acf_changed":false,"_sitemap_exclude":false,"_sitemap_priority":"","_sitemap_frequency":"","footnotes":""},"categories":[63],"tags":[],"class_list":["post-183296","post","type-post","status-publish","format-standard","has-post-thumbnail","hentry","category-video-2","infinite-scroll-item","generate-columns","tablet-grid-50","mobile-grid-100","grid-parent","grid-33","no-featured-image-padding"],"acf":[],"yoast_head":"<!-- This site is optimized with the Yoast SEO plugin v28.3 - https:\/\/yoast.com\/product\/yoast-seo-wordpress\/ -->\n<title>\u201cBahar\u201d \u018fm\u0259liyyat \u015eirk\u0259tinin \u00f6z\u00fcl\u00fcnd\u0259 q\u0259za: 1 \u00f6l\u00fc, 3 yaral\u0131 oldu\u011fu bildirilir - MEYDAN.TV<\/title>\n<meta name=\"robots\" content=\"index, follow, max-snippet:-1, max-image-preview:large, max-video-preview:-1\" \/>\n<link rel=\"canonical\" href=\"https:\/\/www.meydan.tv\/az\/article\/bahar-emeliyyat-sirketinin-ozulunde-qeza-1-olu-3-yarali-oldugu-bildirilir\/\" \/>\n<meta property=\"og:locale\" content=\"az_AZ\" \/>\n<meta property=\"og:type\" content=\"article\" \/>\n<meta property=\"og:title\" content=\"\u201cBahar\u201d \u018fm\u0259liyyat \u015eirk\u0259tinin \u00f6z\u00fcl\u00fcnd\u0259 q\u0259za: 1 \u00f6l\u00fc, 3 yaral\u0131 oldu\u011fu bildirilir - MEYDAN.TV\" \/>\n<meta property=\"og:description\" content=\"Qaynaq\u00e7\u0131 \u00f6z\u00fcl\u00fcn d\u0259liyind\u0259n d\u0259niz\u0259 d\u00fc\u015f\u00fcb\" \/>\n<meta property=\"og:url\" content=\"https:\/\/www.meydan.tv\/az\/article\/bahar-emeliyyat-sirketinin-ozulunde-qeza-1-olu-3-yarali-oldugu-bildirilir\/\" \/>\n<meta property=\"og:site_name\" content=\"MEYDAN.TV\" \/>\n<meta property=\"article:published_time\" content=\"2017-03-21T20:27:22+00:00\" \/>\n<meta property=\"og:image\" content=\"https:\/\/www.meydan.tv\/wp-content\/uploads\/31835.jpg\" \/>\n\t<meta property=\"og:image:width\" content=\"960\" \/>\n\t<meta property=\"og:image:height\" content=\"540\" \/>\n\t<meta property=\"og:image:type\" content=\"image\/jpeg\" \/>\n<meta name=\"twitter:card\" content=\"summary_large_image\" \/>\n<!-- \/ Yoast SEO plugin. -->","yoast_head_json":{"title":"\u201cBahar\u201d \u018fm\u0259liyyat \u015eirk\u0259tinin \u00f6z\u00fcl\u00fcnd\u0259 q\u0259za: 1 \u00f6l\u00fc, 3 yaral\u0131 oldu\u011fu bildirilir - MEYDAN.TV","robots":{"index":"index","follow":"follow","max-snippet":"max-snippet:-1","max-image-preview":"max-image-preview:large","max-video-preview":"max-video-preview:-1"},"canonical":"https:\/\/www.meydan.tv\/az\/article\/bahar-emeliyyat-sirketinin-ozulunde-qeza-1-olu-3-yarali-oldugu-bildirilir\/","og_locale":"az_AZ","og_type":"article","og_title":"\u201cBahar\u201d \u018fm\u0259liyyat \u015eirk\u0259tinin \u00f6z\u00fcl\u00fcnd\u0259 q\u0259za: 1 \u00f6l\u00fc, 3 yaral\u0131 oldu\u011fu bildirilir - MEYDAN.TV","og_description":"Qaynaq\u00e7\u0131 \u00f6z\u00fcl\u00fcn d\u0259liyind\u0259n d\u0259niz\u0259 d\u00fc\u015f\u00fcb","og_url":"https:\/\/www.meydan.tv\/az\/article\/bahar-emeliyyat-sirketinin-ozulunde-qeza-1-olu-3-yarali-oldugu-bildirilir\/","og_site_name":"MEYDAN.TV","article_published_time":"2017-03-21T20:27:22+00:00","og_image":[{"width":960,"height":540,"url":"https:\/\/www.meydan.tv\/wp-content\/uploads\/31835.jpg","type":"image\/jpeg"}],"twitter_card":"summary_large_image","schema":{"@context":"https:\/\/schema.org","@graph":[{"@type":"Article","@id":"https:\/\/www.meydan.tv\/az\/article\/bahar-emeliyyat-sirketinin-ozulunde-qeza-1-olu-3-yarali-oldugu-bildirilir\/#article","isPartOf":{"@id":"https:\/\/www.meydan.tv\/az\/article\/bahar-emeliyyat-sirketinin-ozulunde-qeza-1-olu-3-yarali-oldugu-bildirilir\/"},"author":{"name":"user-manager","@id":"https:\/\/www.meydan.tv\/az\/#\/schema\/person\/10d11eccf6da3662cf5fdab9806ea91a"},"headline":"\u201cBahar\u201d \u018fm\u0259liyyat \u015eirk\u0259tinin \u00f6z\u00fcl\u00fcnd\u0259 q\u0259za: 1 \u00f6l\u00fc, 3 yaral\u0131 oldu\u011fu bildirilir","datePublished":"2017-03-21T20:27:22+00:00","mainEntityOfPage":{"@id":"https:\/\/www.meydan.tv\/az\/article\/bahar-emeliyyat-sirketinin-ozulunde-qeza-1-olu-3-yarali-oldugu-bildirilir\/"},"wordCount":539,"publisher":{"@id":"https:\/\/www.meydan.tv\/az\/#organization"},"image":{"@id":"https:\/\/www.meydan.tv\/az\/article\/bahar-emeliyyat-sirketinin-ozulunde-qeza-1-olu-3-yarali-oldugu-bildirilir\/#primaryimage"},"thumbnailUrl":"https:\/\/www.meydan.tv\/wp-content\/uploads\/31835.jpg","articleSection":["Video"],"inLanguage":"az"},{"@type":"WebPage","@id":"https:\/\/www.meydan.tv\/az\/article\/bahar-emeliyyat-sirketinin-ozulunde-qeza-1-olu-3-yarali-oldugu-bildirilir\/","url":"https:\/\/www.meydan.tv\/az\/article\/bahar-emeliyyat-sirketinin-ozulunde-qeza-1-olu-3-yarali-oldugu-bildirilir\/","name":"\u201cBahar\u201d \u018fm\u0259liyyat \u015eirk\u0259tinin \u00f6z\u00fcl\u00fcnd\u0259 q\u0259za: 1 \u00f6l\u00fc, 3 yaral\u0131 oldu\u011fu bildirilir - MEYDAN.TV","isPartOf":{"@id":"https:\/\/www.meydan.tv\/az\/#website"},"primaryImageOfPage":{"@id":"https:\/\/www.meydan.tv\/az\/article\/bahar-emeliyyat-sirketinin-ozulunde-qeza-1-olu-3-yarali-oldugu-bildirilir\/#primaryimage"},"image":{"@id":"https:\/\/www.meydan.tv\/az\/article\/bahar-emeliyyat-sirketinin-ozulunde-qeza-1-olu-3-yarali-oldugu-bildirilir\/#primaryimage"},"thumbnailUrl":"https:\/\/www.meydan.tv\/wp-content\/uploads\/31835.jpg","datePublished":"2017-03-21T20:27:22+00:00","breadcrumb":{"@id":"https:\/\/www.meydan.tv\/az\/article\/bahar-emeliyyat-sirketinin-ozulunde-qeza-1-olu-3-yarali-oldugu-bildirilir\/#breadcrumb"},"inLanguage":"az","potentialAction":[{"@type":"ReadAction","target":["https:\/\/www.meydan.tv\/az\/article\/bahar-emeliyyat-sirketinin-ozulunde-qeza-1-olu-3-yarali-oldugu-bildirilir\/"]}]},{"@type":"ImageObject","inLanguage":"az","@id":"https:\/\/www.meydan.tv\/az\/article\/bahar-emeliyyat-sirketinin-ozulunde-qeza-1-olu-3-yarali-oldugu-bildirilir\/#primaryimage","url":"https:\/\/www.meydan.tv\/wp-content\/uploads\/31835.jpg","contentUrl":"https:\/\/www.meydan.tv\/wp-content\/uploads\/31835.jpg","width":960,"height":540,"caption":"Source:"},{"@type":"BreadcrumbList","@id":"https:\/\/www.meydan.tv\/az\/article\/bahar-emeliyyat-sirketinin-ozulunde-qeza-1-olu-3-yarali-oldugu-bildirilir\/#breadcrumb","itemListElement":[{"@type":"ListItem","position":1,"name":"Ana s\u0259hif\u0259","item":"https:\/\/www.meydan.tv\/az\/"},{"@type":"ListItem","position":2,"name":"Video","item":"https:\/\/www.meydan.tv\/az\/section\/video-2\/"},{"@type":"ListItem","position":3,"name":"\u201cBahar\u201d \u018fm\u0259liyyat \u015eirk\u0259tinin \u00f6z\u00fcl\u00fcnd\u0259 q\u0259za: 1 \u00f6l\u00fc, 3 yaral\u0131 oldu\u011fu bildirilir"}]},{"@type":"WebSite","@id":"https:\/\/www.meydan.tv\/az\/#website","url":"https:\/\/www.meydan.tv\/az\/","name":"MEYDAN.TV","description":"Meydan TV Az\u0259rbaycan\u0131n media m\u0259kan\u0131ndak\u0131 alternativ s\u0259sidir","publisher":{"@id":"https:\/\/www.meydan.tv\/az\/#organization"},"potentialAction":[{"@type":"SearchAction","target":{"@type":"EntryPoint","urlTemplate":"https:\/\/www.meydan.tv\/az\/?s={search_term_string}"},"query-input":{"@type":"PropertyValueSpecification","valueRequired":true,"valueName":"search_term_string"}}],"inLanguage":"az"},{"@type":"Organization","@id":"https:\/\/www.meydan.tv\/az\/#organization","name":"Meydan TV","url":"https:\/\/www.meydan.tv\/az\/","logo":{"@type":"ImageObject","inLanguage":"az","@id":"https:\/\/www.meydan.tv\/az\/#\/schema\/logo\/image\/","url":"https:\/\/www.meydan.tv\/wp-content\/uploads\/2021\/07\/meydan-logo.svg","contentUrl":"https:\/\/www.meydan.tv\/wp-content\/uploads\/2021\/07\/meydan-logo.svg","width":195,"height":46,"caption":"Meydan TV"},"image":{"@id":"https:\/\/www.meydan.tv\/az\/#\/schema\/logo\/image\/"}},{"@type":"Person","@id":"https:\/\/www.meydan.tv\/az\/#\/schema\/person\/10d11eccf6da3662cf5fdab9806ea91a","name":"user-manager"}]}},"_links":{"self":[{"href":"https:\/\/www.meydan.tv\/az\/wp-json\/wp\/v2\/posts\/183296","targetHints":{"allow":["GET"]}}],"collection":[{"href":"https:\/\/www.meydan.tv\/az\/wp-json\/wp\/v2\/posts"}],"about":[{"href":"https:\/\/www.meydan.tv\/az\/wp-json\/wp\/v2\/types\/post"}],"author":[{"embeddable":true,"href":"https:\/\/www.meydan.tv\/az\/wp-json\/wp\/v2\/users\/11"}],"replies":[{"embeddable":true,"href":"https:\/\/www.meydan.tv\/az\/wp-json\/wp\/v2\/comments?post=183296"}],"version-history":[{"count":0,"href":"https:\/\/www.meydan.tv\/az\/wp-json\/wp\/v2\/posts\/183296\/revisions"}],"wp:featuredmedia":[{"embeddable":true,"href":"https:\/\/www.meydan.tv\/az\/wp-json\/wp\/v2\/media\/79540"}],"wp:attachment":[{"href":"https:\/\/www.meydan.tv\/az\/wp-json\/wp\/v2\/media?parent=183296"}],"wp:term":[{"taxonomy":"category","embeddable":true,"href":"https:\/\/www.meydan.tv\/az\/wp-json\/wp\/v2\/categories?post=183296"},{"taxonomy":"post_tag","embeddable":true,"href":"https:\/\/www.meydan.tv\/az\/wp-json\/wp\/v2\/tags?post=183296"}],"curies":[{"name":"wp","href":"https:\/\/api.w.org\/{rel}","templated":true}]}}