{"id":183262,"date":"2017-03-17T17:44:32","date_gmt":"2017-03-17T17:44:32","guid":{"rendered":"https:\/\/www.meydan.tv\/article\/kond-adasindaki-cehennem\/"},"modified":"2017-03-17T17:44:32","modified_gmt":"2017-03-17T17:44:32","slug":"kond-adasindaki-cehennem","status":"publish","type":"post","link":"https:\/\/www.meydan.tv\/az\/article\/kond-adasindaki-cehennem\/","title":{"rendered":"Kond adas\u0131ndak\u0131 c\u0259h\u0259nn\u0259m"},"content":{"rendered":"<p>\n  Bol\u015fevik i\u015f\u011fal\u0131ndan sonra h\u0259bs edil\u0259r\u0259k islah-\u0259m\u0259k d\u00fc\u015f\u0259rg\u0259l\u0259rin\u0259 g\u00f6nd\u0259ril\u0259n az\u0259rbaycanl\u0131lar\u0131n h\u0259yat\u0131 bar\u0259d\u0259 informasiya \u0259ld\u0259 etm\u0259k \u00e7ox m\u00fc\u015fk\u00fcl m\u0259s\u0259l\u0259dir. \u00c7\u00fcnki o d\u00fc\u015f\u0259rg\u0259l\u0259rd\u0259ki amans\u0131z \u015f\u0259rait, m\u0259hdud qidalanma, s\u0259rt iqlim v\u0259 a\u011f\u0131r fiziki i\u015fl\u0259r n\u0259tic\u0259sind\u0259 \u00e7ox az adam sa\u011f qurtula bilib. Qurtulanlar\u0131n is\u0259 dem\u0259k olar ki, ham\u0131s\u0131 sovet hakimiyy\u0259ti d\u00f6vr\u00fcnd\u0259 d\u00fcnyalar\u0131n\u0131 d\u0259yi\u015fdikl\u0259rind\u0259n xatir\u0259l\u0259rini yazmaq, yaz\u0131blarsa da, \u00e7ap etm\u0259k imkanlar\u0131 olmay\u0131b. Lakin xo\u015fb\u0259xtlikd\u0259n c\u00fczi istisnalar var.\n<\/p>\n<p>\n  M\u0259\u015fhur dissident Oleq Volkovun \u201cZ\u00fclm\u0259t\u0259 yuvarlanark\u0259n\u201d adl\u0131 xatir\u0259l\u0259ri bu q\u0259bild\u0259ndir. O, SLON-da (x\u00fcsusi t\u0259yinatl\u0131 Solovetsk d\u00fc\u015f\u0259rg\u0259si, rusca: \u0421\u043e\u043b\u043e\u0432\u0435\u0446\u043a\u0438\u0439 \u041b\u0430\u0433\u0435\u0440\u044c \u041e\u0441\u043e\u0431\u043e\u0433\u043e \u041d\u0430\u0437\u043d\u0430\u0447\u0435\u043d\u0438\u044f) m\u00f6vcud olan amans\u0131z \u015f\u0259raitd\u0259n, qeyri-insani r\u0259ftardan \u0259trafl\u0131 b\u0259hs edir. Bu qiym\u0259tli \u0259s\u0259rin ki\u00e7ik bir hiss\u0259si d\u0259 m\u00fcsavat\u00e7\u0131lar haqq\u0131ndad\u0131r.\n<\/p>\n<p>\n  \u201cO zaman But\u0131rkada onlar, Solovkiy\u0259 g\u00f6nd\u0259ril\u0259n m\u00fcsavat\u00e7\u0131lar 300 n\u0259f\u0259r idil\u0259r. T\u00fcrk, sonrak\u0131 deyiml\u0259 Az\u0259rbaycan c\u0259miyy\u0259tinin qaymaqlar\u0131&#8230; M\u0259n\u0259 qeyri-m\u0259lum v\u0259 \u00f6z\u00fcn\u0259m\u0259xsus bir d\u00fcnya a\u00e7\u0131ld\u0131. \u00d6z m\u00fcst\u0259qilliyini, \u0259n\u0259n\u0259vi g\u00f6r\u00fc\u015fl\u0259rini v\u0259 atalar\u0131n\u0131n ad\u0259tl\u0259rini f\u0259dakarl\u0131qla m\u00fcdafi\u0259 ed\u0259n ki\u00e7ik xalq\u0131n d\u00fcnyas\u0131.\n<\/p>\n<p>\n  Sonralar, Solovkid\u0259 m\u00fcsavat\u00e7\u0131larla b\u00f6y\u00fcr-b\u00f6y\u00fcr\u0259 ya\u015fayan zaman onlarda a\u011fsaqqalar\u0131n nec\u0259 o\u011ful h\u00f6rm\u0259til\u0259 \u0259hat\u0259 olunduqlar\u0131n\u0131, he\u00e7 k\u0259sin qarda\u015fl\u0131q s\u00fcfr\u0259si arxas\u0131nda diqq\u0259td\u0259n k\u0259nar qalmamamas\u0131na b\u00f6y\u00fckl\u0259rin n\u0259zar\u0259t etdikl\u0259rini, ibad\u0259t \u00fc\u00e7\u00fcn m\u0259qam axtaranlara nec\u0259 h\u0259ssas yana\u015fd\u0131qlar\u0131n\u0131 m\u00fc\u015fahid\u0259 edirdim. Onlara n\u0259z\u0259r\u0259n m\u0259n rus c\u0259miyy\u0259tinin son 10 ild\u0259 n\u0259 q\u0259d\u0259r v\u0259h\u015fil\u0259\u015fdiyini m\u00fchakim\u0259 ed\u0259 bilirdim&#8230;\n<\/p>\n<p>\n  Uzun \u00f6mr\u00fcm\u0259 n\u0259z\u0259r sal\u0131ram &#8211; m\u0259n bu s\u0259tirl\u0259ri 1986-c\u0131 ild\u0259 yaz\u0131ram &#8211; v\u0259 g\u00fccl\u00fc, f\u0259th\u00e7i bir xalqa m\u0259nsub oldu\u011fuma g\u00f6r\u0259 utand\u0131\u011f\u0131m anlar\u0131 xat\u0131rlay\u0131ram. Pan Feliksl\u0259 \u00fcnsiyy\u0259t zaman\u0131, ill\u0259r sonra macar t\u0259l\u0259b\u0259yl\u0259 g\u00f6r\u00fc\u015f\u0259rk\u0259n d\u0259 bel\u0259 d\u0259qiq\u0259l\u0259r olmu\u015fdu. Lakin m\u00fcsavat\u00e7\u0131lar\u0131n faci\u0259vi epopeyas\u0131 g\u00f6zl\u0259rim \u00f6n\u00fcnd\u0259 ba\u015f ver\u0259rk\u0259n bu hiss daha x\u00fcsusi idi\u201d .\n<\/p>\n<p>\n  Yaz\u0131lanlar kim\u0259s\u0259 adi g\u00f6r\u00fcn\u0259 bil\u0259r. \u018fsas\u0259n d\u0259 b\u00f6l\u015fevik d\u00fc\u015f\u0259rg\u0259l\u0259rind\u0259ki \u015f\u0259rait bar\u0259d\u0259 m\u0259lumats\u0131z olanlara. \u00c7\u00fcnki g\u00fcn\u00fcn \u00e7ox hiss\u0259sini a\u011f\u0131r fiziki i\u015fl\u0259rl\u0259 ke\u00e7ir\u0259n, qida rasionu \u00e7ox m\u0259hdud v\u0259 b\u0259sit olan, daim n\u0259zar\u0259t\u00e7il\u0259rin q\u0259ddarl\u0131\u011f\u0131 il\u0259 \u00fczl\u0259\u015f\u0259n insanlar\u0131n \u0259ks\u0259riyy\u0259tind\u0259 v\u0259h\u015fi instinktl\u0259rin ba\u015f qald\u0131rmas\u0131 qa\u00e7\u0131lmazd\u0131r.\n<\/p>\n<p>\n  Daim yor\u011fun, yuxulu, ac olan minl\u0259rl\u0259 insan. \u00dcst\u0259lik d\u0259 amans\u0131z iqlim. Bel\u0259 hallarda insanlar azac\u0131q imtiyaz \u0259ld\u0259 etm\u0259k \u00fc\u00e7\u00fcn \u00e7u\u011fullu\u011fa raz\u0131 olurlar, bir tik\u0259 \u00e7\u00f6r\u0259kd\u0259n \u00f6tr\u00fc ba\u015fqas\u0131n\u0131 \u00f6ld\u00fcrm\u0259y\u0259 haz\u0131r olurlar. Yaln\u0131z x\u00fcsusi irad\u0259, qana hopmu\u015f aristokratl\u0131q v\u0259 humanizm bel\u0259 metamorfozalar\u0131n qar\u015f\u0131s\u0131n\u0131 ala bil\u0259r. Hans\u0131n\u0131 ki, Volkovun \u015fahidliyin\u0259 g\u00f6r\u0259, 1-i, 2-si yox, b\u00fct\u00fcn m\u0259hbus az\u0259rbaycanl\u0131lar n\u00fcmayi\u015f etdirirdil\u0259r. Buna g\u00f6r\u0259 d\u0259 onun yazd\u0131qlar\u0131n\u0131 q\u00fcrur hissi duymadan oxumaq m\u00fcmk\u00fcn deyil.\n<\/p>\n<p>\n  Bu yax\u0131nlarda is\u0259 internetd\u0259 ba\u015fqa bir maraql\u0131 m\u0259lumata rast g\u0259ldim. S\u00f6hb\u0259t Nikolay \u0130qnatyevi\u00e7 Kiselyov-Qromovun \u201cSSR\u0130-d\u0259 \u00f6l\u00fcm d\u00fc\u015f\u0259rg\u0259l\u0259ri\u201d adl\u0131 xatir\u0259l\u0259rind\u0259n gedir. Bu \u0259s\u0259rd\u0259 Kond adas\u0131ndak\u0131 az\u0259rbaycanl\u0131lar haqq\u0131nda m\u0259hdud, lakin d\u0259y\u0259rli informasiya var.\n<\/p>\n<p>\n  Kiselyov-Qromov Rusiyada ged\u0259n V\u0259t\u0259nda\u015f m\u00fcharib\u0259si zaman\u0131 a\u011fqvardiya\u00e7\u0131 kimi bol\u015fevikl\u0259r\u0259 qar\u015f\u0131 vuru\u015fub. Yaralanaraq m\u00fcalic\u0259 ald\u0131\u011f\u0131 Novorossiysk \u015f\u0259h\u0259ri bol\u015fevikl\u0259rin \u0259lin\u0259 ke\u00e7\u0259rk\u0259n \u00f6z\u00fcn\u00fc yaralanm\u0131\u015f bol\u015fevik kimi q\u0259l\u0259m\u0259 verm\u0259yi bacar\u0131b. Bundan sonra sovet idar\u0259l\u0259rind\u0259 m\u00fcxt\u0259lif v\u0259zif\u0259l\u0259r tutub. O c\u00fcml\u0259d\u0259n, 1927-1930-cu ill\u0259rd\u0259 SLON-un h\u0259rbil\u0259\u015fdirilmi\u015f m\u00fchafiz\u0259sind\u0259 \u00e7al\u0131\u015f\u0131b. 1929-cu ild\u0259 is\u0259 5 ay m\u00fcdd\u0259tin\u0259 Kond adas\u0131nda ezamiyy\u0259td\u0259 olub. M\u00fcsavat\u00e7\u0131larla ba\u011fl\u0131 xatir\u0259l\u0259ri d\u0259 bu d\u00f6vrl\u0259 ba\u011fl\u0131d\u0131r.\n<\/p>\n<p>\n  Kiselyov-Qromov 1930-cu ild\u0259 qeyri-leqal \u015f\u0259kild\u0259 Finlandiya s\u0259rh\u0259dini ke\u00e7\u0259r\u0259k m\u00fchacir\u0259t etm\u0259yi bacar\u0131b. Xaricd\u0259 olark\u0259n d\u0259 s\u00f6z\u00fcged\u0259n \u0259s\u0259rini yaz\u0131b. Bu \u0259s\u0259r 1936-c\u0131 ild\u0259 \u015eanxaydak\u0131 rus m\u0259tb\u0259\u0259sind\u0259 \u00e7ap olunub. Ke\u00e7mi\u015f SSR\u0130 \u0259razisind\u0259 is\u0259 onun xatir\u0259l\u0259ri yaln\u0131z son d\u00f6vrd\u0259 tan\u0131n\u0131b.\n<\/p>\n<p>\n  \u0130ndi is\u0259 Kond adas\u0131 bar\u0259d\u0259. 11 kvadrat kilometr \u0259razisi olan ada Rusiyan\u0131n Kareliya vilay\u0259tinin \u0259razisi say\u0131l\u0131r v\u0259 A\u011f d\u0259nizd\u0259 yerl\u0259\u015fir. \u00d6t\u0259n \u0259srin 20-30-cu ill\u0259rind\u0259 adada SLON-un x\u00fcsusi m\u0259nt\u0259q\u0259si yerl\u0259\u015firmi\u015f. Buraya a\u011f\u0131r i\u015fl\u0259r n\u0259tic\u0259sind\u0259 \u015fik\u0259st olaraq \u0259m\u0259k qabiliyy\u0259tini itir\u0259n v\u0259 ya hans\u0131sa \u0259m\u0259ll\u0259rin\u0259 g\u00f6r\u0259 c\u0259zaland\u0131r\u0131lan dustaqlar g\u00f6nd\u0259rilirdi.\n<\/p>\n<p>\n  Kond adas\u0131ndan geriy\u0259 yol olmay\u0131b. Dustaqlar buraya \u00f6lm\u0259k \u00fc\u00e7\u00fcn g\u00f6nd\u0259rilibl\u0259r. Kiselyov-Qromovun yazd\u0131\u011f\u0131na g\u00f6r\u0259, 1928-1929-cu ilin q\u0131\u015f\u0131nda Kond adas\u0131ndak\u0131 4850 m\u0259hkumun 4230-u \u0259sas\u0259n yoluxucu x\u0259st\u0259likl\u0259rd\u0259n v\u0259 dig\u0259r s\u0259b\u0259bl\u0259rd\u0259n h\u0259lak olub.\n<\/p>\n<p>\n  M\u00fcsavat\u00e7\u0131lar\u0131n Kond adas\u0131na g\u00f6nd\u0259rilm\u0259 s\u0259b\u0259bi is\u0259 onlar\u0131n Solovkid\u0259 a\u011f\u0131r fiziki i\u015fl\u0259r\u0259 etiraz olaraq acl\u0131q aksiyas\u0131 ke\u00e7irm\u0259l\u0259ri olub. Kiselyov-Qromovun yazd\u0131\u011f\u0131na g\u00f6r\u0259, gec\u0259 vaxt\u0131 m\u00fcsavat\u00e7\u0131lar\u0131n yerl\u0259\u015fdiyi 7 sayl\u0131 rotan\u0131n yataqxanas\u0131na kir\u015f\u0259l\u0259r yax\u0131nla\u015f\u0131r. \u018fl-ayaqlar\u0131 ba\u011flanm\u0131\u015f m\u00fcsavat\u00e7\u0131lar\u0131 kir\u015f\u0259y\u0259 uzadaraq \u201cOvsyanka\u201d c\u0259za m\u00fc\u0259ssis\u0259sin\u0259 apar\u0131rlar.\n<\/p>\n<p>\n  D\u00fc\u015f\u0259rg\u0259d\u0259n 1,5 kilometr araland\u0131qdan sonra \u201cSavadl\u0131 olmusunuz&#8230; Acl\u0131q etm\u0259yi \u00f6yr\u0259nmisiniz&#8230;Biz siz\u0259 g\u00f6st\u0259r\u0259rik acl\u0131q etm\u0259yi\u201d dey\u0259r\u0259k m\u00fcsavat\u00e7\u0131lar\u0131 \u0259vv\u0259lc\u0259 t\u00fcf\u0259ngl\u0259rin qunda\u011f\u0131yla d\u00f6y\u00fcr, sonra da \u201cOvsyanka\u201dya q\u0259d\u0259r 22 kilometrlik yolu piyada getm\u0259y\u0259 m\u0259cbur edirl\u0259r.\n<\/p>\n<p>\n  Kiselyov-Qromov acl\u0131q n\u0259tic\u0259sind\u0259 haldan d\u00fc\u015fm\u00fc\u015f m\u00fcsavat\u00e7\u0131lar\u0131n bir ne\u00e7\u0259sinin \u201cOvsyanka\u201dda v\u0259fat etdiyini yaz\u0131r. Bir qisminin is\u0259 (M\u00fc\u0259llif \u0259s\u0259rin bir yerind\u0259 onlar\u0131n 12, ba\u015fqa bir yerind\u0259 is\u0259 15 n\u0259f\u0259r oldu\u011funu g\u00f6st\u0259rir) Kond adas\u0131na ged\u0259r-g\u0259lm\u0259z\u0259 g\u00f6nd\u0259rirl\u0259r.\n<\/p>\n<p>\n  Kiselyov-Qromov adada ezamiyy\u0259td\u0259 olark\u0259n m\u00fcsavat\u00e7\u0131lardan biri, ixtisasca h\u0259kim olan Cahangir A\u011fayev bar\u0259d\u0259 nisb\u0259t\u0259n geni\u015f m\u0259lumat verir. O yaz\u0131r ki, \u201cXeyirxah v\u0259 qay\u011f\u0131ke\u015f A\u011fayev burada \u00fcr\u0259yimi bo\u015falda bil\u0259c\u0259yim yegan\u0259 adam idi\u201d.\n<\/p>\n<p>\n  M\u00fc\u0259llif t\u0259sirli bir hadis\u0259 haqq\u0131nda xat\u0131rlay\u0131r. Cahangir A\u011fayev\u0259 G\u0259nc\u0259d\u0259 ya\u015fayan o\u011flundan m\u0259ktub g\u0259lir. O\u011flu yaz\u0131r: \u201c\u018fziz ata, s\u0259n \u0259ksinqilab\u00e7\u0131 oldu\u011funa g\u00f6r\u0259 m\u0259n m\u0259kt\u0259b\u0259 ged\u0259 bilmir\u0259m. Atacan, m\u0259n\u0259 m\u0259ktub yaz ki, m\u0259n s\u0259nin o\u011flun deyil\u0259m. \u018fslind\u0259 m\u0259n s\u0259ni \u00e7ox sevir\u0259m&#8230; Lakin bu m\u0259ktub m\u0259kt\u0259b\u0259 getm\u0259k \u00fc\u00e7\u00fcn m\u0259n\u0259 laz\u0131md\u0131r\u201d.\n<\/p>\n<p>\n  Kiselyov-Qromov \u201coxu v\u0259 m\u0259hv et\u201d dey\u0259r\u0259k m\u0259ktubu Cahangir A\u011fayev\u0259 verir. &#8220;M\u0259ktubu oxuyark\u0259n doktorun dodaqlar\u0131 titr\u0259di, g\u00f6zl\u0259ri ya\u015fard\u0131, \u0259ll\u0259ri \u0259sdi v\u0259 h\u00f6nk\u00fcrt\u00fc il\u0259 \u00e7arpay\u0131ya y\u0131x\u0131ld\u0131\u201d.\n<\/p>\n<p>\n  M\u00fc\u0259llif m\u0259ktubun ilk olaraq ba\u015fqas\u0131n\u0131n deyil, onun \u0259lin\u0259 ke\u00e7m\u0259sini b\u00f6y\u00fck xo\u015fb\u0259xtlik adland\u0131r\u0131r: \u201cYoxsa m\u0259ktub G\u0259nc\u0259y\u0259, D\u00f6vl\u0259t Siyasi \u0130dar\u0259sin\u0259 geri qaytar\u0131lacaqd\u0131\u201d. Bu zaman da A\u011fayevin ail\u0259si repressiyaya u\u011frayacaqd\u0131.<br \/>\n  <br \/>\n  Kiselyov-Qromov 1929-cu ilin oktyabr\u0131nda Kond adas\u0131n\u0131 t\u0259rk edir. Lakin A\u011fayevin sonrak\u0131 taleyi il\u0259 maraqlanark\u0259n q\u0131\u015fda v\u0259fat etdiyini \u00f6yr\u0259nir. Dig\u0259r m\u00fcsavat\u00e7\u0131lar\u0131n taleyind\u0259n x\u0259b\u0259rsiz olsa da, onlar\u0131n da sa\u011f qalmaq \u015fans\u0131n\u0131n olmad\u0131\u011f\u0131n\u0131 s\u00f6yl\u0259yir. \u00c7\u00fcnki Kond adas\u0131ndan sa\u011f qurtulmaq m\u00fcmk\u00fczd\u00fc. Bel\u0259c\u0259, doktor A\u011fayev istisna olmaqla, tan\u0131mad\u0131\u011f\u0131m\u0131z ads\u0131z q\u0259hr\u0259manlar m\u00fcst\u0259qil Az\u0259rbaycan davas\u0131n\u0131n qurban\u0131 olurlar.\n<\/p>\n<p>\n  Bol\u015fevik repressiyalar\u0131ndan dan\u0131\u015fanda 1937-ci il daha \u00e7ox xat\u0131rlan\u0131r. Bu il bir simvola \u00e7evrilib. T\u0259sad\u00fcfi deyil ki, X\u0259lil Rza \u201cDavam edir 37\u201d yaz\u0131rd\u0131. Bu ad\u0259t Stalind\u0259n sonrak\u0131 sovet d\u00f6vr\u00fcnd\u0259n qal\u0131b. \u015e\u0259xsiyy\u0259t\u0259 p\u0259r\u0259sti\u015fin t\u0259nqid edildiyi d\u00f6vrl\u0259rd\u0259 1937-ci il d\u0259h\u015f\u0259tli bir il kimi xat\u0131rlan\u0131rd\u0131.\n<\/p>\n<p>\n  \u018fslind\u0259 is\u0259 d\u0259h\u015f\u0259tl\u0259r daha \u00f6nc\u0259d\u0259n ba\u015flanm\u0131\u015fd\u0131. Bol\u015fevik diktaturas\u0131n\u0131 q\u0259bul etm\u0259y\u0259n siyasi c\u0259r\u0259yanlar\u0131n xeyli sayda t\u0259r\u0259fdarlar\u0131, o c\u00fcml\u0259d\u0259n m\u00fcsavat\u00e7\u0131lar daxil milli h\u0259r\u0259katlar\u0131n n\u00fcmay\u0259nd\u0259l\u0259rinin \u0259ks\u0259riyy\u0259ti 1937-ci il\u0259 kimi m\u0259hv edilmi\u015fdil\u0259r. Lakin sovet hakimiyy\u0259ti h\u0259tta Xru\u015f\u015fov m\u00fclayiml\u0259\u015fm\u0259si, Qorba\u00e7ov yenid\u0259nqurmas\u0131 d\u00f6vr\u00fcnd\u0259 bel\u0259 o insanlara qar\u015f\u0131 terroru pisl\u0259m\u0259di.\n<\/p>\n<p>\n  1937-ci il is\u0259 daha \u00e7ox sovet partiya v\u0259 d\u00f6vl\u0259t xadiml\u0259rinin edam\u0131yla \u0259lam\u0259tdar idi. Buna g\u00f6r\u0259 d\u0259 sovet d\u00f6vr\u00fcnd\u0259 simvola \u00e7evrildi. H\u0259min il \u00f6ld\u00fcr\u00fcl\u0259nl\u0259r aras\u0131nda \u0259vv\u0259ll\u0259r ba\u015fqalar\u0131n\u0131 \u00f6l\u00fcm\u0259 g\u00f6nd\u0259r\u0259nl\u0259r d\u0259 kifay\u0259t q\u0259d\u0259r idi. Bu aqib\u0259t Solovki c\u0259lladlar\u0131ndan da yan ke\u00e7m\u0259di. Solovkid\u0259 h\u0259bs d\u00fc\u015f\u0259rg\u0259si yaratma\u011f\u0131 t\u0259klif ed\u0259n Boqovoy, m\u00fcxt\u0259lif ill\u0259rd\u0259 d\u00fc\u015f\u0259rg\u0259y\u0259 r\u0259hb\u0259rlik etmi\u015f Noqtev, Eyxmans, \u0130van\u00e7enko, Senkevi\u00e7, Buxband v\u0259 Apeter qulluq etdikl\u0259ri rejim t\u0259r\u0259find\u0259n g\u00fcll\u0259l\u0259ndil\u0259r.<\/p>\n","protected":false},"excerpt":{"rendered":"<p>Bol\u015fevik i\u015f\u011fal\u0131ndan sonra h\u0259bs edil\u0259r\u0259k islah-\u0259m\u0259k d\u00fc\u015f\u0259rg\u0259l\u0259rin\u0259 g\u00f6nd\u0259ril\u0259n az\u0259rbaycanl\u0131lar\u0131n h\u0259yat\u0131 bar\u0259d\u0259 informasiya \u0259ld\u0259 etm\u0259k \u00e7ox m\u00fc\u015fk\u00fcl m\u0259s\u0259l\u0259dir<\/p>\n","protected":false},"author":11,"featured_media":79633,"comment_status":"closed","ping_status":"open","sticky":false,"template":"","format":"standard","meta":{"_acf_changed":false,"_sitemap_exclude":false,"_sitemap_priority":"","_sitemap_frequency":"","footnotes":""},"categories":[57],"tags":[],"class_list":["post-183262","post","type-post","status-publish","format-standard","has-post-thumbnail","hentry","category-menim-fikrimce","infinite-scroll-item","generate-columns","tablet-grid-50","mobile-grid-100","grid-parent","grid-33","no-featured-image-padding"],"acf":[],"yoast_head":"<!-- This site is optimized with the Yoast SEO plugin v27.5 - https:\/\/yoast.com\/product\/yoast-seo-wordpress\/ -->\n<title>Kond adas\u0131ndak\u0131 c\u0259h\u0259nn\u0259m - MEYDAN.TV<\/title>\n<meta name=\"robots\" content=\"index, follow, max-snippet:-1, max-image-preview:large, max-video-preview:-1\" \/>\n<link rel=\"canonical\" href=\"https:\/\/www.meydan.tv\/az\/article\/kond-adasindaki-cehennem\/\" \/>\n<meta property=\"og:locale\" content=\"az_AZ\" \/>\n<meta property=\"og:type\" content=\"article\" \/>\n<meta property=\"og:title\" content=\"Kond adas\u0131ndak\u0131 c\u0259h\u0259nn\u0259m - MEYDAN.TV\" \/>\n<meta property=\"og:description\" content=\"Bol\u015fevik i\u015f\u011fal\u0131ndan sonra h\u0259bs edil\u0259r\u0259k islah-\u0259m\u0259k d\u00fc\u015f\u0259rg\u0259l\u0259rin\u0259 g\u00f6nd\u0259ril\u0259n az\u0259rbaycanl\u0131lar\u0131n h\u0259yat\u0131 bar\u0259d\u0259 informasiya \u0259ld\u0259 etm\u0259k \u00e7ox m\u00fc\u015fk\u00fcl m\u0259s\u0259l\u0259dir\" \/>\n<meta property=\"og:url\" content=\"https:\/\/www.meydan.tv\/az\/article\/kond-adasindaki-cehennem\/\" \/>\n<meta property=\"og:site_name\" content=\"MEYDAN.TV\" \/>\n<meta property=\"article:published_time\" content=\"2017-03-17T17:44:32+00:00\" \/>\n<meta property=\"og:image\" content=\"https:\/\/www.meydan.tv\/wp-content\/uploads\/31027-1095x821.png\" \/>\n\t<meta property=\"og:image:width\" content=\"1095\" \/>\n\t<meta property=\"og:image:height\" content=\"821\" \/>\n\t<meta property=\"og:image:type\" content=\"image\/png\" \/>\n<meta name=\"author\" content=\"user-manager\" \/>\n<meta name=\"twitter:card\" content=\"summary_large_image\" \/>\n<script type=\"application\/ld+json\" class=\"yoast-schema-graph\">{\"@context\":\"https:\\\/\\\/schema.org\",\"@graph\":[{\"@type\":\"Article\",\"@id\":\"https:\\\/\\\/www.meydan.tv\\\/az\\\/article\\\/kond-adasindaki-cehennem\\\/#article\",\"isPartOf\":{\"@id\":\"https:\\\/\\\/www.meydan.tv\\\/az\\\/article\\\/kond-adasindaki-cehennem\\\/\"},\"author\":{\"name\":\"user-manager\",\"@id\":\"https:\\\/\\\/www.meydan.tv\\\/az\\\/#\\\/schema\\\/person\\\/10d11eccf6da3662cf5fdab9806ea91a\"},\"headline\":\"Kond adas\u0131ndak\u0131 c\u0259h\u0259nn\u0259m\",\"datePublished\":\"2017-03-17T17:44:32+00:00\",\"mainEntityOfPage\":{\"@id\":\"https:\\\/\\\/www.meydan.tv\\\/az\\\/article\\\/kond-adasindaki-cehennem\\\/\"},\"wordCount\":2049,\"publisher\":{\"@id\":\"https:\\\/\\\/www.meydan.tv\\\/az\\\/#organization\"},\"image\":{\"@id\":\"https:\\\/\\\/www.meydan.tv\\\/az\\\/article\\\/kond-adasindaki-cehennem\\\/#primaryimage\"},\"thumbnailUrl\":\"https:\\\/\\\/www.meydan.tv\\\/wp-content\\\/uploads\\\/31027.png\",\"articleSection\":[\"M\u0259nim Fikrimc\u0259\"],\"inLanguage\":\"az\"},{\"@type\":\"WebPage\",\"@id\":\"https:\\\/\\\/www.meydan.tv\\\/az\\\/article\\\/kond-adasindaki-cehennem\\\/\",\"url\":\"https:\\\/\\\/www.meydan.tv\\\/az\\\/article\\\/kond-adasindaki-cehennem\\\/\",\"name\":\"Kond adas\u0131ndak\u0131 c\u0259h\u0259nn\u0259m - MEYDAN.TV\",\"isPartOf\":{\"@id\":\"https:\\\/\\\/www.meydan.tv\\\/az\\\/#website\"},\"primaryImageOfPage\":{\"@id\":\"https:\\\/\\\/www.meydan.tv\\\/az\\\/article\\\/kond-adasindaki-cehennem\\\/#primaryimage\"},\"image\":{\"@id\":\"https:\\\/\\\/www.meydan.tv\\\/az\\\/article\\\/kond-adasindaki-cehennem\\\/#primaryimage\"},\"thumbnailUrl\":\"https:\\\/\\\/www.meydan.tv\\\/wp-content\\\/uploads\\\/31027.png\",\"datePublished\":\"2017-03-17T17:44:32+00:00\",\"breadcrumb\":{\"@id\":\"https:\\\/\\\/www.meydan.tv\\\/az\\\/article\\\/kond-adasindaki-cehennem\\\/#breadcrumb\"},\"inLanguage\":\"az\",\"potentialAction\":[{\"@type\":\"ReadAction\",\"target\":[\"https:\\\/\\\/www.meydan.tv\\\/az\\\/article\\\/kond-adasindaki-cehennem\\\/\"]}]},{\"@type\":\"ImageObject\",\"inLanguage\":\"az\",\"@id\":\"https:\\\/\\\/www.meydan.tv\\\/az\\\/article\\\/kond-adasindaki-cehennem\\\/#primaryimage\",\"url\":\"https:\\\/\\\/www.meydan.tv\\\/wp-content\\\/uploads\\\/31027.png\",\"contentUrl\":\"https:\\\/\\\/www.meydan.tv\\\/wp-content\\\/uploads\\\/31027.png\",\"width\":2732,\"height\":2048,\"caption\":\"Source:\"},{\"@type\":\"BreadcrumbList\",\"@id\":\"https:\\\/\\\/www.meydan.tv\\\/az\\\/article\\\/kond-adasindaki-cehennem\\\/#breadcrumb\",\"itemListElement\":[{\"@type\":\"ListItem\",\"position\":1,\"name\":\"Ana s\u0259hif\u0259\",\"item\":\"https:\\\/\\\/www.meydan.tv\\\/az\\\/\"},{\"@type\":\"ListItem\",\"position\":2,\"name\":\"M\u0259nim Fikrimc\u0259\",\"item\":\"https:\\\/\\\/www.meydan.tv\\\/az\\\/section\\\/menim-fikrimce\\\/\"},{\"@type\":\"ListItem\",\"position\":3,\"name\":\"Kond adas\u0131ndak\u0131 c\u0259h\u0259nn\u0259m\"}]},{\"@type\":\"WebSite\",\"@id\":\"https:\\\/\\\/www.meydan.tv\\\/az\\\/#website\",\"url\":\"https:\\\/\\\/www.meydan.tv\\\/az\\\/\",\"name\":\"MEYDAN.TV\",\"description\":\"Meydan TV Az\u0259rbaycan\u0131n media m\u0259kan\u0131ndak\u0131 alternativ s\u0259sidir\",\"publisher\":{\"@id\":\"https:\\\/\\\/www.meydan.tv\\\/az\\\/#organization\"},\"potentialAction\":[{\"@type\":\"SearchAction\",\"target\":{\"@type\":\"EntryPoint\",\"urlTemplate\":\"https:\\\/\\\/www.meydan.tv\\\/az\\\/?s={search_term_string}\"},\"query-input\":{\"@type\":\"PropertyValueSpecification\",\"valueRequired\":true,\"valueName\":\"search_term_string\"}}],\"inLanguage\":\"az\"},{\"@type\":\"Organization\",\"@id\":\"https:\\\/\\\/www.meydan.tv\\\/az\\\/#organization\",\"name\":\"Meydan TV\",\"url\":\"https:\\\/\\\/www.meydan.tv\\\/az\\\/\",\"logo\":{\"@type\":\"ImageObject\",\"inLanguage\":\"az\",\"@id\":\"https:\\\/\\\/www.meydan.tv\\\/az\\\/#\\\/schema\\\/logo\\\/image\\\/\",\"url\":\"https:\\\/\\\/www.meydan.tv\\\/wp-content\\\/uploads\\\/2021\\\/07\\\/meydan-logo.svg\",\"contentUrl\":\"https:\\\/\\\/www.meydan.tv\\\/wp-content\\\/uploads\\\/2021\\\/07\\\/meydan-logo.svg\",\"width\":195,\"height\":46,\"caption\":\"Meydan TV\"},\"image\":{\"@id\":\"https:\\\/\\\/www.meydan.tv\\\/az\\\/#\\\/schema\\\/logo\\\/image\\\/\"}},{\"@type\":\"Person\",\"@id\":\"https:\\\/\\\/www.meydan.tv\\\/az\\\/#\\\/schema\\\/person\\\/10d11eccf6da3662cf5fdab9806ea91a\",\"name\":\"user-manager\"}]}<\/script>\n<!-- \/ Yoast SEO plugin. -->","yoast_head_json":{"title":"Kond adas\u0131ndak\u0131 c\u0259h\u0259nn\u0259m - MEYDAN.TV","robots":{"index":"index","follow":"follow","max-snippet":"max-snippet:-1","max-image-preview":"max-image-preview:large","max-video-preview":"max-video-preview:-1"},"canonical":"https:\/\/www.meydan.tv\/az\/article\/kond-adasindaki-cehennem\/","og_locale":"az_AZ","og_type":"article","og_title":"Kond adas\u0131ndak\u0131 c\u0259h\u0259nn\u0259m - MEYDAN.TV","og_description":"Bol\u015fevik i\u015f\u011fal\u0131ndan sonra h\u0259bs edil\u0259r\u0259k islah-\u0259m\u0259k d\u00fc\u015f\u0259rg\u0259l\u0259rin\u0259 g\u00f6nd\u0259ril\u0259n az\u0259rbaycanl\u0131lar\u0131n h\u0259yat\u0131 bar\u0259d\u0259 informasiya \u0259ld\u0259 etm\u0259k \u00e7ox m\u00fc\u015fk\u00fcl m\u0259s\u0259l\u0259dir","og_url":"https:\/\/www.meydan.tv\/az\/article\/kond-adasindaki-cehennem\/","og_site_name":"MEYDAN.TV","article_published_time":"2017-03-17T17:44:32+00:00","og_image":[{"width":1095,"height":821,"url":"https:\/\/www.meydan.tv\/wp-content\/uploads\/31027-1095x821.png","type":"image\/png"}],"author":"user-manager","twitter_card":"summary_large_image","schema":{"@context":"https:\/\/schema.org","@graph":[{"@type":"Article","@id":"https:\/\/www.meydan.tv\/az\/article\/kond-adasindaki-cehennem\/#article","isPartOf":{"@id":"https:\/\/www.meydan.tv\/az\/article\/kond-adasindaki-cehennem\/"},"author":{"name":"user-manager","@id":"https:\/\/www.meydan.tv\/az\/#\/schema\/person\/10d11eccf6da3662cf5fdab9806ea91a"},"headline":"Kond adas\u0131ndak\u0131 c\u0259h\u0259nn\u0259m","datePublished":"2017-03-17T17:44:32+00:00","mainEntityOfPage":{"@id":"https:\/\/www.meydan.tv\/az\/article\/kond-adasindaki-cehennem\/"},"wordCount":2049,"publisher":{"@id":"https:\/\/www.meydan.tv\/az\/#organization"},"image":{"@id":"https:\/\/www.meydan.tv\/az\/article\/kond-adasindaki-cehennem\/#primaryimage"},"thumbnailUrl":"https:\/\/www.meydan.tv\/wp-content\/uploads\/31027.png","articleSection":["M\u0259nim Fikrimc\u0259"],"inLanguage":"az"},{"@type":"WebPage","@id":"https:\/\/www.meydan.tv\/az\/article\/kond-adasindaki-cehennem\/","url":"https:\/\/www.meydan.tv\/az\/article\/kond-adasindaki-cehennem\/","name":"Kond adas\u0131ndak\u0131 c\u0259h\u0259nn\u0259m - MEYDAN.TV","isPartOf":{"@id":"https:\/\/www.meydan.tv\/az\/#website"},"primaryImageOfPage":{"@id":"https:\/\/www.meydan.tv\/az\/article\/kond-adasindaki-cehennem\/#primaryimage"},"image":{"@id":"https:\/\/www.meydan.tv\/az\/article\/kond-adasindaki-cehennem\/#primaryimage"},"thumbnailUrl":"https:\/\/www.meydan.tv\/wp-content\/uploads\/31027.png","datePublished":"2017-03-17T17:44:32+00:00","breadcrumb":{"@id":"https:\/\/www.meydan.tv\/az\/article\/kond-adasindaki-cehennem\/#breadcrumb"},"inLanguage":"az","potentialAction":[{"@type":"ReadAction","target":["https:\/\/www.meydan.tv\/az\/article\/kond-adasindaki-cehennem\/"]}]},{"@type":"ImageObject","inLanguage":"az","@id":"https:\/\/www.meydan.tv\/az\/article\/kond-adasindaki-cehennem\/#primaryimage","url":"https:\/\/www.meydan.tv\/wp-content\/uploads\/31027.png","contentUrl":"https:\/\/www.meydan.tv\/wp-content\/uploads\/31027.png","width":2732,"height":2048,"caption":"Source:"},{"@type":"BreadcrumbList","@id":"https:\/\/www.meydan.tv\/az\/article\/kond-adasindaki-cehennem\/#breadcrumb","itemListElement":[{"@type":"ListItem","position":1,"name":"Ana s\u0259hif\u0259","item":"https:\/\/www.meydan.tv\/az\/"},{"@type":"ListItem","position":2,"name":"M\u0259nim Fikrimc\u0259","item":"https:\/\/www.meydan.tv\/az\/section\/menim-fikrimce\/"},{"@type":"ListItem","position":3,"name":"Kond adas\u0131ndak\u0131 c\u0259h\u0259nn\u0259m"}]},{"@type":"WebSite","@id":"https:\/\/www.meydan.tv\/az\/#website","url":"https:\/\/www.meydan.tv\/az\/","name":"MEYDAN.TV","description":"Meydan TV Az\u0259rbaycan\u0131n media m\u0259kan\u0131ndak\u0131 alternativ s\u0259sidir","publisher":{"@id":"https:\/\/www.meydan.tv\/az\/#organization"},"potentialAction":[{"@type":"SearchAction","target":{"@type":"EntryPoint","urlTemplate":"https:\/\/www.meydan.tv\/az\/?s={search_term_string}"},"query-input":{"@type":"PropertyValueSpecification","valueRequired":true,"valueName":"search_term_string"}}],"inLanguage":"az"},{"@type":"Organization","@id":"https:\/\/www.meydan.tv\/az\/#organization","name":"Meydan TV","url":"https:\/\/www.meydan.tv\/az\/","logo":{"@type":"ImageObject","inLanguage":"az","@id":"https:\/\/www.meydan.tv\/az\/#\/schema\/logo\/image\/","url":"https:\/\/www.meydan.tv\/wp-content\/uploads\/2021\/07\/meydan-logo.svg","contentUrl":"https:\/\/www.meydan.tv\/wp-content\/uploads\/2021\/07\/meydan-logo.svg","width":195,"height":46,"caption":"Meydan TV"},"image":{"@id":"https:\/\/www.meydan.tv\/az\/#\/schema\/logo\/image\/"}},{"@type":"Person","@id":"https:\/\/www.meydan.tv\/az\/#\/schema\/person\/10d11eccf6da3662cf5fdab9806ea91a","name":"user-manager"}]}},"_links":{"self":[{"href":"https:\/\/www.meydan.tv\/az\/wp-json\/wp\/v2\/posts\/183262","targetHints":{"allow":["GET"]}}],"collection":[{"href":"https:\/\/www.meydan.tv\/az\/wp-json\/wp\/v2\/posts"}],"about":[{"href":"https:\/\/www.meydan.tv\/az\/wp-json\/wp\/v2\/types\/post"}],"author":[{"embeddable":true,"href":"https:\/\/www.meydan.tv\/az\/wp-json\/wp\/v2\/users\/11"}],"replies":[{"embeddable":true,"href":"https:\/\/www.meydan.tv\/az\/wp-json\/wp\/v2\/comments?post=183262"}],"version-history":[{"count":0,"href":"https:\/\/www.meydan.tv\/az\/wp-json\/wp\/v2\/posts\/183262\/revisions"}],"wp:featuredmedia":[{"embeddable":true,"href":"https:\/\/www.meydan.tv\/az\/wp-json\/wp\/v2\/media\/79633"}],"wp:attachment":[{"href":"https:\/\/www.meydan.tv\/az\/wp-json\/wp\/v2\/media?parent=183262"}],"wp:term":[{"taxonomy":"category","embeddable":true,"href":"https:\/\/www.meydan.tv\/az\/wp-json\/wp\/v2\/categories?post=183262"},{"taxonomy":"post_tag","embeddable":true,"href":"https:\/\/www.meydan.tv\/az\/wp-json\/wp\/v2\/tags?post=183262"}],"curies":[{"name":"wp","href":"https:\/\/api.w.org\/{rel}","templated":true}]}}