{"id":183249,"date":"2017-03-17T12:39:16","date_gmt":"2017-03-17T12:39:16","guid":{"rendered":"https:\/\/www.meydan.tv\/article\/azerbaycanda-yuk-masinlarinin-istehsali-dayanib\/"},"modified":"2017-03-17T12:39:16","modified_gmt":"2017-03-17T12:39:16","slug":"azerbaycanda-yuk-masinlarinin-istehsali-dayanib","status":"publish","type":"post","link":"https:\/\/www.meydan.tv\/az\/article\/azerbaycanda-yuk-masinlarinin-istehsali-dayanib\/","title":{"rendered":"Az\u0259rbaycanda y\u00fck ma\u015f\u0131nlar\u0131n\u0131n istehsal\u0131 dayan\u0131b"},"content":{"rendered":"<figure class=\"wp-block-image size-large\">\n  <img decoding=\"async\" src=\"https:\/\/www.meydan.tv\/az\/81231\/\" alt=\"\" class=\"wp-image-81231\"\/><figcaption><\/figcaption><\/figure>\n<p>\n  <i><br \/>\n    Bu il avtomobil v\u0259 avadanl\u0131qlar\u0131n\u0131n istehsal\u0131 da azal\u0131b<br \/>\n  <\/i>\n<\/p>\n<p>\n  \u00d6t\u0259n ilin m\u00fcvafiq d\u00f6vr\u00fc il\u0259 m\u00fcqayis\u0259d\u0259 bu ilin yanvar-fevral aylar\u0131nda ma\u015f\u0131n v\u0259 avadanl\u0131qlar\u0131n istehsal\u0131 66,2 faiz azal\u0131b.\n<\/p>\n<p>\n  D\u00f6vl\u0259t Statistika Komit\u0259sind\u0259n \u201cAPA-Economics\u201d\u0259 veril\u0259n m\u0259lumata g\u00f6r\u0259, yanvar-fevral aylar\u0131 \u0259rzind\u0259 Az\u0259rbaycanda ma\u015f\u0131n v\u0259 avadanl\u0131qlar\u0131n, sair n\u0259qliyyat vasit\u0259l\u0259rinin, avtomobil, qo\u015fqu v\u0259 yar\u0131mqo\u015fqular\u0131n istehsal\u0131 sah\u0259l\u0259rind\u0259 19,4 mln. manatl\u0131q m\u0259hsul istehsal edilib. Komit\u0259 sair n\u0259qliyyat vasit\u0259l\u0259rinin istehsal\u0131nda 25,6 faiz art\u0131m oldu\u011funu qeyd edib. Ancaq konkret olaraq \u201csair n\u0259qliyyat vasit\u0259l\u0259ri\u201d dedikd\u0259 n\u0259 n\u0259z\u0259rd\u0259 tutuldu\u011fu a\u00e7\u0131qlanmay\u0131b.\n<\/p>\n<p>\n  H\u0259m\u00e7inin bu ilin mart ay\u0131n\u0131n 1-n\u0259 121 \u0259d\u0259d haz\u0131r minik avtomobili ehtiyat\u0131 yaran\u0131b. Bu ilin iki ay\u0131 \u0259rzind\u0259 \u00f6lk\u0259d\u0259 y\u00fck avtomobili istehsal\u0131 olmay\u0131b. Yaln\u0131z 370 \u0259d\u0259d x\u00fcsusi t\u0259yinatl\u0131 kommunal ma\u015f\u0131nlar\u0131 istehsal edilib. Bu da \u0259vv\u0259lki ilin 2 ay\u0131 il\u0259 m\u00fcqayis\u0259d\u0259 37 d\u0259f\u0259 \u00e7oxdur. N\u0259tic\u0259d\u0259 bu ilin mart\u0131n 1-n\u0259 204 \u0259d\u0259d haz\u0131r m\u0259hsul ehtiyat\u0131 yaran\u0131b. \u00a0Bu ilin ilk iki ay\u0131nda Az\u0259rbaycanda traktor istehsal edilm\u0259yib.<\/p>\n","protected":false},"excerpt":{"rendered":"<p>Bu il avtomobil v\u0259 avadanl\u0131qlar\u0131n\u0131n istehsal\u0131 da azal\u0131b<\/p>\n","protected":false},"author":11,"featured_media":81231,"comment_status":"closed","ping_status":"open","sticky":false,"template":"","format":"standard","meta":{"_acf_changed":false,"_sitemap_exclude":false,"_sitemap_priority":"","_sitemap_frequency":"","footnotes":""},"categories":[56],"tags":[],"class_list":["post-183249","post","type-post","status-publish","format-standard","has-post-thumbnail","hentry","category-xeberler","infinite-scroll-item","generate-columns","tablet-grid-50","mobile-grid-100","grid-parent","grid-33","no-featured-image-padding"],"acf":[],"yoast_head":"<!-- This site is optimized with the Yoast SEO plugin v27.4 - https:\/\/yoast.com\/product\/yoast-seo-wordpress\/ -->\n<title>Az\u0259rbaycanda y\u00fck ma\u015f\u0131nlar\u0131n\u0131n istehsal\u0131 dayan\u0131b - MEYDAN.TV<\/title>\n<meta name=\"robots\" content=\"index, follow, max-snippet:-1, max-image-preview:large, max-video-preview:-1\" \/>\n<link rel=\"canonical\" href=\"https:\/\/www.meydan.tv\/az\/article\/azerbaycanda-yuk-masinlarinin-istehsali-dayanib\/\" \/>\n<meta property=\"og:locale\" content=\"az_AZ\" \/>\n<meta property=\"og:type\" content=\"article\" \/>\n<meta property=\"og:title\" content=\"Az\u0259rbaycanda y\u00fck ma\u015f\u0131nlar\u0131n\u0131n istehsal\u0131 dayan\u0131b - MEYDAN.TV\" \/>\n<meta property=\"og:description\" content=\"Bu il avtomobil v\u0259 avadanl\u0131qlar\u0131n\u0131n istehsal\u0131 da azal\u0131b\" \/>\n<meta property=\"og:url\" content=\"https:\/\/www.meydan.tv\/az\/article\/azerbaycanda-yuk-masinlarinin-istehsali-dayanib\/\" \/>\n<meta property=\"og:site_name\" content=\"MEYDAN.TV\" \/>\n<meta property=\"article:published_time\" content=\"2017-03-17T12:39:16+00:00\" \/>\n<meta property=\"og:image\" content=\"https:\/\/www.meydan.tv\/wp-content\/uploads\/31741.jpg\" \/>\n\t<meta property=\"og:image:width\" content=\"750\" \/>\n\t<meta property=\"og:image:height\" content=\"500\" \/>\n\t<meta property=\"og:image:type\" content=\"image\/jpeg\" \/>\n<meta name=\"author\" content=\"user-manager\" \/>\n<meta name=\"twitter:card\" content=\"summary_large_image\" \/>\n<script type=\"application\/ld+json\" class=\"yoast-schema-graph\">{\"@context\":\"https:\\\/\\\/schema.org\",\"@graph\":[{\"@type\":\"Article\",\"@id\":\"https:\\\/\\\/www.meydan.tv\\\/az\\\/article\\\/azerbaycanda-yuk-masinlarinin-istehsali-dayanib\\\/#article\",\"isPartOf\":{\"@id\":\"https:\\\/\\\/www.meydan.tv\\\/az\\\/article\\\/azerbaycanda-yuk-masinlarinin-istehsali-dayanib\\\/\"},\"author\":{\"name\":\"user-manager\",\"@id\":\"https:\\\/\\\/www.meydan.tv\\\/az\\\/#\\\/schema\\\/person\\\/10d11eccf6da3662cf5fdab9806ea91a\"},\"headline\":\"Az\u0259rbaycanda y\u00fck ma\u015f\u0131nlar\u0131n\u0131n istehsal\u0131 dayan\u0131b\",\"datePublished\":\"2017-03-17T12:39:16+00:00\",\"mainEntityOfPage\":{\"@id\":\"https:\\\/\\\/www.meydan.tv\\\/az\\\/article\\\/azerbaycanda-yuk-masinlarinin-istehsali-dayanib\\\/\"},\"wordCount\":221,\"publisher\":{\"@id\":\"https:\\\/\\\/www.meydan.tv\\\/az\\\/#organization\"},\"image\":{\"@id\":\"https:\\\/\\\/www.meydan.tv\\\/az\\\/article\\\/azerbaycanda-yuk-masinlarinin-istehsali-dayanib\\\/#primaryimage\"},\"thumbnailUrl\":\"https:\\\/\\\/www.meydan.tv\\\/wp-content\\\/uploads\\\/31741.jpg\",\"articleSection\":[\"X\u0259b\u0259rl\u0259r\"],\"inLanguage\":\"az\"},{\"@type\":\"WebPage\",\"@id\":\"https:\\\/\\\/www.meydan.tv\\\/az\\\/article\\\/azerbaycanda-yuk-masinlarinin-istehsali-dayanib\\\/\",\"url\":\"https:\\\/\\\/www.meydan.tv\\\/az\\\/article\\\/azerbaycanda-yuk-masinlarinin-istehsali-dayanib\\\/\",\"name\":\"Az\u0259rbaycanda y\u00fck ma\u015f\u0131nlar\u0131n\u0131n istehsal\u0131 dayan\u0131b - MEYDAN.TV\",\"isPartOf\":{\"@id\":\"https:\\\/\\\/www.meydan.tv\\\/az\\\/#website\"},\"primaryImageOfPage\":{\"@id\":\"https:\\\/\\\/www.meydan.tv\\\/az\\\/article\\\/azerbaycanda-yuk-masinlarinin-istehsali-dayanib\\\/#primaryimage\"},\"image\":{\"@id\":\"https:\\\/\\\/www.meydan.tv\\\/az\\\/article\\\/azerbaycanda-yuk-masinlarinin-istehsali-dayanib\\\/#primaryimage\"},\"thumbnailUrl\":\"https:\\\/\\\/www.meydan.tv\\\/wp-content\\\/uploads\\\/31741.jpg\",\"datePublished\":\"2017-03-17T12:39:16+00:00\",\"breadcrumb\":{\"@id\":\"https:\\\/\\\/www.meydan.tv\\\/az\\\/article\\\/azerbaycanda-yuk-masinlarinin-istehsali-dayanib\\\/#breadcrumb\"},\"inLanguage\":\"az\",\"potentialAction\":[{\"@type\":\"ReadAction\",\"target\":[\"https:\\\/\\\/www.meydan.tv\\\/az\\\/article\\\/azerbaycanda-yuk-masinlarinin-istehsali-dayanib\\\/\"]}]},{\"@type\":\"ImageObject\",\"inLanguage\":\"az\",\"@id\":\"https:\\\/\\\/www.meydan.tv\\\/az\\\/article\\\/azerbaycanda-yuk-masinlarinin-istehsali-dayanib\\\/#primaryimage\",\"url\":\"https:\\\/\\\/www.meydan.tv\\\/wp-content\\\/uploads\\\/31741.jpg\",\"contentUrl\":\"https:\\\/\\\/www.meydan.tv\\\/wp-content\\\/uploads\\\/31741.jpg\",\"width\":750,\"height\":500,\"caption\":\"Source:\"},{\"@type\":\"BreadcrumbList\",\"@id\":\"https:\\\/\\\/www.meydan.tv\\\/az\\\/article\\\/azerbaycanda-yuk-masinlarinin-istehsali-dayanib\\\/#breadcrumb\",\"itemListElement\":[{\"@type\":\"ListItem\",\"position\":1,\"name\":\"Ana s\u0259hif\u0259\",\"item\":\"https:\\\/\\\/www.meydan.tv\\\/az\\\/\"},{\"@type\":\"ListItem\",\"position\":2,\"name\":\"X\u0259b\u0259rl\u0259r\",\"item\":\"https:\\\/\\\/www.meydan.tv\\\/az\\\/section\\\/xeberler\\\/\"},{\"@type\":\"ListItem\",\"position\":3,\"name\":\"Az\u0259rbaycanda y\u00fck ma\u015f\u0131nlar\u0131n\u0131n istehsal\u0131 dayan\u0131b\"}]},{\"@type\":\"WebSite\",\"@id\":\"https:\\\/\\\/www.meydan.tv\\\/az\\\/#website\",\"url\":\"https:\\\/\\\/www.meydan.tv\\\/az\\\/\",\"name\":\"MEYDAN.TV\",\"description\":\"Meydan TV Az\u0259rbaycan\u0131n media m\u0259kan\u0131ndak\u0131 alternativ s\u0259sidir\",\"publisher\":{\"@id\":\"https:\\\/\\\/www.meydan.tv\\\/az\\\/#organization\"},\"potentialAction\":[{\"@type\":\"SearchAction\",\"target\":{\"@type\":\"EntryPoint\",\"urlTemplate\":\"https:\\\/\\\/www.meydan.tv\\\/az\\\/?s={search_term_string}\"},\"query-input\":{\"@type\":\"PropertyValueSpecification\",\"valueRequired\":true,\"valueName\":\"search_term_string\"}}],\"inLanguage\":\"az\"},{\"@type\":\"Organization\",\"@id\":\"https:\\\/\\\/www.meydan.tv\\\/az\\\/#organization\",\"name\":\"Meydan TV\",\"url\":\"https:\\\/\\\/www.meydan.tv\\\/az\\\/\",\"logo\":{\"@type\":\"ImageObject\",\"inLanguage\":\"az\",\"@id\":\"https:\\\/\\\/www.meydan.tv\\\/az\\\/#\\\/schema\\\/logo\\\/image\\\/\",\"url\":\"https:\\\/\\\/www.meydan.tv\\\/wp-content\\\/uploads\\\/2021\\\/07\\\/meydan-logo.svg\",\"contentUrl\":\"https:\\\/\\\/www.meydan.tv\\\/wp-content\\\/uploads\\\/2021\\\/07\\\/meydan-logo.svg\",\"width\":195,\"height\":46,\"caption\":\"Meydan TV\"},\"image\":{\"@id\":\"https:\\\/\\\/www.meydan.tv\\\/az\\\/#\\\/schema\\\/logo\\\/image\\\/\"}},{\"@type\":\"Person\",\"@id\":\"https:\\\/\\\/www.meydan.tv\\\/az\\\/#\\\/schema\\\/person\\\/10d11eccf6da3662cf5fdab9806ea91a\",\"name\":\"user-manager\"}]}<\/script>\n<!-- \/ Yoast SEO plugin. -->","yoast_head_json":{"title":"Az\u0259rbaycanda y\u00fck ma\u015f\u0131nlar\u0131n\u0131n istehsal\u0131 dayan\u0131b - MEYDAN.TV","robots":{"index":"index","follow":"follow","max-snippet":"max-snippet:-1","max-image-preview":"max-image-preview:large","max-video-preview":"max-video-preview:-1"},"canonical":"https:\/\/www.meydan.tv\/az\/article\/azerbaycanda-yuk-masinlarinin-istehsali-dayanib\/","og_locale":"az_AZ","og_type":"article","og_title":"Az\u0259rbaycanda y\u00fck ma\u015f\u0131nlar\u0131n\u0131n istehsal\u0131 dayan\u0131b - MEYDAN.TV","og_description":"Bu il avtomobil v\u0259 avadanl\u0131qlar\u0131n\u0131n istehsal\u0131 da azal\u0131b","og_url":"https:\/\/www.meydan.tv\/az\/article\/azerbaycanda-yuk-masinlarinin-istehsali-dayanib\/","og_site_name":"MEYDAN.TV","article_published_time":"2017-03-17T12:39:16+00:00","og_image":[{"width":750,"height":500,"url":"https:\/\/www.meydan.tv\/wp-content\/uploads\/31741.jpg","type":"image\/jpeg"}],"author":"user-manager","twitter_card":"summary_large_image","schema":{"@context":"https:\/\/schema.org","@graph":[{"@type":"Article","@id":"https:\/\/www.meydan.tv\/az\/article\/azerbaycanda-yuk-masinlarinin-istehsali-dayanib\/#article","isPartOf":{"@id":"https:\/\/www.meydan.tv\/az\/article\/azerbaycanda-yuk-masinlarinin-istehsali-dayanib\/"},"author":{"name":"user-manager","@id":"https:\/\/www.meydan.tv\/az\/#\/schema\/person\/10d11eccf6da3662cf5fdab9806ea91a"},"headline":"Az\u0259rbaycanda y\u00fck ma\u015f\u0131nlar\u0131n\u0131n istehsal\u0131 dayan\u0131b","datePublished":"2017-03-17T12:39:16+00:00","mainEntityOfPage":{"@id":"https:\/\/www.meydan.tv\/az\/article\/azerbaycanda-yuk-masinlarinin-istehsali-dayanib\/"},"wordCount":221,"publisher":{"@id":"https:\/\/www.meydan.tv\/az\/#organization"},"image":{"@id":"https:\/\/www.meydan.tv\/az\/article\/azerbaycanda-yuk-masinlarinin-istehsali-dayanib\/#primaryimage"},"thumbnailUrl":"https:\/\/www.meydan.tv\/wp-content\/uploads\/31741.jpg","articleSection":["X\u0259b\u0259rl\u0259r"],"inLanguage":"az"},{"@type":"WebPage","@id":"https:\/\/www.meydan.tv\/az\/article\/azerbaycanda-yuk-masinlarinin-istehsali-dayanib\/","url":"https:\/\/www.meydan.tv\/az\/article\/azerbaycanda-yuk-masinlarinin-istehsali-dayanib\/","name":"Az\u0259rbaycanda y\u00fck ma\u015f\u0131nlar\u0131n\u0131n istehsal\u0131 dayan\u0131b - MEYDAN.TV","isPartOf":{"@id":"https:\/\/www.meydan.tv\/az\/#website"},"primaryImageOfPage":{"@id":"https:\/\/www.meydan.tv\/az\/article\/azerbaycanda-yuk-masinlarinin-istehsali-dayanib\/#primaryimage"},"image":{"@id":"https:\/\/www.meydan.tv\/az\/article\/azerbaycanda-yuk-masinlarinin-istehsali-dayanib\/#primaryimage"},"thumbnailUrl":"https:\/\/www.meydan.tv\/wp-content\/uploads\/31741.jpg","datePublished":"2017-03-17T12:39:16+00:00","breadcrumb":{"@id":"https:\/\/www.meydan.tv\/az\/article\/azerbaycanda-yuk-masinlarinin-istehsali-dayanib\/#breadcrumb"},"inLanguage":"az","potentialAction":[{"@type":"ReadAction","target":["https:\/\/www.meydan.tv\/az\/article\/azerbaycanda-yuk-masinlarinin-istehsali-dayanib\/"]}]},{"@type":"ImageObject","inLanguage":"az","@id":"https:\/\/www.meydan.tv\/az\/article\/azerbaycanda-yuk-masinlarinin-istehsali-dayanib\/#primaryimage","url":"https:\/\/www.meydan.tv\/wp-content\/uploads\/31741.jpg","contentUrl":"https:\/\/www.meydan.tv\/wp-content\/uploads\/31741.jpg","width":750,"height":500,"caption":"Source:"},{"@type":"BreadcrumbList","@id":"https:\/\/www.meydan.tv\/az\/article\/azerbaycanda-yuk-masinlarinin-istehsali-dayanib\/#breadcrumb","itemListElement":[{"@type":"ListItem","position":1,"name":"Ana s\u0259hif\u0259","item":"https:\/\/www.meydan.tv\/az\/"},{"@type":"ListItem","position":2,"name":"X\u0259b\u0259rl\u0259r","item":"https:\/\/www.meydan.tv\/az\/section\/xeberler\/"},{"@type":"ListItem","position":3,"name":"Az\u0259rbaycanda y\u00fck ma\u015f\u0131nlar\u0131n\u0131n istehsal\u0131 dayan\u0131b"}]},{"@type":"WebSite","@id":"https:\/\/www.meydan.tv\/az\/#website","url":"https:\/\/www.meydan.tv\/az\/","name":"MEYDAN.TV","description":"Meydan TV Az\u0259rbaycan\u0131n media m\u0259kan\u0131ndak\u0131 alternativ s\u0259sidir","publisher":{"@id":"https:\/\/www.meydan.tv\/az\/#organization"},"potentialAction":[{"@type":"SearchAction","target":{"@type":"EntryPoint","urlTemplate":"https:\/\/www.meydan.tv\/az\/?s={search_term_string}"},"query-input":{"@type":"PropertyValueSpecification","valueRequired":true,"valueName":"search_term_string"}}],"inLanguage":"az"},{"@type":"Organization","@id":"https:\/\/www.meydan.tv\/az\/#organization","name":"Meydan TV","url":"https:\/\/www.meydan.tv\/az\/","logo":{"@type":"ImageObject","inLanguage":"az","@id":"https:\/\/www.meydan.tv\/az\/#\/schema\/logo\/image\/","url":"https:\/\/www.meydan.tv\/wp-content\/uploads\/2021\/07\/meydan-logo.svg","contentUrl":"https:\/\/www.meydan.tv\/wp-content\/uploads\/2021\/07\/meydan-logo.svg","width":195,"height":46,"caption":"Meydan TV"},"image":{"@id":"https:\/\/www.meydan.tv\/az\/#\/schema\/logo\/image\/"}},{"@type":"Person","@id":"https:\/\/www.meydan.tv\/az\/#\/schema\/person\/10d11eccf6da3662cf5fdab9806ea91a","name":"user-manager"}]}},"_links":{"self":[{"href":"https:\/\/www.meydan.tv\/az\/wp-json\/wp\/v2\/posts\/183249","targetHints":{"allow":["GET"]}}],"collection":[{"href":"https:\/\/www.meydan.tv\/az\/wp-json\/wp\/v2\/posts"}],"about":[{"href":"https:\/\/www.meydan.tv\/az\/wp-json\/wp\/v2\/types\/post"}],"author":[{"embeddable":true,"href":"https:\/\/www.meydan.tv\/az\/wp-json\/wp\/v2\/users\/11"}],"replies":[{"embeddable":true,"href":"https:\/\/www.meydan.tv\/az\/wp-json\/wp\/v2\/comments?post=183249"}],"version-history":[{"count":0,"href":"https:\/\/www.meydan.tv\/az\/wp-json\/wp\/v2\/posts\/183249\/revisions"}],"wp:featuredmedia":[{"embeddable":true,"href":"https:\/\/www.meydan.tv\/az\/wp-json\/wp\/v2\/media\/81231"}],"wp:attachment":[{"href":"https:\/\/www.meydan.tv\/az\/wp-json\/wp\/v2\/media?parent=183249"}],"wp:term":[{"taxonomy":"category","embeddable":true,"href":"https:\/\/www.meydan.tv\/az\/wp-json\/wp\/v2\/categories?post=183249"},{"taxonomy":"post_tag","embeddable":true,"href":"https:\/\/www.meydan.tv\/az\/wp-json\/wp\/v2\/tags?post=183249"}],"curies":[{"name":"wp","href":"https:\/\/api.w.org\/{rel}","templated":true}]}}