{"id":183236,"date":"2017-03-16T18:30:05","date_gmt":"2017-03-16T18:30:05","guid":{"rendered":"https:\/\/www.meydan.tv\/article\/ireli-fransa-ve-ya-ucuncu-merhelenin-seferi\/"},"modified":"2017-03-16T18:30:05","modified_gmt":"2017-03-16T18:30:05","slug":"ireli-fransa-ve-ya-ucuncu-merhelenin-seferi","status":"publish","type":"post","link":"https:\/\/www.meydan.tv\/az\/article\/ireli-fransa-ve-ya-ucuncu-merhelenin-seferi\/","title":{"rendered":"\u0130r\u0259li, Fransa v\u0259 ya \u00dc\u00e7\u00fcnc\u00fc m\u0259rh\u0259l\u0259nin s\u0259f\u0259ri"},"content":{"rendered":"<figure class=\"wp-block-image size-large\">\n  <img decoding=\"async\" src=\"https:\/\/www.meydan.tv\/az\/81199\/\" alt=\"\" class=\"wp-image-81199\"\/><figcaption><\/figcaption><\/figure>\n<p>\n  <i><br \/>\n    Paris haz\u0131rki m\u0259rh\u0259l\u0259d\u0259, ilk n\u00f6vb\u0259d\u0259 m\u00fcnaqi\u015f\u0259 t\u0259r\u0259fl\u0259rinin v\u0259 vasit\u0259l\u0259rin g\u00fcz\u0259\u015ft\u0259 haz\u0131r olmamas\u0131 il\u0259 \u0259laq\u0259dar problemin h\u0259llini g\u00fccl\u0259ndirm\u0259y\u0259 haz\u0131r deyil<br \/>\n  <\/i>\n<\/p>\n<p>\n  Az\u0259rbaycan prezidenti \u0130lham \u018fliyevin Fransaya r\u0259smi s\u0259f\u0259rini \u0259lam\u0259tdar adland\u0131rmaq olar. Bunun \u00fc\u00e7\u00fcn xronoloji xarakterli \u0259saslar var, onlar t\u0259kc\u0259 s\u0259f\u0259rin \u00f6z\u00fcn\u00fcn mahiyy\u0259tin\u0259 deyil, SSR\u0130-nin da\u011f\u0131lmas\u0131ndan sonra Az\u0259rbaycan d\u00f6vl\u0259t\u00e7iliyinin qurulmas\u0131 tarixind\u0259 Fransan\u0131n b\u00fct\u00fcn roluna m\u00fc\u0259yy\u0259n d\u0259r\u0259c\u0259d\u0259 i\u015f\u0131q sal\u0131r.\n<\/p>\n<p>\n  Fransan\u0131 t\u0259kc\u0259 Az\u0259rbaycanda deyil, b\u00fct\u00fcn C\u0259nubi Qafqazda Avropa siyas\u0259tinin t\u0259msil\u00e7isi adland\u0131rmaq olar, bir s\u0131ra qlobal layih\u0259l\u0259rd\u0259 v\u0259 b\u00f6hranlarda, o c\u00fcml\u0259d\u0259n energetika, kommunikasiya, Qaraba\u011f m\u00fcnaqi\u015f\u0259si, Rusiyan\u0131n G\u00fcrc\u00fcstana qar\u015f\u0131 t\u0259cav\u00fcz\u00fcnd\u0259 bu, \u00f6z\u00fcn\u00fc \u0259yani \u015f\u0259kild\u0259 g\u00f6st\u0259rib.\n<\/p>\n<p>\n  Maraql\u0131d\u0131r ki, Parisin C\u0259nubi Qafqazda bu roluna qiym\u0259t ver\u0259n r\u0259smi Bak\u0131 diplomatik \u015f\u0259kild\u0259 \u00a0Avropa siyas\u0259tinin istiqam\u0259tini m\u00fc\u0259yy\u0259n ed\u0259rk\u0259n inki\u015faf\u0131n h\u0259r m\u0259rh\u0259l\u0259sind\u0259 siyasi dialoqun ba\u015flan\u011f\u0131c n\u00f6qt\u0259si kimi m\u0259hz Fransan\u0131 g\u00f6t\u00fcr\u00fcb. Prezident Heyd\u0259r \u018fliyev 1993-c\u00fc ilin iyununda hakimiyy\u0259t\u0259 g\u0259ldikd\u0259n sonra ilk xarici r\u0259smi s\u0259f\u0259rini el\u0259 h\u0259min ilin dekabr\u0131nda Fransaya edib. \u0130lham \u018fliyevin prezident kimi ilk xarici r\u0259smi s\u0259f\u0259ri 2004-c\u00fc ilin yanvar\u0131nda Fransaya olub. \u0130ndi h\u0259yat yolda\u015f\u0131n\u0131n real varisi kimi g\u00f6r\u00fcn\u0259n Mehriban \u018fliyeva da birinci vitse-prezident kimi ilk s\u0259f\u0259rini Fransaya edir. H\u0259m\u00e7inin qeyd etm\u0259k laz\u0131md\u0131r ki, onun vitse-prezident t\u0259yin edilm\u0259sind\u0259n \u0259vv\u0259l, fevral\u0131n 9-da Fransan\u0131n d\u00f6vl\u0259t islahatlar\u0131 v\u0259 sad\u0259l\u0259\u015fdirm\u0259 m\u0259s\u0259l\u0259l\u0259ri \u00fczr\u0259 d\u00f6vl\u0259t katibi Jan-Vensan Plyasenin Bak\u0131ya s\u0259f\u0259ri ba\u015f tutmu\u015fdu.\n<\/p>\n<p>\n  Bu m\u0259rh\u0259l\u0259d\u0259 t\u0259r\u0259fl\u0259r t\u0259dric\u0259n, amma ard\u0131c\u0131l olaraq Az\u0259rbaycan\u0131n b\u00fct\u00fcn d\u00f6vl\u0259t qurulu\u015flar\u0131na n\u00fcfuz ed\u0259n v\u0259 h\u0259l\u0259lik m\u0259i\u015f\u0259t s\u0259viyy\u0259sind\u0259 korrupsiyaya qar\u015f\u0131 \u0259sas m\u00fcbariz\u0259 al\u0259tin\u0259 \u00e7evril\u0259n s\u0259n\u0259dl\u0259rin sad\u0259l\u0259\u015fdirilmi\u015f qaydada \u0259ld\u0259 olunmas\u0131 \u00fczr\u0259 ASAN xidm\u0259tin f\u0259aliyy\u0259tinin g\u00fccl\u0259ndirilm\u0259sin\u0259 v\u0259 geni\u015fl\u0259ndirilm\u0259sin\u0259 x\u00fcsusi diqq\u0259t yetirir. T\u0259sad\u00fcfi deyil ki, s\u0259f\u0259r zaman\u0131 ASAN D\u00f6vl\u0259t Agentliyi v\u0259 Fransa Ba\u015f Naziri yan\u0131nda D\u00f6vl\u0259t \u0130slahatlar\u0131 \u00fczr\u0259 Katiblik aras\u0131nda Qar\u015f\u0131l\u0131ql\u0131 Anla\u015fma Memorandumu; Az\u0259rbaycan N\u0259qliyyat, Rabit\u0259 v\u0259 Y\u00fcks\u0259k Texnologiyalar Nazirlyi v\u0259 Fransan\u0131n \u0130qtisadiyyat, S\u0259naye v\u0259 R\u0259q\u0259msal Texnologiyalar Nazirliyi aras\u0131nda; Az\u0259rbaycan D\u00f6vl\u0259t \u015e\u0259h\u0259rsalma Komit\u0259si il\u0259 Fransan\u0131n M\u0259nzil v\u0259 Sabit \u0130nki\u015faf Nazirliyi aras\u0131nda \u0259m\u0259kda\u015fl\u0131q haqq\u0131nda memorandumlar imzalan\u0131b v\u0259 onlar\u0131n h\u0259yata ke\u00e7irilm\u0259sin\u0259 \u018fliyeva n\u0259zar\u0259t ed\u0259c\u0259k.\n<\/p>\n<p>\n  Burada onu da qeyd etm\u0259k laz\u0131md\u0131r ki, Az\u0259rbaycan-Fransa m\u00fcnasib\u0259tl\u0259ri \u0259vv\u0259lc\u0259d\u0259n Avropa t\u0259\u015f\u0259bb\u00fcsl\u0259rin\u0259 \u0259saslan\u0131rd\u0131. M\u0259s\u0259l\u0259n, AT\u018f\u015e-in (haz\u0131rda AT\u018fT) \u0259sas m\u00fcqavil\u0259l\u0259rind\u0259n Bbiri olan v\u0259 \u015e\u0259rqi Avropan\u0131n sosialist \u00f6lk\u0259l\u0259rinin v\u0259 ke\u00e7mi\u015f sovet respublikalar\u0131n\u0131n demokratiya bazar iqtisadiyyat\u0131na ke\u00e7idini n\u0259z\u0259rd\u0259 tutan &#8220;Paris xartiyas\u0131&#8221;. Haz\u0131rda f\u0259aliyy\u0259t g\u00f6st\u0259r\u0259n n\u00f6vb\u0259ti t\u0259\u015f\u0259bb\u00fcs \u015e\u0259rq T\u0259r\u0259fda\u015fl\u0131\u011f\u0131 Proqram\u0131 postsovet \u00f6lk\u0259l\u0259rinin Avropaya daha d\u0259rin inteqrasiyas\u0131 m\u0259rh\u0259l\u0259sini a\u00e7\u0131r. G\u00f6r\u00fc\u015fd\u0259 bu m\u0259s\u0259l\u0259y\u0259 x\u00fcsusi diqq\u0259t yetirilib v\u0259 Paris \u018fliyevd\u0259n bu ilin noyabr\u0131nda strateji t\u0259r\u0259fda\u015fl\u0131q haqq\u0131nda sazi\u015fi imzalama\u011fa haz\u0131r oldu\u011fu bar\u0259d\u0259 n\u00f6vb\u0259ti v\u0259dl\u0259ri al\u0131b.\n<\/p>\n<p>\n  \u00d6z n\u00f6vb\u0259sind\u0259, \u018fliyev Avropan\u0131n t\u0259hl\u00fck\u0259sizliyi sistemind\u0259 Fransan\u0131n m\u00fch\u00fcm rolunu v\u0259 onun AT\u018fT-in Minsk Qrupunun h\u0259ms\u0259dri kimi Qaraba\u011f m\u00fcnaqi\u015f\u0259sinin h\u0259llind\u0259 bilavasit\u0259 i\u015ftirak\u0131n\u0131 n\u0259z\u0259r\u0259 alaraq, Qaraba\u011f m\u0259s\u0259l\u0259sind\u0259 Parisin d\u0259st\u0259yini qazanma\u011fa \u00e7al\u0131\u015f\u0131b.\n<\/p>\n<p>\n  \u018fliyevin iki \u00e7\u0131x\u0131\u015f\u0131ndan: Yelisey Saray\u0131nda \u015fam yem\u0259yind\u0259 v\u0259 prezidentl\u0259rin g\u00f6r\u00fc\u015f\u00fcn yekunlar\u0131na h\u0259sr olunmu\u015f birg\u0259 m\u0259tbuat konfrans\u0131nda a\u00e7\u0131qlamalar\u0131ndan \u00a0g\u00f6r\u00fcn\u00fcrd\u00fc ki, o, israrla Paris\u0259 Avropa t\u0259hl\u00fck\u0259sizlik prinsipl\u0259rin\u0259 riay\u0259t olunmas\u0131 z\u0259rur\u0259tini, o c\u00fcml\u0259d\u0259n s\u0259rh\u0259dl\u0259rin pozulmas\u0131n\u0131n yolverilm\u0259z oldu\u011funu, m\u0259s\u0259l\u0259nin humanitar t\u0259r\u0259fini xat\u0131rlad\u0131rd\u0131. Prezident Olland\u0131n s\u00f6zl\u0259rind\u0259n ayd\u0131n olurdu ki, Paris haz\u0131rki m\u0259rh\u0259l\u0259d\u0259, ilk n\u00f6vb\u0259d\u0259 m\u00fcnaqi\u015f\u0259 t\u0259r\u0259fl\u0259rinin v\u0259 vasit\u0259l\u0259rin g\u00fcz\u0259\u015ft\u0259 haz\u0131r olmamas\u0131 il\u0259 \u0259laq\u0259dar problemin h\u0259llini g\u00fccl\u0259ndirm\u0259y\u0259 haz\u0131r deyil.\n<\/p>\n<p>\n  \u018fliyevin n\u00f6qteyi-n\u0259z\u0259rind\u0259n onun demokratiya v\u0259 v\u0259t\u0259nda\u015f azadl\u0131qlar\u0131 m\u00f6vzusuna m\u0259h\u0259l qoymamas\u0131n\u0131 ba\u015fa d\u00fc\u015fm\u0259k olard\u0131sa, Olland\u0131n Az\u0259rbaycan \u00fc\u00e7\u00fcn aktual olan insan h\u00fcquqlar\u0131 m\u00f6vzusunu unutmas\u0131n\u0131 \u00f6z\u00fcn\u00fc Avropa demokratiyas\u0131n\u0131n be\u015fiyi kimi t\u0259qdim ed\u0259n d\u00f6vl\u0259tin ba\u015f\u00e7\u0131s\u0131na yara\u015fm\u0131rd\u0131. Fransa prezidenti t\u0259kc\u0259 salamlama nitqinin sonunda &#8220;insan h\u00fcquqlar\u0131 sah\u0259sind\u0259 m\u00fcbadil\u0259&#8221; z\u0259rur\u0259tini qeyd edib, amma bu ifad\u0259d\u0259n kimin kiminl\u0259 v\u0259 ya kimin n\u0259 il\u0259 m\u00fcbadil\u0259 ed\u0259c\u0259yi ayd\u0131n deyildi.\n<\/p>\n<p>\n  B\u0259lk\u0259 d\u0259 bunun s\u0259b\u0259bi yuxar\u0131da s\u00f6z\u00fcged\u0259n m\u0259qs\u0259d v\u0259 v\u0259zif\u0259l\u0259rin h\u0259yata ke\u00e7irildiyi d\u00f6vrd\u0259 Az\u0259rbaycanda v\u0259 regionda sabitliyi qoruyub saxlamaq ist\u0259y\u0259n Parisin maraqlar\u0131ndan ir\u0259li g\u0259lir. Olland\u0131n masa arxas\u0131ndak\u0131 nitqind\u0259 is\u0259 son olaraq &#8220;regionun t\u0259hl\u00fck\u0259siz v\u0259 sabit g\u0259l\u0259c\u0259yi namin\u0259 birlikd\u0259 i\u015fl\u0259m\u0259k&#8221; t\u0259klifi s\u0259sl\u0259nib. Beyn\u0259lxalq terror\u00e7ulu\u011fa qar\u015f\u0131 m\u00fcbariz\u0259 \u00e7a\u011f\u0131r\u0131\u015f\u0131 il\u0259 g\u00fccl\u0259ndiril\u0259n bu m\u00f6vzu, \u00e7ox g\u00fcman ki, yax\u0131n g\u0259l\u0259c\u0259kd\u0259 ikit\u0259r\u0259fli m\u00fcnasib\u0259tl\u0259rin istiqam\u0259tini m\u00fc\u0259yy\u0259n ed\u0259c\u0259k.<\/p>\n","protected":false},"excerpt":{"rendered":"<p>Paris haz\u0131rki m\u0259rh\u0259l\u0259d\u0259, ilk n\u00f6vb\u0259d\u0259 m\u00fcnaqi\u015f\u0259 t\u0259r\u0259fl\u0259rinin v\u0259 vasit\u0259l\u0259rin g\u00fcz\u0259\u015ft\u0259 haz\u0131r olmamas\u0131 il\u0259 \u0259laq\u0259dar problemin h\u0259llini g\u00fccl\u0259ndirm\u0259y\u0259 haz\u0131r deyil<\/p>\n","protected":false},"author":11,"featured_media":81199,"comment_status":"closed","ping_status":"open","sticky":false,"template":"","format":"standard","meta":{"_acf_changed":false,"_sitemap_exclude":false,"_sitemap_priority":"","_sitemap_frequency":"","footnotes":""},"categories":[51],"tags":[],"class_list":["post-183236","post","type-post","status-publish","format-standard","has-post-thumbnail","hentry","category-analitika","infinite-scroll-item","generate-columns","tablet-grid-50","mobile-grid-100","grid-parent","grid-33","no-featured-image-padding"],"acf":[],"yoast_head":"<!-- This site is optimized with the Yoast SEO plugin v27.4 - https:\/\/yoast.com\/product\/yoast-seo-wordpress\/ -->\n<title>\u0130r\u0259li, Fransa v\u0259 ya \u00dc\u00e7\u00fcnc\u00fc m\u0259rh\u0259l\u0259nin s\u0259f\u0259ri - MEYDAN.TV<\/title>\n<meta name=\"robots\" content=\"index, follow, max-snippet:-1, max-image-preview:large, max-video-preview:-1\" \/>\n<link rel=\"canonical\" href=\"https:\/\/www.meydan.tv\/az\/article\/ireli-fransa-ve-ya-ucuncu-merhelenin-seferi\/\" \/>\n<meta property=\"og:locale\" content=\"az_AZ\" \/>\n<meta property=\"og:type\" content=\"article\" \/>\n<meta property=\"og:title\" content=\"\u0130r\u0259li, Fransa v\u0259 ya \u00dc\u00e7\u00fcnc\u00fc m\u0259rh\u0259l\u0259nin s\u0259f\u0259ri - MEYDAN.TV\" \/>\n<meta property=\"og:description\" content=\"Paris haz\u0131rki m\u0259rh\u0259l\u0259d\u0259, ilk n\u00f6vb\u0259d\u0259 m\u00fcnaqi\u015f\u0259 t\u0259r\u0259fl\u0259rinin v\u0259 vasit\u0259l\u0259rin g\u00fcz\u0259\u015ft\u0259 haz\u0131r olmamas\u0131 il\u0259 \u0259laq\u0259dar problemin h\u0259llini g\u00fccl\u0259ndirm\u0259y\u0259 haz\u0131r deyil\" \/>\n<meta property=\"og:url\" content=\"https:\/\/www.meydan.tv\/az\/article\/ireli-fransa-ve-ya-ucuncu-merhelenin-seferi\/\" \/>\n<meta property=\"og:site_name\" content=\"MEYDAN.TV\" \/>\n<meta property=\"article:published_time\" content=\"2017-03-16T18:30:05+00:00\" \/>\n<meta property=\"og:image\" content=\"https:\/\/www.meydan.tv\/wp-content\/uploads\/31728.jpg\" \/>\n\t<meta property=\"og:image:width\" content=\"982\" \/>\n\t<meta property=\"og:image:height\" content=\"669\" \/>\n\t<meta property=\"og:image:type\" content=\"image\/jpeg\" \/>\n<meta name=\"author\" content=\"user-manager\" \/>\n<meta name=\"twitter:card\" content=\"summary_large_image\" \/>\n<script type=\"application\/ld+json\" class=\"yoast-schema-graph\">{\"@context\":\"https:\\\/\\\/schema.org\",\"@graph\":[{\"@type\":\"Article\",\"@id\":\"https:\\\/\\\/www.meydan.tv\\\/az\\\/article\\\/ireli-fransa-ve-ya-ucuncu-merhelenin-seferi\\\/#article\",\"isPartOf\":{\"@id\":\"https:\\\/\\\/www.meydan.tv\\\/az\\\/article\\\/ireli-fransa-ve-ya-ucuncu-merhelenin-seferi\\\/\"},\"author\":{\"name\":\"user-manager\",\"@id\":\"https:\\\/\\\/www.meydan.tv\\\/az\\\/#\\\/schema\\\/person\\\/10d11eccf6da3662cf5fdab9806ea91a\"},\"headline\":\"\u0130r\u0259li, Fransa v\u0259 ya \u00dc\u00e7\u00fcnc\u00fc m\u0259rh\u0259l\u0259nin s\u0259f\u0259ri\",\"datePublished\":\"2017-03-16T18:30:05+00:00\",\"mainEntityOfPage\":{\"@id\":\"https:\\\/\\\/www.meydan.tv\\\/az\\\/article\\\/ireli-fransa-ve-ya-ucuncu-merhelenin-seferi\\\/\"},\"wordCount\":1101,\"publisher\":{\"@id\":\"https:\\\/\\\/www.meydan.tv\\\/az\\\/#organization\"},\"image\":{\"@id\":\"https:\\\/\\\/www.meydan.tv\\\/az\\\/article\\\/ireli-fransa-ve-ya-ucuncu-merhelenin-seferi\\\/#primaryimage\"},\"thumbnailUrl\":\"https:\\\/\\\/www.meydan.tv\\\/wp-content\\\/uploads\\\/31728.jpg\",\"articleSection\":[\"Analitika\"],\"inLanguage\":\"az\"},{\"@type\":\"WebPage\",\"@id\":\"https:\\\/\\\/www.meydan.tv\\\/az\\\/article\\\/ireli-fransa-ve-ya-ucuncu-merhelenin-seferi\\\/\",\"url\":\"https:\\\/\\\/www.meydan.tv\\\/az\\\/article\\\/ireli-fransa-ve-ya-ucuncu-merhelenin-seferi\\\/\",\"name\":\"\u0130r\u0259li, Fransa v\u0259 ya \u00dc\u00e7\u00fcnc\u00fc m\u0259rh\u0259l\u0259nin s\u0259f\u0259ri - MEYDAN.TV\",\"isPartOf\":{\"@id\":\"https:\\\/\\\/www.meydan.tv\\\/az\\\/#website\"},\"primaryImageOfPage\":{\"@id\":\"https:\\\/\\\/www.meydan.tv\\\/az\\\/article\\\/ireli-fransa-ve-ya-ucuncu-merhelenin-seferi\\\/#primaryimage\"},\"image\":{\"@id\":\"https:\\\/\\\/www.meydan.tv\\\/az\\\/article\\\/ireli-fransa-ve-ya-ucuncu-merhelenin-seferi\\\/#primaryimage\"},\"thumbnailUrl\":\"https:\\\/\\\/www.meydan.tv\\\/wp-content\\\/uploads\\\/31728.jpg\",\"datePublished\":\"2017-03-16T18:30:05+00:00\",\"breadcrumb\":{\"@id\":\"https:\\\/\\\/www.meydan.tv\\\/az\\\/article\\\/ireli-fransa-ve-ya-ucuncu-merhelenin-seferi\\\/#breadcrumb\"},\"inLanguage\":\"az\",\"potentialAction\":[{\"@type\":\"ReadAction\",\"target\":[\"https:\\\/\\\/www.meydan.tv\\\/az\\\/article\\\/ireli-fransa-ve-ya-ucuncu-merhelenin-seferi\\\/\"]}]},{\"@type\":\"ImageObject\",\"inLanguage\":\"az\",\"@id\":\"https:\\\/\\\/www.meydan.tv\\\/az\\\/article\\\/ireli-fransa-ve-ya-ucuncu-merhelenin-seferi\\\/#primaryimage\",\"url\":\"https:\\\/\\\/www.meydan.tv\\\/wp-content\\\/uploads\\\/31728.jpg\",\"contentUrl\":\"https:\\\/\\\/www.meydan.tv\\\/wp-content\\\/uploads\\\/31728.jpg\",\"width\":982,\"height\":669,\"caption\":\"Source:\"},{\"@type\":\"BreadcrumbList\",\"@id\":\"https:\\\/\\\/www.meydan.tv\\\/az\\\/article\\\/ireli-fransa-ve-ya-ucuncu-merhelenin-seferi\\\/#breadcrumb\",\"itemListElement\":[{\"@type\":\"ListItem\",\"position\":1,\"name\":\"Ana s\u0259hif\u0259\",\"item\":\"https:\\\/\\\/www.meydan.tv\\\/az\\\/\"},{\"@type\":\"ListItem\",\"position\":2,\"name\":\"Analitika\",\"item\":\"https:\\\/\\\/www.meydan.tv\\\/az\\\/section\\\/analitika\\\/\"},{\"@type\":\"ListItem\",\"position\":3,\"name\":\"\u0130r\u0259li, Fransa v\u0259 ya \u00dc\u00e7\u00fcnc\u00fc m\u0259rh\u0259l\u0259nin s\u0259f\u0259ri\"}]},{\"@type\":\"WebSite\",\"@id\":\"https:\\\/\\\/www.meydan.tv\\\/az\\\/#website\",\"url\":\"https:\\\/\\\/www.meydan.tv\\\/az\\\/\",\"name\":\"MEYDAN.TV\",\"description\":\"Meydan TV Az\u0259rbaycan\u0131n media m\u0259kan\u0131ndak\u0131 alternativ s\u0259sidir\",\"publisher\":{\"@id\":\"https:\\\/\\\/www.meydan.tv\\\/az\\\/#organization\"},\"potentialAction\":[{\"@type\":\"SearchAction\",\"target\":{\"@type\":\"EntryPoint\",\"urlTemplate\":\"https:\\\/\\\/www.meydan.tv\\\/az\\\/?s={search_term_string}\"},\"query-input\":{\"@type\":\"PropertyValueSpecification\",\"valueRequired\":true,\"valueName\":\"search_term_string\"}}],\"inLanguage\":\"az\"},{\"@type\":\"Organization\",\"@id\":\"https:\\\/\\\/www.meydan.tv\\\/az\\\/#organization\",\"name\":\"Meydan TV\",\"url\":\"https:\\\/\\\/www.meydan.tv\\\/az\\\/\",\"logo\":{\"@type\":\"ImageObject\",\"inLanguage\":\"az\",\"@id\":\"https:\\\/\\\/www.meydan.tv\\\/az\\\/#\\\/schema\\\/logo\\\/image\\\/\",\"url\":\"https:\\\/\\\/www.meydan.tv\\\/wp-content\\\/uploads\\\/2021\\\/07\\\/meydan-logo.svg\",\"contentUrl\":\"https:\\\/\\\/www.meydan.tv\\\/wp-content\\\/uploads\\\/2021\\\/07\\\/meydan-logo.svg\",\"width\":195,\"height\":46,\"caption\":\"Meydan TV\"},\"image\":{\"@id\":\"https:\\\/\\\/www.meydan.tv\\\/az\\\/#\\\/schema\\\/logo\\\/image\\\/\"}},{\"@type\":\"Person\",\"@id\":\"https:\\\/\\\/www.meydan.tv\\\/az\\\/#\\\/schema\\\/person\\\/10d11eccf6da3662cf5fdab9806ea91a\",\"name\":\"user-manager\"}]}<\/script>\n<!-- \/ Yoast SEO plugin. -->","yoast_head_json":{"title":"\u0130r\u0259li, Fransa v\u0259 ya \u00dc\u00e7\u00fcnc\u00fc m\u0259rh\u0259l\u0259nin s\u0259f\u0259ri - MEYDAN.TV","robots":{"index":"index","follow":"follow","max-snippet":"max-snippet:-1","max-image-preview":"max-image-preview:large","max-video-preview":"max-video-preview:-1"},"canonical":"https:\/\/www.meydan.tv\/az\/article\/ireli-fransa-ve-ya-ucuncu-merhelenin-seferi\/","og_locale":"az_AZ","og_type":"article","og_title":"\u0130r\u0259li, Fransa v\u0259 ya \u00dc\u00e7\u00fcnc\u00fc m\u0259rh\u0259l\u0259nin s\u0259f\u0259ri - MEYDAN.TV","og_description":"Paris haz\u0131rki m\u0259rh\u0259l\u0259d\u0259, ilk n\u00f6vb\u0259d\u0259 m\u00fcnaqi\u015f\u0259 t\u0259r\u0259fl\u0259rinin v\u0259 vasit\u0259l\u0259rin g\u00fcz\u0259\u015ft\u0259 haz\u0131r olmamas\u0131 il\u0259 \u0259laq\u0259dar problemin h\u0259llini g\u00fccl\u0259ndirm\u0259y\u0259 haz\u0131r deyil","og_url":"https:\/\/www.meydan.tv\/az\/article\/ireli-fransa-ve-ya-ucuncu-merhelenin-seferi\/","og_site_name":"MEYDAN.TV","article_published_time":"2017-03-16T18:30:05+00:00","og_image":[{"width":982,"height":669,"url":"https:\/\/www.meydan.tv\/wp-content\/uploads\/31728.jpg","type":"image\/jpeg"}],"author":"user-manager","twitter_card":"summary_large_image","schema":{"@context":"https:\/\/schema.org","@graph":[{"@type":"Article","@id":"https:\/\/www.meydan.tv\/az\/article\/ireli-fransa-ve-ya-ucuncu-merhelenin-seferi\/#article","isPartOf":{"@id":"https:\/\/www.meydan.tv\/az\/article\/ireli-fransa-ve-ya-ucuncu-merhelenin-seferi\/"},"author":{"name":"user-manager","@id":"https:\/\/www.meydan.tv\/az\/#\/schema\/person\/10d11eccf6da3662cf5fdab9806ea91a"},"headline":"\u0130r\u0259li, Fransa v\u0259 ya \u00dc\u00e7\u00fcnc\u00fc m\u0259rh\u0259l\u0259nin s\u0259f\u0259ri","datePublished":"2017-03-16T18:30:05+00:00","mainEntityOfPage":{"@id":"https:\/\/www.meydan.tv\/az\/article\/ireli-fransa-ve-ya-ucuncu-merhelenin-seferi\/"},"wordCount":1101,"publisher":{"@id":"https:\/\/www.meydan.tv\/az\/#organization"},"image":{"@id":"https:\/\/www.meydan.tv\/az\/article\/ireli-fransa-ve-ya-ucuncu-merhelenin-seferi\/#primaryimage"},"thumbnailUrl":"https:\/\/www.meydan.tv\/wp-content\/uploads\/31728.jpg","articleSection":["Analitika"],"inLanguage":"az"},{"@type":"WebPage","@id":"https:\/\/www.meydan.tv\/az\/article\/ireli-fransa-ve-ya-ucuncu-merhelenin-seferi\/","url":"https:\/\/www.meydan.tv\/az\/article\/ireli-fransa-ve-ya-ucuncu-merhelenin-seferi\/","name":"\u0130r\u0259li, Fransa v\u0259 ya \u00dc\u00e7\u00fcnc\u00fc m\u0259rh\u0259l\u0259nin s\u0259f\u0259ri - MEYDAN.TV","isPartOf":{"@id":"https:\/\/www.meydan.tv\/az\/#website"},"primaryImageOfPage":{"@id":"https:\/\/www.meydan.tv\/az\/article\/ireli-fransa-ve-ya-ucuncu-merhelenin-seferi\/#primaryimage"},"image":{"@id":"https:\/\/www.meydan.tv\/az\/article\/ireli-fransa-ve-ya-ucuncu-merhelenin-seferi\/#primaryimage"},"thumbnailUrl":"https:\/\/www.meydan.tv\/wp-content\/uploads\/31728.jpg","datePublished":"2017-03-16T18:30:05+00:00","breadcrumb":{"@id":"https:\/\/www.meydan.tv\/az\/article\/ireli-fransa-ve-ya-ucuncu-merhelenin-seferi\/#breadcrumb"},"inLanguage":"az","potentialAction":[{"@type":"ReadAction","target":["https:\/\/www.meydan.tv\/az\/article\/ireli-fransa-ve-ya-ucuncu-merhelenin-seferi\/"]}]},{"@type":"ImageObject","inLanguage":"az","@id":"https:\/\/www.meydan.tv\/az\/article\/ireli-fransa-ve-ya-ucuncu-merhelenin-seferi\/#primaryimage","url":"https:\/\/www.meydan.tv\/wp-content\/uploads\/31728.jpg","contentUrl":"https:\/\/www.meydan.tv\/wp-content\/uploads\/31728.jpg","width":982,"height":669,"caption":"Source:"},{"@type":"BreadcrumbList","@id":"https:\/\/www.meydan.tv\/az\/article\/ireli-fransa-ve-ya-ucuncu-merhelenin-seferi\/#breadcrumb","itemListElement":[{"@type":"ListItem","position":1,"name":"Ana s\u0259hif\u0259","item":"https:\/\/www.meydan.tv\/az\/"},{"@type":"ListItem","position":2,"name":"Analitika","item":"https:\/\/www.meydan.tv\/az\/section\/analitika\/"},{"@type":"ListItem","position":3,"name":"\u0130r\u0259li, Fransa v\u0259 ya \u00dc\u00e7\u00fcnc\u00fc m\u0259rh\u0259l\u0259nin s\u0259f\u0259ri"}]},{"@type":"WebSite","@id":"https:\/\/www.meydan.tv\/az\/#website","url":"https:\/\/www.meydan.tv\/az\/","name":"MEYDAN.TV","description":"Meydan TV Az\u0259rbaycan\u0131n media m\u0259kan\u0131ndak\u0131 alternativ s\u0259sidir","publisher":{"@id":"https:\/\/www.meydan.tv\/az\/#organization"},"potentialAction":[{"@type":"SearchAction","target":{"@type":"EntryPoint","urlTemplate":"https:\/\/www.meydan.tv\/az\/?s={search_term_string}"},"query-input":{"@type":"PropertyValueSpecification","valueRequired":true,"valueName":"search_term_string"}}],"inLanguage":"az"},{"@type":"Organization","@id":"https:\/\/www.meydan.tv\/az\/#organization","name":"Meydan TV","url":"https:\/\/www.meydan.tv\/az\/","logo":{"@type":"ImageObject","inLanguage":"az","@id":"https:\/\/www.meydan.tv\/az\/#\/schema\/logo\/image\/","url":"https:\/\/www.meydan.tv\/wp-content\/uploads\/2021\/07\/meydan-logo.svg","contentUrl":"https:\/\/www.meydan.tv\/wp-content\/uploads\/2021\/07\/meydan-logo.svg","width":195,"height":46,"caption":"Meydan TV"},"image":{"@id":"https:\/\/www.meydan.tv\/az\/#\/schema\/logo\/image\/"}},{"@type":"Person","@id":"https:\/\/www.meydan.tv\/az\/#\/schema\/person\/10d11eccf6da3662cf5fdab9806ea91a","name":"user-manager"}]}},"_links":{"self":[{"href":"https:\/\/www.meydan.tv\/az\/wp-json\/wp\/v2\/posts\/183236","targetHints":{"allow":["GET"]}}],"collection":[{"href":"https:\/\/www.meydan.tv\/az\/wp-json\/wp\/v2\/posts"}],"about":[{"href":"https:\/\/www.meydan.tv\/az\/wp-json\/wp\/v2\/types\/post"}],"author":[{"embeddable":true,"href":"https:\/\/www.meydan.tv\/az\/wp-json\/wp\/v2\/users\/11"}],"replies":[{"embeddable":true,"href":"https:\/\/www.meydan.tv\/az\/wp-json\/wp\/v2\/comments?post=183236"}],"version-history":[{"count":0,"href":"https:\/\/www.meydan.tv\/az\/wp-json\/wp\/v2\/posts\/183236\/revisions"}],"wp:featuredmedia":[{"embeddable":true,"href":"https:\/\/www.meydan.tv\/az\/wp-json\/wp\/v2\/media\/81199"}],"wp:attachment":[{"href":"https:\/\/www.meydan.tv\/az\/wp-json\/wp\/v2\/media?parent=183236"}],"wp:term":[{"taxonomy":"category","embeddable":true,"href":"https:\/\/www.meydan.tv\/az\/wp-json\/wp\/v2\/categories?post=183236"},{"taxonomy":"post_tag","embeddable":true,"href":"https:\/\/www.meydan.tv\/az\/wp-json\/wp\/v2\/tags?post=183236"}],"curies":[{"name":"wp","href":"https:\/\/api.w.org\/{rel}","templated":true}]}}