{"id":183230,"date":"2017-03-16T15:50:34","date_gmt":"2017-03-16T15:50:34","guid":{"rendered":"https:\/\/www.meydan.tv\/article\/fitch-azerbaycanda-orta-illik-inflyasiya-9-faiz-olacaq\/"},"modified":"2017-03-16T15:50:34","modified_gmt":"2017-03-16T15:50:34","slug":"fitch-azerbaycanda-orta-illik-inflyasiya-9-faiz-olacaq","status":"publish","type":"post","link":"https:\/\/www.meydan.tv\/az\/article\/fitch-azerbaycanda-orta-illik-inflyasiya-9-faiz-olacaq\/","title":{"rendered":"Fitch: Az\u0259rbaycanda orta illik inflyasiya 9 faiz olacaq"},"content":{"rendered":"<figure class=\"wp-block-image size-large\">\n  <img decoding=\"async\" src=\"https:\/\/www.meydan.tv\/az\/81176\/\" alt=\"\" class=\"wp-image-81176\"\/><figcaption><\/figcaption><\/figure>\n<p>\n  <i><br \/>\n    \u0130qtisad\u00e7\u0131: &#8221;T\u0259\u015fkilatlar\u0131n Az\u0259rbaycanla ba\u011fl\u0131 proqnozlar\u0131 h\u00f6kum\u0259tin statistikas\u0131na \u0259saslan\u0131r&#8221;<br \/>\n  <\/i>\n<\/p>\n<p>\n  2017-ci ild\u0259 Az\u0259rbaycanda orta illik inflyasiya 9 faiz olacaq. Proqnozu \u201cFitch\u201d beyn\u0259lxalq reytinq agentliyi verib.\n<\/p>\n<p>\n  Agentliyin m\u00fct\u0259x\u0259ssisl\u0259ri 2018-ci ild\u0259 orta illik inflyasiyan\u0131n 5 faiz\u0259d\u0259k geril\u0259y\u0259c\u0259yini qeyd edirl\u0259r:\n<\/p>\n<p>\n  \u201c2016-c\u0131 ild\u0259 orta illik inflyasiya 12,4 faiz olub. Az\u0259rbaycan h\u00f6kum\u0259tinin proqnozlar\u0131na \u0259sas\u0259n, bu il orta illik inflyasiya 7,3 faiz olacaq. 2017-ci ild\u0259 \u00a0manat\u0131n dollara nisb\u0259t\u0259n orta illik m\u0259z\u0259nn\u0259si 1,76, 2018-ci ild\u0259 1,7 s\u0259viyy\u0259sin\u0259 en\u0259c\u0259k:\n<\/p>\n<p>\n  \u201c2017-ci ild\u0259 neftin 1 barelinin orta qiym\u0259ti 45, 2018-ci ild\u0259 is\u0259 55 dollar olaca\u011f\u0131 g\u00f6zl\u0259nilir\u201d.\n<\/p>\n<blockquote><p>\n  \u201c\u0130qtisadi situasiya haqda tam d\u0259qiqilikl\u0259 proqnoz verm\u0259k m\u00fcmk\u00fcn deyil\u201d\n<\/p><\/blockquote>\n<p>\n  \u0130qtisad\u00e7\u0131 Nazim B\u0259yd\u0259mirli Meydan TV-y\u0259 beyn\u0259lxalq reytinq agentlikl\u0259rinin h\u00f6kum\u0259tin proqnozlar\u0131n\u0131n ki\u00e7ik \u015f\u0259kild\u0259 f\u0259rqini elan etdikl\u0259rini deyib. O a\u00e7\u0131qlanan proqnozun h\u00f6kum\u0259tin a\u00e7\u0131qlad\u0131\u011f\u0131 r\u0259q\u0259ml\u0259r\u0259 uy\u011fun g\u0259ldiyini bildirib:\n<\/p>\n<p>\n  &#8220;Bu bax\u0131mdan beyn\u0259lxalq reytinq agentlikl\u0259rinin Az\u0259rbaycanda analiz aparmaq imkanlar\u0131n\u0131n oldu\u011funu g\u00fcman etmir\u0259m. D\u0259f\u0259l\u0259rl\u0259 Beyn\u0259lxalq Valyuta Fondu, D\u00fcnya Bank\u0131 kimi qurumlar b\u0259zi proqnozlar\u0131n\u0131 ild\u0259 1-2 d\u0259f\u0259 d\u0259yi\u015fm\u0259y\u0259 m\u0259cbur olurlar. Dem\u0259li, Az\u0259rbaycanda iqtisadi situasiya haqda tam d\u0259qiqilikl\u0259 proqnoz verm\u0259k m\u00fcmk\u00fcn deyil\u201d.\n<\/p>\n<blockquote><p>\n  \u201cTicar\u0259t t\u0259r\u0259fda\u015flar\u0131m\u0131zla aram\u0131zda d\u0259rin f\u0259rql\u0259r var\u201d\n<\/p><\/blockquote>\n<p>\n  \u0130qtisad\u00e7\u0131 bildirir ki, proqnoz statistika a\u00e7\u0131q, G\u00f6mr\u00fck Komit\u0259sinin hesabatlar\u0131 \u015f\u0259ffaf olanda, M\u0259rk\u0259zi Bank\u0131n t\u0259diyy\u0259 balans\u0131 h\u0259r ay a\u00e7\u0131qlananda d\u0259qiq olacaq:\n<\/p>\n<p>\n  \u201cG\u00f6mr\u00fck qiym\u0259tl\u0259rinin bir ne\u00e7\u0259 d\u0259f\u0259 d\u0259yi\u015fdiyi, yaxud obyektiv v\u0259 subyektiv s\u0259b\u0259bl\u0259rd\u0259n kifay\u0259t q\u0259d\u0259r yay\u0131nmalar haqda jurnalist ara\u015fd\u0131rmalar\u0131 olub. G\u00fczg\u00fc statistikas\u0131yla ba\u011fl\u0131 s\u00fcbut olunub ki, \u0259sas ticar\u0259t t\u0259r\u0259fda\u015flar\u0131m\u0131z olan d\u00f6vl\u0259tl\u0259rl\u0259 aram\u0131zda \u00e7ox d\u0259rin f\u0259rql\u0259r var. H\u0259m d\u0259 m\u00fcxt\u0259lif t\u0259l\u0259bat mallar\u0131yla \u0259laq\u0259dar bazarlarda v\u0259 d\u00fckanlarda monitorinq aparanda elan olunan inflyasiya il\u0259 reall\u0131q aras\u0131nda kifay\u0259t q\u0259d\u0259r f\u0259rq olur\u201d.\n<\/p>\n<p>\n  Nazim B\u0259yd\u0259mirli bunun s\u0259b\u0259bini ayr\u0131-ayr\u0131 qurumlar\u0131n \u00f6z i\u015fl\u0259rini yax\u015f\u0131 g\u00f6st\u0259rm\u0259l\u0259rind\u0259 g\u00f6r\u00fcr. H\u0259mi\u015f\u0259 do\u011fru olmayan statistikan\u0131n \u0259sas\u0131nda proqnoz ver\u0259nl\u0259r Az\u0259rbaycan tipli \u00f6lk\u0259l\u0259r\u0259 g\u0259l\u0259nd\u0259 hesabatlar\u0131n\u0131 korrekt\u0259 etm\u0259y\u0259 m\u0259cbur olurlar.\n<\/p>\n<p>\n  <b><br \/>\n    <i><br \/>\n      Manata inam\u0131 art\u0131rmaq \u00fc\u00e7\u00fcn n\u0259 etm\u0259li?<br \/>\n    <\/i><br \/>\n  <\/b>\n<\/p>\n<p>\n  Nazim B\u0259yd\u0259mirli manata etibar\u0131 art\u0131rmaq \u00fc\u00e7\u00fcn hans\u0131 add\u0131mlar\u0131n at\u0131lmas\u0131 bar\u0259d\u0259 sual\u0131m\u0131z\u0131 da cavabland\u0131r\u0131b. Bildirib ki, son iki devalvasiyadan \u00f6nc\u0259 M\u0259rk\u0259zi Bank r\u0259hb\u0259rliyi v\u0259 h\u00f6kum\u0259t r\u0259smil\u0259ri \u0259haliy\u0259 t\u0259la\u015fa d\u00fc\u015fm\u0259m\u0259k bar\u0259d\u0259 \u00e7a\u011f\u0131r\u0131\u015flar etdi. Bu a\u00e7\u0131qlamalar sonradan \u00f6z\u00fcn\u00fc do\u011frultmad\u0131. N\u0259tic\u0259d\u0259 manata etibar tamamil\u0259 itdi:\n<\/p>\n<p>\n  \u201c\u0130nsanlarda milli valyutaya etibar\u0131 b\u0259rpa etm\u0259k \u00fc\u00e7\u00fcn d\u0259rin iqtisadi islahatlar apar\u0131lmal\u0131d\u0131r. \u0130lk n\u00f6vb\u0259d\u0259 iqtisadi f\u0259aliyy\u0259t stimulla\u015fd\u0131r\u0131lmal\u0131 v\u0259 \u00a0inhisar\u00e7\u0131l\u0131q aradan qald\u0131r\u0131lmal\u0131d\u0131r. M\u0259mur sahibkarl\u0131\u011f\u0131na son qoyulmasa n\u0259tic\u0259 olmayacaq\u201d.\n<\/p>\n<blockquote><p>\n  \u201cB\u00f6lg\u0259l\u0259rd\u0259 biznes m\u00fchitin\u0259 inam\u0131 \u00f6l\u00fcr\u201d\n<\/p><\/blockquote>\n<p>\n  \u0130qtisad\u00e7\u0131 deyir ki, q\u0259rarlara t\u0259sir etm\u0259k imkan\u0131 olan nazirl\u0259r, komit\u0259 s\u0259drl\u0259ri m\u00fcxt\u0259lif mexanizml\u0259rl\u0259 sahibkarl\u0131\u011f\u0131 bo\u011furlar. Sahibkarl\u0131\u011fa Yard\u0131m Milli Fondu t\u0259r\u0259find\u0259n a\u015fa\u011f\u0131 faizl\u0259 veril\u0259n v\u0259saitl\u0259rin iri holdinq sahibl\u0259rinin s\u0259r\u0259ncam\u0131na ke\u00e7m\u0259si ham\u0131ya b\u0259llidir:\n<\/p>\n<figure class=\"wp-block-image size-large\">\n  <img decoding=\"async\" src=\"https:\/\/www.meydan.tv\/az\/72857\/\" alt=\"\" class=\"wp-image-72857\"\/><figcaption>\n    Nazim B\u0259yd\u0259mirli foto Meydan TV<br \/>\n  <\/figcaption><\/figure>\n<p>\n  \u201cBunlar\u0131n is\u0259 real sahibkarl\u0131qla he\u00e7 bir \u0259laq\u0259si yoxdur. Bel\u0259 olan \u015f\u0259raitd\u0259 sahibkarlar\u0131n biznes m\u00fchitin\u0259 etibar\u0131 a\u015fa\u011f\u0131 olacaq. 2012-ci ild\u0259 metal istehsal\u00e7\u0131lar\u0131na, da\u015f karxanalar\u0131na t\u0259zyiq oldu. Yaxud Sumqay\u0131tda abadl\u0131\u011fa t\u00f6hf\u0259sini ver\u0259n 10-15 sahibkar qoyduqlar\u0131 yat\u0131r\u0131m\u0131 \u00e7\u0131xarda bilm\u0259di. Bunlar b\u00f6lg\u0259l\u0259rd\u0259 biznes m\u00fchitin\u0259 inam\u0131 \u00f6ld\u00fcr\u00fcr\u201d.\n<\/p>\n<blockquote><p>\n  \u201cProses m\u0259nfiy\u0259 do\u011fru gedir v\u0259 real g\u0259lirl\u0259r azal\u0131r\u201d\n<\/p><\/blockquote>\n<p>\n  Nazim B\u0259yd\u0259mirli deyir ki, kommersiya sirri olsa da, b\u00f6y\u00fck investisiya layih\u0259l\u0259rini udan \u015firk\u0259tl\u0259r \u00f6d\u0259dikl\u0259ri vergil\u0259ri a\u00e7\u0131qlama\u011fa m\u0259cburdurlar, amma etmirl\u0259r. Yaxud Ukraynada ke\u00e7iril\u0259n biznes foruma 40-dan yuxar\u0131 sahibkar gedib, kimdir onlar, niy\u0259 konkretl\u0259\u015fmir? B\u00fct\u00fcn bu kimi probleml\u0259r aradan qald\u0131r\u0131lmay\u0131nca, yax\u015f\u0131 he\u00e7 n\u0259 olmayacaq:\n<\/p>\n<p>\n  \u201cB\u0259li, xaricd\u0259 \u00e7oxlu valyuta ehtiyatlar\u0131m\u0131z\u0131n oldu\u011fu deyilir. Amma kredit resurslar\u0131 \u00e7ox baha oldu\u011fundan yerli sahibkar bundan faydalana bilmir. Bel\u0259likl\u0259, onlar y\u00fcks\u0259k faizli kreditl\u0259r g\u00f6t\u00fcrm\u0259y\u0259 m\u0259cbur olur. N\u0259tic\u0259d\u0259 proses m\u0259nfiy\u0259 do\u011fru gedir v\u0259 real g\u0259lirl\u0259r azal\u0131r\u201d.<\/p>\n","protected":false},"excerpt":{"rendered":"<p>\u0130qtisad\u00e7\u0131: &#8221;T\u0259\u015fkilatlar\u0131n Az\u0259rbaycanla ba\u011fl\u0131 proqnozlar\u0131 h\u00f6kum\u0259tin statistikas\u0131na \u0259saslan\u0131r&#8221;<\/p>\n","protected":false},"author":11,"featured_media":81176,"comment_status":"closed","ping_status":"open","sticky":false,"template":"","format":"standard","meta":{"_acf_changed":false,"_sitemap_exclude":false,"_sitemap_priority":"","_sitemap_frequency":"","footnotes":""},"categories":[51],"tags":[],"class_list":["post-183230","post","type-post","status-publish","format-standard","has-post-thumbnail","hentry","category-analitika","infinite-scroll-item","generate-columns","tablet-grid-50","mobile-grid-100","grid-parent","grid-33","no-featured-image-padding"],"acf":[],"yoast_head":"<!-- This site is optimized with the Yoast SEO plugin v27.4 - https:\/\/yoast.com\/product\/yoast-seo-wordpress\/ -->\n<title>Fitch: Az\u0259rbaycanda orta illik inflyasiya 9 faiz olacaq - MEYDAN.TV<\/title>\n<meta name=\"robots\" content=\"index, follow, max-snippet:-1, max-image-preview:large, max-video-preview:-1\" \/>\n<link rel=\"canonical\" href=\"https:\/\/www.meydan.tv\/az\/article\/fitch-azerbaycanda-orta-illik-inflyasiya-9-faiz-olacaq\/\" \/>\n<meta property=\"og:locale\" content=\"az_AZ\" \/>\n<meta property=\"og:type\" content=\"article\" \/>\n<meta property=\"og:title\" content=\"Fitch: Az\u0259rbaycanda orta illik inflyasiya 9 faiz olacaq - MEYDAN.TV\" \/>\n<meta property=\"og:description\" content=\"\u0130qtisad\u00e7\u0131: &#039;&#039;T\u0259\u015fkilatlar\u0131n Az\u0259rbaycanla ba\u011fl\u0131 proqnozlar\u0131 h\u00f6kum\u0259tin statistikas\u0131na \u0259saslan\u0131r&#039;&#039;\" \/>\n<meta property=\"og:url\" content=\"https:\/\/www.meydan.tv\/az\/article\/fitch-azerbaycanda-orta-illik-inflyasiya-9-faiz-olacaq\/\" \/>\n<meta property=\"og:site_name\" content=\"MEYDAN.TV\" \/>\n<meta property=\"article:published_time\" content=\"2017-03-16T15:50:34+00:00\" \/>\n<meta property=\"og:image\" content=\"https:\/\/www.meydan.tv\/wp-content\/uploads\/31714.jpg\" \/>\n\t<meta property=\"og:image:width\" content=\"1842\" \/>\n\t<meta property=\"og:image:height\" content=\"1080\" \/>\n\t<meta property=\"og:image:type\" content=\"image\/jpeg\" \/>\n<meta name=\"author\" content=\"user-manager\" \/>\n<meta name=\"twitter:card\" content=\"summary_large_image\" \/>\n<script type=\"application\/ld+json\" class=\"yoast-schema-graph\">{\"@context\":\"https:\\\/\\\/schema.org\",\"@graph\":[{\"@type\":\"Article\",\"@id\":\"https:\\\/\\\/www.meydan.tv\\\/az\\\/article\\\/fitch-azerbaycanda-orta-illik-inflyasiya-9-faiz-olacaq\\\/#article\",\"isPartOf\":{\"@id\":\"https:\\\/\\\/www.meydan.tv\\\/az\\\/article\\\/fitch-azerbaycanda-orta-illik-inflyasiya-9-faiz-olacaq\\\/\"},\"author\":{\"name\":\"user-manager\",\"@id\":\"https:\\\/\\\/www.meydan.tv\\\/az\\\/#\\\/schema\\\/person\\\/10d11eccf6da3662cf5fdab9806ea91a\"},\"headline\":\"Fitch: Az\u0259rbaycanda orta illik inflyasiya 9 faiz olacaq\",\"datePublished\":\"2017-03-16T15:50:34+00:00\",\"mainEntityOfPage\":{\"@id\":\"https:\\\/\\\/www.meydan.tv\\\/az\\\/article\\\/fitch-azerbaycanda-orta-illik-inflyasiya-9-faiz-olacaq\\\/\"},\"wordCount\":856,\"publisher\":{\"@id\":\"https:\\\/\\\/www.meydan.tv\\\/az\\\/#organization\"},\"image\":{\"@id\":\"https:\\\/\\\/www.meydan.tv\\\/az\\\/article\\\/fitch-azerbaycanda-orta-illik-inflyasiya-9-faiz-olacaq\\\/#primaryimage\"},\"thumbnailUrl\":\"https:\\\/\\\/www.meydan.tv\\\/wp-content\\\/uploads\\\/31714.jpg\",\"articleSection\":[\"Analitika\"],\"inLanguage\":\"az\"},{\"@type\":\"WebPage\",\"@id\":\"https:\\\/\\\/www.meydan.tv\\\/az\\\/article\\\/fitch-azerbaycanda-orta-illik-inflyasiya-9-faiz-olacaq\\\/\",\"url\":\"https:\\\/\\\/www.meydan.tv\\\/az\\\/article\\\/fitch-azerbaycanda-orta-illik-inflyasiya-9-faiz-olacaq\\\/\",\"name\":\"Fitch: Az\u0259rbaycanda orta illik inflyasiya 9 faiz olacaq - MEYDAN.TV\",\"isPartOf\":{\"@id\":\"https:\\\/\\\/www.meydan.tv\\\/az\\\/#website\"},\"primaryImageOfPage\":{\"@id\":\"https:\\\/\\\/www.meydan.tv\\\/az\\\/article\\\/fitch-azerbaycanda-orta-illik-inflyasiya-9-faiz-olacaq\\\/#primaryimage\"},\"image\":{\"@id\":\"https:\\\/\\\/www.meydan.tv\\\/az\\\/article\\\/fitch-azerbaycanda-orta-illik-inflyasiya-9-faiz-olacaq\\\/#primaryimage\"},\"thumbnailUrl\":\"https:\\\/\\\/www.meydan.tv\\\/wp-content\\\/uploads\\\/31714.jpg\",\"datePublished\":\"2017-03-16T15:50:34+00:00\",\"breadcrumb\":{\"@id\":\"https:\\\/\\\/www.meydan.tv\\\/az\\\/article\\\/fitch-azerbaycanda-orta-illik-inflyasiya-9-faiz-olacaq\\\/#breadcrumb\"},\"inLanguage\":\"az\",\"potentialAction\":[{\"@type\":\"ReadAction\",\"target\":[\"https:\\\/\\\/www.meydan.tv\\\/az\\\/article\\\/fitch-azerbaycanda-orta-illik-inflyasiya-9-faiz-olacaq\\\/\"]}]},{\"@type\":\"ImageObject\",\"inLanguage\":\"az\",\"@id\":\"https:\\\/\\\/www.meydan.tv\\\/az\\\/article\\\/fitch-azerbaycanda-orta-illik-inflyasiya-9-faiz-olacaq\\\/#primaryimage\",\"url\":\"https:\\\/\\\/www.meydan.tv\\\/wp-content\\\/uploads\\\/31714.jpg\",\"contentUrl\":\"https:\\\/\\\/www.meydan.tv\\\/wp-content\\\/uploads\\\/31714.jpg\",\"width\":1842,\"height\":1080,\"caption\":\"Source:\"},{\"@type\":\"BreadcrumbList\",\"@id\":\"https:\\\/\\\/www.meydan.tv\\\/az\\\/article\\\/fitch-azerbaycanda-orta-illik-inflyasiya-9-faiz-olacaq\\\/#breadcrumb\",\"itemListElement\":[{\"@type\":\"ListItem\",\"position\":1,\"name\":\"Ana s\u0259hif\u0259\",\"item\":\"https:\\\/\\\/www.meydan.tv\\\/az\\\/\"},{\"@type\":\"ListItem\",\"position\":2,\"name\":\"Analitika\",\"item\":\"https:\\\/\\\/www.meydan.tv\\\/az\\\/section\\\/analitika\\\/\"},{\"@type\":\"ListItem\",\"position\":3,\"name\":\"Fitch: Az\u0259rbaycanda orta illik inflyasiya 9 faiz olacaq\"}]},{\"@type\":\"WebSite\",\"@id\":\"https:\\\/\\\/www.meydan.tv\\\/az\\\/#website\",\"url\":\"https:\\\/\\\/www.meydan.tv\\\/az\\\/\",\"name\":\"MEYDAN.TV\",\"description\":\"Meydan TV Az\u0259rbaycan\u0131n media m\u0259kan\u0131ndak\u0131 alternativ s\u0259sidir\",\"publisher\":{\"@id\":\"https:\\\/\\\/www.meydan.tv\\\/az\\\/#organization\"},\"potentialAction\":[{\"@type\":\"SearchAction\",\"target\":{\"@type\":\"EntryPoint\",\"urlTemplate\":\"https:\\\/\\\/www.meydan.tv\\\/az\\\/?s={search_term_string}\"},\"query-input\":{\"@type\":\"PropertyValueSpecification\",\"valueRequired\":true,\"valueName\":\"search_term_string\"}}],\"inLanguage\":\"az\"},{\"@type\":\"Organization\",\"@id\":\"https:\\\/\\\/www.meydan.tv\\\/az\\\/#organization\",\"name\":\"Meydan TV\",\"url\":\"https:\\\/\\\/www.meydan.tv\\\/az\\\/\",\"logo\":{\"@type\":\"ImageObject\",\"inLanguage\":\"az\",\"@id\":\"https:\\\/\\\/www.meydan.tv\\\/az\\\/#\\\/schema\\\/logo\\\/image\\\/\",\"url\":\"https:\\\/\\\/www.meydan.tv\\\/wp-content\\\/uploads\\\/2021\\\/07\\\/meydan-logo.svg\",\"contentUrl\":\"https:\\\/\\\/www.meydan.tv\\\/wp-content\\\/uploads\\\/2021\\\/07\\\/meydan-logo.svg\",\"width\":195,\"height\":46,\"caption\":\"Meydan TV\"},\"image\":{\"@id\":\"https:\\\/\\\/www.meydan.tv\\\/az\\\/#\\\/schema\\\/logo\\\/image\\\/\"}},{\"@type\":\"Person\",\"@id\":\"https:\\\/\\\/www.meydan.tv\\\/az\\\/#\\\/schema\\\/person\\\/10d11eccf6da3662cf5fdab9806ea91a\",\"name\":\"user-manager\"}]}<\/script>\n<!-- \/ Yoast SEO plugin. -->","yoast_head_json":{"title":"Fitch: Az\u0259rbaycanda orta illik inflyasiya 9 faiz olacaq - MEYDAN.TV","robots":{"index":"index","follow":"follow","max-snippet":"max-snippet:-1","max-image-preview":"max-image-preview:large","max-video-preview":"max-video-preview:-1"},"canonical":"https:\/\/www.meydan.tv\/az\/article\/fitch-azerbaycanda-orta-illik-inflyasiya-9-faiz-olacaq\/","og_locale":"az_AZ","og_type":"article","og_title":"Fitch: Az\u0259rbaycanda orta illik inflyasiya 9 faiz olacaq - MEYDAN.TV","og_description":"\u0130qtisad\u00e7\u0131: ''T\u0259\u015fkilatlar\u0131n Az\u0259rbaycanla ba\u011fl\u0131 proqnozlar\u0131 h\u00f6kum\u0259tin statistikas\u0131na \u0259saslan\u0131r''","og_url":"https:\/\/www.meydan.tv\/az\/article\/fitch-azerbaycanda-orta-illik-inflyasiya-9-faiz-olacaq\/","og_site_name":"MEYDAN.TV","article_published_time":"2017-03-16T15:50:34+00:00","og_image":[{"width":1842,"height":1080,"url":"https:\/\/www.meydan.tv\/wp-content\/uploads\/31714.jpg","type":"image\/jpeg"}],"author":"user-manager","twitter_card":"summary_large_image","schema":{"@context":"https:\/\/schema.org","@graph":[{"@type":"Article","@id":"https:\/\/www.meydan.tv\/az\/article\/fitch-azerbaycanda-orta-illik-inflyasiya-9-faiz-olacaq\/#article","isPartOf":{"@id":"https:\/\/www.meydan.tv\/az\/article\/fitch-azerbaycanda-orta-illik-inflyasiya-9-faiz-olacaq\/"},"author":{"name":"user-manager","@id":"https:\/\/www.meydan.tv\/az\/#\/schema\/person\/10d11eccf6da3662cf5fdab9806ea91a"},"headline":"Fitch: Az\u0259rbaycanda orta illik inflyasiya 9 faiz olacaq","datePublished":"2017-03-16T15:50:34+00:00","mainEntityOfPage":{"@id":"https:\/\/www.meydan.tv\/az\/article\/fitch-azerbaycanda-orta-illik-inflyasiya-9-faiz-olacaq\/"},"wordCount":856,"publisher":{"@id":"https:\/\/www.meydan.tv\/az\/#organization"},"image":{"@id":"https:\/\/www.meydan.tv\/az\/article\/fitch-azerbaycanda-orta-illik-inflyasiya-9-faiz-olacaq\/#primaryimage"},"thumbnailUrl":"https:\/\/www.meydan.tv\/wp-content\/uploads\/31714.jpg","articleSection":["Analitika"],"inLanguage":"az"},{"@type":"WebPage","@id":"https:\/\/www.meydan.tv\/az\/article\/fitch-azerbaycanda-orta-illik-inflyasiya-9-faiz-olacaq\/","url":"https:\/\/www.meydan.tv\/az\/article\/fitch-azerbaycanda-orta-illik-inflyasiya-9-faiz-olacaq\/","name":"Fitch: Az\u0259rbaycanda orta illik inflyasiya 9 faiz olacaq - MEYDAN.TV","isPartOf":{"@id":"https:\/\/www.meydan.tv\/az\/#website"},"primaryImageOfPage":{"@id":"https:\/\/www.meydan.tv\/az\/article\/fitch-azerbaycanda-orta-illik-inflyasiya-9-faiz-olacaq\/#primaryimage"},"image":{"@id":"https:\/\/www.meydan.tv\/az\/article\/fitch-azerbaycanda-orta-illik-inflyasiya-9-faiz-olacaq\/#primaryimage"},"thumbnailUrl":"https:\/\/www.meydan.tv\/wp-content\/uploads\/31714.jpg","datePublished":"2017-03-16T15:50:34+00:00","breadcrumb":{"@id":"https:\/\/www.meydan.tv\/az\/article\/fitch-azerbaycanda-orta-illik-inflyasiya-9-faiz-olacaq\/#breadcrumb"},"inLanguage":"az","potentialAction":[{"@type":"ReadAction","target":["https:\/\/www.meydan.tv\/az\/article\/fitch-azerbaycanda-orta-illik-inflyasiya-9-faiz-olacaq\/"]}]},{"@type":"ImageObject","inLanguage":"az","@id":"https:\/\/www.meydan.tv\/az\/article\/fitch-azerbaycanda-orta-illik-inflyasiya-9-faiz-olacaq\/#primaryimage","url":"https:\/\/www.meydan.tv\/wp-content\/uploads\/31714.jpg","contentUrl":"https:\/\/www.meydan.tv\/wp-content\/uploads\/31714.jpg","width":1842,"height":1080,"caption":"Source:"},{"@type":"BreadcrumbList","@id":"https:\/\/www.meydan.tv\/az\/article\/fitch-azerbaycanda-orta-illik-inflyasiya-9-faiz-olacaq\/#breadcrumb","itemListElement":[{"@type":"ListItem","position":1,"name":"Ana s\u0259hif\u0259","item":"https:\/\/www.meydan.tv\/az\/"},{"@type":"ListItem","position":2,"name":"Analitika","item":"https:\/\/www.meydan.tv\/az\/section\/analitika\/"},{"@type":"ListItem","position":3,"name":"Fitch: Az\u0259rbaycanda orta illik inflyasiya 9 faiz olacaq"}]},{"@type":"WebSite","@id":"https:\/\/www.meydan.tv\/az\/#website","url":"https:\/\/www.meydan.tv\/az\/","name":"MEYDAN.TV","description":"Meydan TV Az\u0259rbaycan\u0131n media m\u0259kan\u0131ndak\u0131 alternativ s\u0259sidir","publisher":{"@id":"https:\/\/www.meydan.tv\/az\/#organization"},"potentialAction":[{"@type":"SearchAction","target":{"@type":"EntryPoint","urlTemplate":"https:\/\/www.meydan.tv\/az\/?s={search_term_string}"},"query-input":{"@type":"PropertyValueSpecification","valueRequired":true,"valueName":"search_term_string"}}],"inLanguage":"az"},{"@type":"Organization","@id":"https:\/\/www.meydan.tv\/az\/#organization","name":"Meydan TV","url":"https:\/\/www.meydan.tv\/az\/","logo":{"@type":"ImageObject","inLanguage":"az","@id":"https:\/\/www.meydan.tv\/az\/#\/schema\/logo\/image\/","url":"https:\/\/www.meydan.tv\/wp-content\/uploads\/2021\/07\/meydan-logo.svg","contentUrl":"https:\/\/www.meydan.tv\/wp-content\/uploads\/2021\/07\/meydan-logo.svg","width":195,"height":46,"caption":"Meydan TV"},"image":{"@id":"https:\/\/www.meydan.tv\/az\/#\/schema\/logo\/image\/"}},{"@type":"Person","@id":"https:\/\/www.meydan.tv\/az\/#\/schema\/person\/10d11eccf6da3662cf5fdab9806ea91a","name":"user-manager"}]}},"_links":{"self":[{"href":"https:\/\/www.meydan.tv\/az\/wp-json\/wp\/v2\/posts\/183230","targetHints":{"allow":["GET"]}}],"collection":[{"href":"https:\/\/www.meydan.tv\/az\/wp-json\/wp\/v2\/posts"}],"about":[{"href":"https:\/\/www.meydan.tv\/az\/wp-json\/wp\/v2\/types\/post"}],"author":[{"embeddable":true,"href":"https:\/\/www.meydan.tv\/az\/wp-json\/wp\/v2\/users\/11"}],"replies":[{"embeddable":true,"href":"https:\/\/www.meydan.tv\/az\/wp-json\/wp\/v2\/comments?post=183230"}],"version-history":[{"count":0,"href":"https:\/\/www.meydan.tv\/az\/wp-json\/wp\/v2\/posts\/183230\/revisions"}],"wp:featuredmedia":[{"embeddable":true,"href":"https:\/\/www.meydan.tv\/az\/wp-json\/wp\/v2\/media\/81176"}],"wp:attachment":[{"href":"https:\/\/www.meydan.tv\/az\/wp-json\/wp\/v2\/media?parent=183230"}],"wp:term":[{"taxonomy":"category","embeddable":true,"href":"https:\/\/www.meydan.tv\/az\/wp-json\/wp\/v2\/categories?post=183230"},{"taxonomy":"post_tag","embeddable":true,"href":"https:\/\/www.meydan.tv\/az\/wp-json\/wp\/v2\/tags?post=183230"}],"curies":[{"name":"wp","href":"https:\/\/api.w.org\/{rel}","templated":true}]}}