{"id":183228,"date":"2017-03-16T15:04:39","date_gmt":"2017-03-16T15:04:39","guid":{"rendered":"https:\/\/www.meydan.tv\/article\/fed-ucot-derecesini-artirdi-ancaq-manat-herracda-deyer-qazandi\/"},"modified":"2017-03-16T15:04:39","modified_gmt":"2017-03-16T15:04:39","slug":"fed-ucot-derecesini-artirdi-ancaq-manat-herracda-deyer-qazandi","status":"publish","type":"post","link":"https:\/\/www.meydan.tv\/az\/article\/fed-ucot-derecesini-artirdi-ancaq-manat-herracda-deyer-qazandi\/","title":{"rendered":"FED u\u00e7ot d\u0259r\u0259c\u0259sini art\u0131rd\u0131, ancaq manat h\u0259rracda d\u0259y\u0259r qazand\u0131"},"content":{"rendered":"<figure class=\"wp-block-image size-large\">\n  <img decoding=\"async\" src=\"https:\/\/www.meydan.tv\/az\/81173\/\" alt=\"\" class=\"wp-image-81173\"\/><figcaption><\/figcaption><\/figure>\n<p>\n  <i><br \/>\n    \u0130qtisad\u00e7\u0131 V\u00fcqar Bayramov bunun s\u0259b\u0259bl\u0259rini izah edir<br \/>\n  <\/i>\n<\/p>\n<p>\n  AB\u015e Federal Ehtiyatlar Sistemi (FED) u\u00e7ot d\u0259r\u0259c\u0259sini art\u0131r\u0131b. Buna baxmayaraq mart\u0131n 16-da ke\u00e7iril\u0259n valyuta h\u0259rrac\u0131nda manat d\u0259y\u0259r qazan\u0131b.\n<\/p>\n<blockquote><p>\n  \u201c\u018fn vacib m\u0259qam m\u0259z\u0259nn\u0259 stabilliyin\u0259 nail olmaqd\u0131r\u201d\n<\/p><\/blockquote>\n<p>\n  \u0130qtisad\u00e7\u0131 V\u00fcqar Bayramov bunun s\u0259b\u0259bl\u0259rin\u0259 ayd\u0131nl\u0131q g\u0259tirib. Bildirib ki, son ill\u0259r ilk d\u0259f\u0259 olaraq FED-in q\u0259rar\u0131 valyuta bazar\u0131nda dollara olan t\u0259l\u0259bi art\u0131rmay\u0131b. Mart\u0131n bayramlar ay\u0131 olmas\u0131na baxmayaraq, idxala artan t\u0259l\u0259b bazar\u0131n xarici valyuta t\u0259klifi il\u0259 t\u0259nziml\u0259nir. Beyn\u0259lxalq Bank\u0131n h\u0259rraclarda z\u0259if i\u015ftirak\u0131 da dollara olan t\u0259l\u0259bin t\u0259nziml\u0259nm\u0259sin\u0259 imkan yarad\u0131r:\n<\/p>\n<p>\n  \u201cPraktik olaraq, Beyn\u0259lxalq Bank valyuta bazar\u0131ndak\u0131 t\u0259l\u0259b\u0259 t\u0259sir ed\u0259 bilir. Onun valyuta bazar\u0131ndak\u0131 passiv m\u00f6vqeyi d\u0259 dollara t\u0259l\u0259bin y\u00fcks\u0259lm\u0259sinin qar\u015f\u0131s\u0131n\u0131 al\u0131r. N\u0259tic\u0259d\u0259 manat m\u00f6hk\u0259ml\u0259nir. Dig\u0259r t\u0259r\u0259fd\u0259n, v\u0259t\u0259nda\u015flar\u0131n \u00f6z xarici valyutalar\u0131n\u0131 manata \u00e7evirm\u0259si milli valyutan\u0131n m\u0259z\u0259nn\u0259sinin m\u00f6hk\u0259ml\u0259nm\u0259sini \u015f\u0259rtl\u0259ndir\u0259n s\u0259b\u0259bl\u0259rd\u0259ndir. T\u0259bii ki, manat bazas\u0131n\u0131n azalmas\u0131 fonunda b\u00fcdc\u0259nin infrastruktur x\u0259rcl\u0259rinin optimalla\u015fd\u0131r\u0131lmas\u0131 da kursa birba\u015fa t\u0259sir g\u00f6st\u0259rir\u201d.\n<\/p>\n<p>\n  \u0130qtisad\u00e7\u0131 bildirir ki, manat\u0131n m\u0259z\u0259nn\u0259sinin m\u00f6hk\u0259ml\u0259nm\u0259si sosial v\u0259 iqtisadi bax\u0131mdan m\u0259qs\u0259d\u0259uy\u011fundur. Burada \u0259n vacib m\u0259qam m\u0259z\u0259nn\u0259 stabilliyin\u0259 nail olmaqd\u0131r.\n<\/p>\n<p>\n  <b><br \/>\n    <i><br \/>\n      Manat hans\u0131 hallarda m\u00f6hk\u0259ml\u0259nm\u0259kd\u0259 davam ed\u0259 bil\u0259r?<br \/>\n    <\/i><br \/>\n  <\/b>\n<\/p>\n<p>\n  V\u00fcqar Bayramov deyir ki, g\u00f6zl\u0259nildiyi kimi, M\u0259rk\u0259zi Bank D\u00f6vl\u0259t Neft Fondundan transfer edil\u0259n 7.5 milyard manat\u0131 h\u0259rraclara \u00e7\u0131xarmayacaq. Ba\u015f bank dig\u0259r al\u0259tl\u0259rd\u0259n istifad\u0259 ed\u0259r\u0259k dollara olan t\u0259l\u0259bi optimalla\u015fd\u0131r\u0131r. \u018fg\u0259r s\u00f6z\u00fcged\u0259n v\u0259saitd\u0259n Beyn\u0259lxalq Bank\u0131n sa\u011flamla\u015fd\u0131r\u0131lmas\u0131 \u00fc\u00e7\u00fcn istifad\u0259 edil\u0259c\u0259ks\u0259, o zaman Beyn\u0259lxalq Bank n\u00f6vb\u0259ti aylarda da h\u0259rraclarda az g\u00f6rs\u0259n\u0259c\u0259k:\n<\/p>\n<p>\n  \u201cM\u0259rk\u0259zi Bank \u00fc\u00e7\u00fcn manat\u0131n m\u00f6vcud m\u0259z\u0259nn\u0259sini qorumaq xeyli asan olacaq. Bu, h\u0259rracda \u0259sas al\u0131c\u0131lardan birinin xarici valyuta t\u0259l\u0259binin h\u0259rracdan k\u0259nar \u00f6d\u0259nilm\u0259si dem\u0259kdir. Ssenari ba\u015f ver\u0259rs\u0259 manat\u0131n m\u0259z\u0259nn\u0259sind\u0259 stabillik \u0259ld\u0259 etm\u0259k m\u00fcmk\u00fcn olacaq. Burada manat bazas\u0131, idxal\u0131n minimumla\u015fd\u0131r\u0131lmas\u0131, b\u00fcdc\u0259 konsolidasiyas\u0131, neftin d\u00fcnya bazar qiym\u0259ti kimi faktorlar\u0131 da yaddan \u00e7\u0131xartmaq olmaz\u201d.\n<\/p>\n<blockquote><p>\n  \u201cB\u00fcdc\u0259d\u0259n infrastruktur x\u0259rcl\u0259m\u0259l\u0259ri artd\u0131qca manat bazas\u0131 geni\u015fl\u0259n\u0259c\u0259k\u201d\n<\/p><\/blockquote>\n<p>\n  \u0130qtisad\u00e7\u0131 bildirir ki, b\u00fcdc\u0259d\u0259n infrastruktur x\u0259rcl\u0259m\u0259l\u0259ri artd\u0131qca manat bazas\u0131 geni\u015fl\u0259n\u0259c\u0259k v\u0259 idxal ehtiyac\u0131 y\u00fcks\u0259l\u0259c\u0259k. Bel\u0259 hallarda is\u0259 h\u0259rracalara daha \u00e7ox valyuta \u00e7\u0131xarmaqla prosesi t\u0259nziml\u0259m\u0259k laz\u0131m olacaq:\n<\/p>\n<p>\n  \u201cLiberal m\u0259z\u0259nn\u0259 siyas\u0259tini t\u0259tbiq ed\u0259n \u00f6lk\u0259l\u0259rd\u0259 milli valyutalar\u0131n ilk 6 ayda bazar d\u0259y\u0259rini tapmas\u0131 m\u00fc\u015fahid\u0259 edilib. Ox\u015far t\u0259cr\u00fcb\u0259 bizd\u0259 d\u0259 t\u0259krarlanarsa 2017-ci ilin birinci yar\u0131s\u0131nda manat\u0131n bazar d\u0259y\u0259rin\u0259 nail olmaq m\u00fcmk\u00fcn olacaq. Bu, milli valyutan\u0131n kursunda volatilliyinin azalmas\u0131na s\u0259b\u0259b ola bil\u0259r. El\u0259 M\u0259rk\u0259zi Bank\u0131n da \u0259sas h\u0259d\u0259fi bu olmal\u0131d\u0131r. M\u0259hz bundan sonra \u0259ks-dollarla\u015fma prosesin\u0259 ba\u015flamaq m\u00fcmk\u00fcnd\u00fcr. \u018fks-dollarla\u015fma prosesi il\u0259 yana\u015f\u0131 is\u0259 manat\u0131n bazas\u0131n\u0131n m\u0259rh\u0259l\u0259li geni\u015fl\u0259nm\u0259si v\u0259 bununla da iqtisadi aktivliyi b\u0259rpa etm\u0259k laz\u0131md\u0131r\u201d.\n<\/p>\n<p>\n  <b><br \/>\n    <i><br \/>\n      Hans\u0131 halda dollar yenid\u0259n m\u00f6hk\u0259ml\u0259n\u0259 bil\u0259r?<br \/>\n    <\/i><br \/>\n  <\/b>\n<\/p>\n<p>\n  V\u00fcqar Bayramov deyir ki, d\u00f6vriyy\u0259d\u0259 manat k\u00fctl\u0259sinin artmas\u0131 dollara yenid\u0259n t\u0259l\u0259b formala\u015fd\u0131ra bil\u0259r. M\u0259rk\u0259zi Bank manat sterilizasiyas\u0131n\u0131 dayand\u0131rar, b\u00fcdc\u0259nin infrastruktur x\u0259rcl\u0259ri artarsa v\u0259 el\u0259c\u0259 d\u0259 Beyn\u0259lxalq Bank bazardak\u0131 aktivliyini art\u0131rarsa, bu, yenid\u0259n dollara t\u0259l\u0259bi art\u0131ra bil\u0259r:\n<\/p>\n<p>\n  \u201cG\u00f6r\u00fcn\u0259n budur ki, h\u0259l\u0259lik manat bazas\u0131n\u0131n geni\u015fl\u0259ndirilm\u0259si g\u00fcnd\u0259md\u0259 deyil. B\u00fct\u00f6vl\u00fckd\u0259 ist\u0259nil\u0259n qiym\u0259tl\u0259ndirm\u0259 g\u00f6st\u0259rir ki, n\u00f6vb\u0259ti aylarda yen\u0259 d\u0259 M\u0259rk\u0259zi Bank\u0131n hans\u0131 t\u0259nziml\u0259yici al\u0259tl\u0259rd\u0259n istifad\u0259 etm\u0259si \u0259h\u0259miyy\u0259tli olacaq. Bazardak\u0131 psixoloji effektl\u0259ri n\u0259z\u0259r\u0259 alsaq, manat\u0131n yenid\u0259n ucuzla\u015fmas\u0131n\u0131n qar\u015f\u0131s\u0131n\u0131n al\u0131nmas\u0131 imkanlar\u0131 indi \u0259vv\u0259lki d\u00f6vrl\u0259r\u0259 nisb\u0259t\u0259n daha y\u00fcks\u0259kdir. M\u0259hz yuxar\u0131da qeyd edil\u0259n s\u0259b\u0259bl\u0259rd\u0259n hal-haz\u0131rda psixoloji \u00fcst\u00fcnl\u00fck manat\u0131n t\u0259r\u0259find\u0259dir\u201d.<\/p>\n","protected":false},"excerpt":{"rendered":"<p>\u0130qtisad\u00e7\u0131 V\u00fcqar Bayramov bunun s\u0259b\u0259bl\u0259rini izah edir<\/p>\n","protected":false},"author":11,"featured_media":81173,"comment_status":"closed","ping_status":"open","sticky":false,"template":"","format":"standard","meta":{"_acf_changed":false,"_sitemap_exclude":false,"_sitemap_priority":"","_sitemap_frequency":"","footnotes":""},"categories":[51],"tags":[],"class_list":["post-183228","post","type-post","status-publish","format-standard","has-post-thumbnail","hentry","category-analitika","infinite-scroll-item","generate-columns","tablet-grid-50","mobile-grid-100","grid-parent","grid-33","no-featured-image-padding"],"acf":[],"yoast_head":"<!-- This site is optimized with the Yoast SEO plugin v27.4 - https:\/\/yoast.com\/product\/yoast-seo-wordpress\/ -->\n<title>FED u\u00e7ot d\u0259r\u0259c\u0259sini art\u0131rd\u0131, ancaq manat h\u0259rracda d\u0259y\u0259r qazand\u0131 - MEYDAN.TV<\/title>\n<meta name=\"robots\" content=\"index, follow, max-snippet:-1, max-image-preview:large, max-video-preview:-1\" \/>\n<link rel=\"canonical\" href=\"https:\/\/www.meydan.tv\/az\/article\/fed-ucot-derecesini-artirdi-ancaq-manat-herracda-deyer-qazandi\/\" \/>\n<meta property=\"og:locale\" content=\"az_AZ\" \/>\n<meta property=\"og:type\" content=\"article\" \/>\n<meta property=\"og:title\" content=\"FED u\u00e7ot d\u0259r\u0259c\u0259sini art\u0131rd\u0131, ancaq manat h\u0259rracda d\u0259y\u0259r qazand\u0131 - MEYDAN.TV\" \/>\n<meta property=\"og:description\" content=\"\u0130qtisad\u00e7\u0131 V\u00fcqar Bayramov bunun s\u0259b\u0259bl\u0259rini izah edir\" \/>\n<meta property=\"og:url\" content=\"https:\/\/www.meydan.tv\/az\/article\/fed-ucot-derecesini-artirdi-ancaq-manat-herracda-deyer-qazandi\/\" \/>\n<meta property=\"og:site_name\" content=\"MEYDAN.TV\" \/>\n<meta property=\"article:published_time\" content=\"2017-03-16T15:04:39+00:00\" \/>\n<meta property=\"og:image\" content=\"https:\/\/www.meydan.tv\/wp-content\/uploads\/29310.jpg\" \/>\n\t<meta property=\"og:image:width\" content=\"810\" \/>\n\t<meta property=\"og:image:height\" content=\"450\" \/>\n\t<meta property=\"og:image:type\" content=\"image\/jpeg\" \/>\n<meta name=\"author\" content=\"user-manager\" \/>\n<meta name=\"twitter:card\" content=\"summary_large_image\" \/>\n<script type=\"application\/ld+json\" class=\"yoast-schema-graph\">{\"@context\":\"https:\\\/\\\/schema.org\",\"@graph\":[{\"@type\":\"Article\",\"@id\":\"https:\\\/\\\/www.meydan.tv\\\/az\\\/article\\\/fed-ucot-derecesini-artirdi-ancaq-manat-herracda-deyer-qazandi\\\/#article\",\"isPartOf\":{\"@id\":\"https:\\\/\\\/www.meydan.tv\\\/az\\\/article\\\/fed-ucot-derecesini-artirdi-ancaq-manat-herracda-deyer-qazandi\\\/\"},\"author\":{\"name\":\"user-manager\",\"@id\":\"https:\\\/\\\/www.meydan.tv\\\/az\\\/#\\\/schema\\\/person\\\/10d11eccf6da3662cf5fdab9806ea91a\"},\"headline\":\"FED u\u00e7ot d\u0259r\u0259c\u0259sini art\u0131rd\u0131, ancaq manat h\u0259rracda d\u0259y\u0259r qazand\u0131\",\"datePublished\":\"2017-03-16T15:04:39+00:00\",\"mainEntityOfPage\":{\"@id\":\"https:\\\/\\\/www.meydan.tv\\\/az\\\/article\\\/fed-ucot-derecesini-artirdi-ancaq-manat-herracda-deyer-qazandi\\\/\"},\"wordCount\":868,\"publisher\":{\"@id\":\"https:\\\/\\\/www.meydan.tv\\\/az\\\/#organization\"},\"image\":{\"@id\":\"https:\\\/\\\/www.meydan.tv\\\/az\\\/article\\\/fed-ucot-derecesini-artirdi-ancaq-manat-herracda-deyer-qazandi\\\/#primaryimage\"},\"thumbnailUrl\":\"https:\\\/\\\/www.meydan.tv\\\/wp-content\\\/uploads\\\/29310.jpg\",\"articleSection\":[\"Analitika\"],\"inLanguage\":\"az\"},{\"@type\":\"WebPage\",\"@id\":\"https:\\\/\\\/www.meydan.tv\\\/az\\\/article\\\/fed-ucot-derecesini-artirdi-ancaq-manat-herracda-deyer-qazandi\\\/\",\"url\":\"https:\\\/\\\/www.meydan.tv\\\/az\\\/article\\\/fed-ucot-derecesini-artirdi-ancaq-manat-herracda-deyer-qazandi\\\/\",\"name\":\"FED u\u00e7ot d\u0259r\u0259c\u0259sini art\u0131rd\u0131, ancaq manat h\u0259rracda d\u0259y\u0259r qazand\u0131 - MEYDAN.TV\",\"isPartOf\":{\"@id\":\"https:\\\/\\\/www.meydan.tv\\\/az\\\/#website\"},\"primaryImageOfPage\":{\"@id\":\"https:\\\/\\\/www.meydan.tv\\\/az\\\/article\\\/fed-ucot-derecesini-artirdi-ancaq-manat-herracda-deyer-qazandi\\\/#primaryimage\"},\"image\":{\"@id\":\"https:\\\/\\\/www.meydan.tv\\\/az\\\/article\\\/fed-ucot-derecesini-artirdi-ancaq-manat-herracda-deyer-qazandi\\\/#primaryimage\"},\"thumbnailUrl\":\"https:\\\/\\\/www.meydan.tv\\\/wp-content\\\/uploads\\\/29310.jpg\",\"datePublished\":\"2017-03-16T15:04:39+00:00\",\"breadcrumb\":{\"@id\":\"https:\\\/\\\/www.meydan.tv\\\/az\\\/article\\\/fed-ucot-derecesini-artirdi-ancaq-manat-herracda-deyer-qazandi\\\/#breadcrumb\"},\"inLanguage\":\"az\",\"potentialAction\":[{\"@type\":\"ReadAction\",\"target\":[\"https:\\\/\\\/www.meydan.tv\\\/az\\\/article\\\/fed-ucot-derecesini-artirdi-ancaq-manat-herracda-deyer-qazandi\\\/\"]}]},{\"@type\":\"ImageObject\",\"inLanguage\":\"az\",\"@id\":\"https:\\\/\\\/www.meydan.tv\\\/az\\\/article\\\/fed-ucot-derecesini-artirdi-ancaq-manat-herracda-deyer-qazandi\\\/#primaryimage\",\"url\":\"https:\\\/\\\/www.meydan.tv\\\/wp-content\\\/uploads\\\/29310.jpg\",\"contentUrl\":\"https:\\\/\\\/www.meydan.tv\\\/wp-content\\\/uploads\\\/29310.jpg\",\"width\":810,\"height\":450,\"caption\":\"Source:\"},{\"@type\":\"BreadcrumbList\",\"@id\":\"https:\\\/\\\/www.meydan.tv\\\/az\\\/article\\\/fed-ucot-derecesini-artirdi-ancaq-manat-herracda-deyer-qazandi\\\/#breadcrumb\",\"itemListElement\":[{\"@type\":\"ListItem\",\"position\":1,\"name\":\"Ana s\u0259hif\u0259\",\"item\":\"https:\\\/\\\/www.meydan.tv\\\/az\\\/\"},{\"@type\":\"ListItem\",\"position\":2,\"name\":\"Analitika\",\"item\":\"https:\\\/\\\/www.meydan.tv\\\/az\\\/section\\\/analitika\\\/\"},{\"@type\":\"ListItem\",\"position\":3,\"name\":\"FED u\u00e7ot d\u0259r\u0259c\u0259sini art\u0131rd\u0131, ancaq manat h\u0259rracda d\u0259y\u0259r qazand\u0131\"}]},{\"@type\":\"WebSite\",\"@id\":\"https:\\\/\\\/www.meydan.tv\\\/az\\\/#website\",\"url\":\"https:\\\/\\\/www.meydan.tv\\\/az\\\/\",\"name\":\"MEYDAN.TV\",\"description\":\"Meydan TV Az\u0259rbaycan\u0131n media m\u0259kan\u0131ndak\u0131 alternativ s\u0259sidir\",\"publisher\":{\"@id\":\"https:\\\/\\\/www.meydan.tv\\\/az\\\/#organization\"},\"potentialAction\":[{\"@type\":\"SearchAction\",\"target\":{\"@type\":\"EntryPoint\",\"urlTemplate\":\"https:\\\/\\\/www.meydan.tv\\\/az\\\/?s={search_term_string}\"},\"query-input\":{\"@type\":\"PropertyValueSpecification\",\"valueRequired\":true,\"valueName\":\"search_term_string\"}}],\"inLanguage\":\"az\"},{\"@type\":\"Organization\",\"@id\":\"https:\\\/\\\/www.meydan.tv\\\/az\\\/#organization\",\"name\":\"Meydan TV\",\"url\":\"https:\\\/\\\/www.meydan.tv\\\/az\\\/\",\"logo\":{\"@type\":\"ImageObject\",\"inLanguage\":\"az\",\"@id\":\"https:\\\/\\\/www.meydan.tv\\\/az\\\/#\\\/schema\\\/logo\\\/image\\\/\",\"url\":\"https:\\\/\\\/www.meydan.tv\\\/wp-content\\\/uploads\\\/2021\\\/07\\\/meydan-logo.svg\",\"contentUrl\":\"https:\\\/\\\/www.meydan.tv\\\/wp-content\\\/uploads\\\/2021\\\/07\\\/meydan-logo.svg\",\"width\":195,\"height\":46,\"caption\":\"Meydan TV\"},\"image\":{\"@id\":\"https:\\\/\\\/www.meydan.tv\\\/az\\\/#\\\/schema\\\/logo\\\/image\\\/\"}},{\"@type\":\"Person\",\"@id\":\"https:\\\/\\\/www.meydan.tv\\\/az\\\/#\\\/schema\\\/person\\\/10d11eccf6da3662cf5fdab9806ea91a\",\"name\":\"user-manager\"}]}<\/script>\n<!-- \/ Yoast SEO plugin. -->","yoast_head_json":{"title":"FED u\u00e7ot d\u0259r\u0259c\u0259sini art\u0131rd\u0131, ancaq manat h\u0259rracda d\u0259y\u0259r qazand\u0131 - MEYDAN.TV","robots":{"index":"index","follow":"follow","max-snippet":"max-snippet:-1","max-image-preview":"max-image-preview:large","max-video-preview":"max-video-preview:-1"},"canonical":"https:\/\/www.meydan.tv\/az\/article\/fed-ucot-derecesini-artirdi-ancaq-manat-herracda-deyer-qazandi\/","og_locale":"az_AZ","og_type":"article","og_title":"FED u\u00e7ot d\u0259r\u0259c\u0259sini art\u0131rd\u0131, ancaq manat h\u0259rracda d\u0259y\u0259r qazand\u0131 - MEYDAN.TV","og_description":"\u0130qtisad\u00e7\u0131 V\u00fcqar Bayramov bunun s\u0259b\u0259bl\u0259rini izah edir","og_url":"https:\/\/www.meydan.tv\/az\/article\/fed-ucot-derecesini-artirdi-ancaq-manat-herracda-deyer-qazandi\/","og_site_name":"MEYDAN.TV","article_published_time":"2017-03-16T15:04:39+00:00","og_image":[{"width":810,"height":450,"url":"https:\/\/www.meydan.tv\/wp-content\/uploads\/29310.jpg","type":"image\/jpeg"}],"author":"user-manager","twitter_card":"summary_large_image","schema":{"@context":"https:\/\/schema.org","@graph":[{"@type":"Article","@id":"https:\/\/www.meydan.tv\/az\/article\/fed-ucot-derecesini-artirdi-ancaq-manat-herracda-deyer-qazandi\/#article","isPartOf":{"@id":"https:\/\/www.meydan.tv\/az\/article\/fed-ucot-derecesini-artirdi-ancaq-manat-herracda-deyer-qazandi\/"},"author":{"name":"user-manager","@id":"https:\/\/www.meydan.tv\/az\/#\/schema\/person\/10d11eccf6da3662cf5fdab9806ea91a"},"headline":"FED u\u00e7ot d\u0259r\u0259c\u0259sini art\u0131rd\u0131, ancaq manat h\u0259rracda d\u0259y\u0259r qazand\u0131","datePublished":"2017-03-16T15:04:39+00:00","mainEntityOfPage":{"@id":"https:\/\/www.meydan.tv\/az\/article\/fed-ucot-derecesini-artirdi-ancaq-manat-herracda-deyer-qazandi\/"},"wordCount":868,"publisher":{"@id":"https:\/\/www.meydan.tv\/az\/#organization"},"image":{"@id":"https:\/\/www.meydan.tv\/az\/article\/fed-ucot-derecesini-artirdi-ancaq-manat-herracda-deyer-qazandi\/#primaryimage"},"thumbnailUrl":"https:\/\/www.meydan.tv\/wp-content\/uploads\/29310.jpg","articleSection":["Analitika"],"inLanguage":"az"},{"@type":"WebPage","@id":"https:\/\/www.meydan.tv\/az\/article\/fed-ucot-derecesini-artirdi-ancaq-manat-herracda-deyer-qazandi\/","url":"https:\/\/www.meydan.tv\/az\/article\/fed-ucot-derecesini-artirdi-ancaq-manat-herracda-deyer-qazandi\/","name":"FED u\u00e7ot d\u0259r\u0259c\u0259sini art\u0131rd\u0131, ancaq manat h\u0259rracda d\u0259y\u0259r qazand\u0131 - MEYDAN.TV","isPartOf":{"@id":"https:\/\/www.meydan.tv\/az\/#website"},"primaryImageOfPage":{"@id":"https:\/\/www.meydan.tv\/az\/article\/fed-ucot-derecesini-artirdi-ancaq-manat-herracda-deyer-qazandi\/#primaryimage"},"image":{"@id":"https:\/\/www.meydan.tv\/az\/article\/fed-ucot-derecesini-artirdi-ancaq-manat-herracda-deyer-qazandi\/#primaryimage"},"thumbnailUrl":"https:\/\/www.meydan.tv\/wp-content\/uploads\/29310.jpg","datePublished":"2017-03-16T15:04:39+00:00","breadcrumb":{"@id":"https:\/\/www.meydan.tv\/az\/article\/fed-ucot-derecesini-artirdi-ancaq-manat-herracda-deyer-qazandi\/#breadcrumb"},"inLanguage":"az","potentialAction":[{"@type":"ReadAction","target":["https:\/\/www.meydan.tv\/az\/article\/fed-ucot-derecesini-artirdi-ancaq-manat-herracda-deyer-qazandi\/"]}]},{"@type":"ImageObject","inLanguage":"az","@id":"https:\/\/www.meydan.tv\/az\/article\/fed-ucot-derecesini-artirdi-ancaq-manat-herracda-deyer-qazandi\/#primaryimage","url":"https:\/\/www.meydan.tv\/wp-content\/uploads\/29310.jpg","contentUrl":"https:\/\/www.meydan.tv\/wp-content\/uploads\/29310.jpg","width":810,"height":450,"caption":"Source:"},{"@type":"BreadcrumbList","@id":"https:\/\/www.meydan.tv\/az\/article\/fed-ucot-derecesini-artirdi-ancaq-manat-herracda-deyer-qazandi\/#breadcrumb","itemListElement":[{"@type":"ListItem","position":1,"name":"Ana s\u0259hif\u0259","item":"https:\/\/www.meydan.tv\/az\/"},{"@type":"ListItem","position":2,"name":"Analitika","item":"https:\/\/www.meydan.tv\/az\/section\/analitika\/"},{"@type":"ListItem","position":3,"name":"FED u\u00e7ot d\u0259r\u0259c\u0259sini art\u0131rd\u0131, ancaq manat h\u0259rracda d\u0259y\u0259r qazand\u0131"}]},{"@type":"WebSite","@id":"https:\/\/www.meydan.tv\/az\/#website","url":"https:\/\/www.meydan.tv\/az\/","name":"MEYDAN.TV","description":"Meydan TV Az\u0259rbaycan\u0131n media m\u0259kan\u0131ndak\u0131 alternativ s\u0259sidir","publisher":{"@id":"https:\/\/www.meydan.tv\/az\/#organization"},"potentialAction":[{"@type":"SearchAction","target":{"@type":"EntryPoint","urlTemplate":"https:\/\/www.meydan.tv\/az\/?s={search_term_string}"},"query-input":{"@type":"PropertyValueSpecification","valueRequired":true,"valueName":"search_term_string"}}],"inLanguage":"az"},{"@type":"Organization","@id":"https:\/\/www.meydan.tv\/az\/#organization","name":"Meydan TV","url":"https:\/\/www.meydan.tv\/az\/","logo":{"@type":"ImageObject","inLanguage":"az","@id":"https:\/\/www.meydan.tv\/az\/#\/schema\/logo\/image\/","url":"https:\/\/www.meydan.tv\/wp-content\/uploads\/2021\/07\/meydan-logo.svg","contentUrl":"https:\/\/www.meydan.tv\/wp-content\/uploads\/2021\/07\/meydan-logo.svg","width":195,"height":46,"caption":"Meydan TV"},"image":{"@id":"https:\/\/www.meydan.tv\/az\/#\/schema\/logo\/image\/"}},{"@type":"Person","@id":"https:\/\/www.meydan.tv\/az\/#\/schema\/person\/10d11eccf6da3662cf5fdab9806ea91a","name":"user-manager"}]}},"_links":{"self":[{"href":"https:\/\/www.meydan.tv\/az\/wp-json\/wp\/v2\/posts\/183228","targetHints":{"allow":["GET"]}}],"collection":[{"href":"https:\/\/www.meydan.tv\/az\/wp-json\/wp\/v2\/posts"}],"about":[{"href":"https:\/\/www.meydan.tv\/az\/wp-json\/wp\/v2\/types\/post"}],"author":[{"embeddable":true,"href":"https:\/\/www.meydan.tv\/az\/wp-json\/wp\/v2\/users\/11"}],"replies":[{"embeddable":true,"href":"https:\/\/www.meydan.tv\/az\/wp-json\/wp\/v2\/comments?post=183228"}],"version-history":[{"count":0,"href":"https:\/\/www.meydan.tv\/az\/wp-json\/wp\/v2\/posts\/183228\/revisions"}],"wp:featuredmedia":[{"embeddable":true,"href":"https:\/\/www.meydan.tv\/az\/wp-json\/wp\/v2\/media\/81173"}],"wp:attachment":[{"href":"https:\/\/www.meydan.tv\/az\/wp-json\/wp\/v2\/media?parent=183228"}],"wp:term":[{"taxonomy":"category","embeddable":true,"href":"https:\/\/www.meydan.tv\/az\/wp-json\/wp\/v2\/categories?post=183228"},{"taxonomy":"post_tag","embeddable":true,"href":"https:\/\/www.meydan.tv\/az\/wp-json\/wp\/v2\/tags?post=183228"}],"curies":[{"name":"wp","href":"https:\/\/api.w.org\/{rel}","templated":true}]}}