{"id":183187,"date":"2017-03-14T20:56:38","date_gmt":"2017-03-14T20:56:38","guid":{"rendered":"https:\/\/www.meydan.tv\/article\/bakinin-kubinka-adlanan-kohne-mehellesi\/"},"modified":"2021-10-29T16:13:44","modified_gmt":"2021-10-29T12:13:44","slug":"bakinin-kubinka-adlanan-kohne-mehellesi","status":"publish","type":"post","link":"https:\/\/www.meydan.tv\/az\/article\/bakinin-kubinka-adlanan-kohne-mehellesi\/","title":{"rendered":"Bak\u0131n\u0131n &#8221;Kubinka&#8221; adlanan k\u00f6hn\u0259 m\u0259h\u0259ll\u0259si"},"content":{"rendered":"<figure class=\"wp-block-image size-large\">\n  <img decoding=\"async\" src=\"https:\/\/www.meydan.tv\/az\/80999\/\" alt=\"\" class=\"wp-image-80999\"\/><figcaption><\/figcaption><\/figure>\n<p>\n  &#8220;Kubinka&#8221;n\u0131n \u0259n q\u0259dim yeri indiki g\u00f6yd\u0259l\u0259nl\u0259rin alt\u0131nda qal\u0131b. H\u0259min \u0259razid\u0259 ke\u00e7mi\u015fd\u0259 bazar olub.\u018fslind\u0259 indiki \u0259razi &#8220;Kubinka&#8221; say\u0131lm\u0131r. \u018fsl &#8220;Kubinka&#8221; yeni evl\u0259rin alt\u0131ndak\u0131d\u0131r. Hans\u0131 ki, &#8220;\u015e\u0259rikli \u00c7\u00f6r\u0259k&#8221; filmi d\u0259 h\u0259min \u0259razid\u0259 \u00e7\u0259kilib.\n<\/p>\n<figure class=\"wp-block-image size-large\">\n  <img decoding=\"async\" src=\"https:\/\/www.meydan.tv\/az\/80996\/\" alt=\"\" class=\"wp-image-80996\"\/><figcaption><\/figcaption><\/figure>\n<p>\n  &#8220;Ke\u00e7mi\u015fd\u0259 \u015f\u0259nb\u0259-bazar g\u00fcnl\u0259rind\u0259, indiki d\u0259rsan\u0259l\u0259rin yerind\u0259 faytonlar d\u00fcz\u00fcl\u0259rdi. \u015e\u0259h\u0259rin m\u00fcxt\u0259lif yerl\u0259rind\u0259n insanlar bura bal\u0131q almaq \u00fc\u00e7\u00fcn g\u0259l\u0259rdi. Bal\u0131q\u00e7\u0131lar da \u00f6z mallar\u0131n\u0131 satmaq \u00fc\u00e7\u00fcn al\u0131c\u0131lara &#8220;Bal\u0131q var&#8221;, &#8220;G\u0259l, ay m\u00fc\u015ft\u0259ri, q\u0131z\u0131ldand\u0131 di\u015fl\u0259ri&#8221; kimi \u00e7a\u011f\u0131r\u0131\u015flar ed\u0259rdil\u0259r.\n<\/p>\n<figure class=\"wp-block-image size-large\">\n  <img decoding=\"async\" src=\"https:\/\/www.meydan.tv\/az\/81104\/\" alt=\"\" class=\"wp-image-81104\"\/><figcaption><\/figcaption><\/figure>\n<p>\n  O vaxtlar burada h\u0259r k\u0259s bir-birin\u0259 &#8220;salam&#8221; verib ke\u00e7\u0259rdis\u0259, indi bu ad\u0259t d\u0259 yaddan \u00e7\u0131xar\u0131l\u0131b.<br \/>\n  <br \/>\n  M\u0259h\u0259ll\u0259d\u0259 h\u0259min g\u00fcnl\u0259r el\u0259 bil ki, bayram olard\u0131. Ham\u0131 bir-birin\u0259 qaynay\u0131b-qar\u0131\u015fard\u0131.\n<\/p>\n<figure class=\"wp-block-image size-large\">\n  <img decoding=\"async\" src=\"https:\/\/www.meydan.tv\/az\/80993\/\" alt=\"\" class=\"wp-image-80993\"\/><figcaption><\/figcaption><\/figure>\n<figure class=\"wp-block-image size-large\">\n  <img decoding=\"async\" src=\"https:\/\/www.meydan.tv\/az\/81002\/\" alt=\"\" class=\"wp-image-81002\"\/><figcaption><\/figcaption><\/figure>\n<\/p><\/p>\n","protected":false},"excerpt":{"rendered":"<p>&#8220;Kubinka&#8221;n\u0131n \u0259n q\u0259dim yeri indiki g\u00f6yd\u0259l\u0259nl\u0259rin alt\u0131nda qal\u0131b<\/p>\n","protected":false},"author":11,"featured_media":80999,"comment_status":"closed","ping_status":"open","sticky":false,"template":"","format":"standard","meta":{"_acf_changed":false,"_sitemap_exclude":false,"_sitemap_priority":"","_sitemap_frequency":"","footnotes":""},"categories":[58],"tags":[],"class_list":["post-183187","post","type-post","status-publish","format-standard","has-post-thumbnail","hentry","category-fotoreportaj","infinite-scroll-item","generate-columns","tablet-grid-50","mobile-grid-100","grid-parent","grid-33","no-featured-image-padding"],"acf":[],"yoast_head":"<!-- This site is optimized with the Yoast SEO plugin v27.4 - https:\/\/yoast.com\/product\/yoast-seo-wordpress\/ -->\n<title>Bak\u0131n\u0131n &#039;&#039;Kubinka&#039;&#039; adlanan k\u00f6hn\u0259 m\u0259h\u0259ll\u0259si - MEYDAN.TV<\/title>\n<meta name=\"robots\" content=\"index, follow, max-snippet:-1, max-image-preview:large, max-video-preview:-1\" \/>\n<link rel=\"canonical\" href=\"https:\/\/www.meydan.tv\/az\/article\/bakinin-kubinka-adlanan-kohne-mehellesi\/\" \/>\n<meta property=\"og:locale\" content=\"az_AZ\" \/>\n<meta property=\"og:type\" content=\"article\" \/>\n<meta property=\"og:title\" content=\"Bak\u0131n\u0131n &#039;&#039;Kubinka&#039;&#039; adlanan k\u00f6hn\u0259 m\u0259h\u0259ll\u0259si - MEYDAN.TV\" \/>\n<meta property=\"og:description\" content=\"&quot;Kubinka&quot;n\u0131n \u0259n q\u0259dim yeri indiki g\u00f6yd\u0259l\u0259nl\u0259rin alt\u0131nda qal\u0131b\" \/>\n<meta property=\"og:url\" content=\"https:\/\/www.meydan.tv\/az\/article\/bakinin-kubinka-adlanan-kohne-mehellesi\/\" \/>\n<meta property=\"og:site_name\" content=\"MEYDAN.TV\" \/>\n<meta property=\"article:published_time\" content=\"2017-03-14T20:56:38+00:00\" \/>\n<meta property=\"article:modified_time\" content=\"2021-10-29T12:13:44+00:00\" \/>\n<meta property=\"og:image\" content=\"https:\/\/www.meydan.tv\/wp-content\/uploads\/31654.jpg\" \/>\n\t<meta property=\"og:image:width\" content=\"1620\" \/>\n\t<meta property=\"og:image:height\" content=\"1080\" \/>\n\t<meta property=\"og:image:type\" content=\"image\/jpeg\" \/>\n<meta name=\"author\" content=\"user-manager\" \/>\n<meta name=\"twitter:card\" content=\"summary_large_image\" \/>\n<script type=\"application\/ld+json\" class=\"yoast-schema-graph\">{\"@context\":\"https:\\\/\\\/schema.org\",\"@graph\":[{\"@type\":\"Article\",\"@id\":\"https:\\\/\\\/www.meydan.tv\\\/az\\\/article\\\/bakinin-kubinka-adlanan-kohne-mehellesi\\\/#article\",\"isPartOf\":{\"@id\":\"https:\\\/\\\/www.meydan.tv\\\/az\\\/article\\\/bakinin-kubinka-adlanan-kohne-mehellesi\\\/\"},\"author\":{\"name\":\"user-manager\",\"@id\":\"https:\\\/\\\/www.meydan.tv\\\/az\\\/#\\\/schema\\\/person\\\/10d11eccf6da3662cf5fdab9806ea91a\"},\"headline\":\"Bak\u0131n\u0131n &#8221;Kubinka&#8221; adlanan k\u00f6hn\u0259 m\u0259h\u0259ll\u0259si\",\"datePublished\":\"2017-03-14T20:56:38+00:00\",\"dateModified\":\"2021-10-29T12:13:44+00:00\",\"mainEntityOfPage\":{\"@id\":\"https:\\\/\\\/www.meydan.tv\\\/az\\\/article\\\/bakinin-kubinka-adlanan-kohne-mehellesi\\\/\"},\"wordCount\":173,\"publisher\":{\"@id\":\"https:\\\/\\\/www.meydan.tv\\\/az\\\/#organization\"},\"image\":{\"@id\":\"https:\\\/\\\/www.meydan.tv\\\/az\\\/article\\\/bakinin-kubinka-adlanan-kohne-mehellesi\\\/#primaryimage\"},\"thumbnailUrl\":\"https:\\\/\\\/www.meydan.tv\\\/wp-content\\\/uploads\\\/31654.jpg\",\"articleSection\":[\"Fotoreportaj\"],\"inLanguage\":\"az\"},{\"@type\":\"WebPage\",\"@id\":\"https:\\\/\\\/www.meydan.tv\\\/az\\\/article\\\/bakinin-kubinka-adlanan-kohne-mehellesi\\\/\",\"url\":\"https:\\\/\\\/www.meydan.tv\\\/az\\\/article\\\/bakinin-kubinka-adlanan-kohne-mehellesi\\\/\",\"name\":\"Bak\u0131n\u0131n ''Kubinka'' adlanan k\u00f6hn\u0259 m\u0259h\u0259ll\u0259si - MEYDAN.TV\",\"isPartOf\":{\"@id\":\"https:\\\/\\\/www.meydan.tv\\\/az\\\/#website\"},\"primaryImageOfPage\":{\"@id\":\"https:\\\/\\\/www.meydan.tv\\\/az\\\/article\\\/bakinin-kubinka-adlanan-kohne-mehellesi\\\/#primaryimage\"},\"image\":{\"@id\":\"https:\\\/\\\/www.meydan.tv\\\/az\\\/article\\\/bakinin-kubinka-adlanan-kohne-mehellesi\\\/#primaryimage\"},\"thumbnailUrl\":\"https:\\\/\\\/www.meydan.tv\\\/wp-content\\\/uploads\\\/31654.jpg\",\"datePublished\":\"2017-03-14T20:56:38+00:00\",\"dateModified\":\"2021-10-29T12:13:44+00:00\",\"breadcrumb\":{\"@id\":\"https:\\\/\\\/www.meydan.tv\\\/az\\\/article\\\/bakinin-kubinka-adlanan-kohne-mehellesi\\\/#breadcrumb\"},\"inLanguage\":\"az\",\"potentialAction\":[{\"@type\":\"ReadAction\",\"target\":[\"https:\\\/\\\/www.meydan.tv\\\/az\\\/article\\\/bakinin-kubinka-adlanan-kohne-mehellesi\\\/\"]}]},{\"@type\":\"ImageObject\",\"inLanguage\":\"az\",\"@id\":\"https:\\\/\\\/www.meydan.tv\\\/az\\\/article\\\/bakinin-kubinka-adlanan-kohne-mehellesi\\\/#primaryimage\",\"url\":\"https:\\\/\\\/www.meydan.tv\\\/wp-content\\\/uploads\\\/31654.jpg\",\"contentUrl\":\"https:\\\/\\\/www.meydan.tv\\\/wp-content\\\/uploads\\\/31654.jpg\",\"width\":1620,\"height\":1080,\"caption\":\"Source:\"},{\"@type\":\"BreadcrumbList\",\"@id\":\"https:\\\/\\\/www.meydan.tv\\\/az\\\/article\\\/bakinin-kubinka-adlanan-kohne-mehellesi\\\/#breadcrumb\",\"itemListElement\":[{\"@type\":\"ListItem\",\"position\":1,\"name\":\"Ana s\u0259hif\u0259\",\"item\":\"https:\\\/\\\/www.meydan.tv\\\/az\\\/\"},{\"@type\":\"ListItem\",\"position\":2,\"name\":\"Fotoreportaj\",\"item\":\"https:\\\/\\\/www.meydan.tv\\\/az\\\/section\\\/fotoreportaj\\\/\"},{\"@type\":\"ListItem\",\"position\":3,\"name\":\"Bak\u0131n\u0131n &#8221;Kubinka&#8221; adlanan k\u00f6hn\u0259 m\u0259h\u0259ll\u0259si\"}]},{\"@type\":\"WebSite\",\"@id\":\"https:\\\/\\\/www.meydan.tv\\\/az\\\/#website\",\"url\":\"https:\\\/\\\/www.meydan.tv\\\/az\\\/\",\"name\":\"MEYDAN.TV\",\"description\":\"Meydan TV Az\u0259rbaycan\u0131n media m\u0259kan\u0131ndak\u0131 alternativ s\u0259sidir\",\"publisher\":{\"@id\":\"https:\\\/\\\/www.meydan.tv\\\/az\\\/#organization\"},\"potentialAction\":[{\"@type\":\"SearchAction\",\"target\":{\"@type\":\"EntryPoint\",\"urlTemplate\":\"https:\\\/\\\/www.meydan.tv\\\/az\\\/?s={search_term_string}\"},\"query-input\":{\"@type\":\"PropertyValueSpecification\",\"valueRequired\":true,\"valueName\":\"search_term_string\"}}],\"inLanguage\":\"az\"},{\"@type\":\"Organization\",\"@id\":\"https:\\\/\\\/www.meydan.tv\\\/az\\\/#organization\",\"name\":\"Meydan TV\",\"url\":\"https:\\\/\\\/www.meydan.tv\\\/az\\\/\",\"logo\":{\"@type\":\"ImageObject\",\"inLanguage\":\"az\",\"@id\":\"https:\\\/\\\/www.meydan.tv\\\/az\\\/#\\\/schema\\\/logo\\\/image\\\/\",\"url\":\"https:\\\/\\\/www.meydan.tv\\\/wp-content\\\/uploads\\\/2021\\\/07\\\/meydan-logo.svg\",\"contentUrl\":\"https:\\\/\\\/www.meydan.tv\\\/wp-content\\\/uploads\\\/2021\\\/07\\\/meydan-logo.svg\",\"width\":195,\"height\":46,\"caption\":\"Meydan TV\"},\"image\":{\"@id\":\"https:\\\/\\\/www.meydan.tv\\\/az\\\/#\\\/schema\\\/logo\\\/image\\\/\"}},{\"@type\":\"Person\",\"@id\":\"https:\\\/\\\/www.meydan.tv\\\/az\\\/#\\\/schema\\\/person\\\/10d11eccf6da3662cf5fdab9806ea91a\",\"name\":\"user-manager\"}]}<\/script>\n<!-- \/ Yoast SEO plugin. -->","yoast_head_json":{"title":"Bak\u0131n\u0131n ''Kubinka'' adlanan k\u00f6hn\u0259 m\u0259h\u0259ll\u0259si - MEYDAN.TV","robots":{"index":"index","follow":"follow","max-snippet":"max-snippet:-1","max-image-preview":"max-image-preview:large","max-video-preview":"max-video-preview:-1"},"canonical":"https:\/\/www.meydan.tv\/az\/article\/bakinin-kubinka-adlanan-kohne-mehellesi\/","og_locale":"az_AZ","og_type":"article","og_title":"Bak\u0131n\u0131n ''Kubinka'' adlanan k\u00f6hn\u0259 m\u0259h\u0259ll\u0259si - MEYDAN.TV","og_description":"\"Kubinka\"n\u0131n \u0259n q\u0259dim yeri indiki g\u00f6yd\u0259l\u0259nl\u0259rin alt\u0131nda qal\u0131b","og_url":"https:\/\/www.meydan.tv\/az\/article\/bakinin-kubinka-adlanan-kohne-mehellesi\/","og_site_name":"MEYDAN.TV","article_published_time":"2017-03-14T20:56:38+00:00","article_modified_time":"2021-10-29T12:13:44+00:00","og_image":[{"width":1620,"height":1080,"url":"https:\/\/www.meydan.tv\/wp-content\/uploads\/31654.jpg","type":"image\/jpeg"}],"author":"user-manager","twitter_card":"summary_large_image","schema":{"@context":"https:\/\/schema.org","@graph":[{"@type":"Article","@id":"https:\/\/www.meydan.tv\/az\/article\/bakinin-kubinka-adlanan-kohne-mehellesi\/#article","isPartOf":{"@id":"https:\/\/www.meydan.tv\/az\/article\/bakinin-kubinka-adlanan-kohne-mehellesi\/"},"author":{"name":"user-manager","@id":"https:\/\/www.meydan.tv\/az\/#\/schema\/person\/10d11eccf6da3662cf5fdab9806ea91a"},"headline":"Bak\u0131n\u0131n &#8221;Kubinka&#8221; adlanan k\u00f6hn\u0259 m\u0259h\u0259ll\u0259si","datePublished":"2017-03-14T20:56:38+00:00","dateModified":"2021-10-29T12:13:44+00:00","mainEntityOfPage":{"@id":"https:\/\/www.meydan.tv\/az\/article\/bakinin-kubinka-adlanan-kohne-mehellesi\/"},"wordCount":173,"publisher":{"@id":"https:\/\/www.meydan.tv\/az\/#organization"},"image":{"@id":"https:\/\/www.meydan.tv\/az\/article\/bakinin-kubinka-adlanan-kohne-mehellesi\/#primaryimage"},"thumbnailUrl":"https:\/\/www.meydan.tv\/wp-content\/uploads\/31654.jpg","articleSection":["Fotoreportaj"],"inLanguage":"az"},{"@type":"WebPage","@id":"https:\/\/www.meydan.tv\/az\/article\/bakinin-kubinka-adlanan-kohne-mehellesi\/","url":"https:\/\/www.meydan.tv\/az\/article\/bakinin-kubinka-adlanan-kohne-mehellesi\/","name":"Bak\u0131n\u0131n ''Kubinka'' adlanan k\u00f6hn\u0259 m\u0259h\u0259ll\u0259si - MEYDAN.TV","isPartOf":{"@id":"https:\/\/www.meydan.tv\/az\/#website"},"primaryImageOfPage":{"@id":"https:\/\/www.meydan.tv\/az\/article\/bakinin-kubinka-adlanan-kohne-mehellesi\/#primaryimage"},"image":{"@id":"https:\/\/www.meydan.tv\/az\/article\/bakinin-kubinka-adlanan-kohne-mehellesi\/#primaryimage"},"thumbnailUrl":"https:\/\/www.meydan.tv\/wp-content\/uploads\/31654.jpg","datePublished":"2017-03-14T20:56:38+00:00","dateModified":"2021-10-29T12:13:44+00:00","breadcrumb":{"@id":"https:\/\/www.meydan.tv\/az\/article\/bakinin-kubinka-adlanan-kohne-mehellesi\/#breadcrumb"},"inLanguage":"az","potentialAction":[{"@type":"ReadAction","target":["https:\/\/www.meydan.tv\/az\/article\/bakinin-kubinka-adlanan-kohne-mehellesi\/"]}]},{"@type":"ImageObject","inLanguage":"az","@id":"https:\/\/www.meydan.tv\/az\/article\/bakinin-kubinka-adlanan-kohne-mehellesi\/#primaryimage","url":"https:\/\/www.meydan.tv\/wp-content\/uploads\/31654.jpg","contentUrl":"https:\/\/www.meydan.tv\/wp-content\/uploads\/31654.jpg","width":1620,"height":1080,"caption":"Source:"},{"@type":"BreadcrumbList","@id":"https:\/\/www.meydan.tv\/az\/article\/bakinin-kubinka-adlanan-kohne-mehellesi\/#breadcrumb","itemListElement":[{"@type":"ListItem","position":1,"name":"Ana s\u0259hif\u0259","item":"https:\/\/www.meydan.tv\/az\/"},{"@type":"ListItem","position":2,"name":"Fotoreportaj","item":"https:\/\/www.meydan.tv\/az\/section\/fotoreportaj\/"},{"@type":"ListItem","position":3,"name":"Bak\u0131n\u0131n &#8221;Kubinka&#8221; adlanan k\u00f6hn\u0259 m\u0259h\u0259ll\u0259si"}]},{"@type":"WebSite","@id":"https:\/\/www.meydan.tv\/az\/#website","url":"https:\/\/www.meydan.tv\/az\/","name":"MEYDAN.TV","description":"Meydan TV Az\u0259rbaycan\u0131n media m\u0259kan\u0131ndak\u0131 alternativ s\u0259sidir","publisher":{"@id":"https:\/\/www.meydan.tv\/az\/#organization"},"potentialAction":[{"@type":"SearchAction","target":{"@type":"EntryPoint","urlTemplate":"https:\/\/www.meydan.tv\/az\/?s={search_term_string}"},"query-input":{"@type":"PropertyValueSpecification","valueRequired":true,"valueName":"search_term_string"}}],"inLanguage":"az"},{"@type":"Organization","@id":"https:\/\/www.meydan.tv\/az\/#organization","name":"Meydan TV","url":"https:\/\/www.meydan.tv\/az\/","logo":{"@type":"ImageObject","inLanguage":"az","@id":"https:\/\/www.meydan.tv\/az\/#\/schema\/logo\/image\/","url":"https:\/\/www.meydan.tv\/wp-content\/uploads\/2021\/07\/meydan-logo.svg","contentUrl":"https:\/\/www.meydan.tv\/wp-content\/uploads\/2021\/07\/meydan-logo.svg","width":195,"height":46,"caption":"Meydan TV"},"image":{"@id":"https:\/\/www.meydan.tv\/az\/#\/schema\/logo\/image\/"}},{"@type":"Person","@id":"https:\/\/www.meydan.tv\/az\/#\/schema\/person\/10d11eccf6da3662cf5fdab9806ea91a","name":"user-manager"}]}},"_links":{"self":[{"href":"https:\/\/www.meydan.tv\/az\/wp-json\/wp\/v2\/posts\/183187","targetHints":{"allow":["GET"]}}],"collection":[{"href":"https:\/\/www.meydan.tv\/az\/wp-json\/wp\/v2\/posts"}],"about":[{"href":"https:\/\/www.meydan.tv\/az\/wp-json\/wp\/v2\/types\/post"}],"author":[{"embeddable":true,"href":"https:\/\/www.meydan.tv\/az\/wp-json\/wp\/v2\/users\/11"}],"replies":[{"embeddable":true,"href":"https:\/\/www.meydan.tv\/az\/wp-json\/wp\/v2\/comments?post=183187"}],"version-history":[{"count":1,"href":"https:\/\/www.meydan.tv\/az\/wp-json\/wp\/v2\/posts\/183187\/revisions"}],"predecessor-version":[{"id":216655,"href":"https:\/\/www.meydan.tv\/az\/wp-json\/wp\/v2\/posts\/183187\/revisions\/216655"}],"wp:featuredmedia":[{"embeddable":true,"href":"https:\/\/www.meydan.tv\/az\/wp-json\/wp\/v2\/media\/80999"}],"wp:attachment":[{"href":"https:\/\/www.meydan.tv\/az\/wp-json\/wp\/v2\/media?parent=183187"}],"wp:term":[{"taxonomy":"category","embeddable":true,"href":"https:\/\/www.meydan.tv\/az\/wp-json\/wp\/v2\/categories?post=183187"},{"taxonomy":"post_tag","embeddable":true,"href":"https:\/\/www.meydan.tv\/az\/wp-json\/wp\/v2\/tags?post=183187"}],"curies":[{"name":"wp","href":"https:\/\/api.w.org\/{rel}","templated":true}]}}