{"id":183174,"date":"2017-03-14T15:53:44","date_gmt":"2017-03-14T15:53:44","guid":{"rendered":"https:\/\/www.meydan.tv\/article\/muharibede-bir-gun-azerbaycanlilar-da-doyusur\/"},"modified":"2017-03-14T15:53:44","modified_gmt":"2017-03-14T15:53:44","slug":"muharibede-bir-gun-azerbaycanlilar-da-doyusur","status":"publish","type":"post","link":"https:\/\/www.meydan.tv\/az\/article\/muharibede-bir-gun-azerbaycanlilar-da-doyusur\/","title":{"rendered":"M\u00fcharib\u0259d\u0259 bir g\u00fcn &#8211; Az\u0259rbaycanl\u0131lar da d\u00f6y\u00fc\u015f\u00fcr"},"content":{"rendered":"<figure class=\"wp-block-embed is-type-video is-provider-youtube wp-block-embed-youtube wp-embed-aspect-16-9 wp-has-aspect-ratio\">\n<div class=\"wp-block-embed__wrapper\">\n    <iframe loading=\"lazy\"\ttitle=\"\" width=\"1200\" height=\"675\" src=\"https:\/\/www.youtube.com\/embed\/dk4auI-fK7w\"\tframeborder=\"0\"\tallow=\"accelerometer; autoplay; clipboard-write; encrypted-media; gyroscope; picture-in-picture\" allowfullscreen><\/iframe>\n  <\/div><figcaption><\/figcaption><\/figure>\n<p>\n  <i><br \/>\n    \u015e\u0259rqi Ukrayna m\u00fcharib\u0259 \u015f\u0259raitind\u0259dir<br \/>\n  <\/i>\n<\/p>\n<p>\n  R\u0259smi m\u0259lumatlara g\u00f6r\u0259, 2014-c\u00fc ild\u0259 ba\u015flam\u0131\u015f bu m\u00fcharib\u0259 n\u0259tic\u0259sind\u0259 10 min adam h\u0259lak olub ki, onlar\u0131n 25 faizi m\u00fclki \u015f\u0259xsl\u0259rdir.\n<\/p>\n<p>\n  Haz\u0131rda Ukrayna ordusunda k\u00f6n\u00fcll\u00fc xidm\u0259t ed\u0259n xeyli sayda az\u0259rbaycanl\u0131 var. Onlar\u0131n bir ne\u00e7\u0259sinin ad\u0131 Ukrayna q\u0259hr\u0259manlar\u0131 haqq\u0131nda yaz\u0131lm\u0131\u015f kitabda da var.\n<\/p>\n<p>\n  Meydan TV \u0259m\u0259kda\u015f\u0131 d\u00f6y\u00fc\u015f \u015f\u0259raitind\u0259 olan Luqanski \u015f\u0259h\u0259rind\u0259 olub, m\u00fcharib\u0259nin bir g\u00fcn\u00fcn\u00fc h\u0259rb\u00e7il\u0259rl\u0259 ya\u015fay\u0131b. Jurnalist s\u0259f\u0259ri \u00e7\u0259r\u00e7iv\u0259sind\u0259 m\u00fclki \u015f\u0259xsl\u0259rl\u0259 d\u0259 dan\u0131\u015f\u0131b. Eyni zamanda d\u00f6y\u00fc\u015f\u0259n xan\u0131m h\u0259rb\u00e7inin Qaraba\u011fla ba\u011fl\u0131 fikirl\u0259rini \u00f6yr\u0259nib.<\/p>\n","protected":false},"excerpt":{"rendered":"<p>\u015e\u0259rqi Ukrayna m\u00fcharib\u0259 \u015f\u0259raitind\u0259dir<\/p>\n","protected":false},"author":11,"featured_media":80987,"comment_status":"closed","ping_status":"open","sticky":false,"template":"","format":"standard","meta":{"_acf_changed":false,"_sitemap_exclude":false,"_sitemap_priority":"","_sitemap_frequency":"","footnotes":""},"categories":[63],"tags":[],"class_list":["post-183174","post","type-post","status-publish","format-standard","has-post-thumbnail","hentry","category-video-2","infinite-scroll-item","generate-columns","tablet-grid-50","mobile-grid-100","grid-parent","grid-33","no-featured-image-padding"],"acf":[],"yoast_head":"<!-- This site is optimized with the Yoast SEO plugin v28.3 - https:\/\/yoast.com\/product\/yoast-seo-wordpress\/ -->\n<title>M\u00fcharib\u0259d\u0259 bir g\u00fcn - Az\u0259rbaycanl\u0131lar da d\u00f6y\u00fc\u015f\u00fcr - MEYDAN.TV<\/title>\n<meta name=\"robots\" content=\"index, follow, max-snippet:-1, max-image-preview:large, max-video-preview:-1\" \/>\n<link rel=\"canonical\" href=\"https:\/\/www.meydan.tv\/az\/article\/muharibede-bir-gun-azerbaycanlilar-da-doyusur\/\" \/>\n<meta property=\"og:locale\" content=\"az_AZ\" \/>\n<meta property=\"og:type\" content=\"article\" \/>\n<meta property=\"og:title\" content=\"M\u00fcharib\u0259d\u0259 bir g\u00fcn - Az\u0259rbaycanl\u0131lar da d\u00f6y\u00fc\u015f\u00fcr - MEYDAN.TV\" \/>\n<meta property=\"og:description\" content=\"\u015e\u0259rqi Ukrayna m\u00fcharib\u0259 \u015f\u0259raitind\u0259dir\" \/>\n<meta property=\"og:url\" content=\"https:\/\/www.meydan.tv\/az\/article\/muharibede-bir-gun-azerbaycanlilar-da-doyusur\/\" \/>\n<meta property=\"og:site_name\" content=\"MEYDAN.TV\" \/>\n<meta property=\"article:published_time\" content=\"2017-03-14T15:53:44+00:00\" \/>\n<meta property=\"og:image\" content=\"https:\/\/www.meydan.tv\/wp-content\/uploads\/31640.jpg\" \/>\n\t<meta property=\"og:image:width\" content=\"655\" \/>\n\t<meta property=\"og:image:height\" content=\"457\" \/>\n\t<meta property=\"og:image:type\" content=\"image\/jpeg\" \/>\n<meta name=\"twitter:card\" content=\"summary_large_image\" \/>\n<!-- \/ Yoast SEO plugin. -->","yoast_head_json":{"title":"M\u00fcharib\u0259d\u0259 bir g\u00fcn - Az\u0259rbaycanl\u0131lar da d\u00f6y\u00fc\u015f\u00fcr - MEYDAN.TV","robots":{"index":"index","follow":"follow","max-snippet":"max-snippet:-1","max-image-preview":"max-image-preview:large","max-video-preview":"max-video-preview:-1"},"canonical":"https:\/\/www.meydan.tv\/az\/article\/muharibede-bir-gun-azerbaycanlilar-da-doyusur\/","og_locale":"az_AZ","og_type":"article","og_title":"M\u00fcharib\u0259d\u0259 bir g\u00fcn - Az\u0259rbaycanl\u0131lar da d\u00f6y\u00fc\u015f\u00fcr - MEYDAN.TV","og_description":"\u015e\u0259rqi Ukrayna m\u00fcharib\u0259 \u015f\u0259raitind\u0259dir","og_url":"https:\/\/www.meydan.tv\/az\/article\/muharibede-bir-gun-azerbaycanlilar-da-doyusur\/","og_site_name":"MEYDAN.TV","article_published_time":"2017-03-14T15:53:44+00:00","og_image":[{"width":655,"height":457,"url":"https:\/\/www.meydan.tv\/wp-content\/uploads\/31640.jpg","type":"image\/jpeg"}],"twitter_card":"summary_large_image","schema":{"@context":"https:\/\/schema.org","@graph":[{"@type":"Article","@id":"https:\/\/www.meydan.tv\/az\/article\/muharibede-bir-gun-azerbaycanlilar-da-doyusur\/#article","isPartOf":{"@id":"https:\/\/www.meydan.tv\/az\/article\/muharibede-bir-gun-azerbaycanlilar-da-doyusur\/"},"author":{"name":"user-manager","@id":"https:\/\/www.meydan.tv\/az\/#\/schema\/person\/10d11eccf6da3662cf5fdab9806ea91a"},"headline":"M\u00fcharib\u0259d\u0259 bir g\u00fcn &#8211; Az\u0259rbaycanl\u0131lar da d\u00f6y\u00fc\u015f\u00fcr","datePublished":"2017-03-14T15:53:44+00:00","mainEntityOfPage":{"@id":"https:\/\/www.meydan.tv\/az\/article\/muharibede-bir-gun-azerbaycanlilar-da-doyusur\/"},"wordCount":140,"publisher":{"@id":"https:\/\/www.meydan.tv\/az\/#organization"},"image":{"@id":"https:\/\/www.meydan.tv\/az\/article\/muharibede-bir-gun-azerbaycanlilar-da-doyusur\/#primaryimage"},"thumbnailUrl":"https:\/\/www.meydan.tv\/wp-content\/uploads\/31640.jpg","articleSection":["Video"],"inLanguage":"az"},{"@type":"WebPage","@id":"https:\/\/www.meydan.tv\/az\/article\/muharibede-bir-gun-azerbaycanlilar-da-doyusur\/","url":"https:\/\/www.meydan.tv\/az\/article\/muharibede-bir-gun-azerbaycanlilar-da-doyusur\/","name":"M\u00fcharib\u0259d\u0259 bir g\u00fcn - Az\u0259rbaycanl\u0131lar da d\u00f6y\u00fc\u015f\u00fcr - MEYDAN.TV","isPartOf":{"@id":"https:\/\/www.meydan.tv\/az\/#website"},"primaryImageOfPage":{"@id":"https:\/\/www.meydan.tv\/az\/article\/muharibede-bir-gun-azerbaycanlilar-da-doyusur\/#primaryimage"},"image":{"@id":"https:\/\/www.meydan.tv\/az\/article\/muharibede-bir-gun-azerbaycanlilar-da-doyusur\/#primaryimage"},"thumbnailUrl":"https:\/\/www.meydan.tv\/wp-content\/uploads\/31640.jpg","datePublished":"2017-03-14T15:53:44+00:00","breadcrumb":{"@id":"https:\/\/www.meydan.tv\/az\/article\/muharibede-bir-gun-azerbaycanlilar-da-doyusur\/#breadcrumb"},"inLanguage":"az","potentialAction":[{"@type":"ReadAction","target":["https:\/\/www.meydan.tv\/az\/article\/muharibede-bir-gun-azerbaycanlilar-da-doyusur\/"]}]},{"@type":"ImageObject","inLanguage":"az","@id":"https:\/\/www.meydan.tv\/az\/article\/muharibede-bir-gun-azerbaycanlilar-da-doyusur\/#primaryimage","url":"https:\/\/www.meydan.tv\/wp-content\/uploads\/31640.jpg","contentUrl":"https:\/\/www.meydan.tv\/wp-content\/uploads\/31640.jpg","width":655,"height":457,"caption":"Source:"},{"@type":"BreadcrumbList","@id":"https:\/\/www.meydan.tv\/az\/article\/muharibede-bir-gun-azerbaycanlilar-da-doyusur\/#breadcrumb","itemListElement":[{"@type":"ListItem","position":1,"name":"Ana s\u0259hif\u0259","item":"https:\/\/www.meydan.tv\/az\/"},{"@type":"ListItem","position":2,"name":"Video","item":"https:\/\/www.meydan.tv\/az\/section\/video-2\/"},{"@type":"ListItem","position":3,"name":"M\u00fcharib\u0259d\u0259 bir g\u00fcn &#8211; Az\u0259rbaycanl\u0131lar da d\u00f6y\u00fc\u015f\u00fcr"}]},{"@type":"WebSite","@id":"https:\/\/www.meydan.tv\/az\/#website","url":"https:\/\/www.meydan.tv\/az\/","name":"MEYDAN.TV","description":"Meydan TV Az\u0259rbaycan\u0131n media m\u0259kan\u0131ndak\u0131 alternativ s\u0259sidir","publisher":{"@id":"https:\/\/www.meydan.tv\/az\/#organization"},"potentialAction":[{"@type":"SearchAction","target":{"@type":"EntryPoint","urlTemplate":"https:\/\/www.meydan.tv\/az\/?s={search_term_string}"},"query-input":{"@type":"PropertyValueSpecification","valueRequired":true,"valueName":"search_term_string"}}],"inLanguage":"az"},{"@type":"Organization","@id":"https:\/\/www.meydan.tv\/az\/#organization","name":"Meydan TV","url":"https:\/\/www.meydan.tv\/az\/","logo":{"@type":"ImageObject","inLanguage":"az","@id":"https:\/\/www.meydan.tv\/az\/#\/schema\/logo\/image\/","url":"https:\/\/www.meydan.tv\/wp-content\/uploads\/2021\/07\/meydan-logo.svg","contentUrl":"https:\/\/www.meydan.tv\/wp-content\/uploads\/2021\/07\/meydan-logo.svg","width":195,"height":46,"caption":"Meydan TV"},"image":{"@id":"https:\/\/www.meydan.tv\/az\/#\/schema\/logo\/image\/"}},{"@type":"Person","@id":"https:\/\/www.meydan.tv\/az\/#\/schema\/person\/10d11eccf6da3662cf5fdab9806ea91a","name":"user-manager"}]}},"_links":{"self":[{"href":"https:\/\/www.meydan.tv\/az\/wp-json\/wp\/v2\/posts\/183174","targetHints":{"allow":["GET"]}}],"collection":[{"href":"https:\/\/www.meydan.tv\/az\/wp-json\/wp\/v2\/posts"}],"about":[{"href":"https:\/\/www.meydan.tv\/az\/wp-json\/wp\/v2\/types\/post"}],"author":[{"embeddable":true,"href":"https:\/\/www.meydan.tv\/az\/wp-json\/wp\/v2\/users\/11"}],"replies":[{"embeddable":true,"href":"https:\/\/www.meydan.tv\/az\/wp-json\/wp\/v2\/comments?post=183174"}],"version-history":[{"count":0,"href":"https:\/\/www.meydan.tv\/az\/wp-json\/wp\/v2\/posts\/183174\/revisions"}],"wp:featuredmedia":[{"embeddable":true,"href":"https:\/\/www.meydan.tv\/az\/wp-json\/wp\/v2\/media\/80987"}],"wp:attachment":[{"href":"https:\/\/www.meydan.tv\/az\/wp-json\/wp\/v2\/media?parent=183174"}],"wp:term":[{"taxonomy":"category","embeddable":true,"href":"https:\/\/www.meydan.tv\/az\/wp-json\/wp\/v2\/categories?post=183174"},{"taxonomy":"post_tag","embeddable":true,"href":"https:\/\/www.meydan.tv\/az\/wp-json\/wp\/v2\/tags?post=183174"}],"curies":[{"name":"wp","href":"https:\/\/api.w.org\/{rel}","templated":true}]}}