{"id":183163,"date":"2017-03-13T23:31:50","date_gmt":"2017-03-13T23:31:50","guid":{"rendered":"https:\/\/www.meydan.tv\/article\/cinayeti-susqunluqla-ort-basdir-edirler\/"},"modified":"2017-03-13T23:31:50","modified_gmt":"2017-03-13T23:31:50","slug":"cinayeti-susqunluqla-ort-basdir-edirler","status":"publish","type":"post","link":"https:\/\/www.meydan.tv\/az\/article\/cinayeti-susqunluqla-ort-basdir-edirler\/","title":{"rendered":"&#8221;Cinay\u0259ti susqunluqla \u00f6rt-basd\u0131r edirl\u0259r&#8221;"},"content":{"rendered":"<figure class=\"wp-block-embed is-type-video is-provider-youtube wp-block-embed-youtube wp-embed-aspect-16-9 wp-has-aspect-ratio\">\n<div class=\"wp-block-embed__wrapper\">\n    <iframe loading=\"lazy\"\ttitle=\"\" width=\"1200\" height=\"675\" src=\"https:\/\/www.youtube.com\/embed\/xGF4NXM-N1o\"\tframeborder=\"0\"\tallow=\"accelerometer; autoplay; clipboard-write; encrypted-media; gyroscope; picture-in-picture\" allowfullscreen><\/iframe>\n  <\/div><figcaption><\/figcaption><\/figure>\n<p>\n  Beyl\u0259qanda 17 ya\u015fl\u0131 q\u0131z\u0131n cinsi t\u0259cav\u00fcz\u0259 m\u0259ruz qalmas\u0131 m\u0259tbuatda geni\u015f m\u00fczakir\u0259l\u0259r\u0259 s\u0259b\u0259b oldu. Video il\u0259 t\u0259hdid edil\u0259n q\u0131z\u0131n 20-d\u0259k \u015f\u0259xsin cinsi t\u0259cav\u00fcz\u00fcn\u0259 m\u0259ruz qald\u0131\u011f\u0131 bildirilir. Zorlama cinay\u0259tl\u0259rinin \u00fcst\u00fc h\u0259r zamanm\u0131 a\u00e7\u0131l\u0131r?\n<\/p>\n<p>\n  T\u0259miz D\u00fcnya\u201d Qad\u0131nlara Yard\u0131m \u0130ctimai Birliyinin s\u0259dri Mehriban Zeynalova t\u0259cav\u00fcz\u0259 m\u0259ruz qalm\u0131\u015f h\u0259r qad\u0131n\u0131n olay\u0131 a\u00e7\u0131b-a\u011fartmad\u0131\u011f\u0131n\u0131 deyir. Bildirir ki, psixoloji v\u0259 iqtisadi zorak\u0131l\u0131\u011f\u0131 ara\u015fd\u0131rmaq \u00fc\u00e7\u00fcn vasit\u0259l\u0259r yoxdur. Statistikada g\u00f6st\u0259ril\u0259n r\u0259q\u0259ml\u0259rs\u0259 daha \u00e7ox fiziki zorak\u0131l\u0131qla ba\u011fl\u0131d\u0131r.\n<\/p>\n<p>\n  D\u00f6vl\u0259t Statistika Komit\u0259sinin m\u0259lumat\u0131na g\u00f6r\u0259, 2016-c\u0131 ild\u0259 34 n\u0259f\u0259r zorlama cinay\u0259tinin qurban\u0131 olub.\n<\/p>\n<p>\n  Zorlamaya nec\u0259 reaksiya verilm\u0259lidir? &#8211; Bak\u0131 sakinl\u0259rind\u0259n soru\u015fduq.<\/p>\n","protected":false},"excerpt":{"rendered":"<p>D\u00f6vl\u0259t Statistika Komit\u0259sinin m\u0259lumat\u0131na g\u00f6r\u0259, 2016-c\u0131 ild\u0259 34 n\u0259f\u0259r zorlama cinay\u0259tinin qurban\u0131 olub.<\/p>\n","protected":false},"author":11,"featured_media":80942,"comment_status":"closed","ping_status":"open","sticky":false,"template":"","format":"standard","meta":{"_acf_changed":false,"_sitemap_exclude":false,"_sitemap_priority":"","_sitemap_frequency":"","footnotes":""},"categories":[63],"tags":[],"class_list":["post-183163","post","type-post","status-publish","format-standard","has-post-thumbnail","hentry","category-video-2","infinite-scroll-item","generate-columns","tablet-grid-50","mobile-grid-100","grid-parent","grid-33","no-featured-image-padding"],"acf":[],"yoast_head":"<!-- This site is optimized with the Yoast SEO plugin v28.3 - https:\/\/yoast.com\/product\/yoast-seo-wordpress\/ -->\n<title>&#039;&#039;Cinay\u0259ti susqunluqla \u00f6rt-basd\u0131r edirl\u0259r&#039;&#039; - MEYDAN.TV<\/title>\n<meta name=\"robots\" content=\"index, follow, max-snippet:-1, max-image-preview:large, max-video-preview:-1\" \/>\n<link rel=\"canonical\" href=\"https:\/\/www.meydan.tv\/az\/article\/cinayeti-susqunluqla-ort-basdir-edirler\/\" \/>\n<meta property=\"og:locale\" content=\"az_AZ\" \/>\n<meta property=\"og:type\" content=\"article\" \/>\n<meta property=\"og:title\" content=\"&#039;&#039;Cinay\u0259ti susqunluqla \u00f6rt-basd\u0131r edirl\u0259r&#039;&#039; - MEYDAN.TV\" \/>\n<meta property=\"og:description\" content=\"D\u00f6vl\u0259t Statistika Komit\u0259sinin m\u0259lumat\u0131na g\u00f6r\u0259, 2016-c\u0131 ild\u0259 34 n\u0259f\u0259r zorlama cinay\u0259tinin qurban\u0131 olub.\" \/>\n<meta property=\"og:url\" content=\"https:\/\/www.meydan.tv\/az\/article\/cinayeti-susqunluqla-ort-basdir-edirler\/\" \/>\n<meta property=\"og:site_name\" content=\"MEYDAN.TV\" \/>\n<meta property=\"article:published_time\" content=\"2017-03-13T23:31:50+00:00\" \/>\n<meta property=\"og:image\" content=\"https:\/\/www.meydan.tv\/wp-content\/uploads\/31627.png\" \/>\n\t<meta property=\"og:image:width\" content=\"1000\" \/>\n\t<meta property=\"og:image:height\" content=\"570\" \/>\n\t<meta property=\"og:image:type\" content=\"image\/png\" \/>\n<meta name=\"twitter:card\" content=\"summary_large_image\" \/>\n<!-- \/ Yoast SEO plugin. -->","yoast_head_json":{"title":"''Cinay\u0259ti susqunluqla \u00f6rt-basd\u0131r edirl\u0259r'' - MEYDAN.TV","robots":{"index":"index","follow":"follow","max-snippet":"max-snippet:-1","max-image-preview":"max-image-preview:large","max-video-preview":"max-video-preview:-1"},"canonical":"https:\/\/www.meydan.tv\/az\/article\/cinayeti-susqunluqla-ort-basdir-edirler\/","og_locale":"az_AZ","og_type":"article","og_title":"''Cinay\u0259ti susqunluqla \u00f6rt-basd\u0131r edirl\u0259r'' - MEYDAN.TV","og_description":"D\u00f6vl\u0259t Statistika Komit\u0259sinin m\u0259lumat\u0131na g\u00f6r\u0259, 2016-c\u0131 ild\u0259 34 n\u0259f\u0259r zorlama cinay\u0259tinin qurban\u0131 olub.","og_url":"https:\/\/www.meydan.tv\/az\/article\/cinayeti-susqunluqla-ort-basdir-edirler\/","og_site_name":"MEYDAN.TV","article_published_time":"2017-03-13T23:31:50+00:00","og_image":[{"width":1000,"height":570,"url":"https:\/\/www.meydan.tv\/wp-content\/uploads\/31627.png","type":"image\/png"}],"twitter_card":"summary_large_image","schema":{"@context":"https:\/\/schema.org","@graph":[{"@type":"Article","@id":"https:\/\/www.meydan.tv\/az\/article\/cinayeti-susqunluqla-ort-basdir-edirler\/#article","isPartOf":{"@id":"https:\/\/www.meydan.tv\/az\/article\/cinayeti-susqunluqla-ort-basdir-edirler\/"},"author":{"name":"user-manager","@id":"https:\/\/www.meydan.tv\/az\/#\/schema\/person\/10d11eccf6da3662cf5fdab9806ea91a"},"headline":"&#8221;Cinay\u0259ti susqunluqla \u00f6rt-basd\u0131r edirl\u0259r&#8221;","datePublished":"2017-03-13T23:31:50+00:00","mainEntityOfPage":{"@id":"https:\/\/www.meydan.tv\/az\/article\/cinayeti-susqunluqla-ort-basdir-edirler\/"},"wordCount":162,"publisher":{"@id":"https:\/\/www.meydan.tv\/az\/#organization"},"image":{"@id":"https:\/\/www.meydan.tv\/az\/article\/cinayeti-susqunluqla-ort-basdir-edirler\/#primaryimage"},"thumbnailUrl":"https:\/\/www.meydan.tv\/wp-content\/uploads\/31627.png","articleSection":["Video"],"inLanguage":"az"},{"@type":"WebPage","@id":"https:\/\/www.meydan.tv\/az\/article\/cinayeti-susqunluqla-ort-basdir-edirler\/","url":"https:\/\/www.meydan.tv\/az\/article\/cinayeti-susqunluqla-ort-basdir-edirler\/","name":"''Cinay\u0259ti susqunluqla \u00f6rt-basd\u0131r edirl\u0259r'' - MEYDAN.TV","isPartOf":{"@id":"https:\/\/www.meydan.tv\/az\/#website"},"primaryImageOfPage":{"@id":"https:\/\/www.meydan.tv\/az\/article\/cinayeti-susqunluqla-ort-basdir-edirler\/#primaryimage"},"image":{"@id":"https:\/\/www.meydan.tv\/az\/article\/cinayeti-susqunluqla-ort-basdir-edirler\/#primaryimage"},"thumbnailUrl":"https:\/\/www.meydan.tv\/wp-content\/uploads\/31627.png","datePublished":"2017-03-13T23:31:50+00:00","breadcrumb":{"@id":"https:\/\/www.meydan.tv\/az\/article\/cinayeti-susqunluqla-ort-basdir-edirler\/#breadcrumb"},"inLanguage":"az","potentialAction":[{"@type":"ReadAction","target":["https:\/\/www.meydan.tv\/az\/article\/cinayeti-susqunluqla-ort-basdir-edirler\/"]}]},{"@type":"ImageObject","inLanguage":"az","@id":"https:\/\/www.meydan.tv\/az\/article\/cinayeti-susqunluqla-ort-basdir-edirler\/#primaryimage","url":"https:\/\/www.meydan.tv\/wp-content\/uploads\/31627.png","contentUrl":"https:\/\/www.meydan.tv\/wp-content\/uploads\/31627.png","width":1000,"height":570,"caption":"Source:"},{"@type":"BreadcrumbList","@id":"https:\/\/www.meydan.tv\/az\/article\/cinayeti-susqunluqla-ort-basdir-edirler\/#breadcrumb","itemListElement":[{"@type":"ListItem","position":1,"name":"Ana s\u0259hif\u0259","item":"https:\/\/www.meydan.tv\/az\/"},{"@type":"ListItem","position":2,"name":"Video","item":"https:\/\/www.meydan.tv\/az\/section\/video-2\/"},{"@type":"ListItem","position":3,"name":"&#8221;Cinay\u0259ti susqunluqla \u00f6rt-basd\u0131r edirl\u0259r&#8221;"}]},{"@type":"WebSite","@id":"https:\/\/www.meydan.tv\/az\/#website","url":"https:\/\/www.meydan.tv\/az\/","name":"MEYDAN.TV","description":"Meydan TV Az\u0259rbaycan\u0131n media m\u0259kan\u0131ndak\u0131 alternativ s\u0259sidir","publisher":{"@id":"https:\/\/www.meydan.tv\/az\/#organization"},"potentialAction":[{"@type":"SearchAction","target":{"@type":"EntryPoint","urlTemplate":"https:\/\/www.meydan.tv\/az\/?s={search_term_string}"},"query-input":{"@type":"PropertyValueSpecification","valueRequired":true,"valueName":"search_term_string"}}],"inLanguage":"az"},{"@type":"Organization","@id":"https:\/\/www.meydan.tv\/az\/#organization","name":"Meydan TV","url":"https:\/\/www.meydan.tv\/az\/","logo":{"@type":"ImageObject","inLanguage":"az","@id":"https:\/\/www.meydan.tv\/az\/#\/schema\/logo\/image\/","url":"https:\/\/www.meydan.tv\/wp-content\/uploads\/2021\/07\/meydan-logo.svg","contentUrl":"https:\/\/www.meydan.tv\/wp-content\/uploads\/2021\/07\/meydan-logo.svg","width":195,"height":46,"caption":"Meydan TV"},"image":{"@id":"https:\/\/www.meydan.tv\/az\/#\/schema\/logo\/image\/"}},{"@type":"Person","@id":"https:\/\/www.meydan.tv\/az\/#\/schema\/person\/10d11eccf6da3662cf5fdab9806ea91a","name":"user-manager"}]}},"_links":{"self":[{"href":"https:\/\/www.meydan.tv\/az\/wp-json\/wp\/v2\/posts\/183163","targetHints":{"allow":["GET"]}}],"collection":[{"href":"https:\/\/www.meydan.tv\/az\/wp-json\/wp\/v2\/posts"}],"about":[{"href":"https:\/\/www.meydan.tv\/az\/wp-json\/wp\/v2\/types\/post"}],"author":[{"embeddable":true,"href":"https:\/\/www.meydan.tv\/az\/wp-json\/wp\/v2\/users\/11"}],"replies":[{"embeddable":true,"href":"https:\/\/www.meydan.tv\/az\/wp-json\/wp\/v2\/comments?post=183163"}],"version-history":[{"count":0,"href":"https:\/\/www.meydan.tv\/az\/wp-json\/wp\/v2\/posts\/183163\/revisions"}],"wp:featuredmedia":[{"embeddable":true,"href":"https:\/\/www.meydan.tv\/az\/wp-json\/wp\/v2\/media\/80942"}],"wp:attachment":[{"href":"https:\/\/www.meydan.tv\/az\/wp-json\/wp\/v2\/media?parent=183163"}],"wp:term":[{"taxonomy":"category","embeddable":true,"href":"https:\/\/www.meydan.tv\/az\/wp-json\/wp\/v2\/categories?post=183163"},{"taxonomy":"post_tag","embeddable":true,"href":"https:\/\/www.meydan.tv\/az\/wp-json\/wp\/v2\/tags?post=183163"}],"curies":[{"name":"wp","href":"https:\/\/api.w.org\/{rel}","templated":true}]}}