{"id":183127,"date":"2017-03-11T19:12:17","date_gmt":"2017-03-11T19:12:17","guid":{"rendered":"https:\/\/www.meydan.tv\/article\/lahicli-usta\/"},"modified":"2021-10-29T16:13:36","modified_gmt":"2021-10-29T12:13:36","slug":"lahicli-usta","status":"publish","type":"post","link":"https:\/\/www.meydan.tv\/az\/article\/lahicli-usta\/","title":{"rendered":"Lah\u0131cl\u0131 usta"},"content":{"rendered":"<figure class=\"wp-block-image size-large\">\n  <img decoding=\"async\" src=\"https:\/\/www.meydan.tv\/az\/teymur-usta-oz-heyetinde-kicik-bir-emalatxana-duzeldib-oz-islerini-de-burada-gorur\/\" alt=\"Teymur usta \u00f6z h\u0259y\u0259tind\u0259 ki\u00e7ik bir emalatxana d\u00fcz\u0259ldib \u00f6z i\u015fl\u0259rini d\u0259 burada g\u00f6r\u00fcr.\" class=\"wp-image-80849\"\/><figcaption>\n    Teymur usta \u00f6z h\u0259y\u0259tind\u0259 ki\u00e7ik bir emalatxana d\u00fcz\u0259ldib \u00f6z i\u015fl\u0259rini d\u0259 burada g\u00f6r\u00fcr.<br \/>\n  <\/figcaption><\/figure>\n<p>\n  Teymur usta uzun ill\u0259rdir t\u0259s\u0259rr\u00fcfat v\u0259 m\u0259i\u015f\u0259t al\u0259tl\u0259ri d\u00fcz\u0259ldir. Bu s\u0259n\u0259ti atas\u0131ndan \u00f6yr\u0259ndiyini deyir.\u00a0 Abdulla ki\u015fi uzun ill\u0259r d\u0259mir\u00e7i olub, daha sonra is\u0259 Lah\u0131c k\u0259ndinin bacar\u0131ql\u0131 ustas\u0131 kimi tan\u0131n\u0131b.\n<\/p>\n<p>\n  O, \u015fam v\u0259 armud a\u011fac\u0131ndan qa\u015f\u0131q, \u00e7\u00f6m\u00e7\u0259, b\u0131\u00e7aq kimi m\u0259i\u015f\u0259t \u0259\u015fyalar\u0131 il\u0259 yana\u015f\u0131 h\u0259m d\u0259 \u0259kin-bi\u00e7in \u00fc\u00e7\u00fcn laz\u0131m olan \u00e7al\u011f\u0131 (k\u0259r\u0259nti), oraq v\u0259 s. al\u0259tl\u0259r d\u0259 d\u00fcz\u0259ldir. Lakin atas\u0131n\u0131n ya\u015fland\u0131\u011f\u0131n\u0131 dey\u0259n Teymur usta art\u0131q sifari\u015fl\u0259ri \u00f6z\u00fc g\u00f6t\u00fcr\u00fcr:\n<\/p>\n<p>\n  &#8220;Bu i\u015f \u00e7ox \u00e7\u0259tindir. Adi bir \u00e7\u00f6m\u00e7\u0259ni d\u00fcz\u0259ltm\u0259k \u00fc\u00e7\u00fcn 3 saat vaxt t\u0259l\u0259b olunur. Qiym\u0259ti d\u0259 3-6 manat olur&#8221;.\n<\/p>\n<p>\n  Lakin t\u0259s\u0259rr\u00fcfat al\u0259tl\u0259rini d\u00fcz\u0259ltm\u0259k \u00fc\u00e7\u00fcn 3-5 g\u00fcn t\u0259l\u0259b olunur. Haz\u0131rda 83 ya\u015f\u0131 olan Abdulla ki\u015finin bir vaxtlar b\u0259y y\u0259h\u0259ri bel\u0259 d\u00fcz\u0259ltdiyini dey\u0259n Teymur usta art\u0131q bu c\u00fcr \u0259\u015fyalara t\u0259l\u0259b azald\u0131\u011f\u0131ndan onunla yaln\u0131z sifari\u015f oldu\u011fu zaman m\u0259\u015f\u011ful olur.\n<\/p>\n<figure class=\"wp-block-image size-large\">\n  <img decoding=\"async\" src=\"https:\/\/www.meydan.tv\/az\/agacin-diger-tullantilari-lazimsiz-oldugundan-odun-kimi-istifade-olunur\/\" alt=\"A\u011fac\u0131n dig\u0259r tullant\u0131lar\u0131 laz\u0131ms\u0131z oldu\u011fundan odun kimi istifad\u0259 olunur\" class=\"wp-image-80861\"\/><figcaption>\n    A\u011fac\u0131n dig\u0259r tullant\u0131lar\u0131 laz\u0131ms\u0131z oldu\u011fundan odun kimi istifad\u0259 olunur<br \/>\n  <\/figcaption><\/figure>\n<figure class=\"wp-block-image size-large\">\n  <img decoding=\"async\" src=\"https:\/\/www.meydan.tv\/az\/qizdirilmis-demir-taxta-qasiga-basilaraq-desikler-acilir\/\" alt=\"Q\u0131zd\u0131r\u0131lm\u0131\u015f d\u0259mir taxta qa\u015f\u0131\u011fa bas\u0131laraq de\u015fikl\u0259r a\u00e7\u0131l\u0131r\" class=\"wp-image-80855\"\/><figcaption>\n    Q\u0131zd\u0131r\u0131lm\u0131\u015f d\u0259mir taxta qa\u015f\u0131\u011fa bas\u0131laraq de\u015fikl\u0259r a\u00e7\u0131l\u0131r<br \/>\n  <\/figcaption><\/figure>\n","protected":false},"excerpt":{"rendered":"<p>Teymur usta uzun ill\u0259rdir t\u0259s\u0259rr\u00fcfat v\u0259 m\u0259i\u015f\u0259t al\u0259tl\u0259ri d\u00fcz\u0259ldir.<\/p>\n","protected":false},"author":11,"featured_media":80849,"comment_status":"closed","ping_status":"open","sticky":false,"template":"","format":"standard","meta":{"_acf_changed":false,"_sitemap_exclude":false,"_sitemap_priority":"","_sitemap_frequency":"","footnotes":""},"categories":[58],"tags":[],"class_list":["post-183127","post","type-post","status-publish","format-standard","has-post-thumbnail","hentry","category-fotoreportaj","infinite-scroll-item","generate-columns","tablet-grid-50","mobile-grid-100","grid-parent","grid-33","no-featured-image-padding"],"acf":[],"yoast_head":"<!-- This site is optimized with the Yoast SEO plugin v27.4 - https:\/\/yoast.com\/product\/yoast-seo-wordpress\/ -->\n<title>Lah\u0131cl\u0131 usta - MEYDAN.TV<\/title>\n<meta name=\"robots\" content=\"index, follow, max-snippet:-1, max-image-preview:large, max-video-preview:-1\" \/>\n<link rel=\"canonical\" href=\"https:\/\/www.meydan.tv\/az\/article\/lahicli-usta\/\" \/>\n<meta property=\"og:locale\" content=\"az_AZ\" \/>\n<meta property=\"og:type\" content=\"article\" \/>\n<meta property=\"og:title\" content=\"Lah\u0131cl\u0131 usta - MEYDAN.TV\" \/>\n<meta property=\"og:description\" content=\"Teymur usta uzun ill\u0259rdir t\u0259s\u0259rr\u00fcfat v\u0259 m\u0259i\u015f\u0259t al\u0259tl\u0259ri d\u00fcz\u0259ldir.\" \/>\n<meta property=\"og:url\" content=\"https:\/\/www.meydan.tv\/az\/article\/lahicli-usta\/\" \/>\n<meta property=\"og:site_name\" content=\"MEYDAN.TV\" \/>\n<meta property=\"article:published_time\" content=\"2017-03-11T19:12:17+00:00\" \/>\n<meta property=\"article:modified_time\" content=\"2021-10-29T12:13:36+00:00\" \/>\n<meta property=\"og:image\" content=\"https:\/\/www.meydan.tv\/wp-content\/uploads\/31573.jpg\" \/>\n\t<meta property=\"og:image:width\" content=\"2500\" \/>\n\t<meta property=\"og:image:height\" content=\"1667\" \/>\n\t<meta property=\"og:image:type\" content=\"image\/jpeg\" \/>\n<meta name=\"author\" content=\"user-manager\" \/>\n<meta name=\"twitter:card\" content=\"summary_large_image\" \/>\n<script type=\"application\/ld+json\" class=\"yoast-schema-graph\">{\"@context\":\"https:\\\/\\\/schema.org\",\"@graph\":[{\"@type\":\"Article\",\"@id\":\"https:\\\/\\\/www.meydan.tv\\\/az\\\/article\\\/lahicli-usta\\\/#article\",\"isPartOf\":{\"@id\":\"https:\\\/\\\/www.meydan.tv\\\/az\\\/article\\\/lahicli-usta\\\/\"},\"author\":{\"name\":\"user-manager\",\"@id\":\"https:\\\/\\\/www.meydan.tv\\\/az\\\/#\\\/schema\\\/person\\\/10d11eccf6da3662cf5fdab9806ea91a\"},\"headline\":\"Lah\u0131cl\u0131 usta\",\"datePublished\":\"2017-03-11T19:12:17+00:00\",\"dateModified\":\"2021-10-29T12:13:36+00:00\",\"mainEntityOfPage\":{\"@id\":\"https:\\\/\\\/www.meydan.tv\\\/az\\\/article\\\/lahicli-usta\\\/\"},\"wordCount\":261,\"publisher\":{\"@id\":\"https:\\\/\\\/www.meydan.tv\\\/az\\\/#organization\"},\"image\":{\"@id\":\"https:\\\/\\\/www.meydan.tv\\\/az\\\/article\\\/lahicli-usta\\\/#primaryimage\"},\"thumbnailUrl\":\"https:\\\/\\\/www.meydan.tv\\\/wp-content\\\/uploads\\\/31573.jpg\",\"articleSection\":[\"Fotoreportaj\"],\"inLanguage\":\"az\"},{\"@type\":\"WebPage\",\"@id\":\"https:\\\/\\\/www.meydan.tv\\\/az\\\/article\\\/lahicli-usta\\\/\",\"url\":\"https:\\\/\\\/www.meydan.tv\\\/az\\\/article\\\/lahicli-usta\\\/\",\"name\":\"Lah\u0131cl\u0131 usta - MEYDAN.TV\",\"isPartOf\":{\"@id\":\"https:\\\/\\\/www.meydan.tv\\\/az\\\/#website\"},\"primaryImageOfPage\":{\"@id\":\"https:\\\/\\\/www.meydan.tv\\\/az\\\/article\\\/lahicli-usta\\\/#primaryimage\"},\"image\":{\"@id\":\"https:\\\/\\\/www.meydan.tv\\\/az\\\/article\\\/lahicli-usta\\\/#primaryimage\"},\"thumbnailUrl\":\"https:\\\/\\\/www.meydan.tv\\\/wp-content\\\/uploads\\\/31573.jpg\",\"datePublished\":\"2017-03-11T19:12:17+00:00\",\"dateModified\":\"2021-10-29T12:13:36+00:00\",\"breadcrumb\":{\"@id\":\"https:\\\/\\\/www.meydan.tv\\\/az\\\/article\\\/lahicli-usta\\\/#breadcrumb\"},\"inLanguage\":\"az\",\"potentialAction\":[{\"@type\":\"ReadAction\",\"target\":[\"https:\\\/\\\/www.meydan.tv\\\/az\\\/article\\\/lahicli-usta\\\/\"]}]},{\"@type\":\"ImageObject\",\"inLanguage\":\"az\",\"@id\":\"https:\\\/\\\/www.meydan.tv\\\/az\\\/article\\\/lahicli-usta\\\/#primaryimage\",\"url\":\"https:\\\/\\\/www.meydan.tv\\\/wp-content\\\/uploads\\\/31573.jpg\",\"contentUrl\":\"https:\\\/\\\/www.meydan.tv\\\/wp-content\\\/uploads\\\/31573.jpg\",\"width\":2500,\"height\":1667,\"caption\":\"Source:\"},{\"@type\":\"BreadcrumbList\",\"@id\":\"https:\\\/\\\/www.meydan.tv\\\/az\\\/article\\\/lahicli-usta\\\/#breadcrumb\",\"itemListElement\":[{\"@type\":\"ListItem\",\"position\":1,\"name\":\"Ana s\u0259hif\u0259\",\"item\":\"https:\\\/\\\/www.meydan.tv\\\/az\\\/\"},{\"@type\":\"ListItem\",\"position\":2,\"name\":\"Fotoreportaj\",\"item\":\"https:\\\/\\\/www.meydan.tv\\\/az\\\/section\\\/fotoreportaj\\\/\"},{\"@type\":\"ListItem\",\"position\":3,\"name\":\"Lah\u0131cl\u0131 usta\"}]},{\"@type\":\"WebSite\",\"@id\":\"https:\\\/\\\/www.meydan.tv\\\/az\\\/#website\",\"url\":\"https:\\\/\\\/www.meydan.tv\\\/az\\\/\",\"name\":\"MEYDAN.TV\",\"description\":\"Meydan TV Az\u0259rbaycan\u0131n media m\u0259kan\u0131ndak\u0131 alternativ s\u0259sidir\",\"publisher\":{\"@id\":\"https:\\\/\\\/www.meydan.tv\\\/az\\\/#organization\"},\"potentialAction\":[{\"@type\":\"SearchAction\",\"target\":{\"@type\":\"EntryPoint\",\"urlTemplate\":\"https:\\\/\\\/www.meydan.tv\\\/az\\\/?s={search_term_string}\"},\"query-input\":{\"@type\":\"PropertyValueSpecification\",\"valueRequired\":true,\"valueName\":\"search_term_string\"}}],\"inLanguage\":\"az\"},{\"@type\":\"Organization\",\"@id\":\"https:\\\/\\\/www.meydan.tv\\\/az\\\/#organization\",\"name\":\"Meydan TV\",\"url\":\"https:\\\/\\\/www.meydan.tv\\\/az\\\/\",\"logo\":{\"@type\":\"ImageObject\",\"inLanguage\":\"az\",\"@id\":\"https:\\\/\\\/www.meydan.tv\\\/az\\\/#\\\/schema\\\/logo\\\/image\\\/\",\"url\":\"https:\\\/\\\/www.meydan.tv\\\/wp-content\\\/uploads\\\/2021\\\/07\\\/meydan-logo.svg\",\"contentUrl\":\"https:\\\/\\\/www.meydan.tv\\\/wp-content\\\/uploads\\\/2021\\\/07\\\/meydan-logo.svg\",\"width\":195,\"height\":46,\"caption\":\"Meydan TV\"},\"image\":{\"@id\":\"https:\\\/\\\/www.meydan.tv\\\/az\\\/#\\\/schema\\\/logo\\\/image\\\/\"}},{\"@type\":\"Person\",\"@id\":\"https:\\\/\\\/www.meydan.tv\\\/az\\\/#\\\/schema\\\/person\\\/10d11eccf6da3662cf5fdab9806ea91a\",\"name\":\"user-manager\"}]}<\/script>\n<!-- \/ Yoast SEO plugin. -->","yoast_head_json":{"title":"Lah\u0131cl\u0131 usta - MEYDAN.TV","robots":{"index":"index","follow":"follow","max-snippet":"max-snippet:-1","max-image-preview":"max-image-preview:large","max-video-preview":"max-video-preview:-1"},"canonical":"https:\/\/www.meydan.tv\/az\/article\/lahicli-usta\/","og_locale":"az_AZ","og_type":"article","og_title":"Lah\u0131cl\u0131 usta - MEYDAN.TV","og_description":"Teymur usta uzun ill\u0259rdir t\u0259s\u0259rr\u00fcfat v\u0259 m\u0259i\u015f\u0259t al\u0259tl\u0259ri d\u00fcz\u0259ldir.","og_url":"https:\/\/www.meydan.tv\/az\/article\/lahicli-usta\/","og_site_name":"MEYDAN.TV","article_published_time":"2017-03-11T19:12:17+00:00","article_modified_time":"2021-10-29T12:13:36+00:00","og_image":[{"width":2500,"height":1667,"url":"https:\/\/www.meydan.tv\/wp-content\/uploads\/31573.jpg","type":"image\/jpeg"}],"author":"user-manager","twitter_card":"summary_large_image","schema":{"@context":"https:\/\/schema.org","@graph":[{"@type":"Article","@id":"https:\/\/www.meydan.tv\/az\/article\/lahicli-usta\/#article","isPartOf":{"@id":"https:\/\/www.meydan.tv\/az\/article\/lahicli-usta\/"},"author":{"name":"user-manager","@id":"https:\/\/www.meydan.tv\/az\/#\/schema\/person\/10d11eccf6da3662cf5fdab9806ea91a"},"headline":"Lah\u0131cl\u0131 usta","datePublished":"2017-03-11T19:12:17+00:00","dateModified":"2021-10-29T12:13:36+00:00","mainEntityOfPage":{"@id":"https:\/\/www.meydan.tv\/az\/article\/lahicli-usta\/"},"wordCount":261,"publisher":{"@id":"https:\/\/www.meydan.tv\/az\/#organization"},"image":{"@id":"https:\/\/www.meydan.tv\/az\/article\/lahicli-usta\/#primaryimage"},"thumbnailUrl":"https:\/\/www.meydan.tv\/wp-content\/uploads\/31573.jpg","articleSection":["Fotoreportaj"],"inLanguage":"az"},{"@type":"WebPage","@id":"https:\/\/www.meydan.tv\/az\/article\/lahicli-usta\/","url":"https:\/\/www.meydan.tv\/az\/article\/lahicli-usta\/","name":"Lah\u0131cl\u0131 usta - MEYDAN.TV","isPartOf":{"@id":"https:\/\/www.meydan.tv\/az\/#website"},"primaryImageOfPage":{"@id":"https:\/\/www.meydan.tv\/az\/article\/lahicli-usta\/#primaryimage"},"image":{"@id":"https:\/\/www.meydan.tv\/az\/article\/lahicli-usta\/#primaryimage"},"thumbnailUrl":"https:\/\/www.meydan.tv\/wp-content\/uploads\/31573.jpg","datePublished":"2017-03-11T19:12:17+00:00","dateModified":"2021-10-29T12:13:36+00:00","breadcrumb":{"@id":"https:\/\/www.meydan.tv\/az\/article\/lahicli-usta\/#breadcrumb"},"inLanguage":"az","potentialAction":[{"@type":"ReadAction","target":["https:\/\/www.meydan.tv\/az\/article\/lahicli-usta\/"]}]},{"@type":"ImageObject","inLanguage":"az","@id":"https:\/\/www.meydan.tv\/az\/article\/lahicli-usta\/#primaryimage","url":"https:\/\/www.meydan.tv\/wp-content\/uploads\/31573.jpg","contentUrl":"https:\/\/www.meydan.tv\/wp-content\/uploads\/31573.jpg","width":2500,"height":1667,"caption":"Source:"},{"@type":"BreadcrumbList","@id":"https:\/\/www.meydan.tv\/az\/article\/lahicli-usta\/#breadcrumb","itemListElement":[{"@type":"ListItem","position":1,"name":"Ana s\u0259hif\u0259","item":"https:\/\/www.meydan.tv\/az\/"},{"@type":"ListItem","position":2,"name":"Fotoreportaj","item":"https:\/\/www.meydan.tv\/az\/section\/fotoreportaj\/"},{"@type":"ListItem","position":3,"name":"Lah\u0131cl\u0131 usta"}]},{"@type":"WebSite","@id":"https:\/\/www.meydan.tv\/az\/#website","url":"https:\/\/www.meydan.tv\/az\/","name":"MEYDAN.TV","description":"Meydan TV Az\u0259rbaycan\u0131n media m\u0259kan\u0131ndak\u0131 alternativ s\u0259sidir","publisher":{"@id":"https:\/\/www.meydan.tv\/az\/#organization"},"potentialAction":[{"@type":"SearchAction","target":{"@type":"EntryPoint","urlTemplate":"https:\/\/www.meydan.tv\/az\/?s={search_term_string}"},"query-input":{"@type":"PropertyValueSpecification","valueRequired":true,"valueName":"search_term_string"}}],"inLanguage":"az"},{"@type":"Organization","@id":"https:\/\/www.meydan.tv\/az\/#organization","name":"Meydan TV","url":"https:\/\/www.meydan.tv\/az\/","logo":{"@type":"ImageObject","inLanguage":"az","@id":"https:\/\/www.meydan.tv\/az\/#\/schema\/logo\/image\/","url":"https:\/\/www.meydan.tv\/wp-content\/uploads\/2021\/07\/meydan-logo.svg","contentUrl":"https:\/\/www.meydan.tv\/wp-content\/uploads\/2021\/07\/meydan-logo.svg","width":195,"height":46,"caption":"Meydan TV"},"image":{"@id":"https:\/\/www.meydan.tv\/az\/#\/schema\/logo\/image\/"}},{"@type":"Person","@id":"https:\/\/www.meydan.tv\/az\/#\/schema\/person\/10d11eccf6da3662cf5fdab9806ea91a","name":"user-manager"}]}},"_links":{"self":[{"href":"https:\/\/www.meydan.tv\/az\/wp-json\/wp\/v2\/posts\/183127","targetHints":{"allow":["GET"]}}],"collection":[{"href":"https:\/\/www.meydan.tv\/az\/wp-json\/wp\/v2\/posts"}],"about":[{"href":"https:\/\/www.meydan.tv\/az\/wp-json\/wp\/v2\/types\/post"}],"author":[{"embeddable":true,"href":"https:\/\/www.meydan.tv\/az\/wp-json\/wp\/v2\/users\/11"}],"replies":[{"embeddable":true,"href":"https:\/\/www.meydan.tv\/az\/wp-json\/wp\/v2\/comments?post=183127"}],"version-history":[{"count":1,"href":"https:\/\/www.meydan.tv\/az\/wp-json\/wp\/v2\/posts\/183127\/revisions"}],"predecessor-version":[{"id":216652,"href":"https:\/\/www.meydan.tv\/az\/wp-json\/wp\/v2\/posts\/183127\/revisions\/216652"}],"wp:featuredmedia":[{"embeddable":true,"href":"https:\/\/www.meydan.tv\/az\/wp-json\/wp\/v2\/media\/80849"}],"wp:attachment":[{"href":"https:\/\/www.meydan.tv\/az\/wp-json\/wp\/v2\/media?parent=183127"}],"wp:term":[{"taxonomy":"category","embeddable":true,"href":"https:\/\/www.meydan.tv\/az\/wp-json\/wp\/v2\/categories?post=183127"},{"taxonomy":"post_tag","embeddable":true,"href":"https:\/\/www.meydan.tv\/az\/wp-json\/wp\/v2\/tags?post=183127"}],"curies":[{"name":"wp","href":"https:\/\/api.w.org\/{rel}","templated":true}]}}